{"id":8327,"date":"2021-01-25T12:00:16","date_gmt":"2021-01-25T15:00:16","guid":{"rendered":"http:\/\/diarioprincipios.com\/?p=8327"},"modified":"2021-01-25T12:00:21","modified_gmt":"2021-01-25T15:00:21","slug":"el-gobierno-intimo-a-cablevision-a-devolver-el-aumento-del-20-y-anuncio-que-aplicara-sanciones","status":"publish","type":"post","link":"https:\/\/diarioprincipios.com\/index.php\/2021\/01\/25\/el-gobierno-intimo-a-cablevision-a-devolver-el-aumento-del-20-y-anuncio-que-aplicara-sanciones\/","title":{"rendered":"El Gobierno intim\u00f3 a Cablevisi\u00f3n a devolver el aumento del 20% y anunci\u00f3 que aplicar\u00e1 sanciones"},"content":{"rendered":"\n<p>El Gobierno intim\u00f3 al grupo Cablevisi\u00f3n a que devuelva el aumento cobrado por dem\u00e1s en las \u00faltimas dos facturas, cuando aplic\u00f3 un incremento del 20% y el autorizado fue de 5%, y abri\u00f3 un sumario para aplicar las sanciones que correspondan.<\/p>\n\n\n\n<p>\u201cLe estamos mandando la intimaci\u00f3n a Cablevis\u00f3n, que fue la empresa que aplic\u00f3 este aumento, para que no solo devuelva lo que cobr\u00f3 de m\u00e1s en enero, sino que se abstenga de cobrar febrero hasta tanto refacture y lo haga correctamente con el 5% m\u00e1s la devoluci\u00f3n del mes anterior\u201d, indic\u00f3 el vicepresidente del Ente Nacional de Comunicaciones (Enacom), Gustavo L\u00f3pez.<\/p>\n\n\n\n<p>Adem\u00e1s, inform\u00f3 que desde el Enacom se abri\u00f3 \u201cun sumario para aplicar las sanciones que correspondan\u201d, porque sostuvo que lo que hizo Cablevisi\u00f3n \u201ces un abuso ilegal\u201d.<\/p>\n\n\n\n<p>L\u00f3pez remarc\u00f3 que \u201chay un DNU, el 690\/2020, aprobado por el Congreso que establece que estos servicios son p\u00fablicos y esenciales, y determina que hay una Prestaci\u00f3n B\u00e1sica Universal (PBU)\u201d, y subray\u00f3 que \u201ca partir de ese momento es el Estado, a trav\u00e9s del Enacom, el que fija la posibilidad de un aumento y de cu\u00e1nto\u201d.<\/p>\n\n\n\n<p>Asimismo, puso de relieve que \u201chay un fallo de la Justicia de la ciudad de Mar del Plata que ya le indica a Cablevisi\u00f3n el mes pasado que ten\u00eda que devolver el dinero\u201d, y se\u00f1al\u00f3 que \u201csin embargo, como si fueran los due\u00f1os de la Argentina, no solo no lo hacen, sino que desaf\u00edan la ley, la autoridad y al fallo del Poder Judicial cobrando un aumento\u201d.<\/p>\n\n\n\n<p>\u201cNosotros no solo estamos haciendo esta intimaci\u00f3n sino que adem\u00e1s estamos procurando denunciar una posible maniobra que est\u00e1 preparando el Grupo (Cablevisi\u00f3n) con un juez de feria en la ciudad de Buenos Aires, del Juzgado en lo Contencioso Administrativo Federal N\u00famero 10, (Edgardo) Lara\u201d, afirm\u00f3 el funcionario a las radios FM La Patriada y Del Plata.<\/p>\n\n\n\n<p>Explic\u00f3 que este magistrado \u201ctiene el expediente\u201d a trav\u00e9s del cual Cablevisi\u00f3n pretende desconocer la legislaci\u00f3n, y advirti\u00f3 que \u201csi llega a tirar para atr\u00e1s del decreto 690, va a permitir a las empresas facturar lo que quieran y va a dejar a la gente con un aumento y sin PBU\u201d.<\/p>\n\n\n\n<p>El vicepresidente del Enacom insisti\u00f3 con que el cobro por encima del 5% \u201ces ilegal\u201d, y denunci\u00f3 que \u201clo que est\u00e1n haciendo est\u00e1 por fuera de la ley\u201d.<\/p>\n\n\n\n<p>En este marco, asegur\u00f3 que \u201cse aplicar\u00e1n las sanciones m\u00e1s duras que se puedan aplicar\u201d, y precis\u00f3 que \u00e9stas \u201cson monetarias\u201d.<\/p>\n\n\n\n<p>\u201cEspero que con la intimaci\u00f3n que estamos enviando, y con la apertura de sumario para aplicar sanciones, reflexionen\u201d, sostuvo L\u00f3pez, quien remarc\u00f3 que \u201ceste mismo Grupo est\u00e1 negando la PBU\u201d.<\/p>\n\n\n\n<p>En ese sentido, subray\u00f3 que \u201chabr\u00e1 nuevas sanciones para quienes no habiliten la PBU\u201d, y puntualiz\u00f3 que \u201cparece que hay un grupo de empresas que est\u00e1 por encima del Estado, de la ley, de los ciudadanos, de la Constituci\u00f3n y que cree que son ellas las que fijan las reglas\u201d.<\/p>\n\n\n\n<p>\u201cEs el Estado el que fija las reglas a trav\u00e9s del Poder Ejecutivo y el Poder Legislativo. El decreto 690 fue ratificado por el Congreso y tambi\u00e9n por el Poder Judicial\u201d, se\u00f1al\u00f3 el funcionario.<\/p>\n","protected":false},"excerpt":{"rendered":"<p>El Gobierno intim\u00f3 al grupo Cablevisi\u00f3n a que devuelva el aumento cobrado por dem\u00e1s en las \u00faltimas dos facturas, cuando aplic\u00f3 un incremento del 20% y el autorizado fue de 5%, y abri\u00f3 un sumario para aplicar las sanciones que correspondan. \u201cLe estamos mandando la intimaci\u00f3n a Cablevis\u00f3n, que fue la empresa que aplic\u00f3 este&#8230;<\/p>\n","protected":false},"author":2,"featured_media":8328,"comment_status":"open","ping_status":"open","sticky":false,"template":"","format":"standard","meta":{"footnotes":""},"categories":[10],"tags":[],"class_list":["post-8327","post","type-post","status-publish","format-standard","has-post-thumbnail","hentry","category-nacion"],"featured_image_src":"https:\/\/diarioprincipios.com\/wp-content\/uploads\/2021\/01\/1558044571976.jpg","blog_images":{"medium":"https:\/\/diarioprincipios.com\/wp-content\/uploads\/2021\/01\/1558044571976-300x184.jpg","large":"https:\/\/diarioprincipios.com\/wp-content\/uploads\/2021\/01\/1558044571976.jpg"},"ams_acf":[],"yoast_head":"<!-- This site is optimized with the Yoast SEO plugin v27.3 - https:\/\/yoast.com\/product\/yoast-seo-wordpress\/ -->\n<title>El Gobierno intim\u00f3 a Cablevisi\u00f3n a devolver el aumento del 20% y anunci\u00f3 que aplicar\u00e1 sanciones - Principios<\/title>\n<meta name=\"robots\" content=\"index, follow, max-snippet:-1, max-image-preview:large, max-video-preview:-1\" \/>\n<link rel=\"canonical\" href=\"https:\/\/diarioprincipios.com\/index.php\/2021\/01\/25\/el-gobierno-intimo-a-cablevision-a-devolver-el-aumento-del-20-y-anuncio-que-aplicara-sanciones\/\" \/>\n<meta property=\"og:locale\" content=\"es_ES\" \/>\n<meta property=\"og:type\" content=\"article\" \/>\n<meta property=\"og:title\" content=\"El Gobierno intim\u00f3 a Cablevisi\u00f3n a devolver el aumento del 20% y anunci\u00f3 que aplicar\u00e1 sanciones - Principios\" \/>\n<meta property=\"og:description\" content=\"El Gobierno intim\u00f3 al grupo Cablevisi\u00f3n a que devuelva el aumento cobrado por dem\u00e1s en las \u00faltimas dos facturas, cuando aplic\u00f3 un incremento del 20% y el autorizado fue de 5%, y abri\u00f3 un sumario para aplicar las sanciones que correspondan. \u201cLe estamos mandando la intimaci\u00f3n a Cablevis\u00f3n, que fue la empresa que aplic\u00f3 este...\" \/>\n<meta property=\"og:url\" content=\"https:\/\/diarioprincipios.com\/index.php\/2021\/01\/25\/el-gobierno-intimo-a-cablevision-a-devolver-el-aumento-del-20-y-anuncio-que-aplicara-sanciones\/\" \/>\n<meta property=\"og:site_name\" content=\"Principios\" \/>\n<meta property=\"article:published_time\" content=\"2021-01-25T15:00:16+00:00\" \/>\n<meta property=\"article:modified_time\" content=\"2021-01-25T15:00:21+00:00\" \/>\n<meta property=\"og:image\" content=\"https:\/\/diarioprincipios.com\/wp-content\/uploads\/2021\/01\/1558044571976.jpg\" \/>\n\t<meta property=\"og:image:width\" content=\"770\" \/>\n\t<meta property=\"og:image:height\" content=\"471\" \/>\n\t<meta property=\"og:image:type\" content=\"image\/jpeg\" \/>\n<meta name=\"author\" content=\"Hern\u00e1n L\u00f3pez\" \/>\n<meta name=\"twitter:card\" content=\"summary_large_image\" \/>\n<meta name=\"twitter:label1\" content=\"Escrito por\" \/>\n\t<meta name=\"twitter:data1\" content=\"Hern\u00e1n L\u00f3pez\" \/>\n\t<meta name=\"twitter:label2\" content=\"Tiempo de lectura\" \/>\n\t<meta name=\"twitter:data2\" content=\"3 minutos\" \/>\n<script type=\"application\/ld+json\" class=\"yoast-schema-graph\">{\"@context\":\"https:\\\/\\\/schema.org\",\"@graph\":[{\"@type\":\"Article\",\"@id\":\"https:\\\/\\\/diarioprincipios.com\\\/index.php\\\/2021\\\/01\\\/25\\\/el-gobierno-intimo-a-cablevision-a-devolver-el-aumento-del-20-y-anuncio-que-aplicara-sanciones\\\/#article\",\"isPartOf\":{\"@id\":\"https:\\\/\\\/diarioprincipios.com\\\/index.php\\\/2021\\\/01\\\/25\\\/el-gobierno-intimo-a-cablevision-a-devolver-el-aumento-del-20-y-anuncio-que-aplicara-sanciones\\\/\"},\"author\":{\"name\":\"Hern\u00e1n L\u00f3pez\",\"@id\":\"https:\\\/\\\/diarioprincipios.com\\\/#\\\/schema\\\/person\\\/436d5a1fd41a5e250e23ff5a6a7cb080\"},\"headline\":\"El Gobierno intim\u00f3 a Cablevisi\u00f3n a devolver el aumento del 20% y anunci\u00f3 que aplicar\u00e1 sanciones\",\"datePublished\":\"2021-01-25T15:00:16+00:00\",\"dateModified\":\"2021-01-25T15:00:21+00:00\",\"mainEntityOfPage\":{\"@id\":\"https:\\\/\\\/diarioprincipios.com\\\/index.php\\\/2021\\\/01\\\/25\\\/el-gobierno-intimo-a-cablevision-a-devolver-el-aumento-del-20-y-anuncio-que-aplicara-sanciones\\\/\"},\"wordCount\":568,\"commentCount\":0,\"publisher\":{\"@id\":\"https:\\\/\\\/diarioprincipios.com\\\/#organization\"},\"image\":{\"@id\":\"https:\\\/\\\/diarioprincipios.com\\\/index.php\\\/2021\\\/01\\\/25\\\/el-gobierno-intimo-a-cablevision-a-devolver-el-aumento-del-20-y-anuncio-que-aplicara-sanciones\\\/#primaryimage\"},\"thumbnailUrl\":\"https:\\\/\\\/diarioprincipios.com\\\/wp-content\\\/uploads\\\/2021\\\/01\\\/1558044571976.jpg\",\"articleSection\":[\"Naci\u00f3n\"],\"inLanguage\":\"es\",\"potentialAction\":[{\"@type\":\"CommentAction\",\"name\":\"Comment\",\"target\":[\"https:\\\/\\\/diarioprincipios.com\\\/index.php\\\/2021\\\/01\\\/25\\\/el-gobierno-intimo-a-cablevision-a-devolver-el-aumento-del-20-y-anuncio-que-aplicara-sanciones\\\/#respond\"]}]},{\"@type\":\"WebPage\",\"@id\":\"https:\\\/\\\/diarioprincipios.com\\\/index.php\\\/2021\\\/01\\\/25\\\/el-gobierno-intimo-a-cablevision-a-devolver-el-aumento-del-20-y-anuncio-que-aplicara-sanciones\\\/\",\"url\":\"https:\\\/\\\/diarioprincipios.com\\\/index.php\\\/2021\\\/01\\\/25\\\/el-gobierno-intimo-a-cablevision-a-devolver-el-aumento-del-20-y-anuncio-que-aplicara-sanciones\\\/\",\"name\":\"El Gobierno intim\u00f3 a Cablevisi\u00f3n a devolver el aumento del 20% y anunci\u00f3 que aplicar\u00e1 sanciones - Principios\",\"isPartOf\":{\"@id\":\"https:\\\/\\\/diarioprincipios.com\\\/#website\"},\"primaryImageOfPage\":{\"@id\":\"https:\\\/\\\/diarioprincipios.com\\\/index.php\\\/2021\\\/01\\\/25\\\/el-gobierno-intimo-a-cablevision-a-devolver-el-aumento-del-20-y-anuncio-que-aplicara-sanciones\\\/#primaryimage\"},\"image\":{\"@id\":\"https:\\\/\\\/diarioprincipios.com\\\/index.php\\\/2021\\\/01\\\/25\\\/el-gobierno-intimo-a-cablevision-a-devolver-el-aumento-del-20-y-anuncio-que-aplicara-sanciones\\\/#primaryimage\"},\"thumbnailUrl\":\"https:\\\/\\\/diarioprincipios.com\\\/wp-content\\\/uploads\\\/2021\\\/01\\\/1558044571976.jpg\",\"datePublished\":\"2021-01-25T15:00:16+00:00\",\"dateModified\":\"2021-01-25T15:00:21+00:00\",\"breadcrumb\":{\"@id\":\"https:\\\/\\\/diarioprincipios.com\\\/index.php\\\/2021\\\/01\\\/25\\\/el-gobierno-intimo-a-cablevision-a-devolver-el-aumento-del-20-y-anuncio-que-aplicara-sanciones\\\/#breadcrumb\"},\"inLanguage\":\"es\",\"potentialAction\":[{\"@type\":\"ReadAction\",\"target\":[\"https:\\\/\\\/diarioprincipios.com\\\/index.php\\\/2021\\\/01\\\/25\\\/el-gobierno-intimo-a-cablevision-a-devolver-el-aumento-del-20-y-anuncio-que-aplicara-sanciones\\\/\"]}]},{\"@type\":\"ImageObject\",\"inLanguage\":\"es\",\"@id\":\"https:\\\/\\\/diarioprincipios.com\\\/index.php\\\/2021\\\/01\\\/25\\\/el-gobierno-intimo-a-cablevision-a-devolver-el-aumento-del-20-y-anuncio-que-aplicara-sanciones\\\/#primaryimage\",\"url\":\"https:\\\/\\\/diarioprincipios.com\\\/wp-content\\\/uploads\\\/2021\\\/01\\\/1558044571976.jpg\",\"contentUrl\":\"https:\\\/\\\/diarioprincipios.com\\\/wp-content\\\/uploads\\\/2021\\\/01\\\/1558044571976.jpg\",\"width\":770,\"height\":471},{\"@type\":\"BreadcrumbList\",\"@id\":\"https:\\\/\\\/diarioprincipios.com\\\/index.php\\\/2021\\\/01\\\/25\\\/el-gobierno-intimo-a-cablevision-a-devolver-el-aumento-del-20-y-anuncio-que-aplicara-sanciones\\\/#breadcrumb\",\"itemListElement\":[{\"@type\":\"ListItem\",\"position\":1,\"name\":\"Portada\",\"item\":\"https:\\\/\\\/diarioprincipios.com\\\/\"},{\"@type\":\"ListItem\",\"position\":2,\"name\":\"El Gobierno intim\u00f3 a Cablevisi\u00f3n a devolver el aumento del 20% y anunci\u00f3 que aplicar\u00e1 sanciones\"}]},{\"@type\":\"WebSite\",\"@id\":\"https:\\\/\\\/diarioprincipios.com\\\/#website\",\"url\":\"https:\\\/\\\/diarioprincipios.com\\\/\",\"name\":\"Principios\",\"description\":\"Principios Diario\",\"publisher\":{\"@id\":\"https:\\\/\\\/diarioprincipios.com\\\/#organization\"},\"potentialAction\":[{\"@type\":\"SearchAction\",\"target\":{\"@type\":\"EntryPoint\",\"urlTemplate\":\"https:\\\/\\\/diarioprincipios.com\\\/?s={search_term_string}\"},\"query-input\":{\"@type\":\"PropertyValueSpecification\",\"valueRequired\":true,\"valueName\":\"search_term_string\"}}],\"inLanguage\":\"es\"},{\"@type\":\"Organization\",\"@id\":\"https:\\\/\\\/diarioprincipios.com\\\/#organization\",\"name\":\"Principios\",\"url\":\"https:\\\/\\\/diarioprincipios.com\\\/\",\"logo\":{\"@type\":\"ImageObject\",\"inLanguage\":\"es\",\"@id\":\"https:\\\/\\\/diarioprincipios.com\\\/#\\\/schema\\\/logo\\\/image\\\/\",\"url\":\"https:\\\/\\\/diarioprincipios.com\\\/wp-content\\\/uploads\\\/2024\\\/04\\\/cropped-www.diarioprincipios.com_-1.png\",\"contentUrl\":\"https:\\\/\\\/diarioprincipios.com\\\/wp-content\\\/uploads\\\/2024\\\/04\\\/cropped-www.diarioprincipios.com_-1.png\",\"width\":5325,\"height\":1454,\"caption\":\"Principios\"},\"image\":{\"@id\":\"https:\\\/\\\/diarioprincipios.com\\\/#\\\/schema\\\/logo\\\/image\\\/\"}},{\"@type\":\"Person\",\"@id\":\"https:\\\/\\\/diarioprincipios.com\\\/#\\\/schema\\\/person\\\/436d5a1fd41a5e250e23ff5a6a7cb080\",\"name\":\"Hern\u00e1n L\u00f3pez\",\"image\":{\"@type\":\"ImageObject\",\"inLanguage\":\"es\",\"@id\":\"https:\\\/\\\/diarioprincipios.com\\\/wp-content\\\/litespeed\\\/avatar\\\/11ddfe5610ff3bd100522525b2571f48.jpg?ver=1777048341\",\"url\":\"https:\\\/\\\/diarioprincipios.com\\\/wp-content\\\/litespeed\\\/avatar\\\/11ddfe5610ff3bd100522525b2571f48.jpg?ver=1777048341\",\"contentUrl\":\"https:\\\/\\\/diarioprincipios.com\\\/wp-content\\\/litespeed\\\/avatar\\\/11ddfe5610ff3bd100522525b2571f48.jpg?ver=1777048341\",\"caption\":\"Hern\u00e1n L\u00f3pez\"},\"url\":\"https:\\\/\\\/diarioprincipios.com\\\/index.php\\\/author\\\/hernan\\\/\"}]}<\/script>\n<!-- \/ Yoast SEO plugin. -->","yoast_head_json":{"title":"El Gobierno intim\u00f3 a Cablevisi\u00f3n a devolver el aumento del 20% y anunci\u00f3 que aplicar\u00e1 sanciones - Principios","robots":{"index":"index","follow":"follow","max-snippet":"max-snippet:-1","max-image-preview":"max-image-preview:large","max-video-preview":"max-video-preview:-1"},"canonical":"https:\/\/diarioprincipios.com\/index.php\/2021\/01\/25\/el-gobierno-intimo-a-cablevision-a-devolver-el-aumento-del-20-y-anuncio-que-aplicara-sanciones\/","og_locale":"es_ES","og_type":"article","og_title":"El Gobierno intim\u00f3 a Cablevisi\u00f3n a devolver el aumento del 20% y anunci\u00f3 que aplicar\u00e1 sanciones - Principios","og_description":"El Gobierno intim\u00f3 al grupo Cablevisi\u00f3n a que devuelva el aumento cobrado por dem\u00e1s en las \u00faltimas dos facturas, cuando aplic\u00f3 un incremento del 20% y el autorizado fue de 5%, y abri\u00f3 un sumario para aplicar las sanciones que correspondan. \u201cLe estamos mandando la intimaci\u00f3n a Cablevis\u00f3n, que fue la empresa que aplic\u00f3 este...","og_url":"https:\/\/diarioprincipios.com\/index.php\/2021\/01\/25\/el-gobierno-intimo-a-cablevision-a-devolver-el-aumento-del-20-y-anuncio-que-aplicara-sanciones\/","og_site_name":"Principios","article_published_time":"2021-01-25T15:00:16+00:00","article_modified_time":"2021-01-25T15:00:21+00:00","og_image":[{"width":770,"height":471,"url":"https:\/\/diarioprincipios.com\/wp-content\/uploads\/2021\/01\/1558044571976.jpg","type":"image\/jpeg"}],"author":"Hern\u00e1n L\u00f3pez","twitter_card":"summary_large_image","twitter_misc":{"Escrito por":"Hern\u00e1n L\u00f3pez","Tiempo de lectura":"3 minutos"},"schema":{"@context":"https:\/\/schema.org","@graph":[{"@type":"Article","@id":"https:\/\/diarioprincipios.com\/index.php\/2021\/01\/25\/el-gobierno-intimo-a-cablevision-a-devolver-el-aumento-del-20-y-anuncio-que-aplicara-sanciones\/#article","isPartOf":{"@id":"https:\/\/diarioprincipios.com\/index.php\/2021\/01\/25\/el-gobierno-intimo-a-cablevision-a-devolver-el-aumento-del-20-y-anuncio-que-aplicara-sanciones\/"},"author":{"name":"Hern\u00e1n L\u00f3pez","@id":"https:\/\/diarioprincipios.com\/#\/schema\/person\/436d5a1fd41a5e250e23ff5a6a7cb080"},"headline":"El Gobierno intim\u00f3 a Cablevisi\u00f3n a devolver el aumento del 20% y anunci\u00f3 que aplicar\u00e1 sanciones","datePublished":"2021-01-25T15:00:16+00:00","dateModified":"2021-01-25T15:00:21+00:00","mainEntityOfPage":{"@id":"https:\/\/diarioprincipios.com\/index.php\/2021\/01\/25\/el-gobierno-intimo-a-cablevision-a-devolver-el-aumento-del-20-y-anuncio-que-aplicara-sanciones\/"},"wordCount":568,"commentCount":0,"publisher":{"@id":"https:\/\/diarioprincipios.com\/#organization"},"image":{"@id":"https:\/\/diarioprincipios.com\/index.php\/2021\/01\/25\/el-gobierno-intimo-a-cablevision-a-devolver-el-aumento-del-20-y-anuncio-que-aplicara-sanciones\/#primaryimage"},"thumbnailUrl":"https:\/\/diarioprincipios.com\/wp-content\/uploads\/2021\/01\/1558044571976.jpg","articleSection":["Naci\u00f3n"],"inLanguage":"es","potentialAction":[{"@type":"CommentAction","name":"Comment","target":["https:\/\/diarioprincipios.com\/index.php\/2021\/01\/25\/el-gobierno-intimo-a-cablevision-a-devolver-el-aumento-del-20-y-anuncio-que-aplicara-sanciones\/#respond"]}]},{"@type":"WebPage","@id":"https:\/\/diarioprincipios.com\/index.php\/2021\/01\/25\/el-gobierno-intimo-a-cablevision-a-devolver-el-aumento-del-20-y-anuncio-que-aplicara-sanciones\/","url":"https:\/\/diarioprincipios.com\/index.php\/2021\/01\/25\/el-gobierno-intimo-a-cablevision-a-devolver-el-aumento-del-20-y-anuncio-que-aplicara-sanciones\/","name":"El Gobierno intim\u00f3 a Cablevisi\u00f3n a devolver el aumento del 20% y anunci\u00f3 que aplicar\u00e1 sanciones - Principios","isPartOf":{"@id":"https:\/\/diarioprincipios.com\/#website"},"primaryImageOfPage":{"@id":"https:\/\/diarioprincipios.com\/index.php\/2021\/01\/25\/el-gobierno-intimo-a-cablevision-a-devolver-el-aumento-del-20-y-anuncio-que-aplicara-sanciones\/#primaryimage"},"image":{"@id":"https:\/\/diarioprincipios.com\/index.php\/2021\/01\/25\/el-gobierno-intimo-a-cablevision-a-devolver-el-aumento-del-20-y-anuncio-que-aplicara-sanciones\/#primaryimage"},"thumbnailUrl":"https:\/\/diarioprincipios.com\/wp-content\/uploads\/2021\/01\/1558044571976.jpg","datePublished":"2021-01-25T15:00:16+00:00","dateModified":"2021-01-25T15:00:21+00:00","breadcrumb":{"@id":"https:\/\/diarioprincipios.com\/index.php\/2021\/01\/25\/el-gobierno-intimo-a-cablevision-a-devolver-el-aumento-del-20-y-anuncio-que-aplicara-sanciones\/#breadcrumb"},"inLanguage":"es","potentialAction":[{"@type":"ReadAction","target":["https:\/\/diarioprincipios.com\/index.php\/2021\/01\/25\/el-gobierno-intimo-a-cablevision-a-devolver-el-aumento-del-20-y-anuncio-que-aplicara-sanciones\/"]}]},{"@type":"ImageObject","inLanguage":"es","@id":"https:\/\/diarioprincipios.com\/index.php\/2021\/01\/25\/el-gobierno-intimo-a-cablevision-a-devolver-el-aumento-del-20-y-anuncio-que-aplicara-sanciones\/#primaryimage","url":"https:\/\/diarioprincipios.com\/wp-content\/uploads\/2021\/01\/1558044571976.jpg","contentUrl":"https:\/\/diarioprincipios.com\/wp-content\/uploads\/2021\/01\/1558044571976.jpg","width":770,"height":471},{"@type":"BreadcrumbList","@id":"https:\/\/diarioprincipios.com\/index.php\/2021\/01\/25\/el-gobierno-intimo-a-cablevision-a-devolver-el-aumento-del-20-y-anuncio-que-aplicara-sanciones\/#breadcrumb","itemListElement":[{"@type":"ListItem","position":1,"name":"Portada","item":"https:\/\/diarioprincipios.com\/"},{"@type":"ListItem","position":2,"name":"El Gobierno intim\u00f3 a Cablevisi\u00f3n a devolver el aumento del 20% y anunci\u00f3 que aplicar\u00e1 sanciones"}]},{"@type":"WebSite","@id":"https:\/\/diarioprincipios.com\/#website","url":"https:\/\/diarioprincipios.com\/","name":"Principios","description":"Principios Diario","publisher":{"@id":"https:\/\/diarioprincipios.com\/#organization"},"potentialAction":[{"@type":"SearchAction","target":{"@type":"EntryPoint","urlTemplate":"https:\/\/diarioprincipios.com\/?s={search_term_string}"},"query-input":{"@type":"PropertyValueSpecification","valueRequired":true,"valueName":"search_term_string"}}],"inLanguage":"es"},{"@type":"Organization","@id":"https:\/\/diarioprincipios.com\/#organization","name":"Principios","url":"https:\/\/diarioprincipios.com\/","logo":{"@type":"ImageObject","inLanguage":"es","@id":"https:\/\/diarioprincipios.com\/#\/schema\/logo\/image\/","url":"https:\/\/diarioprincipios.com\/wp-content\/uploads\/2024\/04\/cropped-www.diarioprincipios.com_-1.png","contentUrl":"https:\/\/diarioprincipios.com\/wp-content\/uploads\/2024\/04\/cropped-www.diarioprincipios.com_-1.png","width":5325,"height":1454,"caption":"Principios"},"image":{"@id":"https:\/\/diarioprincipios.com\/#\/schema\/logo\/image\/"}},{"@type":"Person","@id":"https:\/\/diarioprincipios.com\/#\/schema\/person\/436d5a1fd41a5e250e23ff5a6a7cb080","name":"Hern\u00e1n L\u00f3pez","image":{"@type":"ImageObject","inLanguage":"es","@id":"https:\/\/diarioprincipios.com\/wp-content\/litespeed\/avatar\/11ddfe5610ff3bd100522525b2571f48.jpg?ver=1777048341","url":"https:\/\/diarioprincipios.com\/wp-content\/litespeed\/avatar\/11ddfe5610ff3bd100522525b2571f48.jpg?ver=1777048341","contentUrl":"https:\/\/diarioprincipios.com\/wp-content\/litespeed\/avatar\/11ddfe5610ff3bd100522525b2571f48.jpg?ver=1777048341","caption":"Hern\u00e1n L\u00f3pez"},"url":"https:\/\/diarioprincipios.com\/index.php\/author\/hernan\/"}]}},"jetpack_featured_media_url":"https:\/\/diarioprincipios.com\/wp-content\/uploads\/2021\/01\/1558044571976.jpg","_links":{"self":[{"href":"https:\/\/diarioprincipios.com\/index.php\/wp-json\/wp\/v2\/posts\/8327","targetHints":{"allow":["GET"]}}],"collection":[{"href":"https:\/\/diarioprincipios.com\/index.php\/wp-json\/wp\/v2\/posts"}],"about":[{"href":"https:\/\/diarioprincipios.com\/index.php\/wp-json\/wp\/v2\/types\/post"}],"author":[{"embeddable":true,"href":"https:\/\/diarioprincipios.com\/index.php\/wp-json\/wp\/v2\/users\/2"}],"replies":[{"embeddable":true,"href":"https:\/\/diarioprincipios.com\/index.php\/wp-json\/wp\/v2\/comments?post=8327"}],"version-history":[{"count":1,"href":"https:\/\/diarioprincipios.com\/index.php\/wp-json\/wp\/v2\/posts\/8327\/revisions"}],"predecessor-version":[{"id":8329,"href":"https:\/\/diarioprincipios.com\/index.php\/wp-json\/wp\/v2\/posts\/8327\/revisions\/8329"}],"wp:featuredmedia":[{"embeddable":true,"href":"https:\/\/diarioprincipios.com\/index.php\/wp-json\/wp\/v2\/media\/8328"}],"wp:attachment":[{"href":"https:\/\/diarioprincipios.com\/index.php\/wp-json\/wp\/v2\/media?parent=8327"}],"wp:term":[{"taxonomy":"category","embeddable":true,"href":"https:\/\/diarioprincipios.com\/index.php\/wp-json\/wp\/v2\/categories?post=8327"},{"taxonomy":"post_tag","embeddable":true,"href":"https:\/\/diarioprincipios.com\/index.php\/wp-json\/wp\/v2\/tags?post=8327"}],"curies":[{"name":"wp","href":"https:\/\/api.w.org\/{rel}","templated":true}]}}