{"id":8316,"date":"2021-01-24T12:50:15","date_gmt":"2021-01-24T15:50:15","guid":{"rendered":"http:\/\/diarioprincipios.com\/?p=8316"},"modified":"2021-01-24T12:50:17","modified_gmt":"2021-01-24T15:50:17","slug":"cuestionamientos-en-chile-por-el-falso-aviso-de-tsunami-debido-a-un-error-tecnico","status":"publish","type":"post","link":"https:\/\/diarioprincipios.com\/index.php\/2021\/01\/24\/cuestionamientos-en-chile-por-el-falso-aviso-de-tsunami-debido-a-un-error-tecnico\/","title":{"rendered":"Cuestionamientos en Chile por el falso aviso de tsunami debido a un \u00aberror t\u00e9cnico\u00bb"},"content":{"rendered":"\n<p>Luego de que la falsa alarma de tsunami, atribuida a \u00abun error t\u00e9cnico\u00bb, causara p\u00e1nico anoche en parte de la poblaci\u00f3n chilena, las redes sociales de Chile se inundaron de cr\u00edticas, algunas en formato de meme, al manejo de la informaci\u00f3n oficial.<\/p>\n\n\n\n<p>En la noche del s\u00e1bado se registr\u00f3 un sismo de 7,1 grados de magnitud en el medio del mar, a unos 210 kil\u00f3metros de la base chilena Eduardo Frei de la Ant\u00e1rtida.<\/p>\n\n\n\n<p>La Oficina Nacional de Emergencia (Onemi) lanz\u00f3 la alerta de tsunami para la zona ant\u00e1rtica, a nueve bases militares y cient\u00edficas chilenas y de otros pa\u00edses.<\/p>\n\n\n\n<p>Minutos despu\u00e9s del sismo, la Onemi pidi\u00f3 abandonar \u00abla zona de playa del territorio ant\u00e1rtico\u00bb ante la posible llegada de un tsunami.<\/p>\n\n\n\n<p>Pero debido a un \u00aberror t\u00e9cnico\u00bb el aviso lleg\u00f3 a los celulares a parte de los 18 millones de habitantes del pa\u00eds.<\/p>\n\n\n\n<p>Pero en las redes se report\u00f3 que los usuarios del sistema de distintas zonas costeras chilenas recibieron en sus celulares hasta 10 avisos de evacuaci\u00f3n debido el tsunami.<\/p>\n\n\n\n<p>Cuando Onemi corrigi\u00f3 su mensaje e inform\u00f3 que el sismo en la Ant\u00e1rtida \u00abno re\u00fane las condiciones necesarias para generar un tsunami en las costas de Chile\u00bb, el mensaje ya hab\u00eda sido recibido por un n\u00famero no precisado de chilenos.<\/p>\n\n\n\n<p>El Director Nacional de ONEMI, Ricardo Toro, inform\u00f3 que \u00abse est\u00e1n investigando las causas del error t\u00e9cnico del Sistema de Alerta de Emergencia (SAE) que fue enviado para la zona ant\u00e1rtica de Chile y que se recibi\u00f3 en todo el pa\u00eds\u00bb.<\/p>\n\n\n\n<p>\u00abPudo haber ocurrido esa confusi\u00f3n en el primer momento\u00bb, consider\u00f3, a la vez que reafirm\u00f3 que \u00abel Sistema de Alerta de Emergencias a celulares sigue operativo en todo el pa\u00eds\u00bb.<\/p>\n\n\n\n<p>Toro dijo que \u00abnuestros equipos t\u00e9cnicos, con la empresa proveedora, est\u00e1n investigando las causas del error t\u00e9cnico\u00bb del SAE.<\/p>\n\n\n\n<p>Medios chilenos reportaron evacuaciones de cientos de personas en ciudades como La Serena o Cartagena, ante la alarma disparada.<\/p>\n\n\n\n<p>\u00abHubo dos errores. Lleg\u00f3 a personas que no estaban en la zona costera, y peor a\u00fan, no le lleg\u00f3 a personas que estaban en la zona. Es un error incomprensible, grave, que no me imagino cu\u00e1l puede ser la explicaci\u00f3n para algo que debe ser visto con anterioridad\u00bb, dijo Michel De L&#8217;Herbe, consultor en gesti\u00f3n de emergencia, en declaraciones al diario El Mercurio.<\/p>\n\n\n\n<p>Es, continu\u00f3, \u00abuna de las situaciones m\u00e1s graves, asociados a m\u00faltiples fallas. Deber\u00eda haber habido un mensaje a todas las personas de la costa, adem\u00e1s una alarma audible de alerta de tsunami. Lo que no puede pasar es que en una pr\u00f3xima alerta la gente se cuestione la veracidad\u00bb.<\/p>\n\n\n\n<p>En tanto, en el mismo medio, Sergio Barrientos, director del Servicio Sismol\u00f3gico de Chile, opin\u00f3 que los sistemas de alerta \u00abtienen que ser implementados, y cada vez van a ser m\u00e1s seguros en ese sentido\u00bb, pero que \u00ablamentablemente en muchas partes, en muchos momentos, uno tiene que pasar por estos periodos de ajuste\u00bb.<\/p>\n\n\n\n<p>Por el sismo se evacuaron a 80 personas de Base Frei y otras 80 de las bases de O&#8217;Higgins, Fildes y Prat, donde no se registraron da\u00f1os.<\/p>\n\n\n\n<p>Adem\u00e1s del sismo en la Ant\u00e1rtida, Onemi report\u00f3 a las 21:07 de anoche otro temblor de magnitud 5,8 a 14 kil\u00f3metros de Santiago, a 122 kil\u00f3metros de profundidad, sin relaci\u00f3n con el terremoto en la Ant\u00e1rtida.<\/p>\n\n\n\n<p>No se informaron da\u00f1os a personas ni alteraci\u00f3n a servicios b\u00e1sicos o infraestructura en la capital chilena.<\/p>\n","protected":false},"excerpt":{"rendered":"<p>Luego de que la falsa alarma de tsunami, atribuida a \u00abun error t\u00e9cnico\u00bb, causara p\u00e1nico anoche en parte de la poblaci\u00f3n chilena, las redes sociales de Chile se inundaron de cr\u00edticas, algunas en formato de meme, al manejo de la informaci\u00f3n oficial. En la noche del s\u00e1bado se registr\u00f3 un sismo de 7,1 grados de&#8230;<\/p>\n","protected":false},"author":2,"featured_media":8318,"comment_status":"open","ping_status":"open","sticky":false,"template":"","format":"standard","meta":{"footnotes":""},"categories":[1],"tags":[],"class_list":["post-8316","post","type-post","status-publish","format-standard","has-post-thumbnail","hentry","category-uncategorized"],"featured_image_src":"https:\/\/diarioprincipios.com\/wp-content\/uploads\/2021\/01\/Screenshot_20210124-124839_Chrome-1-1024x604.jpg","blog_images":{"medium":"https:\/\/diarioprincipios.com\/wp-content\/uploads\/2021\/01\/Screenshot_20210124-124839_Chrome-1-300x177.jpg","large":"https:\/\/diarioprincipios.com\/wp-content\/uploads\/2021\/01\/Screenshot_20210124-124839_Chrome-1-1024x604.jpg"},"ams_acf":[],"yoast_head":"<!-- This site is optimized with the Yoast SEO plugin v27.3 - https:\/\/yoast.com\/product\/yoast-seo-wordpress\/ -->\n<title>Cuestionamientos en Chile por el falso aviso de tsunami debido a un &quot;error t\u00e9cnico&quot; - Principios<\/title>\n<meta name=\"robots\" content=\"index, follow, max-snippet:-1, max-image-preview:large, max-video-preview:-1\" \/>\n<link rel=\"canonical\" href=\"https:\/\/diarioprincipios.com\/index.php\/2021\/01\/24\/cuestionamientos-en-chile-por-el-falso-aviso-de-tsunami-debido-a-un-error-tecnico\/\" \/>\n<meta property=\"og:locale\" content=\"es_ES\" \/>\n<meta property=\"og:type\" content=\"article\" \/>\n<meta property=\"og:title\" content=\"Cuestionamientos en Chile por el falso aviso de tsunami debido a un &quot;error t\u00e9cnico&quot; - Principios\" \/>\n<meta property=\"og:description\" content=\"Luego de que la falsa alarma de tsunami, atribuida a \u00abun error t\u00e9cnico\u00bb, causara p\u00e1nico anoche en parte de la poblaci\u00f3n chilena, las redes sociales de Chile se inundaron de cr\u00edticas, algunas en formato de meme, al manejo de la informaci\u00f3n oficial. En la noche del s\u00e1bado se registr\u00f3 un sismo de 7,1 grados de...\" \/>\n<meta property=\"og:url\" content=\"https:\/\/diarioprincipios.com\/index.php\/2021\/01\/24\/cuestionamientos-en-chile-por-el-falso-aviso-de-tsunami-debido-a-un-error-tecnico\/\" \/>\n<meta property=\"og:site_name\" content=\"Principios\" \/>\n<meta property=\"article:published_time\" content=\"2021-01-24T15:50:15+00:00\" \/>\n<meta property=\"article:modified_time\" content=\"2021-01-24T15:50:17+00:00\" \/>\n<meta property=\"og:image\" content=\"https:\/\/diarioprincipios.com\/wp-content\/uploads\/2021\/01\/Screenshot_20210124-124839_Chrome-1.jpg\" \/>\n\t<meta property=\"og:image:width\" content=\"1080\" \/>\n\t<meta property=\"og:image:height\" content=\"637\" \/>\n\t<meta property=\"og:image:type\" content=\"image\/jpeg\" \/>\n<meta name=\"author\" content=\"Hern\u00e1n L\u00f3pez\" \/>\n<meta name=\"twitter:card\" content=\"summary_large_image\" \/>\n<meta name=\"twitter:label1\" content=\"Escrito por\" \/>\n\t<meta name=\"twitter:data1\" content=\"Hern\u00e1n L\u00f3pez\" \/>\n\t<meta name=\"twitter:label2\" content=\"Tiempo de lectura\" \/>\n\t<meta name=\"twitter:data2\" content=\"3 minutos\" \/>\n<script type=\"application\/ld+json\" class=\"yoast-schema-graph\">{\"@context\":\"https:\\\/\\\/schema.org\",\"@graph\":[{\"@type\":\"Article\",\"@id\":\"https:\\\/\\\/diarioprincipios.com\\\/index.php\\\/2021\\\/01\\\/24\\\/cuestionamientos-en-chile-por-el-falso-aviso-de-tsunami-debido-a-un-error-tecnico\\\/#article\",\"isPartOf\":{\"@id\":\"https:\\\/\\\/diarioprincipios.com\\\/index.php\\\/2021\\\/01\\\/24\\\/cuestionamientos-en-chile-por-el-falso-aviso-de-tsunami-debido-a-un-error-tecnico\\\/\"},\"author\":{\"name\":\"Hern\u00e1n L\u00f3pez\",\"@id\":\"https:\\\/\\\/diarioprincipios.com\\\/#\\\/schema\\\/person\\\/436d5a1fd41a5e250e23ff5a6a7cb080\"},\"headline\":\"Cuestionamientos en Chile por el falso aviso de tsunami debido a un \u00aberror t\u00e9cnico\u00bb\",\"datePublished\":\"2021-01-24T15:50:15+00:00\",\"dateModified\":\"2021-01-24T15:50:17+00:00\",\"mainEntityOfPage\":{\"@id\":\"https:\\\/\\\/diarioprincipios.com\\\/index.php\\\/2021\\\/01\\\/24\\\/cuestionamientos-en-chile-por-el-falso-aviso-de-tsunami-debido-a-un-error-tecnico\\\/\"},\"wordCount\":623,\"commentCount\":0,\"publisher\":{\"@id\":\"https:\\\/\\\/diarioprincipios.com\\\/#organization\"},\"image\":{\"@id\":\"https:\\\/\\\/diarioprincipios.com\\\/index.php\\\/2021\\\/01\\\/24\\\/cuestionamientos-en-chile-por-el-falso-aviso-de-tsunami-debido-a-un-error-tecnico\\\/#primaryimage\"},\"thumbnailUrl\":\"https:\\\/\\\/diarioprincipios.com\\\/wp-content\\\/uploads\\\/2021\\\/01\\\/Screenshot_20210124-124839_Chrome-1.jpg\",\"articleSection\":[\"Uncategorized\"],\"inLanguage\":\"es\",\"potentialAction\":[{\"@type\":\"CommentAction\",\"name\":\"Comment\",\"target\":[\"https:\\\/\\\/diarioprincipios.com\\\/index.php\\\/2021\\\/01\\\/24\\\/cuestionamientos-en-chile-por-el-falso-aviso-de-tsunami-debido-a-un-error-tecnico\\\/#respond\"]}]},{\"@type\":\"WebPage\",\"@id\":\"https:\\\/\\\/diarioprincipios.com\\\/index.php\\\/2021\\\/01\\\/24\\\/cuestionamientos-en-chile-por-el-falso-aviso-de-tsunami-debido-a-un-error-tecnico\\\/\",\"url\":\"https:\\\/\\\/diarioprincipios.com\\\/index.php\\\/2021\\\/01\\\/24\\\/cuestionamientos-en-chile-por-el-falso-aviso-de-tsunami-debido-a-un-error-tecnico\\\/\",\"name\":\"Cuestionamientos en Chile por el falso aviso de tsunami debido a un \\\"error t\u00e9cnico\\\" - Principios\",\"isPartOf\":{\"@id\":\"https:\\\/\\\/diarioprincipios.com\\\/#website\"},\"primaryImageOfPage\":{\"@id\":\"https:\\\/\\\/diarioprincipios.com\\\/index.php\\\/2021\\\/01\\\/24\\\/cuestionamientos-en-chile-por-el-falso-aviso-de-tsunami-debido-a-un-error-tecnico\\\/#primaryimage\"},\"image\":{\"@id\":\"https:\\\/\\\/diarioprincipios.com\\\/index.php\\\/2021\\\/01\\\/24\\\/cuestionamientos-en-chile-por-el-falso-aviso-de-tsunami-debido-a-un-error-tecnico\\\/#primaryimage\"},\"thumbnailUrl\":\"https:\\\/\\\/diarioprincipios.com\\\/wp-content\\\/uploads\\\/2021\\\/01\\\/Screenshot_20210124-124839_Chrome-1.jpg\",\"datePublished\":\"2021-01-24T15:50:15+00:00\",\"dateModified\":\"2021-01-24T15:50:17+00:00\",\"breadcrumb\":{\"@id\":\"https:\\\/\\\/diarioprincipios.com\\\/index.php\\\/2021\\\/01\\\/24\\\/cuestionamientos-en-chile-por-el-falso-aviso-de-tsunami-debido-a-un-error-tecnico\\\/#breadcrumb\"},\"inLanguage\":\"es\",\"potentialAction\":[{\"@type\":\"ReadAction\",\"target\":[\"https:\\\/\\\/diarioprincipios.com\\\/index.php\\\/2021\\\/01\\\/24\\\/cuestionamientos-en-chile-por-el-falso-aviso-de-tsunami-debido-a-un-error-tecnico\\\/\"]}]},{\"@type\":\"ImageObject\",\"inLanguage\":\"es\",\"@id\":\"https:\\\/\\\/diarioprincipios.com\\\/index.php\\\/2021\\\/01\\\/24\\\/cuestionamientos-en-chile-por-el-falso-aviso-de-tsunami-debido-a-un-error-tecnico\\\/#primaryimage\",\"url\":\"https:\\\/\\\/diarioprincipios.com\\\/wp-content\\\/uploads\\\/2021\\\/01\\\/Screenshot_20210124-124839_Chrome-1.jpg\",\"contentUrl\":\"https:\\\/\\\/diarioprincipios.com\\\/wp-content\\\/uploads\\\/2021\\\/01\\\/Screenshot_20210124-124839_Chrome-1.jpg\",\"width\":1080,\"height\":637},{\"@type\":\"BreadcrumbList\",\"@id\":\"https:\\\/\\\/diarioprincipios.com\\\/index.php\\\/2021\\\/01\\\/24\\\/cuestionamientos-en-chile-por-el-falso-aviso-de-tsunami-debido-a-un-error-tecnico\\\/#breadcrumb\",\"itemListElement\":[{\"@type\":\"ListItem\",\"position\":1,\"name\":\"Portada\",\"item\":\"https:\\\/\\\/diarioprincipios.com\\\/\"},{\"@type\":\"ListItem\",\"position\":2,\"name\":\"Cuestionamientos en Chile por el falso aviso de tsunami debido a un \u00aberror t\u00e9cnico\u00bb\"}]},{\"@type\":\"WebSite\",\"@id\":\"https:\\\/\\\/diarioprincipios.com\\\/#website\",\"url\":\"https:\\\/\\\/diarioprincipios.com\\\/\",\"name\":\"Principios\",\"description\":\"Principios Diario\",\"publisher\":{\"@id\":\"https:\\\/\\\/diarioprincipios.com\\\/#organization\"},\"potentialAction\":[{\"@type\":\"SearchAction\",\"target\":{\"@type\":\"EntryPoint\",\"urlTemplate\":\"https:\\\/\\\/diarioprincipios.com\\\/?s={search_term_string}\"},\"query-input\":{\"@type\":\"PropertyValueSpecification\",\"valueRequired\":true,\"valueName\":\"search_term_string\"}}],\"inLanguage\":\"es\"},{\"@type\":\"Organization\",\"@id\":\"https:\\\/\\\/diarioprincipios.com\\\/#organization\",\"name\":\"Principios\",\"url\":\"https:\\\/\\\/diarioprincipios.com\\\/\",\"logo\":{\"@type\":\"ImageObject\",\"inLanguage\":\"es\",\"@id\":\"https:\\\/\\\/diarioprincipios.com\\\/#\\\/schema\\\/logo\\\/image\\\/\",\"url\":\"https:\\\/\\\/diarioprincipios.com\\\/wp-content\\\/uploads\\\/2024\\\/04\\\/cropped-www.diarioprincipios.com_-1.png\",\"contentUrl\":\"https:\\\/\\\/diarioprincipios.com\\\/wp-content\\\/uploads\\\/2024\\\/04\\\/cropped-www.diarioprincipios.com_-1.png\",\"width\":5325,\"height\":1454,\"caption\":\"Principios\"},\"image\":{\"@id\":\"https:\\\/\\\/diarioprincipios.com\\\/#\\\/schema\\\/logo\\\/image\\\/\"}},{\"@type\":\"Person\",\"@id\":\"https:\\\/\\\/diarioprincipios.com\\\/#\\\/schema\\\/person\\\/436d5a1fd41a5e250e23ff5a6a7cb080\",\"name\":\"Hern\u00e1n L\u00f3pez\",\"image\":{\"@type\":\"ImageObject\",\"inLanguage\":\"es\",\"@id\":\"https:\\\/\\\/diarioprincipios.com\\\/wp-content\\\/litespeed\\\/avatar\\\/11ddfe5610ff3bd100522525b2571f48.jpg?ver=1777048341\",\"url\":\"https:\\\/\\\/diarioprincipios.com\\\/wp-content\\\/litespeed\\\/avatar\\\/11ddfe5610ff3bd100522525b2571f48.jpg?ver=1777048341\",\"contentUrl\":\"https:\\\/\\\/diarioprincipios.com\\\/wp-content\\\/litespeed\\\/avatar\\\/11ddfe5610ff3bd100522525b2571f48.jpg?ver=1777048341\",\"caption\":\"Hern\u00e1n L\u00f3pez\"},\"url\":\"https:\\\/\\\/diarioprincipios.com\\\/index.php\\\/author\\\/hernan\\\/\"}]}<\/script>\n<!-- \/ Yoast SEO plugin. -->","yoast_head_json":{"title":"Cuestionamientos en Chile por el falso aviso de tsunami debido a un \"error t\u00e9cnico\" - Principios","robots":{"index":"index","follow":"follow","max-snippet":"max-snippet:-1","max-image-preview":"max-image-preview:large","max-video-preview":"max-video-preview:-1"},"canonical":"https:\/\/diarioprincipios.com\/index.php\/2021\/01\/24\/cuestionamientos-en-chile-por-el-falso-aviso-de-tsunami-debido-a-un-error-tecnico\/","og_locale":"es_ES","og_type":"article","og_title":"Cuestionamientos en Chile por el falso aviso de tsunami debido a un \"error t\u00e9cnico\" - Principios","og_description":"Luego de que la falsa alarma de tsunami, atribuida a \u00abun error t\u00e9cnico\u00bb, causara p\u00e1nico anoche en parte de la poblaci\u00f3n chilena, las redes sociales de Chile se inundaron de cr\u00edticas, algunas en formato de meme, al manejo de la informaci\u00f3n oficial. En la noche del s\u00e1bado se registr\u00f3 un sismo de 7,1 grados de...","og_url":"https:\/\/diarioprincipios.com\/index.php\/2021\/01\/24\/cuestionamientos-en-chile-por-el-falso-aviso-de-tsunami-debido-a-un-error-tecnico\/","og_site_name":"Principios","article_published_time":"2021-01-24T15:50:15+00:00","article_modified_time":"2021-01-24T15:50:17+00:00","og_image":[{"width":1080,"height":637,"url":"https:\/\/diarioprincipios.com\/wp-content\/uploads\/2021\/01\/Screenshot_20210124-124839_Chrome-1.jpg","type":"image\/jpeg"}],"author":"Hern\u00e1n L\u00f3pez","twitter_card":"summary_large_image","twitter_misc":{"Escrito por":"Hern\u00e1n L\u00f3pez","Tiempo de lectura":"3 minutos"},"schema":{"@context":"https:\/\/schema.org","@graph":[{"@type":"Article","@id":"https:\/\/diarioprincipios.com\/index.php\/2021\/01\/24\/cuestionamientos-en-chile-por-el-falso-aviso-de-tsunami-debido-a-un-error-tecnico\/#article","isPartOf":{"@id":"https:\/\/diarioprincipios.com\/index.php\/2021\/01\/24\/cuestionamientos-en-chile-por-el-falso-aviso-de-tsunami-debido-a-un-error-tecnico\/"},"author":{"name":"Hern\u00e1n L\u00f3pez","@id":"https:\/\/diarioprincipios.com\/#\/schema\/person\/436d5a1fd41a5e250e23ff5a6a7cb080"},"headline":"Cuestionamientos en Chile por el falso aviso de tsunami debido a un \u00aberror t\u00e9cnico\u00bb","datePublished":"2021-01-24T15:50:15+00:00","dateModified":"2021-01-24T15:50:17+00:00","mainEntityOfPage":{"@id":"https:\/\/diarioprincipios.com\/index.php\/2021\/01\/24\/cuestionamientos-en-chile-por-el-falso-aviso-de-tsunami-debido-a-un-error-tecnico\/"},"wordCount":623,"commentCount":0,"publisher":{"@id":"https:\/\/diarioprincipios.com\/#organization"},"image":{"@id":"https:\/\/diarioprincipios.com\/index.php\/2021\/01\/24\/cuestionamientos-en-chile-por-el-falso-aviso-de-tsunami-debido-a-un-error-tecnico\/#primaryimage"},"thumbnailUrl":"https:\/\/diarioprincipios.com\/wp-content\/uploads\/2021\/01\/Screenshot_20210124-124839_Chrome-1.jpg","articleSection":["Uncategorized"],"inLanguage":"es","potentialAction":[{"@type":"CommentAction","name":"Comment","target":["https:\/\/diarioprincipios.com\/index.php\/2021\/01\/24\/cuestionamientos-en-chile-por-el-falso-aviso-de-tsunami-debido-a-un-error-tecnico\/#respond"]}]},{"@type":"WebPage","@id":"https:\/\/diarioprincipios.com\/index.php\/2021\/01\/24\/cuestionamientos-en-chile-por-el-falso-aviso-de-tsunami-debido-a-un-error-tecnico\/","url":"https:\/\/diarioprincipios.com\/index.php\/2021\/01\/24\/cuestionamientos-en-chile-por-el-falso-aviso-de-tsunami-debido-a-un-error-tecnico\/","name":"Cuestionamientos en Chile por el falso aviso de tsunami debido a un \"error t\u00e9cnico\" - Principios","isPartOf":{"@id":"https:\/\/diarioprincipios.com\/#website"},"primaryImageOfPage":{"@id":"https:\/\/diarioprincipios.com\/index.php\/2021\/01\/24\/cuestionamientos-en-chile-por-el-falso-aviso-de-tsunami-debido-a-un-error-tecnico\/#primaryimage"},"image":{"@id":"https:\/\/diarioprincipios.com\/index.php\/2021\/01\/24\/cuestionamientos-en-chile-por-el-falso-aviso-de-tsunami-debido-a-un-error-tecnico\/#primaryimage"},"thumbnailUrl":"https:\/\/diarioprincipios.com\/wp-content\/uploads\/2021\/01\/Screenshot_20210124-124839_Chrome-1.jpg","datePublished":"2021-01-24T15:50:15+00:00","dateModified":"2021-01-24T15:50:17+00:00","breadcrumb":{"@id":"https:\/\/diarioprincipios.com\/index.php\/2021\/01\/24\/cuestionamientos-en-chile-por-el-falso-aviso-de-tsunami-debido-a-un-error-tecnico\/#breadcrumb"},"inLanguage":"es","potentialAction":[{"@type":"ReadAction","target":["https:\/\/diarioprincipios.com\/index.php\/2021\/01\/24\/cuestionamientos-en-chile-por-el-falso-aviso-de-tsunami-debido-a-un-error-tecnico\/"]}]},{"@type":"ImageObject","inLanguage":"es","@id":"https:\/\/diarioprincipios.com\/index.php\/2021\/01\/24\/cuestionamientos-en-chile-por-el-falso-aviso-de-tsunami-debido-a-un-error-tecnico\/#primaryimage","url":"https:\/\/diarioprincipios.com\/wp-content\/uploads\/2021\/01\/Screenshot_20210124-124839_Chrome-1.jpg","contentUrl":"https:\/\/diarioprincipios.com\/wp-content\/uploads\/2021\/01\/Screenshot_20210124-124839_Chrome-1.jpg","width":1080,"height":637},{"@type":"BreadcrumbList","@id":"https:\/\/diarioprincipios.com\/index.php\/2021\/01\/24\/cuestionamientos-en-chile-por-el-falso-aviso-de-tsunami-debido-a-un-error-tecnico\/#breadcrumb","itemListElement":[{"@type":"ListItem","position":1,"name":"Portada","item":"https:\/\/diarioprincipios.com\/"},{"@type":"ListItem","position":2,"name":"Cuestionamientos en Chile por el falso aviso de tsunami debido a un \u00aberror t\u00e9cnico\u00bb"}]},{"@type":"WebSite","@id":"https:\/\/diarioprincipios.com\/#website","url":"https:\/\/diarioprincipios.com\/","name":"Principios","description":"Principios Diario","publisher":{"@id":"https:\/\/diarioprincipios.com\/#organization"},"potentialAction":[{"@type":"SearchAction","target":{"@type":"EntryPoint","urlTemplate":"https:\/\/diarioprincipios.com\/?s={search_term_string}"},"query-input":{"@type":"PropertyValueSpecification","valueRequired":true,"valueName":"search_term_string"}}],"inLanguage":"es"},{"@type":"Organization","@id":"https:\/\/diarioprincipios.com\/#organization","name":"Principios","url":"https:\/\/diarioprincipios.com\/","logo":{"@type":"ImageObject","inLanguage":"es","@id":"https:\/\/diarioprincipios.com\/#\/schema\/logo\/image\/","url":"https:\/\/diarioprincipios.com\/wp-content\/uploads\/2024\/04\/cropped-www.diarioprincipios.com_-1.png","contentUrl":"https:\/\/diarioprincipios.com\/wp-content\/uploads\/2024\/04\/cropped-www.diarioprincipios.com_-1.png","width":5325,"height":1454,"caption":"Principios"},"image":{"@id":"https:\/\/diarioprincipios.com\/#\/schema\/logo\/image\/"}},{"@type":"Person","@id":"https:\/\/diarioprincipios.com\/#\/schema\/person\/436d5a1fd41a5e250e23ff5a6a7cb080","name":"Hern\u00e1n L\u00f3pez","image":{"@type":"ImageObject","inLanguage":"es","@id":"https:\/\/diarioprincipios.com\/wp-content\/litespeed\/avatar\/11ddfe5610ff3bd100522525b2571f48.jpg?ver=1777048341","url":"https:\/\/diarioprincipios.com\/wp-content\/litespeed\/avatar\/11ddfe5610ff3bd100522525b2571f48.jpg?ver=1777048341","contentUrl":"https:\/\/diarioprincipios.com\/wp-content\/litespeed\/avatar\/11ddfe5610ff3bd100522525b2571f48.jpg?ver=1777048341","caption":"Hern\u00e1n L\u00f3pez"},"url":"https:\/\/diarioprincipios.com\/index.php\/author\/hernan\/"}]}},"jetpack_featured_media_url":"https:\/\/diarioprincipios.com\/wp-content\/uploads\/2021\/01\/Screenshot_20210124-124839_Chrome-1.jpg","_links":{"self":[{"href":"https:\/\/diarioprincipios.com\/index.php\/wp-json\/wp\/v2\/posts\/8316","targetHints":{"allow":["GET"]}}],"collection":[{"href":"https:\/\/diarioprincipios.com\/index.php\/wp-json\/wp\/v2\/posts"}],"about":[{"href":"https:\/\/diarioprincipios.com\/index.php\/wp-json\/wp\/v2\/types\/post"}],"author":[{"embeddable":true,"href":"https:\/\/diarioprincipios.com\/index.php\/wp-json\/wp\/v2\/users\/2"}],"replies":[{"embeddable":true,"href":"https:\/\/diarioprincipios.com\/index.php\/wp-json\/wp\/v2\/comments?post=8316"}],"version-history":[{"count":1,"href":"https:\/\/diarioprincipios.com\/index.php\/wp-json\/wp\/v2\/posts\/8316\/revisions"}],"predecessor-version":[{"id":8319,"href":"https:\/\/diarioprincipios.com\/index.php\/wp-json\/wp\/v2\/posts\/8316\/revisions\/8319"}],"wp:featuredmedia":[{"embeddable":true,"href":"https:\/\/diarioprincipios.com\/index.php\/wp-json\/wp\/v2\/media\/8318"}],"wp:attachment":[{"href":"https:\/\/diarioprincipios.com\/index.php\/wp-json\/wp\/v2\/media?parent=8316"}],"wp:term":[{"taxonomy":"category","embeddable":true,"href":"https:\/\/diarioprincipios.com\/index.php\/wp-json\/wp\/v2\/categories?post=8316"},{"taxonomy":"post_tag","embeddable":true,"href":"https:\/\/diarioprincipios.com\/index.php\/wp-json\/wp\/v2\/tags?post=8316"}],"curies":[{"name":"wp","href":"https:\/\/api.w.org\/{rel}","templated":true}]}}