{"id":8309,"date":"2021-01-24T12:36:28","date_gmt":"2021-01-24T15:36:28","guid":{"rendered":"http:\/\/diarioprincipios.com\/?p=8309"},"modified":"2021-01-24T12:37:33","modified_gmt":"2021-01-24T15:37:33","slug":"luego-del-sismo-en-la-antartida-la-armada-despliega-al-ara-puerto-argentino-para-dar-apoyo","status":"publish","type":"post","link":"https:\/\/diarioprincipios.com\/index.php\/2021\/01\/24\/luego-del-sismo-en-la-antartida-la-armada-despliega-al-ara-puerto-argentino-para-dar-apoyo\/","title":{"rendered":"Luego del sismo en la Ant\u00e1rtida, la Armada despliega al ARA Puerto Argentino para dar apoyo"},"content":{"rendered":"\n<p>Luego del sismo registrado ayer en la Ant\u00e1rtida, \u00aba modo preventivo\u00bb la Armada Argentina despleg\u00f3 al  ARA Puerto Argentino en el \u00e1rea \u00aben el marco de la Patrulla Ant\u00e1rtica Naval combinada, para prestar apoyo en caso de ser necesario\u00bb, informaron fuentes de la fuerza.<\/p>\n\n\n\n<p>\u00abEllos nos estar\u00e1n dando la voz de alerta\u00bb, indicaron las fuentes a T\u00e9lam.<\/p>\n\n\n\n<p>Ayer el Estado Mayor Conjunto de las Fuerzas Armadas de la Rep\u00fablica Argentina determin\u00f3 el \u00abestado de alerta a la @Armada_Arg y a la @FuerzaAerea_Arg como medida preventiva en caso de nuevos movimientos s\u00edsmicos\u00bb, tal como public\u00f3 en la cuenta de Twitter<\/p>\n\n\n\n<p>Y precis\u00f3 que las bases argentinas en la Ant\u00e1rtida \u00abse encuentran sin novedad en cuanto a personal y material, tras el reciente terremoto ocurrido en el continente blanco\u00bb.<\/p>\n\n\n\n<p>El sismo, de 7,1 grados de magnitud, se registr\u00f3 en el mar a unos 210 kil\u00f3metros de la base chilena Eduardo Frei.<\/p>\n\n\n\n<p>De manera preventiva el Gobierno de Chile dispuso la evacuaci\u00f3n de unas 160 personas de distintas bases, donde no se reportaron da\u00f1os.<\/p>\n","protected":false},"excerpt":{"rendered":"<p>Luego del sismo registrado ayer en la Ant\u00e1rtida, \u00aba modo preventivo\u00bb la Armada Argentina despleg\u00f3 al ARA Puerto Argentino en el \u00e1rea \u00aben el marco de la Patrulla Ant\u00e1rtica Naval combinada, para prestar apoyo en caso de ser necesario\u00bb, informaron fuentes de la fuerza. \u00abEllos nos estar\u00e1n dando la voz de alerta\u00bb, indicaron las fuentes&#8230;<\/p>\n","protected":false},"author":2,"featured_media":8312,"comment_status":"open","ping_status":"open","sticky":false,"template":"","format":"standard","meta":{"footnotes":""},"categories":[10],"tags":[],"class_list":["post-8309","post","type-post","status-publish","format-standard","has-post-thumbnail","hentry","category-nacion"],"featured_image_src":"https:\/\/diarioprincipios.com\/wp-content\/uploads\/2021\/01\/Screenshot_20210124-123256_Chrome-1024x597.jpg","blog_images":{"medium":"https:\/\/diarioprincipios.com\/wp-content\/uploads\/2021\/01\/Screenshot_20210124-123256_Chrome-300x175.jpg","large":"https:\/\/diarioprincipios.com\/wp-content\/uploads\/2021\/01\/Screenshot_20210124-123256_Chrome-1024x597.jpg"},"ams_acf":[],"yoast_head":"<!-- This site is optimized with the Yoast SEO plugin v27.3 - https:\/\/yoast.com\/product\/yoast-seo-wordpress\/ -->\n<title>Luego del sismo en la Ant\u00e1rtida, la Armada despliega al ARA Puerto Argentino para dar apoyo - Principios<\/title>\n<meta name=\"robots\" content=\"index, follow, max-snippet:-1, max-image-preview:large, max-video-preview:-1\" \/>\n<link rel=\"canonical\" href=\"https:\/\/diarioprincipios.com\/index.php\/2021\/01\/24\/luego-del-sismo-en-la-antartida-la-armada-despliega-al-ara-puerto-argentino-para-dar-apoyo\/\" \/>\n<meta property=\"og:locale\" content=\"es_ES\" \/>\n<meta property=\"og:type\" content=\"article\" \/>\n<meta property=\"og:title\" content=\"Luego del sismo en la Ant\u00e1rtida, la Armada despliega al ARA Puerto Argentino para dar apoyo - Principios\" \/>\n<meta property=\"og:description\" content=\"Luego del sismo registrado ayer en la Ant\u00e1rtida, \u00aba modo preventivo\u00bb la Armada Argentina despleg\u00f3 al ARA Puerto Argentino en el \u00e1rea \u00aben el marco de la Patrulla Ant\u00e1rtica Naval combinada, para prestar apoyo en caso de ser necesario\u00bb, informaron fuentes de la fuerza. \u00abEllos nos estar\u00e1n dando la voz de alerta\u00bb, indicaron las fuentes...\" \/>\n<meta property=\"og:url\" content=\"https:\/\/diarioprincipios.com\/index.php\/2021\/01\/24\/luego-del-sismo-en-la-antartida-la-armada-despliega-al-ara-puerto-argentino-para-dar-apoyo\/\" \/>\n<meta property=\"og:site_name\" content=\"Principios\" \/>\n<meta property=\"article:published_time\" content=\"2021-01-24T15:36:28+00:00\" \/>\n<meta property=\"article:modified_time\" content=\"2021-01-24T15:37:33+00:00\" \/>\n<meta property=\"og:image\" content=\"https:\/\/diarioprincipios.com\/wp-content\/uploads\/2021\/01\/Screenshot_20210124-123256_Chrome.jpg\" \/>\n\t<meta property=\"og:image:width\" content=\"1078\" \/>\n\t<meta property=\"og:image:height\" content=\"628\" \/>\n\t<meta property=\"og:image:type\" content=\"image\/jpeg\" \/>\n<meta name=\"author\" content=\"Hern\u00e1n L\u00f3pez\" \/>\n<meta name=\"twitter:card\" content=\"summary_large_image\" \/>\n<meta name=\"twitter:label1\" content=\"Escrito por\" \/>\n\t<meta name=\"twitter:data1\" content=\"Hern\u00e1n L\u00f3pez\" \/>\n\t<meta name=\"twitter:label2\" content=\"Tiempo de lectura\" \/>\n\t<meta name=\"twitter:data2\" content=\"1 minuto\" \/>\n<script type=\"application\/ld+json\" class=\"yoast-schema-graph\">{\"@context\":\"https:\\\/\\\/schema.org\",\"@graph\":[{\"@type\":\"Article\",\"@id\":\"https:\\\/\\\/diarioprincipios.com\\\/index.php\\\/2021\\\/01\\\/24\\\/luego-del-sismo-en-la-antartida-la-armada-despliega-al-ara-puerto-argentino-para-dar-apoyo\\\/#article\",\"isPartOf\":{\"@id\":\"https:\\\/\\\/diarioprincipios.com\\\/index.php\\\/2021\\\/01\\\/24\\\/luego-del-sismo-en-la-antartida-la-armada-despliega-al-ara-puerto-argentino-para-dar-apoyo\\\/\"},\"author\":{\"name\":\"Hern\u00e1n L\u00f3pez\",\"@id\":\"https:\\\/\\\/diarioprincipios.com\\\/#\\\/schema\\\/person\\\/436d5a1fd41a5e250e23ff5a6a7cb080\"},\"headline\":\"Luego del sismo en la Ant\u00e1rtida, la Armada despliega al ARA Puerto Argentino para dar apoyo\",\"datePublished\":\"2021-01-24T15:36:28+00:00\",\"dateModified\":\"2021-01-24T15:37:33+00:00\",\"mainEntityOfPage\":{\"@id\":\"https:\\\/\\\/diarioprincipios.com\\\/index.php\\\/2021\\\/01\\\/24\\\/luego-del-sismo-en-la-antartida-la-armada-despliega-al-ara-puerto-argentino-para-dar-apoyo\\\/\"},\"wordCount\":197,\"commentCount\":0,\"publisher\":{\"@id\":\"https:\\\/\\\/diarioprincipios.com\\\/#organization\"},\"image\":{\"@id\":\"https:\\\/\\\/diarioprincipios.com\\\/index.php\\\/2021\\\/01\\\/24\\\/luego-del-sismo-en-la-antartida-la-armada-despliega-al-ara-puerto-argentino-para-dar-apoyo\\\/#primaryimage\"},\"thumbnailUrl\":\"https:\\\/\\\/diarioprincipios.com\\\/wp-content\\\/uploads\\\/2021\\\/01\\\/Screenshot_20210124-123256_Chrome.jpg\",\"articleSection\":[\"Naci\u00f3n\"],\"inLanguage\":\"es\",\"potentialAction\":[{\"@type\":\"CommentAction\",\"name\":\"Comment\",\"target\":[\"https:\\\/\\\/diarioprincipios.com\\\/index.php\\\/2021\\\/01\\\/24\\\/luego-del-sismo-en-la-antartida-la-armada-despliega-al-ara-puerto-argentino-para-dar-apoyo\\\/#respond\"]}]},{\"@type\":\"WebPage\",\"@id\":\"https:\\\/\\\/diarioprincipios.com\\\/index.php\\\/2021\\\/01\\\/24\\\/luego-del-sismo-en-la-antartida-la-armada-despliega-al-ara-puerto-argentino-para-dar-apoyo\\\/\",\"url\":\"https:\\\/\\\/diarioprincipios.com\\\/index.php\\\/2021\\\/01\\\/24\\\/luego-del-sismo-en-la-antartida-la-armada-despliega-al-ara-puerto-argentino-para-dar-apoyo\\\/\",\"name\":\"Luego del sismo en la Ant\u00e1rtida, la Armada despliega al ARA Puerto Argentino para dar apoyo - Principios\",\"isPartOf\":{\"@id\":\"https:\\\/\\\/diarioprincipios.com\\\/#website\"},\"primaryImageOfPage\":{\"@id\":\"https:\\\/\\\/diarioprincipios.com\\\/index.php\\\/2021\\\/01\\\/24\\\/luego-del-sismo-en-la-antartida-la-armada-despliega-al-ara-puerto-argentino-para-dar-apoyo\\\/#primaryimage\"},\"image\":{\"@id\":\"https:\\\/\\\/diarioprincipios.com\\\/index.php\\\/2021\\\/01\\\/24\\\/luego-del-sismo-en-la-antartida-la-armada-despliega-al-ara-puerto-argentino-para-dar-apoyo\\\/#primaryimage\"},\"thumbnailUrl\":\"https:\\\/\\\/diarioprincipios.com\\\/wp-content\\\/uploads\\\/2021\\\/01\\\/Screenshot_20210124-123256_Chrome.jpg\",\"datePublished\":\"2021-01-24T15:36:28+00:00\",\"dateModified\":\"2021-01-24T15:37:33+00:00\",\"breadcrumb\":{\"@id\":\"https:\\\/\\\/diarioprincipios.com\\\/index.php\\\/2021\\\/01\\\/24\\\/luego-del-sismo-en-la-antartida-la-armada-despliega-al-ara-puerto-argentino-para-dar-apoyo\\\/#breadcrumb\"},\"inLanguage\":\"es\",\"potentialAction\":[{\"@type\":\"ReadAction\",\"target\":[\"https:\\\/\\\/diarioprincipios.com\\\/index.php\\\/2021\\\/01\\\/24\\\/luego-del-sismo-en-la-antartida-la-armada-despliega-al-ara-puerto-argentino-para-dar-apoyo\\\/\"]}]},{\"@type\":\"ImageObject\",\"inLanguage\":\"es\",\"@id\":\"https:\\\/\\\/diarioprincipios.com\\\/index.php\\\/2021\\\/01\\\/24\\\/luego-del-sismo-en-la-antartida-la-armada-despliega-al-ara-puerto-argentino-para-dar-apoyo\\\/#primaryimage\",\"url\":\"https:\\\/\\\/diarioprincipios.com\\\/wp-content\\\/uploads\\\/2021\\\/01\\\/Screenshot_20210124-123256_Chrome.jpg\",\"contentUrl\":\"https:\\\/\\\/diarioprincipios.com\\\/wp-content\\\/uploads\\\/2021\\\/01\\\/Screenshot_20210124-123256_Chrome.jpg\",\"width\":1078,\"height\":628},{\"@type\":\"BreadcrumbList\",\"@id\":\"https:\\\/\\\/diarioprincipios.com\\\/index.php\\\/2021\\\/01\\\/24\\\/luego-del-sismo-en-la-antartida-la-armada-despliega-al-ara-puerto-argentino-para-dar-apoyo\\\/#breadcrumb\",\"itemListElement\":[{\"@type\":\"ListItem\",\"position\":1,\"name\":\"Portada\",\"item\":\"https:\\\/\\\/diarioprincipios.com\\\/\"},{\"@type\":\"ListItem\",\"position\":2,\"name\":\"Luego del sismo en la Ant\u00e1rtida, la Armada despliega al ARA Puerto Argentino para dar apoyo\"}]},{\"@type\":\"WebSite\",\"@id\":\"https:\\\/\\\/diarioprincipios.com\\\/#website\",\"url\":\"https:\\\/\\\/diarioprincipios.com\\\/\",\"name\":\"Principios\",\"description\":\"Principios Diario\",\"publisher\":{\"@id\":\"https:\\\/\\\/diarioprincipios.com\\\/#organization\"},\"potentialAction\":[{\"@type\":\"SearchAction\",\"target\":{\"@type\":\"EntryPoint\",\"urlTemplate\":\"https:\\\/\\\/diarioprincipios.com\\\/?s={search_term_string}\"},\"query-input\":{\"@type\":\"PropertyValueSpecification\",\"valueRequired\":true,\"valueName\":\"search_term_string\"}}],\"inLanguage\":\"es\"},{\"@type\":\"Organization\",\"@id\":\"https:\\\/\\\/diarioprincipios.com\\\/#organization\",\"name\":\"Principios\",\"url\":\"https:\\\/\\\/diarioprincipios.com\\\/\",\"logo\":{\"@type\":\"ImageObject\",\"inLanguage\":\"es\",\"@id\":\"https:\\\/\\\/diarioprincipios.com\\\/#\\\/schema\\\/logo\\\/image\\\/\",\"url\":\"https:\\\/\\\/diarioprincipios.com\\\/wp-content\\\/uploads\\\/2024\\\/04\\\/cropped-www.diarioprincipios.com_-1.png\",\"contentUrl\":\"https:\\\/\\\/diarioprincipios.com\\\/wp-content\\\/uploads\\\/2024\\\/04\\\/cropped-www.diarioprincipios.com_-1.png\",\"width\":5325,\"height\":1454,\"caption\":\"Principios\"},\"image\":{\"@id\":\"https:\\\/\\\/diarioprincipios.com\\\/#\\\/schema\\\/logo\\\/image\\\/\"}},{\"@type\":\"Person\",\"@id\":\"https:\\\/\\\/diarioprincipios.com\\\/#\\\/schema\\\/person\\\/436d5a1fd41a5e250e23ff5a6a7cb080\",\"name\":\"Hern\u00e1n L\u00f3pez\",\"image\":{\"@type\":\"ImageObject\",\"inLanguage\":\"es\",\"@id\":\"https:\\\/\\\/diarioprincipios.com\\\/wp-content\\\/litespeed\\\/avatar\\\/11ddfe5610ff3bd100522525b2571f48.jpg?ver=1777048341\",\"url\":\"https:\\\/\\\/diarioprincipios.com\\\/wp-content\\\/litespeed\\\/avatar\\\/11ddfe5610ff3bd100522525b2571f48.jpg?ver=1777048341\",\"contentUrl\":\"https:\\\/\\\/diarioprincipios.com\\\/wp-content\\\/litespeed\\\/avatar\\\/11ddfe5610ff3bd100522525b2571f48.jpg?ver=1777048341\",\"caption\":\"Hern\u00e1n L\u00f3pez\"},\"url\":\"https:\\\/\\\/diarioprincipios.com\\\/index.php\\\/author\\\/hernan\\\/\"}]}<\/script>\n<!-- \/ Yoast SEO plugin. -->","yoast_head_json":{"title":"Luego del sismo en la Ant\u00e1rtida, la Armada despliega al ARA Puerto Argentino para dar apoyo - Principios","robots":{"index":"index","follow":"follow","max-snippet":"max-snippet:-1","max-image-preview":"max-image-preview:large","max-video-preview":"max-video-preview:-1"},"canonical":"https:\/\/diarioprincipios.com\/index.php\/2021\/01\/24\/luego-del-sismo-en-la-antartida-la-armada-despliega-al-ara-puerto-argentino-para-dar-apoyo\/","og_locale":"es_ES","og_type":"article","og_title":"Luego del sismo en la Ant\u00e1rtida, la Armada despliega al ARA Puerto Argentino para dar apoyo - Principios","og_description":"Luego del sismo registrado ayer en la Ant\u00e1rtida, \u00aba modo preventivo\u00bb la Armada Argentina despleg\u00f3 al ARA Puerto Argentino en el \u00e1rea \u00aben el marco de la Patrulla Ant\u00e1rtica Naval combinada, para prestar apoyo en caso de ser necesario\u00bb, informaron fuentes de la fuerza. \u00abEllos nos estar\u00e1n dando la voz de alerta\u00bb, indicaron las fuentes...","og_url":"https:\/\/diarioprincipios.com\/index.php\/2021\/01\/24\/luego-del-sismo-en-la-antartida-la-armada-despliega-al-ara-puerto-argentino-para-dar-apoyo\/","og_site_name":"Principios","article_published_time":"2021-01-24T15:36:28+00:00","article_modified_time":"2021-01-24T15:37:33+00:00","og_image":[{"width":1078,"height":628,"url":"https:\/\/diarioprincipios.com\/wp-content\/uploads\/2021\/01\/Screenshot_20210124-123256_Chrome.jpg","type":"image\/jpeg"}],"author":"Hern\u00e1n L\u00f3pez","twitter_card":"summary_large_image","twitter_misc":{"Escrito por":"Hern\u00e1n L\u00f3pez","Tiempo de lectura":"1 minuto"},"schema":{"@context":"https:\/\/schema.org","@graph":[{"@type":"Article","@id":"https:\/\/diarioprincipios.com\/index.php\/2021\/01\/24\/luego-del-sismo-en-la-antartida-la-armada-despliega-al-ara-puerto-argentino-para-dar-apoyo\/#article","isPartOf":{"@id":"https:\/\/diarioprincipios.com\/index.php\/2021\/01\/24\/luego-del-sismo-en-la-antartida-la-armada-despliega-al-ara-puerto-argentino-para-dar-apoyo\/"},"author":{"name":"Hern\u00e1n L\u00f3pez","@id":"https:\/\/diarioprincipios.com\/#\/schema\/person\/436d5a1fd41a5e250e23ff5a6a7cb080"},"headline":"Luego del sismo en la Ant\u00e1rtida, la Armada despliega al ARA Puerto Argentino para dar apoyo","datePublished":"2021-01-24T15:36:28+00:00","dateModified":"2021-01-24T15:37:33+00:00","mainEntityOfPage":{"@id":"https:\/\/diarioprincipios.com\/index.php\/2021\/01\/24\/luego-del-sismo-en-la-antartida-la-armada-despliega-al-ara-puerto-argentino-para-dar-apoyo\/"},"wordCount":197,"commentCount":0,"publisher":{"@id":"https:\/\/diarioprincipios.com\/#organization"},"image":{"@id":"https:\/\/diarioprincipios.com\/index.php\/2021\/01\/24\/luego-del-sismo-en-la-antartida-la-armada-despliega-al-ara-puerto-argentino-para-dar-apoyo\/#primaryimage"},"thumbnailUrl":"https:\/\/diarioprincipios.com\/wp-content\/uploads\/2021\/01\/Screenshot_20210124-123256_Chrome.jpg","articleSection":["Naci\u00f3n"],"inLanguage":"es","potentialAction":[{"@type":"CommentAction","name":"Comment","target":["https:\/\/diarioprincipios.com\/index.php\/2021\/01\/24\/luego-del-sismo-en-la-antartida-la-armada-despliega-al-ara-puerto-argentino-para-dar-apoyo\/#respond"]}]},{"@type":"WebPage","@id":"https:\/\/diarioprincipios.com\/index.php\/2021\/01\/24\/luego-del-sismo-en-la-antartida-la-armada-despliega-al-ara-puerto-argentino-para-dar-apoyo\/","url":"https:\/\/diarioprincipios.com\/index.php\/2021\/01\/24\/luego-del-sismo-en-la-antartida-la-armada-despliega-al-ara-puerto-argentino-para-dar-apoyo\/","name":"Luego del sismo en la Ant\u00e1rtida, la Armada despliega al ARA Puerto Argentino para dar apoyo - Principios","isPartOf":{"@id":"https:\/\/diarioprincipios.com\/#website"},"primaryImageOfPage":{"@id":"https:\/\/diarioprincipios.com\/index.php\/2021\/01\/24\/luego-del-sismo-en-la-antartida-la-armada-despliega-al-ara-puerto-argentino-para-dar-apoyo\/#primaryimage"},"image":{"@id":"https:\/\/diarioprincipios.com\/index.php\/2021\/01\/24\/luego-del-sismo-en-la-antartida-la-armada-despliega-al-ara-puerto-argentino-para-dar-apoyo\/#primaryimage"},"thumbnailUrl":"https:\/\/diarioprincipios.com\/wp-content\/uploads\/2021\/01\/Screenshot_20210124-123256_Chrome.jpg","datePublished":"2021-01-24T15:36:28+00:00","dateModified":"2021-01-24T15:37:33+00:00","breadcrumb":{"@id":"https:\/\/diarioprincipios.com\/index.php\/2021\/01\/24\/luego-del-sismo-en-la-antartida-la-armada-despliega-al-ara-puerto-argentino-para-dar-apoyo\/#breadcrumb"},"inLanguage":"es","potentialAction":[{"@type":"ReadAction","target":["https:\/\/diarioprincipios.com\/index.php\/2021\/01\/24\/luego-del-sismo-en-la-antartida-la-armada-despliega-al-ara-puerto-argentino-para-dar-apoyo\/"]}]},{"@type":"ImageObject","inLanguage":"es","@id":"https:\/\/diarioprincipios.com\/index.php\/2021\/01\/24\/luego-del-sismo-en-la-antartida-la-armada-despliega-al-ara-puerto-argentino-para-dar-apoyo\/#primaryimage","url":"https:\/\/diarioprincipios.com\/wp-content\/uploads\/2021\/01\/Screenshot_20210124-123256_Chrome.jpg","contentUrl":"https:\/\/diarioprincipios.com\/wp-content\/uploads\/2021\/01\/Screenshot_20210124-123256_Chrome.jpg","width":1078,"height":628},{"@type":"BreadcrumbList","@id":"https:\/\/diarioprincipios.com\/index.php\/2021\/01\/24\/luego-del-sismo-en-la-antartida-la-armada-despliega-al-ara-puerto-argentino-para-dar-apoyo\/#breadcrumb","itemListElement":[{"@type":"ListItem","position":1,"name":"Portada","item":"https:\/\/diarioprincipios.com\/"},{"@type":"ListItem","position":2,"name":"Luego del sismo en la Ant\u00e1rtida, la Armada despliega al ARA Puerto Argentino para dar apoyo"}]},{"@type":"WebSite","@id":"https:\/\/diarioprincipios.com\/#website","url":"https:\/\/diarioprincipios.com\/","name":"Principios","description":"Principios Diario","publisher":{"@id":"https:\/\/diarioprincipios.com\/#organization"},"potentialAction":[{"@type":"SearchAction","target":{"@type":"EntryPoint","urlTemplate":"https:\/\/diarioprincipios.com\/?s={search_term_string}"},"query-input":{"@type":"PropertyValueSpecification","valueRequired":true,"valueName":"search_term_string"}}],"inLanguage":"es"},{"@type":"Organization","@id":"https:\/\/diarioprincipios.com\/#organization","name":"Principios","url":"https:\/\/diarioprincipios.com\/","logo":{"@type":"ImageObject","inLanguage":"es","@id":"https:\/\/diarioprincipios.com\/#\/schema\/logo\/image\/","url":"https:\/\/diarioprincipios.com\/wp-content\/uploads\/2024\/04\/cropped-www.diarioprincipios.com_-1.png","contentUrl":"https:\/\/diarioprincipios.com\/wp-content\/uploads\/2024\/04\/cropped-www.diarioprincipios.com_-1.png","width":5325,"height":1454,"caption":"Principios"},"image":{"@id":"https:\/\/diarioprincipios.com\/#\/schema\/logo\/image\/"}},{"@type":"Person","@id":"https:\/\/diarioprincipios.com\/#\/schema\/person\/436d5a1fd41a5e250e23ff5a6a7cb080","name":"Hern\u00e1n L\u00f3pez","image":{"@type":"ImageObject","inLanguage":"es","@id":"https:\/\/diarioprincipios.com\/wp-content\/litespeed\/avatar\/11ddfe5610ff3bd100522525b2571f48.jpg?ver=1777048341","url":"https:\/\/diarioprincipios.com\/wp-content\/litespeed\/avatar\/11ddfe5610ff3bd100522525b2571f48.jpg?ver=1777048341","contentUrl":"https:\/\/diarioprincipios.com\/wp-content\/litespeed\/avatar\/11ddfe5610ff3bd100522525b2571f48.jpg?ver=1777048341","caption":"Hern\u00e1n L\u00f3pez"},"url":"https:\/\/diarioprincipios.com\/index.php\/author\/hernan\/"}]}},"jetpack_featured_media_url":"https:\/\/diarioprincipios.com\/wp-content\/uploads\/2021\/01\/Screenshot_20210124-123256_Chrome.jpg","_links":{"self":[{"href":"https:\/\/diarioprincipios.com\/index.php\/wp-json\/wp\/v2\/posts\/8309","targetHints":{"allow":["GET"]}}],"collection":[{"href":"https:\/\/diarioprincipios.com\/index.php\/wp-json\/wp\/v2\/posts"}],"about":[{"href":"https:\/\/diarioprincipios.com\/index.php\/wp-json\/wp\/v2\/types\/post"}],"author":[{"embeddable":true,"href":"https:\/\/diarioprincipios.com\/index.php\/wp-json\/wp\/v2\/users\/2"}],"replies":[{"embeddable":true,"href":"https:\/\/diarioprincipios.com\/index.php\/wp-json\/wp\/v2\/comments?post=8309"}],"version-history":[{"count":1,"href":"https:\/\/diarioprincipios.com\/index.php\/wp-json\/wp\/v2\/posts\/8309\/revisions"}],"predecessor-version":[{"id":8311,"href":"https:\/\/diarioprincipios.com\/index.php\/wp-json\/wp\/v2\/posts\/8309\/revisions\/8311"}],"wp:featuredmedia":[{"embeddable":true,"href":"https:\/\/diarioprincipios.com\/index.php\/wp-json\/wp\/v2\/media\/8312"}],"wp:attachment":[{"href":"https:\/\/diarioprincipios.com\/index.php\/wp-json\/wp\/v2\/media?parent=8309"}],"wp:term":[{"taxonomy":"category","embeddable":true,"href":"https:\/\/diarioprincipios.com\/index.php\/wp-json\/wp\/v2\/categories?post=8309"},{"taxonomy":"post_tag","embeddable":true,"href":"https:\/\/diarioprincipios.com\/index.php\/wp-json\/wp\/v2\/tags?post=8309"}],"curies":[{"name":"wp","href":"https:\/\/api.w.org\/{rel}","templated":true}]}}