{"id":8306,"date":"2021-01-24T12:25:16","date_gmt":"2021-01-24T15:25:16","guid":{"rendered":"http:\/\/diarioprincipios.com\/?p=8306"},"modified":"2021-01-24T12:25:21","modified_gmt":"2021-01-24T15:25:21","slug":"comenzo-la-obra-de-reacondicionamiento-del-edificio-de-nichos-del-cementerio-de-ezpeleta","status":"publish","type":"post","link":"https:\/\/diarioprincipios.com\/index.php\/2021\/01\/24\/comenzo-la-obra-de-reacondicionamiento-del-edificio-de-nichos-del-cementerio-de-ezpeleta\/","title":{"rendered":"Comenz\u00f3 la obra de reacondicionamiento del edificio de nichos del Cementerio de Ezpeleta"},"content":{"rendered":"\n<p>El Municipio de Quilmes contin\u00faa con el avance del Plan Integral de Obras para el Cementerio Municipal de Ezpeleta.<\/p>\n\n\n\n<p>Se inici\u00f3 la segunda etapa de esta iniciativa que consta del reacondicionamiento del Edificio Municipal de Nichos en su totalidad, donde se destaca la colocaci\u00f3n y puesta en funcionamiento de un montacargas, lo que permitir\u00e1 mejorar las tareas que llevan a cabo diariamente los trabajadores y trabajadoras municipales, en lo que era un reclamo hist\u00f3rico de los empleados, ya que deb\u00edan subir o bajar los ata\u00fades por las escaleras en los tres niveles que tiene el edificio.<\/p>\n\n\n\n<p>Adem\u00e1s, intervendr\u00e1n sus tres niveles con mejoras generales como pintura, reparaciones e incorporaci\u00f3n de nuevos cerramientos para mayor seguridad y limpieza, adem\u00e1s de luminarias LED, y un renovado sistema de desagote pluvial en el subsuelo.<\/p>\n\n\n\n<p>Cabe recordar que la primera etapa de este plan fue la reconstrucci\u00f3n del muro perimetral sobre la avenida Mitre, desde la calle Laguarda hasta Comandante Carbonari, adem\u00e1s de reforzar la se\u00f1al\u00e9tica principal.<\/p>\n\n\n\n<p>Desde la Secretar\u00eda de Desarrollo Urbano y Obras P\u00fablicas, a cargo de Cecilia Soler, informaron que para cada tarea se implementan las medidas de Seguridad e Higiene dispuestas por el Ministerio de Trabajo de la Provincia de Buenos Aires, en el marco de la pandemia por el coronavirus COVID \u2013 19.<\/p>\n\n\n\n<p>Esta obra llevada adelante por la Comuna forma parte de un reclamo hist\u00f3rico de los vecinos y vecinas que tienen a alg\u00fan familiar en el Cementerio, ya que hace m\u00e1s de 25 a\u00f1os no se realizaba ninguna obra importante en ese espacio.<\/p>\n","protected":false},"excerpt":{"rendered":"<p>El Municipio de Quilmes contin\u00faa con el avance del Plan Integral de Obras para el Cementerio Municipal de Ezpeleta. Se inici\u00f3 la segunda etapa de esta iniciativa que consta del reacondicionamiento del Edificio Municipal de Nichos en su totalidad, donde se destaca la colocaci\u00f3n y puesta en funcionamiento de un montacargas, lo que permitir\u00e1 mejorar&#8230;<\/p>\n","protected":false},"author":2,"featured_media":8307,"comment_status":"open","ping_status":"open","sticky":false,"template":"","format":"standard","meta":{"footnotes":""},"categories":[4],"tags":[],"class_list":["post-8306","post","type-post","status-publish","format-standard","has-post-thumbnail","hentry","category-quilmes"],"featured_image_src":"https:\/\/diarioprincipios.com\/wp-content\/uploads\/2021\/01\/20210124_122213.jpg","blog_images":{"medium":"https:\/\/diarioprincipios.com\/wp-content\/uploads\/2021\/01\/20210124_122213-300x165.jpg","large":"https:\/\/diarioprincipios.com\/wp-content\/uploads\/2021\/01\/20210124_122213.jpg"},"ams_acf":[],"yoast_head":"<!-- This site is optimized with the Yoast SEO plugin v27.3 - https:\/\/yoast.com\/product\/yoast-seo-wordpress\/ -->\n<title>Comenz\u00f3 la obra de reacondicionamiento del edificio de nichos del Cementerio de Ezpeleta - Principios<\/title>\n<meta name=\"robots\" content=\"index, follow, max-snippet:-1, max-image-preview:large, max-video-preview:-1\" \/>\n<link rel=\"canonical\" href=\"https:\/\/diarioprincipios.com\/index.php\/2021\/01\/24\/comenzo-la-obra-de-reacondicionamiento-del-edificio-de-nichos-del-cementerio-de-ezpeleta\/\" \/>\n<meta property=\"og:locale\" content=\"es_ES\" \/>\n<meta property=\"og:type\" content=\"article\" \/>\n<meta property=\"og:title\" content=\"Comenz\u00f3 la obra de reacondicionamiento del edificio de nichos del Cementerio de Ezpeleta - Principios\" \/>\n<meta property=\"og:description\" content=\"El Municipio de Quilmes contin\u00faa con el avance del Plan Integral de Obras para el Cementerio Municipal de Ezpeleta. Se inici\u00f3 la segunda etapa de esta iniciativa que consta del reacondicionamiento del Edificio Municipal de Nichos en su totalidad, donde se destaca la colocaci\u00f3n y puesta en funcionamiento de un montacargas, lo que permitir\u00e1 mejorar...\" \/>\n<meta property=\"og:url\" content=\"https:\/\/diarioprincipios.com\/index.php\/2021\/01\/24\/comenzo-la-obra-de-reacondicionamiento-del-edificio-de-nichos-del-cementerio-de-ezpeleta\/\" \/>\n<meta property=\"og:site_name\" content=\"Principios\" \/>\n<meta property=\"article:published_time\" content=\"2021-01-24T15:25:16+00:00\" \/>\n<meta property=\"article:modified_time\" content=\"2021-01-24T15:25:21+00:00\" \/>\n<meta property=\"og:image\" content=\"https:\/\/diarioprincipios.com\/wp-content\/uploads\/2021\/01\/20210124_122213.jpg\" \/>\n\t<meta property=\"og:image:width\" content=\"959\" \/>\n\t<meta property=\"og:image:height\" content=\"526\" \/>\n\t<meta property=\"og:image:type\" content=\"image\/jpeg\" \/>\n<meta name=\"author\" content=\"Hern\u00e1n L\u00f3pez\" \/>\n<meta name=\"twitter:card\" content=\"summary_large_image\" \/>\n<meta name=\"twitter:label1\" content=\"Escrito por\" \/>\n\t<meta name=\"twitter:data1\" content=\"Hern\u00e1n L\u00f3pez\" \/>\n\t<meta name=\"twitter:label2\" content=\"Tiempo de lectura\" \/>\n\t<meta name=\"twitter:data2\" content=\"2 minutos\" \/>\n<script type=\"application\/ld+json\" class=\"yoast-schema-graph\">{\"@context\":\"https:\\\/\\\/schema.org\",\"@graph\":[{\"@type\":\"Article\",\"@id\":\"https:\\\/\\\/diarioprincipios.com\\\/index.php\\\/2021\\\/01\\\/24\\\/comenzo-la-obra-de-reacondicionamiento-del-edificio-de-nichos-del-cementerio-de-ezpeleta\\\/#article\",\"isPartOf\":{\"@id\":\"https:\\\/\\\/diarioprincipios.com\\\/index.php\\\/2021\\\/01\\\/24\\\/comenzo-la-obra-de-reacondicionamiento-del-edificio-de-nichos-del-cementerio-de-ezpeleta\\\/\"},\"author\":{\"name\":\"Hern\u00e1n L\u00f3pez\",\"@id\":\"https:\\\/\\\/diarioprincipios.com\\\/#\\\/schema\\\/person\\\/436d5a1fd41a5e250e23ff5a6a7cb080\"},\"headline\":\"Comenz\u00f3 la obra de reacondicionamiento del edificio de nichos del Cementerio de Ezpeleta\",\"datePublished\":\"2021-01-24T15:25:16+00:00\",\"dateModified\":\"2021-01-24T15:25:21+00:00\",\"mainEntityOfPage\":{\"@id\":\"https:\\\/\\\/diarioprincipios.com\\\/index.php\\\/2021\\\/01\\\/24\\\/comenzo-la-obra-de-reacondicionamiento-del-edificio-de-nichos-del-cementerio-de-ezpeleta\\\/\"},\"wordCount\":285,\"commentCount\":0,\"publisher\":{\"@id\":\"https:\\\/\\\/diarioprincipios.com\\\/#organization\"},\"image\":{\"@id\":\"https:\\\/\\\/diarioprincipios.com\\\/index.php\\\/2021\\\/01\\\/24\\\/comenzo-la-obra-de-reacondicionamiento-del-edificio-de-nichos-del-cementerio-de-ezpeleta\\\/#primaryimage\"},\"thumbnailUrl\":\"https:\\\/\\\/diarioprincipios.com\\\/wp-content\\\/uploads\\\/2021\\\/01\\\/20210124_122213.jpg\",\"articleSection\":[\"Quilmes\"],\"inLanguage\":\"es\",\"potentialAction\":[{\"@type\":\"CommentAction\",\"name\":\"Comment\",\"target\":[\"https:\\\/\\\/diarioprincipios.com\\\/index.php\\\/2021\\\/01\\\/24\\\/comenzo-la-obra-de-reacondicionamiento-del-edificio-de-nichos-del-cementerio-de-ezpeleta\\\/#respond\"]}]},{\"@type\":\"WebPage\",\"@id\":\"https:\\\/\\\/diarioprincipios.com\\\/index.php\\\/2021\\\/01\\\/24\\\/comenzo-la-obra-de-reacondicionamiento-del-edificio-de-nichos-del-cementerio-de-ezpeleta\\\/\",\"url\":\"https:\\\/\\\/diarioprincipios.com\\\/index.php\\\/2021\\\/01\\\/24\\\/comenzo-la-obra-de-reacondicionamiento-del-edificio-de-nichos-del-cementerio-de-ezpeleta\\\/\",\"name\":\"Comenz\u00f3 la obra de reacondicionamiento del edificio de nichos del Cementerio de Ezpeleta - Principios\",\"isPartOf\":{\"@id\":\"https:\\\/\\\/diarioprincipios.com\\\/#website\"},\"primaryImageOfPage\":{\"@id\":\"https:\\\/\\\/diarioprincipios.com\\\/index.php\\\/2021\\\/01\\\/24\\\/comenzo-la-obra-de-reacondicionamiento-del-edificio-de-nichos-del-cementerio-de-ezpeleta\\\/#primaryimage\"},\"image\":{\"@id\":\"https:\\\/\\\/diarioprincipios.com\\\/index.php\\\/2021\\\/01\\\/24\\\/comenzo-la-obra-de-reacondicionamiento-del-edificio-de-nichos-del-cementerio-de-ezpeleta\\\/#primaryimage\"},\"thumbnailUrl\":\"https:\\\/\\\/diarioprincipios.com\\\/wp-content\\\/uploads\\\/2021\\\/01\\\/20210124_122213.jpg\",\"datePublished\":\"2021-01-24T15:25:16+00:00\",\"dateModified\":\"2021-01-24T15:25:21+00:00\",\"breadcrumb\":{\"@id\":\"https:\\\/\\\/diarioprincipios.com\\\/index.php\\\/2021\\\/01\\\/24\\\/comenzo-la-obra-de-reacondicionamiento-del-edificio-de-nichos-del-cementerio-de-ezpeleta\\\/#breadcrumb\"},\"inLanguage\":\"es\",\"potentialAction\":[{\"@type\":\"ReadAction\",\"target\":[\"https:\\\/\\\/diarioprincipios.com\\\/index.php\\\/2021\\\/01\\\/24\\\/comenzo-la-obra-de-reacondicionamiento-del-edificio-de-nichos-del-cementerio-de-ezpeleta\\\/\"]}]},{\"@type\":\"ImageObject\",\"inLanguage\":\"es\",\"@id\":\"https:\\\/\\\/diarioprincipios.com\\\/index.php\\\/2021\\\/01\\\/24\\\/comenzo-la-obra-de-reacondicionamiento-del-edificio-de-nichos-del-cementerio-de-ezpeleta\\\/#primaryimage\",\"url\":\"https:\\\/\\\/diarioprincipios.com\\\/wp-content\\\/uploads\\\/2021\\\/01\\\/20210124_122213.jpg\",\"contentUrl\":\"https:\\\/\\\/diarioprincipios.com\\\/wp-content\\\/uploads\\\/2021\\\/01\\\/20210124_122213.jpg\",\"width\":959,\"height\":526},{\"@type\":\"BreadcrumbList\",\"@id\":\"https:\\\/\\\/diarioprincipios.com\\\/index.php\\\/2021\\\/01\\\/24\\\/comenzo-la-obra-de-reacondicionamiento-del-edificio-de-nichos-del-cementerio-de-ezpeleta\\\/#breadcrumb\",\"itemListElement\":[{\"@type\":\"ListItem\",\"position\":1,\"name\":\"Portada\",\"item\":\"https:\\\/\\\/diarioprincipios.com\\\/\"},{\"@type\":\"ListItem\",\"position\":2,\"name\":\"Comenz\u00f3 la obra de reacondicionamiento del edificio de nichos del Cementerio de Ezpeleta\"}]},{\"@type\":\"WebSite\",\"@id\":\"https:\\\/\\\/diarioprincipios.com\\\/#website\",\"url\":\"https:\\\/\\\/diarioprincipios.com\\\/\",\"name\":\"Principios\",\"description\":\"Principios Diario\",\"publisher\":{\"@id\":\"https:\\\/\\\/diarioprincipios.com\\\/#organization\"},\"potentialAction\":[{\"@type\":\"SearchAction\",\"target\":{\"@type\":\"EntryPoint\",\"urlTemplate\":\"https:\\\/\\\/diarioprincipios.com\\\/?s={search_term_string}\"},\"query-input\":{\"@type\":\"PropertyValueSpecification\",\"valueRequired\":true,\"valueName\":\"search_term_string\"}}],\"inLanguage\":\"es\"},{\"@type\":\"Organization\",\"@id\":\"https:\\\/\\\/diarioprincipios.com\\\/#organization\",\"name\":\"Principios\",\"url\":\"https:\\\/\\\/diarioprincipios.com\\\/\",\"logo\":{\"@type\":\"ImageObject\",\"inLanguage\":\"es\",\"@id\":\"https:\\\/\\\/diarioprincipios.com\\\/#\\\/schema\\\/logo\\\/image\\\/\",\"url\":\"https:\\\/\\\/diarioprincipios.com\\\/wp-content\\\/uploads\\\/2024\\\/04\\\/cropped-www.diarioprincipios.com_-1.png\",\"contentUrl\":\"https:\\\/\\\/diarioprincipios.com\\\/wp-content\\\/uploads\\\/2024\\\/04\\\/cropped-www.diarioprincipios.com_-1.png\",\"width\":5325,\"height\":1454,\"caption\":\"Principios\"},\"image\":{\"@id\":\"https:\\\/\\\/diarioprincipios.com\\\/#\\\/schema\\\/logo\\\/image\\\/\"}},{\"@type\":\"Person\",\"@id\":\"https:\\\/\\\/diarioprincipios.com\\\/#\\\/schema\\\/person\\\/436d5a1fd41a5e250e23ff5a6a7cb080\",\"name\":\"Hern\u00e1n L\u00f3pez\",\"image\":{\"@type\":\"ImageObject\",\"inLanguage\":\"es\",\"@id\":\"https:\\\/\\\/diarioprincipios.com\\\/wp-content\\\/litespeed\\\/avatar\\\/11ddfe5610ff3bd100522525b2571f48.jpg?ver=1777048341\",\"url\":\"https:\\\/\\\/diarioprincipios.com\\\/wp-content\\\/litespeed\\\/avatar\\\/11ddfe5610ff3bd100522525b2571f48.jpg?ver=1777048341\",\"contentUrl\":\"https:\\\/\\\/diarioprincipios.com\\\/wp-content\\\/litespeed\\\/avatar\\\/11ddfe5610ff3bd100522525b2571f48.jpg?ver=1777048341\",\"caption\":\"Hern\u00e1n L\u00f3pez\"},\"url\":\"https:\\\/\\\/diarioprincipios.com\\\/index.php\\\/author\\\/hernan\\\/\"}]}<\/script>\n<!-- \/ Yoast SEO plugin. -->","yoast_head_json":{"title":"Comenz\u00f3 la obra de reacondicionamiento del edificio de nichos del Cementerio de Ezpeleta - Principios","robots":{"index":"index","follow":"follow","max-snippet":"max-snippet:-1","max-image-preview":"max-image-preview:large","max-video-preview":"max-video-preview:-1"},"canonical":"https:\/\/diarioprincipios.com\/index.php\/2021\/01\/24\/comenzo-la-obra-de-reacondicionamiento-del-edificio-de-nichos-del-cementerio-de-ezpeleta\/","og_locale":"es_ES","og_type":"article","og_title":"Comenz\u00f3 la obra de reacondicionamiento del edificio de nichos del Cementerio de Ezpeleta - Principios","og_description":"El Municipio de Quilmes contin\u00faa con el avance del Plan Integral de Obras para el Cementerio Municipal de Ezpeleta. Se inici\u00f3 la segunda etapa de esta iniciativa que consta del reacondicionamiento del Edificio Municipal de Nichos en su totalidad, donde se destaca la colocaci\u00f3n y puesta en funcionamiento de un montacargas, lo que permitir\u00e1 mejorar...","og_url":"https:\/\/diarioprincipios.com\/index.php\/2021\/01\/24\/comenzo-la-obra-de-reacondicionamiento-del-edificio-de-nichos-del-cementerio-de-ezpeleta\/","og_site_name":"Principios","article_published_time":"2021-01-24T15:25:16+00:00","article_modified_time":"2021-01-24T15:25:21+00:00","og_image":[{"width":959,"height":526,"url":"https:\/\/diarioprincipios.com\/wp-content\/uploads\/2021\/01\/20210124_122213.jpg","type":"image\/jpeg"}],"author":"Hern\u00e1n L\u00f3pez","twitter_card":"summary_large_image","twitter_misc":{"Escrito por":"Hern\u00e1n L\u00f3pez","Tiempo de lectura":"2 minutos"},"schema":{"@context":"https:\/\/schema.org","@graph":[{"@type":"Article","@id":"https:\/\/diarioprincipios.com\/index.php\/2021\/01\/24\/comenzo-la-obra-de-reacondicionamiento-del-edificio-de-nichos-del-cementerio-de-ezpeleta\/#article","isPartOf":{"@id":"https:\/\/diarioprincipios.com\/index.php\/2021\/01\/24\/comenzo-la-obra-de-reacondicionamiento-del-edificio-de-nichos-del-cementerio-de-ezpeleta\/"},"author":{"name":"Hern\u00e1n L\u00f3pez","@id":"https:\/\/diarioprincipios.com\/#\/schema\/person\/436d5a1fd41a5e250e23ff5a6a7cb080"},"headline":"Comenz\u00f3 la obra de reacondicionamiento del edificio de nichos del Cementerio de Ezpeleta","datePublished":"2021-01-24T15:25:16+00:00","dateModified":"2021-01-24T15:25:21+00:00","mainEntityOfPage":{"@id":"https:\/\/diarioprincipios.com\/index.php\/2021\/01\/24\/comenzo-la-obra-de-reacondicionamiento-del-edificio-de-nichos-del-cementerio-de-ezpeleta\/"},"wordCount":285,"commentCount":0,"publisher":{"@id":"https:\/\/diarioprincipios.com\/#organization"},"image":{"@id":"https:\/\/diarioprincipios.com\/index.php\/2021\/01\/24\/comenzo-la-obra-de-reacondicionamiento-del-edificio-de-nichos-del-cementerio-de-ezpeleta\/#primaryimage"},"thumbnailUrl":"https:\/\/diarioprincipios.com\/wp-content\/uploads\/2021\/01\/20210124_122213.jpg","articleSection":["Quilmes"],"inLanguage":"es","potentialAction":[{"@type":"CommentAction","name":"Comment","target":["https:\/\/diarioprincipios.com\/index.php\/2021\/01\/24\/comenzo-la-obra-de-reacondicionamiento-del-edificio-de-nichos-del-cementerio-de-ezpeleta\/#respond"]}]},{"@type":"WebPage","@id":"https:\/\/diarioprincipios.com\/index.php\/2021\/01\/24\/comenzo-la-obra-de-reacondicionamiento-del-edificio-de-nichos-del-cementerio-de-ezpeleta\/","url":"https:\/\/diarioprincipios.com\/index.php\/2021\/01\/24\/comenzo-la-obra-de-reacondicionamiento-del-edificio-de-nichos-del-cementerio-de-ezpeleta\/","name":"Comenz\u00f3 la obra de reacondicionamiento del edificio de nichos del Cementerio de Ezpeleta - Principios","isPartOf":{"@id":"https:\/\/diarioprincipios.com\/#website"},"primaryImageOfPage":{"@id":"https:\/\/diarioprincipios.com\/index.php\/2021\/01\/24\/comenzo-la-obra-de-reacondicionamiento-del-edificio-de-nichos-del-cementerio-de-ezpeleta\/#primaryimage"},"image":{"@id":"https:\/\/diarioprincipios.com\/index.php\/2021\/01\/24\/comenzo-la-obra-de-reacondicionamiento-del-edificio-de-nichos-del-cementerio-de-ezpeleta\/#primaryimage"},"thumbnailUrl":"https:\/\/diarioprincipios.com\/wp-content\/uploads\/2021\/01\/20210124_122213.jpg","datePublished":"2021-01-24T15:25:16+00:00","dateModified":"2021-01-24T15:25:21+00:00","breadcrumb":{"@id":"https:\/\/diarioprincipios.com\/index.php\/2021\/01\/24\/comenzo-la-obra-de-reacondicionamiento-del-edificio-de-nichos-del-cementerio-de-ezpeleta\/#breadcrumb"},"inLanguage":"es","potentialAction":[{"@type":"ReadAction","target":["https:\/\/diarioprincipios.com\/index.php\/2021\/01\/24\/comenzo-la-obra-de-reacondicionamiento-del-edificio-de-nichos-del-cementerio-de-ezpeleta\/"]}]},{"@type":"ImageObject","inLanguage":"es","@id":"https:\/\/diarioprincipios.com\/index.php\/2021\/01\/24\/comenzo-la-obra-de-reacondicionamiento-del-edificio-de-nichos-del-cementerio-de-ezpeleta\/#primaryimage","url":"https:\/\/diarioprincipios.com\/wp-content\/uploads\/2021\/01\/20210124_122213.jpg","contentUrl":"https:\/\/diarioprincipios.com\/wp-content\/uploads\/2021\/01\/20210124_122213.jpg","width":959,"height":526},{"@type":"BreadcrumbList","@id":"https:\/\/diarioprincipios.com\/index.php\/2021\/01\/24\/comenzo-la-obra-de-reacondicionamiento-del-edificio-de-nichos-del-cementerio-de-ezpeleta\/#breadcrumb","itemListElement":[{"@type":"ListItem","position":1,"name":"Portada","item":"https:\/\/diarioprincipios.com\/"},{"@type":"ListItem","position":2,"name":"Comenz\u00f3 la obra de reacondicionamiento del edificio de nichos del Cementerio de Ezpeleta"}]},{"@type":"WebSite","@id":"https:\/\/diarioprincipios.com\/#website","url":"https:\/\/diarioprincipios.com\/","name":"Principios","description":"Principios Diario","publisher":{"@id":"https:\/\/diarioprincipios.com\/#organization"},"potentialAction":[{"@type":"SearchAction","target":{"@type":"EntryPoint","urlTemplate":"https:\/\/diarioprincipios.com\/?s={search_term_string}"},"query-input":{"@type":"PropertyValueSpecification","valueRequired":true,"valueName":"search_term_string"}}],"inLanguage":"es"},{"@type":"Organization","@id":"https:\/\/diarioprincipios.com\/#organization","name":"Principios","url":"https:\/\/diarioprincipios.com\/","logo":{"@type":"ImageObject","inLanguage":"es","@id":"https:\/\/diarioprincipios.com\/#\/schema\/logo\/image\/","url":"https:\/\/diarioprincipios.com\/wp-content\/uploads\/2024\/04\/cropped-www.diarioprincipios.com_-1.png","contentUrl":"https:\/\/diarioprincipios.com\/wp-content\/uploads\/2024\/04\/cropped-www.diarioprincipios.com_-1.png","width":5325,"height":1454,"caption":"Principios"},"image":{"@id":"https:\/\/diarioprincipios.com\/#\/schema\/logo\/image\/"}},{"@type":"Person","@id":"https:\/\/diarioprincipios.com\/#\/schema\/person\/436d5a1fd41a5e250e23ff5a6a7cb080","name":"Hern\u00e1n L\u00f3pez","image":{"@type":"ImageObject","inLanguage":"es","@id":"https:\/\/diarioprincipios.com\/wp-content\/litespeed\/avatar\/11ddfe5610ff3bd100522525b2571f48.jpg?ver=1777048341","url":"https:\/\/diarioprincipios.com\/wp-content\/litespeed\/avatar\/11ddfe5610ff3bd100522525b2571f48.jpg?ver=1777048341","contentUrl":"https:\/\/diarioprincipios.com\/wp-content\/litespeed\/avatar\/11ddfe5610ff3bd100522525b2571f48.jpg?ver=1777048341","caption":"Hern\u00e1n L\u00f3pez"},"url":"https:\/\/diarioprincipios.com\/index.php\/author\/hernan\/"}]}},"jetpack_featured_media_url":"https:\/\/diarioprincipios.com\/wp-content\/uploads\/2021\/01\/20210124_122213.jpg","_links":{"self":[{"href":"https:\/\/diarioprincipios.com\/index.php\/wp-json\/wp\/v2\/posts\/8306","targetHints":{"allow":["GET"]}}],"collection":[{"href":"https:\/\/diarioprincipios.com\/index.php\/wp-json\/wp\/v2\/posts"}],"about":[{"href":"https:\/\/diarioprincipios.com\/index.php\/wp-json\/wp\/v2\/types\/post"}],"author":[{"embeddable":true,"href":"https:\/\/diarioprincipios.com\/index.php\/wp-json\/wp\/v2\/users\/2"}],"replies":[{"embeddable":true,"href":"https:\/\/diarioprincipios.com\/index.php\/wp-json\/wp\/v2\/comments?post=8306"}],"version-history":[{"count":1,"href":"https:\/\/diarioprincipios.com\/index.php\/wp-json\/wp\/v2\/posts\/8306\/revisions"}],"predecessor-version":[{"id":8308,"href":"https:\/\/diarioprincipios.com\/index.php\/wp-json\/wp\/v2\/posts\/8306\/revisions\/8308"}],"wp:featuredmedia":[{"embeddable":true,"href":"https:\/\/diarioprincipios.com\/index.php\/wp-json\/wp\/v2\/media\/8307"}],"wp:attachment":[{"href":"https:\/\/diarioprincipios.com\/index.php\/wp-json\/wp\/v2\/media?parent=8306"}],"wp:term":[{"taxonomy":"category","embeddable":true,"href":"https:\/\/diarioprincipios.com\/index.php\/wp-json\/wp\/v2\/categories?post=8306"},{"taxonomy":"post_tag","embeddable":true,"href":"https:\/\/diarioprincipios.com\/index.php\/wp-json\/wp\/v2\/tags?post=8306"}],"curies":[{"name":"wp","href":"https:\/\/api.w.org\/{rel}","templated":true}]}}