{"id":8302,"date":"2021-01-23T20:39:46","date_gmt":"2021-01-23T23:39:46","guid":{"rendered":"http:\/\/diarioprincipios.com\/?p=8302"},"modified":"2021-01-23T20:39:52","modified_gmt":"2021-01-23T23:39:52","slug":"mussi-se-reunio-con-berni-y-solicito-mayor-presencia-policial-en-la-via-publica","status":"publish","type":"post","link":"https:\/\/diarioprincipios.com\/index.php\/2021\/01\/23\/mussi-se-reunio-con-berni-y-solicito-mayor-presencia-policial-en-la-via-publica\/","title":{"rendered":"Mussi se reuni\u00f3 con Berni y solicit\u00f3 mayor presencia policial en la v\u00eda p\u00fablica"},"content":{"rendered":"\n<p><strong>A ra\u00edz del incremento de los delitos registrados en este \u00faltimo tiempo a nivel local, el intendente de Berazategui, Juan Jos\u00e9 Mussi, mantuvo una reuni\u00f3n con el ministro de Seguridad de la provincia de Buenos Aires, Sergio Berni, en la que le solicit\u00f3 mayor presencia policial para las calles del distrito. Tras el encuentro, el Jefe comunal destac\u00f3 que \u201chay una fuerte decisi\u00f3n del gobernador, Axel Kicillof, de hacer de la Provincia un territorio seguro y est\u00e1n trabajando para eso\u201d.<\/strong><\/p>\n\n\n\n<p>\u201cHoy me reun\u00ed con el ministro de Seguridad de la provincia de Buenos Aires, Sergio Berni, porque en Berazategui hubo en el \u00faltimo tiempo numerosos hechos delictivos. Si bien en nuestra ciudad estamos en proceso de compra de 55 m\u00f3viles (35 autos y 20 camionetas), le solicit\u00e9 mayor presencia policial en la v\u00eda p\u00fablica\u201d, inform\u00f3 Mussi, a trav\u00e9s de sus redes sociales.<\/p>\n\n\n\n<p>En este marco, el intendente resalt\u00f3 el trabajo que viene desarrollando el gobierno provincial en su batalla contra la inseguridad, a pesar de los serios inconvenientes heredados de la gesti\u00f3n anterior. \u201cQuiero remarcar que el ministro Berni siempre est\u00e1 bien predispuesto para trabajar en mejorar la seguridad, pero cuando asumi\u00f3 se encontr\u00f3 con una fuerza policial en decadencia, con muchos problemas en el parque automotor, entre otras cosas\u201d, explic\u00f3.<\/p>\n\n\n\n<p>Asimismo, el Mandatario local dej\u00f3 en claro el permanente acompa\u00f1amiento en esta lucha por parte de la Municipalidad de Berazategui. \u201cEl Municipio, como saben, no tiene a cargo la Polic\u00eda, pero realizamos acciones para colaborar con su trabajo, como el pago de la nafta de los patrulleros, y de la telefon\u00eda de los agentes, y colocando mayor iluminaci\u00f3n en la v\u00eda p\u00fablica, entre otros aportes\u201d, indic\u00f3 al respecto.<\/p>\n\n\n\n<p>Finalmente, conforme con el resultado de la reuni\u00f3n con el Ministro, Mussi asegur\u00f3 que \u201chay una fuerte decisi\u00f3n del gobernador, Axel Kicillof, de hacer de la Provincia un territorio seguro y est\u00e1n trabajando para eso\u00bb. \u00abHoy tenemos un Estado presente que responde a las necesidades de los municipios\u201d, concluy\u00f3.<\/p>\n\n\n\n<figure class=\"wp-block-image\"><img decoding=\"async\" src=\"https:\/\/ecp.yusercontent.com\/mail?url=https%3A%2F%2Fdocs.google.com%2Fuc%3Fexport%3Ddownload%26id%3D1O9ySDGVjFwLiWj3yWiMdjtCw6pHI7T-F%26revid%3D0B9CZhG6aa0VidWpSQjZNZGVndGpYeWM5ZWtiUFNuM1JQV3U4PQ&amp;t=1611362097&amp;ymreqid=5799fcab-b43d-2794-22c0-ab000d01f900&amp;sig=CKIpUg77.f8a89n32F7BJw--~D\" alt=\"\"\/><\/figure>\n","protected":false},"excerpt":{"rendered":"<p>A ra\u00edz del incremento de los delitos registrados en este \u00faltimo tiempo a nivel local, el intendente de Berazategui, Juan Jos\u00e9 Mussi, mantuvo una reuni\u00f3n con el ministro de Seguridad de la provincia de Buenos Aires, Sergio Berni, en la que le solicit\u00f3 mayor presencia policial para las calles del distrito. Tras el encuentro, el&#8230;<\/p>\n","protected":false},"author":2,"featured_media":8303,"comment_status":"open","ping_status":"open","sticky":false,"template":"","format":"standard","meta":{"footnotes":""},"categories":[3],"tags":[],"class_list":["post-8302","post","type-post","status-publish","format-standard","has-post-thumbnail","hentry","category-berazategui"],"featured_image_src":"https:\/\/diarioprincipios.com\/wp-content\/uploads\/2021\/01\/MUSSI-SE-REUNIO-CON-BERNI-1024x682.jpeg","blog_images":{"medium":"https:\/\/diarioprincipios.com\/wp-content\/uploads\/2021\/01\/MUSSI-SE-REUNIO-CON-BERNI-300x200.jpeg","large":"https:\/\/diarioprincipios.com\/wp-content\/uploads\/2021\/01\/MUSSI-SE-REUNIO-CON-BERNI-1024x682.jpeg"},"ams_acf":[],"yoast_head":"<!-- This site is optimized with the Yoast SEO plugin v27.3 - https:\/\/yoast.com\/product\/yoast-seo-wordpress\/ -->\n<title>Mussi se reuni\u00f3 con Berni y solicit\u00f3 mayor presencia policial en la v\u00eda p\u00fablica - Principios<\/title>\n<meta name=\"robots\" content=\"index, follow, max-snippet:-1, max-image-preview:large, max-video-preview:-1\" \/>\n<link rel=\"canonical\" href=\"https:\/\/diarioprincipios.com\/index.php\/2021\/01\/23\/mussi-se-reunio-con-berni-y-solicito-mayor-presencia-policial-en-la-via-publica\/\" \/>\n<meta property=\"og:locale\" content=\"es_ES\" \/>\n<meta property=\"og:type\" content=\"article\" \/>\n<meta property=\"og:title\" content=\"Mussi se reuni\u00f3 con Berni y solicit\u00f3 mayor presencia policial en la v\u00eda p\u00fablica - Principios\" \/>\n<meta property=\"og:description\" content=\"A ra\u00edz del incremento de los delitos registrados en este \u00faltimo tiempo a nivel local, el intendente de Berazategui, Juan Jos\u00e9 Mussi, mantuvo una reuni\u00f3n con el ministro de Seguridad de la provincia de Buenos Aires, Sergio Berni, en la que le solicit\u00f3 mayor presencia policial para las calles del distrito. Tras el encuentro, el...\" \/>\n<meta property=\"og:url\" content=\"https:\/\/diarioprincipios.com\/index.php\/2021\/01\/23\/mussi-se-reunio-con-berni-y-solicito-mayor-presencia-policial-en-la-via-publica\/\" \/>\n<meta property=\"og:site_name\" content=\"Principios\" \/>\n<meta property=\"article:published_time\" content=\"2021-01-23T23:39:46+00:00\" \/>\n<meta property=\"article:modified_time\" content=\"2021-01-23T23:39:52+00:00\" \/>\n<meta property=\"og:image\" content=\"https:\/\/diarioprincipios.com\/wp-content\/uploads\/2021\/01\/MUSSI-SE-REUNIO-CON-BERNI.jpeg\" \/>\n\t<meta property=\"og:image:width\" content=\"1280\" \/>\n\t<meta property=\"og:image:height\" content=\"853\" \/>\n\t<meta property=\"og:image:type\" content=\"image\/jpeg\" \/>\n<meta name=\"author\" content=\"Hern\u00e1n L\u00f3pez\" \/>\n<meta name=\"twitter:card\" content=\"summary_large_image\" \/>\n<meta name=\"twitter:label1\" content=\"Escrito por\" \/>\n\t<meta name=\"twitter:data1\" content=\"Hern\u00e1n L\u00f3pez\" \/>\n\t<meta name=\"twitter:label2\" content=\"Tiempo de lectura\" \/>\n\t<meta name=\"twitter:data2\" content=\"2 minutos\" \/>\n<script type=\"application\/ld+json\" class=\"yoast-schema-graph\">{\"@context\":\"https:\\\/\\\/schema.org\",\"@graph\":[{\"@type\":\"Article\",\"@id\":\"https:\\\/\\\/diarioprincipios.com\\\/index.php\\\/2021\\\/01\\\/23\\\/mussi-se-reunio-con-berni-y-solicito-mayor-presencia-policial-en-la-via-publica\\\/#article\",\"isPartOf\":{\"@id\":\"https:\\\/\\\/diarioprincipios.com\\\/index.php\\\/2021\\\/01\\\/23\\\/mussi-se-reunio-con-berni-y-solicito-mayor-presencia-policial-en-la-via-publica\\\/\"},\"author\":{\"name\":\"Hern\u00e1n L\u00f3pez\",\"@id\":\"https:\\\/\\\/diarioprincipios.com\\\/#\\\/schema\\\/person\\\/436d5a1fd41a5e250e23ff5a6a7cb080\"},\"headline\":\"Mussi se reuni\u00f3 con Berni y solicit\u00f3 mayor presencia policial en la v\u00eda p\u00fablica\",\"datePublished\":\"2021-01-23T23:39:46+00:00\",\"dateModified\":\"2021-01-23T23:39:52+00:00\",\"mainEntityOfPage\":{\"@id\":\"https:\\\/\\\/diarioprincipios.com\\\/index.php\\\/2021\\\/01\\\/23\\\/mussi-se-reunio-con-berni-y-solicito-mayor-presencia-policial-en-la-via-publica\\\/\"},\"wordCount\":359,\"commentCount\":0,\"publisher\":{\"@id\":\"https:\\\/\\\/diarioprincipios.com\\\/#organization\"},\"image\":{\"@id\":\"https:\\\/\\\/diarioprincipios.com\\\/index.php\\\/2021\\\/01\\\/23\\\/mussi-se-reunio-con-berni-y-solicito-mayor-presencia-policial-en-la-via-publica\\\/#primaryimage\"},\"thumbnailUrl\":\"https:\\\/\\\/diarioprincipios.com\\\/wp-content\\\/uploads\\\/2021\\\/01\\\/MUSSI-SE-REUNIO-CON-BERNI.jpeg\",\"articleSection\":[\"Berazategui\"],\"inLanguage\":\"es\",\"potentialAction\":[{\"@type\":\"CommentAction\",\"name\":\"Comment\",\"target\":[\"https:\\\/\\\/diarioprincipios.com\\\/index.php\\\/2021\\\/01\\\/23\\\/mussi-se-reunio-con-berni-y-solicito-mayor-presencia-policial-en-la-via-publica\\\/#respond\"]}]},{\"@type\":\"WebPage\",\"@id\":\"https:\\\/\\\/diarioprincipios.com\\\/index.php\\\/2021\\\/01\\\/23\\\/mussi-se-reunio-con-berni-y-solicito-mayor-presencia-policial-en-la-via-publica\\\/\",\"url\":\"https:\\\/\\\/diarioprincipios.com\\\/index.php\\\/2021\\\/01\\\/23\\\/mussi-se-reunio-con-berni-y-solicito-mayor-presencia-policial-en-la-via-publica\\\/\",\"name\":\"Mussi se reuni\u00f3 con Berni y solicit\u00f3 mayor presencia policial en la v\u00eda p\u00fablica - Principios\",\"isPartOf\":{\"@id\":\"https:\\\/\\\/diarioprincipios.com\\\/#website\"},\"primaryImageOfPage\":{\"@id\":\"https:\\\/\\\/diarioprincipios.com\\\/index.php\\\/2021\\\/01\\\/23\\\/mussi-se-reunio-con-berni-y-solicito-mayor-presencia-policial-en-la-via-publica\\\/#primaryimage\"},\"image\":{\"@id\":\"https:\\\/\\\/diarioprincipios.com\\\/index.php\\\/2021\\\/01\\\/23\\\/mussi-se-reunio-con-berni-y-solicito-mayor-presencia-policial-en-la-via-publica\\\/#primaryimage\"},\"thumbnailUrl\":\"https:\\\/\\\/diarioprincipios.com\\\/wp-content\\\/uploads\\\/2021\\\/01\\\/MUSSI-SE-REUNIO-CON-BERNI.jpeg\",\"datePublished\":\"2021-01-23T23:39:46+00:00\",\"dateModified\":\"2021-01-23T23:39:52+00:00\",\"breadcrumb\":{\"@id\":\"https:\\\/\\\/diarioprincipios.com\\\/index.php\\\/2021\\\/01\\\/23\\\/mussi-se-reunio-con-berni-y-solicito-mayor-presencia-policial-en-la-via-publica\\\/#breadcrumb\"},\"inLanguage\":\"es\",\"potentialAction\":[{\"@type\":\"ReadAction\",\"target\":[\"https:\\\/\\\/diarioprincipios.com\\\/index.php\\\/2021\\\/01\\\/23\\\/mussi-se-reunio-con-berni-y-solicito-mayor-presencia-policial-en-la-via-publica\\\/\"]}]},{\"@type\":\"ImageObject\",\"inLanguage\":\"es\",\"@id\":\"https:\\\/\\\/diarioprincipios.com\\\/index.php\\\/2021\\\/01\\\/23\\\/mussi-se-reunio-con-berni-y-solicito-mayor-presencia-policial-en-la-via-publica\\\/#primaryimage\",\"url\":\"https:\\\/\\\/diarioprincipios.com\\\/wp-content\\\/uploads\\\/2021\\\/01\\\/MUSSI-SE-REUNIO-CON-BERNI.jpeg\",\"contentUrl\":\"https:\\\/\\\/diarioprincipios.com\\\/wp-content\\\/uploads\\\/2021\\\/01\\\/MUSSI-SE-REUNIO-CON-BERNI.jpeg\",\"width\":1280,\"height\":853},{\"@type\":\"BreadcrumbList\",\"@id\":\"https:\\\/\\\/diarioprincipios.com\\\/index.php\\\/2021\\\/01\\\/23\\\/mussi-se-reunio-con-berni-y-solicito-mayor-presencia-policial-en-la-via-publica\\\/#breadcrumb\",\"itemListElement\":[{\"@type\":\"ListItem\",\"position\":1,\"name\":\"Portada\",\"item\":\"https:\\\/\\\/diarioprincipios.com\\\/\"},{\"@type\":\"ListItem\",\"position\":2,\"name\":\"Mussi se reuni\u00f3 con Berni y solicit\u00f3 mayor presencia policial en la v\u00eda p\u00fablica\"}]},{\"@type\":\"WebSite\",\"@id\":\"https:\\\/\\\/diarioprincipios.com\\\/#website\",\"url\":\"https:\\\/\\\/diarioprincipios.com\\\/\",\"name\":\"Principios\",\"description\":\"Principios Diario\",\"publisher\":{\"@id\":\"https:\\\/\\\/diarioprincipios.com\\\/#organization\"},\"potentialAction\":[{\"@type\":\"SearchAction\",\"target\":{\"@type\":\"EntryPoint\",\"urlTemplate\":\"https:\\\/\\\/diarioprincipios.com\\\/?s={search_term_string}\"},\"query-input\":{\"@type\":\"PropertyValueSpecification\",\"valueRequired\":true,\"valueName\":\"search_term_string\"}}],\"inLanguage\":\"es\"},{\"@type\":\"Organization\",\"@id\":\"https:\\\/\\\/diarioprincipios.com\\\/#organization\",\"name\":\"Principios\",\"url\":\"https:\\\/\\\/diarioprincipios.com\\\/\",\"logo\":{\"@type\":\"ImageObject\",\"inLanguage\":\"es\",\"@id\":\"https:\\\/\\\/diarioprincipios.com\\\/#\\\/schema\\\/logo\\\/image\\\/\",\"url\":\"https:\\\/\\\/diarioprincipios.com\\\/wp-content\\\/uploads\\\/2024\\\/04\\\/cropped-www.diarioprincipios.com_-1.png\",\"contentUrl\":\"https:\\\/\\\/diarioprincipios.com\\\/wp-content\\\/uploads\\\/2024\\\/04\\\/cropped-www.diarioprincipios.com_-1.png\",\"width\":5325,\"height\":1454,\"caption\":\"Principios\"},\"image\":{\"@id\":\"https:\\\/\\\/diarioprincipios.com\\\/#\\\/schema\\\/logo\\\/image\\\/\"}},{\"@type\":\"Person\",\"@id\":\"https:\\\/\\\/diarioprincipios.com\\\/#\\\/schema\\\/person\\\/436d5a1fd41a5e250e23ff5a6a7cb080\",\"name\":\"Hern\u00e1n L\u00f3pez\",\"image\":{\"@type\":\"ImageObject\",\"inLanguage\":\"es\",\"@id\":\"https:\\\/\\\/diarioprincipios.com\\\/wp-content\\\/litespeed\\\/avatar\\\/11ddfe5610ff3bd100522525b2571f48.jpg?ver=1777048341\",\"url\":\"https:\\\/\\\/diarioprincipios.com\\\/wp-content\\\/litespeed\\\/avatar\\\/11ddfe5610ff3bd100522525b2571f48.jpg?ver=1777048341\",\"contentUrl\":\"https:\\\/\\\/diarioprincipios.com\\\/wp-content\\\/litespeed\\\/avatar\\\/11ddfe5610ff3bd100522525b2571f48.jpg?ver=1777048341\",\"caption\":\"Hern\u00e1n L\u00f3pez\"},\"url\":\"https:\\\/\\\/diarioprincipios.com\\\/index.php\\\/author\\\/hernan\\\/\"}]}<\/script>\n<!-- \/ Yoast SEO plugin. -->","yoast_head_json":{"title":"Mussi se reuni\u00f3 con Berni y solicit\u00f3 mayor presencia policial en la v\u00eda p\u00fablica - Principios","robots":{"index":"index","follow":"follow","max-snippet":"max-snippet:-1","max-image-preview":"max-image-preview:large","max-video-preview":"max-video-preview:-1"},"canonical":"https:\/\/diarioprincipios.com\/index.php\/2021\/01\/23\/mussi-se-reunio-con-berni-y-solicito-mayor-presencia-policial-en-la-via-publica\/","og_locale":"es_ES","og_type":"article","og_title":"Mussi se reuni\u00f3 con Berni y solicit\u00f3 mayor presencia policial en la v\u00eda p\u00fablica - Principios","og_description":"A ra\u00edz del incremento de los delitos registrados en este \u00faltimo tiempo a nivel local, el intendente de Berazategui, Juan Jos\u00e9 Mussi, mantuvo una reuni\u00f3n con el ministro de Seguridad de la provincia de Buenos Aires, Sergio Berni, en la que le solicit\u00f3 mayor presencia policial para las calles del distrito. Tras el encuentro, el...","og_url":"https:\/\/diarioprincipios.com\/index.php\/2021\/01\/23\/mussi-se-reunio-con-berni-y-solicito-mayor-presencia-policial-en-la-via-publica\/","og_site_name":"Principios","article_published_time":"2021-01-23T23:39:46+00:00","article_modified_time":"2021-01-23T23:39:52+00:00","og_image":[{"width":1280,"height":853,"url":"https:\/\/diarioprincipios.com\/wp-content\/uploads\/2021\/01\/MUSSI-SE-REUNIO-CON-BERNI.jpeg","type":"image\/jpeg"}],"author":"Hern\u00e1n L\u00f3pez","twitter_card":"summary_large_image","twitter_misc":{"Escrito por":"Hern\u00e1n L\u00f3pez","Tiempo de lectura":"2 minutos"},"schema":{"@context":"https:\/\/schema.org","@graph":[{"@type":"Article","@id":"https:\/\/diarioprincipios.com\/index.php\/2021\/01\/23\/mussi-se-reunio-con-berni-y-solicito-mayor-presencia-policial-en-la-via-publica\/#article","isPartOf":{"@id":"https:\/\/diarioprincipios.com\/index.php\/2021\/01\/23\/mussi-se-reunio-con-berni-y-solicito-mayor-presencia-policial-en-la-via-publica\/"},"author":{"name":"Hern\u00e1n L\u00f3pez","@id":"https:\/\/diarioprincipios.com\/#\/schema\/person\/436d5a1fd41a5e250e23ff5a6a7cb080"},"headline":"Mussi se reuni\u00f3 con Berni y solicit\u00f3 mayor presencia policial en la v\u00eda p\u00fablica","datePublished":"2021-01-23T23:39:46+00:00","dateModified":"2021-01-23T23:39:52+00:00","mainEntityOfPage":{"@id":"https:\/\/diarioprincipios.com\/index.php\/2021\/01\/23\/mussi-se-reunio-con-berni-y-solicito-mayor-presencia-policial-en-la-via-publica\/"},"wordCount":359,"commentCount":0,"publisher":{"@id":"https:\/\/diarioprincipios.com\/#organization"},"image":{"@id":"https:\/\/diarioprincipios.com\/index.php\/2021\/01\/23\/mussi-se-reunio-con-berni-y-solicito-mayor-presencia-policial-en-la-via-publica\/#primaryimage"},"thumbnailUrl":"https:\/\/diarioprincipios.com\/wp-content\/uploads\/2021\/01\/MUSSI-SE-REUNIO-CON-BERNI.jpeg","articleSection":["Berazategui"],"inLanguage":"es","potentialAction":[{"@type":"CommentAction","name":"Comment","target":["https:\/\/diarioprincipios.com\/index.php\/2021\/01\/23\/mussi-se-reunio-con-berni-y-solicito-mayor-presencia-policial-en-la-via-publica\/#respond"]}]},{"@type":"WebPage","@id":"https:\/\/diarioprincipios.com\/index.php\/2021\/01\/23\/mussi-se-reunio-con-berni-y-solicito-mayor-presencia-policial-en-la-via-publica\/","url":"https:\/\/diarioprincipios.com\/index.php\/2021\/01\/23\/mussi-se-reunio-con-berni-y-solicito-mayor-presencia-policial-en-la-via-publica\/","name":"Mussi se reuni\u00f3 con Berni y solicit\u00f3 mayor presencia policial en la v\u00eda p\u00fablica - Principios","isPartOf":{"@id":"https:\/\/diarioprincipios.com\/#website"},"primaryImageOfPage":{"@id":"https:\/\/diarioprincipios.com\/index.php\/2021\/01\/23\/mussi-se-reunio-con-berni-y-solicito-mayor-presencia-policial-en-la-via-publica\/#primaryimage"},"image":{"@id":"https:\/\/diarioprincipios.com\/index.php\/2021\/01\/23\/mussi-se-reunio-con-berni-y-solicito-mayor-presencia-policial-en-la-via-publica\/#primaryimage"},"thumbnailUrl":"https:\/\/diarioprincipios.com\/wp-content\/uploads\/2021\/01\/MUSSI-SE-REUNIO-CON-BERNI.jpeg","datePublished":"2021-01-23T23:39:46+00:00","dateModified":"2021-01-23T23:39:52+00:00","breadcrumb":{"@id":"https:\/\/diarioprincipios.com\/index.php\/2021\/01\/23\/mussi-se-reunio-con-berni-y-solicito-mayor-presencia-policial-en-la-via-publica\/#breadcrumb"},"inLanguage":"es","potentialAction":[{"@type":"ReadAction","target":["https:\/\/diarioprincipios.com\/index.php\/2021\/01\/23\/mussi-se-reunio-con-berni-y-solicito-mayor-presencia-policial-en-la-via-publica\/"]}]},{"@type":"ImageObject","inLanguage":"es","@id":"https:\/\/diarioprincipios.com\/index.php\/2021\/01\/23\/mussi-se-reunio-con-berni-y-solicito-mayor-presencia-policial-en-la-via-publica\/#primaryimage","url":"https:\/\/diarioprincipios.com\/wp-content\/uploads\/2021\/01\/MUSSI-SE-REUNIO-CON-BERNI.jpeg","contentUrl":"https:\/\/diarioprincipios.com\/wp-content\/uploads\/2021\/01\/MUSSI-SE-REUNIO-CON-BERNI.jpeg","width":1280,"height":853},{"@type":"BreadcrumbList","@id":"https:\/\/diarioprincipios.com\/index.php\/2021\/01\/23\/mussi-se-reunio-con-berni-y-solicito-mayor-presencia-policial-en-la-via-publica\/#breadcrumb","itemListElement":[{"@type":"ListItem","position":1,"name":"Portada","item":"https:\/\/diarioprincipios.com\/"},{"@type":"ListItem","position":2,"name":"Mussi se reuni\u00f3 con Berni y solicit\u00f3 mayor presencia policial en la v\u00eda p\u00fablica"}]},{"@type":"WebSite","@id":"https:\/\/diarioprincipios.com\/#website","url":"https:\/\/diarioprincipios.com\/","name":"Principios","description":"Principios Diario","publisher":{"@id":"https:\/\/diarioprincipios.com\/#organization"},"potentialAction":[{"@type":"SearchAction","target":{"@type":"EntryPoint","urlTemplate":"https:\/\/diarioprincipios.com\/?s={search_term_string}"},"query-input":{"@type":"PropertyValueSpecification","valueRequired":true,"valueName":"search_term_string"}}],"inLanguage":"es"},{"@type":"Organization","@id":"https:\/\/diarioprincipios.com\/#organization","name":"Principios","url":"https:\/\/diarioprincipios.com\/","logo":{"@type":"ImageObject","inLanguage":"es","@id":"https:\/\/diarioprincipios.com\/#\/schema\/logo\/image\/","url":"https:\/\/diarioprincipios.com\/wp-content\/uploads\/2024\/04\/cropped-www.diarioprincipios.com_-1.png","contentUrl":"https:\/\/diarioprincipios.com\/wp-content\/uploads\/2024\/04\/cropped-www.diarioprincipios.com_-1.png","width":5325,"height":1454,"caption":"Principios"},"image":{"@id":"https:\/\/diarioprincipios.com\/#\/schema\/logo\/image\/"}},{"@type":"Person","@id":"https:\/\/diarioprincipios.com\/#\/schema\/person\/436d5a1fd41a5e250e23ff5a6a7cb080","name":"Hern\u00e1n L\u00f3pez","image":{"@type":"ImageObject","inLanguage":"es","@id":"https:\/\/diarioprincipios.com\/wp-content\/litespeed\/avatar\/11ddfe5610ff3bd100522525b2571f48.jpg?ver=1777048341","url":"https:\/\/diarioprincipios.com\/wp-content\/litespeed\/avatar\/11ddfe5610ff3bd100522525b2571f48.jpg?ver=1777048341","contentUrl":"https:\/\/diarioprincipios.com\/wp-content\/litespeed\/avatar\/11ddfe5610ff3bd100522525b2571f48.jpg?ver=1777048341","caption":"Hern\u00e1n L\u00f3pez"},"url":"https:\/\/diarioprincipios.com\/index.php\/author\/hernan\/"}]}},"jetpack_featured_media_url":"https:\/\/diarioprincipios.com\/wp-content\/uploads\/2021\/01\/MUSSI-SE-REUNIO-CON-BERNI.jpeg","_links":{"self":[{"href":"https:\/\/diarioprincipios.com\/index.php\/wp-json\/wp\/v2\/posts\/8302","targetHints":{"allow":["GET"]}}],"collection":[{"href":"https:\/\/diarioprincipios.com\/index.php\/wp-json\/wp\/v2\/posts"}],"about":[{"href":"https:\/\/diarioprincipios.com\/index.php\/wp-json\/wp\/v2\/types\/post"}],"author":[{"embeddable":true,"href":"https:\/\/diarioprincipios.com\/index.php\/wp-json\/wp\/v2\/users\/2"}],"replies":[{"embeddable":true,"href":"https:\/\/diarioprincipios.com\/index.php\/wp-json\/wp\/v2\/comments?post=8302"}],"version-history":[{"count":1,"href":"https:\/\/diarioprincipios.com\/index.php\/wp-json\/wp\/v2\/posts\/8302\/revisions"}],"predecessor-version":[{"id":8304,"href":"https:\/\/diarioprincipios.com\/index.php\/wp-json\/wp\/v2\/posts\/8302\/revisions\/8304"}],"wp:featuredmedia":[{"embeddable":true,"href":"https:\/\/diarioprincipios.com\/index.php\/wp-json\/wp\/v2\/media\/8303"}],"wp:attachment":[{"href":"https:\/\/diarioprincipios.com\/index.php\/wp-json\/wp\/v2\/media?parent=8302"}],"wp:term":[{"taxonomy":"category","embeddable":true,"href":"https:\/\/diarioprincipios.com\/index.php\/wp-json\/wp\/v2\/categories?post=8302"},{"taxonomy":"post_tag","embeddable":true,"href":"https:\/\/diarioprincipios.com\/index.php\/wp-json\/wp\/v2\/tags?post=8302"}],"curies":[{"name":"wp","href":"https:\/\/api.w.org\/{rel}","templated":true}]}}