{"id":8297,"date":"2021-01-22T16:08:07","date_gmt":"2021-01-22T19:08:07","guid":{"rendered":"http:\/\/diarioprincipios.com\/?p=8297"},"modified":"2021-01-22T16:08:11","modified_gmt":"2021-01-22T19:08:11","slug":"el-municipio-pide-mas-precaucion-con-los-residuos-domiciliarios","status":"publish","type":"post","link":"https:\/\/diarioprincipios.com\/index.php\/2021\/01\/22\/el-municipio-pide-mas-precaucion-con-los-residuos-domiciliarios\/","title":{"rendered":"El Municipio pide m\u00e1s precauci\u00f3n con los residuos domiciliarios"},"content":{"rendered":"\n<p><strong>Con el fin de evitar accidentes y resguardar la integridad f\u00edsica de los recolectores, la Municipalidad de Berazategui, a trav\u00e9s de la Coordinaci\u00f3n General de Higiene Urbana, le solicita a la comunidad una mayor rigurosidad en el cuidado de la disposici\u00f3n de los residuos domiciliarios.<\/strong><\/p>\n\n\n\n<p>En el transcurso del 2020, fueron m\u00e1s de 100 los agentes municipales que sufrieron alguna herida mientras desarrollaban sus tareas de recolecci\u00f3n. Por eso, el Municipio les sugiere a los vecinos tener en cuenta las siguientes indicaciones a la hora de sacar la basura a la calle:<\/p>\n\n\n\n<p>&#8211; No colgar las bolsas de residuos en postes, pilares de electricidad, clavos en \u00e1rboles, neum\u00e1ticos o rejas; y procurar hacerlo \u00fanicamente en canastos de basura.<\/p>\n\n\n\n<p>&#8211; Separar el vidrio roto, envolverlo o ponerlo en cajas o botellas de pl\u00e1stico, y colocarle un cartel de aviso.<\/p>\n\n\n\n<p>&#8211; Colocar los objetos cortopunzantes dentro de botellas de pl\u00e1stico cerradas.<\/p>\n\n\n\n<p>&#8211; Sacar los residuos domiciliarios en el horario que corresponde, de domingo a viernes de 19.00 a 21.00.<\/p>\n","protected":false},"excerpt":{"rendered":"<p>Con el fin de evitar accidentes y resguardar la integridad f\u00edsica de los recolectores, la Municipalidad de Berazategui, a trav\u00e9s de la Coordinaci\u00f3n General de Higiene Urbana, le solicita a la comunidad una mayor rigurosidad en el cuidado de la disposici\u00f3n de los residuos domiciliarios. En el transcurso del 2020, fueron m\u00e1s de 100 los&#8230;<\/p>\n","protected":false},"author":2,"featured_media":8298,"comment_status":"open","ping_status":"open","sticky":false,"template":"","format":"standard","meta":{"footnotes":""},"categories":[3],"tags":[],"class_list":["post-8297","post","type-post","status-publish","format-standard","has-post-thumbnail","hentry","category-berazategui"],"featured_image_src":"https:\/\/diarioprincipios.com\/wp-content\/uploads\/2021\/01\/EL-MUNICIPIO-PIDE-MAS-PRECAUCION-CON-LOS-RESIDUOS-DOMICILIARIOS-1024x682.jpeg","blog_images":{"medium":"https:\/\/diarioprincipios.com\/wp-content\/uploads\/2021\/01\/EL-MUNICIPIO-PIDE-MAS-PRECAUCION-CON-LOS-RESIDUOS-DOMICILIARIOS-300x200.jpeg","large":"https:\/\/diarioprincipios.com\/wp-content\/uploads\/2021\/01\/EL-MUNICIPIO-PIDE-MAS-PRECAUCION-CON-LOS-RESIDUOS-DOMICILIARIOS-1024x682.jpeg"},"ams_acf":[],"yoast_head":"<!-- This site is optimized with the Yoast SEO plugin v27.3 - https:\/\/yoast.com\/product\/yoast-seo-wordpress\/ -->\n<title>El Municipio pide m\u00e1s precauci\u00f3n con los residuos domiciliarios - Principios<\/title>\n<meta name=\"robots\" content=\"index, follow, max-snippet:-1, max-image-preview:large, max-video-preview:-1\" \/>\n<link rel=\"canonical\" href=\"https:\/\/diarioprincipios.com\/index.php\/2021\/01\/22\/el-municipio-pide-mas-precaucion-con-los-residuos-domiciliarios\/\" \/>\n<meta property=\"og:locale\" content=\"es_ES\" \/>\n<meta property=\"og:type\" content=\"article\" \/>\n<meta property=\"og:title\" content=\"El Municipio pide m\u00e1s precauci\u00f3n con los residuos domiciliarios - Principios\" \/>\n<meta property=\"og:description\" content=\"Con el fin de evitar accidentes y resguardar la integridad f\u00edsica de los recolectores, la Municipalidad de Berazategui, a trav\u00e9s de la Coordinaci\u00f3n General de Higiene Urbana, le solicita a la comunidad una mayor rigurosidad en el cuidado de la disposici\u00f3n de los residuos domiciliarios. En el transcurso del 2020, fueron m\u00e1s de 100 los...\" \/>\n<meta property=\"og:url\" content=\"https:\/\/diarioprincipios.com\/index.php\/2021\/01\/22\/el-municipio-pide-mas-precaucion-con-los-residuos-domiciliarios\/\" \/>\n<meta property=\"og:site_name\" content=\"Principios\" \/>\n<meta property=\"article:published_time\" content=\"2021-01-22T19:08:07+00:00\" \/>\n<meta property=\"article:modified_time\" content=\"2021-01-22T19:08:11+00:00\" \/>\n<meta property=\"og:image\" content=\"https:\/\/diarioprincipios.com\/wp-content\/uploads\/2021\/01\/EL-MUNICIPIO-PIDE-MAS-PRECAUCION-CON-LOS-RESIDUOS-DOMICILIARIOS.jpeg\" \/>\n\t<meta property=\"og:image:width\" content=\"1280\" \/>\n\t<meta property=\"og:image:height\" content=\"853\" \/>\n\t<meta property=\"og:image:type\" content=\"image\/jpeg\" \/>\n<meta name=\"author\" content=\"Hern\u00e1n L\u00f3pez\" \/>\n<meta name=\"twitter:card\" content=\"summary_large_image\" \/>\n<meta name=\"twitter:label1\" content=\"Escrito por\" \/>\n\t<meta name=\"twitter:data1\" content=\"Hern\u00e1n L\u00f3pez\" \/>\n\t<meta name=\"twitter:label2\" content=\"Tiempo de lectura\" \/>\n\t<meta name=\"twitter:data2\" content=\"1 minuto\" \/>\n<script type=\"application\/ld+json\" class=\"yoast-schema-graph\">{\"@context\":\"https:\\\/\\\/schema.org\",\"@graph\":[{\"@type\":\"Article\",\"@id\":\"https:\\\/\\\/diarioprincipios.com\\\/index.php\\\/2021\\\/01\\\/22\\\/el-municipio-pide-mas-precaucion-con-los-residuos-domiciliarios\\\/#article\",\"isPartOf\":{\"@id\":\"https:\\\/\\\/diarioprincipios.com\\\/index.php\\\/2021\\\/01\\\/22\\\/el-municipio-pide-mas-precaucion-con-los-residuos-domiciliarios\\\/\"},\"author\":{\"name\":\"Hern\u00e1n L\u00f3pez\",\"@id\":\"https:\\\/\\\/diarioprincipios.com\\\/#\\\/schema\\\/person\\\/436d5a1fd41a5e250e23ff5a6a7cb080\"},\"headline\":\"El Municipio pide m\u00e1s precauci\u00f3n con los residuos domiciliarios\",\"datePublished\":\"2021-01-22T19:08:07+00:00\",\"dateModified\":\"2021-01-22T19:08:11+00:00\",\"mainEntityOfPage\":{\"@id\":\"https:\\\/\\\/diarioprincipios.com\\\/index.php\\\/2021\\\/01\\\/22\\\/el-municipio-pide-mas-precaucion-con-los-residuos-domiciliarios\\\/\"},\"wordCount\":183,\"commentCount\":0,\"publisher\":{\"@id\":\"https:\\\/\\\/diarioprincipios.com\\\/#organization\"},\"image\":{\"@id\":\"https:\\\/\\\/diarioprincipios.com\\\/index.php\\\/2021\\\/01\\\/22\\\/el-municipio-pide-mas-precaucion-con-los-residuos-domiciliarios\\\/#primaryimage\"},\"thumbnailUrl\":\"https:\\\/\\\/diarioprincipios.com\\\/wp-content\\\/uploads\\\/2021\\\/01\\\/EL-MUNICIPIO-PIDE-MAS-PRECAUCION-CON-LOS-RESIDUOS-DOMICILIARIOS.jpeg\",\"articleSection\":[\"Berazategui\"],\"inLanguage\":\"es\",\"potentialAction\":[{\"@type\":\"CommentAction\",\"name\":\"Comment\",\"target\":[\"https:\\\/\\\/diarioprincipios.com\\\/index.php\\\/2021\\\/01\\\/22\\\/el-municipio-pide-mas-precaucion-con-los-residuos-domiciliarios\\\/#respond\"]}]},{\"@type\":\"WebPage\",\"@id\":\"https:\\\/\\\/diarioprincipios.com\\\/index.php\\\/2021\\\/01\\\/22\\\/el-municipio-pide-mas-precaucion-con-los-residuos-domiciliarios\\\/\",\"url\":\"https:\\\/\\\/diarioprincipios.com\\\/index.php\\\/2021\\\/01\\\/22\\\/el-municipio-pide-mas-precaucion-con-los-residuos-domiciliarios\\\/\",\"name\":\"El Municipio pide m\u00e1s precauci\u00f3n con los residuos domiciliarios - Principios\",\"isPartOf\":{\"@id\":\"https:\\\/\\\/diarioprincipios.com\\\/#website\"},\"primaryImageOfPage\":{\"@id\":\"https:\\\/\\\/diarioprincipios.com\\\/index.php\\\/2021\\\/01\\\/22\\\/el-municipio-pide-mas-precaucion-con-los-residuos-domiciliarios\\\/#primaryimage\"},\"image\":{\"@id\":\"https:\\\/\\\/diarioprincipios.com\\\/index.php\\\/2021\\\/01\\\/22\\\/el-municipio-pide-mas-precaucion-con-los-residuos-domiciliarios\\\/#primaryimage\"},\"thumbnailUrl\":\"https:\\\/\\\/diarioprincipios.com\\\/wp-content\\\/uploads\\\/2021\\\/01\\\/EL-MUNICIPIO-PIDE-MAS-PRECAUCION-CON-LOS-RESIDUOS-DOMICILIARIOS.jpeg\",\"datePublished\":\"2021-01-22T19:08:07+00:00\",\"dateModified\":\"2021-01-22T19:08:11+00:00\",\"breadcrumb\":{\"@id\":\"https:\\\/\\\/diarioprincipios.com\\\/index.php\\\/2021\\\/01\\\/22\\\/el-municipio-pide-mas-precaucion-con-los-residuos-domiciliarios\\\/#breadcrumb\"},\"inLanguage\":\"es\",\"potentialAction\":[{\"@type\":\"ReadAction\",\"target\":[\"https:\\\/\\\/diarioprincipios.com\\\/index.php\\\/2021\\\/01\\\/22\\\/el-municipio-pide-mas-precaucion-con-los-residuos-domiciliarios\\\/\"]}]},{\"@type\":\"ImageObject\",\"inLanguage\":\"es\",\"@id\":\"https:\\\/\\\/diarioprincipios.com\\\/index.php\\\/2021\\\/01\\\/22\\\/el-municipio-pide-mas-precaucion-con-los-residuos-domiciliarios\\\/#primaryimage\",\"url\":\"https:\\\/\\\/diarioprincipios.com\\\/wp-content\\\/uploads\\\/2021\\\/01\\\/EL-MUNICIPIO-PIDE-MAS-PRECAUCION-CON-LOS-RESIDUOS-DOMICILIARIOS.jpeg\",\"contentUrl\":\"https:\\\/\\\/diarioprincipios.com\\\/wp-content\\\/uploads\\\/2021\\\/01\\\/EL-MUNICIPIO-PIDE-MAS-PRECAUCION-CON-LOS-RESIDUOS-DOMICILIARIOS.jpeg\",\"width\":1280,\"height\":853},{\"@type\":\"BreadcrumbList\",\"@id\":\"https:\\\/\\\/diarioprincipios.com\\\/index.php\\\/2021\\\/01\\\/22\\\/el-municipio-pide-mas-precaucion-con-los-residuos-domiciliarios\\\/#breadcrumb\",\"itemListElement\":[{\"@type\":\"ListItem\",\"position\":1,\"name\":\"Portada\",\"item\":\"https:\\\/\\\/diarioprincipios.com\\\/\"},{\"@type\":\"ListItem\",\"position\":2,\"name\":\"El Municipio pide m\u00e1s precauci\u00f3n con los residuos domiciliarios\"}]},{\"@type\":\"WebSite\",\"@id\":\"https:\\\/\\\/diarioprincipios.com\\\/#website\",\"url\":\"https:\\\/\\\/diarioprincipios.com\\\/\",\"name\":\"Principios\",\"description\":\"Principios Diario\",\"publisher\":{\"@id\":\"https:\\\/\\\/diarioprincipios.com\\\/#organization\"},\"potentialAction\":[{\"@type\":\"SearchAction\",\"target\":{\"@type\":\"EntryPoint\",\"urlTemplate\":\"https:\\\/\\\/diarioprincipios.com\\\/?s={search_term_string}\"},\"query-input\":{\"@type\":\"PropertyValueSpecification\",\"valueRequired\":true,\"valueName\":\"search_term_string\"}}],\"inLanguage\":\"es\"},{\"@type\":\"Organization\",\"@id\":\"https:\\\/\\\/diarioprincipios.com\\\/#organization\",\"name\":\"Principios\",\"url\":\"https:\\\/\\\/diarioprincipios.com\\\/\",\"logo\":{\"@type\":\"ImageObject\",\"inLanguage\":\"es\",\"@id\":\"https:\\\/\\\/diarioprincipios.com\\\/#\\\/schema\\\/logo\\\/image\\\/\",\"url\":\"https:\\\/\\\/diarioprincipios.com\\\/wp-content\\\/uploads\\\/2024\\\/04\\\/cropped-www.diarioprincipios.com_-1.png\",\"contentUrl\":\"https:\\\/\\\/diarioprincipios.com\\\/wp-content\\\/uploads\\\/2024\\\/04\\\/cropped-www.diarioprincipios.com_-1.png\",\"width\":5325,\"height\":1454,\"caption\":\"Principios\"},\"image\":{\"@id\":\"https:\\\/\\\/diarioprincipios.com\\\/#\\\/schema\\\/logo\\\/image\\\/\"}},{\"@type\":\"Person\",\"@id\":\"https:\\\/\\\/diarioprincipios.com\\\/#\\\/schema\\\/person\\\/436d5a1fd41a5e250e23ff5a6a7cb080\",\"name\":\"Hern\u00e1n L\u00f3pez\",\"image\":{\"@type\":\"ImageObject\",\"inLanguage\":\"es\",\"@id\":\"https:\\\/\\\/diarioprincipios.com\\\/wp-content\\\/litespeed\\\/avatar\\\/11ddfe5610ff3bd100522525b2571f48.jpg?ver=1777048341\",\"url\":\"https:\\\/\\\/diarioprincipios.com\\\/wp-content\\\/litespeed\\\/avatar\\\/11ddfe5610ff3bd100522525b2571f48.jpg?ver=1777048341\",\"contentUrl\":\"https:\\\/\\\/diarioprincipios.com\\\/wp-content\\\/litespeed\\\/avatar\\\/11ddfe5610ff3bd100522525b2571f48.jpg?ver=1777048341\",\"caption\":\"Hern\u00e1n L\u00f3pez\"},\"url\":\"https:\\\/\\\/diarioprincipios.com\\\/index.php\\\/author\\\/hernan\\\/\"}]}<\/script>\n<!-- \/ Yoast SEO plugin. -->","yoast_head_json":{"title":"El Municipio pide m\u00e1s precauci\u00f3n con los residuos domiciliarios - Principios","robots":{"index":"index","follow":"follow","max-snippet":"max-snippet:-1","max-image-preview":"max-image-preview:large","max-video-preview":"max-video-preview:-1"},"canonical":"https:\/\/diarioprincipios.com\/index.php\/2021\/01\/22\/el-municipio-pide-mas-precaucion-con-los-residuos-domiciliarios\/","og_locale":"es_ES","og_type":"article","og_title":"El Municipio pide m\u00e1s precauci\u00f3n con los residuos domiciliarios - Principios","og_description":"Con el fin de evitar accidentes y resguardar la integridad f\u00edsica de los recolectores, la Municipalidad de Berazategui, a trav\u00e9s de la Coordinaci\u00f3n General de Higiene Urbana, le solicita a la comunidad una mayor rigurosidad en el cuidado de la disposici\u00f3n de los residuos domiciliarios. En el transcurso del 2020, fueron m\u00e1s de 100 los...","og_url":"https:\/\/diarioprincipios.com\/index.php\/2021\/01\/22\/el-municipio-pide-mas-precaucion-con-los-residuos-domiciliarios\/","og_site_name":"Principios","article_published_time":"2021-01-22T19:08:07+00:00","article_modified_time":"2021-01-22T19:08:11+00:00","og_image":[{"width":1280,"height":853,"url":"https:\/\/diarioprincipios.com\/wp-content\/uploads\/2021\/01\/EL-MUNICIPIO-PIDE-MAS-PRECAUCION-CON-LOS-RESIDUOS-DOMICILIARIOS.jpeg","type":"image\/jpeg"}],"author":"Hern\u00e1n L\u00f3pez","twitter_card":"summary_large_image","twitter_misc":{"Escrito por":"Hern\u00e1n L\u00f3pez","Tiempo de lectura":"1 minuto"},"schema":{"@context":"https:\/\/schema.org","@graph":[{"@type":"Article","@id":"https:\/\/diarioprincipios.com\/index.php\/2021\/01\/22\/el-municipio-pide-mas-precaucion-con-los-residuos-domiciliarios\/#article","isPartOf":{"@id":"https:\/\/diarioprincipios.com\/index.php\/2021\/01\/22\/el-municipio-pide-mas-precaucion-con-los-residuos-domiciliarios\/"},"author":{"name":"Hern\u00e1n L\u00f3pez","@id":"https:\/\/diarioprincipios.com\/#\/schema\/person\/436d5a1fd41a5e250e23ff5a6a7cb080"},"headline":"El Municipio pide m\u00e1s precauci\u00f3n con los residuos domiciliarios","datePublished":"2021-01-22T19:08:07+00:00","dateModified":"2021-01-22T19:08:11+00:00","mainEntityOfPage":{"@id":"https:\/\/diarioprincipios.com\/index.php\/2021\/01\/22\/el-municipio-pide-mas-precaucion-con-los-residuos-domiciliarios\/"},"wordCount":183,"commentCount":0,"publisher":{"@id":"https:\/\/diarioprincipios.com\/#organization"},"image":{"@id":"https:\/\/diarioprincipios.com\/index.php\/2021\/01\/22\/el-municipio-pide-mas-precaucion-con-los-residuos-domiciliarios\/#primaryimage"},"thumbnailUrl":"https:\/\/diarioprincipios.com\/wp-content\/uploads\/2021\/01\/EL-MUNICIPIO-PIDE-MAS-PRECAUCION-CON-LOS-RESIDUOS-DOMICILIARIOS.jpeg","articleSection":["Berazategui"],"inLanguage":"es","potentialAction":[{"@type":"CommentAction","name":"Comment","target":["https:\/\/diarioprincipios.com\/index.php\/2021\/01\/22\/el-municipio-pide-mas-precaucion-con-los-residuos-domiciliarios\/#respond"]}]},{"@type":"WebPage","@id":"https:\/\/diarioprincipios.com\/index.php\/2021\/01\/22\/el-municipio-pide-mas-precaucion-con-los-residuos-domiciliarios\/","url":"https:\/\/diarioprincipios.com\/index.php\/2021\/01\/22\/el-municipio-pide-mas-precaucion-con-los-residuos-domiciliarios\/","name":"El Municipio pide m\u00e1s precauci\u00f3n con los residuos domiciliarios - Principios","isPartOf":{"@id":"https:\/\/diarioprincipios.com\/#website"},"primaryImageOfPage":{"@id":"https:\/\/diarioprincipios.com\/index.php\/2021\/01\/22\/el-municipio-pide-mas-precaucion-con-los-residuos-domiciliarios\/#primaryimage"},"image":{"@id":"https:\/\/diarioprincipios.com\/index.php\/2021\/01\/22\/el-municipio-pide-mas-precaucion-con-los-residuos-domiciliarios\/#primaryimage"},"thumbnailUrl":"https:\/\/diarioprincipios.com\/wp-content\/uploads\/2021\/01\/EL-MUNICIPIO-PIDE-MAS-PRECAUCION-CON-LOS-RESIDUOS-DOMICILIARIOS.jpeg","datePublished":"2021-01-22T19:08:07+00:00","dateModified":"2021-01-22T19:08:11+00:00","breadcrumb":{"@id":"https:\/\/diarioprincipios.com\/index.php\/2021\/01\/22\/el-municipio-pide-mas-precaucion-con-los-residuos-domiciliarios\/#breadcrumb"},"inLanguage":"es","potentialAction":[{"@type":"ReadAction","target":["https:\/\/diarioprincipios.com\/index.php\/2021\/01\/22\/el-municipio-pide-mas-precaucion-con-los-residuos-domiciliarios\/"]}]},{"@type":"ImageObject","inLanguage":"es","@id":"https:\/\/diarioprincipios.com\/index.php\/2021\/01\/22\/el-municipio-pide-mas-precaucion-con-los-residuos-domiciliarios\/#primaryimage","url":"https:\/\/diarioprincipios.com\/wp-content\/uploads\/2021\/01\/EL-MUNICIPIO-PIDE-MAS-PRECAUCION-CON-LOS-RESIDUOS-DOMICILIARIOS.jpeg","contentUrl":"https:\/\/diarioprincipios.com\/wp-content\/uploads\/2021\/01\/EL-MUNICIPIO-PIDE-MAS-PRECAUCION-CON-LOS-RESIDUOS-DOMICILIARIOS.jpeg","width":1280,"height":853},{"@type":"BreadcrumbList","@id":"https:\/\/diarioprincipios.com\/index.php\/2021\/01\/22\/el-municipio-pide-mas-precaucion-con-los-residuos-domiciliarios\/#breadcrumb","itemListElement":[{"@type":"ListItem","position":1,"name":"Portada","item":"https:\/\/diarioprincipios.com\/"},{"@type":"ListItem","position":2,"name":"El Municipio pide m\u00e1s precauci\u00f3n con los residuos domiciliarios"}]},{"@type":"WebSite","@id":"https:\/\/diarioprincipios.com\/#website","url":"https:\/\/diarioprincipios.com\/","name":"Principios","description":"Principios Diario","publisher":{"@id":"https:\/\/diarioprincipios.com\/#organization"},"potentialAction":[{"@type":"SearchAction","target":{"@type":"EntryPoint","urlTemplate":"https:\/\/diarioprincipios.com\/?s={search_term_string}"},"query-input":{"@type":"PropertyValueSpecification","valueRequired":true,"valueName":"search_term_string"}}],"inLanguage":"es"},{"@type":"Organization","@id":"https:\/\/diarioprincipios.com\/#organization","name":"Principios","url":"https:\/\/diarioprincipios.com\/","logo":{"@type":"ImageObject","inLanguage":"es","@id":"https:\/\/diarioprincipios.com\/#\/schema\/logo\/image\/","url":"https:\/\/diarioprincipios.com\/wp-content\/uploads\/2024\/04\/cropped-www.diarioprincipios.com_-1.png","contentUrl":"https:\/\/diarioprincipios.com\/wp-content\/uploads\/2024\/04\/cropped-www.diarioprincipios.com_-1.png","width":5325,"height":1454,"caption":"Principios"},"image":{"@id":"https:\/\/diarioprincipios.com\/#\/schema\/logo\/image\/"}},{"@type":"Person","@id":"https:\/\/diarioprincipios.com\/#\/schema\/person\/436d5a1fd41a5e250e23ff5a6a7cb080","name":"Hern\u00e1n L\u00f3pez","image":{"@type":"ImageObject","inLanguage":"es","@id":"https:\/\/diarioprincipios.com\/wp-content\/litespeed\/avatar\/11ddfe5610ff3bd100522525b2571f48.jpg?ver=1777048341","url":"https:\/\/diarioprincipios.com\/wp-content\/litespeed\/avatar\/11ddfe5610ff3bd100522525b2571f48.jpg?ver=1777048341","contentUrl":"https:\/\/diarioprincipios.com\/wp-content\/litespeed\/avatar\/11ddfe5610ff3bd100522525b2571f48.jpg?ver=1777048341","caption":"Hern\u00e1n L\u00f3pez"},"url":"https:\/\/diarioprincipios.com\/index.php\/author\/hernan\/"}]}},"jetpack_featured_media_url":"https:\/\/diarioprincipios.com\/wp-content\/uploads\/2021\/01\/EL-MUNICIPIO-PIDE-MAS-PRECAUCION-CON-LOS-RESIDUOS-DOMICILIARIOS.jpeg","_links":{"self":[{"href":"https:\/\/diarioprincipios.com\/index.php\/wp-json\/wp\/v2\/posts\/8297","targetHints":{"allow":["GET"]}}],"collection":[{"href":"https:\/\/diarioprincipios.com\/index.php\/wp-json\/wp\/v2\/posts"}],"about":[{"href":"https:\/\/diarioprincipios.com\/index.php\/wp-json\/wp\/v2\/types\/post"}],"author":[{"embeddable":true,"href":"https:\/\/diarioprincipios.com\/index.php\/wp-json\/wp\/v2\/users\/2"}],"replies":[{"embeddable":true,"href":"https:\/\/diarioprincipios.com\/index.php\/wp-json\/wp\/v2\/comments?post=8297"}],"version-history":[{"count":1,"href":"https:\/\/diarioprincipios.com\/index.php\/wp-json\/wp\/v2\/posts\/8297\/revisions"}],"predecessor-version":[{"id":8299,"href":"https:\/\/diarioprincipios.com\/index.php\/wp-json\/wp\/v2\/posts\/8297\/revisions\/8299"}],"wp:featuredmedia":[{"embeddable":true,"href":"https:\/\/diarioprincipios.com\/index.php\/wp-json\/wp\/v2\/media\/8298"}],"wp:attachment":[{"href":"https:\/\/diarioprincipios.com\/index.php\/wp-json\/wp\/v2\/media?parent=8297"}],"wp:term":[{"taxonomy":"category","embeddable":true,"href":"https:\/\/diarioprincipios.com\/index.php\/wp-json\/wp\/v2\/categories?post=8297"},{"taxonomy":"post_tag","embeddable":true,"href":"https:\/\/diarioprincipios.com\/index.php\/wp-json\/wp\/v2\/tags?post=8297"}],"curies":[{"name":"wp","href":"https:\/\/api.w.org\/{rel}","templated":true}]}}