{"id":828,"date":"2020-04-20T17:18:57","date_gmt":"2020-04-20T17:18:57","guid":{"rendered":"http:\/\/diarioprincipios.com\/?p=828"},"modified":"2020-04-20T17:18:59","modified_gmt":"2020-04-20T17:18:59","slug":"proponen-implementar-por-ley-la-receta-electronica-o-digital-para-garantizar-acceso-a-la-salud","status":"publish","type":"post","link":"https:\/\/diarioprincipios.com\/index.php\/2020\/04\/20\/proponen-implementar-por-ley-la-receta-electronica-o-digital-para-garantizar-acceso-a-la-salud\/","title":{"rendered":"Proponen implementar por ley la receta electr\u00f3nica o digital para garantizar acceso a la salud"},"content":{"rendered":"\n<p>Un proyecto que busca establecer por ley la implementaci\u00f3n de la receta electr\u00f3nica o digital en el \u00e1mbito de la salud, en el marco de las restricciones impuestas para circular por la pandemia de coronavirus, fue presentado hoy en la C\u00e1mara alta por la senadora del Frente de Todos, Mar\u00eda Eugenia Catalfamo.<\/p>\n\n\n\n<p>\u00abSe trata de una herramienta innovadora para garantizar el acceso a los servicios de salud\u00bb, explic\u00f3 Catalfamo.<\/p>\n\n\n\n<p>La senadora por San Luis explic\u00f3 que \u00abes necesario que los profesionales de la salud facultados para prescribir recetas las confeccionen y firmen en formato electr\u00f3nico o digital, y tengan la opci\u00f3n de hacerlo en dichas modalidades en los casos espec\u00edficos que correspondan\u00bb.<\/p>\n\n\n\n<p>La iniciativa apunta a modificar la legislaci\u00f3n vigente en lo referido a la regulaci\u00f3n del ejercicio de la medicina, odontolog\u00eda y sus actividades vinculadas, incorporar la definici\u00f3n de receta electr\u00f3nica o digital y modificar los requisitos para el despacho al p\u00fablico de determinados psicotr\u00f3picos.<\/p>\n\n\n\n<p>\u00abCon esto apuntamos no s\u00f3lo a facilitar y agilizar la prescripci\u00f3n y distribuci\u00f3n de medicamentos, sino tambi\u00e9n a otorgar mayor seguridad a los m\u00e9dicos y garant\u00edas a los pacientes, adem\u00e1s de mejorar la calidad de atenci\u00f3n m\u00e9dica y el acceso a los servicios de salud\u00bb, a\u00f1adi\u00f3.<\/p>\n","protected":false},"excerpt":{"rendered":"<p>Un proyecto que busca establecer por ley la implementaci\u00f3n de la receta electr\u00f3nica o digital en el \u00e1mbito de la salud, en el marco de las restricciones impuestas para circular por la pandemia de coronavirus, fue presentado hoy en la C\u00e1mara alta por la senadora del Frente de Todos, Mar\u00eda Eugenia Catalfamo. \u00abSe trata de&#8230;<\/p>\n","protected":false},"author":2,"featured_media":829,"comment_status":"open","ping_status":"open","sticky":false,"template":"","format":"standard","meta":{"footnotes":""},"categories":[10],"tags":[],"class_list":["post-828","post","type-post","status-publish","format-standard","has-post-thumbnail","hentry","category-nacion"],"featured_image_src":"https:\/\/diarioprincipios.com\/wp-content\/uploads\/2020\/04\/receta-digital.jpg","blog_images":{"medium":"https:\/\/diarioprincipios.com\/wp-content\/uploads\/2020\/04\/receta-digital-300x210.jpg","large":"https:\/\/diarioprincipios.com\/wp-content\/uploads\/2020\/04\/receta-digital.jpg"},"ams_acf":[],"yoast_head":"<!-- This site is optimized with the Yoast SEO plugin v27.3 - https:\/\/yoast.com\/product\/yoast-seo-wordpress\/ -->\n<title>Proponen implementar por ley la receta electr\u00f3nica o digital para garantizar acceso a la salud - Principios<\/title>\n<meta name=\"robots\" content=\"index, follow, max-snippet:-1, max-image-preview:large, max-video-preview:-1\" \/>\n<link rel=\"canonical\" href=\"https:\/\/diarioprincipios.com\/index.php\/2020\/04\/20\/proponen-implementar-por-ley-la-receta-electronica-o-digital-para-garantizar-acceso-a-la-salud\/\" \/>\n<meta property=\"og:locale\" content=\"es_ES\" \/>\n<meta property=\"og:type\" content=\"article\" \/>\n<meta property=\"og:title\" content=\"Proponen implementar por ley la receta electr\u00f3nica o digital para garantizar acceso a la salud - Principios\" \/>\n<meta property=\"og:description\" content=\"Un proyecto que busca establecer por ley la implementaci\u00f3n de la receta electr\u00f3nica o digital en el \u00e1mbito de la salud, en el marco de las restricciones impuestas para circular por la pandemia de coronavirus, fue presentado hoy en la C\u00e1mara alta por la senadora del Frente de Todos, Mar\u00eda Eugenia Catalfamo. \u00abSe trata de...\" \/>\n<meta property=\"og:url\" content=\"https:\/\/diarioprincipios.com\/index.php\/2020\/04\/20\/proponen-implementar-por-ley-la-receta-electronica-o-digital-para-garantizar-acceso-a-la-salud\/\" \/>\n<meta property=\"og:site_name\" content=\"Principios\" \/>\n<meta property=\"article:published_time\" content=\"2020-04-20T17:18:57+00:00\" \/>\n<meta property=\"article:modified_time\" content=\"2020-04-20T17:18:59+00:00\" \/>\n<meta property=\"og:image\" content=\"https:\/\/diarioprincipios.com\/wp-content\/uploads\/2020\/04\/receta-digital.jpg\" \/>\n\t<meta property=\"og:image:width\" content=\"650\" \/>\n\t<meta property=\"og:image:height\" content=\"456\" \/>\n\t<meta property=\"og:image:type\" content=\"image\/jpeg\" \/>\n<meta name=\"author\" content=\"Hern\u00e1n L\u00f3pez\" \/>\n<meta name=\"twitter:card\" content=\"summary_large_image\" \/>\n<meta name=\"twitter:label1\" content=\"Escrito por\" \/>\n\t<meta name=\"twitter:data1\" content=\"Hern\u00e1n L\u00f3pez\" \/>\n\t<meta name=\"twitter:label2\" content=\"Tiempo de lectura\" \/>\n\t<meta name=\"twitter:data2\" content=\"1 minuto\" \/>\n<script type=\"application\/ld+json\" class=\"yoast-schema-graph\">{\"@context\":\"https:\\\/\\\/schema.org\",\"@graph\":[{\"@type\":\"Article\",\"@id\":\"https:\\\/\\\/diarioprincipios.com\\\/index.php\\\/2020\\\/04\\\/20\\\/proponen-implementar-por-ley-la-receta-electronica-o-digital-para-garantizar-acceso-a-la-salud\\\/#article\",\"isPartOf\":{\"@id\":\"https:\\\/\\\/diarioprincipios.com\\\/index.php\\\/2020\\\/04\\\/20\\\/proponen-implementar-por-ley-la-receta-electronica-o-digital-para-garantizar-acceso-a-la-salud\\\/\"},\"author\":{\"name\":\"Hern\u00e1n L\u00f3pez\",\"@id\":\"https:\\\/\\\/diarioprincipios.com\\\/#\\\/schema\\\/person\\\/436d5a1fd41a5e250e23ff5a6a7cb080\"},\"headline\":\"Proponen implementar por ley la receta electr\u00f3nica o digital para garantizar acceso a la salud\",\"datePublished\":\"2020-04-20T17:18:57+00:00\",\"dateModified\":\"2020-04-20T17:18:59+00:00\",\"mainEntityOfPage\":{\"@id\":\"https:\\\/\\\/diarioprincipios.com\\\/index.php\\\/2020\\\/04\\\/20\\\/proponen-implementar-por-ley-la-receta-electronica-o-digital-para-garantizar-acceso-a-la-salud\\\/\"},\"wordCount\":242,\"commentCount\":0,\"publisher\":{\"@id\":\"https:\\\/\\\/diarioprincipios.com\\\/#organization\"},\"image\":{\"@id\":\"https:\\\/\\\/diarioprincipios.com\\\/index.php\\\/2020\\\/04\\\/20\\\/proponen-implementar-por-ley-la-receta-electronica-o-digital-para-garantizar-acceso-a-la-salud\\\/#primaryimage\"},\"thumbnailUrl\":\"https:\\\/\\\/diarioprincipios.com\\\/wp-content\\\/uploads\\\/2020\\\/04\\\/receta-digital.jpg\",\"articleSection\":[\"Naci\u00f3n\"],\"inLanguage\":\"es\",\"potentialAction\":[{\"@type\":\"CommentAction\",\"name\":\"Comment\",\"target\":[\"https:\\\/\\\/diarioprincipios.com\\\/index.php\\\/2020\\\/04\\\/20\\\/proponen-implementar-por-ley-la-receta-electronica-o-digital-para-garantizar-acceso-a-la-salud\\\/#respond\"]}]},{\"@type\":\"WebPage\",\"@id\":\"https:\\\/\\\/diarioprincipios.com\\\/index.php\\\/2020\\\/04\\\/20\\\/proponen-implementar-por-ley-la-receta-electronica-o-digital-para-garantizar-acceso-a-la-salud\\\/\",\"url\":\"https:\\\/\\\/diarioprincipios.com\\\/index.php\\\/2020\\\/04\\\/20\\\/proponen-implementar-por-ley-la-receta-electronica-o-digital-para-garantizar-acceso-a-la-salud\\\/\",\"name\":\"Proponen implementar por ley la receta electr\u00f3nica o digital para garantizar acceso a la salud - Principios\",\"isPartOf\":{\"@id\":\"https:\\\/\\\/diarioprincipios.com\\\/#website\"},\"primaryImageOfPage\":{\"@id\":\"https:\\\/\\\/diarioprincipios.com\\\/index.php\\\/2020\\\/04\\\/20\\\/proponen-implementar-por-ley-la-receta-electronica-o-digital-para-garantizar-acceso-a-la-salud\\\/#primaryimage\"},\"image\":{\"@id\":\"https:\\\/\\\/diarioprincipios.com\\\/index.php\\\/2020\\\/04\\\/20\\\/proponen-implementar-por-ley-la-receta-electronica-o-digital-para-garantizar-acceso-a-la-salud\\\/#primaryimage\"},\"thumbnailUrl\":\"https:\\\/\\\/diarioprincipios.com\\\/wp-content\\\/uploads\\\/2020\\\/04\\\/receta-digital.jpg\",\"datePublished\":\"2020-04-20T17:18:57+00:00\",\"dateModified\":\"2020-04-20T17:18:59+00:00\",\"breadcrumb\":{\"@id\":\"https:\\\/\\\/diarioprincipios.com\\\/index.php\\\/2020\\\/04\\\/20\\\/proponen-implementar-por-ley-la-receta-electronica-o-digital-para-garantizar-acceso-a-la-salud\\\/#breadcrumb\"},\"inLanguage\":\"es\",\"potentialAction\":[{\"@type\":\"ReadAction\",\"target\":[\"https:\\\/\\\/diarioprincipios.com\\\/index.php\\\/2020\\\/04\\\/20\\\/proponen-implementar-por-ley-la-receta-electronica-o-digital-para-garantizar-acceso-a-la-salud\\\/\"]}]},{\"@type\":\"ImageObject\",\"inLanguage\":\"es\",\"@id\":\"https:\\\/\\\/diarioprincipios.com\\\/index.php\\\/2020\\\/04\\\/20\\\/proponen-implementar-por-ley-la-receta-electronica-o-digital-para-garantizar-acceso-a-la-salud\\\/#primaryimage\",\"url\":\"https:\\\/\\\/diarioprincipios.com\\\/wp-content\\\/uploads\\\/2020\\\/04\\\/receta-digital.jpg\",\"contentUrl\":\"https:\\\/\\\/diarioprincipios.com\\\/wp-content\\\/uploads\\\/2020\\\/04\\\/receta-digital.jpg\",\"width\":650,\"height\":456},{\"@type\":\"BreadcrumbList\",\"@id\":\"https:\\\/\\\/diarioprincipios.com\\\/index.php\\\/2020\\\/04\\\/20\\\/proponen-implementar-por-ley-la-receta-electronica-o-digital-para-garantizar-acceso-a-la-salud\\\/#breadcrumb\",\"itemListElement\":[{\"@type\":\"ListItem\",\"position\":1,\"name\":\"Portada\",\"item\":\"https:\\\/\\\/diarioprincipios.com\\\/\"},{\"@type\":\"ListItem\",\"position\":2,\"name\":\"Proponen implementar por ley la receta electr\u00f3nica o digital para garantizar acceso a la salud\"}]},{\"@type\":\"WebSite\",\"@id\":\"https:\\\/\\\/diarioprincipios.com\\\/#website\",\"url\":\"https:\\\/\\\/diarioprincipios.com\\\/\",\"name\":\"Principios\",\"description\":\"Principios Diario\",\"publisher\":{\"@id\":\"https:\\\/\\\/diarioprincipios.com\\\/#organization\"},\"potentialAction\":[{\"@type\":\"SearchAction\",\"target\":{\"@type\":\"EntryPoint\",\"urlTemplate\":\"https:\\\/\\\/diarioprincipios.com\\\/?s={search_term_string}\"},\"query-input\":{\"@type\":\"PropertyValueSpecification\",\"valueRequired\":true,\"valueName\":\"search_term_string\"}}],\"inLanguage\":\"es\"},{\"@type\":\"Organization\",\"@id\":\"https:\\\/\\\/diarioprincipios.com\\\/#organization\",\"name\":\"Principios\",\"url\":\"https:\\\/\\\/diarioprincipios.com\\\/\",\"logo\":{\"@type\":\"ImageObject\",\"inLanguage\":\"es\",\"@id\":\"https:\\\/\\\/diarioprincipios.com\\\/#\\\/schema\\\/logo\\\/image\\\/\",\"url\":\"https:\\\/\\\/diarioprincipios.com\\\/wp-content\\\/uploads\\\/2024\\\/04\\\/cropped-www.diarioprincipios.com_-1.png\",\"contentUrl\":\"https:\\\/\\\/diarioprincipios.com\\\/wp-content\\\/uploads\\\/2024\\\/04\\\/cropped-www.diarioprincipios.com_-1.png\",\"width\":5325,\"height\":1454,\"caption\":\"Principios\"},\"image\":{\"@id\":\"https:\\\/\\\/diarioprincipios.com\\\/#\\\/schema\\\/logo\\\/image\\\/\"}},{\"@type\":\"Person\",\"@id\":\"https:\\\/\\\/diarioprincipios.com\\\/#\\\/schema\\\/person\\\/436d5a1fd41a5e250e23ff5a6a7cb080\",\"name\":\"Hern\u00e1n L\u00f3pez\",\"image\":{\"@type\":\"ImageObject\",\"inLanguage\":\"es\",\"@id\":\"https:\\\/\\\/diarioprincipios.com\\\/wp-content\\\/litespeed\\\/avatar\\\/11ddfe5610ff3bd100522525b2571f48.jpg?ver=1777048341\",\"url\":\"https:\\\/\\\/diarioprincipios.com\\\/wp-content\\\/litespeed\\\/avatar\\\/11ddfe5610ff3bd100522525b2571f48.jpg?ver=1777048341\",\"contentUrl\":\"https:\\\/\\\/diarioprincipios.com\\\/wp-content\\\/litespeed\\\/avatar\\\/11ddfe5610ff3bd100522525b2571f48.jpg?ver=1777048341\",\"caption\":\"Hern\u00e1n L\u00f3pez\"},\"url\":\"https:\\\/\\\/diarioprincipios.com\\\/index.php\\\/author\\\/hernan\\\/\"}]}<\/script>\n<!-- \/ Yoast SEO plugin. -->","yoast_head_json":{"title":"Proponen implementar por ley la receta electr\u00f3nica o digital para garantizar acceso a la salud - Principios","robots":{"index":"index","follow":"follow","max-snippet":"max-snippet:-1","max-image-preview":"max-image-preview:large","max-video-preview":"max-video-preview:-1"},"canonical":"https:\/\/diarioprincipios.com\/index.php\/2020\/04\/20\/proponen-implementar-por-ley-la-receta-electronica-o-digital-para-garantizar-acceso-a-la-salud\/","og_locale":"es_ES","og_type":"article","og_title":"Proponen implementar por ley la receta electr\u00f3nica o digital para garantizar acceso a la salud - Principios","og_description":"Un proyecto que busca establecer por ley la implementaci\u00f3n de la receta electr\u00f3nica o digital en el \u00e1mbito de la salud, en el marco de las restricciones impuestas para circular por la pandemia de coronavirus, fue presentado hoy en la C\u00e1mara alta por la senadora del Frente de Todos, Mar\u00eda Eugenia Catalfamo. \u00abSe trata de...","og_url":"https:\/\/diarioprincipios.com\/index.php\/2020\/04\/20\/proponen-implementar-por-ley-la-receta-electronica-o-digital-para-garantizar-acceso-a-la-salud\/","og_site_name":"Principios","article_published_time":"2020-04-20T17:18:57+00:00","article_modified_time":"2020-04-20T17:18:59+00:00","og_image":[{"width":650,"height":456,"url":"https:\/\/diarioprincipios.com\/wp-content\/uploads\/2020\/04\/receta-digital.jpg","type":"image\/jpeg"}],"author":"Hern\u00e1n L\u00f3pez","twitter_card":"summary_large_image","twitter_misc":{"Escrito por":"Hern\u00e1n L\u00f3pez","Tiempo de lectura":"1 minuto"},"schema":{"@context":"https:\/\/schema.org","@graph":[{"@type":"Article","@id":"https:\/\/diarioprincipios.com\/index.php\/2020\/04\/20\/proponen-implementar-por-ley-la-receta-electronica-o-digital-para-garantizar-acceso-a-la-salud\/#article","isPartOf":{"@id":"https:\/\/diarioprincipios.com\/index.php\/2020\/04\/20\/proponen-implementar-por-ley-la-receta-electronica-o-digital-para-garantizar-acceso-a-la-salud\/"},"author":{"name":"Hern\u00e1n L\u00f3pez","@id":"https:\/\/diarioprincipios.com\/#\/schema\/person\/436d5a1fd41a5e250e23ff5a6a7cb080"},"headline":"Proponen implementar por ley la receta electr\u00f3nica o digital para garantizar acceso a la salud","datePublished":"2020-04-20T17:18:57+00:00","dateModified":"2020-04-20T17:18:59+00:00","mainEntityOfPage":{"@id":"https:\/\/diarioprincipios.com\/index.php\/2020\/04\/20\/proponen-implementar-por-ley-la-receta-electronica-o-digital-para-garantizar-acceso-a-la-salud\/"},"wordCount":242,"commentCount":0,"publisher":{"@id":"https:\/\/diarioprincipios.com\/#organization"},"image":{"@id":"https:\/\/diarioprincipios.com\/index.php\/2020\/04\/20\/proponen-implementar-por-ley-la-receta-electronica-o-digital-para-garantizar-acceso-a-la-salud\/#primaryimage"},"thumbnailUrl":"https:\/\/diarioprincipios.com\/wp-content\/uploads\/2020\/04\/receta-digital.jpg","articleSection":["Naci\u00f3n"],"inLanguage":"es","potentialAction":[{"@type":"CommentAction","name":"Comment","target":["https:\/\/diarioprincipios.com\/index.php\/2020\/04\/20\/proponen-implementar-por-ley-la-receta-electronica-o-digital-para-garantizar-acceso-a-la-salud\/#respond"]}]},{"@type":"WebPage","@id":"https:\/\/diarioprincipios.com\/index.php\/2020\/04\/20\/proponen-implementar-por-ley-la-receta-electronica-o-digital-para-garantizar-acceso-a-la-salud\/","url":"https:\/\/diarioprincipios.com\/index.php\/2020\/04\/20\/proponen-implementar-por-ley-la-receta-electronica-o-digital-para-garantizar-acceso-a-la-salud\/","name":"Proponen implementar por ley la receta electr\u00f3nica o digital para garantizar acceso a la salud - Principios","isPartOf":{"@id":"https:\/\/diarioprincipios.com\/#website"},"primaryImageOfPage":{"@id":"https:\/\/diarioprincipios.com\/index.php\/2020\/04\/20\/proponen-implementar-por-ley-la-receta-electronica-o-digital-para-garantizar-acceso-a-la-salud\/#primaryimage"},"image":{"@id":"https:\/\/diarioprincipios.com\/index.php\/2020\/04\/20\/proponen-implementar-por-ley-la-receta-electronica-o-digital-para-garantizar-acceso-a-la-salud\/#primaryimage"},"thumbnailUrl":"https:\/\/diarioprincipios.com\/wp-content\/uploads\/2020\/04\/receta-digital.jpg","datePublished":"2020-04-20T17:18:57+00:00","dateModified":"2020-04-20T17:18:59+00:00","breadcrumb":{"@id":"https:\/\/diarioprincipios.com\/index.php\/2020\/04\/20\/proponen-implementar-por-ley-la-receta-electronica-o-digital-para-garantizar-acceso-a-la-salud\/#breadcrumb"},"inLanguage":"es","potentialAction":[{"@type":"ReadAction","target":["https:\/\/diarioprincipios.com\/index.php\/2020\/04\/20\/proponen-implementar-por-ley-la-receta-electronica-o-digital-para-garantizar-acceso-a-la-salud\/"]}]},{"@type":"ImageObject","inLanguage":"es","@id":"https:\/\/diarioprincipios.com\/index.php\/2020\/04\/20\/proponen-implementar-por-ley-la-receta-electronica-o-digital-para-garantizar-acceso-a-la-salud\/#primaryimage","url":"https:\/\/diarioprincipios.com\/wp-content\/uploads\/2020\/04\/receta-digital.jpg","contentUrl":"https:\/\/diarioprincipios.com\/wp-content\/uploads\/2020\/04\/receta-digital.jpg","width":650,"height":456},{"@type":"BreadcrumbList","@id":"https:\/\/diarioprincipios.com\/index.php\/2020\/04\/20\/proponen-implementar-por-ley-la-receta-electronica-o-digital-para-garantizar-acceso-a-la-salud\/#breadcrumb","itemListElement":[{"@type":"ListItem","position":1,"name":"Portada","item":"https:\/\/diarioprincipios.com\/"},{"@type":"ListItem","position":2,"name":"Proponen implementar por ley la receta electr\u00f3nica o digital para garantizar acceso a la salud"}]},{"@type":"WebSite","@id":"https:\/\/diarioprincipios.com\/#website","url":"https:\/\/diarioprincipios.com\/","name":"Principios","description":"Principios Diario","publisher":{"@id":"https:\/\/diarioprincipios.com\/#organization"},"potentialAction":[{"@type":"SearchAction","target":{"@type":"EntryPoint","urlTemplate":"https:\/\/diarioprincipios.com\/?s={search_term_string}"},"query-input":{"@type":"PropertyValueSpecification","valueRequired":true,"valueName":"search_term_string"}}],"inLanguage":"es"},{"@type":"Organization","@id":"https:\/\/diarioprincipios.com\/#organization","name":"Principios","url":"https:\/\/diarioprincipios.com\/","logo":{"@type":"ImageObject","inLanguage":"es","@id":"https:\/\/diarioprincipios.com\/#\/schema\/logo\/image\/","url":"https:\/\/diarioprincipios.com\/wp-content\/uploads\/2024\/04\/cropped-www.diarioprincipios.com_-1.png","contentUrl":"https:\/\/diarioprincipios.com\/wp-content\/uploads\/2024\/04\/cropped-www.diarioprincipios.com_-1.png","width":5325,"height":1454,"caption":"Principios"},"image":{"@id":"https:\/\/diarioprincipios.com\/#\/schema\/logo\/image\/"}},{"@type":"Person","@id":"https:\/\/diarioprincipios.com\/#\/schema\/person\/436d5a1fd41a5e250e23ff5a6a7cb080","name":"Hern\u00e1n L\u00f3pez","image":{"@type":"ImageObject","inLanguage":"es","@id":"https:\/\/diarioprincipios.com\/wp-content\/litespeed\/avatar\/11ddfe5610ff3bd100522525b2571f48.jpg?ver=1777048341","url":"https:\/\/diarioprincipios.com\/wp-content\/litespeed\/avatar\/11ddfe5610ff3bd100522525b2571f48.jpg?ver=1777048341","contentUrl":"https:\/\/diarioprincipios.com\/wp-content\/litespeed\/avatar\/11ddfe5610ff3bd100522525b2571f48.jpg?ver=1777048341","caption":"Hern\u00e1n L\u00f3pez"},"url":"https:\/\/diarioprincipios.com\/index.php\/author\/hernan\/"}]}},"jetpack_featured_media_url":"https:\/\/diarioprincipios.com\/wp-content\/uploads\/2020\/04\/receta-digital.jpg","_links":{"self":[{"href":"https:\/\/diarioprincipios.com\/index.php\/wp-json\/wp\/v2\/posts\/828","targetHints":{"allow":["GET"]}}],"collection":[{"href":"https:\/\/diarioprincipios.com\/index.php\/wp-json\/wp\/v2\/posts"}],"about":[{"href":"https:\/\/diarioprincipios.com\/index.php\/wp-json\/wp\/v2\/types\/post"}],"author":[{"embeddable":true,"href":"https:\/\/diarioprincipios.com\/index.php\/wp-json\/wp\/v2\/users\/2"}],"replies":[{"embeddable":true,"href":"https:\/\/diarioprincipios.com\/index.php\/wp-json\/wp\/v2\/comments?post=828"}],"version-history":[{"count":1,"href":"https:\/\/diarioprincipios.com\/index.php\/wp-json\/wp\/v2\/posts\/828\/revisions"}],"predecessor-version":[{"id":830,"href":"https:\/\/diarioprincipios.com\/index.php\/wp-json\/wp\/v2\/posts\/828\/revisions\/830"}],"wp:featuredmedia":[{"embeddable":true,"href":"https:\/\/diarioprincipios.com\/index.php\/wp-json\/wp\/v2\/media\/829"}],"wp:attachment":[{"href":"https:\/\/diarioprincipios.com\/index.php\/wp-json\/wp\/v2\/media?parent=828"}],"wp:term":[{"taxonomy":"category","embeddable":true,"href":"https:\/\/diarioprincipios.com\/index.php\/wp-json\/wp\/v2\/categories?post=828"},{"taxonomy":"post_tag","embeddable":true,"href":"https:\/\/diarioprincipios.com\/index.php\/wp-json\/wp\/v2\/tags?post=828"}],"curies":[{"name":"wp","href":"https:\/\/api.w.org\/{rel}","templated":true}]}}