{"id":8265,"date":"2021-01-21T11:43:15","date_gmt":"2021-01-21T14:43:15","guid":{"rendered":"http:\/\/diarioprincipios.com\/?p=8265"},"modified":"2021-01-21T11:43:18","modified_gmt":"2021-01-21T14:43:18","slug":"hasta-un-30-de-descuento-por-el-pago-adelantado-de-tasas","status":"publish","type":"post","link":"https:\/\/diarioprincipios.com\/index.php\/2021\/01\/21\/hasta-un-30-de-descuento-por-el-pago-adelantado-de-tasas\/","title":{"rendered":"Hasta un 30% de descuento por el pago adelantado de tasas"},"content":{"rendered":"\n<p><strong>La Municipalidad de Berazategui, a trav\u00e9s de la Secretar\u00eda de Econom\u00eda, informa a los vecinos y vecinas que hasta el 31 de marzo podr\u00e1n abonar sus tasas de ABL (alumbrado, barrido y limpieza) y Servicios Sanitarios (agua y cloacas) con hasta un 30% de descuento para quienes est\u00e9n al d\u00eda y realicen el pago anual anticipado. De este modo, el Municipio contin\u00faa con su sistema de beneficios para los contribuyentes que cumplen con sus obligaciones en tiempo y forma.<\/strong><\/p>\n\n\n\n<p>\u201cSe brinda la posibilidad de hacer el pago anual adelantado, que consiste en otorgar al vecino que es buen contribuyente un 20% de descuento por tener las tasas municipales al d\u00eda y un adicional del 10% por haber hecho el pago anticipado, llegando as\u00ed a un descuento total de hasta un 30%\u201d, explica Marcelo Alfonso, director general de Rentas de la Municipalidad de Berazategui.<\/p>\n\n\n\n<figure class=\"wp-block-image size-large\"><img loading=\"lazy\" decoding=\"async\" width=\"901\" height=\"901\" src=\"https:\/\/diarioprincipios.com\/wp-content\/uploads\/2021\/01\/HASTA-UN-30-DE-DESCUENTO-POR-EL-PAGO-ADELANTADO-DE-TASAS.jpg\" alt=\"\" class=\"wp-image-8266\" srcset=\"https:\/\/diarioprincipios.com\/wp-content\/uploads\/2021\/01\/HASTA-UN-30-DE-DESCUENTO-POR-EL-PAGO-ADELANTADO-DE-TASAS.jpg 901w, https:\/\/diarioprincipios.com\/wp-content\/uploads\/2021\/01\/HASTA-UN-30-DE-DESCUENTO-POR-EL-PAGO-ADELANTADO-DE-TASAS-300x300.jpg 300w, https:\/\/diarioprincipios.com\/wp-content\/uploads\/2021\/01\/HASTA-UN-30-DE-DESCUENTO-POR-EL-PAGO-ADELANTADO-DE-TASAS-150x150.jpg 150w, https:\/\/diarioprincipios.com\/wp-content\/uploads\/2021\/01\/HASTA-UN-30-DE-DESCUENTO-POR-EL-PAGO-ADELANTADO-DE-TASAS-768x768.jpg 768w\" sizes=\"auto, (max-width: 901px) 100vw, 901px\" \/><\/figure>\n\n\n\n<p>En este sentido, el funcionario agrega que \u201ceste beneficio puede obtenerse de forma presencial o ingresando a la p\u00e1gina web\u00a0<a rel=\"noreferrer noopener\" target=\"_blank\" href=\"http:\/\/berazategui.gob.ar\/tasas\">berazategui.gob.ar\/tasas<\/a>\u201d. En cuanto a las formas de pago, Alfonso resalta que \u201ca partir del 2020, se incorpor\u00f3 la posibilidad de abonar con tarjeta de cr\u00e9dito o d\u00e9bito a trav\u00e9s de la web oficial, o acerc\u00e1ndose hasta la delegaci\u00f3n municipal m\u00e1s cercana a su domicilio o al Edificio Municipal (Av. 14 e\/ 131 y 131 A)\u201d.<\/p>\n\n\n\n<p>\u201cEs importante estar al d\u00eda porque el Municipio solventa los servicios que brinda mediante este ingreso\u201d, concluye el director general de Rentas de la Municipalidad de Berazategui.<\/p>\n\n\n\n<p>Asimismo, se comunica que est\u00e1 vigente la ordenanza que posibilita la eximici\u00f3n de tasas (ABL y servicios sanitarios) a jubilados y pensionados de todo el distrito que perciban el haber m\u00ednimo, excombatientes, instituciones de bien p\u00fablico y personas carentes de recursos.<\/p>\n\n\n\n<p>Ante cualquier duda o consulta, pueden comunicarse telef\u00f3nicamente al 4356-9200 (internos 1198 y 1117), de lunes a viernes de 8.00 a 14.00.<\/p>\n\n\n\n<figure class=\"wp-block-image\"><img decoding=\"async\" src=\"https:\/\/ecp.yusercontent.com\/mail?url=https%3A%2F%2Fdocs.google.com%2Fuc%3Fexport%3Ddownload%26id%3D1LlE4DrwGC5XSdPioN0vKkrbP1V3SF6if%26revid%3D0ByTTxIP6k4ePVUVBYTNoYzF0RlZ1MzNkaGZKMmFDaGZ2aC9nPQ&amp;t=1611167614&amp;ymreqid=5799fcab-b43d-2794-22c0-ab000a01e100&amp;sig=B9zkqoyd02Ek7w1CPBMS9g--~D\" alt=\"\"\/><\/figure>\n","protected":false},"excerpt":{"rendered":"<p>La Municipalidad de Berazategui, a trav\u00e9s de la Secretar\u00eda de Econom\u00eda, informa a los vecinos y vecinas que hasta el 31 de marzo podr\u00e1n abonar sus tasas de ABL (alumbrado, barrido y limpieza) y Servicios Sanitarios (agua y cloacas) con hasta un 30% de descuento para quienes est\u00e9n al d\u00eda y realicen el pago anual&#8230;<\/p>\n","protected":false},"author":2,"featured_media":8267,"comment_status":"open","ping_status":"open","sticky":false,"template":"","format":"standard","meta":{"footnotes":""},"categories":[3],"tags":[],"class_list":["post-8265","post","type-post","status-publish","format-standard","has-post-thumbnail","hentry","category-berazategui"],"featured_image_src":"https:\/\/diarioprincipios.com\/wp-content\/uploads\/2021\/01\/20210121_113828.jpg","blog_images":{"medium":"https:\/\/diarioprincipios.com\/wp-content\/uploads\/2021\/01\/20210121_113828-300x179.jpg","large":"https:\/\/diarioprincipios.com\/wp-content\/uploads\/2021\/01\/20210121_113828.jpg"},"ams_acf":[],"yoast_head":"<!-- This site is optimized with the Yoast SEO plugin v27.3 - https:\/\/yoast.com\/product\/yoast-seo-wordpress\/ -->\n<title>Hasta un 30% de descuento por el pago adelantado de tasas - Principios<\/title>\n<meta name=\"robots\" content=\"index, follow, max-snippet:-1, max-image-preview:large, max-video-preview:-1\" \/>\n<link rel=\"canonical\" href=\"https:\/\/diarioprincipios.com\/index.php\/2021\/01\/21\/hasta-un-30-de-descuento-por-el-pago-adelantado-de-tasas\/\" \/>\n<meta property=\"og:locale\" content=\"es_ES\" \/>\n<meta property=\"og:type\" content=\"article\" \/>\n<meta property=\"og:title\" content=\"Hasta un 30% de descuento por el pago adelantado de tasas - Principios\" \/>\n<meta property=\"og:description\" content=\"La Municipalidad de Berazategui, a trav\u00e9s de la Secretar\u00eda de Econom\u00eda, informa a los vecinos y vecinas que hasta el 31 de marzo podr\u00e1n abonar sus tasas de ABL (alumbrado, barrido y limpieza) y Servicios Sanitarios (agua y cloacas) con hasta un 30% de descuento para quienes est\u00e9n al d\u00eda y realicen el pago anual...\" \/>\n<meta property=\"og:url\" content=\"https:\/\/diarioprincipios.com\/index.php\/2021\/01\/21\/hasta-un-30-de-descuento-por-el-pago-adelantado-de-tasas\/\" \/>\n<meta property=\"og:site_name\" content=\"Principios\" \/>\n<meta property=\"article:published_time\" content=\"2021-01-21T14:43:15+00:00\" \/>\n<meta property=\"article:modified_time\" content=\"2021-01-21T14:43:18+00:00\" \/>\n<meta property=\"og:image\" content=\"https:\/\/diarioprincipios.com\/wp-content\/uploads\/2021\/01\/20210121_113828.jpg\" \/>\n\t<meta property=\"og:image:width\" content=\"900\" \/>\n\t<meta property=\"og:image:height\" content=\"536\" \/>\n\t<meta property=\"og:image:type\" content=\"image\/jpeg\" \/>\n<meta name=\"author\" content=\"Hern\u00e1n L\u00f3pez\" \/>\n<meta name=\"twitter:card\" content=\"summary_large_image\" \/>\n<meta name=\"twitter:label1\" content=\"Escrito por\" \/>\n\t<meta name=\"twitter:data1\" content=\"Hern\u00e1n L\u00f3pez\" \/>\n\t<meta name=\"twitter:label2\" content=\"Tiempo de lectura\" \/>\n\t<meta name=\"twitter:data2\" content=\"2 minutos\" \/>\n<script type=\"application\/ld+json\" class=\"yoast-schema-graph\">{\"@context\":\"https:\\\/\\\/schema.org\",\"@graph\":[{\"@type\":\"Article\",\"@id\":\"https:\\\/\\\/diarioprincipios.com\\\/index.php\\\/2021\\\/01\\\/21\\\/hasta-un-30-de-descuento-por-el-pago-adelantado-de-tasas\\\/#article\",\"isPartOf\":{\"@id\":\"https:\\\/\\\/diarioprincipios.com\\\/index.php\\\/2021\\\/01\\\/21\\\/hasta-un-30-de-descuento-por-el-pago-adelantado-de-tasas\\\/\"},\"author\":{\"name\":\"Hern\u00e1n L\u00f3pez\",\"@id\":\"https:\\\/\\\/diarioprincipios.com\\\/#\\\/schema\\\/person\\\/436d5a1fd41a5e250e23ff5a6a7cb080\"},\"headline\":\"Hasta un 30% de descuento por el pago adelantado de tasas\",\"datePublished\":\"2021-01-21T14:43:15+00:00\",\"dateModified\":\"2021-01-21T14:43:18+00:00\",\"mainEntityOfPage\":{\"@id\":\"https:\\\/\\\/diarioprincipios.com\\\/index.php\\\/2021\\\/01\\\/21\\\/hasta-un-30-de-descuento-por-el-pago-adelantado-de-tasas\\\/\"},\"wordCount\":328,\"commentCount\":0,\"publisher\":{\"@id\":\"https:\\\/\\\/diarioprincipios.com\\\/#organization\"},\"image\":{\"@id\":\"https:\\\/\\\/diarioprincipios.com\\\/index.php\\\/2021\\\/01\\\/21\\\/hasta-un-30-de-descuento-por-el-pago-adelantado-de-tasas\\\/#primaryimage\"},\"thumbnailUrl\":\"https:\\\/\\\/diarioprincipios.com\\\/wp-content\\\/uploads\\\/2021\\\/01\\\/20210121_113828.jpg\",\"articleSection\":[\"Berazategui\"],\"inLanguage\":\"es\",\"potentialAction\":[{\"@type\":\"CommentAction\",\"name\":\"Comment\",\"target\":[\"https:\\\/\\\/diarioprincipios.com\\\/index.php\\\/2021\\\/01\\\/21\\\/hasta-un-30-de-descuento-por-el-pago-adelantado-de-tasas\\\/#respond\"]}]},{\"@type\":\"WebPage\",\"@id\":\"https:\\\/\\\/diarioprincipios.com\\\/index.php\\\/2021\\\/01\\\/21\\\/hasta-un-30-de-descuento-por-el-pago-adelantado-de-tasas\\\/\",\"url\":\"https:\\\/\\\/diarioprincipios.com\\\/index.php\\\/2021\\\/01\\\/21\\\/hasta-un-30-de-descuento-por-el-pago-adelantado-de-tasas\\\/\",\"name\":\"Hasta un 30% de descuento por el pago adelantado de tasas - Principios\",\"isPartOf\":{\"@id\":\"https:\\\/\\\/diarioprincipios.com\\\/#website\"},\"primaryImageOfPage\":{\"@id\":\"https:\\\/\\\/diarioprincipios.com\\\/index.php\\\/2021\\\/01\\\/21\\\/hasta-un-30-de-descuento-por-el-pago-adelantado-de-tasas\\\/#primaryimage\"},\"image\":{\"@id\":\"https:\\\/\\\/diarioprincipios.com\\\/index.php\\\/2021\\\/01\\\/21\\\/hasta-un-30-de-descuento-por-el-pago-adelantado-de-tasas\\\/#primaryimage\"},\"thumbnailUrl\":\"https:\\\/\\\/diarioprincipios.com\\\/wp-content\\\/uploads\\\/2021\\\/01\\\/20210121_113828.jpg\",\"datePublished\":\"2021-01-21T14:43:15+00:00\",\"dateModified\":\"2021-01-21T14:43:18+00:00\",\"breadcrumb\":{\"@id\":\"https:\\\/\\\/diarioprincipios.com\\\/index.php\\\/2021\\\/01\\\/21\\\/hasta-un-30-de-descuento-por-el-pago-adelantado-de-tasas\\\/#breadcrumb\"},\"inLanguage\":\"es\",\"potentialAction\":[{\"@type\":\"ReadAction\",\"target\":[\"https:\\\/\\\/diarioprincipios.com\\\/index.php\\\/2021\\\/01\\\/21\\\/hasta-un-30-de-descuento-por-el-pago-adelantado-de-tasas\\\/\"]}]},{\"@type\":\"ImageObject\",\"inLanguage\":\"es\",\"@id\":\"https:\\\/\\\/diarioprincipios.com\\\/index.php\\\/2021\\\/01\\\/21\\\/hasta-un-30-de-descuento-por-el-pago-adelantado-de-tasas\\\/#primaryimage\",\"url\":\"https:\\\/\\\/diarioprincipios.com\\\/wp-content\\\/uploads\\\/2021\\\/01\\\/20210121_113828.jpg\",\"contentUrl\":\"https:\\\/\\\/diarioprincipios.com\\\/wp-content\\\/uploads\\\/2021\\\/01\\\/20210121_113828.jpg\",\"width\":900,\"height\":536},{\"@type\":\"BreadcrumbList\",\"@id\":\"https:\\\/\\\/diarioprincipios.com\\\/index.php\\\/2021\\\/01\\\/21\\\/hasta-un-30-de-descuento-por-el-pago-adelantado-de-tasas\\\/#breadcrumb\",\"itemListElement\":[{\"@type\":\"ListItem\",\"position\":1,\"name\":\"Portada\",\"item\":\"https:\\\/\\\/diarioprincipios.com\\\/\"},{\"@type\":\"ListItem\",\"position\":2,\"name\":\"Hasta un 30% de descuento por el pago adelantado de tasas\"}]},{\"@type\":\"WebSite\",\"@id\":\"https:\\\/\\\/diarioprincipios.com\\\/#website\",\"url\":\"https:\\\/\\\/diarioprincipios.com\\\/\",\"name\":\"Principios\",\"description\":\"Principios Diario\",\"publisher\":{\"@id\":\"https:\\\/\\\/diarioprincipios.com\\\/#organization\"},\"potentialAction\":[{\"@type\":\"SearchAction\",\"target\":{\"@type\":\"EntryPoint\",\"urlTemplate\":\"https:\\\/\\\/diarioprincipios.com\\\/?s={search_term_string}\"},\"query-input\":{\"@type\":\"PropertyValueSpecification\",\"valueRequired\":true,\"valueName\":\"search_term_string\"}}],\"inLanguage\":\"es\"},{\"@type\":\"Organization\",\"@id\":\"https:\\\/\\\/diarioprincipios.com\\\/#organization\",\"name\":\"Principios\",\"url\":\"https:\\\/\\\/diarioprincipios.com\\\/\",\"logo\":{\"@type\":\"ImageObject\",\"inLanguage\":\"es\",\"@id\":\"https:\\\/\\\/diarioprincipios.com\\\/#\\\/schema\\\/logo\\\/image\\\/\",\"url\":\"https:\\\/\\\/diarioprincipios.com\\\/wp-content\\\/uploads\\\/2024\\\/04\\\/cropped-www.diarioprincipios.com_-1.png\",\"contentUrl\":\"https:\\\/\\\/diarioprincipios.com\\\/wp-content\\\/uploads\\\/2024\\\/04\\\/cropped-www.diarioprincipios.com_-1.png\",\"width\":5325,\"height\":1454,\"caption\":\"Principios\"},\"image\":{\"@id\":\"https:\\\/\\\/diarioprincipios.com\\\/#\\\/schema\\\/logo\\\/image\\\/\"}},{\"@type\":\"Person\",\"@id\":\"https:\\\/\\\/diarioprincipios.com\\\/#\\\/schema\\\/person\\\/436d5a1fd41a5e250e23ff5a6a7cb080\",\"name\":\"Hern\u00e1n L\u00f3pez\",\"image\":{\"@type\":\"ImageObject\",\"inLanguage\":\"es\",\"@id\":\"https:\\\/\\\/diarioprincipios.com\\\/wp-content\\\/litespeed\\\/avatar\\\/11ddfe5610ff3bd100522525b2571f48.jpg?ver=1777048341\",\"url\":\"https:\\\/\\\/diarioprincipios.com\\\/wp-content\\\/litespeed\\\/avatar\\\/11ddfe5610ff3bd100522525b2571f48.jpg?ver=1777048341\",\"contentUrl\":\"https:\\\/\\\/diarioprincipios.com\\\/wp-content\\\/litespeed\\\/avatar\\\/11ddfe5610ff3bd100522525b2571f48.jpg?ver=1777048341\",\"caption\":\"Hern\u00e1n L\u00f3pez\"},\"url\":\"https:\\\/\\\/diarioprincipios.com\\\/index.php\\\/author\\\/hernan\\\/\"}]}<\/script>\n<!-- \/ Yoast SEO plugin. -->","yoast_head_json":{"title":"Hasta un 30% de descuento por el pago adelantado de tasas - Principios","robots":{"index":"index","follow":"follow","max-snippet":"max-snippet:-1","max-image-preview":"max-image-preview:large","max-video-preview":"max-video-preview:-1"},"canonical":"https:\/\/diarioprincipios.com\/index.php\/2021\/01\/21\/hasta-un-30-de-descuento-por-el-pago-adelantado-de-tasas\/","og_locale":"es_ES","og_type":"article","og_title":"Hasta un 30% de descuento por el pago adelantado de tasas - Principios","og_description":"La Municipalidad de Berazategui, a trav\u00e9s de la Secretar\u00eda de Econom\u00eda, informa a los vecinos y vecinas que hasta el 31 de marzo podr\u00e1n abonar sus tasas de ABL (alumbrado, barrido y limpieza) y Servicios Sanitarios (agua y cloacas) con hasta un 30% de descuento para quienes est\u00e9n al d\u00eda y realicen el pago anual...","og_url":"https:\/\/diarioprincipios.com\/index.php\/2021\/01\/21\/hasta-un-30-de-descuento-por-el-pago-adelantado-de-tasas\/","og_site_name":"Principios","article_published_time":"2021-01-21T14:43:15+00:00","article_modified_time":"2021-01-21T14:43:18+00:00","og_image":[{"width":900,"height":536,"url":"https:\/\/diarioprincipios.com\/wp-content\/uploads\/2021\/01\/20210121_113828.jpg","type":"image\/jpeg"}],"author":"Hern\u00e1n L\u00f3pez","twitter_card":"summary_large_image","twitter_misc":{"Escrito por":"Hern\u00e1n L\u00f3pez","Tiempo de lectura":"2 minutos"},"schema":{"@context":"https:\/\/schema.org","@graph":[{"@type":"Article","@id":"https:\/\/diarioprincipios.com\/index.php\/2021\/01\/21\/hasta-un-30-de-descuento-por-el-pago-adelantado-de-tasas\/#article","isPartOf":{"@id":"https:\/\/diarioprincipios.com\/index.php\/2021\/01\/21\/hasta-un-30-de-descuento-por-el-pago-adelantado-de-tasas\/"},"author":{"name":"Hern\u00e1n L\u00f3pez","@id":"https:\/\/diarioprincipios.com\/#\/schema\/person\/436d5a1fd41a5e250e23ff5a6a7cb080"},"headline":"Hasta un 30% de descuento por el pago adelantado de tasas","datePublished":"2021-01-21T14:43:15+00:00","dateModified":"2021-01-21T14:43:18+00:00","mainEntityOfPage":{"@id":"https:\/\/diarioprincipios.com\/index.php\/2021\/01\/21\/hasta-un-30-de-descuento-por-el-pago-adelantado-de-tasas\/"},"wordCount":328,"commentCount":0,"publisher":{"@id":"https:\/\/diarioprincipios.com\/#organization"},"image":{"@id":"https:\/\/diarioprincipios.com\/index.php\/2021\/01\/21\/hasta-un-30-de-descuento-por-el-pago-adelantado-de-tasas\/#primaryimage"},"thumbnailUrl":"https:\/\/diarioprincipios.com\/wp-content\/uploads\/2021\/01\/20210121_113828.jpg","articleSection":["Berazategui"],"inLanguage":"es","potentialAction":[{"@type":"CommentAction","name":"Comment","target":["https:\/\/diarioprincipios.com\/index.php\/2021\/01\/21\/hasta-un-30-de-descuento-por-el-pago-adelantado-de-tasas\/#respond"]}]},{"@type":"WebPage","@id":"https:\/\/diarioprincipios.com\/index.php\/2021\/01\/21\/hasta-un-30-de-descuento-por-el-pago-adelantado-de-tasas\/","url":"https:\/\/diarioprincipios.com\/index.php\/2021\/01\/21\/hasta-un-30-de-descuento-por-el-pago-adelantado-de-tasas\/","name":"Hasta un 30% de descuento por el pago adelantado de tasas - Principios","isPartOf":{"@id":"https:\/\/diarioprincipios.com\/#website"},"primaryImageOfPage":{"@id":"https:\/\/diarioprincipios.com\/index.php\/2021\/01\/21\/hasta-un-30-de-descuento-por-el-pago-adelantado-de-tasas\/#primaryimage"},"image":{"@id":"https:\/\/diarioprincipios.com\/index.php\/2021\/01\/21\/hasta-un-30-de-descuento-por-el-pago-adelantado-de-tasas\/#primaryimage"},"thumbnailUrl":"https:\/\/diarioprincipios.com\/wp-content\/uploads\/2021\/01\/20210121_113828.jpg","datePublished":"2021-01-21T14:43:15+00:00","dateModified":"2021-01-21T14:43:18+00:00","breadcrumb":{"@id":"https:\/\/diarioprincipios.com\/index.php\/2021\/01\/21\/hasta-un-30-de-descuento-por-el-pago-adelantado-de-tasas\/#breadcrumb"},"inLanguage":"es","potentialAction":[{"@type":"ReadAction","target":["https:\/\/diarioprincipios.com\/index.php\/2021\/01\/21\/hasta-un-30-de-descuento-por-el-pago-adelantado-de-tasas\/"]}]},{"@type":"ImageObject","inLanguage":"es","@id":"https:\/\/diarioprincipios.com\/index.php\/2021\/01\/21\/hasta-un-30-de-descuento-por-el-pago-adelantado-de-tasas\/#primaryimage","url":"https:\/\/diarioprincipios.com\/wp-content\/uploads\/2021\/01\/20210121_113828.jpg","contentUrl":"https:\/\/diarioprincipios.com\/wp-content\/uploads\/2021\/01\/20210121_113828.jpg","width":900,"height":536},{"@type":"BreadcrumbList","@id":"https:\/\/diarioprincipios.com\/index.php\/2021\/01\/21\/hasta-un-30-de-descuento-por-el-pago-adelantado-de-tasas\/#breadcrumb","itemListElement":[{"@type":"ListItem","position":1,"name":"Portada","item":"https:\/\/diarioprincipios.com\/"},{"@type":"ListItem","position":2,"name":"Hasta un 30% de descuento por el pago adelantado de tasas"}]},{"@type":"WebSite","@id":"https:\/\/diarioprincipios.com\/#website","url":"https:\/\/diarioprincipios.com\/","name":"Principios","description":"Principios Diario","publisher":{"@id":"https:\/\/diarioprincipios.com\/#organization"},"potentialAction":[{"@type":"SearchAction","target":{"@type":"EntryPoint","urlTemplate":"https:\/\/diarioprincipios.com\/?s={search_term_string}"},"query-input":{"@type":"PropertyValueSpecification","valueRequired":true,"valueName":"search_term_string"}}],"inLanguage":"es"},{"@type":"Organization","@id":"https:\/\/diarioprincipios.com\/#organization","name":"Principios","url":"https:\/\/diarioprincipios.com\/","logo":{"@type":"ImageObject","inLanguage":"es","@id":"https:\/\/diarioprincipios.com\/#\/schema\/logo\/image\/","url":"https:\/\/diarioprincipios.com\/wp-content\/uploads\/2024\/04\/cropped-www.diarioprincipios.com_-1.png","contentUrl":"https:\/\/diarioprincipios.com\/wp-content\/uploads\/2024\/04\/cropped-www.diarioprincipios.com_-1.png","width":5325,"height":1454,"caption":"Principios"},"image":{"@id":"https:\/\/diarioprincipios.com\/#\/schema\/logo\/image\/"}},{"@type":"Person","@id":"https:\/\/diarioprincipios.com\/#\/schema\/person\/436d5a1fd41a5e250e23ff5a6a7cb080","name":"Hern\u00e1n L\u00f3pez","image":{"@type":"ImageObject","inLanguage":"es","@id":"https:\/\/diarioprincipios.com\/wp-content\/litespeed\/avatar\/11ddfe5610ff3bd100522525b2571f48.jpg?ver=1777048341","url":"https:\/\/diarioprincipios.com\/wp-content\/litespeed\/avatar\/11ddfe5610ff3bd100522525b2571f48.jpg?ver=1777048341","contentUrl":"https:\/\/diarioprincipios.com\/wp-content\/litespeed\/avatar\/11ddfe5610ff3bd100522525b2571f48.jpg?ver=1777048341","caption":"Hern\u00e1n L\u00f3pez"},"url":"https:\/\/diarioprincipios.com\/index.php\/author\/hernan\/"}]}},"jetpack_featured_media_url":"https:\/\/diarioprincipios.com\/wp-content\/uploads\/2021\/01\/20210121_113828.jpg","_links":{"self":[{"href":"https:\/\/diarioprincipios.com\/index.php\/wp-json\/wp\/v2\/posts\/8265","targetHints":{"allow":["GET"]}}],"collection":[{"href":"https:\/\/diarioprincipios.com\/index.php\/wp-json\/wp\/v2\/posts"}],"about":[{"href":"https:\/\/diarioprincipios.com\/index.php\/wp-json\/wp\/v2\/types\/post"}],"author":[{"embeddable":true,"href":"https:\/\/diarioprincipios.com\/index.php\/wp-json\/wp\/v2\/users\/2"}],"replies":[{"embeddable":true,"href":"https:\/\/diarioprincipios.com\/index.php\/wp-json\/wp\/v2\/comments?post=8265"}],"version-history":[{"count":1,"href":"https:\/\/diarioprincipios.com\/index.php\/wp-json\/wp\/v2\/posts\/8265\/revisions"}],"predecessor-version":[{"id":8268,"href":"https:\/\/diarioprincipios.com\/index.php\/wp-json\/wp\/v2\/posts\/8265\/revisions\/8268"}],"wp:featuredmedia":[{"embeddable":true,"href":"https:\/\/diarioprincipios.com\/index.php\/wp-json\/wp\/v2\/media\/8267"}],"wp:attachment":[{"href":"https:\/\/diarioprincipios.com\/index.php\/wp-json\/wp\/v2\/media?parent=8265"}],"wp:term":[{"taxonomy":"category","embeddable":true,"href":"https:\/\/diarioprincipios.com\/index.php\/wp-json\/wp\/v2\/categories?post=8265"},{"taxonomy":"post_tag","embeddable":true,"href":"https:\/\/diarioprincipios.com\/index.php\/wp-json\/wp\/v2\/tags?post=8265"}],"curies":[{"name":"wp","href":"https:\/\/api.w.org\/{rel}","templated":true}]}}