{"id":8259,"date":"2021-01-21T10:14:45","date_gmt":"2021-01-21T13:14:45","guid":{"rendered":"http:\/\/diarioprincipios.com\/?p=8259"},"modified":"2021-01-21T10:14:50","modified_gmt":"2021-01-21T13:14:50","slug":"alejo-chornobroff-y-magdalena-sierra-habilitaron-una-red-de-desagues-cloacales-junto-a-la-titular-de-aysa-malena-galmarini","status":"publish","type":"post","link":"https:\/\/diarioprincipios.com\/index.php\/2021\/01\/21\/alejo-chornobroff-y-magdalena-sierra-habilitaron-una-red-de-desagues-cloacales-junto-a-la-titular-de-aysa-malena-galmarini\/","title":{"rendered":"Alejo Chornobroff y Magdalena Sierra habilitaron una red de desag\u00fces cloacales junto a la titular de AYSA, Malena Galmarini"},"content":{"rendered":"\n<p>La obra beneficia\u00a0a 7.440 vecinxs de Avellaneda y signific\u00f3 una inversi\u00f3n de m\u00e1s de 132 millones de pesos. Antes, mantuvieron una reuni\u00f3n de trabajo con\u00a0el ministro de Desarrollo Territorial y H\u00e1bitat, Jorge Ferraresi.\u00a0\u00a0<\/p>\n\n\n\n<p>El intendente Alejo Chornobroff, junto a la jefa de Gabinete de Avellaneda, Magdalena Sierra, recibieron esta ma\u00f1ana al ministro de Desarrollo Territorial y H\u00e1bitat, Jorge Ferraresi, y la presidenta de Aysa, Malena Galmarini, con quienes mantuvieron una reuni\u00f3n de trabajo sobre el seguimiento de obras que la empresa estatal realiza en el distrito.&nbsp;<\/p>\n\n\n\n<p>Luego, las autoridades se trasladaron a la escuela primaria N\u00b0 23 de Gerli donde se habilit\u00f3 la obra&nbsp;\u201cRed Secundaria Cloacal General Pinto\u201d, que beneficia a 7.440 vecinxs, cerca de 1700 conexiones domiciliarias. Los efluentes colectados por la red secundaria desaguar\u00e1n en la Estaci\u00f3n de Bombeo Gral. Pinto.&nbsp;<\/p>\n\n\n\n<p>En la escuela, el jefe comunal, junto a Sierra y Galmarini, compartieron la emoci\u00f3n y alegr\u00eda de los vecinxs por este momento tan esperado: \u201cHace 50 a\u00f1os que vivo ac\u00e1 y me alegra que el barrio progrese\u201d, expres\u00f3 una de las vecinas que accede a este servicio esencial.&nbsp;&nbsp;<\/p>\n\n\n\n<p>Luego compartieron la recorrida por el establecimiento que est\u00e1 en obra, en el marco del programa municipal de infraestructura escolar \u201cHaciendo Escuela\u201d, en compa\u00f1\u00eda de su directora, Laura Bregliano y la presidenta del Consejo Escolar de Avellaneda, Claudia Colaso.&nbsp;<\/p>\n\n\n\n<p>Durante la visita, el Intendente destac\u00f3 la inversi\u00f3n hecha y manifest\u00f3 el compromiso de seguir trabajando para poner en pie el pa\u00eds. Por su parte, la jefa de Gabinete sostuvo que \u201cla misi\u00f3n es que Avellaneda tenga las escuelas m\u00e1s lindas del pa\u00eds, donde los chicxs est\u00e9n c\u00f3modos y no haya diferencia con las escuelas privadas\u201d. Y agreg\u00f3: \u201cCon Aysa es una alegr\u00eda compartir el trabajo. Es reparador despu\u00e9s de a\u00f1os de obras paradas. Con Malena -Galmarini- pudimos continuar los trabajos\u201d.&nbsp;<\/p>\n\n\n\n<p>La&nbsp;presidenta de Aysa detall\u00f3 que la obra signific\u00f3 una inversi\u00f3n de 132 millones de pesos e indic\u00f3 que&nbsp;\u201cacceder a cloacas es mucho m\u00e1s\u201d. \u201cEs fundamental trabajar con municipios\u201d, sigui\u00f3, al tiempo que subray\u00f3 el trabajo realizado por la Comuna. \u201cCuando un Estado dice el Estado somos todos, lo tiene a demostrar\u201d, dijo y sum\u00f3: \u201cCon estas obras de infraestructura en la escuela, los chicos van a volver a un lugar lindo para recibir la mejor educaci\u00f3n. Adem\u00e1s, con la red cloacal y agua potable. Todo suma a una mejor calidad de vida, como nos indic\u00f3 el presidente Alberto Fern\u00e1ndez\u201d.&nbsp;&#8212;<\/p>\n","protected":false},"excerpt":{"rendered":"<p>La obra beneficia\u00a0a 7.440 vecinxs de Avellaneda y signific\u00f3 una inversi\u00f3n de m\u00e1s de 132 millones de pesos. Antes, mantuvieron una reuni\u00f3n de trabajo con\u00a0el ministro de Desarrollo Territorial y H\u00e1bitat, Jorge Ferraresi.\u00a0\u00a0 El intendente Alejo Chornobroff, junto a la jefa de Gabinete de Avellaneda, Magdalena Sierra, recibieron esta ma\u00f1ana al ministro de Desarrollo Territorial&#8230;<\/p>\n","protected":false},"author":2,"featured_media":8260,"comment_status":"open","ping_status":"open","sticky":false,"template":"","format":"standard","meta":{"footnotes":""},"categories":[5],"tags":[],"class_list":["post-8259","post","type-post","status-publish","format-standard","has-post-thumbnail","hentry","category-avellaneda"],"featured_image_src":"https:\/\/diarioprincipios.com\/wp-content\/uploads\/2021\/01\/20210121_101237-1024x619.jpg","blog_images":{"medium":"https:\/\/diarioprincipios.com\/wp-content\/uploads\/2021\/01\/20210121_101237-300x181.jpg","large":"https:\/\/diarioprincipios.com\/wp-content\/uploads\/2021\/01\/20210121_101237-1024x619.jpg"},"ams_acf":[],"yoast_head":"<!-- This site is optimized with the Yoast SEO plugin v27.3 - https:\/\/yoast.com\/product\/yoast-seo-wordpress\/ -->\n<title>Alejo Chornobroff y Magdalena Sierra habilitaron una red de desag\u00fces cloacales junto a la titular de AYSA, Malena Galmarini - Principios<\/title>\n<meta name=\"robots\" content=\"index, follow, max-snippet:-1, max-image-preview:large, max-video-preview:-1\" \/>\n<link rel=\"canonical\" href=\"https:\/\/diarioprincipios.com\/index.php\/2021\/01\/21\/alejo-chornobroff-y-magdalena-sierra-habilitaron-una-red-de-desagues-cloacales-junto-a-la-titular-de-aysa-malena-galmarini\/\" \/>\n<meta property=\"og:locale\" content=\"es_ES\" \/>\n<meta property=\"og:type\" content=\"article\" \/>\n<meta property=\"og:title\" content=\"Alejo Chornobroff y Magdalena Sierra habilitaron una red de desag\u00fces cloacales junto a la titular de AYSA, Malena Galmarini - Principios\" \/>\n<meta property=\"og:description\" content=\"La obra beneficia\u00a0a 7.440 vecinxs de Avellaneda y signific\u00f3 una inversi\u00f3n de m\u00e1s de 132 millones de pesos. Antes, mantuvieron una reuni\u00f3n de trabajo con\u00a0el ministro de Desarrollo Territorial y H\u00e1bitat, Jorge Ferraresi.\u00a0\u00a0 El intendente Alejo Chornobroff, junto a la jefa de Gabinete de Avellaneda, Magdalena Sierra, recibieron esta ma\u00f1ana al ministro de Desarrollo Territorial...\" \/>\n<meta property=\"og:url\" content=\"https:\/\/diarioprincipios.com\/index.php\/2021\/01\/21\/alejo-chornobroff-y-magdalena-sierra-habilitaron-una-red-de-desagues-cloacales-junto-a-la-titular-de-aysa-malena-galmarini\/\" \/>\n<meta property=\"og:site_name\" content=\"Principios\" \/>\n<meta property=\"article:published_time\" content=\"2021-01-21T13:14:45+00:00\" \/>\n<meta property=\"article:modified_time\" content=\"2021-01-21T13:14:50+00:00\" \/>\n<meta property=\"og:image\" content=\"https:\/\/diarioprincipios.com\/wp-content\/uploads\/2021\/01\/20210121_101237.jpg\" \/>\n\t<meta property=\"og:image:width\" content=\"1280\" \/>\n\t<meta property=\"og:image:height\" content=\"774\" \/>\n\t<meta property=\"og:image:type\" content=\"image\/jpeg\" \/>\n<meta name=\"author\" content=\"Hern\u00e1n L\u00f3pez\" \/>\n<meta name=\"twitter:card\" content=\"summary_large_image\" \/>\n<meta name=\"twitter:label1\" content=\"Escrito por\" \/>\n\t<meta name=\"twitter:data1\" content=\"Hern\u00e1n L\u00f3pez\" \/>\n\t<meta name=\"twitter:label2\" content=\"Tiempo de lectura\" \/>\n\t<meta name=\"twitter:data2\" content=\"2 minutos\" \/>\n<script type=\"application\/ld+json\" class=\"yoast-schema-graph\">{\"@context\":\"https:\\\/\\\/schema.org\",\"@graph\":[{\"@type\":\"Article\",\"@id\":\"https:\\\/\\\/diarioprincipios.com\\\/index.php\\\/2021\\\/01\\\/21\\\/alejo-chornobroff-y-magdalena-sierra-habilitaron-una-red-de-desagues-cloacales-junto-a-la-titular-de-aysa-malena-galmarini\\\/#article\",\"isPartOf\":{\"@id\":\"https:\\\/\\\/diarioprincipios.com\\\/index.php\\\/2021\\\/01\\\/21\\\/alejo-chornobroff-y-magdalena-sierra-habilitaron-una-red-de-desagues-cloacales-junto-a-la-titular-de-aysa-malena-galmarini\\\/\"},\"author\":{\"name\":\"Hern\u00e1n L\u00f3pez\",\"@id\":\"https:\\\/\\\/diarioprincipios.com\\\/#\\\/schema\\\/person\\\/436d5a1fd41a5e250e23ff5a6a7cb080\"},\"headline\":\"Alejo Chornobroff y Magdalena Sierra habilitaron una red de desag\u00fces cloacales junto a la titular de AYSA, Malena Galmarini\",\"datePublished\":\"2021-01-21T13:14:45+00:00\",\"dateModified\":\"2021-01-21T13:14:50+00:00\",\"mainEntityOfPage\":{\"@id\":\"https:\\\/\\\/diarioprincipios.com\\\/index.php\\\/2021\\\/01\\\/21\\\/alejo-chornobroff-y-magdalena-sierra-habilitaron-una-red-de-desagues-cloacales-junto-a-la-titular-de-aysa-malena-galmarini\\\/\"},\"wordCount\":457,\"commentCount\":0,\"publisher\":{\"@id\":\"https:\\\/\\\/diarioprincipios.com\\\/#organization\"},\"image\":{\"@id\":\"https:\\\/\\\/diarioprincipios.com\\\/index.php\\\/2021\\\/01\\\/21\\\/alejo-chornobroff-y-magdalena-sierra-habilitaron-una-red-de-desagues-cloacales-junto-a-la-titular-de-aysa-malena-galmarini\\\/#primaryimage\"},\"thumbnailUrl\":\"https:\\\/\\\/diarioprincipios.com\\\/wp-content\\\/uploads\\\/2021\\\/01\\\/20210121_101237.jpg\",\"articleSection\":[\"Avellaneda\"],\"inLanguage\":\"es\",\"potentialAction\":[{\"@type\":\"CommentAction\",\"name\":\"Comment\",\"target\":[\"https:\\\/\\\/diarioprincipios.com\\\/index.php\\\/2021\\\/01\\\/21\\\/alejo-chornobroff-y-magdalena-sierra-habilitaron-una-red-de-desagues-cloacales-junto-a-la-titular-de-aysa-malena-galmarini\\\/#respond\"]}]},{\"@type\":\"WebPage\",\"@id\":\"https:\\\/\\\/diarioprincipios.com\\\/index.php\\\/2021\\\/01\\\/21\\\/alejo-chornobroff-y-magdalena-sierra-habilitaron-una-red-de-desagues-cloacales-junto-a-la-titular-de-aysa-malena-galmarini\\\/\",\"url\":\"https:\\\/\\\/diarioprincipios.com\\\/index.php\\\/2021\\\/01\\\/21\\\/alejo-chornobroff-y-magdalena-sierra-habilitaron-una-red-de-desagues-cloacales-junto-a-la-titular-de-aysa-malena-galmarini\\\/\",\"name\":\"Alejo Chornobroff y Magdalena Sierra habilitaron una red de desag\u00fces cloacales junto a la titular de AYSA, Malena Galmarini - Principios\",\"isPartOf\":{\"@id\":\"https:\\\/\\\/diarioprincipios.com\\\/#website\"},\"primaryImageOfPage\":{\"@id\":\"https:\\\/\\\/diarioprincipios.com\\\/index.php\\\/2021\\\/01\\\/21\\\/alejo-chornobroff-y-magdalena-sierra-habilitaron-una-red-de-desagues-cloacales-junto-a-la-titular-de-aysa-malena-galmarini\\\/#primaryimage\"},\"image\":{\"@id\":\"https:\\\/\\\/diarioprincipios.com\\\/index.php\\\/2021\\\/01\\\/21\\\/alejo-chornobroff-y-magdalena-sierra-habilitaron-una-red-de-desagues-cloacales-junto-a-la-titular-de-aysa-malena-galmarini\\\/#primaryimage\"},\"thumbnailUrl\":\"https:\\\/\\\/diarioprincipios.com\\\/wp-content\\\/uploads\\\/2021\\\/01\\\/20210121_101237.jpg\",\"datePublished\":\"2021-01-21T13:14:45+00:00\",\"dateModified\":\"2021-01-21T13:14:50+00:00\",\"breadcrumb\":{\"@id\":\"https:\\\/\\\/diarioprincipios.com\\\/index.php\\\/2021\\\/01\\\/21\\\/alejo-chornobroff-y-magdalena-sierra-habilitaron-una-red-de-desagues-cloacales-junto-a-la-titular-de-aysa-malena-galmarini\\\/#breadcrumb\"},\"inLanguage\":\"es\",\"potentialAction\":[{\"@type\":\"ReadAction\",\"target\":[\"https:\\\/\\\/diarioprincipios.com\\\/index.php\\\/2021\\\/01\\\/21\\\/alejo-chornobroff-y-magdalena-sierra-habilitaron-una-red-de-desagues-cloacales-junto-a-la-titular-de-aysa-malena-galmarini\\\/\"]}]},{\"@type\":\"ImageObject\",\"inLanguage\":\"es\",\"@id\":\"https:\\\/\\\/diarioprincipios.com\\\/index.php\\\/2021\\\/01\\\/21\\\/alejo-chornobroff-y-magdalena-sierra-habilitaron-una-red-de-desagues-cloacales-junto-a-la-titular-de-aysa-malena-galmarini\\\/#primaryimage\",\"url\":\"https:\\\/\\\/diarioprincipios.com\\\/wp-content\\\/uploads\\\/2021\\\/01\\\/20210121_101237.jpg\",\"contentUrl\":\"https:\\\/\\\/diarioprincipios.com\\\/wp-content\\\/uploads\\\/2021\\\/01\\\/20210121_101237.jpg\",\"width\":1280,\"height\":774},{\"@type\":\"BreadcrumbList\",\"@id\":\"https:\\\/\\\/diarioprincipios.com\\\/index.php\\\/2021\\\/01\\\/21\\\/alejo-chornobroff-y-magdalena-sierra-habilitaron-una-red-de-desagues-cloacales-junto-a-la-titular-de-aysa-malena-galmarini\\\/#breadcrumb\",\"itemListElement\":[{\"@type\":\"ListItem\",\"position\":1,\"name\":\"Portada\",\"item\":\"https:\\\/\\\/diarioprincipios.com\\\/\"},{\"@type\":\"ListItem\",\"position\":2,\"name\":\"Alejo Chornobroff y Magdalena Sierra habilitaron una red de desag\u00fces cloacales junto a la titular de AYSA, Malena Galmarini\"}]},{\"@type\":\"WebSite\",\"@id\":\"https:\\\/\\\/diarioprincipios.com\\\/#website\",\"url\":\"https:\\\/\\\/diarioprincipios.com\\\/\",\"name\":\"Principios\",\"description\":\"Principios Diario\",\"publisher\":{\"@id\":\"https:\\\/\\\/diarioprincipios.com\\\/#organization\"},\"potentialAction\":[{\"@type\":\"SearchAction\",\"target\":{\"@type\":\"EntryPoint\",\"urlTemplate\":\"https:\\\/\\\/diarioprincipios.com\\\/?s={search_term_string}\"},\"query-input\":{\"@type\":\"PropertyValueSpecification\",\"valueRequired\":true,\"valueName\":\"search_term_string\"}}],\"inLanguage\":\"es\"},{\"@type\":\"Organization\",\"@id\":\"https:\\\/\\\/diarioprincipios.com\\\/#organization\",\"name\":\"Principios\",\"url\":\"https:\\\/\\\/diarioprincipios.com\\\/\",\"logo\":{\"@type\":\"ImageObject\",\"inLanguage\":\"es\",\"@id\":\"https:\\\/\\\/diarioprincipios.com\\\/#\\\/schema\\\/logo\\\/image\\\/\",\"url\":\"https:\\\/\\\/diarioprincipios.com\\\/wp-content\\\/uploads\\\/2024\\\/04\\\/cropped-www.diarioprincipios.com_-1.png\",\"contentUrl\":\"https:\\\/\\\/diarioprincipios.com\\\/wp-content\\\/uploads\\\/2024\\\/04\\\/cropped-www.diarioprincipios.com_-1.png\",\"width\":5325,\"height\":1454,\"caption\":\"Principios\"},\"image\":{\"@id\":\"https:\\\/\\\/diarioprincipios.com\\\/#\\\/schema\\\/logo\\\/image\\\/\"}},{\"@type\":\"Person\",\"@id\":\"https:\\\/\\\/diarioprincipios.com\\\/#\\\/schema\\\/person\\\/436d5a1fd41a5e250e23ff5a6a7cb080\",\"name\":\"Hern\u00e1n L\u00f3pez\",\"image\":{\"@type\":\"ImageObject\",\"inLanguage\":\"es\",\"@id\":\"https:\\\/\\\/diarioprincipios.com\\\/wp-content\\\/litespeed\\\/avatar\\\/11ddfe5610ff3bd100522525b2571f48.jpg?ver=1777048341\",\"url\":\"https:\\\/\\\/diarioprincipios.com\\\/wp-content\\\/litespeed\\\/avatar\\\/11ddfe5610ff3bd100522525b2571f48.jpg?ver=1777048341\",\"contentUrl\":\"https:\\\/\\\/diarioprincipios.com\\\/wp-content\\\/litespeed\\\/avatar\\\/11ddfe5610ff3bd100522525b2571f48.jpg?ver=1777048341\",\"caption\":\"Hern\u00e1n L\u00f3pez\"},\"url\":\"https:\\\/\\\/diarioprincipios.com\\\/index.php\\\/author\\\/hernan\\\/\"}]}<\/script>\n<!-- \/ Yoast SEO plugin. -->","yoast_head_json":{"title":"Alejo Chornobroff y Magdalena Sierra habilitaron una red de desag\u00fces cloacales junto a la titular de AYSA, Malena Galmarini - Principios","robots":{"index":"index","follow":"follow","max-snippet":"max-snippet:-1","max-image-preview":"max-image-preview:large","max-video-preview":"max-video-preview:-1"},"canonical":"https:\/\/diarioprincipios.com\/index.php\/2021\/01\/21\/alejo-chornobroff-y-magdalena-sierra-habilitaron-una-red-de-desagues-cloacales-junto-a-la-titular-de-aysa-malena-galmarini\/","og_locale":"es_ES","og_type":"article","og_title":"Alejo Chornobroff y Magdalena Sierra habilitaron una red de desag\u00fces cloacales junto a la titular de AYSA, Malena Galmarini - Principios","og_description":"La obra beneficia\u00a0a 7.440 vecinxs de Avellaneda y signific\u00f3 una inversi\u00f3n de m\u00e1s de 132 millones de pesos. Antes, mantuvieron una reuni\u00f3n de trabajo con\u00a0el ministro de Desarrollo Territorial y H\u00e1bitat, Jorge Ferraresi.\u00a0\u00a0 El intendente Alejo Chornobroff, junto a la jefa de Gabinete de Avellaneda, Magdalena Sierra, recibieron esta ma\u00f1ana al ministro de Desarrollo Territorial...","og_url":"https:\/\/diarioprincipios.com\/index.php\/2021\/01\/21\/alejo-chornobroff-y-magdalena-sierra-habilitaron-una-red-de-desagues-cloacales-junto-a-la-titular-de-aysa-malena-galmarini\/","og_site_name":"Principios","article_published_time":"2021-01-21T13:14:45+00:00","article_modified_time":"2021-01-21T13:14:50+00:00","og_image":[{"width":1280,"height":774,"url":"https:\/\/diarioprincipios.com\/wp-content\/uploads\/2021\/01\/20210121_101237.jpg","type":"image\/jpeg"}],"author":"Hern\u00e1n L\u00f3pez","twitter_card":"summary_large_image","twitter_misc":{"Escrito por":"Hern\u00e1n L\u00f3pez","Tiempo de lectura":"2 minutos"},"schema":{"@context":"https:\/\/schema.org","@graph":[{"@type":"Article","@id":"https:\/\/diarioprincipios.com\/index.php\/2021\/01\/21\/alejo-chornobroff-y-magdalena-sierra-habilitaron-una-red-de-desagues-cloacales-junto-a-la-titular-de-aysa-malena-galmarini\/#article","isPartOf":{"@id":"https:\/\/diarioprincipios.com\/index.php\/2021\/01\/21\/alejo-chornobroff-y-magdalena-sierra-habilitaron-una-red-de-desagues-cloacales-junto-a-la-titular-de-aysa-malena-galmarini\/"},"author":{"name":"Hern\u00e1n L\u00f3pez","@id":"https:\/\/diarioprincipios.com\/#\/schema\/person\/436d5a1fd41a5e250e23ff5a6a7cb080"},"headline":"Alejo Chornobroff y Magdalena Sierra habilitaron una red de desag\u00fces cloacales junto a la titular de AYSA, Malena Galmarini","datePublished":"2021-01-21T13:14:45+00:00","dateModified":"2021-01-21T13:14:50+00:00","mainEntityOfPage":{"@id":"https:\/\/diarioprincipios.com\/index.php\/2021\/01\/21\/alejo-chornobroff-y-magdalena-sierra-habilitaron-una-red-de-desagues-cloacales-junto-a-la-titular-de-aysa-malena-galmarini\/"},"wordCount":457,"commentCount":0,"publisher":{"@id":"https:\/\/diarioprincipios.com\/#organization"},"image":{"@id":"https:\/\/diarioprincipios.com\/index.php\/2021\/01\/21\/alejo-chornobroff-y-magdalena-sierra-habilitaron-una-red-de-desagues-cloacales-junto-a-la-titular-de-aysa-malena-galmarini\/#primaryimage"},"thumbnailUrl":"https:\/\/diarioprincipios.com\/wp-content\/uploads\/2021\/01\/20210121_101237.jpg","articleSection":["Avellaneda"],"inLanguage":"es","potentialAction":[{"@type":"CommentAction","name":"Comment","target":["https:\/\/diarioprincipios.com\/index.php\/2021\/01\/21\/alejo-chornobroff-y-magdalena-sierra-habilitaron-una-red-de-desagues-cloacales-junto-a-la-titular-de-aysa-malena-galmarini\/#respond"]}]},{"@type":"WebPage","@id":"https:\/\/diarioprincipios.com\/index.php\/2021\/01\/21\/alejo-chornobroff-y-magdalena-sierra-habilitaron-una-red-de-desagues-cloacales-junto-a-la-titular-de-aysa-malena-galmarini\/","url":"https:\/\/diarioprincipios.com\/index.php\/2021\/01\/21\/alejo-chornobroff-y-magdalena-sierra-habilitaron-una-red-de-desagues-cloacales-junto-a-la-titular-de-aysa-malena-galmarini\/","name":"Alejo Chornobroff y Magdalena Sierra habilitaron una red de desag\u00fces cloacales junto a la titular de AYSA, Malena Galmarini - Principios","isPartOf":{"@id":"https:\/\/diarioprincipios.com\/#website"},"primaryImageOfPage":{"@id":"https:\/\/diarioprincipios.com\/index.php\/2021\/01\/21\/alejo-chornobroff-y-magdalena-sierra-habilitaron-una-red-de-desagues-cloacales-junto-a-la-titular-de-aysa-malena-galmarini\/#primaryimage"},"image":{"@id":"https:\/\/diarioprincipios.com\/index.php\/2021\/01\/21\/alejo-chornobroff-y-magdalena-sierra-habilitaron-una-red-de-desagues-cloacales-junto-a-la-titular-de-aysa-malena-galmarini\/#primaryimage"},"thumbnailUrl":"https:\/\/diarioprincipios.com\/wp-content\/uploads\/2021\/01\/20210121_101237.jpg","datePublished":"2021-01-21T13:14:45+00:00","dateModified":"2021-01-21T13:14:50+00:00","breadcrumb":{"@id":"https:\/\/diarioprincipios.com\/index.php\/2021\/01\/21\/alejo-chornobroff-y-magdalena-sierra-habilitaron-una-red-de-desagues-cloacales-junto-a-la-titular-de-aysa-malena-galmarini\/#breadcrumb"},"inLanguage":"es","potentialAction":[{"@type":"ReadAction","target":["https:\/\/diarioprincipios.com\/index.php\/2021\/01\/21\/alejo-chornobroff-y-magdalena-sierra-habilitaron-una-red-de-desagues-cloacales-junto-a-la-titular-de-aysa-malena-galmarini\/"]}]},{"@type":"ImageObject","inLanguage":"es","@id":"https:\/\/diarioprincipios.com\/index.php\/2021\/01\/21\/alejo-chornobroff-y-magdalena-sierra-habilitaron-una-red-de-desagues-cloacales-junto-a-la-titular-de-aysa-malena-galmarini\/#primaryimage","url":"https:\/\/diarioprincipios.com\/wp-content\/uploads\/2021\/01\/20210121_101237.jpg","contentUrl":"https:\/\/diarioprincipios.com\/wp-content\/uploads\/2021\/01\/20210121_101237.jpg","width":1280,"height":774},{"@type":"BreadcrumbList","@id":"https:\/\/diarioprincipios.com\/index.php\/2021\/01\/21\/alejo-chornobroff-y-magdalena-sierra-habilitaron-una-red-de-desagues-cloacales-junto-a-la-titular-de-aysa-malena-galmarini\/#breadcrumb","itemListElement":[{"@type":"ListItem","position":1,"name":"Portada","item":"https:\/\/diarioprincipios.com\/"},{"@type":"ListItem","position":2,"name":"Alejo Chornobroff y Magdalena Sierra habilitaron una red de desag\u00fces cloacales junto a la titular de AYSA, Malena Galmarini"}]},{"@type":"WebSite","@id":"https:\/\/diarioprincipios.com\/#website","url":"https:\/\/diarioprincipios.com\/","name":"Principios","description":"Principios Diario","publisher":{"@id":"https:\/\/diarioprincipios.com\/#organization"},"potentialAction":[{"@type":"SearchAction","target":{"@type":"EntryPoint","urlTemplate":"https:\/\/diarioprincipios.com\/?s={search_term_string}"},"query-input":{"@type":"PropertyValueSpecification","valueRequired":true,"valueName":"search_term_string"}}],"inLanguage":"es"},{"@type":"Organization","@id":"https:\/\/diarioprincipios.com\/#organization","name":"Principios","url":"https:\/\/diarioprincipios.com\/","logo":{"@type":"ImageObject","inLanguage":"es","@id":"https:\/\/diarioprincipios.com\/#\/schema\/logo\/image\/","url":"https:\/\/diarioprincipios.com\/wp-content\/uploads\/2024\/04\/cropped-www.diarioprincipios.com_-1.png","contentUrl":"https:\/\/diarioprincipios.com\/wp-content\/uploads\/2024\/04\/cropped-www.diarioprincipios.com_-1.png","width":5325,"height":1454,"caption":"Principios"},"image":{"@id":"https:\/\/diarioprincipios.com\/#\/schema\/logo\/image\/"}},{"@type":"Person","@id":"https:\/\/diarioprincipios.com\/#\/schema\/person\/436d5a1fd41a5e250e23ff5a6a7cb080","name":"Hern\u00e1n L\u00f3pez","image":{"@type":"ImageObject","inLanguage":"es","@id":"https:\/\/diarioprincipios.com\/wp-content\/litespeed\/avatar\/11ddfe5610ff3bd100522525b2571f48.jpg?ver=1777048341","url":"https:\/\/diarioprincipios.com\/wp-content\/litespeed\/avatar\/11ddfe5610ff3bd100522525b2571f48.jpg?ver=1777048341","contentUrl":"https:\/\/diarioprincipios.com\/wp-content\/litespeed\/avatar\/11ddfe5610ff3bd100522525b2571f48.jpg?ver=1777048341","caption":"Hern\u00e1n L\u00f3pez"},"url":"https:\/\/diarioprincipios.com\/index.php\/author\/hernan\/"}]}},"jetpack_featured_media_url":"https:\/\/diarioprincipios.com\/wp-content\/uploads\/2021\/01\/20210121_101237.jpg","_links":{"self":[{"href":"https:\/\/diarioprincipios.com\/index.php\/wp-json\/wp\/v2\/posts\/8259","targetHints":{"allow":["GET"]}}],"collection":[{"href":"https:\/\/diarioprincipios.com\/index.php\/wp-json\/wp\/v2\/posts"}],"about":[{"href":"https:\/\/diarioprincipios.com\/index.php\/wp-json\/wp\/v2\/types\/post"}],"author":[{"embeddable":true,"href":"https:\/\/diarioprincipios.com\/index.php\/wp-json\/wp\/v2\/users\/2"}],"replies":[{"embeddable":true,"href":"https:\/\/diarioprincipios.com\/index.php\/wp-json\/wp\/v2\/comments?post=8259"}],"version-history":[{"count":1,"href":"https:\/\/diarioprincipios.com\/index.php\/wp-json\/wp\/v2\/posts\/8259\/revisions"}],"predecessor-version":[{"id":8261,"href":"https:\/\/diarioprincipios.com\/index.php\/wp-json\/wp\/v2\/posts\/8259\/revisions\/8261"}],"wp:featuredmedia":[{"embeddable":true,"href":"https:\/\/diarioprincipios.com\/index.php\/wp-json\/wp\/v2\/media\/8260"}],"wp:attachment":[{"href":"https:\/\/diarioprincipios.com\/index.php\/wp-json\/wp\/v2\/media?parent=8259"}],"wp:term":[{"taxonomy":"category","embeddable":true,"href":"https:\/\/diarioprincipios.com\/index.php\/wp-json\/wp\/v2\/categories?post=8259"},{"taxonomy":"post_tag","embeddable":true,"href":"https:\/\/diarioprincipios.com\/index.php\/wp-json\/wp\/v2\/tags?post=8259"}],"curies":[{"name":"wp","href":"https:\/\/api.w.org\/{rel}","templated":true}]}}