{"id":825,"date":"2020-04-20T17:09:49","date_gmt":"2020-04-20T17:09:49","guid":{"rendered":"http:\/\/diarioprincipios.com\/?p=825"},"modified":"2020-04-20T17:09:51","modified_gmt":"2020-04-20T17:09:51","slug":"rige-en-la-provincia-un-protocolo-para-la-prevencion-y-control-de-coronavirus-en-adultos-mayores","status":"publish","type":"post","link":"https:\/\/diarioprincipios.com\/index.php\/2020\/04\/20\/rige-en-la-provincia-un-protocolo-para-la-prevencion-y-control-de-coronavirus-en-adultos-mayores\/","title":{"rendered":"Rige en la provincia un protocolo para la prevenci\u00f3n y control de coronavirus en adultos mayores"},"content":{"rendered":"\n<p>El protocolo para la prevenci\u00f3n y control de coronavirus en adultos mayores que rige desde hoy en la provincia de Buenos Aires dispone de equipos de salud, geri\u00e1tricos y recomendaciones de cuidado para personas de m\u00e1s de 60 a\u00f1os.<\/p>\n\n\n\n<p>En el documento, al que tuvo acceso la Agencia T\u00e9lam, se mencionan medidas generales de distanciamiento social para los mayores de 60 a\u00f1os, entre las que se destacan \u00abdistancia interpersonal m\u00ednima de un metro y no realizar eventos o reuniones\u00bb.<\/p>\n\n\n\n<p>Tambi\u00e9n se propone \u00abutilizar medios electr\u00f3nicos para la realizaci\u00f3n de gestiones y tr\u00e1mites, trabajar a distancia en la medida que sea posible y no compartir utensilios, incluido el mate\u00bb.<\/p>\n\n\n\n<p>Se solicita, adem\u00e1s, \u00abcancelar actividades que no sean esenciales y no utilizar el transporte p\u00fablico, salvo extrema necesidad, y evitar viajar en horas pico\u00bb.<\/p>\n\n\n\n<p>Las personas mayores de 60 a\u00f1os deber\u00e1n \u00abpermanecer en el domicilio la mayor parte del tiempo y minimizar el contacto social, evitar contacto con personas con s\u00edntomas respiratorios o que volvieron de zonas afectadas en los \u00faltimos 14 d\u00edas, y lavarse frecuentemente las manos, ventilar espacios y limpiar ambientes y superficies\u00bb.<\/p>\n\n\n\n<p>Entre las recomendaciones para los equipos de salud, se propone \u00abdise\u00f1ar planes para garantizar la provisi\u00f3n del tratamiento de enfermedades cr\u00f3nicas en domicilio, el uso de receta electr\u00f3nica y garantizar en los sectores de salud horarios o turnos protegidos para adultos mayores\u00bb.<\/p>\n\n\n\n<p>Adem\u00e1s, se plantean propuestas para desarrollar campa\u00f1as de vacunaci\u00f3n para la poblaci\u00f3n.<\/p>\n\n\n\n<p>En paralelo, se formulan sugerencias para las residencias de adultos mayores, como restringir el acceso a la residencia y la circulaci\u00f3n, prohibici\u00f3n de ingreso a toda persona que no trabaje en la residencia, controles de temperatura corporal al personal, uso de alcohol en gel y desinfecci\u00f3n.<\/p>\n\n\n\n<p>Asimismo, se propone \u00abrepartir las cuatro comidas y la medicaci\u00f3n dentro de las habitaciones o en grupos reducidos en el comedor y disminuir al m\u00ednimo el contacto entre el personal y los residentes\u00bb.<\/p>\n\n\n\n<p>\u00abSi un residente o trabajador presenta s\u00edntomas, se deber\u00e1 avisar telef\u00f3nicamente al servicio de emergencia y aislar a la persona en el espacio destinado a tal fin, con barbijo quir\u00fargico y alcohol en gel para reforzar las medidas de higiene de manos\u00bb, especifica el protocolo.<\/p>\n\n\n\n<p>En tanto, para el personal de atenci\u00f3n que ingresa a la habitaci\u00f3n, deben usarse \u00ablas medidas habituales de precauci\u00f3n est\u00e1ndar, por contacto y por gotas, que consiste en higiene de manos, guantes, barbijo quir\u00fargico, camisol\u00edn, protecci\u00f3n ocular o m\u00e1scara facial\u00bb.<\/p>\n\n\n\n<p>\u00abLos residuos generados en la atenci\u00f3n del paciente se eliminar\u00e1n en bolsas identificadas a tal fin\u00bb, se explica en el documento.<\/p>\n","protected":false},"excerpt":{"rendered":"<p>El protocolo para la prevenci\u00f3n y control de coronavirus en adultos mayores que rige desde hoy en la provincia de Buenos Aires dispone de equipos de salud, geri\u00e1tricos y recomendaciones de cuidado para personas de m\u00e1s de 60 a\u00f1os. En el documento, al que tuvo acceso la Agencia T\u00e9lam, se mencionan medidas generales de distanciamiento&#8230;<\/p>\n","protected":false},"author":2,"featured_media":826,"comment_status":"open","ping_status":"open","sticky":false,"template":"","format":"standard","meta":{"footnotes":""},"categories":[7],"tags":[],"class_list":["post-825","post","type-post","status-publish","format-standard","has-post-thumbnail","hentry","category-provincia"],"featured_image_src":"https:\/\/diarioprincipios.com\/wp-content\/uploads\/2020\/04\/avuelo.jpg","blog_images":{"medium":"https:\/\/diarioprincipios.com\/wp-content\/uploads\/2020\/04\/avuelo-300x169.jpg","large":"https:\/\/diarioprincipios.com\/wp-content\/uploads\/2020\/04\/avuelo.jpg"},"ams_acf":[],"yoast_head":"<!-- This site is optimized with the Yoast SEO plugin v27.3 - https:\/\/yoast.com\/product\/yoast-seo-wordpress\/ -->\n<title>Rige en la provincia un protocolo para la prevenci\u00f3n y control de coronavirus en adultos mayores - Principios<\/title>\n<meta name=\"robots\" content=\"index, follow, max-snippet:-1, max-image-preview:large, max-video-preview:-1\" \/>\n<link rel=\"canonical\" href=\"https:\/\/diarioprincipios.com\/index.php\/2020\/04\/20\/rige-en-la-provincia-un-protocolo-para-la-prevencion-y-control-de-coronavirus-en-adultos-mayores\/\" \/>\n<meta property=\"og:locale\" content=\"es_ES\" \/>\n<meta property=\"og:type\" content=\"article\" \/>\n<meta property=\"og:title\" content=\"Rige en la provincia un protocolo para la prevenci\u00f3n y control de coronavirus en adultos mayores - Principios\" \/>\n<meta property=\"og:description\" content=\"El protocolo para la prevenci\u00f3n y control de coronavirus en adultos mayores que rige desde hoy en la provincia de Buenos Aires dispone de equipos de salud, geri\u00e1tricos y recomendaciones de cuidado para personas de m\u00e1s de 60 a\u00f1os. En el documento, al que tuvo acceso la Agencia T\u00e9lam, se mencionan medidas generales de distanciamiento...\" \/>\n<meta property=\"og:url\" content=\"https:\/\/diarioprincipios.com\/index.php\/2020\/04\/20\/rige-en-la-provincia-un-protocolo-para-la-prevencion-y-control-de-coronavirus-en-adultos-mayores\/\" \/>\n<meta property=\"og:site_name\" content=\"Principios\" \/>\n<meta property=\"article:published_time\" content=\"2020-04-20T17:09:49+00:00\" \/>\n<meta property=\"article:modified_time\" content=\"2020-04-20T17:09:51+00:00\" \/>\n<meta property=\"og:image\" content=\"https:\/\/diarioprincipios.com\/wp-content\/uploads\/2020\/04\/avuelo.jpg\" \/>\n\t<meta property=\"og:image:width\" content=\"512\" \/>\n\t<meta property=\"og:image:height\" content=\"289\" \/>\n\t<meta property=\"og:image:type\" content=\"image\/jpeg\" \/>\n<meta name=\"author\" content=\"Hern\u00e1n L\u00f3pez\" \/>\n<meta name=\"twitter:card\" content=\"summary_large_image\" \/>\n<meta name=\"twitter:label1\" content=\"Escrito por\" \/>\n\t<meta name=\"twitter:data1\" content=\"Hern\u00e1n L\u00f3pez\" \/>\n\t<meta name=\"twitter:label2\" content=\"Tiempo de lectura\" \/>\n\t<meta name=\"twitter:data2\" content=\"2 minutos\" \/>\n<script type=\"application\/ld+json\" class=\"yoast-schema-graph\">{\"@context\":\"https:\\\/\\\/schema.org\",\"@graph\":[{\"@type\":\"Article\",\"@id\":\"https:\\\/\\\/diarioprincipios.com\\\/index.php\\\/2020\\\/04\\\/20\\\/rige-en-la-provincia-un-protocolo-para-la-prevencion-y-control-de-coronavirus-en-adultos-mayores\\\/#article\",\"isPartOf\":{\"@id\":\"https:\\\/\\\/diarioprincipios.com\\\/index.php\\\/2020\\\/04\\\/20\\\/rige-en-la-provincia-un-protocolo-para-la-prevencion-y-control-de-coronavirus-en-adultos-mayores\\\/\"},\"author\":{\"name\":\"Hern\u00e1n L\u00f3pez\",\"@id\":\"https:\\\/\\\/diarioprincipios.com\\\/#\\\/schema\\\/person\\\/436d5a1fd41a5e250e23ff5a6a7cb080\"},\"headline\":\"Rige en la provincia un protocolo para la prevenci\u00f3n y control de coronavirus en adultos mayores\",\"datePublished\":\"2020-04-20T17:09:49+00:00\",\"dateModified\":\"2020-04-20T17:09:51+00:00\",\"mainEntityOfPage\":{\"@id\":\"https:\\\/\\\/diarioprincipios.com\\\/index.php\\\/2020\\\/04\\\/20\\\/rige-en-la-provincia-un-protocolo-para-la-prevencion-y-control-de-coronavirus-en-adultos-mayores\\\/\"},\"wordCount\":478,\"commentCount\":0,\"publisher\":{\"@id\":\"https:\\\/\\\/diarioprincipios.com\\\/#organization\"},\"image\":{\"@id\":\"https:\\\/\\\/diarioprincipios.com\\\/index.php\\\/2020\\\/04\\\/20\\\/rige-en-la-provincia-un-protocolo-para-la-prevencion-y-control-de-coronavirus-en-adultos-mayores\\\/#primaryimage\"},\"thumbnailUrl\":\"https:\\\/\\\/diarioprincipios.com\\\/wp-content\\\/uploads\\\/2020\\\/04\\\/avuelo.jpg\",\"articleSection\":[\"Provincia\"],\"inLanguage\":\"es\",\"potentialAction\":[{\"@type\":\"CommentAction\",\"name\":\"Comment\",\"target\":[\"https:\\\/\\\/diarioprincipios.com\\\/index.php\\\/2020\\\/04\\\/20\\\/rige-en-la-provincia-un-protocolo-para-la-prevencion-y-control-de-coronavirus-en-adultos-mayores\\\/#respond\"]}]},{\"@type\":\"WebPage\",\"@id\":\"https:\\\/\\\/diarioprincipios.com\\\/index.php\\\/2020\\\/04\\\/20\\\/rige-en-la-provincia-un-protocolo-para-la-prevencion-y-control-de-coronavirus-en-adultos-mayores\\\/\",\"url\":\"https:\\\/\\\/diarioprincipios.com\\\/index.php\\\/2020\\\/04\\\/20\\\/rige-en-la-provincia-un-protocolo-para-la-prevencion-y-control-de-coronavirus-en-adultos-mayores\\\/\",\"name\":\"Rige en la provincia un protocolo para la prevenci\u00f3n y control de coronavirus en adultos mayores - Principios\",\"isPartOf\":{\"@id\":\"https:\\\/\\\/diarioprincipios.com\\\/#website\"},\"primaryImageOfPage\":{\"@id\":\"https:\\\/\\\/diarioprincipios.com\\\/index.php\\\/2020\\\/04\\\/20\\\/rige-en-la-provincia-un-protocolo-para-la-prevencion-y-control-de-coronavirus-en-adultos-mayores\\\/#primaryimage\"},\"image\":{\"@id\":\"https:\\\/\\\/diarioprincipios.com\\\/index.php\\\/2020\\\/04\\\/20\\\/rige-en-la-provincia-un-protocolo-para-la-prevencion-y-control-de-coronavirus-en-adultos-mayores\\\/#primaryimage\"},\"thumbnailUrl\":\"https:\\\/\\\/diarioprincipios.com\\\/wp-content\\\/uploads\\\/2020\\\/04\\\/avuelo.jpg\",\"datePublished\":\"2020-04-20T17:09:49+00:00\",\"dateModified\":\"2020-04-20T17:09:51+00:00\",\"breadcrumb\":{\"@id\":\"https:\\\/\\\/diarioprincipios.com\\\/index.php\\\/2020\\\/04\\\/20\\\/rige-en-la-provincia-un-protocolo-para-la-prevencion-y-control-de-coronavirus-en-adultos-mayores\\\/#breadcrumb\"},\"inLanguage\":\"es\",\"potentialAction\":[{\"@type\":\"ReadAction\",\"target\":[\"https:\\\/\\\/diarioprincipios.com\\\/index.php\\\/2020\\\/04\\\/20\\\/rige-en-la-provincia-un-protocolo-para-la-prevencion-y-control-de-coronavirus-en-adultos-mayores\\\/\"]}]},{\"@type\":\"ImageObject\",\"inLanguage\":\"es\",\"@id\":\"https:\\\/\\\/diarioprincipios.com\\\/index.php\\\/2020\\\/04\\\/20\\\/rige-en-la-provincia-un-protocolo-para-la-prevencion-y-control-de-coronavirus-en-adultos-mayores\\\/#primaryimage\",\"url\":\"https:\\\/\\\/diarioprincipios.com\\\/wp-content\\\/uploads\\\/2020\\\/04\\\/avuelo.jpg\",\"contentUrl\":\"https:\\\/\\\/diarioprincipios.com\\\/wp-content\\\/uploads\\\/2020\\\/04\\\/avuelo.jpg\",\"width\":512,\"height\":289},{\"@type\":\"BreadcrumbList\",\"@id\":\"https:\\\/\\\/diarioprincipios.com\\\/index.php\\\/2020\\\/04\\\/20\\\/rige-en-la-provincia-un-protocolo-para-la-prevencion-y-control-de-coronavirus-en-adultos-mayores\\\/#breadcrumb\",\"itemListElement\":[{\"@type\":\"ListItem\",\"position\":1,\"name\":\"Portada\",\"item\":\"https:\\\/\\\/diarioprincipios.com\\\/\"},{\"@type\":\"ListItem\",\"position\":2,\"name\":\"Rige en la provincia un protocolo para la prevenci\u00f3n y control de coronavirus en adultos mayores\"}]},{\"@type\":\"WebSite\",\"@id\":\"https:\\\/\\\/diarioprincipios.com\\\/#website\",\"url\":\"https:\\\/\\\/diarioprincipios.com\\\/\",\"name\":\"Principios\",\"description\":\"Principios Diario\",\"publisher\":{\"@id\":\"https:\\\/\\\/diarioprincipios.com\\\/#organization\"},\"potentialAction\":[{\"@type\":\"SearchAction\",\"target\":{\"@type\":\"EntryPoint\",\"urlTemplate\":\"https:\\\/\\\/diarioprincipios.com\\\/?s={search_term_string}\"},\"query-input\":{\"@type\":\"PropertyValueSpecification\",\"valueRequired\":true,\"valueName\":\"search_term_string\"}}],\"inLanguage\":\"es\"},{\"@type\":\"Organization\",\"@id\":\"https:\\\/\\\/diarioprincipios.com\\\/#organization\",\"name\":\"Principios\",\"url\":\"https:\\\/\\\/diarioprincipios.com\\\/\",\"logo\":{\"@type\":\"ImageObject\",\"inLanguage\":\"es\",\"@id\":\"https:\\\/\\\/diarioprincipios.com\\\/#\\\/schema\\\/logo\\\/image\\\/\",\"url\":\"https:\\\/\\\/diarioprincipios.com\\\/wp-content\\\/uploads\\\/2024\\\/04\\\/cropped-www.diarioprincipios.com_-1.png\",\"contentUrl\":\"https:\\\/\\\/diarioprincipios.com\\\/wp-content\\\/uploads\\\/2024\\\/04\\\/cropped-www.diarioprincipios.com_-1.png\",\"width\":5325,\"height\":1454,\"caption\":\"Principios\"},\"image\":{\"@id\":\"https:\\\/\\\/diarioprincipios.com\\\/#\\\/schema\\\/logo\\\/image\\\/\"}},{\"@type\":\"Person\",\"@id\":\"https:\\\/\\\/diarioprincipios.com\\\/#\\\/schema\\\/person\\\/436d5a1fd41a5e250e23ff5a6a7cb080\",\"name\":\"Hern\u00e1n L\u00f3pez\",\"image\":{\"@type\":\"ImageObject\",\"inLanguage\":\"es\",\"@id\":\"https:\\\/\\\/diarioprincipios.com\\\/wp-content\\\/litespeed\\\/avatar\\\/11ddfe5610ff3bd100522525b2571f48.jpg?ver=1777048341\",\"url\":\"https:\\\/\\\/diarioprincipios.com\\\/wp-content\\\/litespeed\\\/avatar\\\/11ddfe5610ff3bd100522525b2571f48.jpg?ver=1777048341\",\"contentUrl\":\"https:\\\/\\\/diarioprincipios.com\\\/wp-content\\\/litespeed\\\/avatar\\\/11ddfe5610ff3bd100522525b2571f48.jpg?ver=1777048341\",\"caption\":\"Hern\u00e1n L\u00f3pez\"},\"url\":\"https:\\\/\\\/diarioprincipios.com\\\/index.php\\\/author\\\/hernan\\\/\"}]}<\/script>\n<!-- \/ Yoast SEO plugin. -->","yoast_head_json":{"title":"Rige en la provincia un protocolo para la prevenci\u00f3n y control de coronavirus en adultos mayores - Principios","robots":{"index":"index","follow":"follow","max-snippet":"max-snippet:-1","max-image-preview":"max-image-preview:large","max-video-preview":"max-video-preview:-1"},"canonical":"https:\/\/diarioprincipios.com\/index.php\/2020\/04\/20\/rige-en-la-provincia-un-protocolo-para-la-prevencion-y-control-de-coronavirus-en-adultos-mayores\/","og_locale":"es_ES","og_type":"article","og_title":"Rige en la provincia un protocolo para la prevenci\u00f3n y control de coronavirus en adultos mayores - Principios","og_description":"El protocolo para la prevenci\u00f3n y control de coronavirus en adultos mayores que rige desde hoy en la provincia de Buenos Aires dispone de equipos de salud, geri\u00e1tricos y recomendaciones de cuidado para personas de m\u00e1s de 60 a\u00f1os. En el documento, al que tuvo acceso la Agencia T\u00e9lam, se mencionan medidas generales de distanciamiento...","og_url":"https:\/\/diarioprincipios.com\/index.php\/2020\/04\/20\/rige-en-la-provincia-un-protocolo-para-la-prevencion-y-control-de-coronavirus-en-adultos-mayores\/","og_site_name":"Principios","article_published_time":"2020-04-20T17:09:49+00:00","article_modified_time":"2020-04-20T17:09:51+00:00","og_image":[{"width":512,"height":289,"url":"https:\/\/diarioprincipios.com\/wp-content\/uploads\/2020\/04\/avuelo.jpg","type":"image\/jpeg"}],"author":"Hern\u00e1n L\u00f3pez","twitter_card":"summary_large_image","twitter_misc":{"Escrito por":"Hern\u00e1n L\u00f3pez","Tiempo de lectura":"2 minutos"},"schema":{"@context":"https:\/\/schema.org","@graph":[{"@type":"Article","@id":"https:\/\/diarioprincipios.com\/index.php\/2020\/04\/20\/rige-en-la-provincia-un-protocolo-para-la-prevencion-y-control-de-coronavirus-en-adultos-mayores\/#article","isPartOf":{"@id":"https:\/\/diarioprincipios.com\/index.php\/2020\/04\/20\/rige-en-la-provincia-un-protocolo-para-la-prevencion-y-control-de-coronavirus-en-adultos-mayores\/"},"author":{"name":"Hern\u00e1n L\u00f3pez","@id":"https:\/\/diarioprincipios.com\/#\/schema\/person\/436d5a1fd41a5e250e23ff5a6a7cb080"},"headline":"Rige en la provincia un protocolo para la prevenci\u00f3n y control de coronavirus en adultos mayores","datePublished":"2020-04-20T17:09:49+00:00","dateModified":"2020-04-20T17:09:51+00:00","mainEntityOfPage":{"@id":"https:\/\/diarioprincipios.com\/index.php\/2020\/04\/20\/rige-en-la-provincia-un-protocolo-para-la-prevencion-y-control-de-coronavirus-en-adultos-mayores\/"},"wordCount":478,"commentCount":0,"publisher":{"@id":"https:\/\/diarioprincipios.com\/#organization"},"image":{"@id":"https:\/\/diarioprincipios.com\/index.php\/2020\/04\/20\/rige-en-la-provincia-un-protocolo-para-la-prevencion-y-control-de-coronavirus-en-adultos-mayores\/#primaryimage"},"thumbnailUrl":"https:\/\/diarioprincipios.com\/wp-content\/uploads\/2020\/04\/avuelo.jpg","articleSection":["Provincia"],"inLanguage":"es","potentialAction":[{"@type":"CommentAction","name":"Comment","target":["https:\/\/diarioprincipios.com\/index.php\/2020\/04\/20\/rige-en-la-provincia-un-protocolo-para-la-prevencion-y-control-de-coronavirus-en-adultos-mayores\/#respond"]}]},{"@type":"WebPage","@id":"https:\/\/diarioprincipios.com\/index.php\/2020\/04\/20\/rige-en-la-provincia-un-protocolo-para-la-prevencion-y-control-de-coronavirus-en-adultos-mayores\/","url":"https:\/\/diarioprincipios.com\/index.php\/2020\/04\/20\/rige-en-la-provincia-un-protocolo-para-la-prevencion-y-control-de-coronavirus-en-adultos-mayores\/","name":"Rige en la provincia un protocolo para la prevenci\u00f3n y control de coronavirus en adultos mayores - Principios","isPartOf":{"@id":"https:\/\/diarioprincipios.com\/#website"},"primaryImageOfPage":{"@id":"https:\/\/diarioprincipios.com\/index.php\/2020\/04\/20\/rige-en-la-provincia-un-protocolo-para-la-prevencion-y-control-de-coronavirus-en-adultos-mayores\/#primaryimage"},"image":{"@id":"https:\/\/diarioprincipios.com\/index.php\/2020\/04\/20\/rige-en-la-provincia-un-protocolo-para-la-prevencion-y-control-de-coronavirus-en-adultos-mayores\/#primaryimage"},"thumbnailUrl":"https:\/\/diarioprincipios.com\/wp-content\/uploads\/2020\/04\/avuelo.jpg","datePublished":"2020-04-20T17:09:49+00:00","dateModified":"2020-04-20T17:09:51+00:00","breadcrumb":{"@id":"https:\/\/diarioprincipios.com\/index.php\/2020\/04\/20\/rige-en-la-provincia-un-protocolo-para-la-prevencion-y-control-de-coronavirus-en-adultos-mayores\/#breadcrumb"},"inLanguage":"es","potentialAction":[{"@type":"ReadAction","target":["https:\/\/diarioprincipios.com\/index.php\/2020\/04\/20\/rige-en-la-provincia-un-protocolo-para-la-prevencion-y-control-de-coronavirus-en-adultos-mayores\/"]}]},{"@type":"ImageObject","inLanguage":"es","@id":"https:\/\/diarioprincipios.com\/index.php\/2020\/04\/20\/rige-en-la-provincia-un-protocolo-para-la-prevencion-y-control-de-coronavirus-en-adultos-mayores\/#primaryimage","url":"https:\/\/diarioprincipios.com\/wp-content\/uploads\/2020\/04\/avuelo.jpg","contentUrl":"https:\/\/diarioprincipios.com\/wp-content\/uploads\/2020\/04\/avuelo.jpg","width":512,"height":289},{"@type":"BreadcrumbList","@id":"https:\/\/diarioprincipios.com\/index.php\/2020\/04\/20\/rige-en-la-provincia-un-protocolo-para-la-prevencion-y-control-de-coronavirus-en-adultos-mayores\/#breadcrumb","itemListElement":[{"@type":"ListItem","position":1,"name":"Portada","item":"https:\/\/diarioprincipios.com\/"},{"@type":"ListItem","position":2,"name":"Rige en la provincia un protocolo para la prevenci\u00f3n y control de coronavirus en adultos mayores"}]},{"@type":"WebSite","@id":"https:\/\/diarioprincipios.com\/#website","url":"https:\/\/diarioprincipios.com\/","name":"Principios","description":"Principios Diario","publisher":{"@id":"https:\/\/diarioprincipios.com\/#organization"},"potentialAction":[{"@type":"SearchAction","target":{"@type":"EntryPoint","urlTemplate":"https:\/\/diarioprincipios.com\/?s={search_term_string}"},"query-input":{"@type":"PropertyValueSpecification","valueRequired":true,"valueName":"search_term_string"}}],"inLanguage":"es"},{"@type":"Organization","@id":"https:\/\/diarioprincipios.com\/#organization","name":"Principios","url":"https:\/\/diarioprincipios.com\/","logo":{"@type":"ImageObject","inLanguage":"es","@id":"https:\/\/diarioprincipios.com\/#\/schema\/logo\/image\/","url":"https:\/\/diarioprincipios.com\/wp-content\/uploads\/2024\/04\/cropped-www.diarioprincipios.com_-1.png","contentUrl":"https:\/\/diarioprincipios.com\/wp-content\/uploads\/2024\/04\/cropped-www.diarioprincipios.com_-1.png","width":5325,"height":1454,"caption":"Principios"},"image":{"@id":"https:\/\/diarioprincipios.com\/#\/schema\/logo\/image\/"}},{"@type":"Person","@id":"https:\/\/diarioprincipios.com\/#\/schema\/person\/436d5a1fd41a5e250e23ff5a6a7cb080","name":"Hern\u00e1n L\u00f3pez","image":{"@type":"ImageObject","inLanguage":"es","@id":"https:\/\/diarioprincipios.com\/wp-content\/litespeed\/avatar\/11ddfe5610ff3bd100522525b2571f48.jpg?ver=1777048341","url":"https:\/\/diarioprincipios.com\/wp-content\/litespeed\/avatar\/11ddfe5610ff3bd100522525b2571f48.jpg?ver=1777048341","contentUrl":"https:\/\/diarioprincipios.com\/wp-content\/litespeed\/avatar\/11ddfe5610ff3bd100522525b2571f48.jpg?ver=1777048341","caption":"Hern\u00e1n L\u00f3pez"},"url":"https:\/\/diarioprincipios.com\/index.php\/author\/hernan\/"}]}},"jetpack_featured_media_url":"https:\/\/diarioprincipios.com\/wp-content\/uploads\/2020\/04\/avuelo.jpg","_links":{"self":[{"href":"https:\/\/diarioprincipios.com\/index.php\/wp-json\/wp\/v2\/posts\/825","targetHints":{"allow":["GET"]}}],"collection":[{"href":"https:\/\/diarioprincipios.com\/index.php\/wp-json\/wp\/v2\/posts"}],"about":[{"href":"https:\/\/diarioprincipios.com\/index.php\/wp-json\/wp\/v2\/types\/post"}],"author":[{"embeddable":true,"href":"https:\/\/diarioprincipios.com\/index.php\/wp-json\/wp\/v2\/users\/2"}],"replies":[{"embeddable":true,"href":"https:\/\/diarioprincipios.com\/index.php\/wp-json\/wp\/v2\/comments?post=825"}],"version-history":[{"count":1,"href":"https:\/\/diarioprincipios.com\/index.php\/wp-json\/wp\/v2\/posts\/825\/revisions"}],"predecessor-version":[{"id":827,"href":"https:\/\/diarioprincipios.com\/index.php\/wp-json\/wp\/v2\/posts\/825\/revisions\/827"}],"wp:featuredmedia":[{"embeddable":true,"href":"https:\/\/diarioprincipios.com\/index.php\/wp-json\/wp\/v2\/media\/826"}],"wp:attachment":[{"href":"https:\/\/diarioprincipios.com\/index.php\/wp-json\/wp\/v2\/media?parent=825"}],"wp:term":[{"taxonomy":"category","embeddable":true,"href":"https:\/\/diarioprincipios.com\/index.php\/wp-json\/wp\/v2\/categories?post=825"},{"taxonomy":"post_tag","embeddable":true,"href":"https:\/\/diarioprincipios.com\/index.php\/wp-json\/wp\/v2\/tags?post=825"}],"curies":[{"name":"wp","href":"https:\/\/api.w.org\/{rel}","templated":true}]}}