{"id":8247,"date":"2021-01-19T22:10:47","date_gmt":"2021-01-20T01:10:47","guid":{"rendered":"http:\/\/diarioprincipios.com\/?p=8247"},"modified":"2021-01-19T22:10:52","modified_gmt":"2021-01-20T01:10:52","slug":"se-realizo-el-operativo-detectar-en-el-barrio-santo-tomas","status":"publish","type":"post","link":"https:\/\/diarioprincipios.com\/index.php\/2021\/01\/19\/se-realizo-el-operativo-detectar-en-el-barrio-santo-tomas\/","title":{"rendered":"Se realiz\u00f3 el Operativo Detectar en el Barrio Santo Tom\u00e1s"},"content":{"rendered":"\n<p><strong>La Municipalidad de Berazategui, junto al gobierno de la provincia de Buenos Aires, contin\u00faa implementando el Dispositivo Estrat\u00e9gico de Testeo para Coronavirus en Territorio de Argentina (DETeCTAr) en diferentes zonas de la ciudad. En esta oportunidad, agentes municipales y provinciales -junto a voluntarios-, recorrieron el barrio Santo Tom\u00e1s, casa por casa, en b\u00fasqueda de vecinos con s\u00edntomas compatibles con COVID -19.<br><\/strong><br>El recorrido tambi\u00e9n incluy\u00f3 el abordaje de la situaci\u00f3n de vulnerabilidad, ya sea por necesidad de alimentos, atenci\u00f3n m\u00e9dica o la aplicaci\u00f3n del Programa REMEDIAR (esto \u00faltimo, en el caso de no tener cobertura de medicamentos esenciales aprobados por especialistas); y el asesoramiento a aquellas personas que desean registrarse en la web\u00a0<a rel=\"noreferrer noopener\" target=\"_blank\" href=\"http:\/\/vacunatepba.gba.gob.ar\/\">vacunatepba.gba.gob.ar<\/a>\u00a0para poder vacunarse contra el coronavirus.\u00a0<\/p>\n\n\n\n<p>\u201cNos encontramos realizando el Operativo DETeCTAr N\u00b0 58 junto con el equipo de la provincia de Buenos Aires, haciendo el testeo correspondiente a quienes presenten s\u00edntomas de la enfermedad. Realizamos el operativo casa por casa, preguntando por s\u00edntomas de COVID-19 e informando acerca de la aplicaci\u00f3n de la vacuna\u201d, explic\u00f3 Marisol Torres, directora de Enfermer\u00eda de la Municipalidad de Berazategui.<\/p>\n\n\n\n<p>\u201cEn el Barrio Santo Tom\u00e1s procedemos con el Operativo DETeCTAR buscando casos sospechosos de COVID-19. Disponemos de un m\u00f3vil hospitalario y llevamos a cabo el Programa REMEDIAR, acercando medicaci\u00f3n debidamente recetada a la gente que no la pueda conseguir. Pasamos casa por casa haciendo un relevamiento de la situaci\u00f3n de los vecinos para ver si han presentado s\u00edntomas y a la vez les recomendamos que descarguen la App VacunatePBA para gestionar su turno de vacunaci\u00f3n. Es importante que las personas mayores de 60 a\u00f1os se registren para vacunarse\u201d, expres\u00f3 Miriam Cellini, enfermera del Ministerio de Salud de la provincia de Buenos Aires. Con respecto al trabajo entre el Ministerio de Salud y las autoridades locales, la representante bonaerense subray\u00f3: \u201cEl Municipio nos ha recibido muy bien y nos ha brindado un excelente trato y acompa\u00f1amiento en esta tarea\u201d.<\/p>\n\n\n\n<p>Asimismo, los vecinos y vecinas berazateguenses del barrio se mostraron sumamente conformes y agradecidos con esta labor esencial en materia de salud. \u201cVivo junto con mi mam\u00e1 de 73 a\u00f1os y mi sobrino. El Operativo DETeCTAr se acerc\u00f3 a mi casa. Me dieron informaci\u00f3n para saber c\u00f3mo proceder con la vacunaci\u00f3n contra la COVID -19. Me preguntaron si tuve s\u00edntomas y me explicaron acerca de los cuidados que debemos mantener\u201d, expres\u00f3 Claudia L\u00f3pez.<\/p>\n\n\n\n<p>Adem\u00e1s del barrio Santo Tom\u00e1s, el operativo DETeCTAr ya se realiz\u00f3 en: La Porte\u00f1a, 9 de Julio, Asunci\u00f3n- Mosconi, Aldana, Los Ciruelos, Las Margaritas, Primero de Mayo, Los Pinos, General Belgrano, Bustillo, Jacarand\u00e1, Villa Mitre, Buenaventura, Alejandro I, General Mitre, Kennedy Sur, Kennedy Norte, 3 de Junio, Compal, Ori\u00f3n, Nicol\u00e1s Videla II, Once, N\u00e9stor Kirchner, San Jos\u00e9 y San Mauro, Agust\u00edn Ram\u00edrez, Los Pinos, La Prosperidad, San Blas, 20 de Junio, San Carlos, Pl\u00e1tanos Norte, UOCRA, Villa Matilde, El Cicl\u00f3n, La Primavera, El Vidrio, El Progreso y El Chel\u00edn.<\/p>\n\n\n\n<figure class=\"wp-block-image\"><img decoding=\"async\" src=\"https:\/\/ecp.yusercontent.com\/mail?url=https%3A%2F%2Fdocs.google.com%2Fuc%3Fexport%3Ddownload%26id%3D1O9ySDGVjFwLiWj3yWiMdjtCw6pHI7T-F%26revid%3D0B9CZhG6aa0VidWpSQjZNZGVndGpYeWM5ZWtiUFNuM1JQV3U4PQ&amp;t=1611104886&amp;ymreqid=5799fcab-b43d-2794-22c0-ab000401da00&amp;sig=HwiQ07la.YdWcrd.yv5pbw--~D\" alt=\"\"\/><\/figure>\n","protected":false},"excerpt":{"rendered":"<p>La Municipalidad de Berazategui, junto al gobierno de la provincia de Buenos Aires, contin\u00faa implementando el Dispositivo Estrat\u00e9gico de Testeo para Coronavirus en Territorio de Argentina (DETeCTAr) en diferentes zonas de la ciudad. En esta oportunidad, agentes municipales y provinciales -junto a voluntarios-, recorrieron el barrio Santo Tom\u00e1s, casa por casa, en b\u00fasqueda de vecinos&#8230;<\/p>\n","protected":false},"author":2,"featured_media":8248,"comment_status":"open","ping_status":"open","sticky":false,"template":"","format":"standard","meta":{"footnotes":""},"categories":[3],"tags":[],"class_list":["post-8247","post","type-post","status-publish","format-standard","has-post-thumbnail","hentry","category-berazategui"],"featured_image_src":"https:\/\/diarioprincipios.com\/wp-content\/uploads\/2021\/01\/20210119_220850-1024x607.jpg","blog_images":{"medium":"https:\/\/diarioprincipios.com\/wp-content\/uploads\/2021\/01\/20210119_220850-300x178.jpg","large":"https:\/\/diarioprincipios.com\/wp-content\/uploads\/2021\/01\/20210119_220850-1024x607.jpg"},"ams_acf":[],"yoast_head":"<!-- This site is optimized with the Yoast SEO plugin v27.3 - https:\/\/yoast.com\/product\/yoast-seo-wordpress\/ -->\n<title>Se realiz\u00f3 el Operativo Detectar en el Barrio Santo Tom\u00e1s - Principios<\/title>\n<meta name=\"robots\" content=\"index, follow, max-snippet:-1, max-image-preview:large, max-video-preview:-1\" \/>\n<link rel=\"canonical\" href=\"https:\/\/diarioprincipios.com\/index.php\/2021\/01\/19\/se-realizo-el-operativo-detectar-en-el-barrio-santo-tomas\/\" \/>\n<meta property=\"og:locale\" content=\"es_ES\" \/>\n<meta property=\"og:type\" content=\"article\" \/>\n<meta property=\"og:title\" content=\"Se realiz\u00f3 el Operativo Detectar en el Barrio Santo Tom\u00e1s - Principios\" \/>\n<meta property=\"og:description\" content=\"La Municipalidad de Berazategui, junto al gobierno de la provincia de Buenos Aires, contin\u00faa implementando el Dispositivo Estrat\u00e9gico de Testeo para Coronavirus en Territorio de Argentina (DETeCTAr) en diferentes zonas de la ciudad. En esta oportunidad, agentes municipales y provinciales -junto a voluntarios-, recorrieron el barrio Santo Tom\u00e1s, casa por casa, en b\u00fasqueda de vecinos...\" \/>\n<meta property=\"og:url\" content=\"https:\/\/diarioprincipios.com\/index.php\/2021\/01\/19\/se-realizo-el-operativo-detectar-en-el-barrio-santo-tomas\/\" \/>\n<meta property=\"og:site_name\" content=\"Principios\" \/>\n<meta property=\"article:published_time\" content=\"2021-01-20T01:10:47+00:00\" \/>\n<meta property=\"article:modified_time\" content=\"2021-01-20T01:10:52+00:00\" \/>\n<meta property=\"og:image\" content=\"https:\/\/diarioprincipios.com\/wp-content\/uploads\/2021\/01\/20210119_220850.jpg\" \/>\n\t<meta property=\"og:image:width\" content=\"1269\" \/>\n\t<meta property=\"og:image:height\" content=\"752\" \/>\n\t<meta property=\"og:image:type\" content=\"image\/jpeg\" \/>\n<meta name=\"author\" content=\"Hern\u00e1n L\u00f3pez\" \/>\n<meta name=\"twitter:card\" content=\"summary_large_image\" \/>\n<meta name=\"twitter:label1\" content=\"Escrito por\" \/>\n\t<meta name=\"twitter:data1\" content=\"Hern\u00e1n L\u00f3pez\" \/>\n\t<meta name=\"twitter:label2\" content=\"Tiempo de lectura\" \/>\n\t<meta name=\"twitter:data2\" content=\"3 minutos\" \/>\n<script type=\"application\/ld+json\" class=\"yoast-schema-graph\">{\"@context\":\"https:\\\/\\\/schema.org\",\"@graph\":[{\"@type\":\"Article\",\"@id\":\"https:\\\/\\\/diarioprincipios.com\\\/index.php\\\/2021\\\/01\\\/19\\\/se-realizo-el-operativo-detectar-en-el-barrio-santo-tomas\\\/#article\",\"isPartOf\":{\"@id\":\"https:\\\/\\\/diarioprincipios.com\\\/index.php\\\/2021\\\/01\\\/19\\\/se-realizo-el-operativo-detectar-en-el-barrio-santo-tomas\\\/\"},\"author\":{\"name\":\"Hern\u00e1n L\u00f3pez\",\"@id\":\"https:\\\/\\\/diarioprincipios.com\\\/#\\\/schema\\\/person\\\/436d5a1fd41a5e250e23ff5a6a7cb080\"},\"headline\":\"Se realiz\u00f3 el Operativo Detectar en el Barrio Santo Tom\u00e1s\",\"datePublished\":\"2021-01-20T01:10:47+00:00\",\"dateModified\":\"2021-01-20T01:10:52+00:00\",\"mainEntityOfPage\":{\"@id\":\"https:\\\/\\\/diarioprincipios.com\\\/index.php\\\/2021\\\/01\\\/19\\\/se-realizo-el-operativo-detectar-en-el-barrio-santo-tomas\\\/\"},\"wordCount\":528,\"commentCount\":0,\"publisher\":{\"@id\":\"https:\\\/\\\/diarioprincipios.com\\\/#organization\"},\"image\":{\"@id\":\"https:\\\/\\\/diarioprincipios.com\\\/index.php\\\/2021\\\/01\\\/19\\\/se-realizo-el-operativo-detectar-en-el-barrio-santo-tomas\\\/#primaryimage\"},\"thumbnailUrl\":\"https:\\\/\\\/diarioprincipios.com\\\/wp-content\\\/uploads\\\/2021\\\/01\\\/20210119_220850.jpg\",\"articleSection\":[\"Berazategui\"],\"inLanguage\":\"es\",\"potentialAction\":[{\"@type\":\"CommentAction\",\"name\":\"Comment\",\"target\":[\"https:\\\/\\\/diarioprincipios.com\\\/index.php\\\/2021\\\/01\\\/19\\\/se-realizo-el-operativo-detectar-en-el-barrio-santo-tomas\\\/#respond\"]}]},{\"@type\":\"WebPage\",\"@id\":\"https:\\\/\\\/diarioprincipios.com\\\/index.php\\\/2021\\\/01\\\/19\\\/se-realizo-el-operativo-detectar-en-el-barrio-santo-tomas\\\/\",\"url\":\"https:\\\/\\\/diarioprincipios.com\\\/index.php\\\/2021\\\/01\\\/19\\\/se-realizo-el-operativo-detectar-en-el-barrio-santo-tomas\\\/\",\"name\":\"Se realiz\u00f3 el Operativo Detectar en el Barrio Santo Tom\u00e1s - Principios\",\"isPartOf\":{\"@id\":\"https:\\\/\\\/diarioprincipios.com\\\/#website\"},\"primaryImageOfPage\":{\"@id\":\"https:\\\/\\\/diarioprincipios.com\\\/index.php\\\/2021\\\/01\\\/19\\\/se-realizo-el-operativo-detectar-en-el-barrio-santo-tomas\\\/#primaryimage\"},\"image\":{\"@id\":\"https:\\\/\\\/diarioprincipios.com\\\/index.php\\\/2021\\\/01\\\/19\\\/se-realizo-el-operativo-detectar-en-el-barrio-santo-tomas\\\/#primaryimage\"},\"thumbnailUrl\":\"https:\\\/\\\/diarioprincipios.com\\\/wp-content\\\/uploads\\\/2021\\\/01\\\/20210119_220850.jpg\",\"datePublished\":\"2021-01-20T01:10:47+00:00\",\"dateModified\":\"2021-01-20T01:10:52+00:00\",\"breadcrumb\":{\"@id\":\"https:\\\/\\\/diarioprincipios.com\\\/index.php\\\/2021\\\/01\\\/19\\\/se-realizo-el-operativo-detectar-en-el-barrio-santo-tomas\\\/#breadcrumb\"},\"inLanguage\":\"es\",\"potentialAction\":[{\"@type\":\"ReadAction\",\"target\":[\"https:\\\/\\\/diarioprincipios.com\\\/index.php\\\/2021\\\/01\\\/19\\\/se-realizo-el-operativo-detectar-en-el-barrio-santo-tomas\\\/\"]}]},{\"@type\":\"ImageObject\",\"inLanguage\":\"es\",\"@id\":\"https:\\\/\\\/diarioprincipios.com\\\/index.php\\\/2021\\\/01\\\/19\\\/se-realizo-el-operativo-detectar-en-el-barrio-santo-tomas\\\/#primaryimage\",\"url\":\"https:\\\/\\\/diarioprincipios.com\\\/wp-content\\\/uploads\\\/2021\\\/01\\\/20210119_220850.jpg\",\"contentUrl\":\"https:\\\/\\\/diarioprincipios.com\\\/wp-content\\\/uploads\\\/2021\\\/01\\\/20210119_220850.jpg\",\"width\":1269,\"height\":752},{\"@type\":\"BreadcrumbList\",\"@id\":\"https:\\\/\\\/diarioprincipios.com\\\/index.php\\\/2021\\\/01\\\/19\\\/se-realizo-el-operativo-detectar-en-el-barrio-santo-tomas\\\/#breadcrumb\",\"itemListElement\":[{\"@type\":\"ListItem\",\"position\":1,\"name\":\"Portada\",\"item\":\"https:\\\/\\\/diarioprincipios.com\\\/\"},{\"@type\":\"ListItem\",\"position\":2,\"name\":\"Se realiz\u00f3 el Operativo Detectar en el Barrio Santo Tom\u00e1s\"}]},{\"@type\":\"WebSite\",\"@id\":\"https:\\\/\\\/diarioprincipios.com\\\/#website\",\"url\":\"https:\\\/\\\/diarioprincipios.com\\\/\",\"name\":\"Principios\",\"description\":\"Principios Diario\",\"publisher\":{\"@id\":\"https:\\\/\\\/diarioprincipios.com\\\/#organization\"},\"potentialAction\":[{\"@type\":\"SearchAction\",\"target\":{\"@type\":\"EntryPoint\",\"urlTemplate\":\"https:\\\/\\\/diarioprincipios.com\\\/?s={search_term_string}\"},\"query-input\":{\"@type\":\"PropertyValueSpecification\",\"valueRequired\":true,\"valueName\":\"search_term_string\"}}],\"inLanguage\":\"es\"},{\"@type\":\"Organization\",\"@id\":\"https:\\\/\\\/diarioprincipios.com\\\/#organization\",\"name\":\"Principios\",\"url\":\"https:\\\/\\\/diarioprincipios.com\\\/\",\"logo\":{\"@type\":\"ImageObject\",\"inLanguage\":\"es\",\"@id\":\"https:\\\/\\\/diarioprincipios.com\\\/#\\\/schema\\\/logo\\\/image\\\/\",\"url\":\"https:\\\/\\\/diarioprincipios.com\\\/wp-content\\\/uploads\\\/2024\\\/04\\\/cropped-www.diarioprincipios.com_-1.png\",\"contentUrl\":\"https:\\\/\\\/diarioprincipios.com\\\/wp-content\\\/uploads\\\/2024\\\/04\\\/cropped-www.diarioprincipios.com_-1.png\",\"width\":5325,\"height\":1454,\"caption\":\"Principios\"},\"image\":{\"@id\":\"https:\\\/\\\/diarioprincipios.com\\\/#\\\/schema\\\/logo\\\/image\\\/\"}},{\"@type\":\"Person\",\"@id\":\"https:\\\/\\\/diarioprincipios.com\\\/#\\\/schema\\\/person\\\/436d5a1fd41a5e250e23ff5a6a7cb080\",\"name\":\"Hern\u00e1n L\u00f3pez\",\"image\":{\"@type\":\"ImageObject\",\"inLanguage\":\"es\",\"@id\":\"https:\\\/\\\/diarioprincipios.com\\\/wp-content\\\/litespeed\\\/avatar\\\/11ddfe5610ff3bd100522525b2571f48.jpg?ver=1777048341\",\"url\":\"https:\\\/\\\/diarioprincipios.com\\\/wp-content\\\/litespeed\\\/avatar\\\/11ddfe5610ff3bd100522525b2571f48.jpg?ver=1777048341\",\"contentUrl\":\"https:\\\/\\\/diarioprincipios.com\\\/wp-content\\\/litespeed\\\/avatar\\\/11ddfe5610ff3bd100522525b2571f48.jpg?ver=1777048341\",\"caption\":\"Hern\u00e1n L\u00f3pez\"},\"url\":\"https:\\\/\\\/diarioprincipios.com\\\/index.php\\\/author\\\/hernan\\\/\"}]}<\/script>\n<!-- \/ Yoast SEO plugin. -->","yoast_head_json":{"title":"Se realiz\u00f3 el Operativo Detectar en el Barrio Santo Tom\u00e1s - Principios","robots":{"index":"index","follow":"follow","max-snippet":"max-snippet:-1","max-image-preview":"max-image-preview:large","max-video-preview":"max-video-preview:-1"},"canonical":"https:\/\/diarioprincipios.com\/index.php\/2021\/01\/19\/se-realizo-el-operativo-detectar-en-el-barrio-santo-tomas\/","og_locale":"es_ES","og_type":"article","og_title":"Se realiz\u00f3 el Operativo Detectar en el Barrio Santo Tom\u00e1s - Principios","og_description":"La Municipalidad de Berazategui, junto al gobierno de la provincia de Buenos Aires, contin\u00faa implementando el Dispositivo Estrat\u00e9gico de Testeo para Coronavirus en Territorio de Argentina (DETeCTAr) en diferentes zonas de la ciudad. En esta oportunidad, agentes municipales y provinciales -junto a voluntarios-, recorrieron el barrio Santo Tom\u00e1s, casa por casa, en b\u00fasqueda de vecinos...","og_url":"https:\/\/diarioprincipios.com\/index.php\/2021\/01\/19\/se-realizo-el-operativo-detectar-en-el-barrio-santo-tomas\/","og_site_name":"Principios","article_published_time":"2021-01-20T01:10:47+00:00","article_modified_time":"2021-01-20T01:10:52+00:00","og_image":[{"width":1269,"height":752,"url":"https:\/\/diarioprincipios.com\/wp-content\/uploads\/2021\/01\/20210119_220850.jpg","type":"image\/jpeg"}],"author":"Hern\u00e1n L\u00f3pez","twitter_card":"summary_large_image","twitter_misc":{"Escrito por":"Hern\u00e1n L\u00f3pez","Tiempo de lectura":"3 minutos"},"schema":{"@context":"https:\/\/schema.org","@graph":[{"@type":"Article","@id":"https:\/\/diarioprincipios.com\/index.php\/2021\/01\/19\/se-realizo-el-operativo-detectar-en-el-barrio-santo-tomas\/#article","isPartOf":{"@id":"https:\/\/diarioprincipios.com\/index.php\/2021\/01\/19\/se-realizo-el-operativo-detectar-en-el-barrio-santo-tomas\/"},"author":{"name":"Hern\u00e1n L\u00f3pez","@id":"https:\/\/diarioprincipios.com\/#\/schema\/person\/436d5a1fd41a5e250e23ff5a6a7cb080"},"headline":"Se realiz\u00f3 el Operativo Detectar en el Barrio Santo Tom\u00e1s","datePublished":"2021-01-20T01:10:47+00:00","dateModified":"2021-01-20T01:10:52+00:00","mainEntityOfPage":{"@id":"https:\/\/diarioprincipios.com\/index.php\/2021\/01\/19\/se-realizo-el-operativo-detectar-en-el-barrio-santo-tomas\/"},"wordCount":528,"commentCount":0,"publisher":{"@id":"https:\/\/diarioprincipios.com\/#organization"},"image":{"@id":"https:\/\/diarioprincipios.com\/index.php\/2021\/01\/19\/se-realizo-el-operativo-detectar-en-el-barrio-santo-tomas\/#primaryimage"},"thumbnailUrl":"https:\/\/diarioprincipios.com\/wp-content\/uploads\/2021\/01\/20210119_220850.jpg","articleSection":["Berazategui"],"inLanguage":"es","potentialAction":[{"@type":"CommentAction","name":"Comment","target":["https:\/\/diarioprincipios.com\/index.php\/2021\/01\/19\/se-realizo-el-operativo-detectar-en-el-barrio-santo-tomas\/#respond"]}]},{"@type":"WebPage","@id":"https:\/\/diarioprincipios.com\/index.php\/2021\/01\/19\/se-realizo-el-operativo-detectar-en-el-barrio-santo-tomas\/","url":"https:\/\/diarioprincipios.com\/index.php\/2021\/01\/19\/se-realizo-el-operativo-detectar-en-el-barrio-santo-tomas\/","name":"Se realiz\u00f3 el Operativo Detectar en el Barrio Santo Tom\u00e1s - Principios","isPartOf":{"@id":"https:\/\/diarioprincipios.com\/#website"},"primaryImageOfPage":{"@id":"https:\/\/diarioprincipios.com\/index.php\/2021\/01\/19\/se-realizo-el-operativo-detectar-en-el-barrio-santo-tomas\/#primaryimage"},"image":{"@id":"https:\/\/diarioprincipios.com\/index.php\/2021\/01\/19\/se-realizo-el-operativo-detectar-en-el-barrio-santo-tomas\/#primaryimage"},"thumbnailUrl":"https:\/\/diarioprincipios.com\/wp-content\/uploads\/2021\/01\/20210119_220850.jpg","datePublished":"2021-01-20T01:10:47+00:00","dateModified":"2021-01-20T01:10:52+00:00","breadcrumb":{"@id":"https:\/\/diarioprincipios.com\/index.php\/2021\/01\/19\/se-realizo-el-operativo-detectar-en-el-barrio-santo-tomas\/#breadcrumb"},"inLanguage":"es","potentialAction":[{"@type":"ReadAction","target":["https:\/\/diarioprincipios.com\/index.php\/2021\/01\/19\/se-realizo-el-operativo-detectar-en-el-barrio-santo-tomas\/"]}]},{"@type":"ImageObject","inLanguage":"es","@id":"https:\/\/diarioprincipios.com\/index.php\/2021\/01\/19\/se-realizo-el-operativo-detectar-en-el-barrio-santo-tomas\/#primaryimage","url":"https:\/\/diarioprincipios.com\/wp-content\/uploads\/2021\/01\/20210119_220850.jpg","contentUrl":"https:\/\/diarioprincipios.com\/wp-content\/uploads\/2021\/01\/20210119_220850.jpg","width":1269,"height":752},{"@type":"BreadcrumbList","@id":"https:\/\/diarioprincipios.com\/index.php\/2021\/01\/19\/se-realizo-el-operativo-detectar-en-el-barrio-santo-tomas\/#breadcrumb","itemListElement":[{"@type":"ListItem","position":1,"name":"Portada","item":"https:\/\/diarioprincipios.com\/"},{"@type":"ListItem","position":2,"name":"Se realiz\u00f3 el Operativo Detectar en el Barrio Santo Tom\u00e1s"}]},{"@type":"WebSite","@id":"https:\/\/diarioprincipios.com\/#website","url":"https:\/\/diarioprincipios.com\/","name":"Principios","description":"Principios Diario","publisher":{"@id":"https:\/\/diarioprincipios.com\/#organization"},"potentialAction":[{"@type":"SearchAction","target":{"@type":"EntryPoint","urlTemplate":"https:\/\/diarioprincipios.com\/?s={search_term_string}"},"query-input":{"@type":"PropertyValueSpecification","valueRequired":true,"valueName":"search_term_string"}}],"inLanguage":"es"},{"@type":"Organization","@id":"https:\/\/diarioprincipios.com\/#organization","name":"Principios","url":"https:\/\/diarioprincipios.com\/","logo":{"@type":"ImageObject","inLanguage":"es","@id":"https:\/\/diarioprincipios.com\/#\/schema\/logo\/image\/","url":"https:\/\/diarioprincipios.com\/wp-content\/uploads\/2024\/04\/cropped-www.diarioprincipios.com_-1.png","contentUrl":"https:\/\/diarioprincipios.com\/wp-content\/uploads\/2024\/04\/cropped-www.diarioprincipios.com_-1.png","width":5325,"height":1454,"caption":"Principios"},"image":{"@id":"https:\/\/diarioprincipios.com\/#\/schema\/logo\/image\/"}},{"@type":"Person","@id":"https:\/\/diarioprincipios.com\/#\/schema\/person\/436d5a1fd41a5e250e23ff5a6a7cb080","name":"Hern\u00e1n L\u00f3pez","image":{"@type":"ImageObject","inLanguage":"es","@id":"https:\/\/diarioprincipios.com\/wp-content\/litespeed\/avatar\/11ddfe5610ff3bd100522525b2571f48.jpg?ver=1777048341","url":"https:\/\/diarioprincipios.com\/wp-content\/litespeed\/avatar\/11ddfe5610ff3bd100522525b2571f48.jpg?ver=1777048341","contentUrl":"https:\/\/diarioprincipios.com\/wp-content\/litespeed\/avatar\/11ddfe5610ff3bd100522525b2571f48.jpg?ver=1777048341","caption":"Hern\u00e1n L\u00f3pez"},"url":"https:\/\/diarioprincipios.com\/index.php\/author\/hernan\/"}]}},"jetpack_featured_media_url":"https:\/\/diarioprincipios.com\/wp-content\/uploads\/2021\/01\/20210119_220850.jpg","_links":{"self":[{"href":"https:\/\/diarioprincipios.com\/index.php\/wp-json\/wp\/v2\/posts\/8247","targetHints":{"allow":["GET"]}}],"collection":[{"href":"https:\/\/diarioprincipios.com\/index.php\/wp-json\/wp\/v2\/posts"}],"about":[{"href":"https:\/\/diarioprincipios.com\/index.php\/wp-json\/wp\/v2\/types\/post"}],"author":[{"embeddable":true,"href":"https:\/\/diarioprincipios.com\/index.php\/wp-json\/wp\/v2\/users\/2"}],"replies":[{"embeddable":true,"href":"https:\/\/diarioprincipios.com\/index.php\/wp-json\/wp\/v2\/comments?post=8247"}],"version-history":[{"count":1,"href":"https:\/\/diarioprincipios.com\/index.php\/wp-json\/wp\/v2\/posts\/8247\/revisions"}],"predecessor-version":[{"id":8249,"href":"https:\/\/diarioprincipios.com\/index.php\/wp-json\/wp\/v2\/posts\/8247\/revisions\/8249"}],"wp:featuredmedia":[{"embeddable":true,"href":"https:\/\/diarioprincipios.com\/index.php\/wp-json\/wp\/v2\/media\/8248"}],"wp:attachment":[{"href":"https:\/\/diarioprincipios.com\/index.php\/wp-json\/wp\/v2\/media?parent=8247"}],"wp:term":[{"taxonomy":"category","embeddable":true,"href":"https:\/\/diarioprincipios.com\/index.php\/wp-json\/wp\/v2\/categories?post=8247"},{"taxonomy":"post_tag","embeddable":true,"href":"https:\/\/diarioprincipios.com\/index.php\/wp-json\/wp\/v2\/tags?post=8247"}],"curies":[{"name":"wp","href":"https:\/\/api.w.org\/{rel}","templated":true}]}}