{"id":8233,"date":"2021-01-19T15:49:34","date_gmt":"2021-01-19T18:49:34","guid":{"rendered":"http:\/\/diarioprincipios.com\/?p=8233"},"modified":"2021-01-19T15:49:37","modified_gmt":"2021-01-19T18:49:37","slug":"jornada-de-trabajo-en-gutierrez","status":"publish","type":"post","link":"https:\/\/diarioprincipios.com\/index.php\/2021\/01\/19\/jornada-de-trabajo-en-gutierrez\/","title":{"rendered":"Jornada de Trabajo en Gutierrez"},"content":{"rendered":"\n<p><strong>El intendente de Berazategui, Juan Jos\u00e9 Mussi, estuvo presente en una jornada de trabajo en el barrio El Mirador de la localidad de Guti\u00e9rrez, de la que participaron, junto a las distintas secretar\u00edas de la Municipalidad de Berazategui, la comisi\u00f3n directiva provisional del Club 1\u00b0 de Septiembre y vecinos del barrio.<\/strong><\/p>\n\n\n\n<p>Se instalaron nuevos juegos en la plaza del lugar, se realizaron trabajos de pintura y se efectuaron tareas de zanjeo, emparejamiento de calle, desmalezamiento, limpieza y parquizaci\u00f3n, tanto en el espacio verde como en el club.<\/p>\n\n\n\n<figure class=\"wp-block-image size-large\"><img loading=\"lazy\" decoding=\"async\" width=\"622\" height=\"622\" src=\"https:\/\/diarioprincipios.com\/wp-content\/uploads\/2021\/01\/JORNADA-DE-TRABAJO-EN-GUTIERREZ3.jpg\" alt=\"\" class=\"wp-image-8234\" srcset=\"https:\/\/diarioprincipios.com\/wp-content\/uploads\/2021\/01\/JORNADA-DE-TRABAJO-EN-GUTIERREZ3.jpg 622w, https:\/\/diarioprincipios.com\/wp-content\/uploads\/2021\/01\/JORNADA-DE-TRABAJO-EN-GUTIERREZ3-300x300.jpg 300w, https:\/\/diarioprincipios.com\/wp-content\/uploads\/2021\/01\/JORNADA-DE-TRABAJO-EN-GUTIERREZ3-150x150.jpg 150w\" sizes=\"auto, (max-width: 622px) 100vw, 622px\" \/><\/figure>\n\n\n\n<p>La delegada municipal de Guti\u00e9rrez, Vilma Burgos, asegur\u00f3: \u201cEstas jornadas son muy \u00fatiles porque cuando nos unimos el Municipio con vecinos salimos adelante, como siempre dice Juan Jos\u00e9 Mussi\u201d.<\/p>\n\n\n\n<p>En el mismo sentido, el presidente del Polideportivo N\u00b0 3, Esteban Ayala, destac\u00f3: \u201cEste es un trabajo integral de todas las secretar\u00edas y es una muestra m\u00e1s de que la Municipalidad est\u00e1 presente\u201d.<\/p>\n\n\n\n<p>Por su parte, el presidente del Club 1\u00ba de Septiembre, Sergio Ledesma, explic\u00f3: \u201cSomos una comisi\u00f3n directiva provisoria que asumi\u00f3 en diciembre. Nuestra idea es trabajar por el barrio, por los chicos y para eso tenemos previsto hacer muchas actividades\u201d.<\/p>\n\n\n\n<figure class=\"wp-block-image size-large\"><img loading=\"lazy\" decoding=\"async\" width=\"1024\" height=\"731\" src=\"https:\/\/diarioprincipios.com\/wp-content\/uploads\/2021\/01\/JORNADA-DE-TRABAJO-EN-GUTIERREZ4-1024x731.jpg\" alt=\"\" class=\"wp-image-8235\" srcset=\"https:\/\/diarioprincipios.com\/wp-content\/uploads\/2021\/01\/JORNADA-DE-TRABAJO-EN-GUTIERREZ4-1024x731.jpg 1024w, https:\/\/diarioprincipios.com\/wp-content\/uploads\/2021\/01\/JORNADA-DE-TRABAJO-EN-GUTIERREZ4-300x214.jpg 300w, https:\/\/diarioprincipios.com\/wp-content\/uploads\/2021\/01\/JORNADA-DE-TRABAJO-EN-GUTIERREZ4-768x548.jpg 768w, https:\/\/diarioprincipios.com\/wp-content\/uploads\/2021\/01\/JORNADA-DE-TRABAJO-EN-GUTIERREZ4.jpg 1280w\" sizes=\"auto, (max-width: 1024px) 100vw, 1024px\" \/><\/figure>\n\n\n\n<p>En tanto, la secretaria del Club, Florencia Gonz\u00e1lez, destac\u00f3: \u201cCon la ayuda de los vecinos y la Municipalidad estamos levantando la instituci\u00f3n porque un chico dentro del club es un pibe menos en la calle\u201d.<\/p>\n\n\n\n<p>Acompa\u00f1aron al intendente en su visita los secretarios de Desarrollo Social y Comunitario, Mar\u00eda Laura Lacava; de Gobierno, Antonio Amarilla; el subsecretario de Obras P\u00fablicas, Mauricio Lugones; y el secretario de Servicios Sanitarios, Sergio Faccenda; entre otras autoridades.<\/p>\n\n\n\n<figure class=\"wp-block-image\"><img decoding=\"async\" src=\"https:\/\/ecp.yusercontent.com\/mail?url=https%3A%2F%2Fdocs.google.com%2Fuc%3Fexport%3Ddownload%26id%3D13lWTl-UKjUIUOUzDb24JRVA7nIBYROU4%26revid%3D0B6RjUTSRAadldlpIQ0xsWHRRZDFUbktWSUNSMDJnYTlRdktvPQ&amp;t=1611073176&amp;ymreqid=5799fcab-b43d-2794-22c0-ab000101d400&amp;sig=Xro9p3UiZhBH57GUsdC56w--~D\" alt=\"\"\/><\/figure>\n","protected":false},"excerpt":{"rendered":"<p>El intendente de Berazategui, Juan Jos\u00e9 Mussi, estuvo presente en una jornada de trabajo en el barrio El Mirador de la localidad de Guti\u00e9rrez, de la que participaron, junto a las distintas secretar\u00edas de la Municipalidad de Berazategui, la comisi\u00f3n directiva provisional del Club 1\u00b0 de Septiembre y vecinos del barrio. Se instalaron nuevos juegos&#8230;<\/p>\n","protected":false},"author":2,"featured_media":8237,"comment_status":"open","ping_status":"open","sticky":false,"template":"","format":"standard","meta":{"footnotes":""},"categories":[3],"tags":[],"class_list":["post-8233","post","type-post","status-publish","format-standard","has-post-thumbnail","hentry","category-berazategui"],"featured_image_src":"https:\/\/diarioprincipios.com\/wp-content\/uploads\/2021\/01\/20210119_154614.jpg","blog_images":{"medium":"https:\/\/diarioprincipios.com\/wp-content\/uploads\/2021\/01\/20210119_154614-300x177.jpg","large":"https:\/\/diarioprincipios.com\/wp-content\/uploads\/2021\/01\/20210119_154614.jpg"},"ams_acf":[],"yoast_head":"<!-- This site is optimized with the Yoast SEO plugin v27.3 - https:\/\/yoast.com\/product\/yoast-seo-wordpress\/ -->\n<title>Jornada de Trabajo en Gutierrez - Principios<\/title>\n<meta name=\"robots\" content=\"index, follow, max-snippet:-1, max-image-preview:large, max-video-preview:-1\" \/>\n<link rel=\"canonical\" href=\"https:\/\/diarioprincipios.com\/index.php\/2021\/01\/19\/jornada-de-trabajo-en-gutierrez\/\" \/>\n<meta property=\"og:locale\" content=\"es_ES\" \/>\n<meta property=\"og:type\" content=\"article\" \/>\n<meta property=\"og:title\" content=\"Jornada de Trabajo en Gutierrez - Principios\" \/>\n<meta property=\"og:description\" content=\"El intendente de Berazategui, Juan Jos\u00e9 Mussi, estuvo presente en una jornada de trabajo en el barrio El Mirador de la localidad de Guti\u00e9rrez, de la que participaron, junto a las distintas secretar\u00edas de la Municipalidad de Berazategui, la comisi\u00f3n directiva provisional del Club 1\u00b0 de Septiembre y vecinos del barrio. Se instalaron nuevos juegos...\" \/>\n<meta property=\"og:url\" content=\"https:\/\/diarioprincipios.com\/index.php\/2021\/01\/19\/jornada-de-trabajo-en-gutierrez\/\" \/>\n<meta property=\"og:site_name\" content=\"Principios\" \/>\n<meta property=\"article:published_time\" content=\"2021-01-19T18:49:34+00:00\" \/>\n<meta property=\"article:modified_time\" content=\"2021-01-19T18:49:37+00:00\" \/>\n<meta property=\"og:image\" content=\"https:\/\/diarioprincipios.com\/wp-content\/uploads\/2021\/01\/20210119_154614.jpg\" \/>\n\t<meta property=\"og:image:width\" content=\"719\" \/>\n\t<meta property=\"og:image:height\" content=\"424\" \/>\n\t<meta property=\"og:image:type\" content=\"image\/jpeg\" \/>\n<meta name=\"author\" content=\"Hern\u00e1n L\u00f3pez\" \/>\n<meta name=\"twitter:card\" content=\"summary_large_image\" \/>\n<meta name=\"twitter:label1\" content=\"Escrito por\" \/>\n\t<meta name=\"twitter:data1\" content=\"Hern\u00e1n L\u00f3pez\" \/>\n\t<meta name=\"twitter:label2\" content=\"Tiempo de lectura\" \/>\n\t<meta name=\"twitter:data2\" content=\"1 minuto\" \/>\n<script type=\"application\/ld+json\" class=\"yoast-schema-graph\">{\"@context\":\"https:\\\/\\\/schema.org\",\"@graph\":[{\"@type\":\"Article\",\"@id\":\"https:\\\/\\\/diarioprincipios.com\\\/index.php\\\/2021\\\/01\\\/19\\\/jornada-de-trabajo-en-gutierrez\\\/#article\",\"isPartOf\":{\"@id\":\"https:\\\/\\\/diarioprincipios.com\\\/index.php\\\/2021\\\/01\\\/19\\\/jornada-de-trabajo-en-gutierrez\\\/\"},\"author\":{\"name\":\"Hern\u00e1n L\u00f3pez\",\"@id\":\"https:\\\/\\\/diarioprincipios.com\\\/#\\\/schema\\\/person\\\/436d5a1fd41a5e250e23ff5a6a7cb080\"},\"headline\":\"Jornada de Trabajo en Gutierrez\",\"datePublished\":\"2021-01-19T18:49:34+00:00\",\"dateModified\":\"2021-01-19T18:49:37+00:00\",\"mainEntityOfPage\":{\"@id\":\"https:\\\/\\\/diarioprincipios.com\\\/index.php\\\/2021\\\/01\\\/19\\\/jornada-de-trabajo-en-gutierrez\\\/\"},\"wordCount\":277,\"commentCount\":0,\"publisher\":{\"@id\":\"https:\\\/\\\/diarioprincipios.com\\\/#organization\"},\"image\":{\"@id\":\"https:\\\/\\\/diarioprincipios.com\\\/index.php\\\/2021\\\/01\\\/19\\\/jornada-de-trabajo-en-gutierrez\\\/#primaryimage\"},\"thumbnailUrl\":\"https:\\\/\\\/diarioprincipios.com\\\/wp-content\\\/uploads\\\/2021\\\/01\\\/20210119_154614.jpg\",\"articleSection\":[\"Berazategui\"],\"inLanguage\":\"es\",\"potentialAction\":[{\"@type\":\"CommentAction\",\"name\":\"Comment\",\"target\":[\"https:\\\/\\\/diarioprincipios.com\\\/index.php\\\/2021\\\/01\\\/19\\\/jornada-de-trabajo-en-gutierrez\\\/#respond\"]}]},{\"@type\":\"WebPage\",\"@id\":\"https:\\\/\\\/diarioprincipios.com\\\/index.php\\\/2021\\\/01\\\/19\\\/jornada-de-trabajo-en-gutierrez\\\/\",\"url\":\"https:\\\/\\\/diarioprincipios.com\\\/index.php\\\/2021\\\/01\\\/19\\\/jornada-de-trabajo-en-gutierrez\\\/\",\"name\":\"Jornada de Trabajo en Gutierrez - Principios\",\"isPartOf\":{\"@id\":\"https:\\\/\\\/diarioprincipios.com\\\/#website\"},\"primaryImageOfPage\":{\"@id\":\"https:\\\/\\\/diarioprincipios.com\\\/index.php\\\/2021\\\/01\\\/19\\\/jornada-de-trabajo-en-gutierrez\\\/#primaryimage\"},\"image\":{\"@id\":\"https:\\\/\\\/diarioprincipios.com\\\/index.php\\\/2021\\\/01\\\/19\\\/jornada-de-trabajo-en-gutierrez\\\/#primaryimage\"},\"thumbnailUrl\":\"https:\\\/\\\/diarioprincipios.com\\\/wp-content\\\/uploads\\\/2021\\\/01\\\/20210119_154614.jpg\",\"datePublished\":\"2021-01-19T18:49:34+00:00\",\"dateModified\":\"2021-01-19T18:49:37+00:00\",\"breadcrumb\":{\"@id\":\"https:\\\/\\\/diarioprincipios.com\\\/index.php\\\/2021\\\/01\\\/19\\\/jornada-de-trabajo-en-gutierrez\\\/#breadcrumb\"},\"inLanguage\":\"es\",\"potentialAction\":[{\"@type\":\"ReadAction\",\"target\":[\"https:\\\/\\\/diarioprincipios.com\\\/index.php\\\/2021\\\/01\\\/19\\\/jornada-de-trabajo-en-gutierrez\\\/\"]}]},{\"@type\":\"ImageObject\",\"inLanguage\":\"es\",\"@id\":\"https:\\\/\\\/diarioprincipios.com\\\/index.php\\\/2021\\\/01\\\/19\\\/jornada-de-trabajo-en-gutierrez\\\/#primaryimage\",\"url\":\"https:\\\/\\\/diarioprincipios.com\\\/wp-content\\\/uploads\\\/2021\\\/01\\\/20210119_154614.jpg\",\"contentUrl\":\"https:\\\/\\\/diarioprincipios.com\\\/wp-content\\\/uploads\\\/2021\\\/01\\\/20210119_154614.jpg\",\"width\":719,\"height\":424},{\"@type\":\"BreadcrumbList\",\"@id\":\"https:\\\/\\\/diarioprincipios.com\\\/index.php\\\/2021\\\/01\\\/19\\\/jornada-de-trabajo-en-gutierrez\\\/#breadcrumb\",\"itemListElement\":[{\"@type\":\"ListItem\",\"position\":1,\"name\":\"Portada\",\"item\":\"https:\\\/\\\/diarioprincipios.com\\\/\"},{\"@type\":\"ListItem\",\"position\":2,\"name\":\"Jornada de Trabajo en Gutierrez\"}]},{\"@type\":\"WebSite\",\"@id\":\"https:\\\/\\\/diarioprincipios.com\\\/#website\",\"url\":\"https:\\\/\\\/diarioprincipios.com\\\/\",\"name\":\"Principios\",\"description\":\"Principios Diario\",\"publisher\":{\"@id\":\"https:\\\/\\\/diarioprincipios.com\\\/#organization\"},\"potentialAction\":[{\"@type\":\"SearchAction\",\"target\":{\"@type\":\"EntryPoint\",\"urlTemplate\":\"https:\\\/\\\/diarioprincipios.com\\\/?s={search_term_string}\"},\"query-input\":{\"@type\":\"PropertyValueSpecification\",\"valueRequired\":true,\"valueName\":\"search_term_string\"}}],\"inLanguage\":\"es\"},{\"@type\":\"Organization\",\"@id\":\"https:\\\/\\\/diarioprincipios.com\\\/#organization\",\"name\":\"Principios\",\"url\":\"https:\\\/\\\/diarioprincipios.com\\\/\",\"logo\":{\"@type\":\"ImageObject\",\"inLanguage\":\"es\",\"@id\":\"https:\\\/\\\/diarioprincipios.com\\\/#\\\/schema\\\/logo\\\/image\\\/\",\"url\":\"https:\\\/\\\/diarioprincipios.com\\\/wp-content\\\/uploads\\\/2024\\\/04\\\/cropped-www.diarioprincipios.com_-1.png\",\"contentUrl\":\"https:\\\/\\\/diarioprincipios.com\\\/wp-content\\\/uploads\\\/2024\\\/04\\\/cropped-www.diarioprincipios.com_-1.png\",\"width\":5325,\"height\":1454,\"caption\":\"Principios\"},\"image\":{\"@id\":\"https:\\\/\\\/diarioprincipios.com\\\/#\\\/schema\\\/logo\\\/image\\\/\"}},{\"@type\":\"Person\",\"@id\":\"https:\\\/\\\/diarioprincipios.com\\\/#\\\/schema\\\/person\\\/436d5a1fd41a5e250e23ff5a6a7cb080\",\"name\":\"Hern\u00e1n L\u00f3pez\",\"image\":{\"@type\":\"ImageObject\",\"inLanguage\":\"es\",\"@id\":\"https:\\\/\\\/diarioprincipios.com\\\/wp-content\\\/litespeed\\\/avatar\\\/11ddfe5610ff3bd100522525b2571f48.jpg?ver=1777048341\",\"url\":\"https:\\\/\\\/diarioprincipios.com\\\/wp-content\\\/litespeed\\\/avatar\\\/11ddfe5610ff3bd100522525b2571f48.jpg?ver=1777048341\",\"contentUrl\":\"https:\\\/\\\/diarioprincipios.com\\\/wp-content\\\/litespeed\\\/avatar\\\/11ddfe5610ff3bd100522525b2571f48.jpg?ver=1777048341\",\"caption\":\"Hern\u00e1n L\u00f3pez\"},\"url\":\"https:\\\/\\\/diarioprincipios.com\\\/index.php\\\/author\\\/hernan\\\/\"}]}<\/script>\n<!-- \/ Yoast SEO plugin. -->","yoast_head_json":{"title":"Jornada de Trabajo en Gutierrez - Principios","robots":{"index":"index","follow":"follow","max-snippet":"max-snippet:-1","max-image-preview":"max-image-preview:large","max-video-preview":"max-video-preview:-1"},"canonical":"https:\/\/diarioprincipios.com\/index.php\/2021\/01\/19\/jornada-de-trabajo-en-gutierrez\/","og_locale":"es_ES","og_type":"article","og_title":"Jornada de Trabajo en Gutierrez - Principios","og_description":"El intendente de Berazategui, Juan Jos\u00e9 Mussi, estuvo presente en una jornada de trabajo en el barrio El Mirador de la localidad de Guti\u00e9rrez, de la que participaron, junto a las distintas secretar\u00edas de la Municipalidad de Berazategui, la comisi\u00f3n directiva provisional del Club 1\u00b0 de Septiembre y vecinos del barrio. Se instalaron nuevos juegos...","og_url":"https:\/\/diarioprincipios.com\/index.php\/2021\/01\/19\/jornada-de-trabajo-en-gutierrez\/","og_site_name":"Principios","article_published_time":"2021-01-19T18:49:34+00:00","article_modified_time":"2021-01-19T18:49:37+00:00","og_image":[{"width":719,"height":424,"url":"https:\/\/diarioprincipios.com\/wp-content\/uploads\/2021\/01\/20210119_154614.jpg","type":"image\/jpeg"}],"author":"Hern\u00e1n L\u00f3pez","twitter_card":"summary_large_image","twitter_misc":{"Escrito por":"Hern\u00e1n L\u00f3pez","Tiempo de lectura":"1 minuto"},"schema":{"@context":"https:\/\/schema.org","@graph":[{"@type":"Article","@id":"https:\/\/diarioprincipios.com\/index.php\/2021\/01\/19\/jornada-de-trabajo-en-gutierrez\/#article","isPartOf":{"@id":"https:\/\/diarioprincipios.com\/index.php\/2021\/01\/19\/jornada-de-trabajo-en-gutierrez\/"},"author":{"name":"Hern\u00e1n L\u00f3pez","@id":"https:\/\/diarioprincipios.com\/#\/schema\/person\/436d5a1fd41a5e250e23ff5a6a7cb080"},"headline":"Jornada de Trabajo en Gutierrez","datePublished":"2021-01-19T18:49:34+00:00","dateModified":"2021-01-19T18:49:37+00:00","mainEntityOfPage":{"@id":"https:\/\/diarioprincipios.com\/index.php\/2021\/01\/19\/jornada-de-trabajo-en-gutierrez\/"},"wordCount":277,"commentCount":0,"publisher":{"@id":"https:\/\/diarioprincipios.com\/#organization"},"image":{"@id":"https:\/\/diarioprincipios.com\/index.php\/2021\/01\/19\/jornada-de-trabajo-en-gutierrez\/#primaryimage"},"thumbnailUrl":"https:\/\/diarioprincipios.com\/wp-content\/uploads\/2021\/01\/20210119_154614.jpg","articleSection":["Berazategui"],"inLanguage":"es","potentialAction":[{"@type":"CommentAction","name":"Comment","target":["https:\/\/diarioprincipios.com\/index.php\/2021\/01\/19\/jornada-de-trabajo-en-gutierrez\/#respond"]}]},{"@type":"WebPage","@id":"https:\/\/diarioprincipios.com\/index.php\/2021\/01\/19\/jornada-de-trabajo-en-gutierrez\/","url":"https:\/\/diarioprincipios.com\/index.php\/2021\/01\/19\/jornada-de-trabajo-en-gutierrez\/","name":"Jornada de Trabajo en Gutierrez - Principios","isPartOf":{"@id":"https:\/\/diarioprincipios.com\/#website"},"primaryImageOfPage":{"@id":"https:\/\/diarioprincipios.com\/index.php\/2021\/01\/19\/jornada-de-trabajo-en-gutierrez\/#primaryimage"},"image":{"@id":"https:\/\/diarioprincipios.com\/index.php\/2021\/01\/19\/jornada-de-trabajo-en-gutierrez\/#primaryimage"},"thumbnailUrl":"https:\/\/diarioprincipios.com\/wp-content\/uploads\/2021\/01\/20210119_154614.jpg","datePublished":"2021-01-19T18:49:34+00:00","dateModified":"2021-01-19T18:49:37+00:00","breadcrumb":{"@id":"https:\/\/diarioprincipios.com\/index.php\/2021\/01\/19\/jornada-de-trabajo-en-gutierrez\/#breadcrumb"},"inLanguage":"es","potentialAction":[{"@type":"ReadAction","target":["https:\/\/diarioprincipios.com\/index.php\/2021\/01\/19\/jornada-de-trabajo-en-gutierrez\/"]}]},{"@type":"ImageObject","inLanguage":"es","@id":"https:\/\/diarioprincipios.com\/index.php\/2021\/01\/19\/jornada-de-trabajo-en-gutierrez\/#primaryimage","url":"https:\/\/diarioprincipios.com\/wp-content\/uploads\/2021\/01\/20210119_154614.jpg","contentUrl":"https:\/\/diarioprincipios.com\/wp-content\/uploads\/2021\/01\/20210119_154614.jpg","width":719,"height":424},{"@type":"BreadcrumbList","@id":"https:\/\/diarioprincipios.com\/index.php\/2021\/01\/19\/jornada-de-trabajo-en-gutierrez\/#breadcrumb","itemListElement":[{"@type":"ListItem","position":1,"name":"Portada","item":"https:\/\/diarioprincipios.com\/"},{"@type":"ListItem","position":2,"name":"Jornada de Trabajo en Gutierrez"}]},{"@type":"WebSite","@id":"https:\/\/diarioprincipios.com\/#website","url":"https:\/\/diarioprincipios.com\/","name":"Principios","description":"Principios Diario","publisher":{"@id":"https:\/\/diarioprincipios.com\/#organization"},"potentialAction":[{"@type":"SearchAction","target":{"@type":"EntryPoint","urlTemplate":"https:\/\/diarioprincipios.com\/?s={search_term_string}"},"query-input":{"@type":"PropertyValueSpecification","valueRequired":true,"valueName":"search_term_string"}}],"inLanguage":"es"},{"@type":"Organization","@id":"https:\/\/diarioprincipios.com\/#organization","name":"Principios","url":"https:\/\/diarioprincipios.com\/","logo":{"@type":"ImageObject","inLanguage":"es","@id":"https:\/\/diarioprincipios.com\/#\/schema\/logo\/image\/","url":"https:\/\/diarioprincipios.com\/wp-content\/uploads\/2024\/04\/cropped-www.diarioprincipios.com_-1.png","contentUrl":"https:\/\/diarioprincipios.com\/wp-content\/uploads\/2024\/04\/cropped-www.diarioprincipios.com_-1.png","width":5325,"height":1454,"caption":"Principios"},"image":{"@id":"https:\/\/diarioprincipios.com\/#\/schema\/logo\/image\/"}},{"@type":"Person","@id":"https:\/\/diarioprincipios.com\/#\/schema\/person\/436d5a1fd41a5e250e23ff5a6a7cb080","name":"Hern\u00e1n L\u00f3pez","image":{"@type":"ImageObject","inLanguage":"es","@id":"https:\/\/diarioprincipios.com\/wp-content\/litespeed\/avatar\/11ddfe5610ff3bd100522525b2571f48.jpg?ver=1777048341","url":"https:\/\/diarioprincipios.com\/wp-content\/litespeed\/avatar\/11ddfe5610ff3bd100522525b2571f48.jpg?ver=1777048341","contentUrl":"https:\/\/diarioprincipios.com\/wp-content\/litespeed\/avatar\/11ddfe5610ff3bd100522525b2571f48.jpg?ver=1777048341","caption":"Hern\u00e1n L\u00f3pez"},"url":"https:\/\/diarioprincipios.com\/index.php\/author\/hernan\/"}]}},"jetpack_featured_media_url":"https:\/\/diarioprincipios.com\/wp-content\/uploads\/2021\/01\/20210119_154614.jpg","_links":{"self":[{"href":"https:\/\/diarioprincipios.com\/index.php\/wp-json\/wp\/v2\/posts\/8233","targetHints":{"allow":["GET"]}}],"collection":[{"href":"https:\/\/diarioprincipios.com\/index.php\/wp-json\/wp\/v2\/posts"}],"about":[{"href":"https:\/\/diarioprincipios.com\/index.php\/wp-json\/wp\/v2\/types\/post"}],"author":[{"embeddable":true,"href":"https:\/\/diarioprincipios.com\/index.php\/wp-json\/wp\/v2\/users\/2"}],"replies":[{"embeddable":true,"href":"https:\/\/diarioprincipios.com\/index.php\/wp-json\/wp\/v2\/comments?post=8233"}],"version-history":[{"count":1,"href":"https:\/\/diarioprincipios.com\/index.php\/wp-json\/wp\/v2\/posts\/8233\/revisions"}],"predecessor-version":[{"id":8238,"href":"https:\/\/diarioprincipios.com\/index.php\/wp-json\/wp\/v2\/posts\/8233\/revisions\/8238"}],"wp:featuredmedia":[{"embeddable":true,"href":"https:\/\/diarioprincipios.com\/index.php\/wp-json\/wp\/v2\/media\/8237"}],"wp:attachment":[{"href":"https:\/\/diarioprincipios.com\/index.php\/wp-json\/wp\/v2\/media?parent=8233"}],"wp:term":[{"taxonomy":"category","embeddable":true,"href":"https:\/\/diarioprincipios.com\/index.php\/wp-json\/wp\/v2\/categories?post=8233"},{"taxonomy":"post_tag","embeddable":true,"href":"https:\/\/diarioprincipios.com\/index.php\/wp-json\/wp\/v2\/tags?post=8233"}],"curies":[{"name":"wp","href":"https:\/\/api.w.org\/{rel}","templated":true}]}}