{"id":8207,"date":"2021-01-18T11:58:19","date_gmt":"2021-01-18T14:58:19","guid":{"rendered":"http:\/\/diarioprincipios.com\/?p=8207"},"modified":"2021-01-18T11:58:24","modified_gmt":"2021-01-18T14:58:24","slug":"afirman-que-hubo-una-desaceleracion-en-los-contagios-de-coronavirus-en-provincia-de-buenos-aires","status":"publish","type":"post","link":"https:\/\/diarioprincipios.com\/index.php\/2021\/01\/18\/afirman-que-hubo-una-desaceleracion-en-los-contagios-de-coronavirus-en-provincia-de-buenos-aires\/","title":{"rendered":"Afirman que hubo una \u00abdesaceleraci\u00f3n\u00bb en los contagios de coronavirus en provincia de Buenos Aires"},"content":{"rendered":"\n<p>La Subsecretaria de Gesti\u00f3n de la Informaci\u00f3n del Ministerio de Salud bonaerense, Leticia Ceriani, precis\u00f3 hoy que hubo una \u00abdesaceleraci\u00f3n\u00bb en lo casos de contagios por coronavirus y destac\u00f3 que en los \u00faltimos d\u00edas se registra \u00abuna cierta meseta\u00bb.<\/p>\n\n\n\n<p>\u00abVenimos los \u00faltimos d\u00edas con cierta meseta, por decirlo de alguna manera, o con una desaceleraci\u00f3n en el ritmo de los crecimientos de los casos\u00bb expres\u00f3 la funcionaria, quien indic\u00f3 que \u00absi uno compara los \u00faltimos 4 \u00f3 5 d\u00edas con el mismo d\u00eda de la semana anterior vemos que han bajado los casos d\u00eda tras d\u00eda\u00bb.<\/p>\n\n\n\n<p>\u00abEsto es una buena noticia pero de todas maneras seguimos con un n\u00famero alto de casos despu\u00e9s de ese pico alto que tuvimos hacia fines de diciembre y probablemente haya estado vinculado con las fiestas\u00bb, agreg\u00f3.<\/p>\n\n\n\n<p>En declaraciones a Radio 10, manifest\u00f3 que hay que continuar \u00abcon cautela\u00bb siguiendo muy de cerca los casos, \u00abc\u00f3mo va evolucionando la curva para ver si efectivamente est\u00e1n comenzando a bajar los contagios o volvemos a tener una subida los pr\u00f3ximos d\u00edas\u00bb.<\/p>\n\n\n\n<p>\u00abEsta semana que tenemos por delante es clave\u00bb, asever\u00f3 y destac\u00f3, en otro orden, que la campa\u00f1a de vacunaci\u00f3n \u00abviene muy bien\u00bb.<\/p>\n\n\n\n<p>\u00abEstamos con m\u00e1s de 80 mil trabajadores de la salud que se han vacunado y avanzando, sobre todo con el registro, que es muy importante, el vacunatepba.gba.gov.ar\u00bb.<\/p>\n\n\n\n<p>Ceriani precis\u00f3 que all\u00ed \u00abes donde todas las personas que residen en la provincia Buenos Aires tienen que registrarse para que en la medida que se vayan habilitando nuevos turnos, en funci\u00f3n de la llegada de vacunas (y la incorporaci\u00f3n de) los siguientes grupos priorizados, puedan ir recibiendo los turnos para vacunarse\u00bb, a\u00f1adi\u00f3.<\/p>\n\n\n\n<p>\u00abLa verdad que la campa\u00f1a viene muy bien, estamos muy contentos, empezamos lentamente, muy despacio para que los equipos pudieran ponerse a punto, porque es una vacuna distinta al resto de las vacunas que habitualmente se manejan en los hospitales\u00bb, acot\u00f3.<\/p>\n\n\n\n<p>\u00abComenzamos dando 30 turnos por d\u00eda y hoy estamos arriba de 100 turnos diarios en todos los hospitales, estamos vacunando en 169 hospitales de toda la provincia \u00ab, asegur\u00f3 e indic\u00f3 que \u00abestamos con un promedio de m\u00e1s de 7000 dosis por d\u00eda aplicadas y ahora comenzando en unos d\u00edas m\u00e1s con la distribuci\u00f3n de las segundas dosis, para todos aquellos que ya se vacunaron con la primera dosis\u00bb.<\/p>\n\n\n\n<p>Resalt\u00f3 que la campa\u00f1a contin\u00faa \u00abde acuerdo a lo planificado y esperando que llegue la tanda grande para avanzar con esta campa\u00f1a m\u00e1s masiva, incorporando m\u00e1s de 360 puntos de vacunaci\u00f3n en toda la Provincia, para vacunar no solamente los trabajadores de la salud sino los mayores de 60 a\u00f1os, a las personas mayores de 18 que tenga morbilidad y por supuesto los docentes, auxiliares y personal de seguridad\u00bb.<\/p>\n","protected":false},"excerpt":{"rendered":"<p>La Subsecretaria de Gesti\u00f3n de la Informaci\u00f3n del Ministerio de Salud bonaerense, Leticia Ceriani, precis\u00f3 hoy que hubo una \u00abdesaceleraci\u00f3n\u00bb en lo casos de contagios por coronavirus y destac\u00f3 que en los \u00faltimos d\u00edas se registra \u00abuna cierta meseta\u00bb. \u00abVenimos los \u00faltimos d\u00edas con cierta meseta, por decirlo de alguna manera, o con una desaceleraci\u00f3n&#8230;<\/p>\n","protected":false},"author":2,"featured_media":8000,"comment_status":"open","ping_status":"open","sticky":false,"template":"","format":"standard","meta":{"footnotes":""},"categories":[7],"tags":[],"class_list":["post-8207","post","type-post","status-publish","format-standard","has-post-thumbnail","hentry","category-provincia"],"featured_image_src":"https:\/\/diarioprincipios.com\/wp-content\/uploads\/2021\/01\/20210101_133702.jpg","blog_images":{"medium":"https:\/\/diarioprincipios.com\/wp-content\/uploads\/2021\/01\/20210101_133702-300x163.jpg","large":"https:\/\/diarioprincipios.com\/wp-content\/uploads\/2021\/01\/20210101_133702.jpg"},"ams_acf":[],"yoast_head":"<!-- This site is optimized with the Yoast SEO plugin v27.3 - https:\/\/yoast.com\/product\/yoast-seo-wordpress\/ -->\n<title>Afirman que hubo una &quot;desaceleraci\u00f3n&quot; en los contagios de coronavirus en provincia de Buenos Aires - Principios<\/title>\n<meta name=\"robots\" content=\"index, follow, max-snippet:-1, max-image-preview:large, max-video-preview:-1\" \/>\n<link rel=\"canonical\" href=\"https:\/\/diarioprincipios.com\/index.php\/2021\/01\/18\/afirman-que-hubo-una-desaceleracion-en-los-contagios-de-coronavirus-en-provincia-de-buenos-aires\/\" \/>\n<meta property=\"og:locale\" content=\"es_ES\" \/>\n<meta property=\"og:type\" content=\"article\" \/>\n<meta property=\"og:title\" content=\"Afirman que hubo una &quot;desaceleraci\u00f3n&quot; en los contagios de coronavirus en provincia de Buenos Aires - Principios\" \/>\n<meta property=\"og:description\" content=\"La Subsecretaria de Gesti\u00f3n de la Informaci\u00f3n del Ministerio de Salud bonaerense, Leticia Ceriani, precis\u00f3 hoy que hubo una \u00abdesaceleraci\u00f3n\u00bb en lo casos de contagios por coronavirus y destac\u00f3 que en los \u00faltimos d\u00edas se registra \u00abuna cierta meseta\u00bb. \u00abVenimos los \u00faltimos d\u00edas con cierta meseta, por decirlo de alguna manera, o con una desaceleraci\u00f3n...\" \/>\n<meta property=\"og:url\" content=\"https:\/\/diarioprincipios.com\/index.php\/2021\/01\/18\/afirman-que-hubo-una-desaceleracion-en-los-contagios-de-coronavirus-en-provincia-de-buenos-aires\/\" \/>\n<meta property=\"og:site_name\" content=\"Principios\" \/>\n<meta property=\"article:published_time\" content=\"2021-01-18T14:58:19+00:00\" \/>\n<meta property=\"article:modified_time\" content=\"2021-01-18T14:58:24+00:00\" \/>\n<meta property=\"og:image\" content=\"https:\/\/diarioprincipios.com\/wp-content\/uploads\/2021\/01\/20210101_133702.jpg\" \/>\n\t<meta property=\"og:image:width\" content=\"632\" \/>\n\t<meta property=\"og:image:height\" content=\"343\" \/>\n\t<meta property=\"og:image:type\" content=\"image\/jpeg\" \/>\n<meta name=\"author\" content=\"Hern\u00e1n L\u00f3pez\" \/>\n<meta name=\"twitter:card\" content=\"summary_large_image\" \/>\n<meta name=\"twitter:label1\" content=\"Escrito por\" \/>\n\t<meta name=\"twitter:data1\" content=\"Hern\u00e1n L\u00f3pez\" \/>\n\t<meta name=\"twitter:label2\" content=\"Tiempo de lectura\" \/>\n\t<meta name=\"twitter:data2\" content=\"2 minutos\" \/>\n<script type=\"application\/ld+json\" class=\"yoast-schema-graph\">{\"@context\":\"https:\\\/\\\/schema.org\",\"@graph\":[{\"@type\":\"Article\",\"@id\":\"https:\\\/\\\/diarioprincipios.com\\\/index.php\\\/2021\\\/01\\\/18\\\/afirman-que-hubo-una-desaceleracion-en-los-contagios-de-coronavirus-en-provincia-de-buenos-aires\\\/#article\",\"isPartOf\":{\"@id\":\"https:\\\/\\\/diarioprincipios.com\\\/index.php\\\/2021\\\/01\\\/18\\\/afirman-que-hubo-una-desaceleracion-en-los-contagios-de-coronavirus-en-provincia-de-buenos-aires\\\/\"},\"author\":{\"name\":\"Hern\u00e1n L\u00f3pez\",\"@id\":\"https:\\\/\\\/diarioprincipios.com\\\/#\\\/schema\\\/person\\\/436d5a1fd41a5e250e23ff5a6a7cb080\"},\"headline\":\"Afirman que hubo una \u00abdesaceleraci\u00f3n\u00bb en los contagios de coronavirus en provincia de Buenos Aires\",\"datePublished\":\"2021-01-18T14:58:19+00:00\",\"dateModified\":\"2021-01-18T14:58:24+00:00\",\"mainEntityOfPage\":{\"@id\":\"https:\\\/\\\/diarioprincipios.com\\\/index.php\\\/2021\\\/01\\\/18\\\/afirman-que-hubo-una-desaceleracion-en-los-contagios-de-coronavirus-en-provincia-de-buenos-aires\\\/\"},\"wordCount\":497,\"commentCount\":0,\"publisher\":{\"@id\":\"https:\\\/\\\/diarioprincipios.com\\\/#organization\"},\"image\":{\"@id\":\"https:\\\/\\\/diarioprincipios.com\\\/index.php\\\/2021\\\/01\\\/18\\\/afirman-que-hubo-una-desaceleracion-en-los-contagios-de-coronavirus-en-provincia-de-buenos-aires\\\/#primaryimage\"},\"thumbnailUrl\":\"https:\\\/\\\/diarioprincipios.com\\\/wp-content\\\/uploads\\\/2021\\\/01\\\/20210101_133702.jpg\",\"articleSection\":[\"Provincia\"],\"inLanguage\":\"es\",\"potentialAction\":[{\"@type\":\"CommentAction\",\"name\":\"Comment\",\"target\":[\"https:\\\/\\\/diarioprincipios.com\\\/index.php\\\/2021\\\/01\\\/18\\\/afirman-que-hubo-una-desaceleracion-en-los-contagios-de-coronavirus-en-provincia-de-buenos-aires\\\/#respond\"]}]},{\"@type\":\"WebPage\",\"@id\":\"https:\\\/\\\/diarioprincipios.com\\\/index.php\\\/2021\\\/01\\\/18\\\/afirman-que-hubo-una-desaceleracion-en-los-contagios-de-coronavirus-en-provincia-de-buenos-aires\\\/\",\"url\":\"https:\\\/\\\/diarioprincipios.com\\\/index.php\\\/2021\\\/01\\\/18\\\/afirman-que-hubo-una-desaceleracion-en-los-contagios-de-coronavirus-en-provincia-de-buenos-aires\\\/\",\"name\":\"Afirman que hubo una \\\"desaceleraci\u00f3n\\\" en los contagios de coronavirus en provincia de Buenos Aires - Principios\",\"isPartOf\":{\"@id\":\"https:\\\/\\\/diarioprincipios.com\\\/#website\"},\"primaryImageOfPage\":{\"@id\":\"https:\\\/\\\/diarioprincipios.com\\\/index.php\\\/2021\\\/01\\\/18\\\/afirman-que-hubo-una-desaceleracion-en-los-contagios-de-coronavirus-en-provincia-de-buenos-aires\\\/#primaryimage\"},\"image\":{\"@id\":\"https:\\\/\\\/diarioprincipios.com\\\/index.php\\\/2021\\\/01\\\/18\\\/afirman-que-hubo-una-desaceleracion-en-los-contagios-de-coronavirus-en-provincia-de-buenos-aires\\\/#primaryimage\"},\"thumbnailUrl\":\"https:\\\/\\\/diarioprincipios.com\\\/wp-content\\\/uploads\\\/2021\\\/01\\\/20210101_133702.jpg\",\"datePublished\":\"2021-01-18T14:58:19+00:00\",\"dateModified\":\"2021-01-18T14:58:24+00:00\",\"breadcrumb\":{\"@id\":\"https:\\\/\\\/diarioprincipios.com\\\/index.php\\\/2021\\\/01\\\/18\\\/afirman-que-hubo-una-desaceleracion-en-los-contagios-de-coronavirus-en-provincia-de-buenos-aires\\\/#breadcrumb\"},\"inLanguage\":\"es\",\"potentialAction\":[{\"@type\":\"ReadAction\",\"target\":[\"https:\\\/\\\/diarioprincipios.com\\\/index.php\\\/2021\\\/01\\\/18\\\/afirman-que-hubo-una-desaceleracion-en-los-contagios-de-coronavirus-en-provincia-de-buenos-aires\\\/\"]}]},{\"@type\":\"ImageObject\",\"inLanguage\":\"es\",\"@id\":\"https:\\\/\\\/diarioprincipios.com\\\/index.php\\\/2021\\\/01\\\/18\\\/afirman-que-hubo-una-desaceleracion-en-los-contagios-de-coronavirus-en-provincia-de-buenos-aires\\\/#primaryimage\",\"url\":\"https:\\\/\\\/diarioprincipios.com\\\/wp-content\\\/uploads\\\/2021\\\/01\\\/20210101_133702.jpg\",\"contentUrl\":\"https:\\\/\\\/diarioprincipios.com\\\/wp-content\\\/uploads\\\/2021\\\/01\\\/20210101_133702.jpg\",\"width\":632,\"height\":343},{\"@type\":\"BreadcrumbList\",\"@id\":\"https:\\\/\\\/diarioprincipios.com\\\/index.php\\\/2021\\\/01\\\/18\\\/afirman-que-hubo-una-desaceleracion-en-los-contagios-de-coronavirus-en-provincia-de-buenos-aires\\\/#breadcrumb\",\"itemListElement\":[{\"@type\":\"ListItem\",\"position\":1,\"name\":\"Portada\",\"item\":\"https:\\\/\\\/diarioprincipios.com\\\/\"},{\"@type\":\"ListItem\",\"position\":2,\"name\":\"Afirman que hubo una \u00abdesaceleraci\u00f3n\u00bb en los contagios de coronavirus en provincia de Buenos Aires\"}]},{\"@type\":\"WebSite\",\"@id\":\"https:\\\/\\\/diarioprincipios.com\\\/#website\",\"url\":\"https:\\\/\\\/diarioprincipios.com\\\/\",\"name\":\"Principios\",\"description\":\"Principios Diario\",\"publisher\":{\"@id\":\"https:\\\/\\\/diarioprincipios.com\\\/#organization\"},\"potentialAction\":[{\"@type\":\"SearchAction\",\"target\":{\"@type\":\"EntryPoint\",\"urlTemplate\":\"https:\\\/\\\/diarioprincipios.com\\\/?s={search_term_string}\"},\"query-input\":{\"@type\":\"PropertyValueSpecification\",\"valueRequired\":true,\"valueName\":\"search_term_string\"}}],\"inLanguage\":\"es\"},{\"@type\":\"Organization\",\"@id\":\"https:\\\/\\\/diarioprincipios.com\\\/#organization\",\"name\":\"Principios\",\"url\":\"https:\\\/\\\/diarioprincipios.com\\\/\",\"logo\":{\"@type\":\"ImageObject\",\"inLanguage\":\"es\",\"@id\":\"https:\\\/\\\/diarioprincipios.com\\\/#\\\/schema\\\/logo\\\/image\\\/\",\"url\":\"https:\\\/\\\/diarioprincipios.com\\\/wp-content\\\/uploads\\\/2024\\\/04\\\/cropped-www.diarioprincipios.com_-1.png\",\"contentUrl\":\"https:\\\/\\\/diarioprincipios.com\\\/wp-content\\\/uploads\\\/2024\\\/04\\\/cropped-www.diarioprincipios.com_-1.png\",\"width\":5325,\"height\":1454,\"caption\":\"Principios\"},\"image\":{\"@id\":\"https:\\\/\\\/diarioprincipios.com\\\/#\\\/schema\\\/logo\\\/image\\\/\"}},{\"@type\":\"Person\",\"@id\":\"https:\\\/\\\/diarioprincipios.com\\\/#\\\/schema\\\/person\\\/436d5a1fd41a5e250e23ff5a6a7cb080\",\"name\":\"Hern\u00e1n L\u00f3pez\",\"image\":{\"@type\":\"ImageObject\",\"inLanguage\":\"es\",\"@id\":\"https:\\\/\\\/diarioprincipios.com\\\/wp-content\\\/litespeed\\\/avatar\\\/11ddfe5610ff3bd100522525b2571f48.jpg?ver=1777048341\",\"url\":\"https:\\\/\\\/diarioprincipios.com\\\/wp-content\\\/litespeed\\\/avatar\\\/11ddfe5610ff3bd100522525b2571f48.jpg?ver=1777048341\",\"contentUrl\":\"https:\\\/\\\/diarioprincipios.com\\\/wp-content\\\/litespeed\\\/avatar\\\/11ddfe5610ff3bd100522525b2571f48.jpg?ver=1777048341\",\"caption\":\"Hern\u00e1n L\u00f3pez\"},\"url\":\"https:\\\/\\\/diarioprincipios.com\\\/index.php\\\/author\\\/hernan\\\/\"}]}<\/script>\n<!-- \/ Yoast SEO plugin. -->","yoast_head_json":{"title":"Afirman que hubo una \"desaceleraci\u00f3n\" en los contagios de coronavirus en provincia de Buenos Aires - Principios","robots":{"index":"index","follow":"follow","max-snippet":"max-snippet:-1","max-image-preview":"max-image-preview:large","max-video-preview":"max-video-preview:-1"},"canonical":"https:\/\/diarioprincipios.com\/index.php\/2021\/01\/18\/afirman-que-hubo-una-desaceleracion-en-los-contagios-de-coronavirus-en-provincia-de-buenos-aires\/","og_locale":"es_ES","og_type":"article","og_title":"Afirman que hubo una \"desaceleraci\u00f3n\" en los contagios de coronavirus en provincia de Buenos Aires - Principios","og_description":"La Subsecretaria de Gesti\u00f3n de la Informaci\u00f3n del Ministerio de Salud bonaerense, Leticia Ceriani, precis\u00f3 hoy que hubo una \u00abdesaceleraci\u00f3n\u00bb en lo casos de contagios por coronavirus y destac\u00f3 que en los \u00faltimos d\u00edas se registra \u00abuna cierta meseta\u00bb. \u00abVenimos los \u00faltimos d\u00edas con cierta meseta, por decirlo de alguna manera, o con una desaceleraci\u00f3n...","og_url":"https:\/\/diarioprincipios.com\/index.php\/2021\/01\/18\/afirman-que-hubo-una-desaceleracion-en-los-contagios-de-coronavirus-en-provincia-de-buenos-aires\/","og_site_name":"Principios","article_published_time":"2021-01-18T14:58:19+00:00","article_modified_time":"2021-01-18T14:58:24+00:00","og_image":[{"width":632,"height":343,"url":"https:\/\/diarioprincipios.com\/wp-content\/uploads\/2021\/01\/20210101_133702.jpg","type":"image\/jpeg"}],"author":"Hern\u00e1n L\u00f3pez","twitter_card":"summary_large_image","twitter_misc":{"Escrito por":"Hern\u00e1n L\u00f3pez","Tiempo de lectura":"2 minutos"},"schema":{"@context":"https:\/\/schema.org","@graph":[{"@type":"Article","@id":"https:\/\/diarioprincipios.com\/index.php\/2021\/01\/18\/afirman-que-hubo-una-desaceleracion-en-los-contagios-de-coronavirus-en-provincia-de-buenos-aires\/#article","isPartOf":{"@id":"https:\/\/diarioprincipios.com\/index.php\/2021\/01\/18\/afirman-que-hubo-una-desaceleracion-en-los-contagios-de-coronavirus-en-provincia-de-buenos-aires\/"},"author":{"name":"Hern\u00e1n L\u00f3pez","@id":"https:\/\/diarioprincipios.com\/#\/schema\/person\/436d5a1fd41a5e250e23ff5a6a7cb080"},"headline":"Afirman que hubo una \u00abdesaceleraci\u00f3n\u00bb en los contagios de coronavirus en provincia de Buenos Aires","datePublished":"2021-01-18T14:58:19+00:00","dateModified":"2021-01-18T14:58:24+00:00","mainEntityOfPage":{"@id":"https:\/\/diarioprincipios.com\/index.php\/2021\/01\/18\/afirman-que-hubo-una-desaceleracion-en-los-contagios-de-coronavirus-en-provincia-de-buenos-aires\/"},"wordCount":497,"commentCount":0,"publisher":{"@id":"https:\/\/diarioprincipios.com\/#organization"},"image":{"@id":"https:\/\/diarioprincipios.com\/index.php\/2021\/01\/18\/afirman-que-hubo-una-desaceleracion-en-los-contagios-de-coronavirus-en-provincia-de-buenos-aires\/#primaryimage"},"thumbnailUrl":"https:\/\/diarioprincipios.com\/wp-content\/uploads\/2021\/01\/20210101_133702.jpg","articleSection":["Provincia"],"inLanguage":"es","potentialAction":[{"@type":"CommentAction","name":"Comment","target":["https:\/\/diarioprincipios.com\/index.php\/2021\/01\/18\/afirman-que-hubo-una-desaceleracion-en-los-contagios-de-coronavirus-en-provincia-de-buenos-aires\/#respond"]}]},{"@type":"WebPage","@id":"https:\/\/diarioprincipios.com\/index.php\/2021\/01\/18\/afirman-que-hubo-una-desaceleracion-en-los-contagios-de-coronavirus-en-provincia-de-buenos-aires\/","url":"https:\/\/diarioprincipios.com\/index.php\/2021\/01\/18\/afirman-que-hubo-una-desaceleracion-en-los-contagios-de-coronavirus-en-provincia-de-buenos-aires\/","name":"Afirman que hubo una \"desaceleraci\u00f3n\" en los contagios de coronavirus en provincia de Buenos Aires - Principios","isPartOf":{"@id":"https:\/\/diarioprincipios.com\/#website"},"primaryImageOfPage":{"@id":"https:\/\/diarioprincipios.com\/index.php\/2021\/01\/18\/afirman-que-hubo-una-desaceleracion-en-los-contagios-de-coronavirus-en-provincia-de-buenos-aires\/#primaryimage"},"image":{"@id":"https:\/\/diarioprincipios.com\/index.php\/2021\/01\/18\/afirman-que-hubo-una-desaceleracion-en-los-contagios-de-coronavirus-en-provincia-de-buenos-aires\/#primaryimage"},"thumbnailUrl":"https:\/\/diarioprincipios.com\/wp-content\/uploads\/2021\/01\/20210101_133702.jpg","datePublished":"2021-01-18T14:58:19+00:00","dateModified":"2021-01-18T14:58:24+00:00","breadcrumb":{"@id":"https:\/\/diarioprincipios.com\/index.php\/2021\/01\/18\/afirman-que-hubo-una-desaceleracion-en-los-contagios-de-coronavirus-en-provincia-de-buenos-aires\/#breadcrumb"},"inLanguage":"es","potentialAction":[{"@type":"ReadAction","target":["https:\/\/diarioprincipios.com\/index.php\/2021\/01\/18\/afirman-que-hubo-una-desaceleracion-en-los-contagios-de-coronavirus-en-provincia-de-buenos-aires\/"]}]},{"@type":"ImageObject","inLanguage":"es","@id":"https:\/\/diarioprincipios.com\/index.php\/2021\/01\/18\/afirman-que-hubo-una-desaceleracion-en-los-contagios-de-coronavirus-en-provincia-de-buenos-aires\/#primaryimage","url":"https:\/\/diarioprincipios.com\/wp-content\/uploads\/2021\/01\/20210101_133702.jpg","contentUrl":"https:\/\/diarioprincipios.com\/wp-content\/uploads\/2021\/01\/20210101_133702.jpg","width":632,"height":343},{"@type":"BreadcrumbList","@id":"https:\/\/diarioprincipios.com\/index.php\/2021\/01\/18\/afirman-que-hubo-una-desaceleracion-en-los-contagios-de-coronavirus-en-provincia-de-buenos-aires\/#breadcrumb","itemListElement":[{"@type":"ListItem","position":1,"name":"Portada","item":"https:\/\/diarioprincipios.com\/"},{"@type":"ListItem","position":2,"name":"Afirman que hubo una \u00abdesaceleraci\u00f3n\u00bb en los contagios de coronavirus en provincia de Buenos Aires"}]},{"@type":"WebSite","@id":"https:\/\/diarioprincipios.com\/#website","url":"https:\/\/diarioprincipios.com\/","name":"Principios","description":"Principios Diario","publisher":{"@id":"https:\/\/diarioprincipios.com\/#organization"},"potentialAction":[{"@type":"SearchAction","target":{"@type":"EntryPoint","urlTemplate":"https:\/\/diarioprincipios.com\/?s={search_term_string}"},"query-input":{"@type":"PropertyValueSpecification","valueRequired":true,"valueName":"search_term_string"}}],"inLanguage":"es"},{"@type":"Organization","@id":"https:\/\/diarioprincipios.com\/#organization","name":"Principios","url":"https:\/\/diarioprincipios.com\/","logo":{"@type":"ImageObject","inLanguage":"es","@id":"https:\/\/diarioprincipios.com\/#\/schema\/logo\/image\/","url":"https:\/\/diarioprincipios.com\/wp-content\/uploads\/2024\/04\/cropped-www.diarioprincipios.com_-1.png","contentUrl":"https:\/\/diarioprincipios.com\/wp-content\/uploads\/2024\/04\/cropped-www.diarioprincipios.com_-1.png","width":5325,"height":1454,"caption":"Principios"},"image":{"@id":"https:\/\/diarioprincipios.com\/#\/schema\/logo\/image\/"}},{"@type":"Person","@id":"https:\/\/diarioprincipios.com\/#\/schema\/person\/436d5a1fd41a5e250e23ff5a6a7cb080","name":"Hern\u00e1n L\u00f3pez","image":{"@type":"ImageObject","inLanguage":"es","@id":"https:\/\/diarioprincipios.com\/wp-content\/litespeed\/avatar\/11ddfe5610ff3bd100522525b2571f48.jpg?ver=1777048341","url":"https:\/\/diarioprincipios.com\/wp-content\/litespeed\/avatar\/11ddfe5610ff3bd100522525b2571f48.jpg?ver=1777048341","contentUrl":"https:\/\/diarioprincipios.com\/wp-content\/litespeed\/avatar\/11ddfe5610ff3bd100522525b2571f48.jpg?ver=1777048341","caption":"Hern\u00e1n L\u00f3pez"},"url":"https:\/\/diarioprincipios.com\/index.php\/author\/hernan\/"}]}},"jetpack_featured_media_url":"https:\/\/diarioprincipios.com\/wp-content\/uploads\/2021\/01\/20210101_133702.jpg","_links":{"self":[{"href":"https:\/\/diarioprincipios.com\/index.php\/wp-json\/wp\/v2\/posts\/8207","targetHints":{"allow":["GET"]}}],"collection":[{"href":"https:\/\/diarioprincipios.com\/index.php\/wp-json\/wp\/v2\/posts"}],"about":[{"href":"https:\/\/diarioprincipios.com\/index.php\/wp-json\/wp\/v2\/types\/post"}],"author":[{"embeddable":true,"href":"https:\/\/diarioprincipios.com\/index.php\/wp-json\/wp\/v2\/users\/2"}],"replies":[{"embeddable":true,"href":"https:\/\/diarioprincipios.com\/index.php\/wp-json\/wp\/v2\/comments?post=8207"}],"version-history":[{"count":1,"href":"https:\/\/diarioprincipios.com\/index.php\/wp-json\/wp\/v2\/posts\/8207\/revisions"}],"predecessor-version":[{"id":8208,"href":"https:\/\/diarioprincipios.com\/index.php\/wp-json\/wp\/v2\/posts\/8207\/revisions\/8208"}],"wp:featuredmedia":[{"embeddable":true,"href":"https:\/\/diarioprincipios.com\/index.php\/wp-json\/wp\/v2\/media\/8000"}],"wp:attachment":[{"href":"https:\/\/diarioprincipios.com\/index.php\/wp-json\/wp\/v2\/media?parent=8207"}],"wp:term":[{"taxonomy":"category","embeddable":true,"href":"https:\/\/diarioprincipios.com\/index.php\/wp-json\/wp\/v2\/categories?post=8207"},{"taxonomy":"post_tag","embeddable":true,"href":"https:\/\/diarioprincipios.com\/index.php\/wp-json\/wp\/v2\/tags?post=8207"}],"curies":[{"name":"wp","href":"https:\/\/api.w.org\/{rel}","templated":true}]}}