{"id":8204,"date":"2021-01-18T11:53:33","date_gmt":"2021-01-18T14:53:33","guid":{"rendered":"http:\/\/diarioprincipios.com\/?p=8204"},"modified":"2021-01-18T11:53:37","modified_gmt":"2021-01-18T14:53:37","slug":"berazategui-avanza-con-la-repavimentacion-de-la-calle-359-en-ranelagh","status":"publish","type":"post","link":"https:\/\/diarioprincipios.com\/index.php\/2021\/01\/18\/berazategui-avanza-con-la-repavimentacion-de-la-calle-359-en-ranelagh\/","title":{"rendered":"Berazategui avanza con la repavimentaci\u00f3n de la calle 359 en R\u00e1nelagh"},"content":{"rendered":"\n<p><strong>Con el fin de mejorar la circulaci\u00f3n y el flujo vehicular, la Municipalidad de Berazategui contin\u00faa con las tareas de renovaci\u00f3n de la calle 359. En esta ocasi\u00f3n, los trabajos avanzan sobre los tramos comprendidos entre Av. Agote y Ant\u00e1rtida Argentina; y entre 310 y 314, que, por tal motivo, se encuentran actualmente interrumpidos al tr\u00e1nsito y debidamente se\u00f1alizados. Se estima que para julio de este a\u00f1o se concretar\u00e1 la totalidad de la obra, que comenz\u00f3 hace poco m\u00e1s de un mes.<\/strong><\/p>\n\n\n\n<p>\u201cEn estos momentos, nos encontramos desarrollando las tareas de remoci\u00f3n del antiguo pavimento y colocando el nuevo sobre la calle 359. Esto representar\u00e1 una mejora sustancial para los vecinos, ya que beneficiar\u00e1 la circulaci\u00f3n del tr\u00e1nsito entre Barrio Mar\u00edtimo y el Hospital Evita Pueblo de Berazategui. Adem\u00e1s, teniendo en cuenta que por aqu\u00ed pasa una l\u00ednea de colectivo, esto proporcionar\u00e1 una mayor fluidez a trav\u00e9s de Ranelagh, porque antes esta calle era angosta y ahora ser\u00e1 mucho m\u00e1s amplia\u201d, explica Cristian Ribeyrol, subsecretario de Obras P\u00fablicas de la Municipalidad.<\/p>\n\n\n\n<p>Asimismo, dentro de este plan de obras de pavimentaci\u00f3n y mejorado de calles llevado adelante por el Municipio, el funcionario incluye la reciente inauguraci\u00f3n de 130 metros de colectora de hormig\u00f3n en la localidad de El Pato. \u201cEl intendente de Berazategui, Juan Jos\u00e9 Mussi, le da much\u00edsima prioridad a todo lo que es servicios p\u00fablicos e infraestructura. Sin dudas, se trata de dos de sus principales ejes de gesti\u00f3n, lo que mejora y contribuye sustancialmente en todo lo referente a la vida cotidiana de los vecinos de la ciudad\u201d, asegura Ribeyrol.<\/p>\n\n\n\n<figure class=\"wp-block-image\"><img decoding=\"async\" src=\"https:\/\/ecp.yusercontent.com\/mail?url=https%3A%2F%2Fdocs.google.com%2Fuc%3Fexport%3Ddownload%26id%3D1JdP7Su9t24THT2BI1vGQEk0X5ComDuna%26revid%3D0B9vif756qwYZWTRrWDMvZDQrNHowM0g4cjdqU2NWUVhpWUNFPQ&amp;t=1610740522&amp;ymreqid=5799fcab-b43d-2794-2220-75000301b300&amp;sig=qy01Oiw.RvRMDDFjUFtmLw--~D\" alt=\"\"\/><\/figure>\n","protected":false},"excerpt":{"rendered":"<p>Con el fin de mejorar la circulaci\u00f3n y el flujo vehicular, la Municipalidad de Berazategui contin\u00faa con las tareas de renovaci\u00f3n de la calle 359. En esta ocasi\u00f3n, los trabajos avanzan sobre los tramos comprendidos entre Av. Agote y Ant\u00e1rtida Argentina; y entre 310 y 314, que, por tal motivo, se encuentran actualmente interrumpidos al&#8230;<\/p>\n","protected":false},"author":2,"featured_media":8205,"comment_status":"open","ping_status":"open","sticky":false,"template":"","format":"standard","meta":{"footnotes":""},"categories":[3],"tags":[],"class_list":["post-8204","post","type-post","status-publish","format-standard","has-post-thumbnail","hentry","category-berazategui"],"featured_image_src":"https:\/\/diarioprincipios.com\/wp-content\/uploads\/2021\/01\/20210118_115119-1024x589.jpg","blog_images":{"medium":"https:\/\/diarioprincipios.com\/wp-content\/uploads\/2021\/01\/20210118_115119-300x173.jpg","large":"https:\/\/diarioprincipios.com\/wp-content\/uploads\/2021\/01\/20210118_115119-1024x589.jpg"},"ams_acf":[],"yoast_head":"<!-- This site is optimized with the Yoast SEO plugin v27.3 - https:\/\/yoast.com\/product\/yoast-seo-wordpress\/ -->\n<title>Berazategui avanza con la repavimentaci\u00f3n de la calle 359 en R\u00e1nelagh - Principios<\/title>\n<meta name=\"robots\" content=\"index, follow, max-snippet:-1, max-image-preview:large, max-video-preview:-1\" \/>\n<link rel=\"canonical\" href=\"https:\/\/diarioprincipios.com\/index.php\/2021\/01\/18\/berazategui-avanza-con-la-repavimentacion-de-la-calle-359-en-ranelagh\/\" \/>\n<meta property=\"og:locale\" content=\"es_ES\" \/>\n<meta property=\"og:type\" content=\"article\" \/>\n<meta property=\"og:title\" content=\"Berazategui avanza con la repavimentaci\u00f3n de la calle 359 en R\u00e1nelagh - Principios\" \/>\n<meta property=\"og:description\" content=\"Con el fin de mejorar la circulaci\u00f3n y el flujo vehicular, la Municipalidad de Berazategui contin\u00faa con las tareas de renovaci\u00f3n de la calle 359. En esta ocasi\u00f3n, los trabajos avanzan sobre los tramos comprendidos entre Av. Agote y Ant\u00e1rtida Argentina; y entre 310 y 314, que, por tal motivo, se encuentran actualmente interrumpidos al...\" \/>\n<meta property=\"og:url\" content=\"https:\/\/diarioprincipios.com\/index.php\/2021\/01\/18\/berazategui-avanza-con-la-repavimentacion-de-la-calle-359-en-ranelagh\/\" \/>\n<meta property=\"og:site_name\" content=\"Principios\" \/>\n<meta property=\"article:published_time\" content=\"2021-01-18T14:53:33+00:00\" \/>\n<meta property=\"article:modified_time\" content=\"2021-01-18T14:53:37+00:00\" \/>\n<meta property=\"og:image\" content=\"https:\/\/diarioprincipios.com\/wp-content\/uploads\/2021\/01\/20210118_115119.jpg\" \/>\n\t<meta property=\"og:image:width\" content=\"1920\" \/>\n\t<meta property=\"og:image:height\" content=\"1104\" \/>\n\t<meta property=\"og:image:type\" content=\"image\/jpeg\" \/>\n<meta name=\"author\" content=\"Hern\u00e1n L\u00f3pez\" \/>\n<meta name=\"twitter:card\" content=\"summary_large_image\" \/>\n<meta name=\"twitter:label1\" content=\"Escrito por\" \/>\n\t<meta name=\"twitter:data1\" content=\"Hern\u00e1n L\u00f3pez\" \/>\n\t<meta name=\"twitter:label2\" content=\"Tiempo de lectura\" \/>\n\t<meta name=\"twitter:data2\" content=\"1 minuto\" \/>\n<script type=\"application\/ld+json\" class=\"yoast-schema-graph\">{\"@context\":\"https:\\\/\\\/schema.org\",\"@graph\":[{\"@type\":\"Article\",\"@id\":\"https:\\\/\\\/diarioprincipios.com\\\/index.php\\\/2021\\\/01\\\/18\\\/berazategui-avanza-con-la-repavimentacion-de-la-calle-359-en-ranelagh\\\/#article\",\"isPartOf\":{\"@id\":\"https:\\\/\\\/diarioprincipios.com\\\/index.php\\\/2021\\\/01\\\/18\\\/berazategui-avanza-con-la-repavimentacion-de-la-calle-359-en-ranelagh\\\/\"},\"author\":{\"name\":\"Hern\u00e1n L\u00f3pez\",\"@id\":\"https:\\\/\\\/diarioprincipios.com\\\/#\\\/schema\\\/person\\\/436d5a1fd41a5e250e23ff5a6a7cb080\"},\"headline\":\"Berazategui avanza con la repavimentaci\u00f3n de la calle 359 en R\u00e1nelagh\",\"datePublished\":\"2021-01-18T14:53:33+00:00\",\"dateModified\":\"2021-01-18T14:53:37+00:00\",\"mainEntityOfPage\":{\"@id\":\"https:\\\/\\\/diarioprincipios.com\\\/index.php\\\/2021\\\/01\\\/18\\\/berazategui-avanza-con-la-repavimentacion-de-la-calle-359-en-ranelagh\\\/\"},\"wordCount\":293,\"commentCount\":0,\"publisher\":{\"@id\":\"https:\\\/\\\/diarioprincipios.com\\\/#organization\"},\"image\":{\"@id\":\"https:\\\/\\\/diarioprincipios.com\\\/index.php\\\/2021\\\/01\\\/18\\\/berazategui-avanza-con-la-repavimentacion-de-la-calle-359-en-ranelagh\\\/#primaryimage\"},\"thumbnailUrl\":\"https:\\\/\\\/diarioprincipios.com\\\/wp-content\\\/uploads\\\/2021\\\/01\\\/20210118_115119.jpg\",\"articleSection\":[\"Berazategui\"],\"inLanguage\":\"es\",\"potentialAction\":[{\"@type\":\"CommentAction\",\"name\":\"Comment\",\"target\":[\"https:\\\/\\\/diarioprincipios.com\\\/index.php\\\/2021\\\/01\\\/18\\\/berazategui-avanza-con-la-repavimentacion-de-la-calle-359-en-ranelagh\\\/#respond\"]}]},{\"@type\":\"WebPage\",\"@id\":\"https:\\\/\\\/diarioprincipios.com\\\/index.php\\\/2021\\\/01\\\/18\\\/berazategui-avanza-con-la-repavimentacion-de-la-calle-359-en-ranelagh\\\/\",\"url\":\"https:\\\/\\\/diarioprincipios.com\\\/index.php\\\/2021\\\/01\\\/18\\\/berazategui-avanza-con-la-repavimentacion-de-la-calle-359-en-ranelagh\\\/\",\"name\":\"Berazategui avanza con la repavimentaci\u00f3n de la calle 359 en R\u00e1nelagh - Principios\",\"isPartOf\":{\"@id\":\"https:\\\/\\\/diarioprincipios.com\\\/#website\"},\"primaryImageOfPage\":{\"@id\":\"https:\\\/\\\/diarioprincipios.com\\\/index.php\\\/2021\\\/01\\\/18\\\/berazategui-avanza-con-la-repavimentacion-de-la-calle-359-en-ranelagh\\\/#primaryimage\"},\"image\":{\"@id\":\"https:\\\/\\\/diarioprincipios.com\\\/index.php\\\/2021\\\/01\\\/18\\\/berazategui-avanza-con-la-repavimentacion-de-la-calle-359-en-ranelagh\\\/#primaryimage\"},\"thumbnailUrl\":\"https:\\\/\\\/diarioprincipios.com\\\/wp-content\\\/uploads\\\/2021\\\/01\\\/20210118_115119.jpg\",\"datePublished\":\"2021-01-18T14:53:33+00:00\",\"dateModified\":\"2021-01-18T14:53:37+00:00\",\"breadcrumb\":{\"@id\":\"https:\\\/\\\/diarioprincipios.com\\\/index.php\\\/2021\\\/01\\\/18\\\/berazategui-avanza-con-la-repavimentacion-de-la-calle-359-en-ranelagh\\\/#breadcrumb\"},\"inLanguage\":\"es\",\"potentialAction\":[{\"@type\":\"ReadAction\",\"target\":[\"https:\\\/\\\/diarioprincipios.com\\\/index.php\\\/2021\\\/01\\\/18\\\/berazategui-avanza-con-la-repavimentacion-de-la-calle-359-en-ranelagh\\\/\"]}]},{\"@type\":\"ImageObject\",\"inLanguage\":\"es\",\"@id\":\"https:\\\/\\\/diarioprincipios.com\\\/index.php\\\/2021\\\/01\\\/18\\\/berazategui-avanza-con-la-repavimentacion-de-la-calle-359-en-ranelagh\\\/#primaryimage\",\"url\":\"https:\\\/\\\/diarioprincipios.com\\\/wp-content\\\/uploads\\\/2021\\\/01\\\/20210118_115119.jpg\",\"contentUrl\":\"https:\\\/\\\/diarioprincipios.com\\\/wp-content\\\/uploads\\\/2021\\\/01\\\/20210118_115119.jpg\",\"width\":1920,\"height\":1104},{\"@type\":\"BreadcrumbList\",\"@id\":\"https:\\\/\\\/diarioprincipios.com\\\/index.php\\\/2021\\\/01\\\/18\\\/berazategui-avanza-con-la-repavimentacion-de-la-calle-359-en-ranelagh\\\/#breadcrumb\",\"itemListElement\":[{\"@type\":\"ListItem\",\"position\":1,\"name\":\"Portada\",\"item\":\"https:\\\/\\\/diarioprincipios.com\\\/\"},{\"@type\":\"ListItem\",\"position\":2,\"name\":\"Berazategui avanza con la repavimentaci\u00f3n de la calle 359 en R\u00e1nelagh\"}]},{\"@type\":\"WebSite\",\"@id\":\"https:\\\/\\\/diarioprincipios.com\\\/#website\",\"url\":\"https:\\\/\\\/diarioprincipios.com\\\/\",\"name\":\"Principios\",\"description\":\"Principios Diario\",\"publisher\":{\"@id\":\"https:\\\/\\\/diarioprincipios.com\\\/#organization\"},\"potentialAction\":[{\"@type\":\"SearchAction\",\"target\":{\"@type\":\"EntryPoint\",\"urlTemplate\":\"https:\\\/\\\/diarioprincipios.com\\\/?s={search_term_string}\"},\"query-input\":{\"@type\":\"PropertyValueSpecification\",\"valueRequired\":true,\"valueName\":\"search_term_string\"}}],\"inLanguage\":\"es\"},{\"@type\":\"Organization\",\"@id\":\"https:\\\/\\\/diarioprincipios.com\\\/#organization\",\"name\":\"Principios\",\"url\":\"https:\\\/\\\/diarioprincipios.com\\\/\",\"logo\":{\"@type\":\"ImageObject\",\"inLanguage\":\"es\",\"@id\":\"https:\\\/\\\/diarioprincipios.com\\\/#\\\/schema\\\/logo\\\/image\\\/\",\"url\":\"https:\\\/\\\/diarioprincipios.com\\\/wp-content\\\/uploads\\\/2024\\\/04\\\/cropped-www.diarioprincipios.com_-1.png\",\"contentUrl\":\"https:\\\/\\\/diarioprincipios.com\\\/wp-content\\\/uploads\\\/2024\\\/04\\\/cropped-www.diarioprincipios.com_-1.png\",\"width\":5325,\"height\":1454,\"caption\":\"Principios\"},\"image\":{\"@id\":\"https:\\\/\\\/diarioprincipios.com\\\/#\\\/schema\\\/logo\\\/image\\\/\"}},{\"@type\":\"Person\",\"@id\":\"https:\\\/\\\/diarioprincipios.com\\\/#\\\/schema\\\/person\\\/436d5a1fd41a5e250e23ff5a6a7cb080\",\"name\":\"Hern\u00e1n L\u00f3pez\",\"image\":{\"@type\":\"ImageObject\",\"inLanguage\":\"es\",\"@id\":\"https:\\\/\\\/diarioprincipios.com\\\/wp-content\\\/litespeed\\\/avatar\\\/11ddfe5610ff3bd100522525b2571f48.jpg?ver=1777048341\",\"url\":\"https:\\\/\\\/diarioprincipios.com\\\/wp-content\\\/litespeed\\\/avatar\\\/11ddfe5610ff3bd100522525b2571f48.jpg?ver=1777048341\",\"contentUrl\":\"https:\\\/\\\/diarioprincipios.com\\\/wp-content\\\/litespeed\\\/avatar\\\/11ddfe5610ff3bd100522525b2571f48.jpg?ver=1777048341\",\"caption\":\"Hern\u00e1n L\u00f3pez\"},\"url\":\"https:\\\/\\\/diarioprincipios.com\\\/index.php\\\/author\\\/hernan\\\/\"}]}<\/script>\n<!-- \/ Yoast SEO plugin. -->","yoast_head_json":{"title":"Berazategui avanza con la repavimentaci\u00f3n de la calle 359 en R\u00e1nelagh - Principios","robots":{"index":"index","follow":"follow","max-snippet":"max-snippet:-1","max-image-preview":"max-image-preview:large","max-video-preview":"max-video-preview:-1"},"canonical":"https:\/\/diarioprincipios.com\/index.php\/2021\/01\/18\/berazategui-avanza-con-la-repavimentacion-de-la-calle-359-en-ranelagh\/","og_locale":"es_ES","og_type":"article","og_title":"Berazategui avanza con la repavimentaci\u00f3n de la calle 359 en R\u00e1nelagh - Principios","og_description":"Con el fin de mejorar la circulaci\u00f3n y el flujo vehicular, la Municipalidad de Berazategui contin\u00faa con las tareas de renovaci\u00f3n de la calle 359. En esta ocasi\u00f3n, los trabajos avanzan sobre los tramos comprendidos entre Av. Agote y Ant\u00e1rtida Argentina; y entre 310 y 314, que, por tal motivo, se encuentran actualmente interrumpidos al...","og_url":"https:\/\/diarioprincipios.com\/index.php\/2021\/01\/18\/berazategui-avanza-con-la-repavimentacion-de-la-calle-359-en-ranelagh\/","og_site_name":"Principios","article_published_time":"2021-01-18T14:53:33+00:00","article_modified_time":"2021-01-18T14:53:37+00:00","og_image":[{"width":1920,"height":1104,"url":"https:\/\/diarioprincipios.com\/wp-content\/uploads\/2021\/01\/20210118_115119.jpg","type":"image\/jpeg"}],"author":"Hern\u00e1n L\u00f3pez","twitter_card":"summary_large_image","twitter_misc":{"Escrito por":"Hern\u00e1n L\u00f3pez","Tiempo de lectura":"1 minuto"},"schema":{"@context":"https:\/\/schema.org","@graph":[{"@type":"Article","@id":"https:\/\/diarioprincipios.com\/index.php\/2021\/01\/18\/berazategui-avanza-con-la-repavimentacion-de-la-calle-359-en-ranelagh\/#article","isPartOf":{"@id":"https:\/\/diarioprincipios.com\/index.php\/2021\/01\/18\/berazategui-avanza-con-la-repavimentacion-de-la-calle-359-en-ranelagh\/"},"author":{"name":"Hern\u00e1n L\u00f3pez","@id":"https:\/\/diarioprincipios.com\/#\/schema\/person\/436d5a1fd41a5e250e23ff5a6a7cb080"},"headline":"Berazategui avanza con la repavimentaci\u00f3n de la calle 359 en R\u00e1nelagh","datePublished":"2021-01-18T14:53:33+00:00","dateModified":"2021-01-18T14:53:37+00:00","mainEntityOfPage":{"@id":"https:\/\/diarioprincipios.com\/index.php\/2021\/01\/18\/berazategui-avanza-con-la-repavimentacion-de-la-calle-359-en-ranelagh\/"},"wordCount":293,"commentCount":0,"publisher":{"@id":"https:\/\/diarioprincipios.com\/#organization"},"image":{"@id":"https:\/\/diarioprincipios.com\/index.php\/2021\/01\/18\/berazategui-avanza-con-la-repavimentacion-de-la-calle-359-en-ranelagh\/#primaryimage"},"thumbnailUrl":"https:\/\/diarioprincipios.com\/wp-content\/uploads\/2021\/01\/20210118_115119.jpg","articleSection":["Berazategui"],"inLanguage":"es","potentialAction":[{"@type":"CommentAction","name":"Comment","target":["https:\/\/diarioprincipios.com\/index.php\/2021\/01\/18\/berazategui-avanza-con-la-repavimentacion-de-la-calle-359-en-ranelagh\/#respond"]}]},{"@type":"WebPage","@id":"https:\/\/diarioprincipios.com\/index.php\/2021\/01\/18\/berazategui-avanza-con-la-repavimentacion-de-la-calle-359-en-ranelagh\/","url":"https:\/\/diarioprincipios.com\/index.php\/2021\/01\/18\/berazategui-avanza-con-la-repavimentacion-de-la-calle-359-en-ranelagh\/","name":"Berazategui avanza con la repavimentaci\u00f3n de la calle 359 en R\u00e1nelagh - Principios","isPartOf":{"@id":"https:\/\/diarioprincipios.com\/#website"},"primaryImageOfPage":{"@id":"https:\/\/diarioprincipios.com\/index.php\/2021\/01\/18\/berazategui-avanza-con-la-repavimentacion-de-la-calle-359-en-ranelagh\/#primaryimage"},"image":{"@id":"https:\/\/diarioprincipios.com\/index.php\/2021\/01\/18\/berazategui-avanza-con-la-repavimentacion-de-la-calle-359-en-ranelagh\/#primaryimage"},"thumbnailUrl":"https:\/\/diarioprincipios.com\/wp-content\/uploads\/2021\/01\/20210118_115119.jpg","datePublished":"2021-01-18T14:53:33+00:00","dateModified":"2021-01-18T14:53:37+00:00","breadcrumb":{"@id":"https:\/\/diarioprincipios.com\/index.php\/2021\/01\/18\/berazategui-avanza-con-la-repavimentacion-de-la-calle-359-en-ranelagh\/#breadcrumb"},"inLanguage":"es","potentialAction":[{"@type":"ReadAction","target":["https:\/\/diarioprincipios.com\/index.php\/2021\/01\/18\/berazategui-avanza-con-la-repavimentacion-de-la-calle-359-en-ranelagh\/"]}]},{"@type":"ImageObject","inLanguage":"es","@id":"https:\/\/diarioprincipios.com\/index.php\/2021\/01\/18\/berazategui-avanza-con-la-repavimentacion-de-la-calle-359-en-ranelagh\/#primaryimage","url":"https:\/\/diarioprincipios.com\/wp-content\/uploads\/2021\/01\/20210118_115119.jpg","contentUrl":"https:\/\/diarioprincipios.com\/wp-content\/uploads\/2021\/01\/20210118_115119.jpg","width":1920,"height":1104},{"@type":"BreadcrumbList","@id":"https:\/\/diarioprincipios.com\/index.php\/2021\/01\/18\/berazategui-avanza-con-la-repavimentacion-de-la-calle-359-en-ranelagh\/#breadcrumb","itemListElement":[{"@type":"ListItem","position":1,"name":"Portada","item":"https:\/\/diarioprincipios.com\/"},{"@type":"ListItem","position":2,"name":"Berazategui avanza con la repavimentaci\u00f3n de la calle 359 en R\u00e1nelagh"}]},{"@type":"WebSite","@id":"https:\/\/diarioprincipios.com\/#website","url":"https:\/\/diarioprincipios.com\/","name":"Principios","description":"Principios Diario","publisher":{"@id":"https:\/\/diarioprincipios.com\/#organization"},"potentialAction":[{"@type":"SearchAction","target":{"@type":"EntryPoint","urlTemplate":"https:\/\/diarioprincipios.com\/?s={search_term_string}"},"query-input":{"@type":"PropertyValueSpecification","valueRequired":true,"valueName":"search_term_string"}}],"inLanguage":"es"},{"@type":"Organization","@id":"https:\/\/diarioprincipios.com\/#organization","name":"Principios","url":"https:\/\/diarioprincipios.com\/","logo":{"@type":"ImageObject","inLanguage":"es","@id":"https:\/\/diarioprincipios.com\/#\/schema\/logo\/image\/","url":"https:\/\/diarioprincipios.com\/wp-content\/uploads\/2024\/04\/cropped-www.diarioprincipios.com_-1.png","contentUrl":"https:\/\/diarioprincipios.com\/wp-content\/uploads\/2024\/04\/cropped-www.diarioprincipios.com_-1.png","width":5325,"height":1454,"caption":"Principios"},"image":{"@id":"https:\/\/diarioprincipios.com\/#\/schema\/logo\/image\/"}},{"@type":"Person","@id":"https:\/\/diarioprincipios.com\/#\/schema\/person\/436d5a1fd41a5e250e23ff5a6a7cb080","name":"Hern\u00e1n L\u00f3pez","image":{"@type":"ImageObject","inLanguage":"es","@id":"https:\/\/diarioprincipios.com\/wp-content\/litespeed\/avatar\/11ddfe5610ff3bd100522525b2571f48.jpg?ver=1777048341","url":"https:\/\/diarioprincipios.com\/wp-content\/litespeed\/avatar\/11ddfe5610ff3bd100522525b2571f48.jpg?ver=1777048341","contentUrl":"https:\/\/diarioprincipios.com\/wp-content\/litespeed\/avatar\/11ddfe5610ff3bd100522525b2571f48.jpg?ver=1777048341","caption":"Hern\u00e1n L\u00f3pez"},"url":"https:\/\/diarioprincipios.com\/index.php\/author\/hernan\/"}]}},"jetpack_featured_media_url":"https:\/\/diarioprincipios.com\/wp-content\/uploads\/2021\/01\/20210118_115119.jpg","_links":{"self":[{"href":"https:\/\/diarioprincipios.com\/index.php\/wp-json\/wp\/v2\/posts\/8204","targetHints":{"allow":["GET"]}}],"collection":[{"href":"https:\/\/diarioprincipios.com\/index.php\/wp-json\/wp\/v2\/posts"}],"about":[{"href":"https:\/\/diarioprincipios.com\/index.php\/wp-json\/wp\/v2\/types\/post"}],"author":[{"embeddable":true,"href":"https:\/\/diarioprincipios.com\/index.php\/wp-json\/wp\/v2\/users\/2"}],"replies":[{"embeddable":true,"href":"https:\/\/diarioprincipios.com\/index.php\/wp-json\/wp\/v2\/comments?post=8204"}],"version-history":[{"count":1,"href":"https:\/\/diarioprincipios.com\/index.php\/wp-json\/wp\/v2\/posts\/8204\/revisions"}],"predecessor-version":[{"id":8206,"href":"https:\/\/diarioprincipios.com\/index.php\/wp-json\/wp\/v2\/posts\/8204\/revisions\/8206"}],"wp:featuredmedia":[{"embeddable":true,"href":"https:\/\/diarioprincipios.com\/index.php\/wp-json\/wp\/v2\/media\/8205"}],"wp:attachment":[{"href":"https:\/\/diarioprincipios.com\/index.php\/wp-json\/wp\/v2\/media?parent=8204"}],"wp:term":[{"taxonomy":"category","embeddable":true,"href":"https:\/\/diarioprincipios.com\/index.php\/wp-json\/wp\/v2\/categories?post=8204"},{"taxonomy":"post_tag","embeddable":true,"href":"https:\/\/diarioprincipios.com\/index.php\/wp-json\/wp\/v2\/tags?post=8204"}],"curies":[{"name":"wp","href":"https:\/\/api.w.org\/{rel}","templated":true}]}}