{"id":8201,"date":"2021-01-17T21:41:11","date_gmt":"2021-01-18T00:41:11","guid":{"rendered":"http:\/\/diarioprincipios.com\/?p=8201"},"modified":"2021-01-17T21:41:16","modified_gmt":"2021-01-18T00:41:16","slug":"en-berazategui-comenzo-la-compactacion-de-vehiculos-abandonados","status":"publish","type":"post","link":"https:\/\/diarioprincipios.com\/index.php\/2021\/01\/17\/en-berazategui-comenzo-la-compactacion-de-vehiculos-abandonados\/","title":{"rendered":"En Berazategui comenz\u00f3 la compactaci\u00f3n de veh\u00edculos abandonados"},"content":{"rendered":"\n<p><strong>Luego del pedido efectuado por la Municipalidad de Berazategui a las autoridades provinciales, comenzaron los trabajos de compactaci\u00f3n de veh\u00edculos secuestrados en el Dep\u00f3sito Judicial de la Comisar\u00eda 1ra de Berazategui (Av. Florencio Varela y 149). Este predio privado, ser\u00eda destinado, seg\u00fan sus propietarios, a la radicaci\u00f3n de una empresa.<\/strong><\/p>\n\n\n\n<p>\u201cA diferencia de la anterior gesti\u00f3n de Gobierno, el actual gobernador de la provincia de Buenos Aires, Axel Kicillof, s\u00ed prest\u00f3 atenci\u00f3n a nuestro reclamo y resolvi\u00f3 limpiar este terreno, dej\u00e1ndolo libre de todos estos coches que se fueron acumulando durante a\u00f1os. Algo que nosotros, como Municipio, no pod\u00edamos hacer por nuestra cuenta porque, aunque se trata de un lugar privado, aqu\u00ed funcionaba una dependencia provincial\u201d, explica el intendente de Berazategui, Juan Jos\u00e9 Mussi.<\/p>\n\n\n\n<p>El propio Jefe comunal se acerc\u00f3 en persona hasta el predio y se mostr\u00f3 muy conforme con el ritmo en el que se desarrollan las tareas. \u201cEn promedio, se est\u00e1n compactando alrededor de 40 veh\u00edculos por d\u00eda. Se trata de los rodados que no est\u00e1n judicializados, mientras que la Justicia provincial dispondr\u00e1 posteriormente d\u00f3nde trasladar\u00e1 aquellos que s\u00ed se encuentran en esa condici\u00f3n. De todas formas, lo m\u00e1s importante para nosotros es que este predio va a quedar totalmente limpio, eliminando un foco de contaminaci\u00f3n para la poblaci\u00f3n\u201d, destaca.<\/p>\n\n\n\n<p>Adem\u00e1s, el intendente indic\u00f3 con entusiasmo que estas tareas de compactaci\u00f3n y de limpieza en este terreno de grandes dimensiones, tambi\u00e9n podr\u00eda representar la generaci\u00f3n de nuevos puestos de trabajo para los vecinos y vecinas de Berazategui.<\/p>\n\n\n\n<p>\u201cEste lugar pertenece a una industria, cuyos due\u00f1os, en su momento, autorizaron su utilizaci\u00f3n porque creyeron que iba a ser por poco tiempo. Sin embargo, pasaron los a\u00f1os y sigui\u00f3 funcionando como dep\u00f3sito judicial. Ellos mismos nos anunciaron que desean instalar aqu\u00ed otra f\u00e1brica de la propia compa\u00f1\u00eda, lo que obviamente demandar\u00e1 mano de obra. As\u00ed que, gracias a la voluntad pol\u00edtica y la inmediata respuesta de nuestro gobernador, estamos haciendo algo muy importante y positivo para todos\u201d, resalt\u00f3 Mussi.<\/p>\n","protected":false},"excerpt":{"rendered":"<p>Luego del pedido efectuado por la Municipalidad de Berazategui a las autoridades provinciales, comenzaron los trabajos de compactaci\u00f3n de veh\u00edculos secuestrados en el Dep\u00f3sito Judicial de la Comisar\u00eda 1ra de Berazategui (Av. Florencio Varela y 149). Este predio privado, ser\u00eda destinado, seg\u00fan sus propietarios, a la radicaci\u00f3n de una empresa. \u201cA diferencia de la anterior&#8230;<\/p>\n","protected":false},"author":2,"featured_media":8202,"comment_status":"open","ping_status":"open","sticky":false,"template":"","format":"standard","meta":{"footnotes":""},"categories":[3],"tags":[],"class_list":["post-8201","post","type-post","status-publish","format-standard","has-post-thumbnail","hentry","category-berazategui"],"featured_image_src":"https:\/\/diarioprincipios.com\/wp-content\/uploads\/2021\/01\/20210117_213807-1024x582.jpg","blog_images":{"medium":"https:\/\/diarioprincipios.com\/wp-content\/uploads\/2021\/01\/20210117_213807-300x171.jpg","large":"https:\/\/diarioprincipios.com\/wp-content\/uploads\/2021\/01\/20210117_213807-1024x582.jpg"},"ams_acf":[],"yoast_head":"<!-- This site is optimized with the Yoast SEO plugin v27.3 - https:\/\/yoast.com\/product\/yoast-seo-wordpress\/ -->\n<title>En Berazategui comenz\u00f3 la compactaci\u00f3n de veh\u00edculos abandonados - Principios<\/title>\n<meta name=\"robots\" content=\"index, follow, max-snippet:-1, max-image-preview:large, max-video-preview:-1\" \/>\n<link rel=\"canonical\" href=\"https:\/\/diarioprincipios.com\/index.php\/2021\/01\/17\/en-berazategui-comenzo-la-compactacion-de-vehiculos-abandonados\/\" \/>\n<meta property=\"og:locale\" content=\"es_ES\" \/>\n<meta property=\"og:type\" content=\"article\" \/>\n<meta property=\"og:title\" content=\"En Berazategui comenz\u00f3 la compactaci\u00f3n de veh\u00edculos abandonados - Principios\" \/>\n<meta property=\"og:description\" content=\"Luego del pedido efectuado por la Municipalidad de Berazategui a las autoridades provinciales, comenzaron los trabajos de compactaci\u00f3n de veh\u00edculos secuestrados en el Dep\u00f3sito Judicial de la Comisar\u00eda 1ra de Berazategui (Av. Florencio Varela y 149). Este predio privado, ser\u00eda destinado, seg\u00fan sus propietarios, a la radicaci\u00f3n de una empresa. \u201cA diferencia de la anterior...\" \/>\n<meta property=\"og:url\" content=\"https:\/\/diarioprincipios.com\/index.php\/2021\/01\/17\/en-berazategui-comenzo-la-compactacion-de-vehiculos-abandonados\/\" \/>\n<meta property=\"og:site_name\" content=\"Principios\" \/>\n<meta property=\"article:published_time\" content=\"2021-01-18T00:41:11+00:00\" \/>\n<meta property=\"article:modified_time\" content=\"2021-01-18T00:41:16+00:00\" \/>\n<meta property=\"og:image\" content=\"https:\/\/diarioprincipios.com\/wp-content\/uploads\/2021\/01\/20210117_213807.jpg\" \/>\n\t<meta property=\"og:image:width\" content=\"1271\" \/>\n\t<meta property=\"og:image:height\" content=\"723\" \/>\n\t<meta property=\"og:image:type\" content=\"image\/jpeg\" \/>\n<meta name=\"author\" content=\"Hern\u00e1n L\u00f3pez\" \/>\n<meta name=\"twitter:card\" content=\"summary_large_image\" \/>\n<meta name=\"twitter:label1\" content=\"Escrito por\" \/>\n\t<meta name=\"twitter:data1\" content=\"Hern\u00e1n L\u00f3pez\" \/>\n\t<meta name=\"twitter:label2\" content=\"Tiempo de lectura\" \/>\n\t<meta name=\"twitter:data2\" content=\"2 minutos\" \/>\n<script type=\"application\/ld+json\" class=\"yoast-schema-graph\">{\"@context\":\"https:\\\/\\\/schema.org\",\"@graph\":[{\"@type\":\"Article\",\"@id\":\"https:\\\/\\\/diarioprincipios.com\\\/index.php\\\/2021\\\/01\\\/17\\\/en-berazategui-comenzo-la-compactacion-de-vehiculos-abandonados\\\/#article\",\"isPartOf\":{\"@id\":\"https:\\\/\\\/diarioprincipios.com\\\/index.php\\\/2021\\\/01\\\/17\\\/en-berazategui-comenzo-la-compactacion-de-vehiculos-abandonados\\\/\"},\"author\":{\"name\":\"Hern\u00e1n L\u00f3pez\",\"@id\":\"https:\\\/\\\/diarioprincipios.com\\\/#\\\/schema\\\/person\\\/436d5a1fd41a5e250e23ff5a6a7cb080\"},\"headline\":\"En Berazategui comenz\u00f3 la compactaci\u00f3n de veh\u00edculos abandonados\",\"datePublished\":\"2021-01-18T00:41:11+00:00\",\"dateModified\":\"2021-01-18T00:41:16+00:00\",\"mainEntityOfPage\":{\"@id\":\"https:\\\/\\\/diarioprincipios.com\\\/index.php\\\/2021\\\/01\\\/17\\\/en-berazategui-comenzo-la-compactacion-de-vehiculos-abandonados\\\/\"},\"wordCount\":371,\"commentCount\":0,\"publisher\":{\"@id\":\"https:\\\/\\\/diarioprincipios.com\\\/#organization\"},\"image\":{\"@id\":\"https:\\\/\\\/diarioprincipios.com\\\/index.php\\\/2021\\\/01\\\/17\\\/en-berazategui-comenzo-la-compactacion-de-vehiculos-abandonados\\\/#primaryimage\"},\"thumbnailUrl\":\"https:\\\/\\\/diarioprincipios.com\\\/wp-content\\\/uploads\\\/2021\\\/01\\\/20210117_213807.jpg\",\"articleSection\":[\"Berazategui\"],\"inLanguage\":\"es\",\"potentialAction\":[{\"@type\":\"CommentAction\",\"name\":\"Comment\",\"target\":[\"https:\\\/\\\/diarioprincipios.com\\\/index.php\\\/2021\\\/01\\\/17\\\/en-berazategui-comenzo-la-compactacion-de-vehiculos-abandonados\\\/#respond\"]}]},{\"@type\":\"WebPage\",\"@id\":\"https:\\\/\\\/diarioprincipios.com\\\/index.php\\\/2021\\\/01\\\/17\\\/en-berazategui-comenzo-la-compactacion-de-vehiculos-abandonados\\\/\",\"url\":\"https:\\\/\\\/diarioprincipios.com\\\/index.php\\\/2021\\\/01\\\/17\\\/en-berazategui-comenzo-la-compactacion-de-vehiculos-abandonados\\\/\",\"name\":\"En Berazategui comenz\u00f3 la compactaci\u00f3n de veh\u00edculos abandonados - Principios\",\"isPartOf\":{\"@id\":\"https:\\\/\\\/diarioprincipios.com\\\/#website\"},\"primaryImageOfPage\":{\"@id\":\"https:\\\/\\\/diarioprincipios.com\\\/index.php\\\/2021\\\/01\\\/17\\\/en-berazategui-comenzo-la-compactacion-de-vehiculos-abandonados\\\/#primaryimage\"},\"image\":{\"@id\":\"https:\\\/\\\/diarioprincipios.com\\\/index.php\\\/2021\\\/01\\\/17\\\/en-berazategui-comenzo-la-compactacion-de-vehiculos-abandonados\\\/#primaryimage\"},\"thumbnailUrl\":\"https:\\\/\\\/diarioprincipios.com\\\/wp-content\\\/uploads\\\/2021\\\/01\\\/20210117_213807.jpg\",\"datePublished\":\"2021-01-18T00:41:11+00:00\",\"dateModified\":\"2021-01-18T00:41:16+00:00\",\"breadcrumb\":{\"@id\":\"https:\\\/\\\/diarioprincipios.com\\\/index.php\\\/2021\\\/01\\\/17\\\/en-berazategui-comenzo-la-compactacion-de-vehiculos-abandonados\\\/#breadcrumb\"},\"inLanguage\":\"es\",\"potentialAction\":[{\"@type\":\"ReadAction\",\"target\":[\"https:\\\/\\\/diarioprincipios.com\\\/index.php\\\/2021\\\/01\\\/17\\\/en-berazategui-comenzo-la-compactacion-de-vehiculos-abandonados\\\/\"]}]},{\"@type\":\"ImageObject\",\"inLanguage\":\"es\",\"@id\":\"https:\\\/\\\/diarioprincipios.com\\\/index.php\\\/2021\\\/01\\\/17\\\/en-berazategui-comenzo-la-compactacion-de-vehiculos-abandonados\\\/#primaryimage\",\"url\":\"https:\\\/\\\/diarioprincipios.com\\\/wp-content\\\/uploads\\\/2021\\\/01\\\/20210117_213807.jpg\",\"contentUrl\":\"https:\\\/\\\/diarioprincipios.com\\\/wp-content\\\/uploads\\\/2021\\\/01\\\/20210117_213807.jpg\",\"width\":1271,\"height\":723},{\"@type\":\"BreadcrumbList\",\"@id\":\"https:\\\/\\\/diarioprincipios.com\\\/index.php\\\/2021\\\/01\\\/17\\\/en-berazategui-comenzo-la-compactacion-de-vehiculos-abandonados\\\/#breadcrumb\",\"itemListElement\":[{\"@type\":\"ListItem\",\"position\":1,\"name\":\"Portada\",\"item\":\"https:\\\/\\\/diarioprincipios.com\\\/\"},{\"@type\":\"ListItem\",\"position\":2,\"name\":\"En Berazategui comenz\u00f3 la compactaci\u00f3n de veh\u00edculos abandonados\"}]},{\"@type\":\"WebSite\",\"@id\":\"https:\\\/\\\/diarioprincipios.com\\\/#website\",\"url\":\"https:\\\/\\\/diarioprincipios.com\\\/\",\"name\":\"Principios\",\"description\":\"Principios Diario\",\"publisher\":{\"@id\":\"https:\\\/\\\/diarioprincipios.com\\\/#organization\"},\"potentialAction\":[{\"@type\":\"SearchAction\",\"target\":{\"@type\":\"EntryPoint\",\"urlTemplate\":\"https:\\\/\\\/diarioprincipios.com\\\/?s={search_term_string}\"},\"query-input\":{\"@type\":\"PropertyValueSpecification\",\"valueRequired\":true,\"valueName\":\"search_term_string\"}}],\"inLanguage\":\"es\"},{\"@type\":\"Organization\",\"@id\":\"https:\\\/\\\/diarioprincipios.com\\\/#organization\",\"name\":\"Principios\",\"url\":\"https:\\\/\\\/diarioprincipios.com\\\/\",\"logo\":{\"@type\":\"ImageObject\",\"inLanguage\":\"es\",\"@id\":\"https:\\\/\\\/diarioprincipios.com\\\/#\\\/schema\\\/logo\\\/image\\\/\",\"url\":\"https:\\\/\\\/diarioprincipios.com\\\/wp-content\\\/uploads\\\/2024\\\/04\\\/cropped-www.diarioprincipios.com_-1.png\",\"contentUrl\":\"https:\\\/\\\/diarioprincipios.com\\\/wp-content\\\/uploads\\\/2024\\\/04\\\/cropped-www.diarioprincipios.com_-1.png\",\"width\":5325,\"height\":1454,\"caption\":\"Principios\"},\"image\":{\"@id\":\"https:\\\/\\\/diarioprincipios.com\\\/#\\\/schema\\\/logo\\\/image\\\/\"}},{\"@type\":\"Person\",\"@id\":\"https:\\\/\\\/diarioprincipios.com\\\/#\\\/schema\\\/person\\\/436d5a1fd41a5e250e23ff5a6a7cb080\",\"name\":\"Hern\u00e1n L\u00f3pez\",\"image\":{\"@type\":\"ImageObject\",\"inLanguage\":\"es\",\"@id\":\"https:\\\/\\\/diarioprincipios.com\\\/wp-content\\\/litespeed\\\/avatar\\\/11ddfe5610ff3bd100522525b2571f48.jpg?ver=1777653193\",\"url\":\"https:\\\/\\\/diarioprincipios.com\\\/wp-content\\\/litespeed\\\/avatar\\\/11ddfe5610ff3bd100522525b2571f48.jpg?ver=1777653193\",\"contentUrl\":\"https:\\\/\\\/diarioprincipios.com\\\/wp-content\\\/litespeed\\\/avatar\\\/11ddfe5610ff3bd100522525b2571f48.jpg?ver=1777653193\",\"caption\":\"Hern\u00e1n L\u00f3pez\"},\"url\":\"https:\\\/\\\/diarioprincipios.com\\\/index.php\\\/author\\\/hernan\\\/\"}]}<\/script>\n<!-- \/ Yoast SEO plugin. -->","yoast_head_json":{"title":"En Berazategui comenz\u00f3 la compactaci\u00f3n de veh\u00edculos abandonados - Principios","robots":{"index":"index","follow":"follow","max-snippet":"max-snippet:-1","max-image-preview":"max-image-preview:large","max-video-preview":"max-video-preview:-1"},"canonical":"https:\/\/diarioprincipios.com\/index.php\/2021\/01\/17\/en-berazategui-comenzo-la-compactacion-de-vehiculos-abandonados\/","og_locale":"es_ES","og_type":"article","og_title":"En Berazategui comenz\u00f3 la compactaci\u00f3n de veh\u00edculos abandonados - Principios","og_description":"Luego del pedido efectuado por la Municipalidad de Berazategui a las autoridades provinciales, comenzaron los trabajos de compactaci\u00f3n de veh\u00edculos secuestrados en el Dep\u00f3sito Judicial de la Comisar\u00eda 1ra de Berazategui (Av. Florencio Varela y 149). Este predio privado, ser\u00eda destinado, seg\u00fan sus propietarios, a la radicaci\u00f3n de una empresa. \u201cA diferencia de la anterior...","og_url":"https:\/\/diarioprincipios.com\/index.php\/2021\/01\/17\/en-berazategui-comenzo-la-compactacion-de-vehiculos-abandonados\/","og_site_name":"Principios","article_published_time":"2021-01-18T00:41:11+00:00","article_modified_time":"2021-01-18T00:41:16+00:00","og_image":[{"width":1271,"height":723,"url":"https:\/\/diarioprincipios.com\/wp-content\/uploads\/2021\/01\/20210117_213807.jpg","type":"image\/jpeg"}],"author":"Hern\u00e1n L\u00f3pez","twitter_card":"summary_large_image","twitter_misc":{"Escrito por":"Hern\u00e1n L\u00f3pez","Tiempo de lectura":"2 minutos"},"schema":{"@context":"https:\/\/schema.org","@graph":[{"@type":"Article","@id":"https:\/\/diarioprincipios.com\/index.php\/2021\/01\/17\/en-berazategui-comenzo-la-compactacion-de-vehiculos-abandonados\/#article","isPartOf":{"@id":"https:\/\/diarioprincipios.com\/index.php\/2021\/01\/17\/en-berazategui-comenzo-la-compactacion-de-vehiculos-abandonados\/"},"author":{"name":"Hern\u00e1n L\u00f3pez","@id":"https:\/\/diarioprincipios.com\/#\/schema\/person\/436d5a1fd41a5e250e23ff5a6a7cb080"},"headline":"En Berazategui comenz\u00f3 la compactaci\u00f3n de veh\u00edculos abandonados","datePublished":"2021-01-18T00:41:11+00:00","dateModified":"2021-01-18T00:41:16+00:00","mainEntityOfPage":{"@id":"https:\/\/diarioprincipios.com\/index.php\/2021\/01\/17\/en-berazategui-comenzo-la-compactacion-de-vehiculos-abandonados\/"},"wordCount":371,"commentCount":0,"publisher":{"@id":"https:\/\/diarioprincipios.com\/#organization"},"image":{"@id":"https:\/\/diarioprincipios.com\/index.php\/2021\/01\/17\/en-berazategui-comenzo-la-compactacion-de-vehiculos-abandonados\/#primaryimage"},"thumbnailUrl":"https:\/\/diarioprincipios.com\/wp-content\/uploads\/2021\/01\/20210117_213807.jpg","articleSection":["Berazategui"],"inLanguage":"es","potentialAction":[{"@type":"CommentAction","name":"Comment","target":["https:\/\/diarioprincipios.com\/index.php\/2021\/01\/17\/en-berazategui-comenzo-la-compactacion-de-vehiculos-abandonados\/#respond"]}]},{"@type":"WebPage","@id":"https:\/\/diarioprincipios.com\/index.php\/2021\/01\/17\/en-berazategui-comenzo-la-compactacion-de-vehiculos-abandonados\/","url":"https:\/\/diarioprincipios.com\/index.php\/2021\/01\/17\/en-berazategui-comenzo-la-compactacion-de-vehiculos-abandonados\/","name":"En Berazategui comenz\u00f3 la compactaci\u00f3n de veh\u00edculos abandonados - Principios","isPartOf":{"@id":"https:\/\/diarioprincipios.com\/#website"},"primaryImageOfPage":{"@id":"https:\/\/diarioprincipios.com\/index.php\/2021\/01\/17\/en-berazategui-comenzo-la-compactacion-de-vehiculos-abandonados\/#primaryimage"},"image":{"@id":"https:\/\/diarioprincipios.com\/index.php\/2021\/01\/17\/en-berazategui-comenzo-la-compactacion-de-vehiculos-abandonados\/#primaryimage"},"thumbnailUrl":"https:\/\/diarioprincipios.com\/wp-content\/uploads\/2021\/01\/20210117_213807.jpg","datePublished":"2021-01-18T00:41:11+00:00","dateModified":"2021-01-18T00:41:16+00:00","breadcrumb":{"@id":"https:\/\/diarioprincipios.com\/index.php\/2021\/01\/17\/en-berazategui-comenzo-la-compactacion-de-vehiculos-abandonados\/#breadcrumb"},"inLanguage":"es","potentialAction":[{"@type":"ReadAction","target":["https:\/\/diarioprincipios.com\/index.php\/2021\/01\/17\/en-berazategui-comenzo-la-compactacion-de-vehiculos-abandonados\/"]}]},{"@type":"ImageObject","inLanguage":"es","@id":"https:\/\/diarioprincipios.com\/index.php\/2021\/01\/17\/en-berazategui-comenzo-la-compactacion-de-vehiculos-abandonados\/#primaryimage","url":"https:\/\/diarioprincipios.com\/wp-content\/uploads\/2021\/01\/20210117_213807.jpg","contentUrl":"https:\/\/diarioprincipios.com\/wp-content\/uploads\/2021\/01\/20210117_213807.jpg","width":1271,"height":723},{"@type":"BreadcrumbList","@id":"https:\/\/diarioprincipios.com\/index.php\/2021\/01\/17\/en-berazategui-comenzo-la-compactacion-de-vehiculos-abandonados\/#breadcrumb","itemListElement":[{"@type":"ListItem","position":1,"name":"Portada","item":"https:\/\/diarioprincipios.com\/"},{"@type":"ListItem","position":2,"name":"En Berazategui comenz\u00f3 la compactaci\u00f3n de veh\u00edculos abandonados"}]},{"@type":"WebSite","@id":"https:\/\/diarioprincipios.com\/#website","url":"https:\/\/diarioprincipios.com\/","name":"Principios","description":"Principios Diario","publisher":{"@id":"https:\/\/diarioprincipios.com\/#organization"},"potentialAction":[{"@type":"SearchAction","target":{"@type":"EntryPoint","urlTemplate":"https:\/\/diarioprincipios.com\/?s={search_term_string}"},"query-input":{"@type":"PropertyValueSpecification","valueRequired":true,"valueName":"search_term_string"}}],"inLanguage":"es"},{"@type":"Organization","@id":"https:\/\/diarioprincipios.com\/#organization","name":"Principios","url":"https:\/\/diarioprincipios.com\/","logo":{"@type":"ImageObject","inLanguage":"es","@id":"https:\/\/diarioprincipios.com\/#\/schema\/logo\/image\/","url":"https:\/\/diarioprincipios.com\/wp-content\/uploads\/2024\/04\/cropped-www.diarioprincipios.com_-1.png","contentUrl":"https:\/\/diarioprincipios.com\/wp-content\/uploads\/2024\/04\/cropped-www.diarioprincipios.com_-1.png","width":5325,"height":1454,"caption":"Principios"},"image":{"@id":"https:\/\/diarioprincipios.com\/#\/schema\/logo\/image\/"}},{"@type":"Person","@id":"https:\/\/diarioprincipios.com\/#\/schema\/person\/436d5a1fd41a5e250e23ff5a6a7cb080","name":"Hern\u00e1n L\u00f3pez","image":{"@type":"ImageObject","inLanguage":"es","@id":"https:\/\/diarioprincipios.com\/wp-content\/litespeed\/avatar\/11ddfe5610ff3bd100522525b2571f48.jpg?ver=1777653193","url":"https:\/\/diarioprincipios.com\/wp-content\/litespeed\/avatar\/11ddfe5610ff3bd100522525b2571f48.jpg?ver=1777653193","contentUrl":"https:\/\/diarioprincipios.com\/wp-content\/litespeed\/avatar\/11ddfe5610ff3bd100522525b2571f48.jpg?ver=1777653193","caption":"Hern\u00e1n L\u00f3pez"},"url":"https:\/\/diarioprincipios.com\/index.php\/author\/hernan\/"}]}},"jetpack_featured_media_url":"https:\/\/diarioprincipios.com\/wp-content\/uploads\/2021\/01\/20210117_213807.jpg","_links":{"self":[{"href":"https:\/\/diarioprincipios.com\/index.php\/wp-json\/wp\/v2\/posts\/8201","targetHints":{"allow":["GET"]}}],"collection":[{"href":"https:\/\/diarioprincipios.com\/index.php\/wp-json\/wp\/v2\/posts"}],"about":[{"href":"https:\/\/diarioprincipios.com\/index.php\/wp-json\/wp\/v2\/types\/post"}],"author":[{"embeddable":true,"href":"https:\/\/diarioprincipios.com\/index.php\/wp-json\/wp\/v2\/users\/2"}],"replies":[{"embeddable":true,"href":"https:\/\/diarioprincipios.com\/index.php\/wp-json\/wp\/v2\/comments?post=8201"}],"version-history":[{"count":1,"href":"https:\/\/diarioprincipios.com\/index.php\/wp-json\/wp\/v2\/posts\/8201\/revisions"}],"predecessor-version":[{"id":8203,"href":"https:\/\/diarioprincipios.com\/index.php\/wp-json\/wp\/v2\/posts\/8201\/revisions\/8203"}],"wp:featuredmedia":[{"embeddable":true,"href":"https:\/\/diarioprincipios.com\/index.php\/wp-json\/wp\/v2\/media\/8202"}],"wp:attachment":[{"href":"https:\/\/diarioprincipios.com\/index.php\/wp-json\/wp\/v2\/media?parent=8201"}],"wp:term":[{"taxonomy":"category","embeddable":true,"href":"https:\/\/diarioprincipios.com\/index.php\/wp-json\/wp\/v2\/categories?post=8201"},{"taxonomy":"post_tag","embeddable":true,"href":"https:\/\/diarioprincipios.com\/index.php\/wp-json\/wp\/v2\/tags?post=8201"}],"curies":[{"name":"wp","href":"https:\/\/api.w.org\/{rel}","templated":true}]}}