{"id":8191,"date":"2021-01-15T10:24:17","date_gmt":"2021-01-15T13:24:17","guid":{"rendered":"http:\/\/diarioprincipios.com\/?p=8191"},"modified":"2021-01-15T10:24:19","modified_gmt":"2021-01-15T13:24:19","slug":"obras-de-mejora-y-ampliacion-en-el-complejo-municipal-el-patio","status":"publish","type":"post","link":"https:\/\/diarioprincipios.com\/index.php\/2021\/01\/15\/obras-de-mejora-y-ampliacion-en-el-complejo-municipal-el-patio\/","title":{"rendered":"Obras de Mejora y Ampliaci\u00f3n en el Complejo Municipal El Patio"},"content":{"rendered":"\n<p><strong>Febrero ser\u00e1 un mes de ampliaci\u00f3n y mejoras significativas para el Complejo Cultural El Patio. En respuesta a las necesidades de este espacio patrimonial, ubicado en 149 entre 15 y 15 A, la Municipalidad de Berazategui gestionar\u00e1 la construcci\u00f3n de 4 nuevas aulas en el segundo piso y un balc\u00f3n con vista a su emblem\u00e1tico patio interno donde suelen desarrollarse diversas actividades culturales del tradicional Ciclo de Verano, entre otras tantas propuestas art\u00edsticas.<\/strong><\/p>\n\n\n\n<p>\u201cGracias a la decisi\u00f3n del intendente de Berazategui, Juan Jos\u00e9 Mussi, en febrero comenzaremos la construcci\u00f3n de 4 nuevas aulas en el Complejo Cultural El Patio, lo que nos permitir\u00e1 duplicar la cantidad actual del establecimiento y adecuarlo a las necesidades espec\u00edficas a nivel pedag\u00f3gico, ya que aqu\u00ed funcionan la Escuela Municipal de Artesan\u00edas y las \u00e1reas de Artes Visuales e Idiomas\u201d, explica el secretario de Cultura y Educaci\u00f3n municipal, Federico L\u00f3pez, quien tambi\u00e9n destaca c\u00f3mo esta obra mejorar\u00e1 la infraestructura del lugar.<\/p>\n\n\n\n<p>\u201cBerazategui tiene una caracter\u00edstica muy particular, que es su pol\u00edtica de recuperaci\u00f3n del patrimonio local. Este Complejo, por ejemplo, fue recuperado por el Municipio hace 20 a\u00f1os. Antes de adquirirlo, funcionaba una soder\u00eda y el lugar se encontraba muy deteriorado. Sin embargo, desde entonces se hicieron much\u00edsimas mejoras y de a poco se fue poniendo en valor\u201d, indica L\u00f3pez, para luego agregar que \u201cen este caso, adem\u00e1s de las aulas, los trabajos incluir\u00e1n la construcci\u00f3n de un balc\u00f3n de cara al patio del establecimiento, algo que ya figuraba en el proyecto original y que podremos consolidar en este 2021\u201d.<\/p>\n\n\n\n<p>Estos trabajos de infraestructura se llevar\u00e1n adelante con parte del Fondo Especial Municipal para la Reactivaci\u00f3n Cultural y Tur\u00edstica -impulsado en 2020 por el gobierno de la provincia de Buenos Aires-, pero tambi\u00e9n con inversi\u00f3n de la propia Municipalidad de Berazategui. Actualmente, el proyecto se encuentra en proceso de licitaci\u00f3n, a trav\u00e9s del cual se designar\u00e1 en los pr\u00f3ximos d\u00edas a la empresa que se encargar\u00e1 de desarrollar las tareas a partir del pr\u00f3ximo mes.<\/p>\n\n\n\n<p>\u201cEstamos muy felices de poder iniciar estas obras en el Complejo Cultural El Patio, sobre todo porque tienen que ver con el eje vertebral de nuestro proyecto cultural, que es el eje educativo. Adem\u00e1s, este es un espacio muy significativo para los vecinos, tanto por la cantidad de a\u00f1os que lleva abierto como por su nutrida oferta cultural. De hecho, en este establecimiento funciona la primera Escuela Municipal de Artesan\u00edas de nuestro pa\u00eds\u201d, completa el titular de la Secretar\u00eda de Cultura y Educaci\u00f3n de Berazategui.<\/p>\n\n\n\n<figure class=\"wp-block-image\"><img decoding=\"async\" src=\"https:\/\/ecp.yusercontent.com\/mail?url=https%3A%2F%2Fdocs.google.com%2Fuc%3Fexport%3Ddownload%26id%3D1O9ySDGVjFwLiWj3yWiMdjtCw6pHI7T-F%26revid%3D0B9CZhG6aa0VidWpSQjZNZGVndGpYeWM5ZWtiUFNuM1JQV3U4PQ&amp;t=1610653193&amp;ymreqid=5799fcab-b43d-2794-2220-75000201a700&amp;sig=Ph966fUAaEG8Dmw6MygIVQ--~D\" alt=\"\"\/><\/figure>\n","protected":false},"excerpt":{"rendered":"<p>Febrero ser\u00e1 un mes de ampliaci\u00f3n y mejoras significativas para el Complejo Cultural El Patio. En respuesta a las necesidades de este espacio patrimonial, ubicado en 149 entre 15 y 15 A, la Municipalidad de Berazategui gestionar\u00e1 la construcci\u00f3n de 4 nuevas aulas en el segundo piso y un balc\u00f3n con vista a su emblem\u00e1tico&#8230;<\/p>\n","protected":false},"author":2,"featured_media":8192,"comment_status":"open","ping_status":"open","sticky":false,"template":"","format":"standard","meta":{"footnotes":""},"categories":[3],"tags":[],"class_list":["post-8191","post","type-post","status-publish","format-standard","has-post-thumbnail","hentry","category-berazategui"],"featured_image_src":"https:\/\/diarioprincipios.com\/wp-content\/uploads\/2021\/01\/Screenshot_20210115-102159_Yahoo-Mail-1024x606.jpg","blog_images":{"medium":"https:\/\/diarioprincipios.com\/wp-content\/uploads\/2021\/01\/Screenshot_20210115-102159_Yahoo-Mail-300x178.jpg","large":"https:\/\/diarioprincipios.com\/wp-content\/uploads\/2021\/01\/Screenshot_20210115-102159_Yahoo-Mail-1024x606.jpg"},"ams_acf":[],"yoast_head":"<!-- This site is optimized with the Yoast SEO plugin v27.3 - https:\/\/yoast.com\/product\/yoast-seo-wordpress\/ -->\n<title>Obras de Mejora y Ampliaci\u00f3n en el Complejo Municipal El Patio - Principios<\/title>\n<meta name=\"robots\" content=\"index, follow, max-snippet:-1, max-image-preview:large, max-video-preview:-1\" \/>\n<link rel=\"canonical\" href=\"https:\/\/diarioprincipios.com\/index.php\/2021\/01\/15\/obras-de-mejora-y-ampliacion-en-el-complejo-municipal-el-patio\/\" \/>\n<meta property=\"og:locale\" content=\"es_ES\" \/>\n<meta property=\"og:type\" content=\"article\" \/>\n<meta property=\"og:title\" content=\"Obras de Mejora y Ampliaci\u00f3n en el Complejo Municipal El Patio - Principios\" \/>\n<meta property=\"og:description\" content=\"Febrero ser\u00e1 un mes de ampliaci\u00f3n y mejoras significativas para el Complejo Cultural El Patio. En respuesta a las necesidades de este espacio patrimonial, ubicado en 149 entre 15 y 15 A, la Municipalidad de Berazategui gestionar\u00e1 la construcci\u00f3n de 4 nuevas aulas en el segundo piso y un balc\u00f3n con vista a su emblem\u00e1tico...\" \/>\n<meta property=\"og:url\" content=\"https:\/\/diarioprincipios.com\/index.php\/2021\/01\/15\/obras-de-mejora-y-ampliacion-en-el-complejo-municipal-el-patio\/\" \/>\n<meta property=\"og:site_name\" content=\"Principios\" \/>\n<meta property=\"article:published_time\" content=\"2021-01-15T13:24:17+00:00\" \/>\n<meta property=\"article:modified_time\" content=\"2021-01-15T13:24:19+00:00\" \/>\n<meta property=\"og:image\" content=\"https:\/\/diarioprincipios.com\/wp-content\/uploads\/2021\/01\/Screenshot_20210115-102159_Yahoo-Mail.jpg\" \/>\n\t<meta property=\"og:image:width\" content=\"1079\" \/>\n\t<meta property=\"og:image:height\" content=\"639\" \/>\n\t<meta property=\"og:image:type\" content=\"image\/jpeg\" \/>\n<meta name=\"author\" content=\"Hern\u00e1n L\u00f3pez\" \/>\n<meta name=\"twitter:card\" content=\"summary_large_image\" \/>\n<meta name=\"twitter:label1\" content=\"Escrito por\" \/>\n\t<meta name=\"twitter:data1\" content=\"Hern\u00e1n L\u00f3pez\" \/>\n\t<meta name=\"twitter:label2\" content=\"Tiempo de lectura\" \/>\n\t<meta name=\"twitter:data2\" content=\"2 minutos\" \/>\n<script type=\"application\/ld+json\" class=\"yoast-schema-graph\">{\"@context\":\"https:\\\/\\\/schema.org\",\"@graph\":[{\"@type\":\"Article\",\"@id\":\"https:\\\/\\\/diarioprincipios.com\\\/index.php\\\/2021\\\/01\\\/15\\\/obras-de-mejora-y-ampliacion-en-el-complejo-municipal-el-patio\\\/#article\",\"isPartOf\":{\"@id\":\"https:\\\/\\\/diarioprincipios.com\\\/index.php\\\/2021\\\/01\\\/15\\\/obras-de-mejora-y-ampliacion-en-el-complejo-municipal-el-patio\\\/\"},\"author\":{\"name\":\"Hern\u00e1n L\u00f3pez\",\"@id\":\"https:\\\/\\\/diarioprincipios.com\\\/#\\\/schema\\\/person\\\/436d5a1fd41a5e250e23ff5a6a7cb080\"},\"headline\":\"Obras de Mejora y Ampliaci\u00f3n en el Complejo Municipal El Patio\",\"datePublished\":\"2021-01-15T13:24:17+00:00\",\"dateModified\":\"2021-01-15T13:24:19+00:00\",\"mainEntityOfPage\":{\"@id\":\"https:\\\/\\\/diarioprincipios.com\\\/index.php\\\/2021\\\/01\\\/15\\\/obras-de-mejora-y-ampliacion-en-el-complejo-municipal-el-patio\\\/\"},\"wordCount\":460,\"commentCount\":0,\"publisher\":{\"@id\":\"https:\\\/\\\/diarioprincipios.com\\\/#organization\"},\"image\":{\"@id\":\"https:\\\/\\\/diarioprincipios.com\\\/index.php\\\/2021\\\/01\\\/15\\\/obras-de-mejora-y-ampliacion-en-el-complejo-municipal-el-patio\\\/#primaryimage\"},\"thumbnailUrl\":\"https:\\\/\\\/diarioprincipios.com\\\/wp-content\\\/uploads\\\/2021\\\/01\\\/Screenshot_20210115-102159_Yahoo-Mail.jpg\",\"articleSection\":[\"Berazategui\"],\"inLanguage\":\"es\",\"potentialAction\":[{\"@type\":\"CommentAction\",\"name\":\"Comment\",\"target\":[\"https:\\\/\\\/diarioprincipios.com\\\/index.php\\\/2021\\\/01\\\/15\\\/obras-de-mejora-y-ampliacion-en-el-complejo-municipal-el-patio\\\/#respond\"]}]},{\"@type\":\"WebPage\",\"@id\":\"https:\\\/\\\/diarioprincipios.com\\\/index.php\\\/2021\\\/01\\\/15\\\/obras-de-mejora-y-ampliacion-en-el-complejo-municipal-el-patio\\\/\",\"url\":\"https:\\\/\\\/diarioprincipios.com\\\/index.php\\\/2021\\\/01\\\/15\\\/obras-de-mejora-y-ampliacion-en-el-complejo-municipal-el-patio\\\/\",\"name\":\"Obras de Mejora y Ampliaci\u00f3n en el Complejo Municipal El Patio - Principios\",\"isPartOf\":{\"@id\":\"https:\\\/\\\/diarioprincipios.com\\\/#website\"},\"primaryImageOfPage\":{\"@id\":\"https:\\\/\\\/diarioprincipios.com\\\/index.php\\\/2021\\\/01\\\/15\\\/obras-de-mejora-y-ampliacion-en-el-complejo-municipal-el-patio\\\/#primaryimage\"},\"image\":{\"@id\":\"https:\\\/\\\/diarioprincipios.com\\\/index.php\\\/2021\\\/01\\\/15\\\/obras-de-mejora-y-ampliacion-en-el-complejo-municipal-el-patio\\\/#primaryimage\"},\"thumbnailUrl\":\"https:\\\/\\\/diarioprincipios.com\\\/wp-content\\\/uploads\\\/2021\\\/01\\\/Screenshot_20210115-102159_Yahoo-Mail.jpg\",\"datePublished\":\"2021-01-15T13:24:17+00:00\",\"dateModified\":\"2021-01-15T13:24:19+00:00\",\"breadcrumb\":{\"@id\":\"https:\\\/\\\/diarioprincipios.com\\\/index.php\\\/2021\\\/01\\\/15\\\/obras-de-mejora-y-ampliacion-en-el-complejo-municipal-el-patio\\\/#breadcrumb\"},\"inLanguage\":\"es\",\"potentialAction\":[{\"@type\":\"ReadAction\",\"target\":[\"https:\\\/\\\/diarioprincipios.com\\\/index.php\\\/2021\\\/01\\\/15\\\/obras-de-mejora-y-ampliacion-en-el-complejo-municipal-el-patio\\\/\"]}]},{\"@type\":\"ImageObject\",\"inLanguage\":\"es\",\"@id\":\"https:\\\/\\\/diarioprincipios.com\\\/index.php\\\/2021\\\/01\\\/15\\\/obras-de-mejora-y-ampliacion-en-el-complejo-municipal-el-patio\\\/#primaryimage\",\"url\":\"https:\\\/\\\/diarioprincipios.com\\\/wp-content\\\/uploads\\\/2021\\\/01\\\/Screenshot_20210115-102159_Yahoo-Mail.jpg\",\"contentUrl\":\"https:\\\/\\\/diarioprincipios.com\\\/wp-content\\\/uploads\\\/2021\\\/01\\\/Screenshot_20210115-102159_Yahoo-Mail.jpg\",\"width\":1079,\"height\":639},{\"@type\":\"BreadcrumbList\",\"@id\":\"https:\\\/\\\/diarioprincipios.com\\\/index.php\\\/2021\\\/01\\\/15\\\/obras-de-mejora-y-ampliacion-en-el-complejo-municipal-el-patio\\\/#breadcrumb\",\"itemListElement\":[{\"@type\":\"ListItem\",\"position\":1,\"name\":\"Portada\",\"item\":\"https:\\\/\\\/diarioprincipios.com\\\/\"},{\"@type\":\"ListItem\",\"position\":2,\"name\":\"Obras de Mejora y Ampliaci\u00f3n en el Complejo Municipal El Patio\"}]},{\"@type\":\"WebSite\",\"@id\":\"https:\\\/\\\/diarioprincipios.com\\\/#website\",\"url\":\"https:\\\/\\\/diarioprincipios.com\\\/\",\"name\":\"Principios\",\"description\":\"Principios Diario\",\"publisher\":{\"@id\":\"https:\\\/\\\/diarioprincipios.com\\\/#organization\"},\"potentialAction\":[{\"@type\":\"SearchAction\",\"target\":{\"@type\":\"EntryPoint\",\"urlTemplate\":\"https:\\\/\\\/diarioprincipios.com\\\/?s={search_term_string}\"},\"query-input\":{\"@type\":\"PropertyValueSpecification\",\"valueRequired\":true,\"valueName\":\"search_term_string\"}}],\"inLanguage\":\"es\"},{\"@type\":\"Organization\",\"@id\":\"https:\\\/\\\/diarioprincipios.com\\\/#organization\",\"name\":\"Principios\",\"url\":\"https:\\\/\\\/diarioprincipios.com\\\/\",\"logo\":{\"@type\":\"ImageObject\",\"inLanguage\":\"es\",\"@id\":\"https:\\\/\\\/diarioprincipios.com\\\/#\\\/schema\\\/logo\\\/image\\\/\",\"url\":\"https:\\\/\\\/diarioprincipios.com\\\/wp-content\\\/uploads\\\/2024\\\/04\\\/cropped-www.diarioprincipios.com_-1.png\",\"contentUrl\":\"https:\\\/\\\/diarioprincipios.com\\\/wp-content\\\/uploads\\\/2024\\\/04\\\/cropped-www.diarioprincipios.com_-1.png\",\"width\":5325,\"height\":1454,\"caption\":\"Principios\"},\"image\":{\"@id\":\"https:\\\/\\\/diarioprincipios.com\\\/#\\\/schema\\\/logo\\\/image\\\/\"}},{\"@type\":\"Person\",\"@id\":\"https:\\\/\\\/diarioprincipios.com\\\/#\\\/schema\\\/person\\\/436d5a1fd41a5e250e23ff5a6a7cb080\",\"name\":\"Hern\u00e1n L\u00f3pez\",\"image\":{\"@type\":\"ImageObject\",\"inLanguage\":\"es\",\"@id\":\"https:\\\/\\\/diarioprincipios.com\\\/wp-content\\\/litespeed\\\/avatar\\\/11ddfe5610ff3bd100522525b2571f48.jpg?ver=1777048341\",\"url\":\"https:\\\/\\\/diarioprincipios.com\\\/wp-content\\\/litespeed\\\/avatar\\\/11ddfe5610ff3bd100522525b2571f48.jpg?ver=1777048341\",\"contentUrl\":\"https:\\\/\\\/diarioprincipios.com\\\/wp-content\\\/litespeed\\\/avatar\\\/11ddfe5610ff3bd100522525b2571f48.jpg?ver=1777048341\",\"caption\":\"Hern\u00e1n L\u00f3pez\"},\"url\":\"https:\\\/\\\/diarioprincipios.com\\\/index.php\\\/author\\\/hernan\\\/\"}]}<\/script>\n<!-- \/ Yoast SEO plugin. -->","yoast_head_json":{"title":"Obras de Mejora y Ampliaci\u00f3n en el Complejo Municipal El Patio - Principios","robots":{"index":"index","follow":"follow","max-snippet":"max-snippet:-1","max-image-preview":"max-image-preview:large","max-video-preview":"max-video-preview:-1"},"canonical":"https:\/\/diarioprincipios.com\/index.php\/2021\/01\/15\/obras-de-mejora-y-ampliacion-en-el-complejo-municipal-el-patio\/","og_locale":"es_ES","og_type":"article","og_title":"Obras de Mejora y Ampliaci\u00f3n en el Complejo Municipal El Patio - Principios","og_description":"Febrero ser\u00e1 un mes de ampliaci\u00f3n y mejoras significativas para el Complejo Cultural El Patio. En respuesta a las necesidades de este espacio patrimonial, ubicado en 149 entre 15 y 15 A, la Municipalidad de Berazategui gestionar\u00e1 la construcci\u00f3n de 4 nuevas aulas en el segundo piso y un balc\u00f3n con vista a su emblem\u00e1tico...","og_url":"https:\/\/diarioprincipios.com\/index.php\/2021\/01\/15\/obras-de-mejora-y-ampliacion-en-el-complejo-municipal-el-patio\/","og_site_name":"Principios","article_published_time":"2021-01-15T13:24:17+00:00","article_modified_time":"2021-01-15T13:24:19+00:00","og_image":[{"width":1079,"height":639,"url":"https:\/\/diarioprincipios.com\/wp-content\/uploads\/2021\/01\/Screenshot_20210115-102159_Yahoo-Mail.jpg","type":"image\/jpeg"}],"author":"Hern\u00e1n L\u00f3pez","twitter_card":"summary_large_image","twitter_misc":{"Escrito por":"Hern\u00e1n L\u00f3pez","Tiempo de lectura":"2 minutos"},"schema":{"@context":"https:\/\/schema.org","@graph":[{"@type":"Article","@id":"https:\/\/diarioprincipios.com\/index.php\/2021\/01\/15\/obras-de-mejora-y-ampliacion-en-el-complejo-municipal-el-patio\/#article","isPartOf":{"@id":"https:\/\/diarioprincipios.com\/index.php\/2021\/01\/15\/obras-de-mejora-y-ampliacion-en-el-complejo-municipal-el-patio\/"},"author":{"name":"Hern\u00e1n L\u00f3pez","@id":"https:\/\/diarioprincipios.com\/#\/schema\/person\/436d5a1fd41a5e250e23ff5a6a7cb080"},"headline":"Obras de Mejora y Ampliaci\u00f3n en el Complejo Municipal El Patio","datePublished":"2021-01-15T13:24:17+00:00","dateModified":"2021-01-15T13:24:19+00:00","mainEntityOfPage":{"@id":"https:\/\/diarioprincipios.com\/index.php\/2021\/01\/15\/obras-de-mejora-y-ampliacion-en-el-complejo-municipal-el-patio\/"},"wordCount":460,"commentCount":0,"publisher":{"@id":"https:\/\/diarioprincipios.com\/#organization"},"image":{"@id":"https:\/\/diarioprincipios.com\/index.php\/2021\/01\/15\/obras-de-mejora-y-ampliacion-en-el-complejo-municipal-el-patio\/#primaryimage"},"thumbnailUrl":"https:\/\/diarioprincipios.com\/wp-content\/uploads\/2021\/01\/Screenshot_20210115-102159_Yahoo-Mail.jpg","articleSection":["Berazategui"],"inLanguage":"es","potentialAction":[{"@type":"CommentAction","name":"Comment","target":["https:\/\/diarioprincipios.com\/index.php\/2021\/01\/15\/obras-de-mejora-y-ampliacion-en-el-complejo-municipal-el-patio\/#respond"]}]},{"@type":"WebPage","@id":"https:\/\/diarioprincipios.com\/index.php\/2021\/01\/15\/obras-de-mejora-y-ampliacion-en-el-complejo-municipal-el-patio\/","url":"https:\/\/diarioprincipios.com\/index.php\/2021\/01\/15\/obras-de-mejora-y-ampliacion-en-el-complejo-municipal-el-patio\/","name":"Obras de Mejora y Ampliaci\u00f3n en el Complejo Municipal El Patio - Principios","isPartOf":{"@id":"https:\/\/diarioprincipios.com\/#website"},"primaryImageOfPage":{"@id":"https:\/\/diarioprincipios.com\/index.php\/2021\/01\/15\/obras-de-mejora-y-ampliacion-en-el-complejo-municipal-el-patio\/#primaryimage"},"image":{"@id":"https:\/\/diarioprincipios.com\/index.php\/2021\/01\/15\/obras-de-mejora-y-ampliacion-en-el-complejo-municipal-el-patio\/#primaryimage"},"thumbnailUrl":"https:\/\/diarioprincipios.com\/wp-content\/uploads\/2021\/01\/Screenshot_20210115-102159_Yahoo-Mail.jpg","datePublished":"2021-01-15T13:24:17+00:00","dateModified":"2021-01-15T13:24:19+00:00","breadcrumb":{"@id":"https:\/\/diarioprincipios.com\/index.php\/2021\/01\/15\/obras-de-mejora-y-ampliacion-en-el-complejo-municipal-el-patio\/#breadcrumb"},"inLanguage":"es","potentialAction":[{"@type":"ReadAction","target":["https:\/\/diarioprincipios.com\/index.php\/2021\/01\/15\/obras-de-mejora-y-ampliacion-en-el-complejo-municipal-el-patio\/"]}]},{"@type":"ImageObject","inLanguage":"es","@id":"https:\/\/diarioprincipios.com\/index.php\/2021\/01\/15\/obras-de-mejora-y-ampliacion-en-el-complejo-municipal-el-patio\/#primaryimage","url":"https:\/\/diarioprincipios.com\/wp-content\/uploads\/2021\/01\/Screenshot_20210115-102159_Yahoo-Mail.jpg","contentUrl":"https:\/\/diarioprincipios.com\/wp-content\/uploads\/2021\/01\/Screenshot_20210115-102159_Yahoo-Mail.jpg","width":1079,"height":639},{"@type":"BreadcrumbList","@id":"https:\/\/diarioprincipios.com\/index.php\/2021\/01\/15\/obras-de-mejora-y-ampliacion-en-el-complejo-municipal-el-patio\/#breadcrumb","itemListElement":[{"@type":"ListItem","position":1,"name":"Portada","item":"https:\/\/diarioprincipios.com\/"},{"@type":"ListItem","position":2,"name":"Obras de Mejora y Ampliaci\u00f3n en el Complejo Municipal El Patio"}]},{"@type":"WebSite","@id":"https:\/\/diarioprincipios.com\/#website","url":"https:\/\/diarioprincipios.com\/","name":"Principios","description":"Principios Diario","publisher":{"@id":"https:\/\/diarioprincipios.com\/#organization"},"potentialAction":[{"@type":"SearchAction","target":{"@type":"EntryPoint","urlTemplate":"https:\/\/diarioprincipios.com\/?s={search_term_string}"},"query-input":{"@type":"PropertyValueSpecification","valueRequired":true,"valueName":"search_term_string"}}],"inLanguage":"es"},{"@type":"Organization","@id":"https:\/\/diarioprincipios.com\/#organization","name":"Principios","url":"https:\/\/diarioprincipios.com\/","logo":{"@type":"ImageObject","inLanguage":"es","@id":"https:\/\/diarioprincipios.com\/#\/schema\/logo\/image\/","url":"https:\/\/diarioprincipios.com\/wp-content\/uploads\/2024\/04\/cropped-www.diarioprincipios.com_-1.png","contentUrl":"https:\/\/diarioprincipios.com\/wp-content\/uploads\/2024\/04\/cropped-www.diarioprincipios.com_-1.png","width":5325,"height":1454,"caption":"Principios"},"image":{"@id":"https:\/\/diarioprincipios.com\/#\/schema\/logo\/image\/"}},{"@type":"Person","@id":"https:\/\/diarioprincipios.com\/#\/schema\/person\/436d5a1fd41a5e250e23ff5a6a7cb080","name":"Hern\u00e1n L\u00f3pez","image":{"@type":"ImageObject","inLanguage":"es","@id":"https:\/\/diarioprincipios.com\/wp-content\/litespeed\/avatar\/11ddfe5610ff3bd100522525b2571f48.jpg?ver=1777048341","url":"https:\/\/diarioprincipios.com\/wp-content\/litespeed\/avatar\/11ddfe5610ff3bd100522525b2571f48.jpg?ver=1777048341","contentUrl":"https:\/\/diarioprincipios.com\/wp-content\/litespeed\/avatar\/11ddfe5610ff3bd100522525b2571f48.jpg?ver=1777048341","caption":"Hern\u00e1n L\u00f3pez"},"url":"https:\/\/diarioprincipios.com\/index.php\/author\/hernan\/"}]}},"jetpack_featured_media_url":"https:\/\/diarioprincipios.com\/wp-content\/uploads\/2021\/01\/Screenshot_20210115-102159_Yahoo-Mail.jpg","_links":{"self":[{"href":"https:\/\/diarioprincipios.com\/index.php\/wp-json\/wp\/v2\/posts\/8191","targetHints":{"allow":["GET"]}}],"collection":[{"href":"https:\/\/diarioprincipios.com\/index.php\/wp-json\/wp\/v2\/posts"}],"about":[{"href":"https:\/\/diarioprincipios.com\/index.php\/wp-json\/wp\/v2\/types\/post"}],"author":[{"embeddable":true,"href":"https:\/\/diarioprincipios.com\/index.php\/wp-json\/wp\/v2\/users\/2"}],"replies":[{"embeddable":true,"href":"https:\/\/diarioprincipios.com\/index.php\/wp-json\/wp\/v2\/comments?post=8191"}],"version-history":[{"count":1,"href":"https:\/\/diarioprincipios.com\/index.php\/wp-json\/wp\/v2\/posts\/8191\/revisions"}],"predecessor-version":[{"id":8193,"href":"https:\/\/diarioprincipios.com\/index.php\/wp-json\/wp\/v2\/posts\/8191\/revisions\/8193"}],"wp:featuredmedia":[{"embeddable":true,"href":"https:\/\/diarioprincipios.com\/index.php\/wp-json\/wp\/v2\/media\/8192"}],"wp:attachment":[{"href":"https:\/\/diarioprincipios.com\/index.php\/wp-json\/wp\/v2\/media?parent=8191"}],"wp:term":[{"taxonomy":"category","embeddable":true,"href":"https:\/\/diarioprincipios.com\/index.php\/wp-json\/wp\/v2\/categories?post=8191"},{"taxonomy":"post_tag","embeddable":true,"href":"https:\/\/diarioprincipios.com\/index.php\/wp-json\/wp\/v2\/tags?post=8191"}],"curies":[{"name":"wp","href":"https:\/\/api.w.org\/{rel}","templated":true}]}}