{"id":8181,"date":"2021-01-14T20:09:33","date_gmt":"2021-01-14T23:09:33","guid":{"rendered":"http:\/\/diarioprincipios.com\/?p=8181"},"modified":"2021-01-14T20:09:35","modified_gmt":"2021-01-14T23:09:35","slug":"berazategui-avanza-con-el-programa-potenciar-trabajo","status":"publish","type":"post","link":"https:\/\/diarioprincipios.com\/index.php\/2021\/01\/14\/berazategui-avanza-con-el-programa-potenciar-trabajo\/","title":{"rendered":"Berazategui avanza con el Programa \u00abPotenciar Trabajo\u00bb"},"content":{"rendered":"\n<p><strong>Cerca de 2000 personas beneficiarias del Programa en Berazategui se encuentran activas y trabajando en la mejora y embellecimiento de la ciudad. El objetivo de Potenciar Trabajo es generar crecimiento en la empleabilidad y la producci\u00f3n a trav\u00e9s de la certificaci\u00f3n de competencias con el fin de promover la inclusi\u00f3n social plena de aquellas personas que se encuentran en situaci\u00f3n de vulnerabilidad social y econ\u00f3mica.<\/strong><\/p>\n\n\n\n<p>El secretario de Organizaciones No Gubernamentales local, Marcelo Benedetti, explic\u00f3: \u201cCon Potenciar Trabajo los beneficiarios vuelven a dar una contraprestaci\u00f3n, como era con Argentina Trabaja, situaci\u00f3n que en el gobierno anterior se hab\u00eda dejado de lado\u201d, y agreg\u00f3: \u201cLos beneficiarios tienen que presentarse en lugares que les asignamos para cumplir determinadas tareas\u201d.<\/p>\n\n\n\n<figure class=\"wp-block-image size-large\"><img loading=\"lazy\" decoding=\"async\" width=\"1024\" height=\"576\" src=\"https:\/\/diarioprincipios.com\/wp-content\/uploads\/2021\/01\/BERAZATEGUI-AVANZA-CON-EL-PROGRAMA-POTENCIAR-TRABAJO3-1024x576.jpg\" alt=\"\" class=\"wp-image-8182\" srcset=\"https:\/\/diarioprincipios.com\/wp-content\/uploads\/2021\/01\/BERAZATEGUI-AVANZA-CON-EL-PROGRAMA-POTENCIAR-TRABAJO3-1024x576.jpg 1024w, https:\/\/diarioprincipios.com\/wp-content\/uploads\/2021\/01\/BERAZATEGUI-AVANZA-CON-EL-PROGRAMA-POTENCIAR-TRABAJO3-300x169.jpg 300w, https:\/\/diarioprincipios.com\/wp-content\/uploads\/2021\/01\/BERAZATEGUI-AVANZA-CON-EL-PROGRAMA-POTENCIAR-TRABAJO3-768x432.jpg 768w, https:\/\/diarioprincipios.com\/wp-content\/uploads\/2021\/01\/BERAZATEGUI-AVANZA-CON-EL-PROGRAMA-POTENCIAR-TRABAJO3.jpg 1280w\" sizes=\"auto, (max-width: 1024px) 100vw, 1024px\" \/><\/figure>\n\n\n\n<p>De esta manera, el funcionario remarc\u00f3 que gran parte de ellos se encargan del mantenimiento y embellecimiento de plazas y de las principales arterias de la ciudad, construcci\u00f3n y colocaci\u00f3n de garitas de colectivos, se\u00f1alizadores de calles, mantenimiento de espacios verdes, entre otras tareas.<\/p>\n\n\n\n<p>Cabe destacar que aquellos beneficiarios del Programa que no se presenten en los lugares a los que fueron asignados para desarrollar sus tareas ser\u00e1n dados de baja. Asimismo, quienes se hayan anotado y a\u00fan no han sido notificados si fueron aceptados o no, deben comunicarse al 4356-9200 internos 1314\/15.<\/p>\n","protected":false},"excerpt":{"rendered":"<p>Cerca de 2000 personas beneficiarias del Programa en Berazategui se encuentran activas y trabajando en la mejora y embellecimiento de la ciudad. El objetivo de Potenciar Trabajo es generar crecimiento en la empleabilidad y la producci\u00f3n a trav\u00e9s de la certificaci\u00f3n de competencias con el fin de promover la inclusi\u00f3n social plena de aquellas personas&#8230;<\/p>\n","protected":false},"author":2,"featured_media":8184,"comment_status":"open","ping_status":"open","sticky":false,"template":"","format":"standard","meta":{"footnotes":""},"categories":[3],"tags":[],"class_list":["post-8181","post","type-post","status-publish","format-standard","has-post-thumbnail","hentry","category-berazategui"],"featured_image_src":"https:\/\/diarioprincipios.com\/wp-content\/uploads\/2021\/01\/20210114_200852.jpg","blog_images":{"medium":"https:\/\/diarioprincipios.com\/wp-content\/uploads\/2021\/01\/20210114_200852-300x193.jpg","large":"https:\/\/diarioprincipios.com\/wp-content\/uploads\/2021\/01\/20210114_200852.jpg"},"ams_acf":[],"yoast_head":"<!-- This site is optimized with the Yoast SEO plugin v27.3 - https:\/\/yoast.com\/product\/yoast-seo-wordpress\/ -->\n<title>Berazategui avanza con el Programa &quot;Potenciar Trabajo&quot; - Principios<\/title>\n<meta name=\"robots\" content=\"index, follow, max-snippet:-1, max-image-preview:large, max-video-preview:-1\" \/>\n<link rel=\"canonical\" href=\"https:\/\/diarioprincipios.com\/index.php\/2021\/01\/14\/berazategui-avanza-con-el-programa-potenciar-trabajo\/\" \/>\n<meta property=\"og:locale\" content=\"es_ES\" \/>\n<meta property=\"og:type\" content=\"article\" \/>\n<meta property=\"og:title\" content=\"Berazategui avanza con el Programa &quot;Potenciar Trabajo&quot; - Principios\" \/>\n<meta property=\"og:description\" content=\"Cerca de 2000 personas beneficiarias del Programa en Berazategui se encuentran activas y trabajando en la mejora y embellecimiento de la ciudad. El objetivo de Potenciar Trabajo es generar crecimiento en la empleabilidad y la producci\u00f3n a trav\u00e9s de la certificaci\u00f3n de competencias con el fin de promover la inclusi\u00f3n social plena de aquellas personas...\" \/>\n<meta property=\"og:url\" content=\"https:\/\/diarioprincipios.com\/index.php\/2021\/01\/14\/berazategui-avanza-con-el-programa-potenciar-trabajo\/\" \/>\n<meta property=\"og:site_name\" content=\"Principios\" \/>\n<meta property=\"article:published_time\" content=\"2021-01-14T23:09:33+00:00\" \/>\n<meta property=\"article:modified_time\" content=\"2021-01-14T23:09:35+00:00\" \/>\n<meta property=\"og:image\" content=\"https:\/\/diarioprincipios.com\/wp-content\/uploads\/2021\/01\/20210114_200852.jpg\" \/>\n\t<meta property=\"og:image:width\" content=\"838\" \/>\n\t<meta property=\"og:image:height\" content=\"540\" \/>\n\t<meta property=\"og:image:type\" content=\"image\/jpeg\" \/>\n<meta name=\"author\" content=\"Hern\u00e1n L\u00f3pez\" \/>\n<meta name=\"twitter:card\" content=\"summary_large_image\" \/>\n<meta name=\"twitter:label1\" content=\"Escrito por\" \/>\n\t<meta name=\"twitter:data1\" content=\"Hern\u00e1n L\u00f3pez\" \/>\n\t<meta name=\"twitter:label2\" content=\"Tiempo de lectura\" \/>\n\t<meta name=\"twitter:data2\" content=\"1 minuto\" \/>\n<script type=\"application\/ld+json\" class=\"yoast-schema-graph\">{\"@context\":\"https:\\\/\\\/schema.org\",\"@graph\":[{\"@type\":\"Article\",\"@id\":\"https:\\\/\\\/diarioprincipios.com\\\/index.php\\\/2021\\\/01\\\/14\\\/berazategui-avanza-con-el-programa-potenciar-trabajo\\\/#article\",\"isPartOf\":{\"@id\":\"https:\\\/\\\/diarioprincipios.com\\\/index.php\\\/2021\\\/01\\\/14\\\/berazategui-avanza-con-el-programa-potenciar-trabajo\\\/\"},\"author\":{\"name\":\"Hern\u00e1n L\u00f3pez\",\"@id\":\"https:\\\/\\\/diarioprincipios.com\\\/#\\\/schema\\\/person\\\/436d5a1fd41a5e250e23ff5a6a7cb080\"},\"headline\":\"Berazategui avanza con el Programa \u00abPotenciar Trabajo\u00bb\",\"datePublished\":\"2021-01-14T23:09:33+00:00\",\"dateModified\":\"2021-01-14T23:09:35+00:00\",\"mainEntityOfPage\":{\"@id\":\"https:\\\/\\\/diarioprincipios.com\\\/index.php\\\/2021\\\/01\\\/14\\\/berazategui-avanza-con-el-programa-potenciar-trabajo\\\/\"},\"wordCount\":229,\"commentCount\":0,\"publisher\":{\"@id\":\"https:\\\/\\\/diarioprincipios.com\\\/#organization\"},\"image\":{\"@id\":\"https:\\\/\\\/diarioprincipios.com\\\/index.php\\\/2021\\\/01\\\/14\\\/berazategui-avanza-con-el-programa-potenciar-trabajo\\\/#primaryimage\"},\"thumbnailUrl\":\"https:\\\/\\\/diarioprincipios.com\\\/wp-content\\\/uploads\\\/2021\\\/01\\\/20210114_200852.jpg\",\"articleSection\":[\"Berazategui\"],\"inLanguage\":\"es\",\"potentialAction\":[{\"@type\":\"CommentAction\",\"name\":\"Comment\",\"target\":[\"https:\\\/\\\/diarioprincipios.com\\\/index.php\\\/2021\\\/01\\\/14\\\/berazategui-avanza-con-el-programa-potenciar-trabajo\\\/#respond\"]}]},{\"@type\":\"WebPage\",\"@id\":\"https:\\\/\\\/diarioprincipios.com\\\/index.php\\\/2021\\\/01\\\/14\\\/berazategui-avanza-con-el-programa-potenciar-trabajo\\\/\",\"url\":\"https:\\\/\\\/diarioprincipios.com\\\/index.php\\\/2021\\\/01\\\/14\\\/berazategui-avanza-con-el-programa-potenciar-trabajo\\\/\",\"name\":\"Berazategui avanza con el Programa \\\"Potenciar Trabajo\\\" - Principios\",\"isPartOf\":{\"@id\":\"https:\\\/\\\/diarioprincipios.com\\\/#website\"},\"primaryImageOfPage\":{\"@id\":\"https:\\\/\\\/diarioprincipios.com\\\/index.php\\\/2021\\\/01\\\/14\\\/berazategui-avanza-con-el-programa-potenciar-trabajo\\\/#primaryimage\"},\"image\":{\"@id\":\"https:\\\/\\\/diarioprincipios.com\\\/index.php\\\/2021\\\/01\\\/14\\\/berazategui-avanza-con-el-programa-potenciar-trabajo\\\/#primaryimage\"},\"thumbnailUrl\":\"https:\\\/\\\/diarioprincipios.com\\\/wp-content\\\/uploads\\\/2021\\\/01\\\/20210114_200852.jpg\",\"datePublished\":\"2021-01-14T23:09:33+00:00\",\"dateModified\":\"2021-01-14T23:09:35+00:00\",\"breadcrumb\":{\"@id\":\"https:\\\/\\\/diarioprincipios.com\\\/index.php\\\/2021\\\/01\\\/14\\\/berazategui-avanza-con-el-programa-potenciar-trabajo\\\/#breadcrumb\"},\"inLanguage\":\"es\",\"potentialAction\":[{\"@type\":\"ReadAction\",\"target\":[\"https:\\\/\\\/diarioprincipios.com\\\/index.php\\\/2021\\\/01\\\/14\\\/berazategui-avanza-con-el-programa-potenciar-trabajo\\\/\"]}]},{\"@type\":\"ImageObject\",\"inLanguage\":\"es\",\"@id\":\"https:\\\/\\\/diarioprincipios.com\\\/index.php\\\/2021\\\/01\\\/14\\\/berazategui-avanza-con-el-programa-potenciar-trabajo\\\/#primaryimage\",\"url\":\"https:\\\/\\\/diarioprincipios.com\\\/wp-content\\\/uploads\\\/2021\\\/01\\\/20210114_200852.jpg\",\"contentUrl\":\"https:\\\/\\\/diarioprincipios.com\\\/wp-content\\\/uploads\\\/2021\\\/01\\\/20210114_200852.jpg\",\"width\":838,\"height\":540},{\"@type\":\"BreadcrumbList\",\"@id\":\"https:\\\/\\\/diarioprincipios.com\\\/index.php\\\/2021\\\/01\\\/14\\\/berazategui-avanza-con-el-programa-potenciar-trabajo\\\/#breadcrumb\",\"itemListElement\":[{\"@type\":\"ListItem\",\"position\":1,\"name\":\"Portada\",\"item\":\"https:\\\/\\\/diarioprincipios.com\\\/\"},{\"@type\":\"ListItem\",\"position\":2,\"name\":\"Berazategui avanza con el Programa \u00abPotenciar Trabajo\u00bb\"}]},{\"@type\":\"WebSite\",\"@id\":\"https:\\\/\\\/diarioprincipios.com\\\/#website\",\"url\":\"https:\\\/\\\/diarioprincipios.com\\\/\",\"name\":\"Principios\",\"description\":\"Principios Diario\",\"publisher\":{\"@id\":\"https:\\\/\\\/diarioprincipios.com\\\/#organization\"},\"potentialAction\":[{\"@type\":\"SearchAction\",\"target\":{\"@type\":\"EntryPoint\",\"urlTemplate\":\"https:\\\/\\\/diarioprincipios.com\\\/?s={search_term_string}\"},\"query-input\":{\"@type\":\"PropertyValueSpecification\",\"valueRequired\":true,\"valueName\":\"search_term_string\"}}],\"inLanguage\":\"es\"},{\"@type\":\"Organization\",\"@id\":\"https:\\\/\\\/diarioprincipios.com\\\/#organization\",\"name\":\"Principios\",\"url\":\"https:\\\/\\\/diarioprincipios.com\\\/\",\"logo\":{\"@type\":\"ImageObject\",\"inLanguage\":\"es\",\"@id\":\"https:\\\/\\\/diarioprincipios.com\\\/#\\\/schema\\\/logo\\\/image\\\/\",\"url\":\"https:\\\/\\\/diarioprincipios.com\\\/wp-content\\\/uploads\\\/2024\\\/04\\\/cropped-www.diarioprincipios.com_-1.png\",\"contentUrl\":\"https:\\\/\\\/diarioprincipios.com\\\/wp-content\\\/uploads\\\/2024\\\/04\\\/cropped-www.diarioprincipios.com_-1.png\",\"width\":5325,\"height\":1454,\"caption\":\"Principios\"},\"image\":{\"@id\":\"https:\\\/\\\/diarioprincipios.com\\\/#\\\/schema\\\/logo\\\/image\\\/\"}},{\"@type\":\"Person\",\"@id\":\"https:\\\/\\\/diarioprincipios.com\\\/#\\\/schema\\\/person\\\/436d5a1fd41a5e250e23ff5a6a7cb080\",\"name\":\"Hern\u00e1n L\u00f3pez\",\"image\":{\"@type\":\"ImageObject\",\"inLanguage\":\"es\",\"@id\":\"https:\\\/\\\/diarioprincipios.com\\\/wp-content\\\/litespeed\\\/avatar\\\/11ddfe5610ff3bd100522525b2571f48.jpg?ver=1777048341\",\"url\":\"https:\\\/\\\/diarioprincipios.com\\\/wp-content\\\/litespeed\\\/avatar\\\/11ddfe5610ff3bd100522525b2571f48.jpg?ver=1777048341\",\"contentUrl\":\"https:\\\/\\\/diarioprincipios.com\\\/wp-content\\\/litespeed\\\/avatar\\\/11ddfe5610ff3bd100522525b2571f48.jpg?ver=1777048341\",\"caption\":\"Hern\u00e1n L\u00f3pez\"},\"url\":\"https:\\\/\\\/diarioprincipios.com\\\/index.php\\\/author\\\/hernan\\\/\"}]}<\/script>\n<!-- \/ Yoast SEO plugin. -->","yoast_head_json":{"title":"Berazategui avanza con el Programa \"Potenciar Trabajo\" - Principios","robots":{"index":"index","follow":"follow","max-snippet":"max-snippet:-1","max-image-preview":"max-image-preview:large","max-video-preview":"max-video-preview:-1"},"canonical":"https:\/\/diarioprincipios.com\/index.php\/2021\/01\/14\/berazategui-avanza-con-el-programa-potenciar-trabajo\/","og_locale":"es_ES","og_type":"article","og_title":"Berazategui avanza con el Programa \"Potenciar Trabajo\" - Principios","og_description":"Cerca de 2000 personas beneficiarias del Programa en Berazategui se encuentran activas y trabajando en la mejora y embellecimiento de la ciudad. El objetivo de Potenciar Trabajo es generar crecimiento en la empleabilidad y la producci\u00f3n a trav\u00e9s de la certificaci\u00f3n de competencias con el fin de promover la inclusi\u00f3n social plena de aquellas personas...","og_url":"https:\/\/diarioprincipios.com\/index.php\/2021\/01\/14\/berazategui-avanza-con-el-programa-potenciar-trabajo\/","og_site_name":"Principios","article_published_time":"2021-01-14T23:09:33+00:00","article_modified_time":"2021-01-14T23:09:35+00:00","og_image":[{"width":838,"height":540,"url":"https:\/\/diarioprincipios.com\/wp-content\/uploads\/2021\/01\/20210114_200852.jpg","type":"image\/jpeg"}],"author":"Hern\u00e1n L\u00f3pez","twitter_card":"summary_large_image","twitter_misc":{"Escrito por":"Hern\u00e1n L\u00f3pez","Tiempo de lectura":"1 minuto"},"schema":{"@context":"https:\/\/schema.org","@graph":[{"@type":"Article","@id":"https:\/\/diarioprincipios.com\/index.php\/2021\/01\/14\/berazategui-avanza-con-el-programa-potenciar-trabajo\/#article","isPartOf":{"@id":"https:\/\/diarioprincipios.com\/index.php\/2021\/01\/14\/berazategui-avanza-con-el-programa-potenciar-trabajo\/"},"author":{"name":"Hern\u00e1n L\u00f3pez","@id":"https:\/\/diarioprincipios.com\/#\/schema\/person\/436d5a1fd41a5e250e23ff5a6a7cb080"},"headline":"Berazategui avanza con el Programa \u00abPotenciar Trabajo\u00bb","datePublished":"2021-01-14T23:09:33+00:00","dateModified":"2021-01-14T23:09:35+00:00","mainEntityOfPage":{"@id":"https:\/\/diarioprincipios.com\/index.php\/2021\/01\/14\/berazategui-avanza-con-el-programa-potenciar-trabajo\/"},"wordCount":229,"commentCount":0,"publisher":{"@id":"https:\/\/diarioprincipios.com\/#organization"},"image":{"@id":"https:\/\/diarioprincipios.com\/index.php\/2021\/01\/14\/berazategui-avanza-con-el-programa-potenciar-trabajo\/#primaryimage"},"thumbnailUrl":"https:\/\/diarioprincipios.com\/wp-content\/uploads\/2021\/01\/20210114_200852.jpg","articleSection":["Berazategui"],"inLanguage":"es","potentialAction":[{"@type":"CommentAction","name":"Comment","target":["https:\/\/diarioprincipios.com\/index.php\/2021\/01\/14\/berazategui-avanza-con-el-programa-potenciar-trabajo\/#respond"]}]},{"@type":"WebPage","@id":"https:\/\/diarioprincipios.com\/index.php\/2021\/01\/14\/berazategui-avanza-con-el-programa-potenciar-trabajo\/","url":"https:\/\/diarioprincipios.com\/index.php\/2021\/01\/14\/berazategui-avanza-con-el-programa-potenciar-trabajo\/","name":"Berazategui avanza con el Programa \"Potenciar Trabajo\" - Principios","isPartOf":{"@id":"https:\/\/diarioprincipios.com\/#website"},"primaryImageOfPage":{"@id":"https:\/\/diarioprincipios.com\/index.php\/2021\/01\/14\/berazategui-avanza-con-el-programa-potenciar-trabajo\/#primaryimage"},"image":{"@id":"https:\/\/diarioprincipios.com\/index.php\/2021\/01\/14\/berazategui-avanza-con-el-programa-potenciar-trabajo\/#primaryimage"},"thumbnailUrl":"https:\/\/diarioprincipios.com\/wp-content\/uploads\/2021\/01\/20210114_200852.jpg","datePublished":"2021-01-14T23:09:33+00:00","dateModified":"2021-01-14T23:09:35+00:00","breadcrumb":{"@id":"https:\/\/diarioprincipios.com\/index.php\/2021\/01\/14\/berazategui-avanza-con-el-programa-potenciar-trabajo\/#breadcrumb"},"inLanguage":"es","potentialAction":[{"@type":"ReadAction","target":["https:\/\/diarioprincipios.com\/index.php\/2021\/01\/14\/berazategui-avanza-con-el-programa-potenciar-trabajo\/"]}]},{"@type":"ImageObject","inLanguage":"es","@id":"https:\/\/diarioprincipios.com\/index.php\/2021\/01\/14\/berazategui-avanza-con-el-programa-potenciar-trabajo\/#primaryimage","url":"https:\/\/diarioprincipios.com\/wp-content\/uploads\/2021\/01\/20210114_200852.jpg","contentUrl":"https:\/\/diarioprincipios.com\/wp-content\/uploads\/2021\/01\/20210114_200852.jpg","width":838,"height":540},{"@type":"BreadcrumbList","@id":"https:\/\/diarioprincipios.com\/index.php\/2021\/01\/14\/berazategui-avanza-con-el-programa-potenciar-trabajo\/#breadcrumb","itemListElement":[{"@type":"ListItem","position":1,"name":"Portada","item":"https:\/\/diarioprincipios.com\/"},{"@type":"ListItem","position":2,"name":"Berazategui avanza con el Programa \u00abPotenciar Trabajo\u00bb"}]},{"@type":"WebSite","@id":"https:\/\/diarioprincipios.com\/#website","url":"https:\/\/diarioprincipios.com\/","name":"Principios","description":"Principios Diario","publisher":{"@id":"https:\/\/diarioprincipios.com\/#organization"},"potentialAction":[{"@type":"SearchAction","target":{"@type":"EntryPoint","urlTemplate":"https:\/\/diarioprincipios.com\/?s={search_term_string}"},"query-input":{"@type":"PropertyValueSpecification","valueRequired":true,"valueName":"search_term_string"}}],"inLanguage":"es"},{"@type":"Organization","@id":"https:\/\/diarioprincipios.com\/#organization","name":"Principios","url":"https:\/\/diarioprincipios.com\/","logo":{"@type":"ImageObject","inLanguage":"es","@id":"https:\/\/diarioprincipios.com\/#\/schema\/logo\/image\/","url":"https:\/\/diarioprincipios.com\/wp-content\/uploads\/2024\/04\/cropped-www.diarioprincipios.com_-1.png","contentUrl":"https:\/\/diarioprincipios.com\/wp-content\/uploads\/2024\/04\/cropped-www.diarioprincipios.com_-1.png","width":5325,"height":1454,"caption":"Principios"},"image":{"@id":"https:\/\/diarioprincipios.com\/#\/schema\/logo\/image\/"}},{"@type":"Person","@id":"https:\/\/diarioprincipios.com\/#\/schema\/person\/436d5a1fd41a5e250e23ff5a6a7cb080","name":"Hern\u00e1n L\u00f3pez","image":{"@type":"ImageObject","inLanguage":"es","@id":"https:\/\/diarioprincipios.com\/wp-content\/litespeed\/avatar\/11ddfe5610ff3bd100522525b2571f48.jpg?ver=1777048341","url":"https:\/\/diarioprincipios.com\/wp-content\/litespeed\/avatar\/11ddfe5610ff3bd100522525b2571f48.jpg?ver=1777048341","contentUrl":"https:\/\/diarioprincipios.com\/wp-content\/litespeed\/avatar\/11ddfe5610ff3bd100522525b2571f48.jpg?ver=1777048341","caption":"Hern\u00e1n L\u00f3pez"},"url":"https:\/\/diarioprincipios.com\/index.php\/author\/hernan\/"}]}},"jetpack_featured_media_url":"https:\/\/diarioprincipios.com\/wp-content\/uploads\/2021\/01\/20210114_200852.jpg","_links":{"self":[{"href":"https:\/\/diarioprincipios.com\/index.php\/wp-json\/wp\/v2\/posts\/8181","targetHints":{"allow":["GET"]}}],"collection":[{"href":"https:\/\/diarioprincipios.com\/index.php\/wp-json\/wp\/v2\/posts"}],"about":[{"href":"https:\/\/diarioprincipios.com\/index.php\/wp-json\/wp\/v2\/types\/post"}],"author":[{"embeddable":true,"href":"https:\/\/diarioprincipios.com\/index.php\/wp-json\/wp\/v2\/users\/2"}],"replies":[{"embeddable":true,"href":"https:\/\/diarioprincipios.com\/index.php\/wp-json\/wp\/v2\/comments?post=8181"}],"version-history":[{"count":1,"href":"https:\/\/diarioprincipios.com\/index.php\/wp-json\/wp\/v2\/posts\/8181\/revisions"}],"predecessor-version":[{"id":8185,"href":"https:\/\/diarioprincipios.com\/index.php\/wp-json\/wp\/v2\/posts\/8181\/revisions\/8185"}],"wp:featuredmedia":[{"embeddable":true,"href":"https:\/\/diarioprincipios.com\/index.php\/wp-json\/wp\/v2\/media\/8184"}],"wp:attachment":[{"href":"https:\/\/diarioprincipios.com\/index.php\/wp-json\/wp\/v2\/media?parent=8181"}],"wp:term":[{"taxonomy":"category","embeddable":true,"href":"https:\/\/diarioprincipios.com\/index.php\/wp-json\/wp\/v2\/categories?post=8181"},{"taxonomy":"post_tag","embeddable":true,"href":"https:\/\/diarioprincipios.com\/index.php\/wp-json\/wp\/v2\/tags?post=8181"}],"curies":[{"name":"wp","href":"https:\/\/api.w.org\/{rel}","templated":true}]}}