{"id":8169,"date":"2021-01-13T20:20:00","date_gmt":"2021-01-13T23:20:00","guid":{"rendered":"http:\/\/diarioprincipios.com\/?p=8169"},"modified":"2021-01-13T20:20:02","modified_gmt":"2021-01-13T23:20:02","slug":"mussi-participo-de-videoconferencia-con-kicillof-en-la-que-se-analizo-la-situacion-sanitaria","status":"publish","type":"post","link":"https:\/\/diarioprincipios.com\/index.php\/2021\/01\/13\/mussi-participo-de-videoconferencia-con-kicillof-en-la-que-se-analizo-la-situacion-sanitaria\/","title":{"rendered":"Mussi particip\u00f3 de videoconferencia con Kicillof en la que se analiz\u00f3 la situaci\u00f3n sanitaria"},"content":{"rendered":"\n<p><strong>El intendente Juan Jos\u00e9 Mussi particip\u00f3, junto a representantes de otros municipios, de una videoconferencia encabezada por el gobernador de la provincia de Buenos Aires, Axel Kicillof, en la que se analiz\u00f3 tanto la situaci\u00f3n sanitaria de los municipios y zonas tur\u00edsticas de la Provincia, como los pasos a seguir en cuanto a control y prevenci\u00f3n ante el aumento de casos de coronavirus (COVID-19).<br><\/strong><br>El objetivo de la reuni\u00f3n fue evaluar la situaci\u00f3n epidemiol\u00f3gica en los distintos distritos, analizar la cantidad de casos de coronavirus, la ocupaci\u00f3n de camas y el modo en que se est\u00e1n aplicando las restricciones dispuestas el \u00faltimo fin de semana para evitar las fiestas clandestinas y las reuniones de m\u00e1s de diez personas.<\/p>\n\n\n\n<p>El gobernador bonaerense sostuvo que \u00absi siguen creciendo los contagios, habr\u00e1 que aplicar m\u00e1s restricciones\u00bb. Asimismo, advirti\u00f3 que \u00abse hab\u00edan relajado mucho los cuidados\u00bb y analiz\u00f3 que \u00abes muy peligroso el aumento de contagios\u00bb.<\/p>\n\n\n\n<p>El gobernador celebr\u00f3 que un total de 732.000 personas se hayan inscripto en la web&nbsp;<a rel=\"noreferrer noopener\" target=\"_blank\" href=\"http:\/\/vacunatepba.gba.gob.ar\/\">vacunatepba.gba.gob.ar<\/a>&nbsp;y remarc\u00f3 que \u201chay que cuidarse m\u00e1s porque falta poquito para poder vacunarse\u201d.<\/p>\n\n\n\n<p>\u00abPara los que hablan de libertad, la libertad es la vacuna que venimos esperando desde hace mucho tiempo\u00bb, agreg\u00f3 Kicillof y asegur\u00f3 que ello permitir\u00e1 \u00abir recuperando una vida lo m\u00e1s parecida a la normal: con abrazos, asados, mates y clases presenciales\u00bb.<\/p>\n","protected":false},"excerpt":{"rendered":"<p>El intendente Juan Jos\u00e9 Mussi particip\u00f3, junto a representantes de otros municipios, de una videoconferencia encabezada por el gobernador de la provincia de Buenos Aires, Axel Kicillof, en la que se analiz\u00f3 tanto la situaci\u00f3n sanitaria de los municipios y zonas tur\u00edsticas de la Provincia, como los pasos a seguir en cuanto a control y&#8230;<\/p>\n","protected":false},"author":2,"featured_media":8170,"comment_status":"open","ping_status":"open","sticky":false,"template":"","format":"standard","meta":{"footnotes":""},"categories":[3],"tags":[],"class_list":["post-8169","post","type-post","status-publish","format-standard","has-post-thumbnail","hentry","category-berazategui"],"featured_image_src":"https:\/\/diarioprincipios.com\/wp-content\/uploads\/2021\/01\/20210113_201712-1024x620.jpg","blog_images":{"medium":"https:\/\/diarioprincipios.com\/wp-content\/uploads\/2021\/01\/20210113_201712-300x182.jpg","large":"https:\/\/diarioprincipios.com\/wp-content\/uploads\/2021\/01\/20210113_201712-1024x620.jpg"},"ams_acf":[],"yoast_head":"<!-- This site is optimized with the Yoast SEO plugin v27.3 - https:\/\/yoast.com\/product\/yoast-seo-wordpress\/ -->\n<title>Mussi particip\u00f3 de videoconferencia con Kicillof en la que se analiz\u00f3 la situaci\u00f3n sanitaria - Principios<\/title>\n<meta name=\"robots\" content=\"index, follow, max-snippet:-1, max-image-preview:large, max-video-preview:-1\" \/>\n<link rel=\"canonical\" href=\"https:\/\/diarioprincipios.com\/index.php\/2021\/01\/13\/mussi-participo-de-videoconferencia-con-kicillof-en-la-que-se-analizo-la-situacion-sanitaria\/\" \/>\n<meta property=\"og:locale\" content=\"es_ES\" \/>\n<meta property=\"og:type\" content=\"article\" \/>\n<meta property=\"og:title\" content=\"Mussi particip\u00f3 de videoconferencia con Kicillof en la que se analiz\u00f3 la situaci\u00f3n sanitaria - Principios\" \/>\n<meta property=\"og:description\" content=\"El intendente Juan Jos\u00e9 Mussi particip\u00f3, junto a representantes de otros municipios, de una videoconferencia encabezada por el gobernador de la provincia de Buenos Aires, Axel Kicillof, en la que se analiz\u00f3 tanto la situaci\u00f3n sanitaria de los municipios y zonas tur\u00edsticas de la Provincia, como los pasos a seguir en cuanto a control y...\" \/>\n<meta property=\"og:url\" content=\"https:\/\/diarioprincipios.com\/index.php\/2021\/01\/13\/mussi-participo-de-videoconferencia-con-kicillof-en-la-que-se-analizo-la-situacion-sanitaria\/\" \/>\n<meta property=\"og:site_name\" content=\"Principios\" \/>\n<meta property=\"article:published_time\" content=\"2021-01-13T23:20:00+00:00\" \/>\n<meta property=\"article:modified_time\" content=\"2021-01-13T23:20:02+00:00\" \/>\n<meta property=\"og:image\" content=\"https:\/\/diarioprincipios.com\/wp-content\/uploads\/2021\/01\/20210113_201712.jpg\" \/>\n\t<meta property=\"og:image:width\" content=\"1080\" \/>\n\t<meta property=\"og:image:height\" content=\"654\" \/>\n\t<meta property=\"og:image:type\" content=\"image\/jpeg\" \/>\n<meta name=\"author\" content=\"Hern\u00e1n L\u00f3pez\" \/>\n<meta name=\"twitter:card\" content=\"summary_large_image\" \/>\n<meta name=\"twitter:label1\" content=\"Escrito por\" \/>\n\t<meta name=\"twitter:data1\" content=\"Hern\u00e1n L\u00f3pez\" \/>\n\t<meta name=\"twitter:label2\" content=\"Tiempo de lectura\" \/>\n\t<meta name=\"twitter:data2\" content=\"1 minuto\" \/>\n<script type=\"application\/ld+json\" class=\"yoast-schema-graph\">{\"@context\":\"https:\\\/\\\/schema.org\",\"@graph\":[{\"@type\":\"Article\",\"@id\":\"https:\\\/\\\/diarioprincipios.com\\\/index.php\\\/2021\\\/01\\\/13\\\/mussi-participo-de-videoconferencia-con-kicillof-en-la-que-se-analizo-la-situacion-sanitaria\\\/#article\",\"isPartOf\":{\"@id\":\"https:\\\/\\\/diarioprincipios.com\\\/index.php\\\/2021\\\/01\\\/13\\\/mussi-participo-de-videoconferencia-con-kicillof-en-la-que-se-analizo-la-situacion-sanitaria\\\/\"},\"author\":{\"name\":\"Hern\u00e1n L\u00f3pez\",\"@id\":\"https:\\\/\\\/diarioprincipios.com\\\/#\\\/schema\\\/person\\\/436d5a1fd41a5e250e23ff5a6a7cb080\"},\"headline\":\"Mussi particip\u00f3 de videoconferencia con Kicillof en la que se analiz\u00f3 la situaci\u00f3n sanitaria\",\"datePublished\":\"2021-01-13T23:20:00+00:00\",\"dateModified\":\"2021-01-13T23:20:02+00:00\",\"mainEntityOfPage\":{\"@id\":\"https:\\\/\\\/diarioprincipios.com\\\/index.php\\\/2021\\\/01\\\/13\\\/mussi-participo-de-videoconferencia-con-kicillof-en-la-que-se-analizo-la-situacion-sanitaria\\\/\"},\"wordCount\":255,\"commentCount\":0,\"publisher\":{\"@id\":\"https:\\\/\\\/diarioprincipios.com\\\/#organization\"},\"image\":{\"@id\":\"https:\\\/\\\/diarioprincipios.com\\\/index.php\\\/2021\\\/01\\\/13\\\/mussi-participo-de-videoconferencia-con-kicillof-en-la-que-se-analizo-la-situacion-sanitaria\\\/#primaryimage\"},\"thumbnailUrl\":\"https:\\\/\\\/diarioprincipios.com\\\/wp-content\\\/uploads\\\/2021\\\/01\\\/20210113_201712.jpg\",\"articleSection\":[\"Berazategui\"],\"inLanguage\":\"es\",\"potentialAction\":[{\"@type\":\"CommentAction\",\"name\":\"Comment\",\"target\":[\"https:\\\/\\\/diarioprincipios.com\\\/index.php\\\/2021\\\/01\\\/13\\\/mussi-participo-de-videoconferencia-con-kicillof-en-la-que-se-analizo-la-situacion-sanitaria\\\/#respond\"]}]},{\"@type\":\"WebPage\",\"@id\":\"https:\\\/\\\/diarioprincipios.com\\\/index.php\\\/2021\\\/01\\\/13\\\/mussi-participo-de-videoconferencia-con-kicillof-en-la-que-se-analizo-la-situacion-sanitaria\\\/\",\"url\":\"https:\\\/\\\/diarioprincipios.com\\\/index.php\\\/2021\\\/01\\\/13\\\/mussi-participo-de-videoconferencia-con-kicillof-en-la-que-se-analizo-la-situacion-sanitaria\\\/\",\"name\":\"Mussi particip\u00f3 de videoconferencia con Kicillof en la que se analiz\u00f3 la situaci\u00f3n sanitaria - Principios\",\"isPartOf\":{\"@id\":\"https:\\\/\\\/diarioprincipios.com\\\/#website\"},\"primaryImageOfPage\":{\"@id\":\"https:\\\/\\\/diarioprincipios.com\\\/index.php\\\/2021\\\/01\\\/13\\\/mussi-participo-de-videoconferencia-con-kicillof-en-la-que-se-analizo-la-situacion-sanitaria\\\/#primaryimage\"},\"image\":{\"@id\":\"https:\\\/\\\/diarioprincipios.com\\\/index.php\\\/2021\\\/01\\\/13\\\/mussi-participo-de-videoconferencia-con-kicillof-en-la-que-se-analizo-la-situacion-sanitaria\\\/#primaryimage\"},\"thumbnailUrl\":\"https:\\\/\\\/diarioprincipios.com\\\/wp-content\\\/uploads\\\/2021\\\/01\\\/20210113_201712.jpg\",\"datePublished\":\"2021-01-13T23:20:00+00:00\",\"dateModified\":\"2021-01-13T23:20:02+00:00\",\"breadcrumb\":{\"@id\":\"https:\\\/\\\/diarioprincipios.com\\\/index.php\\\/2021\\\/01\\\/13\\\/mussi-participo-de-videoconferencia-con-kicillof-en-la-que-se-analizo-la-situacion-sanitaria\\\/#breadcrumb\"},\"inLanguage\":\"es\",\"potentialAction\":[{\"@type\":\"ReadAction\",\"target\":[\"https:\\\/\\\/diarioprincipios.com\\\/index.php\\\/2021\\\/01\\\/13\\\/mussi-participo-de-videoconferencia-con-kicillof-en-la-que-se-analizo-la-situacion-sanitaria\\\/\"]}]},{\"@type\":\"ImageObject\",\"inLanguage\":\"es\",\"@id\":\"https:\\\/\\\/diarioprincipios.com\\\/index.php\\\/2021\\\/01\\\/13\\\/mussi-participo-de-videoconferencia-con-kicillof-en-la-que-se-analizo-la-situacion-sanitaria\\\/#primaryimage\",\"url\":\"https:\\\/\\\/diarioprincipios.com\\\/wp-content\\\/uploads\\\/2021\\\/01\\\/20210113_201712.jpg\",\"contentUrl\":\"https:\\\/\\\/diarioprincipios.com\\\/wp-content\\\/uploads\\\/2021\\\/01\\\/20210113_201712.jpg\",\"width\":1080,\"height\":654},{\"@type\":\"BreadcrumbList\",\"@id\":\"https:\\\/\\\/diarioprincipios.com\\\/index.php\\\/2021\\\/01\\\/13\\\/mussi-participo-de-videoconferencia-con-kicillof-en-la-que-se-analizo-la-situacion-sanitaria\\\/#breadcrumb\",\"itemListElement\":[{\"@type\":\"ListItem\",\"position\":1,\"name\":\"Portada\",\"item\":\"https:\\\/\\\/diarioprincipios.com\\\/\"},{\"@type\":\"ListItem\",\"position\":2,\"name\":\"Mussi particip\u00f3 de videoconferencia con Kicillof en la que se analiz\u00f3 la situaci\u00f3n sanitaria\"}]},{\"@type\":\"WebSite\",\"@id\":\"https:\\\/\\\/diarioprincipios.com\\\/#website\",\"url\":\"https:\\\/\\\/diarioprincipios.com\\\/\",\"name\":\"Principios\",\"description\":\"Principios Diario\",\"publisher\":{\"@id\":\"https:\\\/\\\/diarioprincipios.com\\\/#organization\"},\"potentialAction\":[{\"@type\":\"SearchAction\",\"target\":{\"@type\":\"EntryPoint\",\"urlTemplate\":\"https:\\\/\\\/diarioprincipios.com\\\/?s={search_term_string}\"},\"query-input\":{\"@type\":\"PropertyValueSpecification\",\"valueRequired\":true,\"valueName\":\"search_term_string\"}}],\"inLanguage\":\"es\"},{\"@type\":\"Organization\",\"@id\":\"https:\\\/\\\/diarioprincipios.com\\\/#organization\",\"name\":\"Principios\",\"url\":\"https:\\\/\\\/diarioprincipios.com\\\/\",\"logo\":{\"@type\":\"ImageObject\",\"inLanguage\":\"es\",\"@id\":\"https:\\\/\\\/diarioprincipios.com\\\/#\\\/schema\\\/logo\\\/image\\\/\",\"url\":\"https:\\\/\\\/diarioprincipios.com\\\/wp-content\\\/uploads\\\/2024\\\/04\\\/cropped-www.diarioprincipios.com_-1.png\",\"contentUrl\":\"https:\\\/\\\/diarioprincipios.com\\\/wp-content\\\/uploads\\\/2024\\\/04\\\/cropped-www.diarioprincipios.com_-1.png\",\"width\":5325,\"height\":1454,\"caption\":\"Principios\"},\"image\":{\"@id\":\"https:\\\/\\\/diarioprincipios.com\\\/#\\\/schema\\\/logo\\\/image\\\/\"}},{\"@type\":\"Person\",\"@id\":\"https:\\\/\\\/diarioprincipios.com\\\/#\\\/schema\\\/person\\\/436d5a1fd41a5e250e23ff5a6a7cb080\",\"name\":\"Hern\u00e1n L\u00f3pez\",\"image\":{\"@type\":\"ImageObject\",\"inLanguage\":\"es\",\"@id\":\"https:\\\/\\\/diarioprincipios.com\\\/wp-content\\\/litespeed\\\/avatar\\\/11ddfe5610ff3bd100522525b2571f48.jpg?ver=1777048341\",\"url\":\"https:\\\/\\\/diarioprincipios.com\\\/wp-content\\\/litespeed\\\/avatar\\\/11ddfe5610ff3bd100522525b2571f48.jpg?ver=1777048341\",\"contentUrl\":\"https:\\\/\\\/diarioprincipios.com\\\/wp-content\\\/litespeed\\\/avatar\\\/11ddfe5610ff3bd100522525b2571f48.jpg?ver=1777048341\",\"caption\":\"Hern\u00e1n L\u00f3pez\"},\"url\":\"https:\\\/\\\/diarioprincipios.com\\\/index.php\\\/author\\\/hernan\\\/\"}]}<\/script>\n<!-- \/ Yoast SEO plugin. -->","yoast_head_json":{"title":"Mussi particip\u00f3 de videoconferencia con Kicillof en la que se analiz\u00f3 la situaci\u00f3n sanitaria - Principios","robots":{"index":"index","follow":"follow","max-snippet":"max-snippet:-1","max-image-preview":"max-image-preview:large","max-video-preview":"max-video-preview:-1"},"canonical":"https:\/\/diarioprincipios.com\/index.php\/2021\/01\/13\/mussi-participo-de-videoconferencia-con-kicillof-en-la-que-se-analizo-la-situacion-sanitaria\/","og_locale":"es_ES","og_type":"article","og_title":"Mussi particip\u00f3 de videoconferencia con Kicillof en la que se analiz\u00f3 la situaci\u00f3n sanitaria - Principios","og_description":"El intendente Juan Jos\u00e9 Mussi particip\u00f3, junto a representantes de otros municipios, de una videoconferencia encabezada por el gobernador de la provincia de Buenos Aires, Axel Kicillof, en la que se analiz\u00f3 tanto la situaci\u00f3n sanitaria de los municipios y zonas tur\u00edsticas de la Provincia, como los pasos a seguir en cuanto a control y...","og_url":"https:\/\/diarioprincipios.com\/index.php\/2021\/01\/13\/mussi-participo-de-videoconferencia-con-kicillof-en-la-que-se-analizo-la-situacion-sanitaria\/","og_site_name":"Principios","article_published_time":"2021-01-13T23:20:00+00:00","article_modified_time":"2021-01-13T23:20:02+00:00","og_image":[{"width":1080,"height":654,"url":"https:\/\/diarioprincipios.com\/wp-content\/uploads\/2021\/01\/20210113_201712.jpg","type":"image\/jpeg"}],"author":"Hern\u00e1n L\u00f3pez","twitter_card":"summary_large_image","twitter_misc":{"Escrito por":"Hern\u00e1n L\u00f3pez","Tiempo de lectura":"1 minuto"},"schema":{"@context":"https:\/\/schema.org","@graph":[{"@type":"Article","@id":"https:\/\/diarioprincipios.com\/index.php\/2021\/01\/13\/mussi-participo-de-videoconferencia-con-kicillof-en-la-que-se-analizo-la-situacion-sanitaria\/#article","isPartOf":{"@id":"https:\/\/diarioprincipios.com\/index.php\/2021\/01\/13\/mussi-participo-de-videoconferencia-con-kicillof-en-la-que-se-analizo-la-situacion-sanitaria\/"},"author":{"name":"Hern\u00e1n L\u00f3pez","@id":"https:\/\/diarioprincipios.com\/#\/schema\/person\/436d5a1fd41a5e250e23ff5a6a7cb080"},"headline":"Mussi particip\u00f3 de videoconferencia con Kicillof en la que se analiz\u00f3 la situaci\u00f3n sanitaria","datePublished":"2021-01-13T23:20:00+00:00","dateModified":"2021-01-13T23:20:02+00:00","mainEntityOfPage":{"@id":"https:\/\/diarioprincipios.com\/index.php\/2021\/01\/13\/mussi-participo-de-videoconferencia-con-kicillof-en-la-que-se-analizo-la-situacion-sanitaria\/"},"wordCount":255,"commentCount":0,"publisher":{"@id":"https:\/\/diarioprincipios.com\/#organization"},"image":{"@id":"https:\/\/diarioprincipios.com\/index.php\/2021\/01\/13\/mussi-participo-de-videoconferencia-con-kicillof-en-la-que-se-analizo-la-situacion-sanitaria\/#primaryimage"},"thumbnailUrl":"https:\/\/diarioprincipios.com\/wp-content\/uploads\/2021\/01\/20210113_201712.jpg","articleSection":["Berazategui"],"inLanguage":"es","potentialAction":[{"@type":"CommentAction","name":"Comment","target":["https:\/\/diarioprincipios.com\/index.php\/2021\/01\/13\/mussi-participo-de-videoconferencia-con-kicillof-en-la-que-se-analizo-la-situacion-sanitaria\/#respond"]}]},{"@type":"WebPage","@id":"https:\/\/diarioprincipios.com\/index.php\/2021\/01\/13\/mussi-participo-de-videoconferencia-con-kicillof-en-la-que-se-analizo-la-situacion-sanitaria\/","url":"https:\/\/diarioprincipios.com\/index.php\/2021\/01\/13\/mussi-participo-de-videoconferencia-con-kicillof-en-la-que-se-analizo-la-situacion-sanitaria\/","name":"Mussi particip\u00f3 de videoconferencia con Kicillof en la que se analiz\u00f3 la situaci\u00f3n sanitaria - Principios","isPartOf":{"@id":"https:\/\/diarioprincipios.com\/#website"},"primaryImageOfPage":{"@id":"https:\/\/diarioprincipios.com\/index.php\/2021\/01\/13\/mussi-participo-de-videoconferencia-con-kicillof-en-la-que-se-analizo-la-situacion-sanitaria\/#primaryimage"},"image":{"@id":"https:\/\/diarioprincipios.com\/index.php\/2021\/01\/13\/mussi-participo-de-videoconferencia-con-kicillof-en-la-que-se-analizo-la-situacion-sanitaria\/#primaryimage"},"thumbnailUrl":"https:\/\/diarioprincipios.com\/wp-content\/uploads\/2021\/01\/20210113_201712.jpg","datePublished":"2021-01-13T23:20:00+00:00","dateModified":"2021-01-13T23:20:02+00:00","breadcrumb":{"@id":"https:\/\/diarioprincipios.com\/index.php\/2021\/01\/13\/mussi-participo-de-videoconferencia-con-kicillof-en-la-que-se-analizo-la-situacion-sanitaria\/#breadcrumb"},"inLanguage":"es","potentialAction":[{"@type":"ReadAction","target":["https:\/\/diarioprincipios.com\/index.php\/2021\/01\/13\/mussi-participo-de-videoconferencia-con-kicillof-en-la-que-se-analizo-la-situacion-sanitaria\/"]}]},{"@type":"ImageObject","inLanguage":"es","@id":"https:\/\/diarioprincipios.com\/index.php\/2021\/01\/13\/mussi-participo-de-videoconferencia-con-kicillof-en-la-que-se-analizo-la-situacion-sanitaria\/#primaryimage","url":"https:\/\/diarioprincipios.com\/wp-content\/uploads\/2021\/01\/20210113_201712.jpg","contentUrl":"https:\/\/diarioprincipios.com\/wp-content\/uploads\/2021\/01\/20210113_201712.jpg","width":1080,"height":654},{"@type":"BreadcrumbList","@id":"https:\/\/diarioprincipios.com\/index.php\/2021\/01\/13\/mussi-participo-de-videoconferencia-con-kicillof-en-la-que-se-analizo-la-situacion-sanitaria\/#breadcrumb","itemListElement":[{"@type":"ListItem","position":1,"name":"Portada","item":"https:\/\/diarioprincipios.com\/"},{"@type":"ListItem","position":2,"name":"Mussi particip\u00f3 de videoconferencia con Kicillof en la que se analiz\u00f3 la situaci\u00f3n sanitaria"}]},{"@type":"WebSite","@id":"https:\/\/diarioprincipios.com\/#website","url":"https:\/\/diarioprincipios.com\/","name":"Principios","description":"Principios Diario","publisher":{"@id":"https:\/\/diarioprincipios.com\/#organization"},"potentialAction":[{"@type":"SearchAction","target":{"@type":"EntryPoint","urlTemplate":"https:\/\/diarioprincipios.com\/?s={search_term_string}"},"query-input":{"@type":"PropertyValueSpecification","valueRequired":true,"valueName":"search_term_string"}}],"inLanguage":"es"},{"@type":"Organization","@id":"https:\/\/diarioprincipios.com\/#organization","name":"Principios","url":"https:\/\/diarioprincipios.com\/","logo":{"@type":"ImageObject","inLanguage":"es","@id":"https:\/\/diarioprincipios.com\/#\/schema\/logo\/image\/","url":"https:\/\/diarioprincipios.com\/wp-content\/uploads\/2024\/04\/cropped-www.diarioprincipios.com_-1.png","contentUrl":"https:\/\/diarioprincipios.com\/wp-content\/uploads\/2024\/04\/cropped-www.diarioprincipios.com_-1.png","width":5325,"height":1454,"caption":"Principios"},"image":{"@id":"https:\/\/diarioprincipios.com\/#\/schema\/logo\/image\/"}},{"@type":"Person","@id":"https:\/\/diarioprincipios.com\/#\/schema\/person\/436d5a1fd41a5e250e23ff5a6a7cb080","name":"Hern\u00e1n L\u00f3pez","image":{"@type":"ImageObject","inLanguage":"es","@id":"https:\/\/diarioprincipios.com\/wp-content\/litespeed\/avatar\/11ddfe5610ff3bd100522525b2571f48.jpg?ver=1777048341","url":"https:\/\/diarioprincipios.com\/wp-content\/litespeed\/avatar\/11ddfe5610ff3bd100522525b2571f48.jpg?ver=1777048341","contentUrl":"https:\/\/diarioprincipios.com\/wp-content\/litespeed\/avatar\/11ddfe5610ff3bd100522525b2571f48.jpg?ver=1777048341","caption":"Hern\u00e1n L\u00f3pez"},"url":"https:\/\/diarioprincipios.com\/index.php\/author\/hernan\/"}]}},"jetpack_featured_media_url":"https:\/\/diarioprincipios.com\/wp-content\/uploads\/2021\/01\/20210113_201712.jpg","_links":{"self":[{"href":"https:\/\/diarioprincipios.com\/index.php\/wp-json\/wp\/v2\/posts\/8169","targetHints":{"allow":["GET"]}}],"collection":[{"href":"https:\/\/diarioprincipios.com\/index.php\/wp-json\/wp\/v2\/posts"}],"about":[{"href":"https:\/\/diarioprincipios.com\/index.php\/wp-json\/wp\/v2\/types\/post"}],"author":[{"embeddable":true,"href":"https:\/\/diarioprincipios.com\/index.php\/wp-json\/wp\/v2\/users\/2"}],"replies":[{"embeddable":true,"href":"https:\/\/diarioprincipios.com\/index.php\/wp-json\/wp\/v2\/comments?post=8169"}],"version-history":[{"count":1,"href":"https:\/\/diarioprincipios.com\/index.php\/wp-json\/wp\/v2\/posts\/8169\/revisions"}],"predecessor-version":[{"id":8171,"href":"https:\/\/diarioprincipios.com\/index.php\/wp-json\/wp\/v2\/posts\/8169\/revisions\/8171"}],"wp:featuredmedia":[{"embeddable":true,"href":"https:\/\/diarioprincipios.com\/index.php\/wp-json\/wp\/v2\/media\/8170"}],"wp:attachment":[{"href":"https:\/\/diarioprincipios.com\/index.php\/wp-json\/wp\/v2\/media?parent=8169"}],"wp:term":[{"taxonomy":"category","embeddable":true,"href":"https:\/\/diarioprincipios.com\/index.php\/wp-json\/wp\/v2\/categories?post=8169"},{"taxonomy":"post_tag","embeddable":true,"href":"https:\/\/diarioprincipios.com\/index.php\/wp-json\/wp\/v2\/tags?post=8169"}],"curies":[{"name":"wp","href":"https:\/\/api.w.org\/{rel}","templated":true}]}}