{"id":8165,"date":"2021-01-13T19:52:56","date_gmt":"2021-01-13T22:52:56","guid":{"rendered":"http:\/\/diarioprincipios.com\/?p=8165"},"modified":"2021-01-13T19:53:01","modified_gmt":"2021-01-13T22:53:01","slug":"garantizan-apoyo-del-gobierno-provincial-para-obras-publicas-en-berazategui","status":"publish","type":"post","link":"https:\/\/diarioprincipios.com\/index.php\/2021\/01\/13\/garantizan-apoyo-del-gobierno-provincial-para-obras-publicas-en-berazategui\/","title":{"rendered":"Garantizan apoyo del Gobierno Provincial para Obras P\u00fablicas en Berazategui"},"content":{"rendered":"\n<p><strong>El ministro de Infraestructura y Servicios P\u00fablicos de la provincia de Buenos Aires, Agust\u00edn Simone, y el subsecretario de Recursos H\u00eddricos, Guillermo Jelinski, mantuvieron una reuni\u00f3n en Berazategui con el intendente municipal, Juan Jos\u00e9 Mussi. Durante la visita, dialogaron sobre los avances en los trabajos de perforaci\u00f3n de pozos de agua, adem\u00e1s de planificar diferentes nuevas mejoras en infraestructura.<\/strong><\/p>\n\n\n\n<p>\u201cEl intendente Juan Jos\u00e9 Mussi nos expres\u00f3 como algo fundamental y estrat\u00e9gico para el Municipio lo referido al servicio de agua. De parte del Ministerio y del Gobernador, nos comprometemos para actuar de acuerdo a estas prioridades. Asimismo, repasamos las obras y se est\u00e1 licitando otra nueva tanda de pozos por parte del Gobierno de la provincia de Buenos Aires y dem\u00e1s obras asociadas, de modo que aseguramos a Berazategui nuestro apoyo\u201d, explic\u00f3 Agust\u00edn Simone.<\/p>\n\n\n\n<figure class=\"wp-block-image size-large\"><img loading=\"lazy\" decoding=\"async\" width=\"1024\" height=\"683\" src=\"https:\/\/diarioprincipios.com\/wp-content\/uploads\/2021\/01\/EL-MINISTRO-AGUSTIN-SIMONE-GARANTIZO-EL-APOYO-DEL-GOBIERNO-PROVINCIAL-PARA-OBRAS-PUBLICAS-EN-BERAZATEGUI-1-1024x683.jpg\" alt=\"\" class=\"wp-image-8166\" srcset=\"https:\/\/diarioprincipios.com\/wp-content\/uploads\/2021\/01\/EL-MINISTRO-AGUSTIN-SIMONE-GARANTIZO-EL-APOYO-DEL-GOBIERNO-PROVINCIAL-PARA-OBRAS-PUBLICAS-EN-BERAZATEGUI-1-1024x683.jpg 1024w, https:\/\/diarioprincipios.com\/wp-content\/uploads\/2021\/01\/EL-MINISTRO-AGUSTIN-SIMONE-GARANTIZO-EL-APOYO-DEL-GOBIERNO-PROVINCIAL-PARA-OBRAS-PUBLICAS-EN-BERAZATEGUI-1-300x200.jpg 300w, https:\/\/diarioprincipios.com\/wp-content\/uploads\/2021\/01\/EL-MINISTRO-AGUSTIN-SIMONE-GARANTIZO-EL-APOYO-DEL-GOBIERNO-PROVINCIAL-PARA-OBRAS-PUBLICAS-EN-BERAZATEGUI-1-768x512.jpg 768w, https:\/\/diarioprincipios.com\/wp-content\/uploads\/2021\/01\/EL-MINISTRO-AGUSTIN-SIMONE-GARANTIZO-EL-APOYO-DEL-GOBIERNO-PROVINCIAL-PARA-OBRAS-PUBLICAS-EN-BERAZATEGUI-1-1536x1024.jpg 1536w, https:\/\/diarioprincipios.com\/wp-content\/uploads\/2021\/01\/EL-MINISTRO-AGUSTIN-SIMONE-GARANTIZO-EL-APOYO-DEL-GOBIERNO-PROVINCIAL-PARA-OBRAS-PUBLICAS-EN-BERAZATEGUI-1.jpg 1920w\" sizes=\"auto, (max-width: 1024px) 100vw, 1024px\" \/><\/figure>\n\n\n\n<p>\u201cAgradezco infinitamente al gobernador Axel Kicillof, porque en Berazategui pasamos 4 a\u00f1os de la anterior gesti\u00f3n provincial sin siquiera saber qui\u00e9n era el ministro del \u00e1rea, y que ahora nos visiten con frecuencia los ministros es estar de nuevo en el pa\u00eds que so\u00f1amos. Es m\u00e1s, han tratado aquellas necesidades que el Municipio considera prioritarias y eso es muy importante. Nuestra prioridad es mejorar el servicio de abastecimiento de agua, que en parte lo estamos resolviendo. Pero se resolver\u00e1 en gran medida, de acuerdo a lo que conversamos con el ministro Simone, con quien fijamos prioridades, pautas y pusimos en marcha un trabajo conjunto con las distintas dependencias. Nos sentimos muy acompa\u00f1ados\u201d, manifest\u00f3 el Intendente.<\/p>\n\n\n\n<p>Y prosigui\u00f3: \u201cEstas obras dar\u00e1n soluci\u00f3n a los problemas de la gente. Estoy agradecid\u00edsimo con Agust\u00edn (Simone) y con el gobernador de la Provincia, Axel Kicillof\u201d.<\/p>\n\n\n\n<p>Con respecto a la serie de obras concretadas y aquellas proyectadas, el subsecretario de Recursos H\u00eddricos, Guillermo Jelinski, detall\u00f3: \u201cLas obras van muy bien encaminadas. Trabajamos en conjunto con la Secretar\u00eda de Obras P\u00fablicas municipal y evaluamos las obras prioritarias en relaci\u00f3n al agua, cloacas y desag\u00fces pluviales. Algunas de estas obras empiezan en febrero, otras est\u00e1n en proceso licitatorio y seguramente empiecen en abril, adem\u00e1s de otros proyectos\u201d.<\/p>\n\n\n\n<figure class=\"wp-block-image\"><img decoding=\"async\" src=\"https:\/\/ecp.yusercontent.com\/mail?url=https%3A%2F%2Fdocs.google.com%2Fuc%3Fexport%3Ddownload%26id%3D1O9ySDGVjFwLiWj3yWiMdjtCw6pHI7T-F%26revid%3D0B9CZhG6aa0VidWpSQjZNZGVndGpYeWM5ZWtiUFNuM1JQV3U4PQ&amp;t=1610573105&amp;ymreqid=5799fcab-b43d-2794-2220-750002019f00&amp;sig=97DqttMH1YwSBvwXjcDSng--~D\" alt=\"\"\/><\/figure>\n","protected":false},"excerpt":{"rendered":"<p>El ministro de Infraestructura y Servicios P\u00fablicos de la provincia de Buenos Aires, Agust\u00edn Simone, y el subsecretario de Recursos H\u00eddricos, Guillermo Jelinski, mantuvieron una reuni\u00f3n en Berazategui con el intendente municipal, Juan Jos\u00e9 Mussi. Durante la visita, dialogaron sobre los avances en los trabajos de perforaci\u00f3n de pozos de agua, adem\u00e1s de planificar diferentes&#8230;<\/p>\n","protected":false},"author":2,"featured_media":8167,"comment_status":"open","ping_status":"open","sticky":false,"template":"","format":"standard","meta":{"footnotes":""},"categories":[3],"tags":[],"class_list":["post-8165","post","type-post","status-publish","format-standard","has-post-thumbnail","hentry","category-berazategui"],"featured_image_src":"https:\/\/diarioprincipios.com\/wp-content\/uploads\/2021\/01\/EL-MINISTRO-AGUSTIN-SIMONE-GARANTIZO-EL-APOYO-DEL-GOBIERNO-PROVINCIAL-PARA-OBRAS-PUBLICAS-EN-BERAZATEGUI-1-1024x682.jpeg","blog_images":{"medium":"https:\/\/diarioprincipios.com\/wp-content\/uploads\/2021\/01\/EL-MINISTRO-AGUSTIN-SIMONE-GARANTIZO-EL-APOYO-DEL-GOBIERNO-PROVINCIAL-PARA-OBRAS-PUBLICAS-EN-BERAZATEGUI-1-300x200.jpeg","large":"https:\/\/diarioprincipios.com\/wp-content\/uploads\/2021\/01\/EL-MINISTRO-AGUSTIN-SIMONE-GARANTIZO-EL-APOYO-DEL-GOBIERNO-PROVINCIAL-PARA-OBRAS-PUBLICAS-EN-BERAZATEGUI-1-1024x682.jpeg"},"ams_acf":[],"yoast_head":"<!-- This site is optimized with the Yoast SEO plugin v27.3 - https:\/\/yoast.com\/product\/yoast-seo-wordpress\/ -->\n<title>Garantizan apoyo del Gobierno Provincial para Obras P\u00fablicas en Berazategui - Principios<\/title>\n<meta name=\"robots\" content=\"index, follow, max-snippet:-1, max-image-preview:large, max-video-preview:-1\" \/>\n<link rel=\"canonical\" href=\"https:\/\/diarioprincipios.com\/index.php\/2021\/01\/13\/garantizan-apoyo-del-gobierno-provincial-para-obras-publicas-en-berazategui\/\" \/>\n<meta property=\"og:locale\" content=\"es_ES\" \/>\n<meta property=\"og:type\" content=\"article\" \/>\n<meta property=\"og:title\" content=\"Garantizan apoyo del Gobierno Provincial para Obras P\u00fablicas en Berazategui - Principios\" \/>\n<meta property=\"og:description\" content=\"El ministro de Infraestructura y Servicios P\u00fablicos de la provincia de Buenos Aires, Agust\u00edn Simone, y el subsecretario de Recursos H\u00eddricos, Guillermo Jelinski, mantuvieron una reuni\u00f3n en Berazategui con el intendente municipal, Juan Jos\u00e9 Mussi. Durante la visita, dialogaron sobre los avances en los trabajos de perforaci\u00f3n de pozos de agua, adem\u00e1s de planificar diferentes...\" \/>\n<meta property=\"og:url\" content=\"https:\/\/diarioprincipios.com\/index.php\/2021\/01\/13\/garantizan-apoyo-del-gobierno-provincial-para-obras-publicas-en-berazategui\/\" \/>\n<meta property=\"og:site_name\" content=\"Principios\" \/>\n<meta property=\"article:published_time\" content=\"2021-01-13T22:52:56+00:00\" \/>\n<meta property=\"article:modified_time\" content=\"2021-01-13T22:53:01+00:00\" \/>\n<meta property=\"og:image\" content=\"https:\/\/diarioprincipios.com\/wp-content\/uploads\/2021\/01\/EL-MINISTRO-AGUSTIN-SIMONE-GARANTIZO-EL-APOYO-DEL-GOBIERNO-PROVINCIAL-PARA-OBRAS-PUBLICAS-EN-BERAZATEGUI-1.jpeg\" \/>\n\t<meta property=\"og:image:width\" content=\"1280\" \/>\n\t<meta property=\"og:image:height\" content=\"853\" \/>\n\t<meta property=\"og:image:type\" content=\"image\/jpeg\" \/>\n<meta name=\"author\" content=\"Hern\u00e1n L\u00f3pez\" \/>\n<meta name=\"twitter:card\" content=\"summary_large_image\" \/>\n<meta name=\"twitter:label1\" content=\"Escrito por\" \/>\n\t<meta name=\"twitter:data1\" content=\"Hern\u00e1n L\u00f3pez\" \/>\n\t<meta name=\"twitter:label2\" content=\"Tiempo de lectura\" \/>\n\t<meta name=\"twitter:data2\" content=\"2 minutos\" \/>\n<script type=\"application\/ld+json\" class=\"yoast-schema-graph\">{\"@context\":\"https:\\\/\\\/schema.org\",\"@graph\":[{\"@type\":\"Article\",\"@id\":\"https:\\\/\\\/diarioprincipios.com\\\/index.php\\\/2021\\\/01\\\/13\\\/garantizan-apoyo-del-gobierno-provincial-para-obras-publicas-en-berazategui\\\/#article\",\"isPartOf\":{\"@id\":\"https:\\\/\\\/diarioprincipios.com\\\/index.php\\\/2021\\\/01\\\/13\\\/garantizan-apoyo-del-gobierno-provincial-para-obras-publicas-en-berazategui\\\/\"},\"author\":{\"name\":\"Hern\u00e1n L\u00f3pez\",\"@id\":\"https:\\\/\\\/diarioprincipios.com\\\/#\\\/schema\\\/person\\\/436d5a1fd41a5e250e23ff5a6a7cb080\"},\"headline\":\"Garantizan apoyo del Gobierno Provincial para Obras P\u00fablicas en Berazategui\",\"datePublished\":\"2021-01-13T22:52:56+00:00\",\"dateModified\":\"2021-01-13T22:53:01+00:00\",\"mainEntityOfPage\":{\"@id\":\"https:\\\/\\\/diarioprincipios.com\\\/index.php\\\/2021\\\/01\\\/13\\\/garantizan-apoyo-del-gobierno-provincial-para-obras-publicas-en-berazategui\\\/\"},\"wordCount\":381,\"commentCount\":0,\"publisher\":{\"@id\":\"https:\\\/\\\/diarioprincipios.com\\\/#organization\"},\"image\":{\"@id\":\"https:\\\/\\\/diarioprincipios.com\\\/index.php\\\/2021\\\/01\\\/13\\\/garantizan-apoyo-del-gobierno-provincial-para-obras-publicas-en-berazategui\\\/#primaryimage\"},\"thumbnailUrl\":\"https:\\\/\\\/diarioprincipios.com\\\/wp-content\\\/uploads\\\/2021\\\/01\\\/EL-MINISTRO-AGUSTIN-SIMONE-GARANTIZO-EL-APOYO-DEL-GOBIERNO-PROVINCIAL-PARA-OBRAS-PUBLICAS-EN-BERAZATEGUI-1.jpeg\",\"articleSection\":[\"Berazategui\"],\"inLanguage\":\"es\",\"potentialAction\":[{\"@type\":\"CommentAction\",\"name\":\"Comment\",\"target\":[\"https:\\\/\\\/diarioprincipios.com\\\/index.php\\\/2021\\\/01\\\/13\\\/garantizan-apoyo-del-gobierno-provincial-para-obras-publicas-en-berazategui\\\/#respond\"]}]},{\"@type\":\"WebPage\",\"@id\":\"https:\\\/\\\/diarioprincipios.com\\\/index.php\\\/2021\\\/01\\\/13\\\/garantizan-apoyo-del-gobierno-provincial-para-obras-publicas-en-berazategui\\\/\",\"url\":\"https:\\\/\\\/diarioprincipios.com\\\/index.php\\\/2021\\\/01\\\/13\\\/garantizan-apoyo-del-gobierno-provincial-para-obras-publicas-en-berazategui\\\/\",\"name\":\"Garantizan apoyo del Gobierno Provincial para Obras P\u00fablicas en Berazategui - Principios\",\"isPartOf\":{\"@id\":\"https:\\\/\\\/diarioprincipios.com\\\/#website\"},\"primaryImageOfPage\":{\"@id\":\"https:\\\/\\\/diarioprincipios.com\\\/index.php\\\/2021\\\/01\\\/13\\\/garantizan-apoyo-del-gobierno-provincial-para-obras-publicas-en-berazategui\\\/#primaryimage\"},\"image\":{\"@id\":\"https:\\\/\\\/diarioprincipios.com\\\/index.php\\\/2021\\\/01\\\/13\\\/garantizan-apoyo-del-gobierno-provincial-para-obras-publicas-en-berazategui\\\/#primaryimage\"},\"thumbnailUrl\":\"https:\\\/\\\/diarioprincipios.com\\\/wp-content\\\/uploads\\\/2021\\\/01\\\/EL-MINISTRO-AGUSTIN-SIMONE-GARANTIZO-EL-APOYO-DEL-GOBIERNO-PROVINCIAL-PARA-OBRAS-PUBLICAS-EN-BERAZATEGUI-1.jpeg\",\"datePublished\":\"2021-01-13T22:52:56+00:00\",\"dateModified\":\"2021-01-13T22:53:01+00:00\",\"breadcrumb\":{\"@id\":\"https:\\\/\\\/diarioprincipios.com\\\/index.php\\\/2021\\\/01\\\/13\\\/garantizan-apoyo-del-gobierno-provincial-para-obras-publicas-en-berazategui\\\/#breadcrumb\"},\"inLanguage\":\"es\",\"potentialAction\":[{\"@type\":\"ReadAction\",\"target\":[\"https:\\\/\\\/diarioprincipios.com\\\/index.php\\\/2021\\\/01\\\/13\\\/garantizan-apoyo-del-gobierno-provincial-para-obras-publicas-en-berazategui\\\/\"]}]},{\"@type\":\"ImageObject\",\"inLanguage\":\"es\",\"@id\":\"https:\\\/\\\/diarioprincipios.com\\\/index.php\\\/2021\\\/01\\\/13\\\/garantizan-apoyo-del-gobierno-provincial-para-obras-publicas-en-berazategui\\\/#primaryimage\",\"url\":\"https:\\\/\\\/diarioprincipios.com\\\/wp-content\\\/uploads\\\/2021\\\/01\\\/EL-MINISTRO-AGUSTIN-SIMONE-GARANTIZO-EL-APOYO-DEL-GOBIERNO-PROVINCIAL-PARA-OBRAS-PUBLICAS-EN-BERAZATEGUI-1.jpeg\",\"contentUrl\":\"https:\\\/\\\/diarioprincipios.com\\\/wp-content\\\/uploads\\\/2021\\\/01\\\/EL-MINISTRO-AGUSTIN-SIMONE-GARANTIZO-EL-APOYO-DEL-GOBIERNO-PROVINCIAL-PARA-OBRAS-PUBLICAS-EN-BERAZATEGUI-1.jpeg\",\"width\":1280,\"height\":853},{\"@type\":\"BreadcrumbList\",\"@id\":\"https:\\\/\\\/diarioprincipios.com\\\/index.php\\\/2021\\\/01\\\/13\\\/garantizan-apoyo-del-gobierno-provincial-para-obras-publicas-en-berazategui\\\/#breadcrumb\",\"itemListElement\":[{\"@type\":\"ListItem\",\"position\":1,\"name\":\"Portada\",\"item\":\"https:\\\/\\\/diarioprincipios.com\\\/\"},{\"@type\":\"ListItem\",\"position\":2,\"name\":\"Garantizan apoyo del Gobierno Provincial para Obras P\u00fablicas en Berazategui\"}]},{\"@type\":\"WebSite\",\"@id\":\"https:\\\/\\\/diarioprincipios.com\\\/#website\",\"url\":\"https:\\\/\\\/diarioprincipios.com\\\/\",\"name\":\"Principios\",\"description\":\"Principios Diario\",\"publisher\":{\"@id\":\"https:\\\/\\\/diarioprincipios.com\\\/#organization\"},\"potentialAction\":[{\"@type\":\"SearchAction\",\"target\":{\"@type\":\"EntryPoint\",\"urlTemplate\":\"https:\\\/\\\/diarioprincipios.com\\\/?s={search_term_string}\"},\"query-input\":{\"@type\":\"PropertyValueSpecification\",\"valueRequired\":true,\"valueName\":\"search_term_string\"}}],\"inLanguage\":\"es\"},{\"@type\":\"Organization\",\"@id\":\"https:\\\/\\\/diarioprincipios.com\\\/#organization\",\"name\":\"Principios\",\"url\":\"https:\\\/\\\/diarioprincipios.com\\\/\",\"logo\":{\"@type\":\"ImageObject\",\"inLanguage\":\"es\",\"@id\":\"https:\\\/\\\/diarioprincipios.com\\\/#\\\/schema\\\/logo\\\/image\\\/\",\"url\":\"https:\\\/\\\/diarioprincipios.com\\\/wp-content\\\/uploads\\\/2024\\\/04\\\/cropped-www.diarioprincipios.com_-1.png\",\"contentUrl\":\"https:\\\/\\\/diarioprincipios.com\\\/wp-content\\\/uploads\\\/2024\\\/04\\\/cropped-www.diarioprincipios.com_-1.png\",\"width\":5325,\"height\":1454,\"caption\":\"Principios\"},\"image\":{\"@id\":\"https:\\\/\\\/diarioprincipios.com\\\/#\\\/schema\\\/logo\\\/image\\\/\"}},{\"@type\":\"Person\",\"@id\":\"https:\\\/\\\/diarioprincipios.com\\\/#\\\/schema\\\/person\\\/436d5a1fd41a5e250e23ff5a6a7cb080\",\"name\":\"Hern\u00e1n L\u00f3pez\",\"image\":{\"@type\":\"ImageObject\",\"inLanguage\":\"es\",\"@id\":\"https:\\\/\\\/diarioprincipios.com\\\/wp-content\\\/litespeed\\\/avatar\\\/11ddfe5610ff3bd100522525b2571f48.jpg?ver=1777048341\",\"url\":\"https:\\\/\\\/diarioprincipios.com\\\/wp-content\\\/litespeed\\\/avatar\\\/11ddfe5610ff3bd100522525b2571f48.jpg?ver=1777048341\",\"contentUrl\":\"https:\\\/\\\/diarioprincipios.com\\\/wp-content\\\/litespeed\\\/avatar\\\/11ddfe5610ff3bd100522525b2571f48.jpg?ver=1777048341\",\"caption\":\"Hern\u00e1n L\u00f3pez\"},\"url\":\"https:\\\/\\\/diarioprincipios.com\\\/index.php\\\/author\\\/hernan\\\/\"}]}<\/script>\n<!-- \/ Yoast SEO plugin. -->","yoast_head_json":{"title":"Garantizan apoyo del Gobierno Provincial para Obras P\u00fablicas en Berazategui - Principios","robots":{"index":"index","follow":"follow","max-snippet":"max-snippet:-1","max-image-preview":"max-image-preview:large","max-video-preview":"max-video-preview:-1"},"canonical":"https:\/\/diarioprincipios.com\/index.php\/2021\/01\/13\/garantizan-apoyo-del-gobierno-provincial-para-obras-publicas-en-berazategui\/","og_locale":"es_ES","og_type":"article","og_title":"Garantizan apoyo del Gobierno Provincial para Obras P\u00fablicas en Berazategui - Principios","og_description":"El ministro de Infraestructura y Servicios P\u00fablicos de la provincia de Buenos Aires, Agust\u00edn Simone, y el subsecretario de Recursos H\u00eddricos, Guillermo Jelinski, mantuvieron una reuni\u00f3n en Berazategui con el intendente municipal, Juan Jos\u00e9 Mussi. Durante la visita, dialogaron sobre los avances en los trabajos de perforaci\u00f3n de pozos de agua, adem\u00e1s de planificar diferentes...","og_url":"https:\/\/diarioprincipios.com\/index.php\/2021\/01\/13\/garantizan-apoyo-del-gobierno-provincial-para-obras-publicas-en-berazategui\/","og_site_name":"Principios","article_published_time":"2021-01-13T22:52:56+00:00","article_modified_time":"2021-01-13T22:53:01+00:00","og_image":[{"width":1280,"height":853,"url":"https:\/\/diarioprincipios.com\/wp-content\/uploads\/2021\/01\/EL-MINISTRO-AGUSTIN-SIMONE-GARANTIZO-EL-APOYO-DEL-GOBIERNO-PROVINCIAL-PARA-OBRAS-PUBLICAS-EN-BERAZATEGUI-1.jpeg","type":"image\/jpeg"}],"author":"Hern\u00e1n L\u00f3pez","twitter_card":"summary_large_image","twitter_misc":{"Escrito por":"Hern\u00e1n L\u00f3pez","Tiempo de lectura":"2 minutos"},"schema":{"@context":"https:\/\/schema.org","@graph":[{"@type":"Article","@id":"https:\/\/diarioprincipios.com\/index.php\/2021\/01\/13\/garantizan-apoyo-del-gobierno-provincial-para-obras-publicas-en-berazategui\/#article","isPartOf":{"@id":"https:\/\/diarioprincipios.com\/index.php\/2021\/01\/13\/garantizan-apoyo-del-gobierno-provincial-para-obras-publicas-en-berazategui\/"},"author":{"name":"Hern\u00e1n L\u00f3pez","@id":"https:\/\/diarioprincipios.com\/#\/schema\/person\/436d5a1fd41a5e250e23ff5a6a7cb080"},"headline":"Garantizan apoyo del Gobierno Provincial para Obras P\u00fablicas en Berazategui","datePublished":"2021-01-13T22:52:56+00:00","dateModified":"2021-01-13T22:53:01+00:00","mainEntityOfPage":{"@id":"https:\/\/diarioprincipios.com\/index.php\/2021\/01\/13\/garantizan-apoyo-del-gobierno-provincial-para-obras-publicas-en-berazategui\/"},"wordCount":381,"commentCount":0,"publisher":{"@id":"https:\/\/diarioprincipios.com\/#organization"},"image":{"@id":"https:\/\/diarioprincipios.com\/index.php\/2021\/01\/13\/garantizan-apoyo-del-gobierno-provincial-para-obras-publicas-en-berazategui\/#primaryimage"},"thumbnailUrl":"https:\/\/diarioprincipios.com\/wp-content\/uploads\/2021\/01\/EL-MINISTRO-AGUSTIN-SIMONE-GARANTIZO-EL-APOYO-DEL-GOBIERNO-PROVINCIAL-PARA-OBRAS-PUBLICAS-EN-BERAZATEGUI-1.jpeg","articleSection":["Berazategui"],"inLanguage":"es","potentialAction":[{"@type":"CommentAction","name":"Comment","target":["https:\/\/diarioprincipios.com\/index.php\/2021\/01\/13\/garantizan-apoyo-del-gobierno-provincial-para-obras-publicas-en-berazategui\/#respond"]}]},{"@type":"WebPage","@id":"https:\/\/diarioprincipios.com\/index.php\/2021\/01\/13\/garantizan-apoyo-del-gobierno-provincial-para-obras-publicas-en-berazategui\/","url":"https:\/\/diarioprincipios.com\/index.php\/2021\/01\/13\/garantizan-apoyo-del-gobierno-provincial-para-obras-publicas-en-berazategui\/","name":"Garantizan apoyo del Gobierno Provincial para Obras P\u00fablicas en Berazategui - Principios","isPartOf":{"@id":"https:\/\/diarioprincipios.com\/#website"},"primaryImageOfPage":{"@id":"https:\/\/diarioprincipios.com\/index.php\/2021\/01\/13\/garantizan-apoyo-del-gobierno-provincial-para-obras-publicas-en-berazategui\/#primaryimage"},"image":{"@id":"https:\/\/diarioprincipios.com\/index.php\/2021\/01\/13\/garantizan-apoyo-del-gobierno-provincial-para-obras-publicas-en-berazategui\/#primaryimage"},"thumbnailUrl":"https:\/\/diarioprincipios.com\/wp-content\/uploads\/2021\/01\/EL-MINISTRO-AGUSTIN-SIMONE-GARANTIZO-EL-APOYO-DEL-GOBIERNO-PROVINCIAL-PARA-OBRAS-PUBLICAS-EN-BERAZATEGUI-1.jpeg","datePublished":"2021-01-13T22:52:56+00:00","dateModified":"2021-01-13T22:53:01+00:00","breadcrumb":{"@id":"https:\/\/diarioprincipios.com\/index.php\/2021\/01\/13\/garantizan-apoyo-del-gobierno-provincial-para-obras-publicas-en-berazategui\/#breadcrumb"},"inLanguage":"es","potentialAction":[{"@type":"ReadAction","target":["https:\/\/diarioprincipios.com\/index.php\/2021\/01\/13\/garantizan-apoyo-del-gobierno-provincial-para-obras-publicas-en-berazategui\/"]}]},{"@type":"ImageObject","inLanguage":"es","@id":"https:\/\/diarioprincipios.com\/index.php\/2021\/01\/13\/garantizan-apoyo-del-gobierno-provincial-para-obras-publicas-en-berazategui\/#primaryimage","url":"https:\/\/diarioprincipios.com\/wp-content\/uploads\/2021\/01\/EL-MINISTRO-AGUSTIN-SIMONE-GARANTIZO-EL-APOYO-DEL-GOBIERNO-PROVINCIAL-PARA-OBRAS-PUBLICAS-EN-BERAZATEGUI-1.jpeg","contentUrl":"https:\/\/diarioprincipios.com\/wp-content\/uploads\/2021\/01\/EL-MINISTRO-AGUSTIN-SIMONE-GARANTIZO-EL-APOYO-DEL-GOBIERNO-PROVINCIAL-PARA-OBRAS-PUBLICAS-EN-BERAZATEGUI-1.jpeg","width":1280,"height":853},{"@type":"BreadcrumbList","@id":"https:\/\/diarioprincipios.com\/index.php\/2021\/01\/13\/garantizan-apoyo-del-gobierno-provincial-para-obras-publicas-en-berazategui\/#breadcrumb","itemListElement":[{"@type":"ListItem","position":1,"name":"Portada","item":"https:\/\/diarioprincipios.com\/"},{"@type":"ListItem","position":2,"name":"Garantizan apoyo del Gobierno Provincial para Obras P\u00fablicas en Berazategui"}]},{"@type":"WebSite","@id":"https:\/\/diarioprincipios.com\/#website","url":"https:\/\/diarioprincipios.com\/","name":"Principios","description":"Principios Diario","publisher":{"@id":"https:\/\/diarioprincipios.com\/#organization"},"potentialAction":[{"@type":"SearchAction","target":{"@type":"EntryPoint","urlTemplate":"https:\/\/diarioprincipios.com\/?s={search_term_string}"},"query-input":{"@type":"PropertyValueSpecification","valueRequired":true,"valueName":"search_term_string"}}],"inLanguage":"es"},{"@type":"Organization","@id":"https:\/\/diarioprincipios.com\/#organization","name":"Principios","url":"https:\/\/diarioprincipios.com\/","logo":{"@type":"ImageObject","inLanguage":"es","@id":"https:\/\/diarioprincipios.com\/#\/schema\/logo\/image\/","url":"https:\/\/diarioprincipios.com\/wp-content\/uploads\/2024\/04\/cropped-www.diarioprincipios.com_-1.png","contentUrl":"https:\/\/diarioprincipios.com\/wp-content\/uploads\/2024\/04\/cropped-www.diarioprincipios.com_-1.png","width":5325,"height":1454,"caption":"Principios"},"image":{"@id":"https:\/\/diarioprincipios.com\/#\/schema\/logo\/image\/"}},{"@type":"Person","@id":"https:\/\/diarioprincipios.com\/#\/schema\/person\/436d5a1fd41a5e250e23ff5a6a7cb080","name":"Hern\u00e1n L\u00f3pez","image":{"@type":"ImageObject","inLanguage":"es","@id":"https:\/\/diarioprincipios.com\/wp-content\/litespeed\/avatar\/11ddfe5610ff3bd100522525b2571f48.jpg?ver=1777048341","url":"https:\/\/diarioprincipios.com\/wp-content\/litespeed\/avatar\/11ddfe5610ff3bd100522525b2571f48.jpg?ver=1777048341","contentUrl":"https:\/\/diarioprincipios.com\/wp-content\/litespeed\/avatar\/11ddfe5610ff3bd100522525b2571f48.jpg?ver=1777048341","caption":"Hern\u00e1n L\u00f3pez"},"url":"https:\/\/diarioprincipios.com\/index.php\/author\/hernan\/"}]}},"jetpack_featured_media_url":"https:\/\/diarioprincipios.com\/wp-content\/uploads\/2021\/01\/EL-MINISTRO-AGUSTIN-SIMONE-GARANTIZO-EL-APOYO-DEL-GOBIERNO-PROVINCIAL-PARA-OBRAS-PUBLICAS-EN-BERAZATEGUI-1.jpeg","_links":{"self":[{"href":"https:\/\/diarioprincipios.com\/index.php\/wp-json\/wp\/v2\/posts\/8165","targetHints":{"allow":["GET"]}}],"collection":[{"href":"https:\/\/diarioprincipios.com\/index.php\/wp-json\/wp\/v2\/posts"}],"about":[{"href":"https:\/\/diarioprincipios.com\/index.php\/wp-json\/wp\/v2\/types\/post"}],"author":[{"embeddable":true,"href":"https:\/\/diarioprincipios.com\/index.php\/wp-json\/wp\/v2\/users\/2"}],"replies":[{"embeddable":true,"href":"https:\/\/diarioprincipios.com\/index.php\/wp-json\/wp\/v2\/comments?post=8165"}],"version-history":[{"count":1,"href":"https:\/\/diarioprincipios.com\/index.php\/wp-json\/wp\/v2\/posts\/8165\/revisions"}],"predecessor-version":[{"id":8168,"href":"https:\/\/diarioprincipios.com\/index.php\/wp-json\/wp\/v2\/posts\/8165\/revisions\/8168"}],"wp:featuredmedia":[{"embeddable":true,"href":"https:\/\/diarioprincipios.com\/index.php\/wp-json\/wp\/v2\/media\/8167"}],"wp:attachment":[{"href":"https:\/\/diarioprincipios.com\/index.php\/wp-json\/wp\/v2\/media?parent=8165"}],"wp:term":[{"taxonomy":"category","embeddable":true,"href":"https:\/\/diarioprincipios.com\/index.php\/wp-json\/wp\/v2\/categories?post=8165"},{"taxonomy":"post_tag","embeddable":true,"href":"https:\/\/diarioprincipios.com\/index.php\/wp-json\/wp\/v2\/tags?post=8165"}],"curies":[{"name":"wp","href":"https:\/\/api.w.org\/{rel}","templated":true}]}}