{"id":8162,"date":"2021-01-13T14:21:35","date_gmt":"2021-01-13T17:21:35","guid":{"rendered":"http:\/\/diarioprincipios.com\/?p=8162"},"modified":"2021-01-13T14:21:41","modified_gmt":"2021-01-13T17:21:41","slug":"berazategui-refuerza-medidas-contra-el-covid-con-diversas-acciones","status":"publish","type":"post","link":"https:\/\/diarioprincipios.com\/index.php\/2021\/01\/13\/berazategui-refuerza-medidas-contra-el-covid-con-diversas-acciones\/","title":{"rendered":"Berazategui refuerza medidas contra el Covid con diversas acciones"},"content":{"rendered":"\n<p><strong>Con el fin de reforzar las medidas preventivas contra el coronavirus (COVID-19), en el transcurso de la semana pasada personal del Ministerio de Salud de la provincia de Buenos Aires llev\u00f3 adelante en distintos barrios de Berazategui el operativo de Seroprevalencia, que consiste en tomar, de forma voluntaria, una muestra de sangre de un dedo para identificar si la persona tuvo contacto con el virus y desarroll\u00f3 anticuerpos.<\/strong><\/p>\n\n\n\n<p>\u201cSi bien el procedimiento es muy parecido al que realizamos durante el Dispositivo Estrat\u00e9gico de Testeo para Coronavirus en Territorio de Argentina (DETeCTAr), el objetivo del de Seroprevalencia es detectar a personas asintom\u00e1ticas. El equipo est\u00e1 conformado por profesionales de la salud y, en esta etapa, volvimos a los lugares de Berazategui donde ya hab\u00edamos tomado muestras anteriormente\u201d, explic\u00f3 uno de los representantes del Ministerio de Salud de la provincia de Buenos Aires, Mat\u00edas Cipriano, coordinador del operativo.<\/p>\n\n\n\n<p>\u201cTentativamente, tenemos dos semanas m\u00e1s de trabajo en la zona y, por suerte, la recepci\u00f3n es muy buena, con muchos vecinos sum\u00e1ndose voluntariamente a los testeos serol\u00f3gicos\u201d, resalt\u00f3 el profesional, y advirti\u00f3 que \u201ces muy importante que en este momento no nos relajemos, porque el virus est\u00e1 y la manera m\u00e1s efectiva de bajar la cadena de contagios es tomando cuidados individuales, incorporando las recomendaciones del \u00e1rea de Salud con relaci\u00f3n a las medidas preventivas frente al COVID-19\u201d.<\/p>\n\n\n\n<p>Al respecto, Germ\u00e1n De la Serna, uno de los enfermeros de la Secretar\u00eda de Salud de la Municipalidad de Berazategui que participa de los operativos, indic\u00f3 que entre los principales objetivos de estas jornadas, al igual que en las del DETeCTAr, es tambi\u00e9n mantener informada a la comunidad. \u201cM\u00e1s all\u00e1 de que la vacunaci\u00f3n se est\u00e1 implementando de a poco, el aislamiento es actualmente el mayor factor preventivo, porque la pandemia no se termin\u00f3 y debemos seguir cuid\u00e1ndonos. Por eso, adem\u00e1s de los testeos, tambi\u00e9n aprovechamos estas acciones conjuntas con el Gobierno de la provincia de Buenos Aires para concientizar a los vecinos\u201d, se\u00f1al\u00f3.<\/p>\n\n\n\n<p>Ethel Bianchi, una de las vecinas que accedi\u00f3 a la realizaci\u00f3n del estudio, expres\u00f3: \u201cVino el personal del operativo a hacerme el testeo y la verdad es que estoy muy conforme y agradecida, porque estas son las medidas adecuadas\u201d. Otra de las voluntarias, Celia Espinoza, destac\u00f3: \u201cPasaron por mi casa los profesionales de salud del Municipio y de la Provincia para hacerme el estudio de Seroprevalencia. Fueron muy amables y atentos, y me explicaron que en un per\u00edodo de entre 10 y 15 d\u00edas sabr\u00e9 el resultado del an\u00e1lisis\u201d.<\/p>\n\n\n\n<p>El testeo es voluntario y se realiza a una persona por hogar, quien debe ser mayor de 18 a\u00f1os y no presentar s\u00edntomas compatibles con la enfermedad.<\/p>\n\n\n\n<figure class=\"wp-block-image\"><img decoding=\"async\" src=\"https:\/\/ecp.yusercontent.com\/mail?url=https%3A%2F%2Fdocs.google.com%2Fuc%3Fexport%3Ddownload%26id%3D1O9ySDGVjFwLiWj3yWiMdjtCw6pHI7T-F%26revid%3D0B9CZhG6aa0VidWpSQjZNZGVndGpYeWM5ZWtiUFNuM1JQV3U4PQ&amp;t=1610496357&amp;ymreqid=5799fcab-b43d-2794-2220-750001019700&amp;sig=QnCZ3wM6GkiDg8w6gtZdjg--~D\" alt=\"\"\/><\/figure>\n","protected":false},"excerpt":{"rendered":"<p>Con el fin de reforzar las medidas preventivas contra el coronavirus (COVID-19), en el transcurso de la semana pasada personal del Ministerio de Salud de la provincia de Buenos Aires llev\u00f3 adelante en distintos barrios de Berazategui el operativo de Seroprevalencia, que consiste en tomar, de forma voluntaria, una muestra de sangre de un dedo&#8230;<\/p>\n","protected":false},"author":2,"featured_media":8163,"comment_status":"open","ping_status":"open","sticky":false,"template":"","format":"standard","meta":{"footnotes":""},"categories":[3],"tags":[],"class_list":["post-8162","post","type-post","status-publish","format-standard","has-post-thumbnail","hentry","category-berazategui"],"featured_image_src":"https:\/\/diarioprincipios.com\/wp-content\/uploads\/2021\/01\/20210113_141826-1024x596.jpg","blog_images":{"medium":"https:\/\/diarioprincipios.com\/wp-content\/uploads\/2021\/01\/20210113_141826-300x175.jpg","large":"https:\/\/diarioprincipios.com\/wp-content\/uploads\/2021\/01\/20210113_141826-1024x596.jpg"},"ams_acf":[],"yoast_head":"<!-- This site is optimized with the Yoast SEO plugin v27.3 - https:\/\/yoast.com\/product\/yoast-seo-wordpress\/ -->\n<title>Berazategui refuerza medidas contra el Covid con diversas acciones - Principios<\/title>\n<meta name=\"robots\" content=\"index, follow, max-snippet:-1, max-image-preview:large, max-video-preview:-1\" \/>\n<link rel=\"canonical\" href=\"https:\/\/diarioprincipios.com\/index.php\/2021\/01\/13\/berazategui-refuerza-medidas-contra-el-covid-con-diversas-acciones\/\" \/>\n<meta property=\"og:locale\" content=\"es_ES\" \/>\n<meta property=\"og:type\" content=\"article\" \/>\n<meta property=\"og:title\" content=\"Berazategui refuerza medidas contra el Covid con diversas acciones - Principios\" \/>\n<meta property=\"og:description\" content=\"Con el fin de reforzar las medidas preventivas contra el coronavirus (COVID-19), en el transcurso de la semana pasada personal del Ministerio de Salud de la provincia de Buenos Aires llev\u00f3 adelante en distintos barrios de Berazategui el operativo de Seroprevalencia, que consiste en tomar, de forma voluntaria, una muestra de sangre de un dedo...\" \/>\n<meta property=\"og:url\" content=\"https:\/\/diarioprincipios.com\/index.php\/2021\/01\/13\/berazategui-refuerza-medidas-contra-el-covid-con-diversas-acciones\/\" \/>\n<meta property=\"og:site_name\" content=\"Principios\" \/>\n<meta property=\"article:published_time\" content=\"2021-01-13T17:21:35+00:00\" \/>\n<meta property=\"article:modified_time\" content=\"2021-01-13T17:21:41+00:00\" \/>\n<meta property=\"og:image\" content=\"https:\/\/diarioprincipios.com\/wp-content\/uploads\/2021\/01\/20210113_141826.jpg\" \/>\n\t<meta property=\"og:image:width\" content=\"1607\" \/>\n\t<meta property=\"og:image:height\" content=\"935\" \/>\n\t<meta property=\"og:image:type\" content=\"image\/jpeg\" \/>\n<meta name=\"author\" content=\"Hern\u00e1n L\u00f3pez\" \/>\n<meta name=\"twitter:card\" content=\"summary_large_image\" \/>\n<meta name=\"twitter:label1\" content=\"Escrito por\" \/>\n\t<meta name=\"twitter:data1\" content=\"Hern\u00e1n L\u00f3pez\" \/>\n\t<meta name=\"twitter:label2\" content=\"Tiempo de lectura\" \/>\n\t<meta name=\"twitter:data2\" content=\"2 minutos\" \/>\n<script type=\"application\/ld+json\" class=\"yoast-schema-graph\">{\"@context\":\"https:\\\/\\\/schema.org\",\"@graph\":[{\"@type\":\"Article\",\"@id\":\"https:\\\/\\\/diarioprincipios.com\\\/index.php\\\/2021\\\/01\\\/13\\\/berazategui-refuerza-medidas-contra-el-covid-con-diversas-acciones\\\/#article\",\"isPartOf\":{\"@id\":\"https:\\\/\\\/diarioprincipios.com\\\/index.php\\\/2021\\\/01\\\/13\\\/berazategui-refuerza-medidas-contra-el-covid-con-diversas-acciones\\\/\"},\"author\":{\"name\":\"Hern\u00e1n L\u00f3pez\",\"@id\":\"https:\\\/\\\/diarioprincipios.com\\\/#\\\/schema\\\/person\\\/436d5a1fd41a5e250e23ff5a6a7cb080\"},\"headline\":\"Berazategui refuerza medidas contra el Covid con diversas acciones\",\"datePublished\":\"2021-01-13T17:21:35+00:00\",\"dateModified\":\"2021-01-13T17:21:41+00:00\",\"mainEntityOfPage\":{\"@id\":\"https:\\\/\\\/diarioprincipios.com\\\/index.php\\\/2021\\\/01\\\/13\\\/berazategui-refuerza-medidas-contra-el-covid-con-diversas-acciones\\\/\"},\"wordCount\":475,\"commentCount\":0,\"publisher\":{\"@id\":\"https:\\\/\\\/diarioprincipios.com\\\/#organization\"},\"image\":{\"@id\":\"https:\\\/\\\/diarioprincipios.com\\\/index.php\\\/2021\\\/01\\\/13\\\/berazategui-refuerza-medidas-contra-el-covid-con-diversas-acciones\\\/#primaryimage\"},\"thumbnailUrl\":\"https:\\\/\\\/diarioprincipios.com\\\/wp-content\\\/uploads\\\/2021\\\/01\\\/20210113_141826.jpg\",\"articleSection\":[\"Berazategui\"],\"inLanguage\":\"es\",\"potentialAction\":[{\"@type\":\"CommentAction\",\"name\":\"Comment\",\"target\":[\"https:\\\/\\\/diarioprincipios.com\\\/index.php\\\/2021\\\/01\\\/13\\\/berazategui-refuerza-medidas-contra-el-covid-con-diversas-acciones\\\/#respond\"]}]},{\"@type\":\"WebPage\",\"@id\":\"https:\\\/\\\/diarioprincipios.com\\\/index.php\\\/2021\\\/01\\\/13\\\/berazategui-refuerza-medidas-contra-el-covid-con-diversas-acciones\\\/\",\"url\":\"https:\\\/\\\/diarioprincipios.com\\\/index.php\\\/2021\\\/01\\\/13\\\/berazategui-refuerza-medidas-contra-el-covid-con-diversas-acciones\\\/\",\"name\":\"Berazategui refuerza medidas contra el Covid con diversas acciones - Principios\",\"isPartOf\":{\"@id\":\"https:\\\/\\\/diarioprincipios.com\\\/#website\"},\"primaryImageOfPage\":{\"@id\":\"https:\\\/\\\/diarioprincipios.com\\\/index.php\\\/2021\\\/01\\\/13\\\/berazategui-refuerza-medidas-contra-el-covid-con-diversas-acciones\\\/#primaryimage\"},\"image\":{\"@id\":\"https:\\\/\\\/diarioprincipios.com\\\/index.php\\\/2021\\\/01\\\/13\\\/berazategui-refuerza-medidas-contra-el-covid-con-diversas-acciones\\\/#primaryimage\"},\"thumbnailUrl\":\"https:\\\/\\\/diarioprincipios.com\\\/wp-content\\\/uploads\\\/2021\\\/01\\\/20210113_141826.jpg\",\"datePublished\":\"2021-01-13T17:21:35+00:00\",\"dateModified\":\"2021-01-13T17:21:41+00:00\",\"breadcrumb\":{\"@id\":\"https:\\\/\\\/diarioprincipios.com\\\/index.php\\\/2021\\\/01\\\/13\\\/berazategui-refuerza-medidas-contra-el-covid-con-diversas-acciones\\\/#breadcrumb\"},\"inLanguage\":\"es\",\"potentialAction\":[{\"@type\":\"ReadAction\",\"target\":[\"https:\\\/\\\/diarioprincipios.com\\\/index.php\\\/2021\\\/01\\\/13\\\/berazategui-refuerza-medidas-contra-el-covid-con-diversas-acciones\\\/\"]}]},{\"@type\":\"ImageObject\",\"inLanguage\":\"es\",\"@id\":\"https:\\\/\\\/diarioprincipios.com\\\/index.php\\\/2021\\\/01\\\/13\\\/berazategui-refuerza-medidas-contra-el-covid-con-diversas-acciones\\\/#primaryimage\",\"url\":\"https:\\\/\\\/diarioprincipios.com\\\/wp-content\\\/uploads\\\/2021\\\/01\\\/20210113_141826.jpg\",\"contentUrl\":\"https:\\\/\\\/diarioprincipios.com\\\/wp-content\\\/uploads\\\/2021\\\/01\\\/20210113_141826.jpg\",\"width\":1607,\"height\":935},{\"@type\":\"BreadcrumbList\",\"@id\":\"https:\\\/\\\/diarioprincipios.com\\\/index.php\\\/2021\\\/01\\\/13\\\/berazategui-refuerza-medidas-contra-el-covid-con-diversas-acciones\\\/#breadcrumb\",\"itemListElement\":[{\"@type\":\"ListItem\",\"position\":1,\"name\":\"Portada\",\"item\":\"https:\\\/\\\/diarioprincipios.com\\\/\"},{\"@type\":\"ListItem\",\"position\":2,\"name\":\"Berazategui refuerza medidas contra el Covid con diversas acciones\"}]},{\"@type\":\"WebSite\",\"@id\":\"https:\\\/\\\/diarioprincipios.com\\\/#website\",\"url\":\"https:\\\/\\\/diarioprincipios.com\\\/\",\"name\":\"Principios\",\"description\":\"Principios Diario\",\"publisher\":{\"@id\":\"https:\\\/\\\/diarioprincipios.com\\\/#organization\"},\"potentialAction\":[{\"@type\":\"SearchAction\",\"target\":{\"@type\":\"EntryPoint\",\"urlTemplate\":\"https:\\\/\\\/diarioprincipios.com\\\/?s={search_term_string}\"},\"query-input\":{\"@type\":\"PropertyValueSpecification\",\"valueRequired\":true,\"valueName\":\"search_term_string\"}}],\"inLanguage\":\"es\"},{\"@type\":\"Organization\",\"@id\":\"https:\\\/\\\/diarioprincipios.com\\\/#organization\",\"name\":\"Principios\",\"url\":\"https:\\\/\\\/diarioprincipios.com\\\/\",\"logo\":{\"@type\":\"ImageObject\",\"inLanguage\":\"es\",\"@id\":\"https:\\\/\\\/diarioprincipios.com\\\/#\\\/schema\\\/logo\\\/image\\\/\",\"url\":\"https:\\\/\\\/diarioprincipios.com\\\/wp-content\\\/uploads\\\/2024\\\/04\\\/cropped-www.diarioprincipios.com_-1.png\",\"contentUrl\":\"https:\\\/\\\/diarioprincipios.com\\\/wp-content\\\/uploads\\\/2024\\\/04\\\/cropped-www.diarioprincipios.com_-1.png\",\"width\":5325,\"height\":1454,\"caption\":\"Principios\"},\"image\":{\"@id\":\"https:\\\/\\\/diarioprincipios.com\\\/#\\\/schema\\\/logo\\\/image\\\/\"}},{\"@type\":\"Person\",\"@id\":\"https:\\\/\\\/diarioprincipios.com\\\/#\\\/schema\\\/person\\\/436d5a1fd41a5e250e23ff5a6a7cb080\",\"name\":\"Hern\u00e1n L\u00f3pez\",\"image\":{\"@type\":\"ImageObject\",\"inLanguage\":\"es\",\"@id\":\"https:\\\/\\\/diarioprincipios.com\\\/wp-content\\\/litespeed\\\/avatar\\\/11ddfe5610ff3bd100522525b2571f48.jpg?ver=1777048341\",\"url\":\"https:\\\/\\\/diarioprincipios.com\\\/wp-content\\\/litespeed\\\/avatar\\\/11ddfe5610ff3bd100522525b2571f48.jpg?ver=1777048341\",\"contentUrl\":\"https:\\\/\\\/diarioprincipios.com\\\/wp-content\\\/litespeed\\\/avatar\\\/11ddfe5610ff3bd100522525b2571f48.jpg?ver=1777048341\",\"caption\":\"Hern\u00e1n L\u00f3pez\"},\"url\":\"https:\\\/\\\/diarioprincipios.com\\\/index.php\\\/author\\\/hernan\\\/\"}]}<\/script>\n<!-- \/ Yoast SEO plugin. -->","yoast_head_json":{"title":"Berazategui refuerza medidas contra el Covid con diversas acciones - Principios","robots":{"index":"index","follow":"follow","max-snippet":"max-snippet:-1","max-image-preview":"max-image-preview:large","max-video-preview":"max-video-preview:-1"},"canonical":"https:\/\/diarioprincipios.com\/index.php\/2021\/01\/13\/berazategui-refuerza-medidas-contra-el-covid-con-diversas-acciones\/","og_locale":"es_ES","og_type":"article","og_title":"Berazategui refuerza medidas contra el Covid con diversas acciones - Principios","og_description":"Con el fin de reforzar las medidas preventivas contra el coronavirus (COVID-19), en el transcurso de la semana pasada personal del Ministerio de Salud de la provincia de Buenos Aires llev\u00f3 adelante en distintos barrios de Berazategui el operativo de Seroprevalencia, que consiste en tomar, de forma voluntaria, una muestra de sangre de un dedo...","og_url":"https:\/\/diarioprincipios.com\/index.php\/2021\/01\/13\/berazategui-refuerza-medidas-contra-el-covid-con-diversas-acciones\/","og_site_name":"Principios","article_published_time":"2021-01-13T17:21:35+00:00","article_modified_time":"2021-01-13T17:21:41+00:00","og_image":[{"width":1607,"height":935,"url":"https:\/\/diarioprincipios.com\/wp-content\/uploads\/2021\/01\/20210113_141826.jpg","type":"image\/jpeg"}],"author":"Hern\u00e1n L\u00f3pez","twitter_card":"summary_large_image","twitter_misc":{"Escrito por":"Hern\u00e1n L\u00f3pez","Tiempo de lectura":"2 minutos"},"schema":{"@context":"https:\/\/schema.org","@graph":[{"@type":"Article","@id":"https:\/\/diarioprincipios.com\/index.php\/2021\/01\/13\/berazategui-refuerza-medidas-contra-el-covid-con-diversas-acciones\/#article","isPartOf":{"@id":"https:\/\/diarioprincipios.com\/index.php\/2021\/01\/13\/berazategui-refuerza-medidas-contra-el-covid-con-diversas-acciones\/"},"author":{"name":"Hern\u00e1n L\u00f3pez","@id":"https:\/\/diarioprincipios.com\/#\/schema\/person\/436d5a1fd41a5e250e23ff5a6a7cb080"},"headline":"Berazategui refuerza medidas contra el Covid con diversas acciones","datePublished":"2021-01-13T17:21:35+00:00","dateModified":"2021-01-13T17:21:41+00:00","mainEntityOfPage":{"@id":"https:\/\/diarioprincipios.com\/index.php\/2021\/01\/13\/berazategui-refuerza-medidas-contra-el-covid-con-diversas-acciones\/"},"wordCount":475,"commentCount":0,"publisher":{"@id":"https:\/\/diarioprincipios.com\/#organization"},"image":{"@id":"https:\/\/diarioprincipios.com\/index.php\/2021\/01\/13\/berazategui-refuerza-medidas-contra-el-covid-con-diversas-acciones\/#primaryimage"},"thumbnailUrl":"https:\/\/diarioprincipios.com\/wp-content\/uploads\/2021\/01\/20210113_141826.jpg","articleSection":["Berazategui"],"inLanguage":"es","potentialAction":[{"@type":"CommentAction","name":"Comment","target":["https:\/\/diarioprincipios.com\/index.php\/2021\/01\/13\/berazategui-refuerza-medidas-contra-el-covid-con-diversas-acciones\/#respond"]}]},{"@type":"WebPage","@id":"https:\/\/diarioprincipios.com\/index.php\/2021\/01\/13\/berazategui-refuerza-medidas-contra-el-covid-con-diversas-acciones\/","url":"https:\/\/diarioprincipios.com\/index.php\/2021\/01\/13\/berazategui-refuerza-medidas-contra-el-covid-con-diversas-acciones\/","name":"Berazategui refuerza medidas contra el Covid con diversas acciones - Principios","isPartOf":{"@id":"https:\/\/diarioprincipios.com\/#website"},"primaryImageOfPage":{"@id":"https:\/\/diarioprincipios.com\/index.php\/2021\/01\/13\/berazategui-refuerza-medidas-contra-el-covid-con-diversas-acciones\/#primaryimage"},"image":{"@id":"https:\/\/diarioprincipios.com\/index.php\/2021\/01\/13\/berazategui-refuerza-medidas-contra-el-covid-con-diversas-acciones\/#primaryimage"},"thumbnailUrl":"https:\/\/diarioprincipios.com\/wp-content\/uploads\/2021\/01\/20210113_141826.jpg","datePublished":"2021-01-13T17:21:35+00:00","dateModified":"2021-01-13T17:21:41+00:00","breadcrumb":{"@id":"https:\/\/diarioprincipios.com\/index.php\/2021\/01\/13\/berazategui-refuerza-medidas-contra-el-covid-con-diversas-acciones\/#breadcrumb"},"inLanguage":"es","potentialAction":[{"@type":"ReadAction","target":["https:\/\/diarioprincipios.com\/index.php\/2021\/01\/13\/berazategui-refuerza-medidas-contra-el-covid-con-diversas-acciones\/"]}]},{"@type":"ImageObject","inLanguage":"es","@id":"https:\/\/diarioprincipios.com\/index.php\/2021\/01\/13\/berazategui-refuerza-medidas-contra-el-covid-con-diversas-acciones\/#primaryimage","url":"https:\/\/diarioprincipios.com\/wp-content\/uploads\/2021\/01\/20210113_141826.jpg","contentUrl":"https:\/\/diarioprincipios.com\/wp-content\/uploads\/2021\/01\/20210113_141826.jpg","width":1607,"height":935},{"@type":"BreadcrumbList","@id":"https:\/\/diarioprincipios.com\/index.php\/2021\/01\/13\/berazategui-refuerza-medidas-contra-el-covid-con-diversas-acciones\/#breadcrumb","itemListElement":[{"@type":"ListItem","position":1,"name":"Portada","item":"https:\/\/diarioprincipios.com\/"},{"@type":"ListItem","position":2,"name":"Berazategui refuerza medidas contra el Covid con diversas acciones"}]},{"@type":"WebSite","@id":"https:\/\/diarioprincipios.com\/#website","url":"https:\/\/diarioprincipios.com\/","name":"Principios","description":"Principios Diario","publisher":{"@id":"https:\/\/diarioprincipios.com\/#organization"},"potentialAction":[{"@type":"SearchAction","target":{"@type":"EntryPoint","urlTemplate":"https:\/\/diarioprincipios.com\/?s={search_term_string}"},"query-input":{"@type":"PropertyValueSpecification","valueRequired":true,"valueName":"search_term_string"}}],"inLanguage":"es"},{"@type":"Organization","@id":"https:\/\/diarioprincipios.com\/#organization","name":"Principios","url":"https:\/\/diarioprincipios.com\/","logo":{"@type":"ImageObject","inLanguage":"es","@id":"https:\/\/diarioprincipios.com\/#\/schema\/logo\/image\/","url":"https:\/\/diarioprincipios.com\/wp-content\/uploads\/2024\/04\/cropped-www.diarioprincipios.com_-1.png","contentUrl":"https:\/\/diarioprincipios.com\/wp-content\/uploads\/2024\/04\/cropped-www.diarioprincipios.com_-1.png","width":5325,"height":1454,"caption":"Principios"},"image":{"@id":"https:\/\/diarioprincipios.com\/#\/schema\/logo\/image\/"}},{"@type":"Person","@id":"https:\/\/diarioprincipios.com\/#\/schema\/person\/436d5a1fd41a5e250e23ff5a6a7cb080","name":"Hern\u00e1n L\u00f3pez","image":{"@type":"ImageObject","inLanguage":"es","@id":"https:\/\/diarioprincipios.com\/wp-content\/litespeed\/avatar\/11ddfe5610ff3bd100522525b2571f48.jpg?ver=1777048341","url":"https:\/\/diarioprincipios.com\/wp-content\/litespeed\/avatar\/11ddfe5610ff3bd100522525b2571f48.jpg?ver=1777048341","contentUrl":"https:\/\/diarioprincipios.com\/wp-content\/litespeed\/avatar\/11ddfe5610ff3bd100522525b2571f48.jpg?ver=1777048341","caption":"Hern\u00e1n L\u00f3pez"},"url":"https:\/\/diarioprincipios.com\/index.php\/author\/hernan\/"}]}},"jetpack_featured_media_url":"https:\/\/diarioprincipios.com\/wp-content\/uploads\/2021\/01\/20210113_141826.jpg","_links":{"self":[{"href":"https:\/\/diarioprincipios.com\/index.php\/wp-json\/wp\/v2\/posts\/8162","targetHints":{"allow":["GET"]}}],"collection":[{"href":"https:\/\/diarioprincipios.com\/index.php\/wp-json\/wp\/v2\/posts"}],"about":[{"href":"https:\/\/diarioprincipios.com\/index.php\/wp-json\/wp\/v2\/types\/post"}],"author":[{"embeddable":true,"href":"https:\/\/diarioprincipios.com\/index.php\/wp-json\/wp\/v2\/users\/2"}],"replies":[{"embeddable":true,"href":"https:\/\/diarioprincipios.com\/index.php\/wp-json\/wp\/v2\/comments?post=8162"}],"version-history":[{"count":1,"href":"https:\/\/diarioprincipios.com\/index.php\/wp-json\/wp\/v2\/posts\/8162\/revisions"}],"predecessor-version":[{"id":8164,"href":"https:\/\/diarioprincipios.com\/index.php\/wp-json\/wp\/v2\/posts\/8162\/revisions\/8164"}],"wp:featuredmedia":[{"embeddable":true,"href":"https:\/\/diarioprincipios.com\/index.php\/wp-json\/wp\/v2\/media\/8163"}],"wp:attachment":[{"href":"https:\/\/diarioprincipios.com\/index.php\/wp-json\/wp\/v2\/media?parent=8162"}],"wp:term":[{"taxonomy":"category","embeddable":true,"href":"https:\/\/diarioprincipios.com\/index.php\/wp-json\/wp\/v2\/categories?post=8162"},{"taxonomy":"post_tag","embeddable":true,"href":"https:\/\/diarioprincipios.com\/index.php\/wp-json\/wp\/v2\/tags?post=8162"}],"curies":[{"name":"wp","href":"https:\/\/api.w.org\/{rel}","templated":true}]}}