{"id":814,"date":"2020-04-19T23:33:08","date_gmt":"2020-04-19T23:33:08","guid":{"rendered":"http:\/\/diarioprincipios.com\/?p=814"},"modified":"2020-04-19T23:33:10","modified_gmt":"2020-04-19T23:33:10","slug":"convid-19-la-provincia-habilito-nuevas-excepciones-pero-deberan-pedirlas-los-municipios","status":"publish","type":"post","link":"https:\/\/diarioprincipios.com\/index.php\/2020\/04\/19\/convid-19-la-provincia-habilito-nuevas-excepciones-pero-deberan-pedirlas-los-municipios\/","title":{"rendered":"Convid 19: La Provincia habilit\u00f3 nuevas excepciones pero deber\u00e1n pedirlas los Municipios"},"content":{"rendered":"\n<p>El gobernador bonaerense, Axel Kicillof, firm\u00f3 hoy el decreto para la instrumentaci\u00f3n de las nuevas excepciones en el marco del aislamiento social, preventivo y obligatorio por el coronavirus, por el cual cada municipio deber\u00e1 plantear qu\u00e9 actividad pretende eximir, se inform\u00f3 oficialmente.<\/p>\n\n\n\n<p>Seg\u00fan establece el art\u00edculo 3 de la Decisi\u00f3n Administrativa 524 de la Jefatura de Gabinete de Ministros de la Naci\u00f3n, la Provincia tiene a su cargo la implementaci\u00f3n y el cumplimiento de los protocolos sanitarios de cada jurisdicci\u00f3n.<\/p>\n\n\n\n<p>Ma\u00f1ana a las 10 el gobernador ofrecer\u00e1 una conferencia de prensa en la Casa de Gobierno provincial, en La Plata, en la que explicar\u00e1 c\u00f3mo ser\u00e1 la administraci\u00f3n de la cuarentena en Buenos Aires.<\/p>\n\n\n\n<p>El decreto 262 firmado por Kicillof establece en ese contexto que la Provincia debe determinar c\u00f3mo se implementan las excepciones autorizadas a partir de \u00abestrictos protocolos sanitarios\u00bb.<\/p>\n\n\n\n<p>Para ello, los municipios deber\u00e1n presentar su petici\u00f3n ante el Ministerio de Jefatura de Gabinete de Ministros de la provincia de Buenos Aires y solicitar la tramitaci\u00f3n establecida.<\/p>\n\n\n\n<p>\u00abEl objetivo de este procedimiento es determinar que en cada distrito se atienda la situaci\u00f3n epidemiol\u00f3gica local y las caracter\u00edsticas propias del partido, con el fin de minimizar el riesgo de propagaci\u00f3n del virus\u00bb, se explic\u00f3.<\/p>\n\n\n\n<p>\u00abCada municipio comunicar\u00e1 los protocolos sanitarios y de funcionamiento a seguir para poner en marcha la actividad exceptuada\u00bb y detallar los tipos de fiscalizaciones que se llevar\u00e1n adelante para garantizar el cumplimiento de los protocolos sanitarios, a\u00f1adi\u00f3 el gobierno de Kicillof.<\/p>\n\n\n\n<p>El Ejecutivo bonaerense evaluar\u00e1 la \u00abrazonabilidad del pedido, dentro de lo establecido por el Gobierno Nacional\u00bb, se indic\u00f3.<\/p>\n\n\n\n<p>El art\u00edculo 7 del decreto menciona que \u00aben caso de modificaci\u00f3n del estado epidemiol\u00f3gico o si se observara el incumplimiento a los procedimientos de fiscalizaci\u00f3n oportunamente aprobados, se tomar\u00e1 intervenci\u00f3n de oficio notificando al municipio, el que deber\u00e1 adecuar sus normas al nuevo criterio de la autoridad provincial\u00bb.<\/p>\n\n\n\n<p>\u00abEn lo que refiere a las actividades que han sido solicitadas pero a\u00fan no han sido aprobadas por el Gobierno nacional, la Provincia est\u00e1 a cargo de las consultas para la inclusi\u00f3n y la aprobaci\u00f3n de los protocolos sanitarios correspondientes que deber\u00e1n ser aplicados en los municipios que las hayan pedido\u00bb, se aclar\u00f3.<\/p>\n\n\n\n<p>Entre las nuevas excepciones autorizadas por el gobierno de Alberto Fern\u00e1ndez figuran la atenci\u00f3n m\u00e9dica y odontol\u00f3gica programada, la venta de mercader\u00eda ya elaborada de comercios minoristas a trav\u00e9s de plataformas electr\u00f3nicas, los establecimientos de cobranza de servicios e impuestos y las oficinas de rentas de las provincias, la ciudad de Buenos Aires y los municipios, con sistemas de turnos y guardias m\u00ednimas.<\/p>\n\n\n\n<p>Tambi\u00e9n est\u00e1n la actividad registral nacional y provincial con sistema de turnos y guardias m\u00ednimas, laboratorios de an\u00e1lisis cl\u00ednicos y centros de diagn\u00f3stico por imagen, con sistema de turno previo; \u00f3pticas con sistema de turno; peritos y liquidadores de siniestros de compa\u00f1\u00edas aseguradoras; establecimientos para la atenci\u00f3n de personas v\u00edctimas de violencia de g\u00e9nero, y producci\u00f3n para la exportaci\u00f3n, con autorizaci\u00f3n Ministerio de Desarrollo Productivo, as\u00ed como procesos industriales espec\u00edficos.<\/p>\n","protected":false},"excerpt":{"rendered":"<p>El gobernador bonaerense, Axel Kicillof, firm\u00f3 hoy el decreto para la instrumentaci\u00f3n de las nuevas excepciones en el marco del aislamiento social, preventivo y obligatorio por el coronavirus, por el cual cada municipio deber\u00e1 plantear qu\u00e9 actividad pretende eximir, se inform\u00f3 oficialmente. Seg\u00fan establece el art\u00edculo 3 de la Decisi\u00f3n Administrativa 524 de la Jefatura&#8230;<\/p>\n","protected":false},"author":2,"featured_media":815,"comment_status":"open","ping_status":"open","sticky":false,"template":"","format":"standard","meta":{"footnotes":""},"categories":[7],"tags":[],"class_list":["post-814","post","type-post","status-publish","format-standard","has-post-thumbnail","hentry","category-provincia"],"featured_image_src":"https:\/\/diarioprincipios.com\/wp-content\/uploads\/2020\/04\/kicilo-1024x708.jpg","blog_images":{"medium":"https:\/\/diarioprincipios.com\/wp-content\/uploads\/2020\/04\/kicilo-300x208.jpg","large":"https:\/\/diarioprincipios.com\/wp-content\/uploads\/2020\/04\/kicilo-1024x708.jpg"},"ams_acf":[],"yoast_head":"<!-- This site is optimized with the Yoast SEO plugin v27.3 - https:\/\/yoast.com\/product\/yoast-seo-wordpress\/ -->\n<title>Convid 19: La Provincia habilit\u00f3 nuevas excepciones pero deber\u00e1n pedirlas los Municipios - Principios<\/title>\n<meta name=\"robots\" content=\"index, follow, max-snippet:-1, max-image-preview:large, max-video-preview:-1\" \/>\n<link rel=\"canonical\" href=\"https:\/\/diarioprincipios.com\/index.php\/2020\/04\/19\/convid-19-la-provincia-habilito-nuevas-excepciones-pero-deberan-pedirlas-los-municipios\/\" \/>\n<meta property=\"og:locale\" content=\"es_ES\" \/>\n<meta property=\"og:type\" content=\"article\" \/>\n<meta property=\"og:title\" content=\"Convid 19: La Provincia habilit\u00f3 nuevas excepciones pero deber\u00e1n pedirlas los Municipios - Principios\" \/>\n<meta property=\"og:description\" content=\"El gobernador bonaerense, Axel Kicillof, firm\u00f3 hoy el decreto para la instrumentaci\u00f3n de las nuevas excepciones en el marco del aislamiento social, preventivo y obligatorio por el coronavirus, por el cual cada municipio deber\u00e1 plantear qu\u00e9 actividad pretende eximir, se inform\u00f3 oficialmente. Seg\u00fan establece el art\u00edculo 3 de la Decisi\u00f3n Administrativa 524 de la Jefatura...\" \/>\n<meta property=\"og:url\" content=\"https:\/\/diarioprincipios.com\/index.php\/2020\/04\/19\/convid-19-la-provincia-habilito-nuevas-excepciones-pero-deberan-pedirlas-los-municipios\/\" \/>\n<meta property=\"og:site_name\" content=\"Principios\" \/>\n<meta property=\"article:published_time\" content=\"2020-04-19T23:33:08+00:00\" \/>\n<meta property=\"article:modified_time\" content=\"2020-04-19T23:33:10+00:00\" \/>\n<meta property=\"og:image\" content=\"https:\/\/diarioprincipios.com\/wp-content\/uploads\/2020\/04\/kicilo.jpg\" \/>\n\t<meta property=\"og:image:width\" content=\"1200\" \/>\n\t<meta property=\"og:image:height\" content=\"830\" \/>\n\t<meta property=\"og:image:type\" content=\"image\/jpeg\" \/>\n<meta name=\"author\" content=\"Hern\u00e1n L\u00f3pez\" \/>\n<meta name=\"twitter:card\" content=\"summary_large_image\" \/>\n<meta name=\"twitter:label1\" content=\"Escrito por\" \/>\n\t<meta name=\"twitter:data1\" content=\"Hern\u00e1n L\u00f3pez\" \/>\n\t<meta name=\"twitter:label2\" content=\"Tiempo de lectura\" \/>\n\t<meta name=\"twitter:data2\" content=\"3 minutos\" \/>\n<script type=\"application\/ld+json\" class=\"yoast-schema-graph\">{\"@context\":\"https:\\\/\\\/schema.org\",\"@graph\":[{\"@type\":\"Article\",\"@id\":\"https:\\\/\\\/diarioprincipios.com\\\/index.php\\\/2020\\\/04\\\/19\\\/convid-19-la-provincia-habilito-nuevas-excepciones-pero-deberan-pedirlas-los-municipios\\\/#article\",\"isPartOf\":{\"@id\":\"https:\\\/\\\/diarioprincipios.com\\\/index.php\\\/2020\\\/04\\\/19\\\/convid-19-la-provincia-habilito-nuevas-excepciones-pero-deberan-pedirlas-los-municipios\\\/\"},\"author\":{\"name\":\"Hern\u00e1n L\u00f3pez\",\"@id\":\"https:\\\/\\\/diarioprincipios.com\\\/#\\\/schema\\\/person\\\/436d5a1fd41a5e250e23ff5a6a7cb080\"},\"headline\":\"Convid 19: La Provincia habilit\u00f3 nuevas excepciones pero deber\u00e1n pedirlas los Municipios\",\"datePublished\":\"2020-04-19T23:33:08+00:00\",\"dateModified\":\"2020-04-19T23:33:10+00:00\",\"mainEntityOfPage\":{\"@id\":\"https:\\\/\\\/diarioprincipios.com\\\/index.php\\\/2020\\\/04\\\/19\\\/convid-19-la-provincia-habilito-nuevas-excepciones-pero-deberan-pedirlas-los-municipios\\\/\"},\"wordCount\":556,\"commentCount\":0,\"publisher\":{\"@id\":\"https:\\\/\\\/diarioprincipios.com\\\/#organization\"},\"image\":{\"@id\":\"https:\\\/\\\/diarioprincipios.com\\\/index.php\\\/2020\\\/04\\\/19\\\/convid-19-la-provincia-habilito-nuevas-excepciones-pero-deberan-pedirlas-los-municipios\\\/#primaryimage\"},\"thumbnailUrl\":\"https:\\\/\\\/diarioprincipios.com\\\/wp-content\\\/uploads\\\/2020\\\/04\\\/kicilo.jpg\",\"articleSection\":[\"Provincia\"],\"inLanguage\":\"es\",\"potentialAction\":[{\"@type\":\"CommentAction\",\"name\":\"Comment\",\"target\":[\"https:\\\/\\\/diarioprincipios.com\\\/index.php\\\/2020\\\/04\\\/19\\\/convid-19-la-provincia-habilito-nuevas-excepciones-pero-deberan-pedirlas-los-municipios\\\/#respond\"]}]},{\"@type\":\"WebPage\",\"@id\":\"https:\\\/\\\/diarioprincipios.com\\\/index.php\\\/2020\\\/04\\\/19\\\/convid-19-la-provincia-habilito-nuevas-excepciones-pero-deberan-pedirlas-los-municipios\\\/\",\"url\":\"https:\\\/\\\/diarioprincipios.com\\\/index.php\\\/2020\\\/04\\\/19\\\/convid-19-la-provincia-habilito-nuevas-excepciones-pero-deberan-pedirlas-los-municipios\\\/\",\"name\":\"Convid 19: La Provincia habilit\u00f3 nuevas excepciones pero deber\u00e1n pedirlas los Municipios - Principios\",\"isPartOf\":{\"@id\":\"https:\\\/\\\/diarioprincipios.com\\\/#website\"},\"primaryImageOfPage\":{\"@id\":\"https:\\\/\\\/diarioprincipios.com\\\/index.php\\\/2020\\\/04\\\/19\\\/convid-19-la-provincia-habilito-nuevas-excepciones-pero-deberan-pedirlas-los-municipios\\\/#primaryimage\"},\"image\":{\"@id\":\"https:\\\/\\\/diarioprincipios.com\\\/index.php\\\/2020\\\/04\\\/19\\\/convid-19-la-provincia-habilito-nuevas-excepciones-pero-deberan-pedirlas-los-municipios\\\/#primaryimage\"},\"thumbnailUrl\":\"https:\\\/\\\/diarioprincipios.com\\\/wp-content\\\/uploads\\\/2020\\\/04\\\/kicilo.jpg\",\"datePublished\":\"2020-04-19T23:33:08+00:00\",\"dateModified\":\"2020-04-19T23:33:10+00:00\",\"breadcrumb\":{\"@id\":\"https:\\\/\\\/diarioprincipios.com\\\/index.php\\\/2020\\\/04\\\/19\\\/convid-19-la-provincia-habilito-nuevas-excepciones-pero-deberan-pedirlas-los-municipios\\\/#breadcrumb\"},\"inLanguage\":\"es\",\"potentialAction\":[{\"@type\":\"ReadAction\",\"target\":[\"https:\\\/\\\/diarioprincipios.com\\\/index.php\\\/2020\\\/04\\\/19\\\/convid-19-la-provincia-habilito-nuevas-excepciones-pero-deberan-pedirlas-los-municipios\\\/\"]}]},{\"@type\":\"ImageObject\",\"inLanguage\":\"es\",\"@id\":\"https:\\\/\\\/diarioprincipios.com\\\/index.php\\\/2020\\\/04\\\/19\\\/convid-19-la-provincia-habilito-nuevas-excepciones-pero-deberan-pedirlas-los-municipios\\\/#primaryimage\",\"url\":\"https:\\\/\\\/diarioprincipios.com\\\/wp-content\\\/uploads\\\/2020\\\/04\\\/kicilo.jpg\",\"contentUrl\":\"https:\\\/\\\/diarioprincipios.com\\\/wp-content\\\/uploads\\\/2020\\\/04\\\/kicilo.jpg\",\"width\":1200,\"height\":830},{\"@type\":\"BreadcrumbList\",\"@id\":\"https:\\\/\\\/diarioprincipios.com\\\/index.php\\\/2020\\\/04\\\/19\\\/convid-19-la-provincia-habilito-nuevas-excepciones-pero-deberan-pedirlas-los-municipios\\\/#breadcrumb\",\"itemListElement\":[{\"@type\":\"ListItem\",\"position\":1,\"name\":\"Portada\",\"item\":\"https:\\\/\\\/diarioprincipios.com\\\/\"},{\"@type\":\"ListItem\",\"position\":2,\"name\":\"Convid 19: La Provincia habilit\u00f3 nuevas excepciones pero deber\u00e1n pedirlas los Municipios\"}]},{\"@type\":\"WebSite\",\"@id\":\"https:\\\/\\\/diarioprincipios.com\\\/#website\",\"url\":\"https:\\\/\\\/diarioprincipios.com\\\/\",\"name\":\"Principios\",\"description\":\"Principios Diario\",\"publisher\":{\"@id\":\"https:\\\/\\\/diarioprincipios.com\\\/#organization\"},\"potentialAction\":[{\"@type\":\"SearchAction\",\"target\":{\"@type\":\"EntryPoint\",\"urlTemplate\":\"https:\\\/\\\/diarioprincipios.com\\\/?s={search_term_string}\"},\"query-input\":{\"@type\":\"PropertyValueSpecification\",\"valueRequired\":true,\"valueName\":\"search_term_string\"}}],\"inLanguage\":\"es\"},{\"@type\":\"Organization\",\"@id\":\"https:\\\/\\\/diarioprincipios.com\\\/#organization\",\"name\":\"Principios\",\"url\":\"https:\\\/\\\/diarioprincipios.com\\\/\",\"logo\":{\"@type\":\"ImageObject\",\"inLanguage\":\"es\",\"@id\":\"https:\\\/\\\/diarioprincipios.com\\\/#\\\/schema\\\/logo\\\/image\\\/\",\"url\":\"https:\\\/\\\/diarioprincipios.com\\\/wp-content\\\/uploads\\\/2024\\\/04\\\/cropped-www.diarioprincipios.com_-1.png\",\"contentUrl\":\"https:\\\/\\\/diarioprincipios.com\\\/wp-content\\\/uploads\\\/2024\\\/04\\\/cropped-www.diarioprincipios.com_-1.png\",\"width\":5325,\"height\":1454,\"caption\":\"Principios\"},\"image\":{\"@id\":\"https:\\\/\\\/diarioprincipios.com\\\/#\\\/schema\\\/logo\\\/image\\\/\"}},{\"@type\":\"Person\",\"@id\":\"https:\\\/\\\/diarioprincipios.com\\\/#\\\/schema\\\/person\\\/436d5a1fd41a5e250e23ff5a6a7cb080\",\"name\":\"Hern\u00e1n L\u00f3pez\",\"image\":{\"@type\":\"ImageObject\",\"inLanguage\":\"es\",\"@id\":\"https:\\\/\\\/diarioprincipios.com\\\/wp-content\\\/litespeed\\\/avatar\\\/11ddfe5610ff3bd100522525b2571f48.jpg?ver=1777048341\",\"url\":\"https:\\\/\\\/diarioprincipios.com\\\/wp-content\\\/litespeed\\\/avatar\\\/11ddfe5610ff3bd100522525b2571f48.jpg?ver=1777048341\",\"contentUrl\":\"https:\\\/\\\/diarioprincipios.com\\\/wp-content\\\/litespeed\\\/avatar\\\/11ddfe5610ff3bd100522525b2571f48.jpg?ver=1777048341\",\"caption\":\"Hern\u00e1n L\u00f3pez\"},\"url\":\"https:\\\/\\\/diarioprincipios.com\\\/index.php\\\/author\\\/hernan\\\/\"}]}<\/script>\n<!-- \/ Yoast SEO plugin. -->","yoast_head_json":{"title":"Convid 19: La Provincia habilit\u00f3 nuevas excepciones pero deber\u00e1n pedirlas los Municipios - Principios","robots":{"index":"index","follow":"follow","max-snippet":"max-snippet:-1","max-image-preview":"max-image-preview:large","max-video-preview":"max-video-preview:-1"},"canonical":"https:\/\/diarioprincipios.com\/index.php\/2020\/04\/19\/convid-19-la-provincia-habilito-nuevas-excepciones-pero-deberan-pedirlas-los-municipios\/","og_locale":"es_ES","og_type":"article","og_title":"Convid 19: La Provincia habilit\u00f3 nuevas excepciones pero deber\u00e1n pedirlas los Municipios - Principios","og_description":"El gobernador bonaerense, Axel Kicillof, firm\u00f3 hoy el decreto para la instrumentaci\u00f3n de las nuevas excepciones en el marco del aislamiento social, preventivo y obligatorio por el coronavirus, por el cual cada municipio deber\u00e1 plantear qu\u00e9 actividad pretende eximir, se inform\u00f3 oficialmente. Seg\u00fan establece el art\u00edculo 3 de la Decisi\u00f3n Administrativa 524 de la Jefatura...","og_url":"https:\/\/diarioprincipios.com\/index.php\/2020\/04\/19\/convid-19-la-provincia-habilito-nuevas-excepciones-pero-deberan-pedirlas-los-municipios\/","og_site_name":"Principios","article_published_time":"2020-04-19T23:33:08+00:00","article_modified_time":"2020-04-19T23:33:10+00:00","og_image":[{"width":1200,"height":830,"url":"https:\/\/diarioprincipios.com\/wp-content\/uploads\/2020\/04\/kicilo.jpg","type":"image\/jpeg"}],"author":"Hern\u00e1n L\u00f3pez","twitter_card":"summary_large_image","twitter_misc":{"Escrito por":"Hern\u00e1n L\u00f3pez","Tiempo de lectura":"3 minutos"},"schema":{"@context":"https:\/\/schema.org","@graph":[{"@type":"Article","@id":"https:\/\/diarioprincipios.com\/index.php\/2020\/04\/19\/convid-19-la-provincia-habilito-nuevas-excepciones-pero-deberan-pedirlas-los-municipios\/#article","isPartOf":{"@id":"https:\/\/diarioprincipios.com\/index.php\/2020\/04\/19\/convid-19-la-provincia-habilito-nuevas-excepciones-pero-deberan-pedirlas-los-municipios\/"},"author":{"name":"Hern\u00e1n L\u00f3pez","@id":"https:\/\/diarioprincipios.com\/#\/schema\/person\/436d5a1fd41a5e250e23ff5a6a7cb080"},"headline":"Convid 19: La Provincia habilit\u00f3 nuevas excepciones pero deber\u00e1n pedirlas los Municipios","datePublished":"2020-04-19T23:33:08+00:00","dateModified":"2020-04-19T23:33:10+00:00","mainEntityOfPage":{"@id":"https:\/\/diarioprincipios.com\/index.php\/2020\/04\/19\/convid-19-la-provincia-habilito-nuevas-excepciones-pero-deberan-pedirlas-los-municipios\/"},"wordCount":556,"commentCount":0,"publisher":{"@id":"https:\/\/diarioprincipios.com\/#organization"},"image":{"@id":"https:\/\/diarioprincipios.com\/index.php\/2020\/04\/19\/convid-19-la-provincia-habilito-nuevas-excepciones-pero-deberan-pedirlas-los-municipios\/#primaryimage"},"thumbnailUrl":"https:\/\/diarioprincipios.com\/wp-content\/uploads\/2020\/04\/kicilo.jpg","articleSection":["Provincia"],"inLanguage":"es","potentialAction":[{"@type":"CommentAction","name":"Comment","target":["https:\/\/diarioprincipios.com\/index.php\/2020\/04\/19\/convid-19-la-provincia-habilito-nuevas-excepciones-pero-deberan-pedirlas-los-municipios\/#respond"]}]},{"@type":"WebPage","@id":"https:\/\/diarioprincipios.com\/index.php\/2020\/04\/19\/convid-19-la-provincia-habilito-nuevas-excepciones-pero-deberan-pedirlas-los-municipios\/","url":"https:\/\/diarioprincipios.com\/index.php\/2020\/04\/19\/convid-19-la-provincia-habilito-nuevas-excepciones-pero-deberan-pedirlas-los-municipios\/","name":"Convid 19: La Provincia habilit\u00f3 nuevas excepciones pero deber\u00e1n pedirlas los Municipios - Principios","isPartOf":{"@id":"https:\/\/diarioprincipios.com\/#website"},"primaryImageOfPage":{"@id":"https:\/\/diarioprincipios.com\/index.php\/2020\/04\/19\/convid-19-la-provincia-habilito-nuevas-excepciones-pero-deberan-pedirlas-los-municipios\/#primaryimage"},"image":{"@id":"https:\/\/diarioprincipios.com\/index.php\/2020\/04\/19\/convid-19-la-provincia-habilito-nuevas-excepciones-pero-deberan-pedirlas-los-municipios\/#primaryimage"},"thumbnailUrl":"https:\/\/diarioprincipios.com\/wp-content\/uploads\/2020\/04\/kicilo.jpg","datePublished":"2020-04-19T23:33:08+00:00","dateModified":"2020-04-19T23:33:10+00:00","breadcrumb":{"@id":"https:\/\/diarioprincipios.com\/index.php\/2020\/04\/19\/convid-19-la-provincia-habilito-nuevas-excepciones-pero-deberan-pedirlas-los-municipios\/#breadcrumb"},"inLanguage":"es","potentialAction":[{"@type":"ReadAction","target":["https:\/\/diarioprincipios.com\/index.php\/2020\/04\/19\/convid-19-la-provincia-habilito-nuevas-excepciones-pero-deberan-pedirlas-los-municipios\/"]}]},{"@type":"ImageObject","inLanguage":"es","@id":"https:\/\/diarioprincipios.com\/index.php\/2020\/04\/19\/convid-19-la-provincia-habilito-nuevas-excepciones-pero-deberan-pedirlas-los-municipios\/#primaryimage","url":"https:\/\/diarioprincipios.com\/wp-content\/uploads\/2020\/04\/kicilo.jpg","contentUrl":"https:\/\/diarioprincipios.com\/wp-content\/uploads\/2020\/04\/kicilo.jpg","width":1200,"height":830},{"@type":"BreadcrumbList","@id":"https:\/\/diarioprincipios.com\/index.php\/2020\/04\/19\/convid-19-la-provincia-habilito-nuevas-excepciones-pero-deberan-pedirlas-los-municipios\/#breadcrumb","itemListElement":[{"@type":"ListItem","position":1,"name":"Portada","item":"https:\/\/diarioprincipios.com\/"},{"@type":"ListItem","position":2,"name":"Convid 19: La Provincia habilit\u00f3 nuevas excepciones pero deber\u00e1n pedirlas los Municipios"}]},{"@type":"WebSite","@id":"https:\/\/diarioprincipios.com\/#website","url":"https:\/\/diarioprincipios.com\/","name":"Principios","description":"Principios Diario","publisher":{"@id":"https:\/\/diarioprincipios.com\/#organization"},"potentialAction":[{"@type":"SearchAction","target":{"@type":"EntryPoint","urlTemplate":"https:\/\/diarioprincipios.com\/?s={search_term_string}"},"query-input":{"@type":"PropertyValueSpecification","valueRequired":true,"valueName":"search_term_string"}}],"inLanguage":"es"},{"@type":"Organization","@id":"https:\/\/diarioprincipios.com\/#organization","name":"Principios","url":"https:\/\/diarioprincipios.com\/","logo":{"@type":"ImageObject","inLanguage":"es","@id":"https:\/\/diarioprincipios.com\/#\/schema\/logo\/image\/","url":"https:\/\/diarioprincipios.com\/wp-content\/uploads\/2024\/04\/cropped-www.diarioprincipios.com_-1.png","contentUrl":"https:\/\/diarioprincipios.com\/wp-content\/uploads\/2024\/04\/cropped-www.diarioprincipios.com_-1.png","width":5325,"height":1454,"caption":"Principios"},"image":{"@id":"https:\/\/diarioprincipios.com\/#\/schema\/logo\/image\/"}},{"@type":"Person","@id":"https:\/\/diarioprincipios.com\/#\/schema\/person\/436d5a1fd41a5e250e23ff5a6a7cb080","name":"Hern\u00e1n L\u00f3pez","image":{"@type":"ImageObject","inLanguage":"es","@id":"https:\/\/diarioprincipios.com\/wp-content\/litespeed\/avatar\/11ddfe5610ff3bd100522525b2571f48.jpg?ver=1777048341","url":"https:\/\/diarioprincipios.com\/wp-content\/litespeed\/avatar\/11ddfe5610ff3bd100522525b2571f48.jpg?ver=1777048341","contentUrl":"https:\/\/diarioprincipios.com\/wp-content\/litespeed\/avatar\/11ddfe5610ff3bd100522525b2571f48.jpg?ver=1777048341","caption":"Hern\u00e1n L\u00f3pez"},"url":"https:\/\/diarioprincipios.com\/index.php\/author\/hernan\/"}]}},"jetpack_featured_media_url":"https:\/\/diarioprincipios.com\/wp-content\/uploads\/2020\/04\/kicilo.jpg","_links":{"self":[{"href":"https:\/\/diarioprincipios.com\/index.php\/wp-json\/wp\/v2\/posts\/814","targetHints":{"allow":["GET"]}}],"collection":[{"href":"https:\/\/diarioprincipios.com\/index.php\/wp-json\/wp\/v2\/posts"}],"about":[{"href":"https:\/\/diarioprincipios.com\/index.php\/wp-json\/wp\/v2\/types\/post"}],"author":[{"embeddable":true,"href":"https:\/\/diarioprincipios.com\/index.php\/wp-json\/wp\/v2\/users\/2"}],"replies":[{"embeddable":true,"href":"https:\/\/diarioprincipios.com\/index.php\/wp-json\/wp\/v2\/comments?post=814"}],"version-history":[{"count":1,"href":"https:\/\/diarioprincipios.com\/index.php\/wp-json\/wp\/v2\/posts\/814\/revisions"}],"predecessor-version":[{"id":816,"href":"https:\/\/diarioprincipios.com\/index.php\/wp-json\/wp\/v2\/posts\/814\/revisions\/816"}],"wp:featuredmedia":[{"embeddable":true,"href":"https:\/\/diarioprincipios.com\/index.php\/wp-json\/wp\/v2\/media\/815"}],"wp:attachment":[{"href":"https:\/\/diarioprincipios.com\/index.php\/wp-json\/wp\/v2\/media?parent=814"}],"wp:term":[{"taxonomy":"category","embeddable":true,"href":"https:\/\/diarioprincipios.com\/index.php\/wp-json\/wp\/v2\/categories?post=814"},{"taxonomy":"post_tag","embeddable":true,"href":"https:\/\/diarioprincipios.com\/index.php\/wp-json\/wp\/v2\/tags?post=814"}],"curies":[{"name":"wp","href":"https:\/\/api.w.org\/{rel}","templated":true}]}}