{"id":8133,"date":"2021-01-11T23:00:47","date_gmt":"2021-01-12T02:00:47","guid":{"rendered":"http:\/\/diarioprincipios.com\/?p=8133"},"modified":"2021-01-11T23:00:49","modified_gmt":"2021-01-12T02:00:49","slug":"2020-un-ano-de-trabajo-constante-de-anses-en-berazategui","status":"publish","type":"post","link":"https:\/\/diarioprincipios.com\/index.php\/2021\/01\/11\/2020-un-ano-de-trabajo-constante-de-anses-en-berazategui\/","title":{"rendered":"2020: un a\u00f1o de trabajo constante de Anses en Berazategui"},"content":{"rendered":"\n<p><strong>Tras un a\u00f1o cargado de dificultades generadas por el avance de la pandemia de COVID-19, la Administraci\u00f3n Nacional de la Seguridad Social (ANSES) trabaj\u00f3 arduamente en Berazategui ejecutando las pol\u00edticas adoptadas por el Estado nacional en materia de seguridad social, ayudando a los vecinos y vecinas a hacer frente al aislamiento social, preventivo y obligatorio.<\/strong><\/p>\n\n\n\n<p>\u201cEsto es el reflejo de un Estado presente que piensa en las necesidades de los vecinos y vecinas que debieron adaptarse a una situaci\u00f3n nunca antes vivida\u201d, expres\u00f3 en sus redes sociales el intendente de Berazategui, Juan Jos\u00e9 Mussi, tras compartir un breve resumen sobre las diferentes pol\u00edticas econ\u00f3micas y sociales llevadas adelante en 2020 a nivel local por el Gobierno nacional a trav\u00e9s de ANSES.<\/p>\n\n\n\n<p>En el mismo posteo, el intendente remarc\u00f3 que estas acciones \u201cayudaron a nuestros vecinos y vecinas a hacer frente al aislamiento social, preventivo y obligatorio\u201d. Es as\u00ed que agradeci\u00f3 a la directora ejecutiva del organismo, Fernanda Raverta, por todo el trabajo realizado; y al presidente de la Naci\u00f3n, Alberto Fern\u00e1ndez, a quien adem\u00e1s le dedic\u00f3 la siguiente frase: \u201c\u00a1Qu\u00e9 orgullo tener un presidente tan comprometido con su pueblo!\u201d.<\/p>\n\n\n\n<p>En cuanto al ininterrumpido accionar de la ANSES en el partido, el a\u00f1o pasado se registraron un total de 53.295 nuevos jubilados y pensionados, se entregaron 73.913 Asignaciones Familiares y se otorg\u00f3 el Ingreso Familiar de Emergencia (IFE) a 72.994 familias, con una inversi\u00f3n de $ 2.053 millones.<\/p>\n\n\n\n<p>Tambi\u00e9n se hicieron 7 pagos del Programa de Asistencia de Emergencia al Trabajo y la Producci\u00f3n (ATP), que alcanz\u00f3 con la \u00faltima entrega de<br>$ 144.055.075 a 131 empresas y a 6.306 trabajadores.<\/p>\n\n\n\n<p>En diciembre, en tanto, se concedieron 1.353 prestaciones por desempleo ($ 10.108,1), 4.970 del PROGRESAR<br>($ 11.723,3) y 13.311 del Programa Hogar ($3.384). Adem\u00e1s, 4.893 trabajadores de la salud recibieron un bono especial, alcanzando un total de $ 83.980.654.<\/p>\n\n\n\n<p>De esta manera, en el transcurso de 2020, y de forma extraordinaria, el organismo invirti\u00f3 en Berazategui<br>$ 4.298.498.908, mientras que la inversi\u00f3n corriente de diciembre, por jubilaciones, pensiones, asignaciones y otras prestaciones, fue de<br>$ 1.806.405.537.<\/p>\n\n\n\n<p>Todas estas medidas, implementadas con el fin de contribuir al desarrollo sustentable de la econom\u00eda nacional y atenuar el impacto negativo de la evoluci\u00f3n de variables diversas sobre el r\u00e9gimen de seguridad social, son el reflejo de un Estado presente que piensa en las necesidades de los vecinos.<\/p>\n\n\n\n<figure class=\"wp-block-image\"><img decoding=\"async\" src=\"https:\/\/ecp.yusercontent.com\/mail?url=https%3A%2F%2Fdocs.google.com%2Fuc%3Fexport%3Ddownload%26id%3D13lWTl-UKjUIUOUzDb24JRVA7nIBYROU4%26revid%3D0B6RjUTSRAadldlpIQ0xsWHRRZDFUbktWSUNSMDJnYTlRdktvPQ&amp;t=1610390317&amp;ymreqid=5799fcab-b43d-2794-2220-750002018600&amp;sig=gW0fzmROimrSxDgrGVrGRg--~D\" alt=\"\"\/><\/figure>\n","protected":false},"excerpt":{"rendered":"<p>Tras un a\u00f1o cargado de dificultades generadas por el avance de la pandemia de COVID-19, la Administraci\u00f3n Nacional de la Seguridad Social (ANSES) trabaj\u00f3 arduamente en Berazategui ejecutando las pol\u00edticas adoptadas por el Estado nacional en materia de seguridad social, ayudando a los vecinos y vecinas a hacer frente al aislamiento social, preventivo y obligatorio&#8230;.<\/p>\n","protected":false},"author":2,"featured_media":8135,"comment_status":"open","ping_status":"open","sticky":false,"template":"","format":"standard","meta":{"footnotes":""},"categories":[3],"tags":[],"class_list":["post-8133","post","type-post","status-publish","format-standard","has-post-thumbnail","hentry","category-berazategui"],"featured_image_src":"https:\/\/diarioprincipios.com\/wp-content\/uploads\/2021\/01\/Screenshot_20210111-225757_Yahoo-Mail-1024x577.jpg","blog_images":{"medium":"https:\/\/diarioprincipios.com\/wp-content\/uploads\/2021\/01\/Screenshot_20210111-225757_Yahoo-Mail-300x169.jpg","large":"https:\/\/diarioprincipios.com\/wp-content\/uploads\/2021\/01\/Screenshot_20210111-225757_Yahoo-Mail-1024x577.jpg"},"ams_acf":[],"yoast_head":"<!-- This site is optimized with the Yoast SEO plugin v27.3 - https:\/\/yoast.com\/product\/yoast-seo-wordpress\/ -->\n<title>2020: un a\u00f1o de trabajo constante de Anses en Berazategui - Principios<\/title>\n<meta name=\"robots\" content=\"index, follow, max-snippet:-1, max-image-preview:large, max-video-preview:-1\" \/>\n<link rel=\"canonical\" href=\"https:\/\/diarioprincipios.com\/index.php\/2021\/01\/11\/2020-un-ano-de-trabajo-constante-de-anses-en-berazategui\/\" \/>\n<meta property=\"og:locale\" content=\"es_ES\" \/>\n<meta property=\"og:type\" content=\"article\" \/>\n<meta property=\"og:title\" content=\"2020: un a\u00f1o de trabajo constante de Anses en Berazategui - Principios\" \/>\n<meta property=\"og:description\" content=\"Tras un a\u00f1o cargado de dificultades generadas por el avance de la pandemia de COVID-19, la Administraci\u00f3n Nacional de la Seguridad Social (ANSES) trabaj\u00f3 arduamente en Berazategui ejecutando las pol\u00edticas adoptadas por el Estado nacional en materia de seguridad social, ayudando a los vecinos y vecinas a hacer frente al aislamiento social, preventivo y obligatorio....\" \/>\n<meta property=\"og:url\" content=\"https:\/\/diarioprincipios.com\/index.php\/2021\/01\/11\/2020-un-ano-de-trabajo-constante-de-anses-en-berazategui\/\" \/>\n<meta property=\"og:site_name\" content=\"Principios\" \/>\n<meta property=\"article:published_time\" content=\"2021-01-12T02:00:47+00:00\" \/>\n<meta property=\"article:modified_time\" content=\"2021-01-12T02:00:49+00:00\" \/>\n<meta property=\"og:image\" content=\"https:\/\/diarioprincipios.com\/wp-content\/uploads\/2021\/01\/Screenshot_20210111-225757_Yahoo-Mail.jpg\" \/>\n\t<meta property=\"og:image:width\" content=\"1078\" \/>\n\t<meta property=\"og:image:height\" content=\"607\" \/>\n\t<meta property=\"og:image:type\" content=\"image\/jpeg\" \/>\n<meta name=\"author\" content=\"Hern\u00e1n L\u00f3pez\" \/>\n<meta name=\"twitter:card\" content=\"summary_large_image\" \/>\n<meta name=\"twitter:label1\" content=\"Escrito por\" \/>\n\t<meta name=\"twitter:data1\" content=\"Hern\u00e1n L\u00f3pez\" \/>\n\t<meta name=\"twitter:label2\" content=\"Tiempo de lectura\" \/>\n\t<meta name=\"twitter:data2\" content=\"2 minutos\" \/>\n<script type=\"application\/ld+json\" class=\"yoast-schema-graph\">{\"@context\":\"https:\\\/\\\/schema.org\",\"@graph\":[{\"@type\":\"Article\",\"@id\":\"https:\\\/\\\/diarioprincipios.com\\\/index.php\\\/2021\\\/01\\\/11\\\/2020-un-ano-de-trabajo-constante-de-anses-en-berazategui\\\/#article\",\"isPartOf\":{\"@id\":\"https:\\\/\\\/diarioprincipios.com\\\/index.php\\\/2021\\\/01\\\/11\\\/2020-un-ano-de-trabajo-constante-de-anses-en-berazategui\\\/\"},\"author\":{\"name\":\"Hern\u00e1n L\u00f3pez\",\"@id\":\"https:\\\/\\\/diarioprincipios.com\\\/#\\\/schema\\\/person\\\/436d5a1fd41a5e250e23ff5a6a7cb080\"},\"headline\":\"2020: un a\u00f1o de trabajo constante de Anses en Berazategui\",\"datePublished\":\"2021-01-12T02:00:47+00:00\",\"dateModified\":\"2021-01-12T02:00:49+00:00\",\"mainEntityOfPage\":{\"@id\":\"https:\\\/\\\/diarioprincipios.com\\\/index.php\\\/2021\\\/01\\\/11\\\/2020-un-ano-de-trabajo-constante-de-anses-en-berazategui\\\/\"},\"wordCount\":396,\"commentCount\":0,\"publisher\":{\"@id\":\"https:\\\/\\\/diarioprincipios.com\\\/#organization\"},\"image\":{\"@id\":\"https:\\\/\\\/diarioprincipios.com\\\/index.php\\\/2021\\\/01\\\/11\\\/2020-un-ano-de-trabajo-constante-de-anses-en-berazategui\\\/#primaryimage\"},\"thumbnailUrl\":\"https:\\\/\\\/diarioprincipios.com\\\/wp-content\\\/uploads\\\/2021\\\/01\\\/Screenshot_20210111-225757_Yahoo-Mail.jpg\",\"articleSection\":[\"Berazategui\"],\"inLanguage\":\"es\",\"potentialAction\":[{\"@type\":\"CommentAction\",\"name\":\"Comment\",\"target\":[\"https:\\\/\\\/diarioprincipios.com\\\/index.php\\\/2021\\\/01\\\/11\\\/2020-un-ano-de-trabajo-constante-de-anses-en-berazategui\\\/#respond\"]}]},{\"@type\":\"WebPage\",\"@id\":\"https:\\\/\\\/diarioprincipios.com\\\/index.php\\\/2021\\\/01\\\/11\\\/2020-un-ano-de-trabajo-constante-de-anses-en-berazategui\\\/\",\"url\":\"https:\\\/\\\/diarioprincipios.com\\\/index.php\\\/2021\\\/01\\\/11\\\/2020-un-ano-de-trabajo-constante-de-anses-en-berazategui\\\/\",\"name\":\"2020: un a\u00f1o de trabajo constante de Anses en Berazategui - Principios\",\"isPartOf\":{\"@id\":\"https:\\\/\\\/diarioprincipios.com\\\/#website\"},\"primaryImageOfPage\":{\"@id\":\"https:\\\/\\\/diarioprincipios.com\\\/index.php\\\/2021\\\/01\\\/11\\\/2020-un-ano-de-trabajo-constante-de-anses-en-berazategui\\\/#primaryimage\"},\"image\":{\"@id\":\"https:\\\/\\\/diarioprincipios.com\\\/index.php\\\/2021\\\/01\\\/11\\\/2020-un-ano-de-trabajo-constante-de-anses-en-berazategui\\\/#primaryimage\"},\"thumbnailUrl\":\"https:\\\/\\\/diarioprincipios.com\\\/wp-content\\\/uploads\\\/2021\\\/01\\\/Screenshot_20210111-225757_Yahoo-Mail.jpg\",\"datePublished\":\"2021-01-12T02:00:47+00:00\",\"dateModified\":\"2021-01-12T02:00:49+00:00\",\"breadcrumb\":{\"@id\":\"https:\\\/\\\/diarioprincipios.com\\\/index.php\\\/2021\\\/01\\\/11\\\/2020-un-ano-de-trabajo-constante-de-anses-en-berazategui\\\/#breadcrumb\"},\"inLanguage\":\"es\",\"potentialAction\":[{\"@type\":\"ReadAction\",\"target\":[\"https:\\\/\\\/diarioprincipios.com\\\/index.php\\\/2021\\\/01\\\/11\\\/2020-un-ano-de-trabajo-constante-de-anses-en-berazategui\\\/\"]}]},{\"@type\":\"ImageObject\",\"inLanguage\":\"es\",\"@id\":\"https:\\\/\\\/diarioprincipios.com\\\/index.php\\\/2021\\\/01\\\/11\\\/2020-un-ano-de-trabajo-constante-de-anses-en-berazategui\\\/#primaryimage\",\"url\":\"https:\\\/\\\/diarioprincipios.com\\\/wp-content\\\/uploads\\\/2021\\\/01\\\/Screenshot_20210111-225757_Yahoo-Mail.jpg\",\"contentUrl\":\"https:\\\/\\\/diarioprincipios.com\\\/wp-content\\\/uploads\\\/2021\\\/01\\\/Screenshot_20210111-225757_Yahoo-Mail.jpg\",\"width\":1078,\"height\":607},{\"@type\":\"BreadcrumbList\",\"@id\":\"https:\\\/\\\/diarioprincipios.com\\\/index.php\\\/2021\\\/01\\\/11\\\/2020-un-ano-de-trabajo-constante-de-anses-en-berazategui\\\/#breadcrumb\",\"itemListElement\":[{\"@type\":\"ListItem\",\"position\":1,\"name\":\"Portada\",\"item\":\"https:\\\/\\\/diarioprincipios.com\\\/\"},{\"@type\":\"ListItem\",\"position\":2,\"name\":\"2020: un a\u00f1o de trabajo constante de Anses en Berazategui\"}]},{\"@type\":\"WebSite\",\"@id\":\"https:\\\/\\\/diarioprincipios.com\\\/#website\",\"url\":\"https:\\\/\\\/diarioprincipios.com\\\/\",\"name\":\"Principios\",\"description\":\"Principios Diario\",\"publisher\":{\"@id\":\"https:\\\/\\\/diarioprincipios.com\\\/#organization\"},\"potentialAction\":[{\"@type\":\"SearchAction\",\"target\":{\"@type\":\"EntryPoint\",\"urlTemplate\":\"https:\\\/\\\/diarioprincipios.com\\\/?s={search_term_string}\"},\"query-input\":{\"@type\":\"PropertyValueSpecification\",\"valueRequired\":true,\"valueName\":\"search_term_string\"}}],\"inLanguage\":\"es\"},{\"@type\":\"Organization\",\"@id\":\"https:\\\/\\\/diarioprincipios.com\\\/#organization\",\"name\":\"Principios\",\"url\":\"https:\\\/\\\/diarioprincipios.com\\\/\",\"logo\":{\"@type\":\"ImageObject\",\"inLanguage\":\"es\",\"@id\":\"https:\\\/\\\/diarioprincipios.com\\\/#\\\/schema\\\/logo\\\/image\\\/\",\"url\":\"https:\\\/\\\/diarioprincipios.com\\\/wp-content\\\/uploads\\\/2024\\\/04\\\/cropped-www.diarioprincipios.com_-1.png\",\"contentUrl\":\"https:\\\/\\\/diarioprincipios.com\\\/wp-content\\\/uploads\\\/2024\\\/04\\\/cropped-www.diarioprincipios.com_-1.png\",\"width\":5325,\"height\":1454,\"caption\":\"Principios\"},\"image\":{\"@id\":\"https:\\\/\\\/diarioprincipios.com\\\/#\\\/schema\\\/logo\\\/image\\\/\"}},{\"@type\":\"Person\",\"@id\":\"https:\\\/\\\/diarioprincipios.com\\\/#\\\/schema\\\/person\\\/436d5a1fd41a5e250e23ff5a6a7cb080\",\"name\":\"Hern\u00e1n L\u00f3pez\",\"image\":{\"@type\":\"ImageObject\",\"inLanguage\":\"es\",\"@id\":\"https:\\\/\\\/diarioprincipios.com\\\/wp-content\\\/litespeed\\\/avatar\\\/11ddfe5610ff3bd100522525b2571f48.jpg?ver=1777048341\",\"url\":\"https:\\\/\\\/diarioprincipios.com\\\/wp-content\\\/litespeed\\\/avatar\\\/11ddfe5610ff3bd100522525b2571f48.jpg?ver=1777048341\",\"contentUrl\":\"https:\\\/\\\/diarioprincipios.com\\\/wp-content\\\/litespeed\\\/avatar\\\/11ddfe5610ff3bd100522525b2571f48.jpg?ver=1777048341\",\"caption\":\"Hern\u00e1n L\u00f3pez\"},\"url\":\"https:\\\/\\\/diarioprincipios.com\\\/index.php\\\/author\\\/hernan\\\/\"}]}<\/script>\n<!-- \/ Yoast SEO plugin. -->","yoast_head_json":{"title":"2020: un a\u00f1o de trabajo constante de Anses en Berazategui - Principios","robots":{"index":"index","follow":"follow","max-snippet":"max-snippet:-1","max-image-preview":"max-image-preview:large","max-video-preview":"max-video-preview:-1"},"canonical":"https:\/\/diarioprincipios.com\/index.php\/2021\/01\/11\/2020-un-ano-de-trabajo-constante-de-anses-en-berazategui\/","og_locale":"es_ES","og_type":"article","og_title":"2020: un a\u00f1o de trabajo constante de Anses en Berazategui - Principios","og_description":"Tras un a\u00f1o cargado de dificultades generadas por el avance de la pandemia de COVID-19, la Administraci\u00f3n Nacional de la Seguridad Social (ANSES) trabaj\u00f3 arduamente en Berazategui ejecutando las pol\u00edticas adoptadas por el Estado nacional en materia de seguridad social, ayudando a los vecinos y vecinas a hacer frente al aislamiento social, preventivo y obligatorio....","og_url":"https:\/\/diarioprincipios.com\/index.php\/2021\/01\/11\/2020-un-ano-de-trabajo-constante-de-anses-en-berazategui\/","og_site_name":"Principios","article_published_time":"2021-01-12T02:00:47+00:00","article_modified_time":"2021-01-12T02:00:49+00:00","og_image":[{"width":1078,"height":607,"url":"https:\/\/diarioprincipios.com\/wp-content\/uploads\/2021\/01\/Screenshot_20210111-225757_Yahoo-Mail.jpg","type":"image\/jpeg"}],"author":"Hern\u00e1n L\u00f3pez","twitter_card":"summary_large_image","twitter_misc":{"Escrito por":"Hern\u00e1n L\u00f3pez","Tiempo de lectura":"2 minutos"},"schema":{"@context":"https:\/\/schema.org","@graph":[{"@type":"Article","@id":"https:\/\/diarioprincipios.com\/index.php\/2021\/01\/11\/2020-un-ano-de-trabajo-constante-de-anses-en-berazategui\/#article","isPartOf":{"@id":"https:\/\/diarioprincipios.com\/index.php\/2021\/01\/11\/2020-un-ano-de-trabajo-constante-de-anses-en-berazategui\/"},"author":{"name":"Hern\u00e1n L\u00f3pez","@id":"https:\/\/diarioprincipios.com\/#\/schema\/person\/436d5a1fd41a5e250e23ff5a6a7cb080"},"headline":"2020: un a\u00f1o de trabajo constante de Anses en Berazategui","datePublished":"2021-01-12T02:00:47+00:00","dateModified":"2021-01-12T02:00:49+00:00","mainEntityOfPage":{"@id":"https:\/\/diarioprincipios.com\/index.php\/2021\/01\/11\/2020-un-ano-de-trabajo-constante-de-anses-en-berazategui\/"},"wordCount":396,"commentCount":0,"publisher":{"@id":"https:\/\/diarioprincipios.com\/#organization"},"image":{"@id":"https:\/\/diarioprincipios.com\/index.php\/2021\/01\/11\/2020-un-ano-de-trabajo-constante-de-anses-en-berazategui\/#primaryimage"},"thumbnailUrl":"https:\/\/diarioprincipios.com\/wp-content\/uploads\/2021\/01\/Screenshot_20210111-225757_Yahoo-Mail.jpg","articleSection":["Berazategui"],"inLanguage":"es","potentialAction":[{"@type":"CommentAction","name":"Comment","target":["https:\/\/diarioprincipios.com\/index.php\/2021\/01\/11\/2020-un-ano-de-trabajo-constante-de-anses-en-berazategui\/#respond"]}]},{"@type":"WebPage","@id":"https:\/\/diarioprincipios.com\/index.php\/2021\/01\/11\/2020-un-ano-de-trabajo-constante-de-anses-en-berazategui\/","url":"https:\/\/diarioprincipios.com\/index.php\/2021\/01\/11\/2020-un-ano-de-trabajo-constante-de-anses-en-berazategui\/","name":"2020: un a\u00f1o de trabajo constante de Anses en Berazategui - Principios","isPartOf":{"@id":"https:\/\/diarioprincipios.com\/#website"},"primaryImageOfPage":{"@id":"https:\/\/diarioprincipios.com\/index.php\/2021\/01\/11\/2020-un-ano-de-trabajo-constante-de-anses-en-berazategui\/#primaryimage"},"image":{"@id":"https:\/\/diarioprincipios.com\/index.php\/2021\/01\/11\/2020-un-ano-de-trabajo-constante-de-anses-en-berazategui\/#primaryimage"},"thumbnailUrl":"https:\/\/diarioprincipios.com\/wp-content\/uploads\/2021\/01\/Screenshot_20210111-225757_Yahoo-Mail.jpg","datePublished":"2021-01-12T02:00:47+00:00","dateModified":"2021-01-12T02:00:49+00:00","breadcrumb":{"@id":"https:\/\/diarioprincipios.com\/index.php\/2021\/01\/11\/2020-un-ano-de-trabajo-constante-de-anses-en-berazategui\/#breadcrumb"},"inLanguage":"es","potentialAction":[{"@type":"ReadAction","target":["https:\/\/diarioprincipios.com\/index.php\/2021\/01\/11\/2020-un-ano-de-trabajo-constante-de-anses-en-berazategui\/"]}]},{"@type":"ImageObject","inLanguage":"es","@id":"https:\/\/diarioprincipios.com\/index.php\/2021\/01\/11\/2020-un-ano-de-trabajo-constante-de-anses-en-berazategui\/#primaryimage","url":"https:\/\/diarioprincipios.com\/wp-content\/uploads\/2021\/01\/Screenshot_20210111-225757_Yahoo-Mail.jpg","contentUrl":"https:\/\/diarioprincipios.com\/wp-content\/uploads\/2021\/01\/Screenshot_20210111-225757_Yahoo-Mail.jpg","width":1078,"height":607},{"@type":"BreadcrumbList","@id":"https:\/\/diarioprincipios.com\/index.php\/2021\/01\/11\/2020-un-ano-de-trabajo-constante-de-anses-en-berazategui\/#breadcrumb","itemListElement":[{"@type":"ListItem","position":1,"name":"Portada","item":"https:\/\/diarioprincipios.com\/"},{"@type":"ListItem","position":2,"name":"2020: un a\u00f1o de trabajo constante de Anses en Berazategui"}]},{"@type":"WebSite","@id":"https:\/\/diarioprincipios.com\/#website","url":"https:\/\/diarioprincipios.com\/","name":"Principios","description":"Principios Diario","publisher":{"@id":"https:\/\/diarioprincipios.com\/#organization"},"potentialAction":[{"@type":"SearchAction","target":{"@type":"EntryPoint","urlTemplate":"https:\/\/diarioprincipios.com\/?s={search_term_string}"},"query-input":{"@type":"PropertyValueSpecification","valueRequired":true,"valueName":"search_term_string"}}],"inLanguage":"es"},{"@type":"Organization","@id":"https:\/\/diarioprincipios.com\/#organization","name":"Principios","url":"https:\/\/diarioprincipios.com\/","logo":{"@type":"ImageObject","inLanguage":"es","@id":"https:\/\/diarioprincipios.com\/#\/schema\/logo\/image\/","url":"https:\/\/diarioprincipios.com\/wp-content\/uploads\/2024\/04\/cropped-www.diarioprincipios.com_-1.png","contentUrl":"https:\/\/diarioprincipios.com\/wp-content\/uploads\/2024\/04\/cropped-www.diarioprincipios.com_-1.png","width":5325,"height":1454,"caption":"Principios"},"image":{"@id":"https:\/\/diarioprincipios.com\/#\/schema\/logo\/image\/"}},{"@type":"Person","@id":"https:\/\/diarioprincipios.com\/#\/schema\/person\/436d5a1fd41a5e250e23ff5a6a7cb080","name":"Hern\u00e1n L\u00f3pez","image":{"@type":"ImageObject","inLanguage":"es","@id":"https:\/\/diarioprincipios.com\/wp-content\/litespeed\/avatar\/11ddfe5610ff3bd100522525b2571f48.jpg?ver=1777048341","url":"https:\/\/diarioprincipios.com\/wp-content\/litespeed\/avatar\/11ddfe5610ff3bd100522525b2571f48.jpg?ver=1777048341","contentUrl":"https:\/\/diarioprincipios.com\/wp-content\/litespeed\/avatar\/11ddfe5610ff3bd100522525b2571f48.jpg?ver=1777048341","caption":"Hern\u00e1n L\u00f3pez"},"url":"https:\/\/diarioprincipios.com\/index.php\/author\/hernan\/"}]}},"jetpack_featured_media_url":"https:\/\/diarioprincipios.com\/wp-content\/uploads\/2021\/01\/Screenshot_20210111-225757_Yahoo-Mail.jpg","_links":{"self":[{"href":"https:\/\/diarioprincipios.com\/index.php\/wp-json\/wp\/v2\/posts\/8133","targetHints":{"allow":["GET"]}}],"collection":[{"href":"https:\/\/diarioprincipios.com\/index.php\/wp-json\/wp\/v2\/posts"}],"about":[{"href":"https:\/\/diarioprincipios.com\/index.php\/wp-json\/wp\/v2\/types\/post"}],"author":[{"embeddable":true,"href":"https:\/\/diarioprincipios.com\/index.php\/wp-json\/wp\/v2\/users\/2"}],"replies":[{"embeddable":true,"href":"https:\/\/diarioprincipios.com\/index.php\/wp-json\/wp\/v2\/comments?post=8133"}],"version-history":[{"count":1,"href":"https:\/\/diarioprincipios.com\/index.php\/wp-json\/wp\/v2\/posts\/8133\/revisions"}],"predecessor-version":[{"id":8136,"href":"https:\/\/diarioprincipios.com\/index.php\/wp-json\/wp\/v2\/posts\/8133\/revisions\/8136"}],"wp:featuredmedia":[{"embeddable":true,"href":"https:\/\/diarioprincipios.com\/index.php\/wp-json\/wp\/v2\/media\/8135"}],"wp:attachment":[{"href":"https:\/\/diarioprincipios.com\/index.php\/wp-json\/wp\/v2\/media?parent=8133"}],"wp:term":[{"taxonomy":"category","embeddable":true,"href":"https:\/\/diarioprincipios.com\/index.php\/wp-json\/wp\/v2\/categories?post=8133"},{"taxonomy":"post_tag","embeddable":true,"href":"https:\/\/diarioprincipios.com\/index.php\/wp-json\/wp\/v2\/tags?post=8133"}],"curies":[{"name":"wp","href":"https:\/\/api.w.org\/{rel}","templated":true}]}}