{"id":812,"date":"2020-04-19T22:11:49","date_gmt":"2020-04-19T22:11:49","guid":{"rendered":"http:\/\/diarioprincipios.com\/?p=812"},"modified":"2020-04-19T22:11:51","modified_gmt":"2020-04-19T22:11:51","slug":"dos-nuevos-contagios-y-un-nuevo-fallecimiento-por-covid-19-en-avellaneda","status":"publish","type":"post","link":"https:\/\/diarioprincipios.com\/index.php\/2020\/04\/19\/dos-nuevos-contagios-y-un-nuevo-fallecimiento-por-covid-19-en-avellaneda\/","title":{"rendered":"Dos nuevos contagios y un nuevo fallecimiento por Covid 19 en Avellaneda"},"content":{"rendered":"\n<p>La Municipalidad de Avellaneda, en su informe diario, anunci\u00f3 que \u00abSe suman dos nuevos contagiados con el virus COVID-19 y lamentamos informar el fallecimiento de una vecina de 62 a\u00f1os\u00bb.<\/p>\n\n\n\n<p>Hasta este domingo 19 de abril, son 24 los vecinos de la ciudad que se han infectado desde el inicio de esta crisis sanitaria. Hay 17 casos que tienen una buena evoluci\u00f3n, 5 son los pacientes que ya recibieron el alta m\u00e9dica y hoy ha fallecido una mujer de 62 a\u00f1os, por lo que ya son dos vecinos que han perdido la vida debido a esta pandemia.<\/p>\n\n\n\n<p>Mientras tanto, hay 40 personas que contin\u00faan en evaluaci\u00f3n y 227 vecinas y vecinos ya fueron descartados como posibles portadores del virus.<\/p>\n\n\n\n<p>Las secretar\u00edas de Seguridad y de Salud de Avellaneda siguen trabajando para realizar el control de aislamiento sobre 142 personas que han sido viajeros recientes. Esta tarea preventiva se extiende durante el plazo de la cuarentena sanitaria.<\/p>\n\n\n\n<p>Informamos tambi\u00e9n que desde el 20 de marzo han sido demoradas y notificadas 477 personas por violar el aislamiento preventivo obligatorio dispuesto por el Gobierno Nacional.<\/p>\n","protected":false},"excerpt":{"rendered":"<p>La Municipalidad de Avellaneda, en su informe diario, anunci\u00f3 que \u00abSe suman dos nuevos contagiados con el virus COVID-19 y lamentamos informar el fallecimiento de una vecina de 62 a\u00f1os\u00bb. Hasta este domingo 19 de abril, son 24 los vecinos de la ciudad que se han infectado desde el inicio de esta crisis sanitaria. Hay&#8230;<\/p>\n","protected":false},"author":2,"featured_media":561,"comment_status":"open","ping_status":"open","sticky":false,"template":"","format":"standard","meta":{"footnotes":""},"categories":[5],"tags":[],"class_list":["post-812","post","type-post","status-publish","format-standard","has-post-thumbnail","hentry","category-avellaneda"],"featured_image_src":"https:\/\/diarioprincipios.com\/wp-content\/uploads\/2020\/03\/covid2-1024x576.jpg","blog_images":{"medium":"https:\/\/diarioprincipios.com\/wp-content\/uploads\/2020\/03\/covid2-300x169.jpg","large":"https:\/\/diarioprincipios.com\/wp-content\/uploads\/2020\/03\/covid2-1024x576.jpg"},"ams_acf":[],"yoast_head":"<!-- This site is optimized with the Yoast SEO plugin v27.3 - https:\/\/yoast.com\/product\/yoast-seo-wordpress\/ -->\n<title>Dos nuevos contagios y un nuevo fallecimiento por Covid 19 en Avellaneda - Principios<\/title>\n<meta name=\"robots\" content=\"index, follow, max-snippet:-1, max-image-preview:large, max-video-preview:-1\" \/>\n<link rel=\"canonical\" href=\"https:\/\/diarioprincipios.com\/index.php\/2020\/04\/19\/dos-nuevos-contagios-y-un-nuevo-fallecimiento-por-covid-19-en-avellaneda\/\" \/>\n<meta property=\"og:locale\" content=\"es_ES\" \/>\n<meta property=\"og:type\" content=\"article\" \/>\n<meta property=\"og:title\" content=\"Dos nuevos contagios y un nuevo fallecimiento por Covid 19 en Avellaneda - Principios\" \/>\n<meta property=\"og:description\" content=\"La Municipalidad de Avellaneda, en su informe diario, anunci\u00f3 que \u00abSe suman dos nuevos contagiados con el virus COVID-19 y lamentamos informar el fallecimiento de una vecina de 62 a\u00f1os\u00bb. Hasta este domingo 19 de abril, son 24 los vecinos de la ciudad que se han infectado desde el inicio de esta crisis sanitaria. Hay...\" \/>\n<meta property=\"og:url\" content=\"https:\/\/diarioprincipios.com\/index.php\/2020\/04\/19\/dos-nuevos-contagios-y-un-nuevo-fallecimiento-por-covid-19-en-avellaneda\/\" \/>\n<meta property=\"og:site_name\" content=\"Principios\" \/>\n<meta property=\"article:published_time\" content=\"2020-04-19T22:11:49+00:00\" \/>\n<meta property=\"article:modified_time\" content=\"2020-04-19T22:11:51+00:00\" \/>\n<meta property=\"og:image\" content=\"https:\/\/diarioprincipios.com\/wp-content\/uploads\/2020\/03\/covid2.jpg\" \/>\n\t<meta property=\"og:image:width\" content=\"1280\" \/>\n\t<meta property=\"og:image:height\" content=\"720\" \/>\n\t<meta property=\"og:image:type\" content=\"image\/jpeg\" \/>\n<meta name=\"author\" content=\"Hern\u00e1n L\u00f3pez\" \/>\n<meta name=\"twitter:card\" content=\"summary_large_image\" \/>\n<meta name=\"twitter:label1\" content=\"Escrito por\" \/>\n\t<meta name=\"twitter:data1\" content=\"Hern\u00e1n L\u00f3pez\" \/>\n\t<meta name=\"twitter:label2\" content=\"Tiempo de lectura\" \/>\n\t<meta name=\"twitter:data2\" content=\"1 minuto\" \/>\n<script type=\"application\/ld+json\" class=\"yoast-schema-graph\">{\"@context\":\"https:\\\/\\\/schema.org\",\"@graph\":[{\"@type\":\"Article\",\"@id\":\"https:\\\/\\\/diarioprincipios.com\\\/index.php\\\/2020\\\/04\\\/19\\\/dos-nuevos-contagios-y-un-nuevo-fallecimiento-por-covid-19-en-avellaneda\\\/#article\",\"isPartOf\":{\"@id\":\"https:\\\/\\\/diarioprincipios.com\\\/index.php\\\/2020\\\/04\\\/19\\\/dos-nuevos-contagios-y-un-nuevo-fallecimiento-por-covid-19-en-avellaneda\\\/\"},\"author\":{\"name\":\"Hern\u00e1n L\u00f3pez\",\"@id\":\"https:\\\/\\\/diarioprincipios.com\\\/#\\\/schema\\\/person\\\/436d5a1fd41a5e250e23ff5a6a7cb080\"},\"headline\":\"Dos nuevos contagios y un nuevo fallecimiento por Covid 19 en Avellaneda\",\"datePublished\":\"2020-04-19T22:11:49+00:00\",\"dateModified\":\"2020-04-19T22:11:51+00:00\",\"mainEntityOfPage\":{\"@id\":\"https:\\\/\\\/diarioprincipios.com\\\/index.php\\\/2020\\\/04\\\/19\\\/dos-nuevos-contagios-y-un-nuevo-fallecimiento-por-covid-19-en-avellaneda\\\/\"},\"wordCount\":190,\"commentCount\":0,\"publisher\":{\"@id\":\"https:\\\/\\\/diarioprincipios.com\\\/#organization\"},\"image\":{\"@id\":\"https:\\\/\\\/diarioprincipios.com\\\/index.php\\\/2020\\\/04\\\/19\\\/dos-nuevos-contagios-y-un-nuevo-fallecimiento-por-covid-19-en-avellaneda\\\/#primaryimage\"},\"thumbnailUrl\":\"https:\\\/\\\/diarioprincipios.com\\\/wp-content\\\/uploads\\\/2020\\\/03\\\/covid2.jpg\",\"articleSection\":[\"Avellaneda\"],\"inLanguage\":\"es\",\"potentialAction\":[{\"@type\":\"CommentAction\",\"name\":\"Comment\",\"target\":[\"https:\\\/\\\/diarioprincipios.com\\\/index.php\\\/2020\\\/04\\\/19\\\/dos-nuevos-contagios-y-un-nuevo-fallecimiento-por-covid-19-en-avellaneda\\\/#respond\"]}]},{\"@type\":\"WebPage\",\"@id\":\"https:\\\/\\\/diarioprincipios.com\\\/index.php\\\/2020\\\/04\\\/19\\\/dos-nuevos-contagios-y-un-nuevo-fallecimiento-por-covid-19-en-avellaneda\\\/\",\"url\":\"https:\\\/\\\/diarioprincipios.com\\\/index.php\\\/2020\\\/04\\\/19\\\/dos-nuevos-contagios-y-un-nuevo-fallecimiento-por-covid-19-en-avellaneda\\\/\",\"name\":\"Dos nuevos contagios y un nuevo fallecimiento por Covid 19 en Avellaneda - Principios\",\"isPartOf\":{\"@id\":\"https:\\\/\\\/diarioprincipios.com\\\/#website\"},\"primaryImageOfPage\":{\"@id\":\"https:\\\/\\\/diarioprincipios.com\\\/index.php\\\/2020\\\/04\\\/19\\\/dos-nuevos-contagios-y-un-nuevo-fallecimiento-por-covid-19-en-avellaneda\\\/#primaryimage\"},\"image\":{\"@id\":\"https:\\\/\\\/diarioprincipios.com\\\/index.php\\\/2020\\\/04\\\/19\\\/dos-nuevos-contagios-y-un-nuevo-fallecimiento-por-covid-19-en-avellaneda\\\/#primaryimage\"},\"thumbnailUrl\":\"https:\\\/\\\/diarioprincipios.com\\\/wp-content\\\/uploads\\\/2020\\\/03\\\/covid2.jpg\",\"datePublished\":\"2020-04-19T22:11:49+00:00\",\"dateModified\":\"2020-04-19T22:11:51+00:00\",\"breadcrumb\":{\"@id\":\"https:\\\/\\\/diarioprincipios.com\\\/index.php\\\/2020\\\/04\\\/19\\\/dos-nuevos-contagios-y-un-nuevo-fallecimiento-por-covid-19-en-avellaneda\\\/#breadcrumb\"},\"inLanguage\":\"es\",\"potentialAction\":[{\"@type\":\"ReadAction\",\"target\":[\"https:\\\/\\\/diarioprincipios.com\\\/index.php\\\/2020\\\/04\\\/19\\\/dos-nuevos-contagios-y-un-nuevo-fallecimiento-por-covid-19-en-avellaneda\\\/\"]}]},{\"@type\":\"ImageObject\",\"inLanguage\":\"es\",\"@id\":\"https:\\\/\\\/diarioprincipios.com\\\/index.php\\\/2020\\\/04\\\/19\\\/dos-nuevos-contagios-y-un-nuevo-fallecimiento-por-covid-19-en-avellaneda\\\/#primaryimage\",\"url\":\"https:\\\/\\\/diarioprincipios.com\\\/wp-content\\\/uploads\\\/2020\\\/03\\\/covid2.jpg\",\"contentUrl\":\"https:\\\/\\\/diarioprincipios.com\\\/wp-content\\\/uploads\\\/2020\\\/03\\\/covid2.jpg\",\"width\":1280,\"height\":720},{\"@type\":\"BreadcrumbList\",\"@id\":\"https:\\\/\\\/diarioprincipios.com\\\/index.php\\\/2020\\\/04\\\/19\\\/dos-nuevos-contagios-y-un-nuevo-fallecimiento-por-covid-19-en-avellaneda\\\/#breadcrumb\",\"itemListElement\":[{\"@type\":\"ListItem\",\"position\":1,\"name\":\"Portada\",\"item\":\"https:\\\/\\\/diarioprincipios.com\\\/\"},{\"@type\":\"ListItem\",\"position\":2,\"name\":\"Dos nuevos contagios y un nuevo fallecimiento por Covid 19 en Avellaneda\"}]},{\"@type\":\"WebSite\",\"@id\":\"https:\\\/\\\/diarioprincipios.com\\\/#website\",\"url\":\"https:\\\/\\\/diarioprincipios.com\\\/\",\"name\":\"Principios\",\"description\":\"Principios Diario\",\"publisher\":{\"@id\":\"https:\\\/\\\/diarioprincipios.com\\\/#organization\"},\"potentialAction\":[{\"@type\":\"SearchAction\",\"target\":{\"@type\":\"EntryPoint\",\"urlTemplate\":\"https:\\\/\\\/diarioprincipios.com\\\/?s={search_term_string}\"},\"query-input\":{\"@type\":\"PropertyValueSpecification\",\"valueRequired\":true,\"valueName\":\"search_term_string\"}}],\"inLanguage\":\"es\"},{\"@type\":\"Organization\",\"@id\":\"https:\\\/\\\/diarioprincipios.com\\\/#organization\",\"name\":\"Principios\",\"url\":\"https:\\\/\\\/diarioprincipios.com\\\/\",\"logo\":{\"@type\":\"ImageObject\",\"inLanguage\":\"es\",\"@id\":\"https:\\\/\\\/diarioprincipios.com\\\/#\\\/schema\\\/logo\\\/image\\\/\",\"url\":\"https:\\\/\\\/diarioprincipios.com\\\/wp-content\\\/uploads\\\/2024\\\/04\\\/cropped-www.diarioprincipios.com_-1.png\",\"contentUrl\":\"https:\\\/\\\/diarioprincipios.com\\\/wp-content\\\/uploads\\\/2024\\\/04\\\/cropped-www.diarioprincipios.com_-1.png\",\"width\":5325,\"height\":1454,\"caption\":\"Principios\"},\"image\":{\"@id\":\"https:\\\/\\\/diarioprincipios.com\\\/#\\\/schema\\\/logo\\\/image\\\/\"}},{\"@type\":\"Person\",\"@id\":\"https:\\\/\\\/diarioprincipios.com\\\/#\\\/schema\\\/person\\\/436d5a1fd41a5e250e23ff5a6a7cb080\",\"name\":\"Hern\u00e1n L\u00f3pez\",\"image\":{\"@type\":\"ImageObject\",\"inLanguage\":\"es\",\"@id\":\"https:\\\/\\\/diarioprincipios.com\\\/wp-content\\\/litespeed\\\/avatar\\\/11ddfe5610ff3bd100522525b2571f48.jpg?ver=1777048341\",\"url\":\"https:\\\/\\\/diarioprincipios.com\\\/wp-content\\\/litespeed\\\/avatar\\\/11ddfe5610ff3bd100522525b2571f48.jpg?ver=1777048341\",\"contentUrl\":\"https:\\\/\\\/diarioprincipios.com\\\/wp-content\\\/litespeed\\\/avatar\\\/11ddfe5610ff3bd100522525b2571f48.jpg?ver=1777048341\",\"caption\":\"Hern\u00e1n L\u00f3pez\"},\"url\":\"https:\\\/\\\/diarioprincipios.com\\\/index.php\\\/author\\\/hernan\\\/\"}]}<\/script>\n<!-- \/ Yoast SEO plugin. -->","yoast_head_json":{"title":"Dos nuevos contagios y un nuevo fallecimiento por Covid 19 en Avellaneda - Principios","robots":{"index":"index","follow":"follow","max-snippet":"max-snippet:-1","max-image-preview":"max-image-preview:large","max-video-preview":"max-video-preview:-1"},"canonical":"https:\/\/diarioprincipios.com\/index.php\/2020\/04\/19\/dos-nuevos-contagios-y-un-nuevo-fallecimiento-por-covid-19-en-avellaneda\/","og_locale":"es_ES","og_type":"article","og_title":"Dos nuevos contagios y un nuevo fallecimiento por Covid 19 en Avellaneda - Principios","og_description":"La Municipalidad de Avellaneda, en su informe diario, anunci\u00f3 que \u00abSe suman dos nuevos contagiados con el virus COVID-19 y lamentamos informar el fallecimiento de una vecina de 62 a\u00f1os\u00bb. Hasta este domingo 19 de abril, son 24 los vecinos de la ciudad que se han infectado desde el inicio de esta crisis sanitaria. Hay...","og_url":"https:\/\/diarioprincipios.com\/index.php\/2020\/04\/19\/dos-nuevos-contagios-y-un-nuevo-fallecimiento-por-covid-19-en-avellaneda\/","og_site_name":"Principios","article_published_time":"2020-04-19T22:11:49+00:00","article_modified_time":"2020-04-19T22:11:51+00:00","og_image":[{"width":1280,"height":720,"url":"https:\/\/diarioprincipios.com\/wp-content\/uploads\/2020\/03\/covid2.jpg","type":"image\/jpeg"}],"author":"Hern\u00e1n L\u00f3pez","twitter_card":"summary_large_image","twitter_misc":{"Escrito por":"Hern\u00e1n L\u00f3pez","Tiempo de lectura":"1 minuto"},"schema":{"@context":"https:\/\/schema.org","@graph":[{"@type":"Article","@id":"https:\/\/diarioprincipios.com\/index.php\/2020\/04\/19\/dos-nuevos-contagios-y-un-nuevo-fallecimiento-por-covid-19-en-avellaneda\/#article","isPartOf":{"@id":"https:\/\/diarioprincipios.com\/index.php\/2020\/04\/19\/dos-nuevos-contagios-y-un-nuevo-fallecimiento-por-covid-19-en-avellaneda\/"},"author":{"name":"Hern\u00e1n L\u00f3pez","@id":"https:\/\/diarioprincipios.com\/#\/schema\/person\/436d5a1fd41a5e250e23ff5a6a7cb080"},"headline":"Dos nuevos contagios y un nuevo fallecimiento por Covid 19 en Avellaneda","datePublished":"2020-04-19T22:11:49+00:00","dateModified":"2020-04-19T22:11:51+00:00","mainEntityOfPage":{"@id":"https:\/\/diarioprincipios.com\/index.php\/2020\/04\/19\/dos-nuevos-contagios-y-un-nuevo-fallecimiento-por-covid-19-en-avellaneda\/"},"wordCount":190,"commentCount":0,"publisher":{"@id":"https:\/\/diarioprincipios.com\/#organization"},"image":{"@id":"https:\/\/diarioprincipios.com\/index.php\/2020\/04\/19\/dos-nuevos-contagios-y-un-nuevo-fallecimiento-por-covid-19-en-avellaneda\/#primaryimage"},"thumbnailUrl":"https:\/\/diarioprincipios.com\/wp-content\/uploads\/2020\/03\/covid2.jpg","articleSection":["Avellaneda"],"inLanguage":"es","potentialAction":[{"@type":"CommentAction","name":"Comment","target":["https:\/\/diarioprincipios.com\/index.php\/2020\/04\/19\/dos-nuevos-contagios-y-un-nuevo-fallecimiento-por-covid-19-en-avellaneda\/#respond"]}]},{"@type":"WebPage","@id":"https:\/\/diarioprincipios.com\/index.php\/2020\/04\/19\/dos-nuevos-contagios-y-un-nuevo-fallecimiento-por-covid-19-en-avellaneda\/","url":"https:\/\/diarioprincipios.com\/index.php\/2020\/04\/19\/dos-nuevos-contagios-y-un-nuevo-fallecimiento-por-covid-19-en-avellaneda\/","name":"Dos nuevos contagios y un nuevo fallecimiento por Covid 19 en Avellaneda - Principios","isPartOf":{"@id":"https:\/\/diarioprincipios.com\/#website"},"primaryImageOfPage":{"@id":"https:\/\/diarioprincipios.com\/index.php\/2020\/04\/19\/dos-nuevos-contagios-y-un-nuevo-fallecimiento-por-covid-19-en-avellaneda\/#primaryimage"},"image":{"@id":"https:\/\/diarioprincipios.com\/index.php\/2020\/04\/19\/dos-nuevos-contagios-y-un-nuevo-fallecimiento-por-covid-19-en-avellaneda\/#primaryimage"},"thumbnailUrl":"https:\/\/diarioprincipios.com\/wp-content\/uploads\/2020\/03\/covid2.jpg","datePublished":"2020-04-19T22:11:49+00:00","dateModified":"2020-04-19T22:11:51+00:00","breadcrumb":{"@id":"https:\/\/diarioprincipios.com\/index.php\/2020\/04\/19\/dos-nuevos-contagios-y-un-nuevo-fallecimiento-por-covid-19-en-avellaneda\/#breadcrumb"},"inLanguage":"es","potentialAction":[{"@type":"ReadAction","target":["https:\/\/diarioprincipios.com\/index.php\/2020\/04\/19\/dos-nuevos-contagios-y-un-nuevo-fallecimiento-por-covid-19-en-avellaneda\/"]}]},{"@type":"ImageObject","inLanguage":"es","@id":"https:\/\/diarioprincipios.com\/index.php\/2020\/04\/19\/dos-nuevos-contagios-y-un-nuevo-fallecimiento-por-covid-19-en-avellaneda\/#primaryimage","url":"https:\/\/diarioprincipios.com\/wp-content\/uploads\/2020\/03\/covid2.jpg","contentUrl":"https:\/\/diarioprincipios.com\/wp-content\/uploads\/2020\/03\/covid2.jpg","width":1280,"height":720},{"@type":"BreadcrumbList","@id":"https:\/\/diarioprincipios.com\/index.php\/2020\/04\/19\/dos-nuevos-contagios-y-un-nuevo-fallecimiento-por-covid-19-en-avellaneda\/#breadcrumb","itemListElement":[{"@type":"ListItem","position":1,"name":"Portada","item":"https:\/\/diarioprincipios.com\/"},{"@type":"ListItem","position":2,"name":"Dos nuevos contagios y un nuevo fallecimiento por Covid 19 en Avellaneda"}]},{"@type":"WebSite","@id":"https:\/\/diarioprincipios.com\/#website","url":"https:\/\/diarioprincipios.com\/","name":"Principios","description":"Principios Diario","publisher":{"@id":"https:\/\/diarioprincipios.com\/#organization"},"potentialAction":[{"@type":"SearchAction","target":{"@type":"EntryPoint","urlTemplate":"https:\/\/diarioprincipios.com\/?s={search_term_string}"},"query-input":{"@type":"PropertyValueSpecification","valueRequired":true,"valueName":"search_term_string"}}],"inLanguage":"es"},{"@type":"Organization","@id":"https:\/\/diarioprincipios.com\/#organization","name":"Principios","url":"https:\/\/diarioprincipios.com\/","logo":{"@type":"ImageObject","inLanguage":"es","@id":"https:\/\/diarioprincipios.com\/#\/schema\/logo\/image\/","url":"https:\/\/diarioprincipios.com\/wp-content\/uploads\/2024\/04\/cropped-www.diarioprincipios.com_-1.png","contentUrl":"https:\/\/diarioprincipios.com\/wp-content\/uploads\/2024\/04\/cropped-www.diarioprincipios.com_-1.png","width":5325,"height":1454,"caption":"Principios"},"image":{"@id":"https:\/\/diarioprincipios.com\/#\/schema\/logo\/image\/"}},{"@type":"Person","@id":"https:\/\/diarioprincipios.com\/#\/schema\/person\/436d5a1fd41a5e250e23ff5a6a7cb080","name":"Hern\u00e1n L\u00f3pez","image":{"@type":"ImageObject","inLanguage":"es","@id":"https:\/\/diarioprincipios.com\/wp-content\/litespeed\/avatar\/11ddfe5610ff3bd100522525b2571f48.jpg?ver=1777048341","url":"https:\/\/diarioprincipios.com\/wp-content\/litespeed\/avatar\/11ddfe5610ff3bd100522525b2571f48.jpg?ver=1777048341","contentUrl":"https:\/\/diarioprincipios.com\/wp-content\/litespeed\/avatar\/11ddfe5610ff3bd100522525b2571f48.jpg?ver=1777048341","caption":"Hern\u00e1n L\u00f3pez"},"url":"https:\/\/diarioprincipios.com\/index.php\/author\/hernan\/"}]}},"jetpack_featured_media_url":"https:\/\/diarioprincipios.com\/wp-content\/uploads\/2020\/03\/covid2.jpg","_links":{"self":[{"href":"https:\/\/diarioprincipios.com\/index.php\/wp-json\/wp\/v2\/posts\/812","targetHints":{"allow":["GET"]}}],"collection":[{"href":"https:\/\/diarioprincipios.com\/index.php\/wp-json\/wp\/v2\/posts"}],"about":[{"href":"https:\/\/diarioprincipios.com\/index.php\/wp-json\/wp\/v2\/types\/post"}],"author":[{"embeddable":true,"href":"https:\/\/diarioprincipios.com\/index.php\/wp-json\/wp\/v2\/users\/2"}],"replies":[{"embeddable":true,"href":"https:\/\/diarioprincipios.com\/index.php\/wp-json\/wp\/v2\/comments?post=812"}],"version-history":[{"count":1,"href":"https:\/\/diarioprincipios.com\/index.php\/wp-json\/wp\/v2\/posts\/812\/revisions"}],"predecessor-version":[{"id":813,"href":"https:\/\/diarioprincipios.com\/index.php\/wp-json\/wp\/v2\/posts\/812\/revisions\/813"}],"wp:featuredmedia":[{"embeddable":true,"href":"https:\/\/diarioprincipios.com\/index.php\/wp-json\/wp\/v2\/media\/561"}],"wp:attachment":[{"href":"https:\/\/diarioprincipios.com\/index.php\/wp-json\/wp\/v2\/media?parent=812"}],"wp:term":[{"taxonomy":"category","embeddable":true,"href":"https:\/\/diarioprincipios.com\/index.php\/wp-json\/wp\/v2\/categories?post=812"},{"taxonomy":"post_tag","embeddable":true,"href":"https:\/\/diarioprincipios.com\/index.php\/wp-json\/wp\/v2\/tags?post=812"}],"curies":[{"name":"wp","href":"https:\/\/api.w.org\/{rel}","templated":true}]}}