{"id":8108,"date":"2021-01-09T21:14:36","date_gmt":"2021-01-10T00:14:36","guid":{"rendered":"http:\/\/diarioprincipios.com\/?p=8108"},"modified":"2021-01-09T21:14:41","modified_gmt":"2021-01-10T00:14:41","slug":"personal-municipal-de-salud-se-vacuno-contra-el-coronavirus","status":"publish","type":"post","link":"https:\/\/diarioprincipios.com\/index.php\/2021\/01\/09\/personal-municipal-de-salud-se-vacuno-contra-el-coronavirus\/","title":{"rendered":"Personal Municipal de Salud se vacun\u00f3 contra el Coronavirus"},"content":{"rendered":"\n<p><strong>Tras un a\u00f1o de servicio a la comunidad en pleno estado de emergencia sanitaria, el personal de salud de Berazategui comenz\u00f3 a recibir la primera dosis de la Sputnik-V contra el coronavirus (COVID-19). La jornada de este viernes se desarroll\u00f3 en el Hospital Evita Pueblo.<br><\/strong><br>\u201cComenzamos a vacunar contra el coronavirus al personal de salud de la Municipalidad de Berazategui. Nos invade la esperanza, pero sabemos que la pandemia no termin\u00f3 y debemos seguir cuid\u00e1ndonos. Siento un gran orgullo y emoci\u00f3n de tener un presidente como Alberto Fern\u00e1ndez y un gobernador como Axel Kicillof, que pusieron a la salud p\u00fablica ante todo. \u00a1Muchas gracias!\u201d, expres\u00f3 a trav\u00e9s de sus redes sociales el intendente Juan Jos\u00e9 Mussi.<\/p>\n\n\n\n<p>Con la misma emoci\u00f3n se pronunci\u00f3 la Dra. Luciana Soto, subsecretaria de la Secretar\u00eda de Salud P\u00fablica e Higiene de la Municipalidad de Berazategui. \u201cEstoy muy contenta y emocionada por haber podido aplicarme la vacuna contra la COVD-19, que es el principio de la soluci\u00f3n contra este virus que tanto aqueja a la humanidad. Sin dudas, esto es algo muy importante para todos y, por supuesto, trascendental para quienes nos desempe\u00f1amos como personal de salud, ya que estamos en contacto directo con los pacientes\u201d, manifest\u00f3 la funcionaria durante la jornada de vacunaci\u00f3n.<\/p>\n\n\n\n<figure class=\"wp-block-image size-large\"><img loading=\"lazy\" decoding=\"async\" width=\"1024\" height=\"732\" src=\"https:\/\/diarioprincipios.com\/wp-content\/uploads\/2021\/01\/BERAZATEGUI-PERSONAL-DE-SALUD-MUNICIPAL-SE-VACUNO-CONTRA-EL-CORONAVIRUS-3-1024x732.jpg\" alt=\"\" class=\"wp-image-8110\" srcset=\"https:\/\/diarioprincipios.com\/wp-content\/uploads\/2021\/01\/BERAZATEGUI-PERSONAL-DE-SALUD-MUNICIPAL-SE-VACUNO-CONTRA-EL-CORONAVIRUS-3-1024x732.jpg 1024w, https:\/\/diarioprincipios.com\/wp-content\/uploads\/2021\/01\/BERAZATEGUI-PERSONAL-DE-SALUD-MUNICIPAL-SE-VACUNO-CONTRA-EL-CORONAVIRUS-3-300x214.jpg 300w, https:\/\/diarioprincipios.com\/wp-content\/uploads\/2021\/01\/BERAZATEGUI-PERSONAL-DE-SALUD-MUNICIPAL-SE-VACUNO-CONTRA-EL-CORONAVIRUS-3-768x549.jpg 768w, https:\/\/diarioprincipios.com\/wp-content\/uploads\/2021\/01\/BERAZATEGUI-PERSONAL-DE-SALUD-MUNICIPAL-SE-VACUNO-CONTRA-EL-CORONAVIRUS-3-1536x1097.jpg 1536w, https:\/\/diarioprincipios.com\/wp-content\/uploads\/2021\/01\/BERAZATEGUI-PERSONAL-DE-SALUD-MUNICIPAL-SE-VACUNO-CONTRA-EL-CORONAVIRUS-3.jpg 1653w\" sizes=\"auto, (max-width: 1024px) 100vw, 1024px\" \/><\/figure>\n\n\n\n<p>En este sentido, adem\u00e1s, Soto consider\u00f3 como \u201cuna decisi\u00f3n sumamente acertada\u201d que los trabajadores de la salud se encuentren entre los primeros en recibir la vacuna, a la que define como \u201cla herramienta m\u00e1s efectiva para defenderse contra esta enfermedad\u201d. \u201cSi bien uno toma todos los recaudos necesarios cuando ejerce la medicina asistencial, siempre existe la posibilidad de contagio, sobre todo frente a este virus. Por eso, que nos hayamos vacunado nos da m\u00e1s fuerzas para seguir adelante, porque sabemos que esto a\u00fan no ha terminado y que todav\u00eda nos queda mucho camino por recorrer\u201d, asegur\u00f3.<\/p>\n\n\n\n<p>Otra de las autoridades de la salud a nivel local que se aplic\u00f3 esta primera dosis de la Sputnik-V, fue la directora m\u00e9dica del CEM-SAME de la Municipalidad de Berazategui, Dra. Silvia Martin\u2019s, quien indic\u00f3: \u201cEsta jornada representa un hito muy importante para nosotros, ya que nos encontramos en la primera l\u00ednea frente a la pandemia y esper\u00e1bamos con ansias esta protecci\u00f3n. Sabemos que gracias a las vacunas se lograron erradicar grandes epidemias, as\u00ed que estamos convencidos de que a partir de ahora podremos empezar a controlar esta enfermedad y generar menores tasas de contagio, aunque debemos mantener las medidas preventivas adoptadas en el \u00faltimo a\u00f1o si queremos bajar definitivamente la cantidad de casos\u201d.<\/p>\n\n\n\n<p>Para el m\u00e9dico municipal Cosbert Ellis, quien se desempe\u00f1a en el Centro de Atenci\u00f3n Primaria de Salud N\u00b0 14, el haber recibido la vacuna fue \u201cel primer paso para defendernos de esta enfermedad y la esperanza para comenzar a terminar con esta pandemia\u201d. \u201cSi nos protegemos nosotros, vamos a proteger a nuestros pacientes y podremos seguir dando lo mejor en esta batalla frente a un enemigo silencioso e invisible, que no vemos pero que nos est\u00e1 causando mucho da\u00f1o. De hecho, el 2020 fue un a\u00f1o muy doloroso, en el que se perdieron much\u00edsimas vidas\u201d, explic\u00f3.<\/p>\n","protected":false},"excerpt":{"rendered":"<p>Tras un a\u00f1o de servicio a la comunidad en pleno estado de emergencia sanitaria, el personal de salud de Berazategui comenz\u00f3 a recibir la primera dosis de la Sputnik-V contra el coronavirus (COVID-19). La jornada de este viernes se desarroll\u00f3 en el Hospital Evita Pueblo.\u201cComenzamos a vacunar contra el coronavirus al personal de salud de&#8230;<\/p>\n","protected":false},"author":2,"featured_media":8109,"comment_status":"open","ping_status":"open","sticky":false,"template":"","format":"standard","meta":{"footnotes":""},"categories":[3],"tags":[],"class_list":["post-8108","post","type-post","status-publish","format-standard","has-post-thumbnail","hentry","category-berazategui"],"featured_image_src":"https:\/\/diarioprincipios.com\/wp-content\/uploads\/2021\/01\/BERAZATEGUI-PERSONAL-DE-SALUD-MUNICIPAL-SE-VACUNO-CONTRA-EL-CORONAVIRUS-1-1024x682.jpg","blog_images":{"medium":"https:\/\/diarioprincipios.com\/wp-content\/uploads\/2021\/01\/BERAZATEGUI-PERSONAL-DE-SALUD-MUNICIPAL-SE-VACUNO-CONTRA-EL-CORONAVIRUS-1-300x200.jpg","large":"https:\/\/diarioprincipios.com\/wp-content\/uploads\/2021\/01\/BERAZATEGUI-PERSONAL-DE-SALUD-MUNICIPAL-SE-VACUNO-CONTRA-EL-CORONAVIRUS-1-1024x682.jpg"},"ams_acf":[],"yoast_head":"<!-- This site is optimized with the Yoast SEO plugin v27.3 - https:\/\/yoast.com\/product\/yoast-seo-wordpress\/ -->\n<title>Personal Municipal de Salud se vacun\u00f3 contra el Coronavirus - Principios<\/title>\n<meta name=\"robots\" content=\"index, follow, max-snippet:-1, max-image-preview:large, max-video-preview:-1\" \/>\n<link rel=\"canonical\" href=\"https:\/\/diarioprincipios.com\/index.php\/2021\/01\/09\/personal-municipal-de-salud-se-vacuno-contra-el-coronavirus\/\" \/>\n<meta property=\"og:locale\" content=\"es_ES\" \/>\n<meta property=\"og:type\" content=\"article\" \/>\n<meta property=\"og:title\" content=\"Personal Municipal de Salud se vacun\u00f3 contra el Coronavirus - Principios\" \/>\n<meta property=\"og:description\" content=\"Tras un a\u00f1o de servicio a la comunidad en pleno estado de emergencia sanitaria, el personal de salud de Berazategui comenz\u00f3 a recibir la primera dosis de la Sputnik-V contra el coronavirus (COVID-19). La jornada de este viernes se desarroll\u00f3 en el Hospital Evita Pueblo.\u201cComenzamos a vacunar contra el coronavirus al personal de salud de...\" \/>\n<meta property=\"og:url\" content=\"https:\/\/diarioprincipios.com\/index.php\/2021\/01\/09\/personal-municipal-de-salud-se-vacuno-contra-el-coronavirus\/\" \/>\n<meta property=\"og:site_name\" content=\"Principios\" \/>\n<meta property=\"article:published_time\" content=\"2021-01-10T00:14:36+00:00\" \/>\n<meta property=\"article:modified_time\" content=\"2021-01-10T00:14:41+00:00\" \/>\n<meta property=\"og:image\" content=\"https:\/\/diarioprincipios.com\/wp-content\/uploads\/2021\/01\/BERAZATEGUI-PERSONAL-DE-SALUD-MUNICIPAL-SE-VACUNO-CONTRA-EL-CORONAVIRUS-1.jpg\" \/>\n\t<meta property=\"og:image:width\" content=\"1772\" \/>\n\t<meta property=\"og:image:height\" content=\"1181\" \/>\n\t<meta property=\"og:image:type\" content=\"image\/jpeg\" \/>\n<meta name=\"author\" content=\"Hern\u00e1n L\u00f3pez\" \/>\n<meta name=\"twitter:card\" content=\"summary_large_image\" \/>\n<meta name=\"twitter:label1\" content=\"Escrito por\" \/>\n\t<meta name=\"twitter:data1\" content=\"Hern\u00e1n L\u00f3pez\" \/>\n\t<meta name=\"twitter:label2\" content=\"Tiempo de lectura\" \/>\n\t<meta name=\"twitter:data2\" content=\"3 minutos\" \/>\n<script type=\"application\/ld+json\" class=\"yoast-schema-graph\">{\"@context\":\"https:\\\/\\\/schema.org\",\"@graph\":[{\"@type\":\"Article\",\"@id\":\"https:\\\/\\\/diarioprincipios.com\\\/index.php\\\/2021\\\/01\\\/09\\\/personal-municipal-de-salud-se-vacuno-contra-el-coronavirus\\\/#article\",\"isPartOf\":{\"@id\":\"https:\\\/\\\/diarioprincipios.com\\\/index.php\\\/2021\\\/01\\\/09\\\/personal-municipal-de-salud-se-vacuno-contra-el-coronavirus\\\/\"},\"author\":{\"name\":\"Hern\u00e1n L\u00f3pez\",\"@id\":\"https:\\\/\\\/diarioprincipios.com\\\/#\\\/schema\\\/person\\\/436d5a1fd41a5e250e23ff5a6a7cb080\"},\"headline\":\"Personal Municipal de Salud se vacun\u00f3 contra el Coronavirus\",\"datePublished\":\"2021-01-10T00:14:36+00:00\",\"dateModified\":\"2021-01-10T00:14:41+00:00\",\"mainEntityOfPage\":{\"@id\":\"https:\\\/\\\/diarioprincipios.com\\\/index.php\\\/2021\\\/01\\\/09\\\/personal-municipal-de-salud-se-vacuno-contra-el-coronavirus\\\/\"},\"wordCount\":551,\"commentCount\":0,\"publisher\":{\"@id\":\"https:\\\/\\\/diarioprincipios.com\\\/#organization\"},\"image\":{\"@id\":\"https:\\\/\\\/diarioprincipios.com\\\/index.php\\\/2021\\\/01\\\/09\\\/personal-municipal-de-salud-se-vacuno-contra-el-coronavirus\\\/#primaryimage\"},\"thumbnailUrl\":\"https:\\\/\\\/diarioprincipios.com\\\/wp-content\\\/uploads\\\/2021\\\/01\\\/BERAZATEGUI-PERSONAL-DE-SALUD-MUNICIPAL-SE-VACUNO-CONTRA-EL-CORONAVIRUS-1.jpg\",\"articleSection\":[\"Berazategui\"],\"inLanguage\":\"es\",\"potentialAction\":[{\"@type\":\"CommentAction\",\"name\":\"Comment\",\"target\":[\"https:\\\/\\\/diarioprincipios.com\\\/index.php\\\/2021\\\/01\\\/09\\\/personal-municipal-de-salud-se-vacuno-contra-el-coronavirus\\\/#respond\"]}]},{\"@type\":\"WebPage\",\"@id\":\"https:\\\/\\\/diarioprincipios.com\\\/index.php\\\/2021\\\/01\\\/09\\\/personal-municipal-de-salud-se-vacuno-contra-el-coronavirus\\\/\",\"url\":\"https:\\\/\\\/diarioprincipios.com\\\/index.php\\\/2021\\\/01\\\/09\\\/personal-municipal-de-salud-se-vacuno-contra-el-coronavirus\\\/\",\"name\":\"Personal Municipal de Salud se vacun\u00f3 contra el Coronavirus - Principios\",\"isPartOf\":{\"@id\":\"https:\\\/\\\/diarioprincipios.com\\\/#website\"},\"primaryImageOfPage\":{\"@id\":\"https:\\\/\\\/diarioprincipios.com\\\/index.php\\\/2021\\\/01\\\/09\\\/personal-municipal-de-salud-se-vacuno-contra-el-coronavirus\\\/#primaryimage\"},\"image\":{\"@id\":\"https:\\\/\\\/diarioprincipios.com\\\/index.php\\\/2021\\\/01\\\/09\\\/personal-municipal-de-salud-se-vacuno-contra-el-coronavirus\\\/#primaryimage\"},\"thumbnailUrl\":\"https:\\\/\\\/diarioprincipios.com\\\/wp-content\\\/uploads\\\/2021\\\/01\\\/BERAZATEGUI-PERSONAL-DE-SALUD-MUNICIPAL-SE-VACUNO-CONTRA-EL-CORONAVIRUS-1.jpg\",\"datePublished\":\"2021-01-10T00:14:36+00:00\",\"dateModified\":\"2021-01-10T00:14:41+00:00\",\"breadcrumb\":{\"@id\":\"https:\\\/\\\/diarioprincipios.com\\\/index.php\\\/2021\\\/01\\\/09\\\/personal-municipal-de-salud-se-vacuno-contra-el-coronavirus\\\/#breadcrumb\"},\"inLanguage\":\"es\",\"potentialAction\":[{\"@type\":\"ReadAction\",\"target\":[\"https:\\\/\\\/diarioprincipios.com\\\/index.php\\\/2021\\\/01\\\/09\\\/personal-municipal-de-salud-se-vacuno-contra-el-coronavirus\\\/\"]}]},{\"@type\":\"ImageObject\",\"inLanguage\":\"es\",\"@id\":\"https:\\\/\\\/diarioprincipios.com\\\/index.php\\\/2021\\\/01\\\/09\\\/personal-municipal-de-salud-se-vacuno-contra-el-coronavirus\\\/#primaryimage\",\"url\":\"https:\\\/\\\/diarioprincipios.com\\\/wp-content\\\/uploads\\\/2021\\\/01\\\/BERAZATEGUI-PERSONAL-DE-SALUD-MUNICIPAL-SE-VACUNO-CONTRA-EL-CORONAVIRUS-1.jpg\",\"contentUrl\":\"https:\\\/\\\/diarioprincipios.com\\\/wp-content\\\/uploads\\\/2021\\\/01\\\/BERAZATEGUI-PERSONAL-DE-SALUD-MUNICIPAL-SE-VACUNO-CONTRA-EL-CORONAVIRUS-1.jpg\",\"width\":1772,\"height\":1181},{\"@type\":\"BreadcrumbList\",\"@id\":\"https:\\\/\\\/diarioprincipios.com\\\/index.php\\\/2021\\\/01\\\/09\\\/personal-municipal-de-salud-se-vacuno-contra-el-coronavirus\\\/#breadcrumb\",\"itemListElement\":[{\"@type\":\"ListItem\",\"position\":1,\"name\":\"Portada\",\"item\":\"https:\\\/\\\/diarioprincipios.com\\\/\"},{\"@type\":\"ListItem\",\"position\":2,\"name\":\"Personal Municipal de Salud se vacun\u00f3 contra el Coronavirus\"}]},{\"@type\":\"WebSite\",\"@id\":\"https:\\\/\\\/diarioprincipios.com\\\/#website\",\"url\":\"https:\\\/\\\/diarioprincipios.com\\\/\",\"name\":\"Principios\",\"description\":\"Principios Diario\",\"publisher\":{\"@id\":\"https:\\\/\\\/diarioprincipios.com\\\/#organization\"},\"potentialAction\":[{\"@type\":\"SearchAction\",\"target\":{\"@type\":\"EntryPoint\",\"urlTemplate\":\"https:\\\/\\\/diarioprincipios.com\\\/?s={search_term_string}\"},\"query-input\":{\"@type\":\"PropertyValueSpecification\",\"valueRequired\":true,\"valueName\":\"search_term_string\"}}],\"inLanguage\":\"es\"},{\"@type\":\"Organization\",\"@id\":\"https:\\\/\\\/diarioprincipios.com\\\/#organization\",\"name\":\"Principios\",\"url\":\"https:\\\/\\\/diarioprincipios.com\\\/\",\"logo\":{\"@type\":\"ImageObject\",\"inLanguage\":\"es\",\"@id\":\"https:\\\/\\\/diarioprincipios.com\\\/#\\\/schema\\\/logo\\\/image\\\/\",\"url\":\"https:\\\/\\\/diarioprincipios.com\\\/wp-content\\\/uploads\\\/2024\\\/04\\\/cropped-www.diarioprincipios.com_-1.png\",\"contentUrl\":\"https:\\\/\\\/diarioprincipios.com\\\/wp-content\\\/uploads\\\/2024\\\/04\\\/cropped-www.diarioprincipios.com_-1.png\",\"width\":5325,\"height\":1454,\"caption\":\"Principios\"},\"image\":{\"@id\":\"https:\\\/\\\/diarioprincipios.com\\\/#\\\/schema\\\/logo\\\/image\\\/\"}},{\"@type\":\"Person\",\"@id\":\"https:\\\/\\\/diarioprincipios.com\\\/#\\\/schema\\\/person\\\/436d5a1fd41a5e250e23ff5a6a7cb080\",\"name\":\"Hern\u00e1n L\u00f3pez\",\"image\":{\"@type\":\"ImageObject\",\"inLanguage\":\"es\",\"@id\":\"https:\\\/\\\/diarioprincipios.com\\\/wp-content\\\/litespeed\\\/avatar\\\/11ddfe5610ff3bd100522525b2571f48.jpg?ver=1777048341\",\"url\":\"https:\\\/\\\/diarioprincipios.com\\\/wp-content\\\/litespeed\\\/avatar\\\/11ddfe5610ff3bd100522525b2571f48.jpg?ver=1777048341\",\"contentUrl\":\"https:\\\/\\\/diarioprincipios.com\\\/wp-content\\\/litespeed\\\/avatar\\\/11ddfe5610ff3bd100522525b2571f48.jpg?ver=1777048341\",\"caption\":\"Hern\u00e1n L\u00f3pez\"},\"url\":\"https:\\\/\\\/diarioprincipios.com\\\/index.php\\\/author\\\/hernan\\\/\"}]}<\/script>\n<!-- \/ Yoast SEO plugin. -->","yoast_head_json":{"title":"Personal Municipal de Salud se vacun\u00f3 contra el Coronavirus - Principios","robots":{"index":"index","follow":"follow","max-snippet":"max-snippet:-1","max-image-preview":"max-image-preview:large","max-video-preview":"max-video-preview:-1"},"canonical":"https:\/\/diarioprincipios.com\/index.php\/2021\/01\/09\/personal-municipal-de-salud-se-vacuno-contra-el-coronavirus\/","og_locale":"es_ES","og_type":"article","og_title":"Personal Municipal de Salud se vacun\u00f3 contra el Coronavirus - Principios","og_description":"Tras un a\u00f1o de servicio a la comunidad en pleno estado de emergencia sanitaria, el personal de salud de Berazategui comenz\u00f3 a recibir la primera dosis de la Sputnik-V contra el coronavirus (COVID-19). La jornada de este viernes se desarroll\u00f3 en el Hospital Evita Pueblo.\u201cComenzamos a vacunar contra el coronavirus al personal de salud de...","og_url":"https:\/\/diarioprincipios.com\/index.php\/2021\/01\/09\/personal-municipal-de-salud-se-vacuno-contra-el-coronavirus\/","og_site_name":"Principios","article_published_time":"2021-01-10T00:14:36+00:00","article_modified_time":"2021-01-10T00:14:41+00:00","og_image":[{"width":1772,"height":1181,"url":"https:\/\/diarioprincipios.com\/wp-content\/uploads\/2021\/01\/BERAZATEGUI-PERSONAL-DE-SALUD-MUNICIPAL-SE-VACUNO-CONTRA-EL-CORONAVIRUS-1.jpg","type":"image\/jpeg"}],"author":"Hern\u00e1n L\u00f3pez","twitter_card":"summary_large_image","twitter_misc":{"Escrito por":"Hern\u00e1n L\u00f3pez","Tiempo de lectura":"3 minutos"},"schema":{"@context":"https:\/\/schema.org","@graph":[{"@type":"Article","@id":"https:\/\/diarioprincipios.com\/index.php\/2021\/01\/09\/personal-municipal-de-salud-se-vacuno-contra-el-coronavirus\/#article","isPartOf":{"@id":"https:\/\/diarioprincipios.com\/index.php\/2021\/01\/09\/personal-municipal-de-salud-se-vacuno-contra-el-coronavirus\/"},"author":{"name":"Hern\u00e1n L\u00f3pez","@id":"https:\/\/diarioprincipios.com\/#\/schema\/person\/436d5a1fd41a5e250e23ff5a6a7cb080"},"headline":"Personal Municipal de Salud se vacun\u00f3 contra el Coronavirus","datePublished":"2021-01-10T00:14:36+00:00","dateModified":"2021-01-10T00:14:41+00:00","mainEntityOfPage":{"@id":"https:\/\/diarioprincipios.com\/index.php\/2021\/01\/09\/personal-municipal-de-salud-se-vacuno-contra-el-coronavirus\/"},"wordCount":551,"commentCount":0,"publisher":{"@id":"https:\/\/diarioprincipios.com\/#organization"},"image":{"@id":"https:\/\/diarioprincipios.com\/index.php\/2021\/01\/09\/personal-municipal-de-salud-se-vacuno-contra-el-coronavirus\/#primaryimage"},"thumbnailUrl":"https:\/\/diarioprincipios.com\/wp-content\/uploads\/2021\/01\/BERAZATEGUI-PERSONAL-DE-SALUD-MUNICIPAL-SE-VACUNO-CONTRA-EL-CORONAVIRUS-1.jpg","articleSection":["Berazategui"],"inLanguage":"es","potentialAction":[{"@type":"CommentAction","name":"Comment","target":["https:\/\/diarioprincipios.com\/index.php\/2021\/01\/09\/personal-municipal-de-salud-se-vacuno-contra-el-coronavirus\/#respond"]}]},{"@type":"WebPage","@id":"https:\/\/diarioprincipios.com\/index.php\/2021\/01\/09\/personal-municipal-de-salud-se-vacuno-contra-el-coronavirus\/","url":"https:\/\/diarioprincipios.com\/index.php\/2021\/01\/09\/personal-municipal-de-salud-se-vacuno-contra-el-coronavirus\/","name":"Personal Municipal de Salud se vacun\u00f3 contra el Coronavirus - Principios","isPartOf":{"@id":"https:\/\/diarioprincipios.com\/#website"},"primaryImageOfPage":{"@id":"https:\/\/diarioprincipios.com\/index.php\/2021\/01\/09\/personal-municipal-de-salud-se-vacuno-contra-el-coronavirus\/#primaryimage"},"image":{"@id":"https:\/\/diarioprincipios.com\/index.php\/2021\/01\/09\/personal-municipal-de-salud-se-vacuno-contra-el-coronavirus\/#primaryimage"},"thumbnailUrl":"https:\/\/diarioprincipios.com\/wp-content\/uploads\/2021\/01\/BERAZATEGUI-PERSONAL-DE-SALUD-MUNICIPAL-SE-VACUNO-CONTRA-EL-CORONAVIRUS-1.jpg","datePublished":"2021-01-10T00:14:36+00:00","dateModified":"2021-01-10T00:14:41+00:00","breadcrumb":{"@id":"https:\/\/diarioprincipios.com\/index.php\/2021\/01\/09\/personal-municipal-de-salud-se-vacuno-contra-el-coronavirus\/#breadcrumb"},"inLanguage":"es","potentialAction":[{"@type":"ReadAction","target":["https:\/\/diarioprincipios.com\/index.php\/2021\/01\/09\/personal-municipal-de-salud-se-vacuno-contra-el-coronavirus\/"]}]},{"@type":"ImageObject","inLanguage":"es","@id":"https:\/\/diarioprincipios.com\/index.php\/2021\/01\/09\/personal-municipal-de-salud-se-vacuno-contra-el-coronavirus\/#primaryimage","url":"https:\/\/diarioprincipios.com\/wp-content\/uploads\/2021\/01\/BERAZATEGUI-PERSONAL-DE-SALUD-MUNICIPAL-SE-VACUNO-CONTRA-EL-CORONAVIRUS-1.jpg","contentUrl":"https:\/\/diarioprincipios.com\/wp-content\/uploads\/2021\/01\/BERAZATEGUI-PERSONAL-DE-SALUD-MUNICIPAL-SE-VACUNO-CONTRA-EL-CORONAVIRUS-1.jpg","width":1772,"height":1181},{"@type":"BreadcrumbList","@id":"https:\/\/diarioprincipios.com\/index.php\/2021\/01\/09\/personal-municipal-de-salud-se-vacuno-contra-el-coronavirus\/#breadcrumb","itemListElement":[{"@type":"ListItem","position":1,"name":"Portada","item":"https:\/\/diarioprincipios.com\/"},{"@type":"ListItem","position":2,"name":"Personal Municipal de Salud se vacun\u00f3 contra el Coronavirus"}]},{"@type":"WebSite","@id":"https:\/\/diarioprincipios.com\/#website","url":"https:\/\/diarioprincipios.com\/","name":"Principios","description":"Principios Diario","publisher":{"@id":"https:\/\/diarioprincipios.com\/#organization"},"potentialAction":[{"@type":"SearchAction","target":{"@type":"EntryPoint","urlTemplate":"https:\/\/diarioprincipios.com\/?s={search_term_string}"},"query-input":{"@type":"PropertyValueSpecification","valueRequired":true,"valueName":"search_term_string"}}],"inLanguage":"es"},{"@type":"Organization","@id":"https:\/\/diarioprincipios.com\/#organization","name":"Principios","url":"https:\/\/diarioprincipios.com\/","logo":{"@type":"ImageObject","inLanguage":"es","@id":"https:\/\/diarioprincipios.com\/#\/schema\/logo\/image\/","url":"https:\/\/diarioprincipios.com\/wp-content\/uploads\/2024\/04\/cropped-www.diarioprincipios.com_-1.png","contentUrl":"https:\/\/diarioprincipios.com\/wp-content\/uploads\/2024\/04\/cropped-www.diarioprincipios.com_-1.png","width":5325,"height":1454,"caption":"Principios"},"image":{"@id":"https:\/\/diarioprincipios.com\/#\/schema\/logo\/image\/"}},{"@type":"Person","@id":"https:\/\/diarioprincipios.com\/#\/schema\/person\/436d5a1fd41a5e250e23ff5a6a7cb080","name":"Hern\u00e1n L\u00f3pez","image":{"@type":"ImageObject","inLanguage":"es","@id":"https:\/\/diarioprincipios.com\/wp-content\/litespeed\/avatar\/11ddfe5610ff3bd100522525b2571f48.jpg?ver=1777048341","url":"https:\/\/diarioprincipios.com\/wp-content\/litespeed\/avatar\/11ddfe5610ff3bd100522525b2571f48.jpg?ver=1777048341","contentUrl":"https:\/\/diarioprincipios.com\/wp-content\/litespeed\/avatar\/11ddfe5610ff3bd100522525b2571f48.jpg?ver=1777048341","caption":"Hern\u00e1n L\u00f3pez"},"url":"https:\/\/diarioprincipios.com\/index.php\/author\/hernan\/"}]}},"jetpack_featured_media_url":"https:\/\/diarioprincipios.com\/wp-content\/uploads\/2021\/01\/BERAZATEGUI-PERSONAL-DE-SALUD-MUNICIPAL-SE-VACUNO-CONTRA-EL-CORONAVIRUS-1.jpg","_links":{"self":[{"href":"https:\/\/diarioprincipios.com\/index.php\/wp-json\/wp\/v2\/posts\/8108","targetHints":{"allow":["GET"]}}],"collection":[{"href":"https:\/\/diarioprincipios.com\/index.php\/wp-json\/wp\/v2\/posts"}],"about":[{"href":"https:\/\/diarioprincipios.com\/index.php\/wp-json\/wp\/v2\/types\/post"}],"author":[{"embeddable":true,"href":"https:\/\/diarioprincipios.com\/index.php\/wp-json\/wp\/v2\/users\/2"}],"replies":[{"embeddable":true,"href":"https:\/\/diarioprincipios.com\/index.php\/wp-json\/wp\/v2\/comments?post=8108"}],"version-history":[{"count":1,"href":"https:\/\/diarioprincipios.com\/index.php\/wp-json\/wp\/v2\/posts\/8108\/revisions"}],"predecessor-version":[{"id":8111,"href":"https:\/\/diarioprincipios.com\/index.php\/wp-json\/wp\/v2\/posts\/8108\/revisions\/8111"}],"wp:featuredmedia":[{"embeddable":true,"href":"https:\/\/diarioprincipios.com\/index.php\/wp-json\/wp\/v2\/media\/8109"}],"wp:attachment":[{"href":"https:\/\/diarioprincipios.com\/index.php\/wp-json\/wp\/v2\/media?parent=8108"}],"wp:term":[{"taxonomy":"category","embeddable":true,"href":"https:\/\/diarioprincipios.com\/index.php\/wp-json\/wp\/v2\/categories?post=8108"},{"taxonomy":"post_tag","embeddable":true,"href":"https:\/\/diarioprincipios.com\/index.php\/wp-json\/wp\/v2\/tags?post=8108"}],"curies":[{"name":"wp","href":"https:\/\/api.w.org\/{rel}","templated":true}]}}