{"id":8102,"date":"2021-01-08T18:22:34","date_gmt":"2021-01-08T21:22:34","guid":{"rendered":"http:\/\/diarioprincipios.com\/?p=8102"},"modified":"2021-01-08T18:22:39","modified_gmt":"2021-01-08T21:22:39","slug":"continua-en-berazategui-el-ciclo-de-verano-con-una-gran-variedad-de-espectaculos-gratuitos","status":"publish","type":"post","link":"https:\/\/diarioprincipios.com\/index.php\/2021\/01\/08\/continua-en-berazategui-el-ciclo-de-verano-con-una-gran-variedad-de-espectaculos-gratuitos\/","title":{"rendered":"Contin\u00faa en Berazategui el Ciclo de Verano con una gran variedad de espect\u00e1culos gratuitos"},"content":{"rendered":"\n<p><strong>Con todas las medidas de prevenci\u00f3n para evitar el contagio de coronavirus (COVID-19), contin\u00faa en Berazategui el Ciclo de Verano, organizado por la Secretar\u00eda de Cultura y Educaci\u00f3n de la Municipalidad. Debido a la actual coyuntura de emergencia sanitaria, la presente edici\u00f3n de este cl\u00e1sico evento se encuentra conformada por m\u00fasica en vivo, cine y shows infantiles al aire libre, todos con capacidad limitada, entre otras tantas propuestas gratuitas para todos los gustos y edades.<br><\/strong><br>Las actividades se desarrollar\u00e1n en el Complejo Cultural El Patio (149 e\/ 15 y 15 A) y en distintos espacios p\u00fablicos de la ciudad, siempre respetando el distanciamiento social, las pautas de higiene y el uso de tapaboca.<\/p>\n\n\n\n<p>Para todos los eventos que se realicen en El Patio, las reservas deben hacerse previamente comunic\u00e1ndose al 4356-9200 (interno 2111), de lunes a viernes de 9.00 a 14.30; mientras que para asistir a las presentaciones que se lleven adelante en otros espacios, a trav\u00e9s del programa \u201cCultura Colectiva en tu Barrio\u201d, las entradas pueden adquirirse en el mismo lugar donde se desarrolla la actividad.<\/p>\n\n\n\n<p><strong>El cronograma de enero es el siguiente:<br><\/strong><br>&#8211; S\u00e1bado 9\/1, a las 18.30: Espect\u00e1culo de circo y clown \u201cMundos deseables\u201d, a cargo de la compa\u00f1\u00eda Por aki por all\u00e1. En el Club Social y Deportivo Viru (calle 26 A y 106, Berazategui).<\/p>\n\n\n\n<p>&#8211; Domingo 10\/1, a las 18.30: Espect\u00e1culo de circo y clown \u201cLa risa es bella\u201d, a cargo de la compa\u00f1\u00eda Circortito. En el Polideportivo N\u00ba 4 (calle 164 entre 29 y 30, Berazategui).<\/p>\n\n\n\n<p>&#8211; Mi\u00e9rcoles 13\/1, a las 18.30: Espect\u00e1culo de circo y clown \u201cLa risa es bella\u00bb, a cargo de la compa\u00f1\u00eda Circortito. En el Club Los Le\u00f1eros (calle 7 y 157, Berazategui).<\/p>\n\n\n\n<p>&#8211; Jueves 14\/1, a las 20.30: Cine al aire libre en el Complejo Cultural El Patio.<\/p>\n\n\n\n<p>&#8211; Viernes 15\/1, a las 20.30: \u201cPatio, te vuelvo a ver&#8230;\u201d. Evento para escuchar y bailar tango y folclore, con capacidad limitada, en el Complejo Cultural El Patio.<\/p>\n\n\n\n<p>&#8211; S\u00e1bado 16\/1, a las 20.30: \u201cBera Suena\u201d en el Complejo Cultural El Patio.<\/p>\n\n\n\n<p>&#8211; Domingo 17\/1, a las 18.30: Espect\u00e1culo de circo y clown \u201cLa risa es bella\u00bb, a cargo de la compa\u00f1\u00eda Circortito. En el Club social y deportivo Las hermanas (Camino Real Norte entre 415 y 414, Juan Mar\u00eda Guti\u00e9rrez).<\/p>\n\n\n\n<p>&#8211; Mi\u00e9rcoles 20\/1, a las 18.30: Espect\u00e1culo de circo y clown \u00abMarcia y la hiedra\u00bb, a cargo de la compa\u00f1\u00eda Menayer\u00ed Circo. En Sourigues (lugar a confirmar).<\/p>\n\n\n\n<p>&#8211; Jueves 21\/1, a las 20.30: Cine al aire libre en el Complejo Cultural El Patio.<\/p>\n\n\n\n<p>&#8211; Viernes 22\/1, a las 20.30: \u201cPatio, te vuelvo a ver&#8230;\u201d. Evento para escuchar y bailar tango y folclore, con capacidad limitada, en el Complejo Cultural El Patio.<\/p>\n\n\n\n<p>&#8211; S\u00e1bado 23\/1, a las 20.30: \u201cBera Suena\u201d en el Complejo Cultural El Patio.<\/p>\n\n\n\n<p>&#8211; Domingo 24\/1, a las 18.30: Espect\u00e1culo de t\u00edteres y teatro \u201cAventuras de piratas\u201d, a cargo de Metelapata animaciones. En el Club social y deportivo Fimet (calle 144 entre 29 y 30, Villa Espa\u00f1a).<\/p>\n\n\n\n<p>&#8211; Mi\u00e9rcoles 27\/1, a las 18.30: Espect\u00e1culo de circo y clown \u00abMarcia y la hiedra\u00bb, a cargo de la compa\u00f1\u00eda Menayer\u00ed Circo. En el Club Kennedy Norte (calle 129 y 48, Berazategui).<\/p>\n\n\n\n<p>&#8211; Jueves 28\/1, a las 20.30: Cine al aire libre en el Complejo Cultural El Patio.<\/p>\n\n\n\n<p>&#8211; Viernes 29\/1, a las 20.30: \u201cPatio, te vuelvo a ver&#8230;\u201d. Evento para escuchar y bailar tango y folclore, con capacidad limitada, en el Complejo Cultural El Patio.<\/p>\n\n\n\n<p>&#8211; S\u00e1bado 30\/1, a las 20.30: \u201cBera Suena\u201d en el Complejo Cultural El Patio.<\/p>\n\n\n\n<p>&#8211; Domingo 31\/1, a las 18.30: Acci\u00f3n conjunta con Centros Culturales Independientes en la Sociedad de fomento Barrio Once (calle 616 y 504, El Pato).<\/p>\n\n\n\n<figure class=\"wp-block-image\"><img decoding=\"async\" src=\"https:\/\/ecp.yusercontent.com\/mail?url=https%3A%2F%2Fdocs.google.com%2Fuc%3Fexport%3Ddownload%26id%3D1O9ySDGVjFwLiWj3yWiMdjtCw6pHI7T-F%26revid%3D0B9CZhG6aa0VidWpSQjZNZGVndGpYeWM5ZWtiUFNuM1JQV3U4PQ&amp;t=1610136977&amp;ymreqid=5799fcab-b43d-2794-2268-85002d016700&amp;sig=uxQqD1nHi9XhzLUf23mxOA--~D\" alt=\"\"\/><\/figure>\n","protected":false},"excerpt":{"rendered":"<p>Con todas las medidas de prevenci\u00f3n para evitar el contagio de coronavirus (COVID-19), contin\u00faa en Berazategui el Ciclo de Verano, organizado por la Secretar\u00eda de Cultura y Educaci\u00f3n de la Municipalidad. Debido a la actual coyuntura de emergencia sanitaria, la presente edici\u00f3n de este cl\u00e1sico evento se encuentra conformada por m\u00fasica en vivo, cine y&#8230;<\/p>\n","protected":false},"author":2,"featured_media":8103,"comment_status":"open","ping_status":"open","sticky":false,"template":"","format":"standard","meta":{"footnotes":""},"categories":[3],"tags":[],"class_list":["post-8102","post","type-post","status-publish","format-standard","has-post-thumbnail","hentry","category-berazategui"],"featured_image_src":"https:\/\/diarioprincipios.com\/wp-content\/uploads\/2021\/01\/20210108_182003-1024x576.jpg","blog_images":{"medium":"https:\/\/diarioprincipios.com\/wp-content\/uploads\/2021\/01\/20210108_182003-300x169.jpg","large":"https:\/\/diarioprincipios.com\/wp-content\/uploads\/2021\/01\/20210108_182003-1024x576.jpg"},"ams_acf":[],"yoast_head":"<!-- This site is optimized with the Yoast SEO plugin v27.3 - https:\/\/yoast.com\/product\/yoast-seo-wordpress\/ -->\n<title>Contin\u00faa en Berazategui el Ciclo de Verano con una gran variedad de espect\u00e1culos gratuitos - Principios<\/title>\n<meta name=\"robots\" content=\"index, follow, max-snippet:-1, max-image-preview:large, max-video-preview:-1\" \/>\n<link rel=\"canonical\" href=\"https:\/\/diarioprincipios.com\/index.php\/2021\/01\/08\/continua-en-berazategui-el-ciclo-de-verano-con-una-gran-variedad-de-espectaculos-gratuitos\/\" \/>\n<meta property=\"og:locale\" content=\"es_ES\" \/>\n<meta property=\"og:type\" content=\"article\" \/>\n<meta property=\"og:title\" content=\"Contin\u00faa en Berazategui el Ciclo de Verano con una gran variedad de espect\u00e1culos gratuitos - Principios\" \/>\n<meta property=\"og:description\" content=\"Con todas las medidas de prevenci\u00f3n para evitar el contagio de coronavirus (COVID-19), contin\u00faa en Berazategui el Ciclo de Verano, organizado por la Secretar\u00eda de Cultura y Educaci\u00f3n de la Municipalidad. Debido a la actual coyuntura de emergencia sanitaria, la presente edici\u00f3n de este cl\u00e1sico evento se encuentra conformada por m\u00fasica en vivo, cine y...\" \/>\n<meta property=\"og:url\" content=\"https:\/\/diarioprincipios.com\/index.php\/2021\/01\/08\/continua-en-berazategui-el-ciclo-de-verano-con-una-gran-variedad-de-espectaculos-gratuitos\/\" \/>\n<meta property=\"og:site_name\" content=\"Principios\" \/>\n<meta property=\"article:published_time\" content=\"2021-01-08T21:22:34+00:00\" \/>\n<meta property=\"article:modified_time\" content=\"2021-01-08T21:22:39+00:00\" \/>\n<meta property=\"og:image\" content=\"https:\/\/diarioprincipios.com\/wp-content\/uploads\/2021\/01\/20210108_182003.jpg\" \/>\n\t<meta property=\"og:image:width\" content=\"1896\" \/>\n\t<meta property=\"og:image:height\" content=\"1067\" \/>\n\t<meta property=\"og:image:type\" content=\"image\/jpeg\" \/>\n<meta name=\"author\" content=\"Hern\u00e1n L\u00f3pez\" \/>\n<meta name=\"twitter:card\" content=\"summary_large_image\" \/>\n<meta name=\"twitter:label1\" content=\"Escrito por\" \/>\n\t<meta name=\"twitter:data1\" content=\"Hern\u00e1n L\u00f3pez\" \/>\n\t<meta name=\"twitter:label2\" content=\"Tiempo de lectura\" \/>\n\t<meta name=\"twitter:data2\" content=\"3 minutos\" \/>\n<script type=\"application\/ld+json\" class=\"yoast-schema-graph\">{\"@context\":\"https:\\\/\\\/schema.org\",\"@graph\":[{\"@type\":\"Article\",\"@id\":\"https:\\\/\\\/diarioprincipios.com\\\/index.php\\\/2021\\\/01\\\/08\\\/continua-en-berazategui-el-ciclo-de-verano-con-una-gran-variedad-de-espectaculos-gratuitos\\\/#article\",\"isPartOf\":{\"@id\":\"https:\\\/\\\/diarioprincipios.com\\\/index.php\\\/2021\\\/01\\\/08\\\/continua-en-berazategui-el-ciclo-de-verano-con-una-gran-variedad-de-espectaculos-gratuitos\\\/\"},\"author\":{\"name\":\"Hern\u00e1n L\u00f3pez\",\"@id\":\"https:\\\/\\\/diarioprincipios.com\\\/#\\\/schema\\\/person\\\/436d5a1fd41a5e250e23ff5a6a7cb080\"},\"headline\":\"Contin\u00faa en Berazategui el Ciclo de Verano con una gran variedad de espect\u00e1culos gratuitos\",\"datePublished\":\"2021-01-08T21:22:34+00:00\",\"dateModified\":\"2021-01-08T21:22:39+00:00\",\"mainEntityOfPage\":{\"@id\":\"https:\\\/\\\/diarioprincipios.com\\\/index.php\\\/2021\\\/01\\\/08\\\/continua-en-berazategui-el-ciclo-de-verano-con-una-gran-variedad-de-espectaculos-gratuitos\\\/\"},\"wordCount\":610,\"commentCount\":0,\"publisher\":{\"@id\":\"https:\\\/\\\/diarioprincipios.com\\\/#organization\"},\"image\":{\"@id\":\"https:\\\/\\\/diarioprincipios.com\\\/index.php\\\/2021\\\/01\\\/08\\\/continua-en-berazategui-el-ciclo-de-verano-con-una-gran-variedad-de-espectaculos-gratuitos\\\/#primaryimage\"},\"thumbnailUrl\":\"https:\\\/\\\/diarioprincipios.com\\\/wp-content\\\/uploads\\\/2021\\\/01\\\/20210108_182003.jpg\",\"articleSection\":[\"Berazategui\"],\"inLanguage\":\"es\",\"potentialAction\":[{\"@type\":\"CommentAction\",\"name\":\"Comment\",\"target\":[\"https:\\\/\\\/diarioprincipios.com\\\/index.php\\\/2021\\\/01\\\/08\\\/continua-en-berazategui-el-ciclo-de-verano-con-una-gran-variedad-de-espectaculos-gratuitos\\\/#respond\"]}]},{\"@type\":\"WebPage\",\"@id\":\"https:\\\/\\\/diarioprincipios.com\\\/index.php\\\/2021\\\/01\\\/08\\\/continua-en-berazategui-el-ciclo-de-verano-con-una-gran-variedad-de-espectaculos-gratuitos\\\/\",\"url\":\"https:\\\/\\\/diarioprincipios.com\\\/index.php\\\/2021\\\/01\\\/08\\\/continua-en-berazategui-el-ciclo-de-verano-con-una-gran-variedad-de-espectaculos-gratuitos\\\/\",\"name\":\"Contin\u00faa en Berazategui el Ciclo de Verano con una gran variedad de espect\u00e1culos gratuitos - Principios\",\"isPartOf\":{\"@id\":\"https:\\\/\\\/diarioprincipios.com\\\/#website\"},\"primaryImageOfPage\":{\"@id\":\"https:\\\/\\\/diarioprincipios.com\\\/index.php\\\/2021\\\/01\\\/08\\\/continua-en-berazategui-el-ciclo-de-verano-con-una-gran-variedad-de-espectaculos-gratuitos\\\/#primaryimage\"},\"image\":{\"@id\":\"https:\\\/\\\/diarioprincipios.com\\\/index.php\\\/2021\\\/01\\\/08\\\/continua-en-berazategui-el-ciclo-de-verano-con-una-gran-variedad-de-espectaculos-gratuitos\\\/#primaryimage\"},\"thumbnailUrl\":\"https:\\\/\\\/diarioprincipios.com\\\/wp-content\\\/uploads\\\/2021\\\/01\\\/20210108_182003.jpg\",\"datePublished\":\"2021-01-08T21:22:34+00:00\",\"dateModified\":\"2021-01-08T21:22:39+00:00\",\"breadcrumb\":{\"@id\":\"https:\\\/\\\/diarioprincipios.com\\\/index.php\\\/2021\\\/01\\\/08\\\/continua-en-berazategui-el-ciclo-de-verano-con-una-gran-variedad-de-espectaculos-gratuitos\\\/#breadcrumb\"},\"inLanguage\":\"es\",\"potentialAction\":[{\"@type\":\"ReadAction\",\"target\":[\"https:\\\/\\\/diarioprincipios.com\\\/index.php\\\/2021\\\/01\\\/08\\\/continua-en-berazategui-el-ciclo-de-verano-con-una-gran-variedad-de-espectaculos-gratuitos\\\/\"]}]},{\"@type\":\"ImageObject\",\"inLanguage\":\"es\",\"@id\":\"https:\\\/\\\/diarioprincipios.com\\\/index.php\\\/2021\\\/01\\\/08\\\/continua-en-berazategui-el-ciclo-de-verano-con-una-gran-variedad-de-espectaculos-gratuitos\\\/#primaryimage\",\"url\":\"https:\\\/\\\/diarioprincipios.com\\\/wp-content\\\/uploads\\\/2021\\\/01\\\/20210108_182003.jpg\",\"contentUrl\":\"https:\\\/\\\/diarioprincipios.com\\\/wp-content\\\/uploads\\\/2021\\\/01\\\/20210108_182003.jpg\",\"width\":1896,\"height\":1067},{\"@type\":\"BreadcrumbList\",\"@id\":\"https:\\\/\\\/diarioprincipios.com\\\/index.php\\\/2021\\\/01\\\/08\\\/continua-en-berazategui-el-ciclo-de-verano-con-una-gran-variedad-de-espectaculos-gratuitos\\\/#breadcrumb\",\"itemListElement\":[{\"@type\":\"ListItem\",\"position\":1,\"name\":\"Portada\",\"item\":\"https:\\\/\\\/diarioprincipios.com\\\/\"},{\"@type\":\"ListItem\",\"position\":2,\"name\":\"Contin\u00faa en Berazategui el Ciclo de Verano con una gran variedad de espect\u00e1culos gratuitos\"}]},{\"@type\":\"WebSite\",\"@id\":\"https:\\\/\\\/diarioprincipios.com\\\/#website\",\"url\":\"https:\\\/\\\/diarioprincipios.com\\\/\",\"name\":\"Principios\",\"description\":\"Principios Diario\",\"publisher\":{\"@id\":\"https:\\\/\\\/diarioprincipios.com\\\/#organization\"},\"potentialAction\":[{\"@type\":\"SearchAction\",\"target\":{\"@type\":\"EntryPoint\",\"urlTemplate\":\"https:\\\/\\\/diarioprincipios.com\\\/?s={search_term_string}\"},\"query-input\":{\"@type\":\"PropertyValueSpecification\",\"valueRequired\":true,\"valueName\":\"search_term_string\"}}],\"inLanguage\":\"es\"},{\"@type\":\"Organization\",\"@id\":\"https:\\\/\\\/diarioprincipios.com\\\/#organization\",\"name\":\"Principios\",\"url\":\"https:\\\/\\\/diarioprincipios.com\\\/\",\"logo\":{\"@type\":\"ImageObject\",\"inLanguage\":\"es\",\"@id\":\"https:\\\/\\\/diarioprincipios.com\\\/#\\\/schema\\\/logo\\\/image\\\/\",\"url\":\"https:\\\/\\\/diarioprincipios.com\\\/wp-content\\\/uploads\\\/2024\\\/04\\\/cropped-www.diarioprincipios.com_-1.png\",\"contentUrl\":\"https:\\\/\\\/diarioprincipios.com\\\/wp-content\\\/uploads\\\/2024\\\/04\\\/cropped-www.diarioprincipios.com_-1.png\",\"width\":5325,\"height\":1454,\"caption\":\"Principios\"},\"image\":{\"@id\":\"https:\\\/\\\/diarioprincipios.com\\\/#\\\/schema\\\/logo\\\/image\\\/\"}},{\"@type\":\"Person\",\"@id\":\"https:\\\/\\\/diarioprincipios.com\\\/#\\\/schema\\\/person\\\/436d5a1fd41a5e250e23ff5a6a7cb080\",\"name\":\"Hern\u00e1n L\u00f3pez\",\"image\":{\"@type\":\"ImageObject\",\"inLanguage\":\"es\",\"@id\":\"https:\\\/\\\/diarioprincipios.com\\\/wp-content\\\/litespeed\\\/avatar\\\/11ddfe5610ff3bd100522525b2571f48.jpg?ver=1777048341\",\"url\":\"https:\\\/\\\/diarioprincipios.com\\\/wp-content\\\/litespeed\\\/avatar\\\/11ddfe5610ff3bd100522525b2571f48.jpg?ver=1777048341\",\"contentUrl\":\"https:\\\/\\\/diarioprincipios.com\\\/wp-content\\\/litespeed\\\/avatar\\\/11ddfe5610ff3bd100522525b2571f48.jpg?ver=1777048341\",\"caption\":\"Hern\u00e1n L\u00f3pez\"},\"url\":\"https:\\\/\\\/diarioprincipios.com\\\/index.php\\\/author\\\/hernan\\\/\"}]}<\/script>\n<!-- \/ Yoast SEO plugin. -->","yoast_head_json":{"title":"Contin\u00faa en Berazategui el Ciclo de Verano con una gran variedad de espect\u00e1culos gratuitos - Principios","robots":{"index":"index","follow":"follow","max-snippet":"max-snippet:-1","max-image-preview":"max-image-preview:large","max-video-preview":"max-video-preview:-1"},"canonical":"https:\/\/diarioprincipios.com\/index.php\/2021\/01\/08\/continua-en-berazategui-el-ciclo-de-verano-con-una-gran-variedad-de-espectaculos-gratuitos\/","og_locale":"es_ES","og_type":"article","og_title":"Contin\u00faa en Berazategui el Ciclo de Verano con una gran variedad de espect\u00e1culos gratuitos - Principios","og_description":"Con todas las medidas de prevenci\u00f3n para evitar el contagio de coronavirus (COVID-19), contin\u00faa en Berazategui el Ciclo de Verano, organizado por la Secretar\u00eda de Cultura y Educaci\u00f3n de la Municipalidad. Debido a la actual coyuntura de emergencia sanitaria, la presente edici\u00f3n de este cl\u00e1sico evento se encuentra conformada por m\u00fasica en vivo, cine y...","og_url":"https:\/\/diarioprincipios.com\/index.php\/2021\/01\/08\/continua-en-berazategui-el-ciclo-de-verano-con-una-gran-variedad-de-espectaculos-gratuitos\/","og_site_name":"Principios","article_published_time":"2021-01-08T21:22:34+00:00","article_modified_time":"2021-01-08T21:22:39+00:00","og_image":[{"width":1896,"height":1067,"url":"https:\/\/diarioprincipios.com\/wp-content\/uploads\/2021\/01\/20210108_182003.jpg","type":"image\/jpeg"}],"author":"Hern\u00e1n L\u00f3pez","twitter_card":"summary_large_image","twitter_misc":{"Escrito por":"Hern\u00e1n L\u00f3pez","Tiempo de lectura":"3 minutos"},"schema":{"@context":"https:\/\/schema.org","@graph":[{"@type":"Article","@id":"https:\/\/diarioprincipios.com\/index.php\/2021\/01\/08\/continua-en-berazategui-el-ciclo-de-verano-con-una-gran-variedad-de-espectaculos-gratuitos\/#article","isPartOf":{"@id":"https:\/\/diarioprincipios.com\/index.php\/2021\/01\/08\/continua-en-berazategui-el-ciclo-de-verano-con-una-gran-variedad-de-espectaculos-gratuitos\/"},"author":{"name":"Hern\u00e1n L\u00f3pez","@id":"https:\/\/diarioprincipios.com\/#\/schema\/person\/436d5a1fd41a5e250e23ff5a6a7cb080"},"headline":"Contin\u00faa en Berazategui el Ciclo de Verano con una gran variedad de espect\u00e1culos gratuitos","datePublished":"2021-01-08T21:22:34+00:00","dateModified":"2021-01-08T21:22:39+00:00","mainEntityOfPage":{"@id":"https:\/\/diarioprincipios.com\/index.php\/2021\/01\/08\/continua-en-berazategui-el-ciclo-de-verano-con-una-gran-variedad-de-espectaculos-gratuitos\/"},"wordCount":610,"commentCount":0,"publisher":{"@id":"https:\/\/diarioprincipios.com\/#organization"},"image":{"@id":"https:\/\/diarioprincipios.com\/index.php\/2021\/01\/08\/continua-en-berazategui-el-ciclo-de-verano-con-una-gran-variedad-de-espectaculos-gratuitos\/#primaryimage"},"thumbnailUrl":"https:\/\/diarioprincipios.com\/wp-content\/uploads\/2021\/01\/20210108_182003.jpg","articleSection":["Berazategui"],"inLanguage":"es","potentialAction":[{"@type":"CommentAction","name":"Comment","target":["https:\/\/diarioprincipios.com\/index.php\/2021\/01\/08\/continua-en-berazategui-el-ciclo-de-verano-con-una-gran-variedad-de-espectaculos-gratuitos\/#respond"]}]},{"@type":"WebPage","@id":"https:\/\/diarioprincipios.com\/index.php\/2021\/01\/08\/continua-en-berazategui-el-ciclo-de-verano-con-una-gran-variedad-de-espectaculos-gratuitos\/","url":"https:\/\/diarioprincipios.com\/index.php\/2021\/01\/08\/continua-en-berazategui-el-ciclo-de-verano-con-una-gran-variedad-de-espectaculos-gratuitos\/","name":"Contin\u00faa en Berazategui el Ciclo de Verano con una gran variedad de espect\u00e1culos gratuitos - Principios","isPartOf":{"@id":"https:\/\/diarioprincipios.com\/#website"},"primaryImageOfPage":{"@id":"https:\/\/diarioprincipios.com\/index.php\/2021\/01\/08\/continua-en-berazategui-el-ciclo-de-verano-con-una-gran-variedad-de-espectaculos-gratuitos\/#primaryimage"},"image":{"@id":"https:\/\/diarioprincipios.com\/index.php\/2021\/01\/08\/continua-en-berazategui-el-ciclo-de-verano-con-una-gran-variedad-de-espectaculos-gratuitos\/#primaryimage"},"thumbnailUrl":"https:\/\/diarioprincipios.com\/wp-content\/uploads\/2021\/01\/20210108_182003.jpg","datePublished":"2021-01-08T21:22:34+00:00","dateModified":"2021-01-08T21:22:39+00:00","breadcrumb":{"@id":"https:\/\/diarioprincipios.com\/index.php\/2021\/01\/08\/continua-en-berazategui-el-ciclo-de-verano-con-una-gran-variedad-de-espectaculos-gratuitos\/#breadcrumb"},"inLanguage":"es","potentialAction":[{"@type":"ReadAction","target":["https:\/\/diarioprincipios.com\/index.php\/2021\/01\/08\/continua-en-berazategui-el-ciclo-de-verano-con-una-gran-variedad-de-espectaculos-gratuitos\/"]}]},{"@type":"ImageObject","inLanguage":"es","@id":"https:\/\/diarioprincipios.com\/index.php\/2021\/01\/08\/continua-en-berazategui-el-ciclo-de-verano-con-una-gran-variedad-de-espectaculos-gratuitos\/#primaryimage","url":"https:\/\/diarioprincipios.com\/wp-content\/uploads\/2021\/01\/20210108_182003.jpg","contentUrl":"https:\/\/diarioprincipios.com\/wp-content\/uploads\/2021\/01\/20210108_182003.jpg","width":1896,"height":1067},{"@type":"BreadcrumbList","@id":"https:\/\/diarioprincipios.com\/index.php\/2021\/01\/08\/continua-en-berazategui-el-ciclo-de-verano-con-una-gran-variedad-de-espectaculos-gratuitos\/#breadcrumb","itemListElement":[{"@type":"ListItem","position":1,"name":"Portada","item":"https:\/\/diarioprincipios.com\/"},{"@type":"ListItem","position":2,"name":"Contin\u00faa en Berazategui el Ciclo de Verano con una gran variedad de espect\u00e1culos gratuitos"}]},{"@type":"WebSite","@id":"https:\/\/diarioprincipios.com\/#website","url":"https:\/\/diarioprincipios.com\/","name":"Principios","description":"Principios Diario","publisher":{"@id":"https:\/\/diarioprincipios.com\/#organization"},"potentialAction":[{"@type":"SearchAction","target":{"@type":"EntryPoint","urlTemplate":"https:\/\/diarioprincipios.com\/?s={search_term_string}"},"query-input":{"@type":"PropertyValueSpecification","valueRequired":true,"valueName":"search_term_string"}}],"inLanguage":"es"},{"@type":"Organization","@id":"https:\/\/diarioprincipios.com\/#organization","name":"Principios","url":"https:\/\/diarioprincipios.com\/","logo":{"@type":"ImageObject","inLanguage":"es","@id":"https:\/\/diarioprincipios.com\/#\/schema\/logo\/image\/","url":"https:\/\/diarioprincipios.com\/wp-content\/uploads\/2024\/04\/cropped-www.diarioprincipios.com_-1.png","contentUrl":"https:\/\/diarioprincipios.com\/wp-content\/uploads\/2024\/04\/cropped-www.diarioprincipios.com_-1.png","width":5325,"height":1454,"caption":"Principios"},"image":{"@id":"https:\/\/diarioprincipios.com\/#\/schema\/logo\/image\/"}},{"@type":"Person","@id":"https:\/\/diarioprincipios.com\/#\/schema\/person\/436d5a1fd41a5e250e23ff5a6a7cb080","name":"Hern\u00e1n L\u00f3pez","image":{"@type":"ImageObject","inLanguage":"es","@id":"https:\/\/diarioprincipios.com\/wp-content\/litespeed\/avatar\/11ddfe5610ff3bd100522525b2571f48.jpg?ver=1777048341","url":"https:\/\/diarioprincipios.com\/wp-content\/litespeed\/avatar\/11ddfe5610ff3bd100522525b2571f48.jpg?ver=1777048341","contentUrl":"https:\/\/diarioprincipios.com\/wp-content\/litespeed\/avatar\/11ddfe5610ff3bd100522525b2571f48.jpg?ver=1777048341","caption":"Hern\u00e1n L\u00f3pez"},"url":"https:\/\/diarioprincipios.com\/index.php\/author\/hernan\/"}]}},"jetpack_featured_media_url":"https:\/\/diarioprincipios.com\/wp-content\/uploads\/2021\/01\/20210108_182003.jpg","_links":{"self":[{"href":"https:\/\/diarioprincipios.com\/index.php\/wp-json\/wp\/v2\/posts\/8102","targetHints":{"allow":["GET"]}}],"collection":[{"href":"https:\/\/diarioprincipios.com\/index.php\/wp-json\/wp\/v2\/posts"}],"about":[{"href":"https:\/\/diarioprincipios.com\/index.php\/wp-json\/wp\/v2\/types\/post"}],"author":[{"embeddable":true,"href":"https:\/\/diarioprincipios.com\/index.php\/wp-json\/wp\/v2\/users\/2"}],"replies":[{"embeddable":true,"href":"https:\/\/diarioprincipios.com\/index.php\/wp-json\/wp\/v2\/comments?post=8102"}],"version-history":[{"count":1,"href":"https:\/\/diarioprincipios.com\/index.php\/wp-json\/wp\/v2\/posts\/8102\/revisions"}],"predecessor-version":[{"id":8104,"href":"https:\/\/diarioprincipios.com\/index.php\/wp-json\/wp\/v2\/posts\/8102\/revisions\/8104"}],"wp:featuredmedia":[{"embeddable":true,"href":"https:\/\/diarioprincipios.com\/index.php\/wp-json\/wp\/v2\/media\/8103"}],"wp:attachment":[{"href":"https:\/\/diarioprincipios.com\/index.php\/wp-json\/wp\/v2\/media?parent=8102"}],"wp:term":[{"taxonomy":"category","embeddable":true,"href":"https:\/\/diarioprincipios.com\/index.php\/wp-json\/wp\/v2\/categories?post=8102"},{"taxonomy":"post_tag","embeddable":true,"href":"https:\/\/diarioprincipios.com\/index.php\/wp-json\/wp\/v2\/tags?post=8102"}],"curies":[{"name":"wp","href":"https:\/\/api.w.org\/{rel}","templated":true}]}}