{"id":8090,"date":"2021-01-07T23:45:27","date_gmt":"2021-01-08T02:45:27","guid":{"rendered":"http:\/\/diarioprincipios.com\/?p=8090"},"modified":"2021-01-07T23:45:32","modified_gmt":"2021-01-08T02:45:32","slug":"tras-los-disturbios-el-congreso-de-eeuu-certifica-finalmente-la-victoria-electoral-de-biden","status":"publish","type":"post","link":"https:\/\/diarioprincipios.com\/index.php\/2021\/01\/07\/tras-los-disturbios-el-congreso-de-eeuu-certifica-finalmente-la-victoria-electoral-de-biden\/","title":{"rendered":"Tras los disturbios, el Congreso de EEUU certifica finalmente la victoria electoral de Biden"},"content":{"rendered":"\n<p>El Congreso de Estados Unidos ratific\u00f3 hoy al dem\u00f3crata Joe Biden como ganador de los comicios presidenciales, luego de que violentos manifestantes irrumpieran en el Capitolio en un intento de revertir el resultado electoral, socavar la democracia del pa\u00eds y permitir que el mandatario republicano saliente, Donald Trump, siguiera en la Casa Blanca.<\/p>\n\n\n\n<p>Con el correr del d\u00eda y ante las pocas declaraciones del Gobierno, el presidente electo volvi\u00f3 a dar un mensaje a la naci\u00f3n y acus\u00f3 directamente a Trump de \u00abdesencadenar un asalto total contra las instituciones de la democracia desde el principio\u00bb, seg\u00fan reprodujo el canal de noticias CNN.<\/p>\n\n\n\n<p>Adem\u00e1s, lanz\u00f3 una dura acusaci\u00f3n para el Gobierno y las fuerzas de seguridad:<\/p>\n\n\n\n<p>\u00abSi hubiese sido un grupo del (movimiento antirracista) Black Lives Matter el que protestaba ayer, hubiera recibido un trato muy distinto al que recibi\u00f3 la turba de matones que invadi\u00f3 el Capitolio.\u00bb afirm\u00f3 hoy Biden en un mensaje a la naci\u00f3n.<\/p>\n\n\n\n<p>Reci\u00e9n a la noche, Trump conden\u00f3 el ataque al Capitolio de ayer y pareci\u00f3 moderar su discurso.<\/p>\n\n\n\n<p>\u00abComo todos los estadounidenses, estoy indignado por la violencia, la anarqu\u00eda y el caos\u00bb, dijo Trump en un video grabado y publicado en su cuenta oficial en Twitter, y agreg\u00f3 que \u00ablos que violaron la ley, lo pagar\u00e1n\u00bb, y que \u00abun nuevo gobierno asumir\u00e1 el 20 de enero\u00bb.<\/p>\n\n\n\n<p>\u00abMi enfoque ahora se centra en asegurar una transici\u00f3n de poder ordenada y sin problemas\u00bb, prometi\u00f3.<\/p>\n\n\n\n<p>La jornada hab\u00eda comenzado con el pa\u00eds a\u00fan conmocionado por los disturbios, que dejaron cuatro muertos, y el final de la tensa y accidentada sesi\u00f3n del Congreso: el vicepresidente republicano Mike Pence certific\u00f3 el voto de 306 electores a favor del candidato dem\u00f3crata, frente a los 232 logrados por Trump.<\/p>\n\n\n\n<p>Luego del caos sembrado ayer por los partidarios del mandatario saliente durante horas hasta ser desalojados por la polic\u00eda, los legisladores resolvieron continuar anoche con el proceso de validaci\u00f3n de las elecciones, en una muestra para el pa\u00eds y el mundo de su compromiso con la voluntad de los votantes y una transferencia pac\u00edfica del poder.<\/p>\n\n\n\n<p>El proceso se realiz\u00f3 con la naci\u00f3n en alerta y la ciudad de Washington bajo un inusual toque de queda decretado tras los desmanes y que se mantendr\u00e1 hasta la asunci\u00f3n de Biden, el pr\u00f3ximo 20 de enero.<\/p>\n\n\n\n<p>Trump, quien se ha negado a aceptar su derrota, dijo en un comunicado inmediatamente posterior a la votaci\u00f3n que habr\u00e1 una transici\u00f3n ordenada el d\u00eda de la asunci\u00f3n.<\/p>\n\n\n\n<p>\u00abAunque estoy totalmente en desacuerdo con el resultado de estas elecciones y los hechos me apoyan, habr\u00e1 una transici\u00f3n en orden el 20 de enero\u00bb, dijo en un comunicado, inform\u00f3 la agencia de noticias AFP.<\/p>\n\n\n\n<p>\u00abEsto representa el fin de uno de los mejores primeros mandatos presidenciales y es solo el inicio de nuestra lucha para devolver a Estados Unidos su grandeza\u00bb, agreg\u00f3.<\/p>\n\n\n\n<p>La ratificaci\u00f3n del triunfo de Biden lleg\u00f3 luego de una jornada con pocos precedentes en la historia pol\u00edtica de Estados Unidos, con el Capitolio asediado por los partidarios de Trump y los legisladores buscando refugio bajo escritorios y protegidos con m\u00e1scaras antig\u00e1s mientras la polic\u00eda trataba de erigir barricadas en torno al edifico del Congreso.<\/p>\n\n\n\n<p>Una mujer muri\u00f3 tras recibir un disparo en el pecho dentro del Capitolio y otras tres personas fallecieron en los alrededores del Congreso por \u00abemergencias m\u00e9dicas\u00bb, dijo hoy la polic\u00eda.<\/p>\n\n\n\n<p>La protesta fue convocada y alentada por el propio Trump, quien desde hace semanas lanza denuncias falsas sobre la transparencia de las elecciones del 3 de noviembre, en las que fue vencido por Biden.<\/p>\n\n\n\n<p>La sesi\u00f3n ya era extraordinaria por el hecho de que varios legisladores republicanos estaban presentando objeciones a los resultados cuando el procedimiento tuvo que ser interrumpido por la irrupci\u00f3n violenta de los partidarios de Trump.<\/p>\n\n\n\n<p>Tanto las protestas como las objeciones de legisladores republicanos constituyeron un desaf\u00edo impensable a los principios democr\u00e1ticos y desnudaron las profundas divisiones en Estados Unidos, que se agravaron de manera dram\u00e1tica durante los cuatro a\u00f1os de Trump en la Casa Blanca.<\/p>\n\n\n\n<p>El Congreso volvi\u00f3 a sesionar al caer la noche, en medio de condenas a las protestas de legisladores de ambos partidos y con la determinaci\u00f3n de certificar el triunfo de Biden, as\u00ed llevara toda la noche.<\/p>\n\n\n\n<p>Tras la finalizaci\u00f3n del tr\u00e1mite esta ma\u00f1ana, la jornada pol\u00edtica estuvo dominada por los crecientes pedidos de destituci\u00f3n de Trump, por la decisi\u00f3n de las redes sociales Facebook e Instagram de suspender la cuenta del mandatario saliente por tiempo indefinido y por las nuevas renuncias en el Gobierno en repudio por la violencia de ayer y la incitaci\u00f3n hecha por el jefe de Estado.<\/p>\n\n\n\n<p>La secretaria de Transporte de Estados Unidos, Elaine Chao, se convirti\u00f3 en la primera miembro del gabinete en renunciar y, horas antes, Mick Mulvaney, exjefe de gabinete de Trump y actual enviado especial en Irlanda del Norte, hab\u00eda hecho lo mismo.<\/p>\n\n\n\n<p>\u00abNo puedo hacerlo, no puedo seguir aqu\u00ed despu\u00e9s de lo de ayer. No se puede mirar lo de ayer y pensar: quiero ser parte de eso de alguna manera\u00bb, explic\u00f3 Mulvaney al canal de noticias NBC.<\/p>\n\n\n\n<p>En paralelo, se acumulaban los pedidos de destituci\u00f3n contra el presidente.<\/p>\n\n\n\n<p>Adam Kinzinger, congresista por el estado de Illinois, se convirti\u00f3 en el primer republicano del Congreso en pedirlo, al solicitar que se invocara la enmienda constitucional 25.<\/p>\n\n\n\n<p>Seg\u00fan el art\u00edculo cuatro de esta enmienda, cuando el vicepresidente y una mayor\u00eda de los principales funcionarios del Poder Ejecutivo o de otro cuerpo como el Congreso transmiten al presidente pro tempore del Senado y al presidente de la C\u00e1mara de Representantes una declaraci\u00f3n escrita que establece que el presidente no est\u00e1 en condiciones de ejercer sus poderes y ocupar su cargo, \u00abel vicepresidente asumir\u00e1 de inmediato los poderes y las obligaciones del cargo como presidente interino\u00bb.<\/p>\n\n\n\n<p>De igual manera se pronunciaron los dos principales l\u00edderes del Partido Dem\u00f3crata en el Congreso, la presidenta de la C\u00e1mara de Representantes de Estados Unidos, Nancy Pelosi, y el jefe de la bancada en el Senado, Chuck Schumer, entre otros dirigentes opositores de primera l\u00ednea.<\/p>\n\n\n\n<p>Sin embargo, el entorno de Pence hizo trascender a los medios que no apoya esta idea, lo que aliment\u00f3 las dudas sobre c\u00f3mo ser\u00e1 la relaci\u00f3n entre el presidente y el vicepresidente en lospr\u00f3ximos13 d\u00edas antes de del traspaso de mando.<\/p>\n","protected":false},"excerpt":{"rendered":"<p>El Congreso de Estados Unidos ratific\u00f3 hoy al dem\u00f3crata Joe Biden como ganador de los comicios presidenciales, luego de que violentos manifestantes irrumpieran en el Capitolio en un intento de revertir el resultado electoral, socavar la democracia del pa\u00eds y permitir que el mandatario republicano saliente, Donald Trump, siguiera en la Casa Blanca. Con el&#8230;<\/p>\n","protected":false},"author":2,"featured_media":8091,"comment_status":"open","ping_status":"open","sticky":false,"template":"","format":"standard","meta":{"footnotes":""},"categories":[1],"tags":[],"class_list":["post-8090","post","type-post","status-publish","format-standard","has-post-thumbnail","hentry","category-uncategorized"],"featured_image_src":"https:\/\/diarioprincipios.com\/wp-content\/uploads\/2021\/01\/Elecciones_EEUU_2020-Joe_Biden-Kamala_Harris-Estados_Unidos-Partido_Democrata-Mundo_534457505_164621306_1706x960-1024x576.jpg","blog_images":{"medium":"https:\/\/diarioprincipios.com\/wp-content\/uploads\/2021\/01\/Elecciones_EEUU_2020-Joe_Biden-Kamala_Harris-Estados_Unidos-Partido_Democrata-Mundo_534457505_164621306_1706x960-300x169.jpg","large":"https:\/\/diarioprincipios.com\/wp-content\/uploads\/2021\/01\/Elecciones_EEUU_2020-Joe_Biden-Kamala_Harris-Estados_Unidos-Partido_Democrata-Mundo_534457505_164621306_1706x960-1024x576.jpg"},"ams_acf":[],"yoast_head":"<!-- This site is optimized with the Yoast SEO plugin v27.3 - https:\/\/yoast.com\/product\/yoast-seo-wordpress\/ -->\n<title>Tras los disturbios, el Congreso de EEUU certifica finalmente la victoria electoral de Biden - Principios<\/title>\n<meta name=\"robots\" content=\"index, follow, max-snippet:-1, max-image-preview:large, max-video-preview:-1\" \/>\n<link rel=\"canonical\" href=\"https:\/\/diarioprincipios.com\/index.php\/2021\/01\/07\/tras-los-disturbios-el-congreso-de-eeuu-certifica-finalmente-la-victoria-electoral-de-biden\/\" \/>\n<meta property=\"og:locale\" content=\"es_ES\" \/>\n<meta property=\"og:type\" content=\"article\" \/>\n<meta property=\"og:title\" content=\"Tras los disturbios, el Congreso de EEUU certifica finalmente la victoria electoral de Biden - Principios\" \/>\n<meta property=\"og:description\" content=\"El Congreso de Estados Unidos ratific\u00f3 hoy al dem\u00f3crata Joe Biden como ganador de los comicios presidenciales, luego de que violentos manifestantes irrumpieran en el Capitolio en un intento de revertir el resultado electoral, socavar la democracia del pa\u00eds y permitir que el mandatario republicano saliente, Donald Trump, siguiera en la Casa Blanca. Con el...\" \/>\n<meta property=\"og:url\" content=\"https:\/\/diarioprincipios.com\/index.php\/2021\/01\/07\/tras-los-disturbios-el-congreso-de-eeuu-certifica-finalmente-la-victoria-electoral-de-biden\/\" \/>\n<meta property=\"og:site_name\" content=\"Principios\" \/>\n<meta property=\"article:published_time\" content=\"2021-01-08T02:45:27+00:00\" \/>\n<meta property=\"article:modified_time\" content=\"2021-01-08T02:45:32+00:00\" \/>\n<meta property=\"og:image\" content=\"https:\/\/diarioprincipios.com\/wp-content\/uploads\/2021\/01\/Elecciones_EEUU_2020-Joe_Biden-Kamala_Harris-Estados_Unidos-Partido_Democrata-Mundo_534457505_164621306_1706x960.jpg\" \/>\n\t<meta property=\"og:image:width\" content=\"1706\" \/>\n\t<meta property=\"og:image:height\" content=\"960\" \/>\n\t<meta property=\"og:image:type\" content=\"image\/jpeg\" \/>\n<meta name=\"author\" content=\"Hern\u00e1n L\u00f3pez\" \/>\n<meta name=\"twitter:card\" content=\"summary_large_image\" \/>\n<meta name=\"twitter:label1\" content=\"Escrito por\" \/>\n\t<meta name=\"twitter:data1\" content=\"Hern\u00e1n L\u00f3pez\" \/>\n\t<meta name=\"twitter:label2\" content=\"Tiempo de lectura\" \/>\n\t<meta name=\"twitter:data2\" content=\"6 minutos\" \/>\n<script type=\"application\/ld+json\" class=\"yoast-schema-graph\">{\"@context\":\"https:\\\/\\\/schema.org\",\"@graph\":[{\"@type\":\"Article\",\"@id\":\"https:\\\/\\\/diarioprincipios.com\\\/index.php\\\/2021\\\/01\\\/07\\\/tras-los-disturbios-el-congreso-de-eeuu-certifica-finalmente-la-victoria-electoral-de-biden\\\/#article\",\"isPartOf\":{\"@id\":\"https:\\\/\\\/diarioprincipios.com\\\/index.php\\\/2021\\\/01\\\/07\\\/tras-los-disturbios-el-congreso-de-eeuu-certifica-finalmente-la-victoria-electoral-de-biden\\\/\"},\"author\":{\"name\":\"Hern\u00e1n L\u00f3pez\",\"@id\":\"https:\\\/\\\/diarioprincipios.com\\\/#\\\/schema\\\/person\\\/436d5a1fd41a5e250e23ff5a6a7cb080\"},\"headline\":\"Tras los disturbios, el Congreso de EEUU certifica finalmente la victoria electoral de Biden\",\"datePublished\":\"2021-01-08T02:45:27+00:00\",\"dateModified\":\"2021-01-08T02:45:32+00:00\",\"mainEntityOfPage\":{\"@id\":\"https:\\\/\\\/diarioprincipios.com\\\/index.php\\\/2021\\\/01\\\/07\\\/tras-los-disturbios-el-congreso-de-eeuu-certifica-finalmente-la-victoria-electoral-de-biden\\\/\"},\"wordCount\":1118,\"commentCount\":0,\"publisher\":{\"@id\":\"https:\\\/\\\/diarioprincipios.com\\\/#organization\"},\"image\":{\"@id\":\"https:\\\/\\\/diarioprincipios.com\\\/index.php\\\/2021\\\/01\\\/07\\\/tras-los-disturbios-el-congreso-de-eeuu-certifica-finalmente-la-victoria-electoral-de-biden\\\/#primaryimage\"},\"thumbnailUrl\":\"https:\\\/\\\/diarioprincipios.com\\\/wp-content\\\/uploads\\\/2021\\\/01\\\/Elecciones_EEUU_2020-Joe_Biden-Kamala_Harris-Estados_Unidos-Partido_Democrata-Mundo_534457505_164621306_1706x960.jpg\",\"articleSection\":[\"Uncategorized\"],\"inLanguage\":\"es\",\"potentialAction\":[{\"@type\":\"CommentAction\",\"name\":\"Comment\",\"target\":[\"https:\\\/\\\/diarioprincipios.com\\\/index.php\\\/2021\\\/01\\\/07\\\/tras-los-disturbios-el-congreso-de-eeuu-certifica-finalmente-la-victoria-electoral-de-biden\\\/#respond\"]}]},{\"@type\":\"WebPage\",\"@id\":\"https:\\\/\\\/diarioprincipios.com\\\/index.php\\\/2021\\\/01\\\/07\\\/tras-los-disturbios-el-congreso-de-eeuu-certifica-finalmente-la-victoria-electoral-de-biden\\\/\",\"url\":\"https:\\\/\\\/diarioprincipios.com\\\/index.php\\\/2021\\\/01\\\/07\\\/tras-los-disturbios-el-congreso-de-eeuu-certifica-finalmente-la-victoria-electoral-de-biden\\\/\",\"name\":\"Tras los disturbios, el Congreso de EEUU certifica finalmente la victoria electoral de Biden - Principios\",\"isPartOf\":{\"@id\":\"https:\\\/\\\/diarioprincipios.com\\\/#website\"},\"primaryImageOfPage\":{\"@id\":\"https:\\\/\\\/diarioprincipios.com\\\/index.php\\\/2021\\\/01\\\/07\\\/tras-los-disturbios-el-congreso-de-eeuu-certifica-finalmente-la-victoria-electoral-de-biden\\\/#primaryimage\"},\"image\":{\"@id\":\"https:\\\/\\\/diarioprincipios.com\\\/index.php\\\/2021\\\/01\\\/07\\\/tras-los-disturbios-el-congreso-de-eeuu-certifica-finalmente-la-victoria-electoral-de-biden\\\/#primaryimage\"},\"thumbnailUrl\":\"https:\\\/\\\/diarioprincipios.com\\\/wp-content\\\/uploads\\\/2021\\\/01\\\/Elecciones_EEUU_2020-Joe_Biden-Kamala_Harris-Estados_Unidos-Partido_Democrata-Mundo_534457505_164621306_1706x960.jpg\",\"datePublished\":\"2021-01-08T02:45:27+00:00\",\"dateModified\":\"2021-01-08T02:45:32+00:00\",\"breadcrumb\":{\"@id\":\"https:\\\/\\\/diarioprincipios.com\\\/index.php\\\/2021\\\/01\\\/07\\\/tras-los-disturbios-el-congreso-de-eeuu-certifica-finalmente-la-victoria-electoral-de-biden\\\/#breadcrumb\"},\"inLanguage\":\"es\",\"potentialAction\":[{\"@type\":\"ReadAction\",\"target\":[\"https:\\\/\\\/diarioprincipios.com\\\/index.php\\\/2021\\\/01\\\/07\\\/tras-los-disturbios-el-congreso-de-eeuu-certifica-finalmente-la-victoria-electoral-de-biden\\\/\"]}]},{\"@type\":\"ImageObject\",\"inLanguage\":\"es\",\"@id\":\"https:\\\/\\\/diarioprincipios.com\\\/index.php\\\/2021\\\/01\\\/07\\\/tras-los-disturbios-el-congreso-de-eeuu-certifica-finalmente-la-victoria-electoral-de-biden\\\/#primaryimage\",\"url\":\"https:\\\/\\\/diarioprincipios.com\\\/wp-content\\\/uploads\\\/2021\\\/01\\\/Elecciones_EEUU_2020-Joe_Biden-Kamala_Harris-Estados_Unidos-Partido_Democrata-Mundo_534457505_164621306_1706x960.jpg\",\"contentUrl\":\"https:\\\/\\\/diarioprincipios.com\\\/wp-content\\\/uploads\\\/2021\\\/01\\\/Elecciones_EEUU_2020-Joe_Biden-Kamala_Harris-Estados_Unidos-Partido_Democrata-Mundo_534457505_164621306_1706x960.jpg\",\"width\":1706,\"height\":960},{\"@type\":\"BreadcrumbList\",\"@id\":\"https:\\\/\\\/diarioprincipios.com\\\/index.php\\\/2021\\\/01\\\/07\\\/tras-los-disturbios-el-congreso-de-eeuu-certifica-finalmente-la-victoria-electoral-de-biden\\\/#breadcrumb\",\"itemListElement\":[{\"@type\":\"ListItem\",\"position\":1,\"name\":\"Portada\",\"item\":\"https:\\\/\\\/diarioprincipios.com\\\/\"},{\"@type\":\"ListItem\",\"position\":2,\"name\":\"Tras los disturbios, el Congreso de EEUU certifica finalmente la victoria electoral de Biden\"}]},{\"@type\":\"WebSite\",\"@id\":\"https:\\\/\\\/diarioprincipios.com\\\/#website\",\"url\":\"https:\\\/\\\/diarioprincipios.com\\\/\",\"name\":\"Principios\",\"description\":\"Principios Diario\",\"publisher\":{\"@id\":\"https:\\\/\\\/diarioprincipios.com\\\/#organization\"},\"potentialAction\":[{\"@type\":\"SearchAction\",\"target\":{\"@type\":\"EntryPoint\",\"urlTemplate\":\"https:\\\/\\\/diarioprincipios.com\\\/?s={search_term_string}\"},\"query-input\":{\"@type\":\"PropertyValueSpecification\",\"valueRequired\":true,\"valueName\":\"search_term_string\"}}],\"inLanguage\":\"es\"},{\"@type\":\"Organization\",\"@id\":\"https:\\\/\\\/diarioprincipios.com\\\/#organization\",\"name\":\"Principios\",\"url\":\"https:\\\/\\\/diarioprincipios.com\\\/\",\"logo\":{\"@type\":\"ImageObject\",\"inLanguage\":\"es\",\"@id\":\"https:\\\/\\\/diarioprincipios.com\\\/#\\\/schema\\\/logo\\\/image\\\/\",\"url\":\"https:\\\/\\\/diarioprincipios.com\\\/wp-content\\\/uploads\\\/2024\\\/04\\\/cropped-www.diarioprincipios.com_-1.png\",\"contentUrl\":\"https:\\\/\\\/diarioprincipios.com\\\/wp-content\\\/uploads\\\/2024\\\/04\\\/cropped-www.diarioprincipios.com_-1.png\",\"width\":5325,\"height\":1454,\"caption\":\"Principios\"},\"image\":{\"@id\":\"https:\\\/\\\/diarioprincipios.com\\\/#\\\/schema\\\/logo\\\/image\\\/\"}},{\"@type\":\"Person\",\"@id\":\"https:\\\/\\\/diarioprincipios.com\\\/#\\\/schema\\\/person\\\/436d5a1fd41a5e250e23ff5a6a7cb080\",\"name\":\"Hern\u00e1n L\u00f3pez\",\"image\":{\"@type\":\"ImageObject\",\"inLanguage\":\"es\",\"@id\":\"https:\\\/\\\/diarioprincipios.com\\\/wp-content\\\/litespeed\\\/avatar\\\/11ddfe5610ff3bd100522525b2571f48.jpg?ver=1777048341\",\"url\":\"https:\\\/\\\/diarioprincipios.com\\\/wp-content\\\/litespeed\\\/avatar\\\/11ddfe5610ff3bd100522525b2571f48.jpg?ver=1777048341\",\"contentUrl\":\"https:\\\/\\\/diarioprincipios.com\\\/wp-content\\\/litespeed\\\/avatar\\\/11ddfe5610ff3bd100522525b2571f48.jpg?ver=1777048341\",\"caption\":\"Hern\u00e1n L\u00f3pez\"},\"url\":\"https:\\\/\\\/diarioprincipios.com\\\/index.php\\\/author\\\/hernan\\\/\"}]}<\/script>\n<!-- \/ Yoast SEO plugin. -->","yoast_head_json":{"title":"Tras los disturbios, el Congreso de EEUU certifica finalmente la victoria electoral de Biden - Principios","robots":{"index":"index","follow":"follow","max-snippet":"max-snippet:-1","max-image-preview":"max-image-preview:large","max-video-preview":"max-video-preview:-1"},"canonical":"https:\/\/diarioprincipios.com\/index.php\/2021\/01\/07\/tras-los-disturbios-el-congreso-de-eeuu-certifica-finalmente-la-victoria-electoral-de-biden\/","og_locale":"es_ES","og_type":"article","og_title":"Tras los disturbios, el Congreso de EEUU certifica finalmente la victoria electoral de Biden - Principios","og_description":"El Congreso de Estados Unidos ratific\u00f3 hoy al dem\u00f3crata Joe Biden como ganador de los comicios presidenciales, luego de que violentos manifestantes irrumpieran en el Capitolio en un intento de revertir el resultado electoral, socavar la democracia del pa\u00eds y permitir que el mandatario republicano saliente, Donald Trump, siguiera en la Casa Blanca. Con el...","og_url":"https:\/\/diarioprincipios.com\/index.php\/2021\/01\/07\/tras-los-disturbios-el-congreso-de-eeuu-certifica-finalmente-la-victoria-electoral-de-biden\/","og_site_name":"Principios","article_published_time":"2021-01-08T02:45:27+00:00","article_modified_time":"2021-01-08T02:45:32+00:00","og_image":[{"width":1706,"height":960,"url":"https:\/\/diarioprincipios.com\/wp-content\/uploads\/2021\/01\/Elecciones_EEUU_2020-Joe_Biden-Kamala_Harris-Estados_Unidos-Partido_Democrata-Mundo_534457505_164621306_1706x960.jpg","type":"image\/jpeg"}],"author":"Hern\u00e1n L\u00f3pez","twitter_card":"summary_large_image","twitter_misc":{"Escrito por":"Hern\u00e1n L\u00f3pez","Tiempo de lectura":"6 minutos"},"schema":{"@context":"https:\/\/schema.org","@graph":[{"@type":"Article","@id":"https:\/\/diarioprincipios.com\/index.php\/2021\/01\/07\/tras-los-disturbios-el-congreso-de-eeuu-certifica-finalmente-la-victoria-electoral-de-biden\/#article","isPartOf":{"@id":"https:\/\/diarioprincipios.com\/index.php\/2021\/01\/07\/tras-los-disturbios-el-congreso-de-eeuu-certifica-finalmente-la-victoria-electoral-de-biden\/"},"author":{"name":"Hern\u00e1n L\u00f3pez","@id":"https:\/\/diarioprincipios.com\/#\/schema\/person\/436d5a1fd41a5e250e23ff5a6a7cb080"},"headline":"Tras los disturbios, el Congreso de EEUU certifica finalmente la victoria electoral de Biden","datePublished":"2021-01-08T02:45:27+00:00","dateModified":"2021-01-08T02:45:32+00:00","mainEntityOfPage":{"@id":"https:\/\/diarioprincipios.com\/index.php\/2021\/01\/07\/tras-los-disturbios-el-congreso-de-eeuu-certifica-finalmente-la-victoria-electoral-de-biden\/"},"wordCount":1118,"commentCount":0,"publisher":{"@id":"https:\/\/diarioprincipios.com\/#organization"},"image":{"@id":"https:\/\/diarioprincipios.com\/index.php\/2021\/01\/07\/tras-los-disturbios-el-congreso-de-eeuu-certifica-finalmente-la-victoria-electoral-de-biden\/#primaryimage"},"thumbnailUrl":"https:\/\/diarioprincipios.com\/wp-content\/uploads\/2021\/01\/Elecciones_EEUU_2020-Joe_Biden-Kamala_Harris-Estados_Unidos-Partido_Democrata-Mundo_534457505_164621306_1706x960.jpg","articleSection":["Uncategorized"],"inLanguage":"es","potentialAction":[{"@type":"CommentAction","name":"Comment","target":["https:\/\/diarioprincipios.com\/index.php\/2021\/01\/07\/tras-los-disturbios-el-congreso-de-eeuu-certifica-finalmente-la-victoria-electoral-de-biden\/#respond"]}]},{"@type":"WebPage","@id":"https:\/\/diarioprincipios.com\/index.php\/2021\/01\/07\/tras-los-disturbios-el-congreso-de-eeuu-certifica-finalmente-la-victoria-electoral-de-biden\/","url":"https:\/\/diarioprincipios.com\/index.php\/2021\/01\/07\/tras-los-disturbios-el-congreso-de-eeuu-certifica-finalmente-la-victoria-electoral-de-biden\/","name":"Tras los disturbios, el Congreso de EEUU certifica finalmente la victoria electoral de Biden - Principios","isPartOf":{"@id":"https:\/\/diarioprincipios.com\/#website"},"primaryImageOfPage":{"@id":"https:\/\/diarioprincipios.com\/index.php\/2021\/01\/07\/tras-los-disturbios-el-congreso-de-eeuu-certifica-finalmente-la-victoria-electoral-de-biden\/#primaryimage"},"image":{"@id":"https:\/\/diarioprincipios.com\/index.php\/2021\/01\/07\/tras-los-disturbios-el-congreso-de-eeuu-certifica-finalmente-la-victoria-electoral-de-biden\/#primaryimage"},"thumbnailUrl":"https:\/\/diarioprincipios.com\/wp-content\/uploads\/2021\/01\/Elecciones_EEUU_2020-Joe_Biden-Kamala_Harris-Estados_Unidos-Partido_Democrata-Mundo_534457505_164621306_1706x960.jpg","datePublished":"2021-01-08T02:45:27+00:00","dateModified":"2021-01-08T02:45:32+00:00","breadcrumb":{"@id":"https:\/\/diarioprincipios.com\/index.php\/2021\/01\/07\/tras-los-disturbios-el-congreso-de-eeuu-certifica-finalmente-la-victoria-electoral-de-biden\/#breadcrumb"},"inLanguage":"es","potentialAction":[{"@type":"ReadAction","target":["https:\/\/diarioprincipios.com\/index.php\/2021\/01\/07\/tras-los-disturbios-el-congreso-de-eeuu-certifica-finalmente-la-victoria-electoral-de-biden\/"]}]},{"@type":"ImageObject","inLanguage":"es","@id":"https:\/\/diarioprincipios.com\/index.php\/2021\/01\/07\/tras-los-disturbios-el-congreso-de-eeuu-certifica-finalmente-la-victoria-electoral-de-biden\/#primaryimage","url":"https:\/\/diarioprincipios.com\/wp-content\/uploads\/2021\/01\/Elecciones_EEUU_2020-Joe_Biden-Kamala_Harris-Estados_Unidos-Partido_Democrata-Mundo_534457505_164621306_1706x960.jpg","contentUrl":"https:\/\/diarioprincipios.com\/wp-content\/uploads\/2021\/01\/Elecciones_EEUU_2020-Joe_Biden-Kamala_Harris-Estados_Unidos-Partido_Democrata-Mundo_534457505_164621306_1706x960.jpg","width":1706,"height":960},{"@type":"BreadcrumbList","@id":"https:\/\/diarioprincipios.com\/index.php\/2021\/01\/07\/tras-los-disturbios-el-congreso-de-eeuu-certifica-finalmente-la-victoria-electoral-de-biden\/#breadcrumb","itemListElement":[{"@type":"ListItem","position":1,"name":"Portada","item":"https:\/\/diarioprincipios.com\/"},{"@type":"ListItem","position":2,"name":"Tras los disturbios, el Congreso de EEUU certifica finalmente la victoria electoral de Biden"}]},{"@type":"WebSite","@id":"https:\/\/diarioprincipios.com\/#website","url":"https:\/\/diarioprincipios.com\/","name":"Principios","description":"Principios Diario","publisher":{"@id":"https:\/\/diarioprincipios.com\/#organization"},"potentialAction":[{"@type":"SearchAction","target":{"@type":"EntryPoint","urlTemplate":"https:\/\/diarioprincipios.com\/?s={search_term_string}"},"query-input":{"@type":"PropertyValueSpecification","valueRequired":true,"valueName":"search_term_string"}}],"inLanguage":"es"},{"@type":"Organization","@id":"https:\/\/diarioprincipios.com\/#organization","name":"Principios","url":"https:\/\/diarioprincipios.com\/","logo":{"@type":"ImageObject","inLanguage":"es","@id":"https:\/\/diarioprincipios.com\/#\/schema\/logo\/image\/","url":"https:\/\/diarioprincipios.com\/wp-content\/uploads\/2024\/04\/cropped-www.diarioprincipios.com_-1.png","contentUrl":"https:\/\/diarioprincipios.com\/wp-content\/uploads\/2024\/04\/cropped-www.diarioprincipios.com_-1.png","width":5325,"height":1454,"caption":"Principios"},"image":{"@id":"https:\/\/diarioprincipios.com\/#\/schema\/logo\/image\/"}},{"@type":"Person","@id":"https:\/\/diarioprincipios.com\/#\/schema\/person\/436d5a1fd41a5e250e23ff5a6a7cb080","name":"Hern\u00e1n L\u00f3pez","image":{"@type":"ImageObject","inLanguage":"es","@id":"https:\/\/diarioprincipios.com\/wp-content\/litespeed\/avatar\/11ddfe5610ff3bd100522525b2571f48.jpg?ver=1777048341","url":"https:\/\/diarioprincipios.com\/wp-content\/litespeed\/avatar\/11ddfe5610ff3bd100522525b2571f48.jpg?ver=1777048341","contentUrl":"https:\/\/diarioprincipios.com\/wp-content\/litespeed\/avatar\/11ddfe5610ff3bd100522525b2571f48.jpg?ver=1777048341","caption":"Hern\u00e1n L\u00f3pez"},"url":"https:\/\/diarioprincipios.com\/index.php\/author\/hernan\/"}]}},"jetpack_featured_media_url":"https:\/\/diarioprincipios.com\/wp-content\/uploads\/2021\/01\/Elecciones_EEUU_2020-Joe_Biden-Kamala_Harris-Estados_Unidos-Partido_Democrata-Mundo_534457505_164621306_1706x960.jpg","_links":{"self":[{"href":"https:\/\/diarioprincipios.com\/index.php\/wp-json\/wp\/v2\/posts\/8090","targetHints":{"allow":["GET"]}}],"collection":[{"href":"https:\/\/diarioprincipios.com\/index.php\/wp-json\/wp\/v2\/posts"}],"about":[{"href":"https:\/\/diarioprincipios.com\/index.php\/wp-json\/wp\/v2\/types\/post"}],"author":[{"embeddable":true,"href":"https:\/\/diarioprincipios.com\/index.php\/wp-json\/wp\/v2\/users\/2"}],"replies":[{"embeddable":true,"href":"https:\/\/diarioprincipios.com\/index.php\/wp-json\/wp\/v2\/comments?post=8090"}],"version-history":[{"count":1,"href":"https:\/\/diarioprincipios.com\/index.php\/wp-json\/wp\/v2\/posts\/8090\/revisions"}],"predecessor-version":[{"id":8092,"href":"https:\/\/diarioprincipios.com\/index.php\/wp-json\/wp\/v2\/posts\/8090\/revisions\/8092"}],"wp:featuredmedia":[{"embeddable":true,"href":"https:\/\/diarioprincipios.com\/index.php\/wp-json\/wp\/v2\/media\/8091"}],"wp:attachment":[{"href":"https:\/\/diarioprincipios.com\/index.php\/wp-json\/wp\/v2\/media?parent=8090"}],"wp:term":[{"taxonomy":"category","embeddable":true,"href":"https:\/\/diarioprincipios.com\/index.php\/wp-json\/wp\/v2\/categories?post=8090"},{"taxonomy":"post_tag","embeddable":true,"href":"https:\/\/diarioprincipios.com\/index.php\/wp-json\/wp\/v2\/tags?post=8090"}],"curies":[{"name":"wp","href":"https:\/\/api.w.org\/{rel}","templated":true}]}}