{"id":8081,"date":"2021-01-07T16:38:00","date_gmt":"2021-01-07T19:38:00","guid":{"rendered":"http:\/\/diarioprincipios.com\/?p=8081"},"modified":"2021-01-07T16:38:02","modified_gmt":"2021-01-07T19:38:02","slug":"restringiran-desde-el-viernes-la-circulacion-nocturna-para-bajar-los-contagios-de-coronavirus","status":"publish","type":"post","link":"https:\/\/diarioprincipios.com\/index.php\/2021\/01\/07\/restringiran-desde-el-viernes-la-circulacion-nocturna-para-bajar-los-contagios-de-coronavirus\/","title":{"rendered":"Restringir\u00e1n desde el viernes la circulaci\u00f3n nocturna para bajar los contagios de coronavirus"},"content":{"rendered":"\n<p>El Gobierno nacional publicar\u00e1 en las pr\u00f3ximas horas el decreto con una serie de nuevas medidas que terminaban de delinearse hoy, en acuerdo con los gobernadores de todo el pa\u00eds, para mitigar la propagaci\u00f3n del coronavirus ante el aumento de casos registrados en los \u00faltimos d\u00edas, que incluyen la restricci\u00f3n de la circulaci\u00f3n en horario nocturno.<\/p>\n\n\n\n<p>As\u00ed lo confirm\u00f3 esta ma\u00f1ana el jefe de Gabinete, Santiago Cafiero, quien precis\u00f3 que esta tarde \u00abvan a estar definidas\u00bb las nuevas disposiciones, cuya letra fina era redactada esta tarde, y precis\u00f3 que \u00abregir\u00e1n a partir de ma\u00f1ana\u00bb, con su publicaci\u00f3n en el Bolet\u00edn Oficial.<\/p>\n\n\n\n<p>Las nuevas medidas se adoptar\u00e1n tras la reuni\u00f3n que mantuvo ayer el presidente Alberto Fern\u00e1ndez por videoconferencia con los gobernadores y el jefe de Gobierno porte\u00f1o, Horacio Rodr\u00edguez Larreta, ante la preocupaci\u00f3n por el incremento de casos registrados en los \u00faltimos d\u00edas.<\/p>\n\n\n\n<p>Seg\u00fan el \u00faltimo reporte difundido anoche por el Ministerio de Salud, otras 191 personas murieron y 13.441 fueron reportadas con coronavirus en las \u00faltimas 24 horas en la Argentina, con lo que suman 43.976 los fallecidos registrados oficialmente a nivel nacional y 1.676.171 los contagiados desde el inicio de la pandemia.<\/p>\n\n\n\n<p>En la reuni\u00f3n de ayer, el Presidente le propuso a los mandatarios provinciales limitar la nocturnidad, acotar los viajes al exterior, y exigir test PCR en el momento que un pasajero a\u00e9reo llega a cualquier provincia, en especial destinos donde hay mayor n\u00famero de casos.<\/p>\n\n\n\n<p>Tambi\u00e9n se sugiri\u00f3 que los gobernadores tengan margen de aplicaci\u00f3n en cada uno de sus distritos para la limitaci\u00f3n a la circulaci\u00f3n nocturna transitoria, acotar a 10 el n\u00famero de personas en reuniones y restringir nuevamente el uso de transporte p\u00fablico a trabajadores esenciales.<\/p>\n\n\n\n<p>\u00abEn la reuni\u00f3n de ayer entre el Presidente y los gobernadores se busc\u00f3 avanzar y hubo acuerdos en la necesidad de restringir la circulaci\u00f3n en horario nocturno\u00bb, ratific\u00f3 Cafiero esta ma\u00f1ana en una rueda de prensa en el Instituto Malbr\u00e1n, donde se anunciaron mejoras para los trabajadores del sector y mayores inversiones para investigaci\u00f3n cient\u00edfica.<\/p>\n\n\n\n<p>En el encuentro de ayer, hubo acuerdo entre el gobierno nacional y las provincias en \u00abno parar la econom\u00eda, ni frustrar vacaciones ni la actividad en lugares tur\u00edsticos\u00bb, seg\u00fan indicaron los participantes del encuentro.<\/p>\n\n\n\n<p>En esa l\u00ednea, Cafiero no dio mayores precisiones sobre el contenido del decreto, pero asever\u00f3 que las restricciones que ser\u00e1n anunciadas en las pr\u00f3ximas horas \u00abno van a alterar la temporada\u00bb de verano.<\/p>\n\n\n\n<p>\u00abQueremos que la temporada contin\u00fae y sea de cuidados. Queremos defender el trabajo, la producci\u00f3n y los comercios. Necesitamos que se extremen cuidados para que la temporada pueda continuar. La temporada no se va a ver alterada en lo mas m\u00ednimo por esto\u00bb, sostuvo el ministro coordinador.<\/p>\n\n\n\n<p>Tal como se decidi\u00f3 ayer en el encuentro virtual entre el Presidente y los mandatarios, una vez conocido el texto del decreto, cada provincia ir\u00e1 adaptando la norma a las particularidades y la situaci\u00f3n sanitaria de su distrito.<\/p>\n\n\n\n<p>Desde la ciudad de Buenos Aires, el jefe de Gobierno, Horacio Rodr\u00edguez Larreta -contagiado de coronavirus y aislado en su domicilio- planifica una estrategia centrada en reducir los encuentros sociales en el distrito.<\/p>\n\n\n\n<p>Fuentes del Ejecutivo porte\u00f1o indicaron que el foco de la estrategia de la Ciudad est\u00e1 puesto \u00aben reducir los encuentros sociales\u00bb y en \u00abrecuperar la responsabilidad social y c\u00edvica que supimos tener\u00bb en los primeros meses del aislamiento por la pandemia.<\/p>\n\n\n\n<p>En lo inmediato, en la Ciudad de Buenos Aires no creen en la necesidad de restringir la circulaci\u00f3n y, adem\u00e1s, afirman que la ocupaci\u00f3n del sistema sanitario sigue siendo estable.<\/p>\n\n\n\n<p>En tanto, en la provincia de Buenos Aires se analiza la tasa de incidencia por distrito, con el objetivo de que aquellas ciudades que est\u00e1n en una mejor situaci\u00f3n epidemiol\u00f3gica no tengan que acatar las nuevas restricciones que vayan a implementarse.<\/p>\n\n\n\n<p>No todos los municipios se encuentran en una situaci\u00f3n epidemiol\u00f3gica compleja, por lo cual en el Gobierno consideran que \u00abno ser\u00eda lo mejor establecer un cierre generalizado\u00bb.<\/p>\n\n\n\n<p>Esta semana, un total de 15 distritos de la provincia retrocedieron de fase por el aumento de contagios de coronavirus: Arrecifes, Balcarce, Lincoln, Lober\u00eda, Pu\u00e1n, Suipacha, Salliquel\u00f3; Adolfo Alsina, Coronel Dorrego, General Alvear, General Villegas, Las Heras, Magdalena, Maip\u00fa y Saavedra.<\/p>\n","protected":false},"excerpt":{"rendered":"<p>El Gobierno nacional publicar\u00e1 en las pr\u00f3ximas horas el decreto con una serie de nuevas medidas que terminaban de delinearse hoy, en acuerdo con los gobernadores de todo el pa\u00eds, para mitigar la propagaci\u00f3n del coronavirus ante el aumento de casos registrados en los \u00faltimos d\u00edas, que incluyen la restricci\u00f3n de la circulaci\u00f3n en horario&#8230;<\/p>\n","protected":false},"author":2,"featured_media":8082,"comment_status":"open","ping_status":"open","sticky":false,"template":"","format":"standard","meta":{"footnotes":""},"categories":[10],"tags":[],"class_list":["post-8081","post","type-post","status-publish","format-standard","has-post-thumbnail","hentry","category-nacion"],"featured_image_src":"https:\/\/diarioprincipios.com\/wp-content\/uploads\/2021\/01\/1610025802_299531_1610026163_noticia_normal_recorte1.jpg","blog_images":{"medium":"https:\/\/diarioprincipios.com\/wp-content\/uploads\/2021\/01\/1610025802_299531_1610026163_noticia_normal_recorte1-300x169.jpg","large":"https:\/\/diarioprincipios.com\/wp-content\/uploads\/2021\/01\/1610025802_299531_1610026163_noticia_normal_recorte1.jpg"},"ams_acf":[],"yoast_head":"<!-- This site is optimized with the Yoast SEO plugin v27.3 - https:\/\/yoast.com\/product\/yoast-seo-wordpress\/ -->\n<title>Restringir\u00e1n desde el viernes la circulaci\u00f3n nocturna para bajar los contagios de coronavirus - Principios<\/title>\n<meta name=\"robots\" content=\"index, follow, max-snippet:-1, max-image-preview:large, max-video-preview:-1\" \/>\n<link rel=\"canonical\" href=\"https:\/\/diarioprincipios.com\/index.php\/2021\/01\/07\/restringiran-desde-el-viernes-la-circulacion-nocturna-para-bajar-los-contagios-de-coronavirus\/\" \/>\n<meta property=\"og:locale\" content=\"es_ES\" \/>\n<meta property=\"og:type\" content=\"article\" \/>\n<meta property=\"og:title\" content=\"Restringir\u00e1n desde el viernes la circulaci\u00f3n nocturna para bajar los contagios de coronavirus - Principios\" \/>\n<meta property=\"og:description\" content=\"El Gobierno nacional publicar\u00e1 en las pr\u00f3ximas horas el decreto con una serie de nuevas medidas que terminaban de delinearse hoy, en acuerdo con los gobernadores de todo el pa\u00eds, para mitigar la propagaci\u00f3n del coronavirus ante el aumento de casos registrados en los \u00faltimos d\u00edas, que incluyen la restricci\u00f3n de la circulaci\u00f3n en horario...\" \/>\n<meta property=\"og:url\" content=\"https:\/\/diarioprincipios.com\/index.php\/2021\/01\/07\/restringiran-desde-el-viernes-la-circulacion-nocturna-para-bajar-los-contagios-de-coronavirus\/\" \/>\n<meta property=\"og:site_name\" content=\"Principios\" \/>\n<meta property=\"article:published_time\" content=\"2021-01-07T19:38:00+00:00\" \/>\n<meta property=\"article:modified_time\" content=\"2021-01-07T19:38:02+00:00\" \/>\n<meta property=\"og:image\" content=\"https:\/\/diarioprincipios.com\/wp-content\/uploads\/2021\/01\/1610025802_299531_1610026163_noticia_normal_recorte1.jpg\" \/>\n\t<meta property=\"og:image:width\" content=\"720\" \/>\n\t<meta property=\"og:image:height\" content=\"405\" \/>\n\t<meta property=\"og:image:type\" content=\"image\/jpeg\" \/>\n<meta name=\"author\" content=\"Hern\u00e1n L\u00f3pez\" \/>\n<meta name=\"twitter:card\" content=\"summary_large_image\" \/>\n<meta name=\"twitter:label1\" content=\"Escrito por\" \/>\n\t<meta name=\"twitter:data1\" content=\"Hern\u00e1n L\u00f3pez\" \/>\n\t<meta name=\"twitter:label2\" content=\"Tiempo de lectura\" \/>\n\t<meta name=\"twitter:data2\" content=\"4 minutos\" \/>\n<script type=\"application\/ld+json\" class=\"yoast-schema-graph\">{\"@context\":\"https:\\\/\\\/schema.org\",\"@graph\":[{\"@type\":\"Article\",\"@id\":\"https:\\\/\\\/diarioprincipios.com\\\/index.php\\\/2021\\\/01\\\/07\\\/restringiran-desde-el-viernes-la-circulacion-nocturna-para-bajar-los-contagios-de-coronavirus\\\/#article\",\"isPartOf\":{\"@id\":\"https:\\\/\\\/diarioprincipios.com\\\/index.php\\\/2021\\\/01\\\/07\\\/restringiran-desde-el-viernes-la-circulacion-nocturna-para-bajar-los-contagios-de-coronavirus\\\/\"},\"author\":{\"name\":\"Hern\u00e1n L\u00f3pez\",\"@id\":\"https:\\\/\\\/diarioprincipios.com\\\/#\\\/schema\\\/person\\\/436d5a1fd41a5e250e23ff5a6a7cb080\"},\"headline\":\"Restringir\u00e1n desde el viernes la circulaci\u00f3n nocturna para bajar los contagios de coronavirus\",\"datePublished\":\"2021-01-07T19:38:00+00:00\",\"dateModified\":\"2021-01-07T19:38:02+00:00\",\"mainEntityOfPage\":{\"@id\":\"https:\\\/\\\/diarioprincipios.com\\\/index.php\\\/2021\\\/01\\\/07\\\/restringiran-desde-el-viernes-la-circulacion-nocturna-para-bajar-los-contagios-de-coronavirus\\\/\"},\"wordCount\":769,\"commentCount\":0,\"publisher\":{\"@id\":\"https:\\\/\\\/diarioprincipios.com\\\/#organization\"},\"image\":{\"@id\":\"https:\\\/\\\/diarioprincipios.com\\\/index.php\\\/2021\\\/01\\\/07\\\/restringiran-desde-el-viernes-la-circulacion-nocturna-para-bajar-los-contagios-de-coronavirus\\\/#primaryimage\"},\"thumbnailUrl\":\"https:\\\/\\\/diarioprincipios.com\\\/wp-content\\\/uploads\\\/2021\\\/01\\\/1610025802_299531_1610026163_noticia_normal_recorte1.jpg\",\"articleSection\":[\"Naci\u00f3n\"],\"inLanguage\":\"es\",\"potentialAction\":[{\"@type\":\"CommentAction\",\"name\":\"Comment\",\"target\":[\"https:\\\/\\\/diarioprincipios.com\\\/index.php\\\/2021\\\/01\\\/07\\\/restringiran-desde-el-viernes-la-circulacion-nocturna-para-bajar-los-contagios-de-coronavirus\\\/#respond\"]}]},{\"@type\":\"WebPage\",\"@id\":\"https:\\\/\\\/diarioprincipios.com\\\/index.php\\\/2021\\\/01\\\/07\\\/restringiran-desde-el-viernes-la-circulacion-nocturna-para-bajar-los-contagios-de-coronavirus\\\/\",\"url\":\"https:\\\/\\\/diarioprincipios.com\\\/index.php\\\/2021\\\/01\\\/07\\\/restringiran-desde-el-viernes-la-circulacion-nocturna-para-bajar-los-contagios-de-coronavirus\\\/\",\"name\":\"Restringir\u00e1n desde el viernes la circulaci\u00f3n nocturna para bajar los contagios de coronavirus - Principios\",\"isPartOf\":{\"@id\":\"https:\\\/\\\/diarioprincipios.com\\\/#website\"},\"primaryImageOfPage\":{\"@id\":\"https:\\\/\\\/diarioprincipios.com\\\/index.php\\\/2021\\\/01\\\/07\\\/restringiran-desde-el-viernes-la-circulacion-nocturna-para-bajar-los-contagios-de-coronavirus\\\/#primaryimage\"},\"image\":{\"@id\":\"https:\\\/\\\/diarioprincipios.com\\\/index.php\\\/2021\\\/01\\\/07\\\/restringiran-desde-el-viernes-la-circulacion-nocturna-para-bajar-los-contagios-de-coronavirus\\\/#primaryimage\"},\"thumbnailUrl\":\"https:\\\/\\\/diarioprincipios.com\\\/wp-content\\\/uploads\\\/2021\\\/01\\\/1610025802_299531_1610026163_noticia_normal_recorte1.jpg\",\"datePublished\":\"2021-01-07T19:38:00+00:00\",\"dateModified\":\"2021-01-07T19:38:02+00:00\",\"breadcrumb\":{\"@id\":\"https:\\\/\\\/diarioprincipios.com\\\/index.php\\\/2021\\\/01\\\/07\\\/restringiran-desde-el-viernes-la-circulacion-nocturna-para-bajar-los-contagios-de-coronavirus\\\/#breadcrumb\"},\"inLanguage\":\"es\",\"potentialAction\":[{\"@type\":\"ReadAction\",\"target\":[\"https:\\\/\\\/diarioprincipios.com\\\/index.php\\\/2021\\\/01\\\/07\\\/restringiran-desde-el-viernes-la-circulacion-nocturna-para-bajar-los-contagios-de-coronavirus\\\/\"]}]},{\"@type\":\"ImageObject\",\"inLanguage\":\"es\",\"@id\":\"https:\\\/\\\/diarioprincipios.com\\\/index.php\\\/2021\\\/01\\\/07\\\/restringiran-desde-el-viernes-la-circulacion-nocturna-para-bajar-los-contagios-de-coronavirus\\\/#primaryimage\",\"url\":\"https:\\\/\\\/diarioprincipios.com\\\/wp-content\\\/uploads\\\/2021\\\/01\\\/1610025802_299531_1610026163_noticia_normal_recorte1.jpg\",\"contentUrl\":\"https:\\\/\\\/diarioprincipios.com\\\/wp-content\\\/uploads\\\/2021\\\/01\\\/1610025802_299531_1610026163_noticia_normal_recorte1.jpg\",\"width\":720,\"height\":405},{\"@type\":\"BreadcrumbList\",\"@id\":\"https:\\\/\\\/diarioprincipios.com\\\/index.php\\\/2021\\\/01\\\/07\\\/restringiran-desde-el-viernes-la-circulacion-nocturna-para-bajar-los-contagios-de-coronavirus\\\/#breadcrumb\",\"itemListElement\":[{\"@type\":\"ListItem\",\"position\":1,\"name\":\"Portada\",\"item\":\"https:\\\/\\\/diarioprincipios.com\\\/\"},{\"@type\":\"ListItem\",\"position\":2,\"name\":\"Restringir\u00e1n desde el viernes la circulaci\u00f3n nocturna para bajar los contagios de coronavirus\"}]},{\"@type\":\"WebSite\",\"@id\":\"https:\\\/\\\/diarioprincipios.com\\\/#website\",\"url\":\"https:\\\/\\\/diarioprincipios.com\\\/\",\"name\":\"Principios\",\"description\":\"Principios Diario\",\"publisher\":{\"@id\":\"https:\\\/\\\/diarioprincipios.com\\\/#organization\"},\"potentialAction\":[{\"@type\":\"SearchAction\",\"target\":{\"@type\":\"EntryPoint\",\"urlTemplate\":\"https:\\\/\\\/diarioprincipios.com\\\/?s={search_term_string}\"},\"query-input\":{\"@type\":\"PropertyValueSpecification\",\"valueRequired\":true,\"valueName\":\"search_term_string\"}}],\"inLanguage\":\"es\"},{\"@type\":\"Organization\",\"@id\":\"https:\\\/\\\/diarioprincipios.com\\\/#organization\",\"name\":\"Principios\",\"url\":\"https:\\\/\\\/diarioprincipios.com\\\/\",\"logo\":{\"@type\":\"ImageObject\",\"inLanguage\":\"es\",\"@id\":\"https:\\\/\\\/diarioprincipios.com\\\/#\\\/schema\\\/logo\\\/image\\\/\",\"url\":\"https:\\\/\\\/diarioprincipios.com\\\/wp-content\\\/uploads\\\/2024\\\/04\\\/cropped-www.diarioprincipios.com_-1.png\",\"contentUrl\":\"https:\\\/\\\/diarioprincipios.com\\\/wp-content\\\/uploads\\\/2024\\\/04\\\/cropped-www.diarioprincipios.com_-1.png\",\"width\":5325,\"height\":1454,\"caption\":\"Principios\"},\"image\":{\"@id\":\"https:\\\/\\\/diarioprincipios.com\\\/#\\\/schema\\\/logo\\\/image\\\/\"}},{\"@type\":\"Person\",\"@id\":\"https:\\\/\\\/diarioprincipios.com\\\/#\\\/schema\\\/person\\\/436d5a1fd41a5e250e23ff5a6a7cb080\",\"name\":\"Hern\u00e1n L\u00f3pez\",\"image\":{\"@type\":\"ImageObject\",\"inLanguage\":\"es\",\"@id\":\"https:\\\/\\\/diarioprincipios.com\\\/wp-content\\\/litespeed\\\/avatar\\\/11ddfe5610ff3bd100522525b2571f48.jpg?ver=1777048341\",\"url\":\"https:\\\/\\\/diarioprincipios.com\\\/wp-content\\\/litespeed\\\/avatar\\\/11ddfe5610ff3bd100522525b2571f48.jpg?ver=1777048341\",\"contentUrl\":\"https:\\\/\\\/diarioprincipios.com\\\/wp-content\\\/litespeed\\\/avatar\\\/11ddfe5610ff3bd100522525b2571f48.jpg?ver=1777048341\",\"caption\":\"Hern\u00e1n L\u00f3pez\"},\"url\":\"https:\\\/\\\/diarioprincipios.com\\\/index.php\\\/author\\\/hernan\\\/\"}]}<\/script>\n<!-- \/ Yoast SEO plugin. -->","yoast_head_json":{"title":"Restringir\u00e1n desde el viernes la circulaci\u00f3n nocturna para bajar los contagios de coronavirus - Principios","robots":{"index":"index","follow":"follow","max-snippet":"max-snippet:-1","max-image-preview":"max-image-preview:large","max-video-preview":"max-video-preview:-1"},"canonical":"https:\/\/diarioprincipios.com\/index.php\/2021\/01\/07\/restringiran-desde-el-viernes-la-circulacion-nocturna-para-bajar-los-contagios-de-coronavirus\/","og_locale":"es_ES","og_type":"article","og_title":"Restringir\u00e1n desde el viernes la circulaci\u00f3n nocturna para bajar los contagios de coronavirus - Principios","og_description":"El Gobierno nacional publicar\u00e1 en las pr\u00f3ximas horas el decreto con una serie de nuevas medidas que terminaban de delinearse hoy, en acuerdo con los gobernadores de todo el pa\u00eds, para mitigar la propagaci\u00f3n del coronavirus ante el aumento de casos registrados en los \u00faltimos d\u00edas, que incluyen la restricci\u00f3n de la circulaci\u00f3n en horario...","og_url":"https:\/\/diarioprincipios.com\/index.php\/2021\/01\/07\/restringiran-desde-el-viernes-la-circulacion-nocturna-para-bajar-los-contagios-de-coronavirus\/","og_site_name":"Principios","article_published_time":"2021-01-07T19:38:00+00:00","article_modified_time":"2021-01-07T19:38:02+00:00","og_image":[{"width":720,"height":405,"url":"https:\/\/diarioprincipios.com\/wp-content\/uploads\/2021\/01\/1610025802_299531_1610026163_noticia_normal_recorte1.jpg","type":"image\/jpeg"}],"author":"Hern\u00e1n L\u00f3pez","twitter_card":"summary_large_image","twitter_misc":{"Escrito por":"Hern\u00e1n L\u00f3pez","Tiempo de lectura":"4 minutos"},"schema":{"@context":"https:\/\/schema.org","@graph":[{"@type":"Article","@id":"https:\/\/diarioprincipios.com\/index.php\/2021\/01\/07\/restringiran-desde-el-viernes-la-circulacion-nocturna-para-bajar-los-contagios-de-coronavirus\/#article","isPartOf":{"@id":"https:\/\/diarioprincipios.com\/index.php\/2021\/01\/07\/restringiran-desde-el-viernes-la-circulacion-nocturna-para-bajar-los-contagios-de-coronavirus\/"},"author":{"name":"Hern\u00e1n L\u00f3pez","@id":"https:\/\/diarioprincipios.com\/#\/schema\/person\/436d5a1fd41a5e250e23ff5a6a7cb080"},"headline":"Restringir\u00e1n desde el viernes la circulaci\u00f3n nocturna para bajar los contagios de coronavirus","datePublished":"2021-01-07T19:38:00+00:00","dateModified":"2021-01-07T19:38:02+00:00","mainEntityOfPage":{"@id":"https:\/\/diarioprincipios.com\/index.php\/2021\/01\/07\/restringiran-desde-el-viernes-la-circulacion-nocturna-para-bajar-los-contagios-de-coronavirus\/"},"wordCount":769,"commentCount":0,"publisher":{"@id":"https:\/\/diarioprincipios.com\/#organization"},"image":{"@id":"https:\/\/diarioprincipios.com\/index.php\/2021\/01\/07\/restringiran-desde-el-viernes-la-circulacion-nocturna-para-bajar-los-contagios-de-coronavirus\/#primaryimage"},"thumbnailUrl":"https:\/\/diarioprincipios.com\/wp-content\/uploads\/2021\/01\/1610025802_299531_1610026163_noticia_normal_recorte1.jpg","articleSection":["Naci\u00f3n"],"inLanguage":"es","potentialAction":[{"@type":"CommentAction","name":"Comment","target":["https:\/\/diarioprincipios.com\/index.php\/2021\/01\/07\/restringiran-desde-el-viernes-la-circulacion-nocturna-para-bajar-los-contagios-de-coronavirus\/#respond"]}]},{"@type":"WebPage","@id":"https:\/\/diarioprincipios.com\/index.php\/2021\/01\/07\/restringiran-desde-el-viernes-la-circulacion-nocturna-para-bajar-los-contagios-de-coronavirus\/","url":"https:\/\/diarioprincipios.com\/index.php\/2021\/01\/07\/restringiran-desde-el-viernes-la-circulacion-nocturna-para-bajar-los-contagios-de-coronavirus\/","name":"Restringir\u00e1n desde el viernes la circulaci\u00f3n nocturna para bajar los contagios de coronavirus - Principios","isPartOf":{"@id":"https:\/\/diarioprincipios.com\/#website"},"primaryImageOfPage":{"@id":"https:\/\/diarioprincipios.com\/index.php\/2021\/01\/07\/restringiran-desde-el-viernes-la-circulacion-nocturna-para-bajar-los-contagios-de-coronavirus\/#primaryimage"},"image":{"@id":"https:\/\/diarioprincipios.com\/index.php\/2021\/01\/07\/restringiran-desde-el-viernes-la-circulacion-nocturna-para-bajar-los-contagios-de-coronavirus\/#primaryimage"},"thumbnailUrl":"https:\/\/diarioprincipios.com\/wp-content\/uploads\/2021\/01\/1610025802_299531_1610026163_noticia_normal_recorte1.jpg","datePublished":"2021-01-07T19:38:00+00:00","dateModified":"2021-01-07T19:38:02+00:00","breadcrumb":{"@id":"https:\/\/diarioprincipios.com\/index.php\/2021\/01\/07\/restringiran-desde-el-viernes-la-circulacion-nocturna-para-bajar-los-contagios-de-coronavirus\/#breadcrumb"},"inLanguage":"es","potentialAction":[{"@type":"ReadAction","target":["https:\/\/diarioprincipios.com\/index.php\/2021\/01\/07\/restringiran-desde-el-viernes-la-circulacion-nocturna-para-bajar-los-contagios-de-coronavirus\/"]}]},{"@type":"ImageObject","inLanguage":"es","@id":"https:\/\/diarioprincipios.com\/index.php\/2021\/01\/07\/restringiran-desde-el-viernes-la-circulacion-nocturna-para-bajar-los-contagios-de-coronavirus\/#primaryimage","url":"https:\/\/diarioprincipios.com\/wp-content\/uploads\/2021\/01\/1610025802_299531_1610026163_noticia_normal_recorte1.jpg","contentUrl":"https:\/\/diarioprincipios.com\/wp-content\/uploads\/2021\/01\/1610025802_299531_1610026163_noticia_normal_recorte1.jpg","width":720,"height":405},{"@type":"BreadcrumbList","@id":"https:\/\/diarioprincipios.com\/index.php\/2021\/01\/07\/restringiran-desde-el-viernes-la-circulacion-nocturna-para-bajar-los-contagios-de-coronavirus\/#breadcrumb","itemListElement":[{"@type":"ListItem","position":1,"name":"Portada","item":"https:\/\/diarioprincipios.com\/"},{"@type":"ListItem","position":2,"name":"Restringir\u00e1n desde el viernes la circulaci\u00f3n nocturna para bajar los contagios de coronavirus"}]},{"@type":"WebSite","@id":"https:\/\/diarioprincipios.com\/#website","url":"https:\/\/diarioprincipios.com\/","name":"Principios","description":"Principios Diario","publisher":{"@id":"https:\/\/diarioprincipios.com\/#organization"},"potentialAction":[{"@type":"SearchAction","target":{"@type":"EntryPoint","urlTemplate":"https:\/\/diarioprincipios.com\/?s={search_term_string}"},"query-input":{"@type":"PropertyValueSpecification","valueRequired":true,"valueName":"search_term_string"}}],"inLanguage":"es"},{"@type":"Organization","@id":"https:\/\/diarioprincipios.com\/#organization","name":"Principios","url":"https:\/\/diarioprincipios.com\/","logo":{"@type":"ImageObject","inLanguage":"es","@id":"https:\/\/diarioprincipios.com\/#\/schema\/logo\/image\/","url":"https:\/\/diarioprincipios.com\/wp-content\/uploads\/2024\/04\/cropped-www.diarioprincipios.com_-1.png","contentUrl":"https:\/\/diarioprincipios.com\/wp-content\/uploads\/2024\/04\/cropped-www.diarioprincipios.com_-1.png","width":5325,"height":1454,"caption":"Principios"},"image":{"@id":"https:\/\/diarioprincipios.com\/#\/schema\/logo\/image\/"}},{"@type":"Person","@id":"https:\/\/diarioprincipios.com\/#\/schema\/person\/436d5a1fd41a5e250e23ff5a6a7cb080","name":"Hern\u00e1n L\u00f3pez","image":{"@type":"ImageObject","inLanguage":"es","@id":"https:\/\/diarioprincipios.com\/wp-content\/litespeed\/avatar\/11ddfe5610ff3bd100522525b2571f48.jpg?ver=1777048341","url":"https:\/\/diarioprincipios.com\/wp-content\/litespeed\/avatar\/11ddfe5610ff3bd100522525b2571f48.jpg?ver=1777048341","contentUrl":"https:\/\/diarioprincipios.com\/wp-content\/litespeed\/avatar\/11ddfe5610ff3bd100522525b2571f48.jpg?ver=1777048341","caption":"Hern\u00e1n L\u00f3pez"},"url":"https:\/\/diarioprincipios.com\/index.php\/author\/hernan\/"}]}},"jetpack_featured_media_url":"https:\/\/diarioprincipios.com\/wp-content\/uploads\/2021\/01\/1610025802_299531_1610026163_noticia_normal_recorte1.jpg","_links":{"self":[{"href":"https:\/\/diarioprincipios.com\/index.php\/wp-json\/wp\/v2\/posts\/8081","targetHints":{"allow":["GET"]}}],"collection":[{"href":"https:\/\/diarioprincipios.com\/index.php\/wp-json\/wp\/v2\/posts"}],"about":[{"href":"https:\/\/diarioprincipios.com\/index.php\/wp-json\/wp\/v2\/types\/post"}],"author":[{"embeddable":true,"href":"https:\/\/diarioprincipios.com\/index.php\/wp-json\/wp\/v2\/users\/2"}],"replies":[{"embeddable":true,"href":"https:\/\/diarioprincipios.com\/index.php\/wp-json\/wp\/v2\/comments?post=8081"}],"version-history":[{"count":1,"href":"https:\/\/diarioprincipios.com\/index.php\/wp-json\/wp\/v2\/posts\/8081\/revisions"}],"predecessor-version":[{"id":8083,"href":"https:\/\/diarioprincipios.com\/index.php\/wp-json\/wp\/v2\/posts\/8081\/revisions\/8083"}],"wp:featuredmedia":[{"embeddable":true,"href":"https:\/\/diarioprincipios.com\/index.php\/wp-json\/wp\/v2\/media\/8082"}],"wp:attachment":[{"href":"https:\/\/diarioprincipios.com\/index.php\/wp-json\/wp\/v2\/media?parent=8081"}],"wp:term":[{"taxonomy":"category","embeddable":true,"href":"https:\/\/diarioprincipios.com\/index.php\/wp-json\/wp\/v2\/categories?post=8081"},{"taxonomy":"post_tag","embeddable":true,"href":"https:\/\/diarioprincipios.com\/index.php\/wp-json\/wp\/v2\/tags?post=8081"}],"curies":[{"name":"wp","href":"https:\/\/api.w.org\/{rel}","templated":true}]}}