{"id":8052,"date":"2021-01-05T21:14:34","date_gmt":"2021-01-06T00:14:34","guid":{"rendered":"http:\/\/diarioprincipios.com\/?p=8052"},"modified":"2021-01-05T22:17:30","modified_gmt":"2021-01-06T01:17:30","slug":"mussi-participo-por-videollamada-de-la-reunion-que-encabezo-kicillof-con-intendentes-por-la-situacion-sanitaria","status":"publish","type":"post","link":"https:\/\/diarioprincipios.com\/index.php\/2021\/01\/05\/mussi-participo-por-videollamada-de-la-reunion-que-encabezo-kicillof-con-intendentes-por-la-situacion-sanitaria\/","title":{"rendered":"Mussi particip\u00f3 mediante videollamada de la reuni\u00f3n que encabez\u00f3 Kicillof con intendentes por la situaci\u00f3n sanitaria"},"content":{"rendered":"\n<p><strong>El intendente de Berazategui, Juan Jos\u00e9 Mussi, junto a otros jefes comunales, fue parte de un encuentro virtual-presencial encabezado por Axel Kicillof. Se analizaron la situaci\u00f3n sanitaria de los municipios y principalmente de las zonas tur\u00edsticas de la provincia, y los mecanismos de control y prevenci\u00f3n que se est\u00e1n implementando.<br><\/strong><br>La participaci\u00f3n de Juan Jos\u00e9 Mussi fue virtual, por videollamada, mientras que otros intendentes estuvieron presentes en el Centro Cultural \u00abSan Bernardo\u00bb, del Partido de la Costa, junto al gobernador y otros funcionarios provinciales.<\/p>\n\n\n\n<p>\u00abPondremos m\u00e1s \u00e9nfasis en el cumplimiento de medidas, protocolos y campa\u00f1as de cuidado. Tenemos que lograr concientizar a los j\u00f3venes y a los grupos que se han relajado\u00bb, sostuvo Kicillof, y precis\u00f3 que \u00abesta semana\u00bb mantendr\u00e1 una reuni\u00f3n con autoridades de Naci\u00f3n y de la Ciudad de Buenos Aires. \u00abSi hay que tomar alguna decisi\u00f3n, lo vamos a anunciar en los primeros d\u00edas de la semana que viene\u00bb, aclar\u00f3.<\/p>\n\n\n\n<p>En la rueda de prensa posterior al encuentro con intendentes, Kicillof advirti\u00f3: \u00abSe est\u00e1 viendo un crecimiento marcado y muy acelerado de los casos de coronavirus. Si queremos cambiar la curva tenemos que reducir el grado de contacto, y evitar lo m\u00e1s posible la movilidad y el contacto\u00bb.<\/p>\n\n\n\n<p>De la conferencia particip\u00f3 tambi\u00e9n el jefe de Gabinete bonaerense, Carlos Bianco, quien inform\u00f3 que \u00abesta semana 15 distritos bonaerenses bajan de fase\u00bb debido al aumento de casos de COVID-19, y destac\u00f3: &nbsp;\u00abEl sistema de cambio de fases es intermitente y permite que, cuando vemos alg\u00fan brote o contagio masivo, podamos dar un paso hacia atr\u00e1s\u00bb con algunas actividades.<\/p>\n\n\n\n<p>Kicillof expres\u00f3, luego de analizar la situaci\u00f3n sanitaria en el primer mes de temporada, que por el momento no se tomar\u00e1n nuevas medidas restrictivas, pero inst\u00f3 a toda la comunidad a reforzar el cumplimiento de los protocolos de prevenci\u00f3n.<\/p>\n","protected":false},"excerpt":{"rendered":"<p>El intendente de Berazategui, Juan Jos\u00e9 Mussi, junto a otros jefes comunales, fue parte de un encuentro virtual-presencial encabezado por Axel Kicillof. Se analizaron la situaci\u00f3n sanitaria de los municipios y principalmente de las zonas tur\u00edsticas de la provincia, y los mecanismos de control y prevenci\u00f3n que se est\u00e1n implementando.La participaci\u00f3n de Juan Jos\u00e9 Mussi&#8230;<\/p>\n","protected":false},"author":2,"featured_media":8053,"comment_status":"open","ping_status":"open","sticky":false,"template":"","format":"standard","meta":{"footnotes":""},"categories":[3],"tags":[],"class_list":["post-8052","post","type-post","status-publish","format-standard","has-post-thumbnail","hentry","category-berazategui"],"featured_image_src":"https:\/\/diarioprincipios.com\/wp-content\/uploads\/2021\/01\/FB_IMG_1594941135410.jpg","blog_images":{"medium":"https:\/\/diarioprincipios.com\/wp-content\/uploads\/2021\/01\/FB_IMG_1594941135410-300x300.jpg","large":"https:\/\/diarioprincipios.com\/wp-content\/uploads\/2021\/01\/FB_IMG_1594941135410.jpg"},"ams_acf":[],"yoast_head":"<!-- This site is optimized with the Yoast SEO plugin v27.3 - https:\/\/yoast.com\/product\/yoast-seo-wordpress\/ -->\n<title>Mussi particip\u00f3 mediante videollamada de la reuni\u00f3n que encabez\u00f3 Kicillof con intendentes por la situaci\u00f3n sanitaria - Principios<\/title>\n<meta name=\"robots\" content=\"index, follow, max-snippet:-1, max-image-preview:large, max-video-preview:-1\" \/>\n<link rel=\"canonical\" href=\"https:\/\/diarioprincipios.com\/index.php\/2021\/01\/05\/mussi-participo-por-videollamada-de-la-reunion-que-encabezo-kicillof-con-intendentes-por-la-situacion-sanitaria\/\" \/>\n<meta property=\"og:locale\" content=\"es_ES\" \/>\n<meta property=\"og:type\" content=\"article\" \/>\n<meta property=\"og:title\" content=\"Mussi particip\u00f3 mediante videollamada de la reuni\u00f3n que encabez\u00f3 Kicillof con intendentes por la situaci\u00f3n sanitaria - Principios\" \/>\n<meta property=\"og:description\" content=\"El intendente de Berazategui, Juan Jos\u00e9 Mussi, junto a otros jefes comunales, fue parte de un encuentro virtual-presencial encabezado por Axel Kicillof. Se analizaron la situaci\u00f3n sanitaria de los municipios y principalmente de las zonas tur\u00edsticas de la provincia, y los mecanismos de control y prevenci\u00f3n que se est\u00e1n implementando.La participaci\u00f3n de Juan Jos\u00e9 Mussi...\" \/>\n<meta property=\"og:url\" content=\"https:\/\/diarioprincipios.com\/index.php\/2021\/01\/05\/mussi-participo-por-videollamada-de-la-reunion-que-encabezo-kicillof-con-intendentes-por-la-situacion-sanitaria\/\" \/>\n<meta property=\"og:site_name\" content=\"Principios\" \/>\n<meta property=\"article:published_time\" content=\"2021-01-06T00:14:34+00:00\" \/>\n<meta property=\"article:modified_time\" content=\"2021-01-06T01:17:30+00:00\" \/>\n<meta property=\"og:image\" content=\"https:\/\/diarioprincipios.com\/wp-content\/uploads\/2021\/01\/FB_IMG_1594941135410.jpg\" \/>\n\t<meta property=\"og:image:width\" content=\"1000\" \/>\n\t<meta property=\"og:image:height\" content=\"1000\" \/>\n\t<meta property=\"og:image:type\" content=\"image\/jpeg\" \/>\n<meta name=\"author\" content=\"Hern\u00e1n L\u00f3pez\" \/>\n<meta name=\"twitter:card\" content=\"summary_large_image\" \/>\n<meta name=\"twitter:label1\" content=\"Escrito por\" \/>\n\t<meta name=\"twitter:data1\" content=\"Hern\u00e1n L\u00f3pez\" \/>\n\t<meta name=\"twitter:label2\" content=\"Tiempo de lectura\" \/>\n\t<meta name=\"twitter:data2\" content=\"2 minutos\" \/>\n<script type=\"application\/ld+json\" class=\"yoast-schema-graph\">{\"@context\":\"https:\\\/\\\/schema.org\",\"@graph\":[{\"@type\":\"Article\",\"@id\":\"https:\\\/\\\/diarioprincipios.com\\\/index.php\\\/2021\\\/01\\\/05\\\/mussi-participo-por-videollamada-de-la-reunion-que-encabezo-kicillof-con-intendentes-por-la-situacion-sanitaria\\\/#article\",\"isPartOf\":{\"@id\":\"https:\\\/\\\/diarioprincipios.com\\\/index.php\\\/2021\\\/01\\\/05\\\/mussi-participo-por-videollamada-de-la-reunion-que-encabezo-kicillof-con-intendentes-por-la-situacion-sanitaria\\\/\"},\"author\":{\"name\":\"Hern\u00e1n L\u00f3pez\",\"@id\":\"https:\\\/\\\/diarioprincipios.com\\\/#\\\/schema\\\/person\\\/436d5a1fd41a5e250e23ff5a6a7cb080\"},\"headline\":\"Mussi particip\u00f3 mediante videollamada de la reuni\u00f3n que encabez\u00f3 Kicillof con intendentes por la situaci\u00f3n sanitaria\",\"datePublished\":\"2021-01-06T00:14:34+00:00\",\"dateModified\":\"2021-01-06T01:17:30+00:00\",\"mainEntityOfPage\":{\"@id\":\"https:\\\/\\\/diarioprincipios.com\\\/index.php\\\/2021\\\/01\\\/05\\\/mussi-participo-por-videollamada-de-la-reunion-que-encabezo-kicillof-con-intendentes-por-la-situacion-sanitaria\\\/\"},\"wordCount\":336,\"commentCount\":0,\"publisher\":{\"@id\":\"https:\\\/\\\/diarioprincipios.com\\\/#organization\"},\"image\":{\"@id\":\"https:\\\/\\\/diarioprincipios.com\\\/index.php\\\/2021\\\/01\\\/05\\\/mussi-participo-por-videollamada-de-la-reunion-que-encabezo-kicillof-con-intendentes-por-la-situacion-sanitaria\\\/#primaryimage\"},\"thumbnailUrl\":\"https:\\\/\\\/diarioprincipios.com\\\/wp-content\\\/uploads\\\/2021\\\/01\\\/FB_IMG_1594941135410.jpg\",\"articleSection\":[\"Berazategui\"],\"inLanguage\":\"es\",\"potentialAction\":[{\"@type\":\"CommentAction\",\"name\":\"Comment\",\"target\":[\"https:\\\/\\\/diarioprincipios.com\\\/index.php\\\/2021\\\/01\\\/05\\\/mussi-participo-por-videollamada-de-la-reunion-que-encabezo-kicillof-con-intendentes-por-la-situacion-sanitaria\\\/#respond\"]}]},{\"@type\":\"WebPage\",\"@id\":\"https:\\\/\\\/diarioprincipios.com\\\/index.php\\\/2021\\\/01\\\/05\\\/mussi-participo-por-videollamada-de-la-reunion-que-encabezo-kicillof-con-intendentes-por-la-situacion-sanitaria\\\/\",\"url\":\"https:\\\/\\\/diarioprincipios.com\\\/index.php\\\/2021\\\/01\\\/05\\\/mussi-participo-por-videollamada-de-la-reunion-que-encabezo-kicillof-con-intendentes-por-la-situacion-sanitaria\\\/\",\"name\":\"Mussi particip\u00f3 mediante videollamada de la reuni\u00f3n que encabez\u00f3 Kicillof con intendentes por la situaci\u00f3n sanitaria - Principios\",\"isPartOf\":{\"@id\":\"https:\\\/\\\/diarioprincipios.com\\\/#website\"},\"primaryImageOfPage\":{\"@id\":\"https:\\\/\\\/diarioprincipios.com\\\/index.php\\\/2021\\\/01\\\/05\\\/mussi-participo-por-videollamada-de-la-reunion-que-encabezo-kicillof-con-intendentes-por-la-situacion-sanitaria\\\/#primaryimage\"},\"image\":{\"@id\":\"https:\\\/\\\/diarioprincipios.com\\\/index.php\\\/2021\\\/01\\\/05\\\/mussi-participo-por-videollamada-de-la-reunion-que-encabezo-kicillof-con-intendentes-por-la-situacion-sanitaria\\\/#primaryimage\"},\"thumbnailUrl\":\"https:\\\/\\\/diarioprincipios.com\\\/wp-content\\\/uploads\\\/2021\\\/01\\\/FB_IMG_1594941135410.jpg\",\"datePublished\":\"2021-01-06T00:14:34+00:00\",\"dateModified\":\"2021-01-06T01:17:30+00:00\",\"breadcrumb\":{\"@id\":\"https:\\\/\\\/diarioprincipios.com\\\/index.php\\\/2021\\\/01\\\/05\\\/mussi-participo-por-videollamada-de-la-reunion-que-encabezo-kicillof-con-intendentes-por-la-situacion-sanitaria\\\/#breadcrumb\"},\"inLanguage\":\"es\",\"potentialAction\":[{\"@type\":\"ReadAction\",\"target\":[\"https:\\\/\\\/diarioprincipios.com\\\/index.php\\\/2021\\\/01\\\/05\\\/mussi-participo-por-videollamada-de-la-reunion-que-encabezo-kicillof-con-intendentes-por-la-situacion-sanitaria\\\/\"]}]},{\"@type\":\"ImageObject\",\"inLanguage\":\"es\",\"@id\":\"https:\\\/\\\/diarioprincipios.com\\\/index.php\\\/2021\\\/01\\\/05\\\/mussi-participo-por-videollamada-de-la-reunion-que-encabezo-kicillof-con-intendentes-por-la-situacion-sanitaria\\\/#primaryimage\",\"url\":\"https:\\\/\\\/diarioprincipios.com\\\/wp-content\\\/uploads\\\/2021\\\/01\\\/FB_IMG_1594941135410.jpg\",\"contentUrl\":\"https:\\\/\\\/diarioprincipios.com\\\/wp-content\\\/uploads\\\/2021\\\/01\\\/FB_IMG_1594941135410.jpg\",\"width\":1000,\"height\":1000},{\"@type\":\"BreadcrumbList\",\"@id\":\"https:\\\/\\\/diarioprincipios.com\\\/index.php\\\/2021\\\/01\\\/05\\\/mussi-participo-por-videollamada-de-la-reunion-que-encabezo-kicillof-con-intendentes-por-la-situacion-sanitaria\\\/#breadcrumb\",\"itemListElement\":[{\"@type\":\"ListItem\",\"position\":1,\"name\":\"Portada\",\"item\":\"https:\\\/\\\/diarioprincipios.com\\\/\"},{\"@type\":\"ListItem\",\"position\":2,\"name\":\"Mussi particip\u00f3 mediante videollamada de la reuni\u00f3n que encabez\u00f3 Kicillof con intendentes por la situaci\u00f3n sanitaria\"}]},{\"@type\":\"WebSite\",\"@id\":\"https:\\\/\\\/diarioprincipios.com\\\/#website\",\"url\":\"https:\\\/\\\/diarioprincipios.com\\\/\",\"name\":\"Principios\",\"description\":\"Principios Diario\",\"publisher\":{\"@id\":\"https:\\\/\\\/diarioprincipios.com\\\/#organization\"},\"potentialAction\":[{\"@type\":\"SearchAction\",\"target\":{\"@type\":\"EntryPoint\",\"urlTemplate\":\"https:\\\/\\\/diarioprincipios.com\\\/?s={search_term_string}\"},\"query-input\":{\"@type\":\"PropertyValueSpecification\",\"valueRequired\":true,\"valueName\":\"search_term_string\"}}],\"inLanguage\":\"es\"},{\"@type\":\"Organization\",\"@id\":\"https:\\\/\\\/diarioprincipios.com\\\/#organization\",\"name\":\"Principios\",\"url\":\"https:\\\/\\\/diarioprincipios.com\\\/\",\"logo\":{\"@type\":\"ImageObject\",\"inLanguage\":\"es\",\"@id\":\"https:\\\/\\\/diarioprincipios.com\\\/#\\\/schema\\\/logo\\\/image\\\/\",\"url\":\"https:\\\/\\\/diarioprincipios.com\\\/wp-content\\\/uploads\\\/2024\\\/04\\\/cropped-www.diarioprincipios.com_-1.png\",\"contentUrl\":\"https:\\\/\\\/diarioprincipios.com\\\/wp-content\\\/uploads\\\/2024\\\/04\\\/cropped-www.diarioprincipios.com_-1.png\",\"width\":5325,\"height\":1454,\"caption\":\"Principios\"},\"image\":{\"@id\":\"https:\\\/\\\/diarioprincipios.com\\\/#\\\/schema\\\/logo\\\/image\\\/\"}},{\"@type\":\"Person\",\"@id\":\"https:\\\/\\\/diarioprincipios.com\\\/#\\\/schema\\\/person\\\/436d5a1fd41a5e250e23ff5a6a7cb080\",\"name\":\"Hern\u00e1n L\u00f3pez\",\"image\":{\"@type\":\"ImageObject\",\"inLanguage\":\"es\",\"@id\":\"https:\\\/\\\/diarioprincipios.com\\\/wp-content\\\/litespeed\\\/avatar\\\/11ddfe5610ff3bd100522525b2571f48.jpg?ver=1777048341\",\"url\":\"https:\\\/\\\/diarioprincipios.com\\\/wp-content\\\/litespeed\\\/avatar\\\/11ddfe5610ff3bd100522525b2571f48.jpg?ver=1777048341\",\"contentUrl\":\"https:\\\/\\\/diarioprincipios.com\\\/wp-content\\\/litespeed\\\/avatar\\\/11ddfe5610ff3bd100522525b2571f48.jpg?ver=1777048341\",\"caption\":\"Hern\u00e1n L\u00f3pez\"},\"url\":\"https:\\\/\\\/diarioprincipios.com\\\/index.php\\\/author\\\/hernan\\\/\"}]}<\/script>\n<!-- \/ Yoast SEO plugin. -->","yoast_head_json":{"title":"Mussi particip\u00f3 mediante videollamada de la reuni\u00f3n que encabez\u00f3 Kicillof con intendentes por la situaci\u00f3n sanitaria - Principios","robots":{"index":"index","follow":"follow","max-snippet":"max-snippet:-1","max-image-preview":"max-image-preview:large","max-video-preview":"max-video-preview:-1"},"canonical":"https:\/\/diarioprincipios.com\/index.php\/2021\/01\/05\/mussi-participo-por-videollamada-de-la-reunion-que-encabezo-kicillof-con-intendentes-por-la-situacion-sanitaria\/","og_locale":"es_ES","og_type":"article","og_title":"Mussi particip\u00f3 mediante videollamada de la reuni\u00f3n que encabez\u00f3 Kicillof con intendentes por la situaci\u00f3n sanitaria - Principios","og_description":"El intendente de Berazategui, Juan Jos\u00e9 Mussi, junto a otros jefes comunales, fue parte de un encuentro virtual-presencial encabezado por Axel Kicillof. Se analizaron la situaci\u00f3n sanitaria de los municipios y principalmente de las zonas tur\u00edsticas de la provincia, y los mecanismos de control y prevenci\u00f3n que se est\u00e1n implementando.La participaci\u00f3n de Juan Jos\u00e9 Mussi...","og_url":"https:\/\/diarioprincipios.com\/index.php\/2021\/01\/05\/mussi-participo-por-videollamada-de-la-reunion-que-encabezo-kicillof-con-intendentes-por-la-situacion-sanitaria\/","og_site_name":"Principios","article_published_time":"2021-01-06T00:14:34+00:00","article_modified_time":"2021-01-06T01:17:30+00:00","og_image":[{"width":1000,"height":1000,"url":"https:\/\/diarioprincipios.com\/wp-content\/uploads\/2021\/01\/FB_IMG_1594941135410.jpg","type":"image\/jpeg"}],"author":"Hern\u00e1n L\u00f3pez","twitter_card":"summary_large_image","twitter_misc":{"Escrito por":"Hern\u00e1n L\u00f3pez","Tiempo de lectura":"2 minutos"},"schema":{"@context":"https:\/\/schema.org","@graph":[{"@type":"Article","@id":"https:\/\/diarioprincipios.com\/index.php\/2021\/01\/05\/mussi-participo-por-videollamada-de-la-reunion-que-encabezo-kicillof-con-intendentes-por-la-situacion-sanitaria\/#article","isPartOf":{"@id":"https:\/\/diarioprincipios.com\/index.php\/2021\/01\/05\/mussi-participo-por-videollamada-de-la-reunion-que-encabezo-kicillof-con-intendentes-por-la-situacion-sanitaria\/"},"author":{"name":"Hern\u00e1n L\u00f3pez","@id":"https:\/\/diarioprincipios.com\/#\/schema\/person\/436d5a1fd41a5e250e23ff5a6a7cb080"},"headline":"Mussi particip\u00f3 mediante videollamada de la reuni\u00f3n que encabez\u00f3 Kicillof con intendentes por la situaci\u00f3n sanitaria","datePublished":"2021-01-06T00:14:34+00:00","dateModified":"2021-01-06T01:17:30+00:00","mainEntityOfPage":{"@id":"https:\/\/diarioprincipios.com\/index.php\/2021\/01\/05\/mussi-participo-por-videollamada-de-la-reunion-que-encabezo-kicillof-con-intendentes-por-la-situacion-sanitaria\/"},"wordCount":336,"commentCount":0,"publisher":{"@id":"https:\/\/diarioprincipios.com\/#organization"},"image":{"@id":"https:\/\/diarioprincipios.com\/index.php\/2021\/01\/05\/mussi-participo-por-videollamada-de-la-reunion-que-encabezo-kicillof-con-intendentes-por-la-situacion-sanitaria\/#primaryimage"},"thumbnailUrl":"https:\/\/diarioprincipios.com\/wp-content\/uploads\/2021\/01\/FB_IMG_1594941135410.jpg","articleSection":["Berazategui"],"inLanguage":"es","potentialAction":[{"@type":"CommentAction","name":"Comment","target":["https:\/\/diarioprincipios.com\/index.php\/2021\/01\/05\/mussi-participo-por-videollamada-de-la-reunion-que-encabezo-kicillof-con-intendentes-por-la-situacion-sanitaria\/#respond"]}]},{"@type":"WebPage","@id":"https:\/\/diarioprincipios.com\/index.php\/2021\/01\/05\/mussi-participo-por-videollamada-de-la-reunion-que-encabezo-kicillof-con-intendentes-por-la-situacion-sanitaria\/","url":"https:\/\/diarioprincipios.com\/index.php\/2021\/01\/05\/mussi-participo-por-videollamada-de-la-reunion-que-encabezo-kicillof-con-intendentes-por-la-situacion-sanitaria\/","name":"Mussi particip\u00f3 mediante videollamada de la reuni\u00f3n que encabez\u00f3 Kicillof con intendentes por la situaci\u00f3n sanitaria - Principios","isPartOf":{"@id":"https:\/\/diarioprincipios.com\/#website"},"primaryImageOfPage":{"@id":"https:\/\/diarioprincipios.com\/index.php\/2021\/01\/05\/mussi-participo-por-videollamada-de-la-reunion-que-encabezo-kicillof-con-intendentes-por-la-situacion-sanitaria\/#primaryimage"},"image":{"@id":"https:\/\/diarioprincipios.com\/index.php\/2021\/01\/05\/mussi-participo-por-videollamada-de-la-reunion-que-encabezo-kicillof-con-intendentes-por-la-situacion-sanitaria\/#primaryimage"},"thumbnailUrl":"https:\/\/diarioprincipios.com\/wp-content\/uploads\/2021\/01\/FB_IMG_1594941135410.jpg","datePublished":"2021-01-06T00:14:34+00:00","dateModified":"2021-01-06T01:17:30+00:00","breadcrumb":{"@id":"https:\/\/diarioprincipios.com\/index.php\/2021\/01\/05\/mussi-participo-por-videollamada-de-la-reunion-que-encabezo-kicillof-con-intendentes-por-la-situacion-sanitaria\/#breadcrumb"},"inLanguage":"es","potentialAction":[{"@type":"ReadAction","target":["https:\/\/diarioprincipios.com\/index.php\/2021\/01\/05\/mussi-participo-por-videollamada-de-la-reunion-que-encabezo-kicillof-con-intendentes-por-la-situacion-sanitaria\/"]}]},{"@type":"ImageObject","inLanguage":"es","@id":"https:\/\/diarioprincipios.com\/index.php\/2021\/01\/05\/mussi-participo-por-videollamada-de-la-reunion-que-encabezo-kicillof-con-intendentes-por-la-situacion-sanitaria\/#primaryimage","url":"https:\/\/diarioprincipios.com\/wp-content\/uploads\/2021\/01\/FB_IMG_1594941135410.jpg","contentUrl":"https:\/\/diarioprincipios.com\/wp-content\/uploads\/2021\/01\/FB_IMG_1594941135410.jpg","width":1000,"height":1000},{"@type":"BreadcrumbList","@id":"https:\/\/diarioprincipios.com\/index.php\/2021\/01\/05\/mussi-participo-por-videollamada-de-la-reunion-que-encabezo-kicillof-con-intendentes-por-la-situacion-sanitaria\/#breadcrumb","itemListElement":[{"@type":"ListItem","position":1,"name":"Portada","item":"https:\/\/diarioprincipios.com\/"},{"@type":"ListItem","position":2,"name":"Mussi particip\u00f3 mediante videollamada de la reuni\u00f3n que encabez\u00f3 Kicillof con intendentes por la situaci\u00f3n sanitaria"}]},{"@type":"WebSite","@id":"https:\/\/diarioprincipios.com\/#website","url":"https:\/\/diarioprincipios.com\/","name":"Principios","description":"Principios Diario","publisher":{"@id":"https:\/\/diarioprincipios.com\/#organization"},"potentialAction":[{"@type":"SearchAction","target":{"@type":"EntryPoint","urlTemplate":"https:\/\/diarioprincipios.com\/?s={search_term_string}"},"query-input":{"@type":"PropertyValueSpecification","valueRequired":true,"valueName":"search_term_string"}}],"inLanguage":"es"},{"@type":"Organization","@id":"https:\/\/diarioprincipios.com\/#organization","name":"Principios","url":"https:\/\/diarioprincipios.com\/","logo":{"@type":"ImageObject","inLanguage":"es","@id":"https:\/\/diarioprincipios.com\/#\/schema\/logo\/image\/","url":"https:\/\/diarioprincipios.com\/wp-content\/uploads\/2024\/04\/cropped-www.diarioprincipios.com_-1.png","contentUrl":"https:\/\/diarioprincipios.com\/wp-content\/uploads\/2024\/04\/cropped-www.diarioprincipios.com_-1.png","width":5325,"height":1454,"caption":"Principios"},"image":{"@id":"https:\/\/diarioprincipios.com\/#\/schema\/logo\/image\/"}},{"@type":"Person","@id":"https:\/\/diarioprincipios.com\/#\/schema\/person\/436d5a1fd41a5e250e23ff5a6a7cb080","name":"Hern\u00e1n L\u00f3pez","image":{"@type":"ImageObject","inLanguage":"es","@id":"https:\/\/diarioprincipios.com\/wp-content\/litespeed\/avatar\/11ddfe5610ff3bd100522525b2571f48.jpg?ver=1777048341","url":"https:\/\/diarioprincipios.com\/wp-content\/litespeed\/avatar\/11ddfe5610ff3bd100522525b2571f48.jpg?ver=1777048341","contentUrl":"https:\/\/diarioprincipios.com\/wp-content\/litespeed\/avatar\/11ddfe5610ff3bd100522525b2571f48.jpg?ver=1777048341","caption":"Hern\u00e1n L\u00f3pez"},"url":"https:\/\/diarioprincipios.com\/index.php\/author\/hernan\/"}]}},"jetpack_featured_media_url":"https:\/\/diarioprincipios.com\/wp-content\/uploads\/2021\/01\/FB_IMG_1594941135410.jpg","_links":{"self":[{"href":"https:\/\/diarioprincipios.com\/index.php\/wp-json\/wp\/v2\/posts\/8052","targetHints":{"allow":["GET"]}}],"collection":[{"href":"https:\/\/diarioprincipios.com\/index.php\/wp-json\/wp\/v2\/posts"}],"about":[{"href":"https:\/\/diarioprincipios.com\/index.php\/wp-json\/wp\/v2\/types\/post"}],"author":[{"embeddable":true,"href":"https:\/\/diarioprincipios.com\/index.php\/wp-json\/wp\/v2\/users\/2"}],"replies":[{"embeddable":true,"href":"https:\/\/diarioprincipios.com\/index.php\/wp-json\/wp\/v2\/comments?post=8052"}],"version-history":[{"count":2,"href":"https:\/\/diarioprincipios.com\/index.php\/wp-json\/wp\/v2\/posts\/8052\/revisions"}],"predecessor-version":[{"id":8055,"href":"https:\/\/diarioprincipios.com\/index.php\/wp-json\/wp\/v2\/posts\/8052\/revisions\/8055"}],"wp:featuredmedia":[{"embeddable":true,"href":"https:\/\/diarioprincipios.com\/index.php\/wp-json\/wp\/v2\/media\/8053"}],"wp:attachment":[{"href":"https:\/\/diarioprincipios.com\/index.php\/wp-json\/wp\/v2\/media?parent=8052"}],"wp:term":[{"taxonomy":"category","embeddable":true,"href":"https:\/\/diarioprincipios.com\/index.php\/wp-json\/wp\/v2\/categories?post=8052"},{"taxonomy":"post_tag","embeddable":true,"href":"https:\/\/diarioprincipios.com\/index.php\/wp-json\/wp\/v2\/tags?post=8052"}],"curies":[{"name":"wp","href":"https:\/\/api.w.org\/{rel}","templated":true}]}}