{"id":8040,"date":"2021-01-05T10:16:27","date_gmt":"2021-01-05T13:16:27","guid":{"rendered":"http:\/\/diarioprincipios.com\/?p=8040"},"modified":"2021-01-05T10:16:30","modified_gmt":"2021-01-05T13:16:30","slug":"continuan-operativos-de-vacunacion-y-castracion-de-mascotas-en-los-barrios","status":"publish","type":"post","link":"https:\/\/diarioprincipios.com\/index.php\/2021\/01\/05\/continuan-operativos-de-vacunacion-y-castracion-de-mascotas-en-los-barrios\/","title":{"rendered":"Contin\u00faan operativos de vacunaci\u00f3n y castraci\u00f3n de mascotas en los barrios"},"content":{"rendered":"\n<p><strong>La Cl\u00ednica Veterinaria Municipal de Berazategui refuerza los operativos de castraci\u00f3n y vacunaci\u00f3n de mascotas en los barrios, trasladando su equipo y quir\u00f3fano m\u00f3vil a las Sociedades de Fomento para asegurar la accesibilidad a los y las berazateguenses. En una de las \u00faltimas fechas programadas para el a\u00f1o 2020, se acerc\u00f3 el servicio de salud al barrio San Juan, en la Sociedad de Fomento Rigolleau.<\/strong><\/p>\n\n\n\n<p>All\u00ed, el director interino de la Cl\u00ednica, Jerem\u00edas Mc Hardy, explic\u00f3: \u201cEstamos recorriendo distintas zonas de Berazategui para vacunar y castrar mascotas.<\/p>\n\n\n\n<p>Por su parte, Griselda Fern\u00e1ndez, vecina del barrio San Juan, afirm\u00f3: \u201cTraje a mi perro, \u2018Negrito\u2019, para que lo castren. Es muy bueno el servicio que brindan; adem\u00e1s es gratis. En cambio, en una veterinaria es muy costosa la operaci\u00f3n\u201d.<\/p>\n\n\n\n<p><strong>Castraciones en la Cl\u00ednica Veterinaria Municipal<br><\/strong><br>La Cl\u00ednica Veterinaria brinda 10 turnos por d\u00eda, que se dan de una semana para la otra. Los mismos se pueden obtener de lunes a viernes a las 8.00, de manera presencial, para que los vecinos puedan llevar a castrar a sus mascotas, en forma gratuita.<\/p>\n\n\n\n<p>En el actual contexto de Distanciamiento Social, Preventivo y Obligatorio (DISPO), la Veterinaria Municipal dispone los siguientes requisitos: que los due\u00f1os de los animales se dirijan sin acompa\u00f1antes y respetando las medidas de prevenci\u00f3n establecidas contra el coronavirus (COVID-19), como la utilizaci\u00f3n de tapaboca, el distanciamiento social y sin presentar s\u00edntomas compatibles con el virus.<\/p>\n\n\n\n<p>Para poder acceder a esta intervenci\u00f3n quir\u00fargica, las mascotas deber\u00e1n ser trasladadas, solo con turno, a la Cl\u00ednica Municipal, ubicada en Av. Ranelagh entre Milazzo y 45, de la siguiente manera: en el caso de los perros, con correa y bozal; y de los gatos, dentro de una jaula o bolso. Los due\u00f1os de las mascotas, en tanto, deber\u00e1n presentar su DNI para acreditar que son vecinos de Berazategui.<\/p>\n\n\n\n<p>El animal debe estar en ayunas (de comida y agua) desde 12 horas antes de la cirug\u00eda; no debe presentar s\u00edntomas de una enfermedad infecciosa y\/o parasitaria, como la sarna; debe estar en perfectas condiciones de higiene y libre de pulgas o garrapatas. Se debe tener en cuenta que solo se realizar\u00e1 la cirug\u00eda con la aprobaci\u00f3n del m\u00e9dico veterinario, quien evaluar\u00e1 el estado de salud de la mascota en el momento.<\/p>\n\n\n\n<p>Para solicitar el turno, es importante saber tambi\u00e9n cu\u00e1les son las edades para castrar a los animales:<\/p>\n\n\n\n<p>&#8211; Caninos hembras: a partir de los 8 meses. En caso de haber tenido cr\u00eda, deben pasar 2 meses despu\u00e9s del parto.<\/p>\n\n\n\n<p>&#8211; Caninos machos: a partir del a\u00f1o de edad.<\/p>\n\n\n\n<p>&#8211; Felinos hembras: a partir de los 6 meses. Si tuvieron cr\u00eda, debe pasar un mes despu\u00e9s del parto.<\/p>\n\n\n\n<p>&#8211; Felinos machos: a partir del a\u00f1o de edad.<\/p>\n\n\n\n<figure class=\"wp-block-image\"><img decoding=\"async\" src=\"https:\/\/ecp.yusercontent.com\/mail?url=https%3A%2F%2Fdocs.google.com%2Fuc%3Fexport%3Ddownload%26id%3D13lWTl-UKjUIUOUzDb24JRVA7nIBYROU4%26revid%3D0B6RjUTSRAadldlpIQ0xsWHRRZDFUbktWSUNSMDJnYTlRdktvPQ&amp;t=1609791042&amp;ymreqid=5799fcab-b43d-2794-2268-850001013700&amp;sig=6OqDir_k9Qp9umJ8eiBDmw--~D\" alt=\"\"\/><\/figure>\n","protected":false},"excerpt":{"rendered":"<p>La Cl\u00ednica Veterinaria Municipal de Berazategui refuerza los operativos de castraci\u00f3n y vacunaci\u00f3n de mascotas en los barrios, trasladando su equipo y quir\u00f3fano m\u00f3vil a las Sociedades de Fomento para asegurar la accesibilidad a los y las berazateguenses. En una de las \u00faltimas fechas programadas para el a\u00f1o 2020, se acerc\u00f3 el servicio de salud&#8230;<\/p>\n","protected":false},"author":2,"featured_media":8041,"comment_status":"open","ping_status":"open","sticky":false,"template":"","format":"standard","meta":{"footnotes":""},"categories":[3],"tags":[],"class_list":["post-8040","post","type-post","status-publish","format-standard","has-post-thumbnail","hentry","category-berazategui"],"featured_image_src":"https:\/\/diarioprincipios.com\/wp-content\/uploads\/2021\/01\/20210105_101301-1024x597.jpg","blog_images":{"medium":"https:\/\/diarioprincipios.com\/wp-content\/uploads\/2021\/01\/20210105_101301-300x175.jpg","large":"https:\/\/diarioprincipios.com\/wp-content\/uploads\/2021\/01\/20210105_101301-1024x597.jpg"},"ams_acf":[],"yoast_head":"<!-- This site is optimized with the Yoast SEO plugin v27.3 - https:\/\/yoast.com\/product\/yoast-seo-wordpress\/ -->\n<title>Contin\u00faan operativos de vacunaci\u00f3n y castraci\u00f3n de mascotas en los barrios - Principios<\/title>\n<meta name=\"robots\" content=\"index, follow, max-snippet:-1, max-image-preview:large, max-video-preview:-1\" \/>\n<link rel=\"canonical\" href=\"https:\/\/diarioprincipios.com\/index.php\/2021\/01\/05\/continuan-operativos-de-vacunacion-y-castracion-de-mascotas-en-los-barrios\/\" \/>\n<meta property=\"og:locale\" content=\"es_ES\" \/>\n<meta property=\"og:type\" content=\"article\" \/>\n<meta property=\"og:title\" content=\"Contin\u00faan operativos de vacunaci\u00f3n y castraci\u00f3n de mascotas en los barrios - Principios\" \/>\n<meta property=\"og:description\" content=\"La Cl\u00ednica Veterinaria Municipal de Berazategui refuerza los operativos de castraci\u00f3n y vacunaci\u00f3n de mascotas en los barrios, trasladando su equipo y quir\u00f3fano m\u00f3vil a las Sociedades de Fomento para asegurar la accesibilidad a los y las berazateguenses. En una de las \u00faltimas fechas programadas para el a\u00f1o 2020, se acerc\u00f3 el servicio de salud...\" \/>\n<meta property=\"og:url\" content=\"https:\/\/diarioprincipios.com\/index.php\/2021\/01\/05\/continuan-operativos-de-vacunacion-y-castracion-de-mascotas-en-los-barrios\/\" \/>\n<meta property=\"og:site_name\" content=\"Principios\" \/>\n<meta property=\"article:published_time\" content=\"2021-01-05T13:16:27+00:00\" \/>\n<meta property=\"article:modified_time\" content=\"2021-01-05T13:16:30+00:00\" \/>\n<meta property=\"og:image\" content=\"https:\/\/diarioprincipios.com\/wp-content\/uploads\/2021\/01\/20210105_101301.jpg\" \/>\n\t<meta property=\"og:image:width\" content=\"1865\" \/>\n\t<meta property=\"og:image:height\" content=\"1087\" \/>\n\t<meta property=\"og:image:type\" content=\"image\/jpeg\" \/>\n<meta name=\"author\" content=\"Hern\u00e1n L\u00f3pez\" \/>\n<meta name=\"twitter:card\" content=\"summary_large_image\" \/>\n<meta name=\"twitter:label1\" content=\"Escrito por\" \/>\n\t<meta name=\"twitter:data1\" content=\"Hern\u00e1n L\u00f3pez\" \/>\n\t<meta name=\"twitter:label2\" content=\"Tiempo de lectura\" \/>\n\t<meta name=\"twitter:data2\" content=\"2 minutos\" \/>\n<script type=\"application\/ld+json\" class=\"yoast-schema-graph\">{\"@context\":\"https:\\\/\\\/schema.org\",\"@graph\":[{\"@type\":\"Article\",\"@id\":\"https:\\\/\\\/diarioprincipios.com\\\/index.php\\\/2021\\\/01\\\/05\\\/continuan-operativos-de-vacunacion-y-castracion-de-mascotas-en-los-barrios\\\/#article\",\"isPartOf\":{\"@id\":\"https:\\\/\\\/diarioprincipios.com\\\/index.php\\\/2021\\\/01\\\/05\\\/continuan-operativos-de-vacunacion-y-castracion-de-mascotas-en-los-barrios\\\/\"},\"author\":{\"name\":\"Hern\u00e1n L\u00f3pez\",\"@id\":\"https:\\\/\\\/diarioprincipios.com\\\/#\\\/schema\\\/person\\\/436d5a1fd41a5e250e23ff5a6a7cb080\"},\"headline\":\"Contin\u00faan operativos de vacunaci\u00f3n y castraci\u00f3n de mascotas en los barrios\",\"datePublished\":\"2021-01-05T13:16:27+00:00\",\"dateModified\":\"2021-01-05T13:16:30+00:00\",\"mainEntityOfPage\":{\"@id\":\"https:\\\/\\\/diarioprincipios.com\\\/index.php\\\/2021\\\/01\\\/05\\\/continuan-operativos-de-vacunacion-y-castracion-de-mascotas-en-los-barrios\\\/\"},\"wordCount\":496,\"commentCount\":0,\"publisher\":{\"@id\":\"https:\\\/\\\/diarioprincipios.com\\\/#organization\"},\"image\":{\"@id\":\"https:\\\/\\\/diarioprincipios.com\\\/index.php\\\/2021\\\/01\\\/05\\\/continuan-operativos-de-vacunacion-y-castracion-de-mascotas-en-los-barrios\\\/#primaryimage\"},\"thumbnailUrl\":\"https:\\\/\\\/diarioprincipios.com\\\/wp-content\\\/uploads\\\/2021\\\/01\\\/20210105_101301.jpg\",\"articleSection\":[\"Berazategui\"],\"inLanguage\":\"es\",\"potentialAction\":[{\"@type\":\"CommentAction\",\"name\":\"Comment\",\"target\":[\"https:\\\/\\\/diarioprincipios.com\\\/index.php\\\/2021\\\/01\\\/05\\\/continuan-operativos-de-vacunacion-y-castracion-de-mascotas-en-los-barrios\\\/#respond\"]}]},{\"@type\":\"WebPage\",\"@id\":\"https:\\\/\\\/diarioprincipios.com\\\/index.php\\\/2021\\\/01\\\/05\\\/continuan-operativos-de-vacunacion-y-castracion-de-mascotas-en-los-barrios\\\/\",\"url\":\"https:\\\/\\\/diarioprincipios.com\\\/index.php\\\/2021\\\/01\\\/05\\\/continuan-operativos-de-vacunacion-y-castracion-de-mascotas-en-los-barrios\\\/\",\"name\":\"Contin\u00faan operativos de vacunaci\u00f3n y castraci\u00f3n de mascotas en los barrios - Principios\",\"isPartOf\":{\"@id\":\"https:\\\/\\\/diarioprincipios.com\\\/#website\"},\"primaryImageOfPage\":{\"@id\":\"https:\\\/\\\/diarioprincipios.com\\\/index.php\\\/2021\\\/01\\\/05\\\/continuan-operativos-de-vacunacion-y-castracion-de-mascotas-en-los-barrios\\\/#primaryimage\"},\"image\":{\"@id\":\"https:\\\/\\\/diarioprincipios.com\\\/index.php\\\/2021\\\/01\\\/05\\\/continuan-operativos-de-vacunacion-y-castracion-de-mascotas-en-los-barrios\\\/#primaryimage\"},\"thumbnailUrl\":\"https:\\\/\\\/diarioprincipios.com\\\/wp-content\\\/uploads\\\/2021\\\/01\\\/20210105_101301.jpg\",\"datePublished\":\"2021-01-05T13:16:27+00:00\",\"dateModified\":\"2021-01-05T13:16:30+00:00\",\"breadcrumb\":{\"@id\":\"https:\\\/\\\/diarioprincipios.com\\\/index.php\\\/2021\\\/01\\\/05\\\/continuan-operativos-de-vacunacion-y-castracion-de-mascotas-en-los-barrios\\\/#breadcrumb\"},\"inLanguage\":\"es\",\"potentialAction\":[{\"@type\":\"ReadAction\",\"target\":[\"https:\\\/\\\/diarioprincipios.com\\\/index.php\\\/2021\\\/01\\\/05\\\/continuan-operativos-de-vacunacion-y-castracion-de-mascotas-en-los-barrios\\\/\"]}]},{\"@type\":\"ImageObject\",\"inLanguage\":\"es\",\"@id\":\"https:\\\/\\\/diarioprincipios.com\\\/index.php\\\/2021\\\/01\\\/05\\\/continuan-operativos-de-vacunacion-y-castracion-de-mascotas-en-los-barrios\\\/#primaryimage\",\"url\":\"https:\\\/\\\/diarioprincipios.com\\\/wp-content\\\/uploads\\\/2021\\\/01\\\/20210105_101301.jpg\",\"contentUrl\":\"https:\\\/\\\/diarioprincipios.com\\\/wp-content\\\/uploads\\\/2021\\\/01\\\/20210105_101301.jpg\",\"width\":1865,\"height\":1087},{\"@type\":\"BreadcrumbList\",\"@id\":\"https:\\\/\\\/diarioprincipios.com\\\/index.php\\\/2021\\\/01\\\/05\\\/continuan-operativos-de-vacunacion-y-castracion-de-mascotas-en-los-barrios\\\/#breadcrumb\",\"itemListElement\":[{\"@type\":\"ListItem\",\"position\":1,\"name\":\"Portada\",\"item\":\"https:\\\/\\\/diarioprincipios.com\\\/\"},{\"@type\":\"ListItem\",\"position\":2,\"name\":\"Contin\u00faan operativos de vacunaci\u00f3n y castraci\u00f3n de mascotas en los barrios\"}]},{\"@type\":\"WebSite\",\"@id\":\"https:\\\/\\\/diarioprincipios.com\\\/#website\",\"url\":\"https:\\\/\\\/diarioprincipios.com\\\/\",\"name\":\"Principios\",\"description\":\"Principios Diario\",\"publisher\":{\"@id\":\"https:\\\/\\\/diarioprincipios.com\\\/#organization\"},\"potentialAction\":[{\"@type\":\"SearchAction\",\"target\":{\"@type\":\"EntryPoint\",\"urlTemplate\":\"https:\\\/\\\/diarioprincipios.com\\\/?s={search_term_string}\"},\"query-input\":{\"@type\":\"PropertyValueSpecification\",\"valueRequired\":true,\"valueName\":\"search_term_string\"}}],\"inLanguage\":\"es\"},{\"@type\":\"Organization\",\"@id\":\"https:\\\/\\\/diarioprincipios.com\\\/#organization\",\"name\":\"Principios\",\"url\":\"https:\\\/\\\/diarioprincipios.com\\\/\",\"logo\":{\"@type\":\"ImageObject\",\"inLanguage\":\"es\",\"@id\":\"https:\\\/\\\/diarioprincipios.com\\\/#\\\/schema\\\/logo\\\/image\\\/\",\"url\":\"https:\\\/\\\/diarioprincipios.com\\\/wp-content\\\/uploads\\\/2024\\\/04\\\/cropped-www.diarioprincipios.com_-1.png\",\"contentUrl\":\"https:\\\/\\\/diarioprincipios.com\\\/wp-content\\\/uploads\\\/2024\\\/04\\\/cropped-www.diarioprincipios.com_-1.png\",\"width\":5325,\"height\":1454,\"caption\":\"Principios\"},\"image\":{\"@id\":\"https:\\\/\\\/diarioprincipios.com\\\/#\\\/schema\\\/logo\\\/image\\\/\"}},{\"@type\":\"Person\",\"@id\":\"https:\\\/\\\/diarioprincipios.com\\\/#\\\/schema\\\/person\\\/436d5a1fd41a5e250e23ff5a6a7cb080\",\"name\":\"Hern\u00e1n L\u00f3pez\",\"image\":{\"@type\":\"ImageObject\",\"inLanguage\":\"es\",\"@id\":\"https:\\\/\\\/diarioprincipios.com\\\/wp-content\\\/litespeed\\\/avatar\\\/11ddfe5610ff3bd100522525b2571f48.jpg?ver=1777048341\",\"url\":\"https:\\\/\\\/diarioprincipios.com\\\/wp-content\\\/litespeed\\\/avatar\\\/11ddfe5610ff3bd100522525b2571f48.jpg?ver=1777048341\",\"contentUrl\":\"https:\\\/\\\/diarioprincipios.com\\\/wp-content\\\/litespeed\\\/avatar\\\/11ddfe5610ff3bd100522525b2571f48.jpg?ver=1777048341\",\"caption\":\"Hern\u00e1n L\u00f3pez\"},\"url\":\"https:\\\/\\\/diarioprincipios.com\\\/index.php\\\/author\\\/hernan\\\/\"}]}<\/script>\n<!-- \/ Yoast SEO plugin. -->","yoast_head_json":{"title":"Contin\u00faan operativos de vacunaci\u00f3n y castraci\u00f3n de mascotas en los barrios - Principios","robots":{"index":"index","follow":"follow","max-snippet":"max-snippet:-1","max-image-preview":"max-image-preview:large","max-video-preview":"max-video-preview:-1"},"canonical":"https:\/\/diarioprincipios.com\/index.php\/2021\/01\/05\/continuan-operativos-de-vacunacion-y-castracion-de-mascotas-en-los-barrios\/","og_locale":"es_ES","og_type":"article","og_title":"Contin\u00faan operativos de vacunaci\u00f3n y castraci\u00f3n de mascotas en los barrios - Principios","og_description":"La Cl\u00ednica Veterinaria Municipal de Berazategui refuerza los operativos de castraci\u00f3n y vacunaci\u00f3n de mascotas en los barrios, trasladando su equipo y quir\u00f3fano m\u00f3vil a las Sociedades de Fomento para asegurar la accesibilidad a los y las berazateguenses. En una de las \u00faltimas fechas programadas para el a\u00f1o 2020, se acerc\u00f3 el servicio de salud...","og_url":"https:\/\/diarioprincipios.com\/index.php\/2021\/01\/05\/continuan-operativos-de-vacunacion-y-castracion-de-mascotas-en-los-barrios\/","og_site_name":"Principios","article_published_time":"2021-01-05T13:16:27+00:00","article_modified_time":"2021-01-05T13:16:30+00:00","og_image":[{"width":1865,"height":1087,"url":"https:\/\/diarioprincipios.com\/wp-content\/uploads\/2021\/01\/20210105_101301.jpg","type":"image\/jpeg"}],"author":"Hern\u00e1n L\u00f3pez","twitter_card":"summary_large_image","twitter_misc":{"Escrito por":"Hern\u00e1n L\u00f3pez","Tiempo de lectura":"2 minutos"},"schema":{"@context":"https:\/\/schema.org","@graph":[{"@type":"Article","@id":"https:\/\/diarioprincipios.com\/index.php\/2021\/01\/05\/continuan-operativos-de-vacunacion-y-castracion-de-mascotas-en-los-barrios\/#article","isPartOf":{"@id":"https:\/\/diarioprincipios.com\/index.php\/2021\/01\/05\/continuan-operativos-de-vacunacion-y-castracion-de-mascotas-en-los-barrios\/"},"author":{"name":"Hern\u00e1n L\u00f3pez","@id":"https:\/\/diarioprincipios.com\/#\/schema\/person\/436d5a1fd41a5e250e23ff5a6a7cb080"},"headline":"Contin\u00faan operativos de vacunaci\u00f3n y castraci\u00f3n de mascotas en los barrios","datePublished":"2021-01-05T13:16:27+00:00","dateModified":"2021-01-05T13:16:30+00:00","mainEntityOfPage":{"@id":"https:\/\/diarioprincipios.com\/index.php\/2021\/01\/05\/continuan-operativos-de-vacunacion-y-castracion-de-mascotas-en-los-barrios\/"},"wordCount":496,"commentCount":0,"publisher":{"@id":"https:\/\/diarioprincipios.com\/#organization"},"image":{"@id":"https:\/\/diarioprincipios.com\/index.php\/2021\/01\/05\/continuan-operativos-de-vacunacion-y-castracion-de-mascotas-en-los-barrios\/#primaryimage"},"thumbnailUrl":"https:\/\/diarioprincipios.com\/wp-content\/uploads\/2021\/01\/20210105_101301.jpg","articleSection":["Berazategui"],"inLanguage":"es","potentialAction":[{"@type":"CommentAction","name":"Comment","target":["https:\/\/diarioprincipios.com\/index.php\/2021\/01\/05\/continuan-operativos-de-vacunacion-y-castracion-de-mascotas-en-los-barrios\/#respond"]}]},{"@type":"WebPage","@id":"https:\/\/diarioprincipios.com\/index.php\/2021\/01\/05\/continuan-operativos-de-vacunacion-y-castracion-de-mascotas-en-los-barrios\/","url":"https:\/\/diarioprincipios.com\/index.php\/2021\/01\/05\/continuan-operativos-de-vacunacion-y-castracion-de-mascotas-en-los-barrios\/","name":"Contin\u00faan operativos de vacunaci\u00f3n y castraci\u00f3n de mascotas en los barrios - Principios","isPartOf":{"@id":"https:\/\/diarioprincipios.com\/#website"},"primaryImageOfPage":{"@id":"https:\/\/diarioprincipios.com\/index.php\/2021\/01\/05\/continuan-operativos-de-vacunacion-y-castracion-de-mascotas-en-los-barrios\/#primaryimage"},"image":{"@id":"https:\/\/diarioprincipios.com\/index.php\/2021\/01\/05\/continuan-operativos-de-vacunacion-y-castracion-de-mascotas-en-los-barrios\/#primaryimage"},"thumbnailUrl":"https:\/\/diarioprincipios.com\/wp-content\/uploads\/2021\/01\/20210105_101301.jpg","datePublished":"2021-01-05T13:16:27+00:00","dateModified":"2021-01-05T13:16:30+00:00","breadcrumb":{"@id":"https:\/\/diarioprincipios.com\/index.php\/2021\/01\/05\/continuan-operativos-de-vacunacion-y-castracion-de-mascotas-en-los-barrios\/#breadcrumb"},"inLanguage":"es","potentialAction":[{"@type":"ReadAction","target":["https:\/\/diarioprincipios.com\/index.php\/2021\/01\/05\/continuan-operativos-de-vacunacion-y-castracion-de-mascotas-en-los-barrios\/"]}]},{"@type":"ImageObject","inLanguage":"es","@id":"https:\/\/diarioprincipios.com\/index.php\/2021\/01\/05\/continuan-operativos-de-vacunacion-y-castracion-de-mascotas-en-los-barrios\/#primaryimage","url":"https:\/\/diarioprincipios.com\/wp-content\/uploads\/2021\/01\/20210105_101301.jpg","contentUrl":"https:\/\/diarioprincipios.com\/wp-content\/uploads\/2021\/01\/20210105_101301.jpg","width":1865,"height":1087},{"@type":"BreadcrumbList","@id":"https:\/\/diarioprincipios.com\/index.php\/2021\/01\/05\/continuan-operativos-de-vacunacion-y-castracion-de-mascotas-en-los-barrios\/#breadcrumb","itemListElement":[{"@type":"ListItem","position":1,"name":"Portada","item":"https:\/\/diarioprincipios.com\/"},{"@type":"ListItem","position":2,"name":"Contin\u00faan operativos de vacunaci\u00f3n y castraci\u00f3n de mascotas en los barrios"}]},{"@type":"WebSite","@id":"https:\/\/diarioprincipios.com\/#website","url":"https:\/\/diarioprincipios.com\/","name":"Principios","description":"Principios Diario","publisher":{"@id":"https:\/\/diarioprincipios.com\/#organization"},"potentialAction":[{"@type":"SearchAction","target":{"@type":"EntryPoint","urlTemplate":"https:\/\/diarioprincipios.com\/?s={search_term_string}"},"query-input":{"@type":"PropertyValueSpecification","valueRequired":true,"valueName":"search_term_string"}}],"inLanguage":"es"},{"@type":"Organization","@id":"https:\/\/diarioprincipios.com\/#organization","name":"Principios","url":"https:\/\/diarioprincipios.com\/","logo":{"@type":"ImageObject","inLanguage":"es","@id":"https:\/\/diarioprincipios.com\/#\/schema\/logo\/image\/","url":"https:\/\/diarioprincipios.com\/wp-content\/uploads\/2024\/04\/cropped-www.diarioprincipios.com_-1.png","contentUrl":"https:\/\/diarioprincipios.com\/wp-content\/uploads\/2024\/04\/cropped-www.diarioprincipios.com_-1.png","width":5325,"height":1454,"caption":"Principios"},"image":{"@id":"https:\/\/diarioprincipios.com\/#\/schema\/logo\/image\/"}},{"@type":"Person","@id":"https:\/\/diarioprincipios.com\/#\/schema\/person\/436d5a1fd41a5e250e23ff5a6a7cb080","name":"Hern\u00e1n L\u00f3pez","image":{"@type":"ImageObject","inLanguage":"es","@id":"https:\/\/diarioprincipios.com\/wp-content\/litespeed\/avatar\/11ddfe5610ff3bd100522525b2571f48.jpg?ver=1777048341","url":"https:\/\/diarioprincipios.com\/wp-content\/litespeed\/avatar\/11ddfe5610ff3bd100522525b2571f48.jpg?ver=1777048341","contentUrl":"https:\/\/diarioprincipios.com\/wp-content\/litespeed\/avatar\/11ddfe5610ff3bd100522525b2571f48.jpg?ver=1777048341","caption":"Hern\u00e1n L\u00f3pez"},"url":"https:\/\/diarioprincipios.com\/index.php\/author\/hernan\/"}]}},"jetpack_featured_media_url":"https:\/\/diarioprincipios.com\/wp-content\/uploads\/2021\/01\/20210105_101301.jpg","_links":{"self":[{"href":"https:\/\/diarioprincipios.com\/index.php\/wp-json\/wp\/v2\/posts\/8040","targetHints":{"allow":["GET"]}}],"collection":[{"href":"https:\/\/diarioprincipios.com\/index.php\/wp-json\/wp\/v2\/posts"}],"about":[{"href":"https:\/\/diarioprincipios.com\/index.php\/wp-json\/wp\/v2\/types\/post"}],"author":[{"embeddable":true,"href":"https:\/\/diarioprincipios.com\/index.php\/wp-json\/wp\/v2\/users\/2"}],"replies":[{"embeddable":true,"href":"https:\/\/diarioprincipios.com\/index.php\/wp-json\/wp\/v2\/comments?post=8040"}],"version-history":[{"count":1,"href":"https:\/\/diarioprincipios.com\/index.php\/wp-json\/wp\/v2\/posts\/8040\/revisions"}],"predecessor-version":[{"id":8042,"href":"https:\/\/diarioprincipios.com\/index.php\/wp-json\/wp\/v2\/posts\/8040\/revisions\/8042"}],"wp:featuredmedia":[{"embeddable":true,"href":"https:\/\/diarioprincipios.com\/index.php\/wp-json\/wp\/v2\/media\/8041"}],"wp:attachment":[{"href":"https:\/\/diarioprincipios.com\/index.php\/wp-json\/wp\/v2\/media?parent=8040"}],"wp:term":[{"taxonomy":"category","embeddable":true,"href":"https:\/\/diarioprincipios.com\/index.php\/wp-json\/wp\/v2\/categories?post=8040"},{"taxonomy":"post_tag","embeddable":true,"href":"https:\/\/diarioprincipios.com\/index.php\/wp-json\/wp\/v2\/tags?post=8040"}],"curies":[{"name":"wp","href":"https:\/\/api.w.org\/{rel}","templated":true}]}}