{"id":8037,"date":"2021-01-04T21:48:48","date_gmt":"2021-01-05T00:48:48","guid":{"rendered":"http:\/\/diarioprincipios.com\/?p=8037"},"modified":"2021-01-04T21:48:52","modified_gmt":"2021-01-05T00:48:52","slug":"boca-dio-un-comunicado-en-repudio-a-palabras-discriminatorias-de-relator-que-sigue-a-river","status":"publish","type":"post","link":"https:\/\/diarioprincipios.com\/index.php\/2021\/01\/04\/boca-dio-un-comunicado-en-repudio-a-palabras-discriminatorias-de-relator-que-sigue-a-river\/","title":{"rendered":"Boca dio un comunicado en repudio a palabras discriminatorias de relator que sigue a River"},"content":{"rendered":"\n<p>El departamento de prensa de Boca Juniors emiti\u00f3 esta noche un comunicado en repudio a las palabras del relator radial Atilio Costa Febre, que sigue la campa\u00f1a de River Plate y quien durante el supercl\u00e1sico del s\u00e1bado pasado utiliz\u00f3 las palabras \u00abmono\u00bb y \u00absimio\u00bb cuando apareci\u00f3 un jugador \u00abxeneize\u00bb en primer plano en la transmisi\u00f3n de televisi\u00f3n.<\/p>\n\n\n\n<p>La cabeza del comunicado dice: \u00abAnte las expresiones discriminatorias y descalificantes del periodista Atilio Costa Febre contra un jugador de nuestro equipo durante el partido del s\u00e1bado, queremos compartir nuestra preocupaci\u00f3n y repudio\u00bb.<\/p>\n\n\n\n<p>Cabe destacar que el periodista en las redes sociales pidi\u00f3 esta tarde disculpas con otro texto: \u00abAnte un comentario m\u00edo sobre el final de la transmisi\u00f3n del s\u00e1bado, no quise ofender o agredir a nadie en particular y lamento si as\u00ed fue interpretado. En 30 a\u00f1os con River, mi audiencia y colegas saben de mi respeto a jugadores e hinchas de Boca\u00bb.<\/p>\n\n\n\n<p>El cierre del escrito boquense sostiene que desde \u00abel club, mediante talleres, charlas y campa\u00f1as espec\u00edficas, se vienen llevando adelante activas pol\u00edticas para desterrar todo tipo de discriminaci\u00f3n, y consideramos que todo el f\u00fatbol debe asumir un fuerte compromiso para que nadie vea cercenados sus derechos por su condici\u00f3n de raza, religi\u00f3n, ideas, sexo o nacionalidad\u00bb.<\/p>\n","protected":false},"excerpt":{"rendered":"<p>El departamento de prensa de Boca Juniors emiti\u00f3 esta noche un comunicado en repudio a las palabras del relator radial Atilio Costa Febre, que sigue la campa\u00f1a de River Plate y quien durante el supercl\u00e1sico del s\u00e1bado pasado utiliz\u00f3 las palabras \u00abmono\u00bb y \u00absimio\u00bb cuando apareci\u00f3 un jugador \u00abxeneize\u00bb en primer plano en la transmisi\u00f3n&#8230;<\/p>\n","protected":false},"author":2,"featured_media":8038,"comment_status":"open","ping_status":"open","sticky":false,"template":"","format":"standard","meta":{"footnotes":""},"categories":[6],"tags":[],"class_list":["post-8037","post","type-post","status-publish","format-standard","has-post-thumbnail","hentry","category-deportes"],"featured_image_src":"https:\/\/diarioprincipios.com\/wp-content\/uploads\/2021\/01\/20210104_214709-1024x617.jpg","blog_images":{"medium":"https:\/\/diarioprincipios.com\/wp-content\/uploads\/2021\/01\/20210104_214709-300x181.jpg","large":"https:\/\/diarioprincipios.com\/wp-content\/uploads\/2021\/01\/20210104_214709-1024x617.jpg"},"ams_acf":[],"yoast_head":"<!-- This site is optimized with the Yoast SEO plugin v27.3 - https:\/\/yoast.com\/product\/yoast-seo-wordpress\/ -->\n<title>Boca dio un comunicado en repudio a palabras discriminatorias de relator que sigue a River - Principios<\/title>\n<meta name=\"robots\" content=\"index, follow, max-snippet:-1, max-image-preview:large, max-video-preview:-1\" \/>\n<link rel=\"canonical\" href=\"https:\/\/diarioprincipios.com\/index.php\/2021\/01\/04\/boca-dio-un-comunicado-en-repudio-a-palabras-discriminatorias-de-relator-que-sigue-a-river\/\" \/>\n<meta property=\"og:locale\" content=\"es_ES\" \/>\n<meta property=\"og:type\" content=\"article\" \/>\n<meta property=\"og:title\" content=\"Boca dio un comunicado en repudio a palabras discriminatorias de relator que sigue a River - Principios\" \/>\n<meta property=\"og:description\" content=\"El departamento de prensa de Boca Juniors emiti\u00f3 esta noche un comunicado en repudio a las palabras del relator radial Atilio Costa Febre, que sigue la campa\u00f1a de River Plate y quien durante el supercl\u00e1sico del s\u00e1bado pasado utiliz\u00f3 las palabras \u00abmono\u00bb y \u00absimio\u00bb cuando apareci\u00f3 un jugador \u00abxeneize\u00bb en primer plano en la transmisi\u00f3n...\" \/>\n<meta property=\"og:url\" content=\"https:\/\/diarioprincipios.com\/index.php\/2021\/01\/04\/boca-dio-un-comunicado-en-repudio-a-palabras-discriminatorias-de-relator-que-sigue-a-river\/\" \/>\n<meta property=\"og:site_name\" content=\"Principios\" \/>\n<meta property=\"article:published_time\" content=\"2021-01-05T00:48:48+00:00\" \/>\n<meta property=\"article:modified_time\" content=\"2021-01-05T00:48:52+00:00\" \/>\n<meta property=\"og:image\" content=\"https:\/\/diarioprincipios.com\/wp-content\/uploads\/2021\/01\/20210104_214709.jpg\" \/>\n\t<meta property=\"og:image:width\" content=\"1331\" \/>\n\t<meta property=\"og:image:height\" content=\"802\" \/>\n\t<meta property=\"og:image:type\" content=\"image\/jpeg\" \/>\n<meta name=\"author\" content=\"Hern\u00e1n L\u00f3pez\" \/>\n<meta name=\"twitter:card\" content=\"summary_large_image\" \/>\n<meta name=\"twitter:label1\" content=\"Escrito por\" \/>\n\t<meta name=\"twitter:data1\" content=\"Hern\u00e1n L\u00f3pez\" \/>\n\t<meta name=\"twitter:label2\" content=\"Tiempo de lectura\" \/>\n\t<meta name=\"twitter:data2\" content=\"1 minuto\" \/>\n<script type=\"application\/ld+json\" class=\"yoast-schema-graph\">{\"@context\":\"https:\\\/\\\/schema.org\",\"@graph\":[{\"@type\":\"Article\",\"@id\":\"https:\\\/\\\/diarioprincipios.com\\\/index.php\\\/2021\\\/01\\\/04\\\/boca-dio-un-comunicado-en-repudio-a-palabras-discriminatorias-de-relator-que-sigue-a-river\\\/#article\",\"isPartOf\":{\"@id\":\"https:\\\/\\\/diarioprincipios.com\\\/index.php\\\/2021\\\/01\\\/04\\\/boca-dio-un-comunicado-en-repudio-a-palabras-discriminatorias-de-relator-que-sigue-a-river\\\/\"},\"author\":{\"name\":\"Hern\u00e1n L\u00f3pez\",\"@id\":\"https:\\\/\\\/diarioprincipios.com\\\/#\\\/schema\\\/person\\\/436d5a1fd41a5e250e23ff5a6a7cb080\"},\"headline\":\"Boca dio un comunicado en repudio a palabras discriminatorias de relator que sigue a River\",\"datePublished\":\"2021-01-05T00:48:48+00:00\",\"dateModified\":\"2021-01-05T00:48:52+00:00\",\"mainEntityOfPage\":{\"@id\":\"https:\\\/\\\/diarioprincipios.com\\\/index.php\\\/2021\\\/01\\\/04\\\/boca-dio-un-comunicado-en-repudio-a-palabras-discriminatorias-de-relator-que-sigue-a-river\\\/\"},\"wordCount\":240,\"commentCount\":0,\"publisher\":{\"@id\":\"https:\\\/\\\/diarioprincipios.com\\\/#organization\"},\"image\":{\"@id\":\"https:\\\/\\\/diarioprincipios.com\\\/index.php\\\/2021\\\/01\\\/04\\\/boca-dio-un-comunicado-en-repudio-a-palabras-discriminatorias-de-relator-que-sigue-a-river\\\/#primaryimage\"},\"thumbnailUrl\":\"https:\\\/\\\/diarioprincipios.com\\\/wp-content\\\/uploads\\\/2021\\\/01\\\/20210104_214709.jpg\",\"articleSection\":[\"Deportes\"],\"inLanguage\":\"es\",\"potentialAction\":[{\"@type\":\"CommentAction\",\"name\":\"Comment\",\"target\":[\"https:\\\/\\\/diarioprincipios.com\\\/index.php\\\/2021\\\/01\\\/04\\\/boca-dio-un-comunicado-en-repudio-a-palabras-discriminatorias-de-relator-que-sigue-a-river\\\/#respond\"]}]},{\"@type\":\"WebPage\",\"@id\":\"https:\\\/\\\/diarioprincipios.com\\\/index.php\\\/2021\\\/01\\\/04\\\/boca-dio-un-comunicado-en-repudio-a-palabras-discriminatorias-de-relator-que-sigue-a-river\\\/\",\"url\":\"https:\\\/\\\/diarioprincipios.com\\\/index.php\\\/2021\\\/01\\\/04\\\/boca-dio-un-comunicado-en-repudio-a-palabras-discriminatorias-de-relator-que-sigue-a-river\\\/\",\"name\":\"Boca dio un comunicado en repudio a palabras discriminatorias de relator que sigue a River - Principios\",\"isPartOf\":{\"@id\":\"https:\\\/\\\/diarioprincipios.com\\\/#website\"},\"primaryImageOfPage\":{\"@id\":\"https:\\\/\\\/diarioprincipios.com\\\/index.php\\\/2021\\\/01\\\/04\\\/boca-dio-un-comunicado-en-repudio-a-palabras-discriminatorias-de-relator-que-sigue-a-river\\\/#primaryimage\"},\"image\":{\"@id\":\"https:\\\/\\\/diarioprincipios.com\\\/index.php\\\/2021\\\/01\\\/04\\\/boca-dio-un-comunicado-en-repudio-a-palabras-discriminatorias-de-relator-que-sigue-a-river\\\/#primaryimage\"},\"thumbnailUrl\":\"https:\\\/\\\/diarioprincipios.com\\\/wp-content\\\/uploads\\\/2021\\\/01\\\/20210104_214709.jpg\",\"datePublished\":\"2021-01-05T00:48:48+00:00\",\"dateModified\":\"2021-01-05T00:48:52+00:00\",\"breadcrumb\":{\"@id\":\"https:\\\/\\\/diarioprincipios.com\\\/index.php\\\/2021\\\/01\\\/04\\\/boca-dio-un-comunicado-en-repudio-a-palabras-discriminatorias-de-relator-que-sigue-a-river\\\/#breadcrumb\"},\"inLanguage\":\"es\",\"potentialAction\":[{\"@type\":\"ReadAction\",\"target\":[\"https:\\\/\\\/diarioprincipios.com\\\/index.php\\\/2021\\\/01\\\/04\\\/boca-dio-un-comunicado-en-repudio-a-palabras-discriminatorias-de-relator-que-sigue-a-river\\\/\"]}]},{\"@type\":\"ImageObject\",\"inLanguage\":\"es\",\"@id\":\"https:\\\/\\\/diarioprincipios.com\\\/index.php\\\/2021\\\/01\\\/04\\\/boca-dio-un-comunicado-en-repudio-a-palabras-discriminatorias-de-relator-que-sigue-a-river\\\/#primaryimage\",\"url\":\"https:\\\/\\\/diarioprincipios.com\\\/wp-content\\\/uploads\\\/2021\\\/01\\\/20210104_214709.jpg\",\"contentUrl\":\"https:\\\/\\\/diarioprincipios.com\\\/wp-content\\\/uploads\\\/2021\\\/01\\\/20210104_214709.jpg\",\"width\":1331,\"height\":802},{\"@type\":\"BreadcrumbList\",\"@id\":\"https:\\\/\\\/diarioprincipios.com\\\/index.php\\\/2021\\\/01\\\/04\\\/boca-dio-un-comunicado-en-repudio-a-palabras-discriminatorias-de-relator-que-sigue-a-river\\\/#breadcrumb\",\"itemListElement\":[{\"@type\":\"ListItem\",\"position\":1,\"name\":\"Portada\",\"item\":\"https:\\\/\\\/diarioprincipios.com\\\/\"},{\"@type\":\"ListItem\",\"position\":2,\"name\":\"Boca dio un comunicado en repudio a palabras discriminatorias de relator que sigue a River\"}]},{\"@type\":\"WebSite\",\"@id\":\"https:\\\/\\\/diarioprincipios.com\\\/#website\",\"url\":\"https:\\\/\\\/diarioprincipios.com\\\/\",\"name\":\"Principios\",\"description\":\"Principios Diario\",\"publisher\":{\"@id\":\"https:\\\/\\\/diarioprincipios.com\\\/#organization\"},\"potentialAction\":[{\"@type\":\"SearchAction\",\"target\":{\"@type\":\"EntryPoint\",\"urlTemplate\":\"https:\\\/\\\/diarioprincipios.com\\\/?s={search_term_string}\"},\"query-input\":{\"@type\":\"PropertyValueSpecification\",\"valueRequired\":true,\"valueName\":\"search_term_string\"}}],\"inLanguage\":\"es\"},{\"@type\":\"Organization\",\"@id\":\"https:\\\/\\\/diarioprincipios.com\\\/#organization\",\"name\":\"Principios\",\"url\":\"https:\\\/\\\/diarioprincipios.com\\\/\",\"logo\":{\"@type\":\"ImageObject\",\"inLanguage\":\"es\",\"@id\":\"https:\\\/\\\/diarioprincipios.com\\\/#\\\/schema\\\/logo\\\/image\\\/\",\"url\":\"https:\\\/\\\/diarioprincipios.com\\\/wp-content\\\/uploads\\\/2024\\\/04\\\/cropped-www.diarioprincipios.com_-1.png\",\"contentUrl\":\"https:\\\/\\\/diarioprincipios.com\\\/wp-content\\\/uploads\\\/2024\\\/04\\\/cropped-www.diarioprincipios.com_-1.png\",\"width\":5325,\"height\":1454,\"caption\":\"Principios\"},\"image\":{\"@id\":\"https:\\\/\\\/diarioprincipios.com\\\/#\\\/schema\\\/logo\\\/image\\\/\"}},{\"@type\":\"Person\",\"@id\":\"https:\\\/\\\/diarioprincipios.com\\\/#\\\/schema\\\/person\\\/436d5a1fd41a5e250e23ff5a6a7cb080\",\"name\":\"Hern\u00e1n L\u00f3pez\",\"image\":{\"@type\":\"ImageObject\",\"inLanguage\":\"es\",\"@id\":\"https:\\\/\\\/diarioprincipios.com\\\/wp-content\\\/litespeed\\\/avatar\\\/11ddfe5610ff3bd100522525b2571f48.jpg?ver=1777048341\",\"url\":\"https:\\\/\\\/diarioprincipios.com\\\/wp-content\\\/litespeed\\\/avatar\\\/11ddfe5610ff3bd100522525b2571f48.jpg?ver=1777048341\",\"contentUrl\":\"https:\\\/\\\/diarioprincipios.com\\\/wp-content\\\/litespeed\\\/avatar\\\/11ddfe5610ff3bd100522525b2571f48.jpg?ver=1777048341\",\"caption\":\"Hern\u00e1n L\u00f3pez\"},\"url\":\"https:\\\/\\\/diarioprincipios.com\\\/index.php\\\/author\\\/hernan\\\/\"}]}<\/script>\n<!-- \/ Yoast SEO plugin. -->","yoast_head_json":{"title":"Boca dio un comunicado en repudio a palabras discriminatorias de relator que sigue a River - Principios","robots":{"index":"index","follow":"follow","max-snippet":"max-snippet:-1","max-image-preview":"max-image-preview:large","max-video-preview":"max-video-preview:-1"},"canonical":"https:\/\/diarioprincipios.com\/index.php\/2021\/01\/04\/boca-dio-un-comunicado-en-repudio-a-palabras-discriminatorias-de-relator-que-sigue-a-river\/","og_locale":"es_ES","og_type":"article","og_title":"Boca dio un comunicado en repudio a palabras discriminatorias de relator que sigue a River - Principios","og_description":"El departamento de prensa de Boca Juniors emiti\u00f3 esta noche un comunicado en repudio a las palabras del relator radial Atilio Costa Febre, que sigue la campa\u00f1a de River Plate y quien durante el supercl\u00e1sico del s\u00e1bado pasado utiliz\u00f3 las palabras \u00abmono\u00bb y \u00absimio\u00bb cuando apareci\u00f3 un jugador \u00abxeneize\u00bb en primer plano en la transmisi\u00f3n...","og_url":"https:\/\/diarioprincipios.com\/index.php\/2021\/01\/04\/boca-dio-un-comunicado-en-repudio-a-palabras-discriminatorias-de-relator-que-sigue-a-river\/","og_site_name":"Principios","article_published_time":"2021-01-05T00:48:48+00:00","article_modified_time":"2021-01-05T00:48:52+00:00","og_image":[{"width":1331,"height":802,"url":"https:\/\/diarioprincipios.com\/wp-content\/uploads\/2021\/01\/20210104_214709.jpg","type":"image\/jpeg"}],"author":"Hern\u00e1n L\u00f3pez","twitter_card":"summary_large_image","twitter_misc":{"Escrito por":"Hern\u00e1n L\u00f3pez","Tiempo de lectura":"1 minuto"},"schema":{"@context":"https:\/\/schema.org","@graph":[{"@type":"Article","@id":"https:\/\/diarioprincipios.com\/index.php\/2021\/01\/04\/boca-dio-un-comunicado-en-repudio-a-palabras-discriminatorias-de-relator-que-sigue-a-river\/#article","isPartOf":{"@id":"https:\/\/diarioprincipios.com\/index.php\/2021\/01\/04\/boca-dio-un-comunicado-en-repudio-a-palabras-discriminatorias-de-relator-que-sigue-a-river\/"},"author":{"name":"Hern\u00e1n L\u00f3pez","@id":"https:\/\/diarioprincipios.com\/#\/schema\/person\/436d5a1fd41a5e250e23ff5a6a7cb080"},"headline":"Boca dio un comunicado en repudio a palabras discriminatorias de relator que sigue a River","datePublished":"2021-01-05T00:48:48+00:00","dateModified":"2021-01-05T00:48:52+00:00","mainEntityOfPage":{"@id":"https:\/\/diarioprincipios.com\/index.php\/2021\/01\/04\/boca-dio-un-comunicado-en-repudio-a-palabras-discriminatorias-de-relator-que-sigue-a-river\/"},"wordCount":240,"commentCount":0,"publisher":{"@id":"https:\/\/diarioprincipios.com\/#organization"},"image":{"@id":"https:\/\/diarioprincipios.com\/index.php\/2021\/01\/04\/boca-dio-un-comunicado-en-repudio-a-palabras-discriminatorias-de-relator-que-sigue-a-river\/#primaryimage"},"thumbnailUrl":"https:\/\/diarioprincipios.com\/wp-content\/uploads\/2021\/01\/20210104_214709.jpg","articleSection":["Deportes"],"inLanguage":"es","potentialAction":[{"@type":"CommentAction","name":"Comment","target":["https:\/\/diarioprincipios.com\/index.php\/2021\/01\/04\/boca-dio-un-comunicado-en-repudio-a-palabras-discriminatorias-de-relator-que-sigue-a-river\/#respond"]}]},{"@type":"WebPage","@id":"https:\/\/diarioprincipios.com\/index.php\/2021\/01\/04\/boca-dio-un-comunicado-en-repudio-a-palabras-discriminatorias-de-relator-que-sigue-a-river\/","url":"https:\/\/diarioprincipios.com\/index.php\/2021\/01\/04\/boca-dio-un-comunicado-en-repudio-a-palabras-discriminatorias-de-relator-que-sigue-a-river\/","name":"Boca dio un comunicado en repudio a palabras discriminatorias de relator que sigue a River - Principios","isPartOf":{"@id":"https:\/\/diarioprincipios.com\/#website"},"primaryImageOfPage":{"@id":"https:\/\/diarioprincipios.com\/index.php\/2021\/01\/04\/boca-dio-un-comunicado-en-repudio-a-palabras-discriminatorias-de-relator-que-sigue-a-river\/#primaryimage"},"image":{"@id":"https:\/\/diarioprincipios.com\/index.php\/2021\/01\/04\/boca-dio-un-comunicado-en-repudio-a-palabras-discriminatorias-de-relator-que-sigue-a-river\/#primaryimage"},"thumbnailUrl":"https:\/\/diarioprincipios.com\/wp-content\/uploads\/2021\/01\/20210104_214709.jpg","datePublished":"2021-01-05T00:48:48+00:00","dateModified":"2021-01-05T00:48:52+00:00","breadcrumb":{"@id":"https:\/\/diarioprincipios.com\/index.php\/2021\/01\/04\/boca-dio-un-comunicado-en-repudio-a-palabras-discriminatorias-de-relator-que-sigue-a-river\/#breadcrumb"},"inLanguage":"es","potentialAction":[{"@type":"ReadAction","target":["https:\/\/diarioprincipios.com\/index.php\/2021\/01\/04\/boca-dio-un-comunicado-en-repudio-a-palabras-discriminatorias-de-relator-que-sigue-a-river\/"]}]},{"@type":"ImageObject","inLanguage":"es","@id":"https:\/\/diarioprincipios.com\/index.php\/2021\/01\/04\/boca-dio-un-comunicado-en-repudio-a-palabras-discriminatorias-de-relator-que-sigue-a-river\/#primaryimage","url":"https:\/\/diarioprincipios.com\/wp-content\/uploads\/2021\/01\/20210104_214709.jpg","contentUrl":"https:\/\/diarioprincipios.com\/wp-content\/uploads\/2021\/01\/20210104_214709.jpg","width":1331,"height":802},{"@type":"BreadcrumbList","@id":"https:\/\/diarioprincipios.com\/index.php\/2021\/01\/04\/boca-dio-un-comunicado-en-repudio-a-palabras-discriminatorias-de-relator-que-sigue-a-river\/#breadcrumb","itemListElement":[{"@type":"ListItem","position":1,"name":"Portada","item":"https:\/\/diarioprincipios.com\/"},{"@type":"ListItem","position":2,"name":"Boca dio un comunicado en repudio a palabras discriminatorias de relator que sigue a River"}]},{"@type":"WebSite","@id":"https:\/\/diarioprincipios.com\/#website","url":"https:\/\/diarioprincipios.com\/","name":"Principios","description":"Principios Diario","publisher":{"@id":"https:\/\/diarioprincipios.com\/#organization"},"potentialAction":[{"@type":"SearchAction","target":{"@type":"EntryPoint","urlTemplate":"https:\/\/diarioprincipios.com\/?s={search_term_string}"},"query-input":{"@type":"PropertyValueSpecification","valueRequired":true,"valueName":"search_term_string"}}],"inLanguage":"es"},{"@type":"Organization","@id":"https:\/\/diarioprincipios.com\/#organization","name":"Principios","url":"https:\/\/diarioprincipios.com\/","logo":{"@type":"ImageObject","inLanguage":"es","@id":"https:\/\/diarioprincipios.com\/#\/schema\/logo\/image\/","url":"https:\/\/diarioprincipios.com\/wp-content\/uploads\/2024\/04\/cropped-www.diarioprincipios.com_-1.png","contentUrl":"https:\/\/diarioprincipios.com\/wp-content\/uploads\/2024\/04\/cropped-www.diarioprincipios.com_-1.png","width":5325,"height":1454,"caption":"Principios"},"image":{"@id":"https:\/\/diarioprincipios.com\/#\/schema\/logo\/image\/"}},{"@type":"Person","@id":"https:\/\/diarioprincipios.com\/#\/schema\/person\/436d5a1fd41a5e250e23ff5a6a7cb080","name":"Hern\u00e1n L\u00f3pez","image":{"@type":"ImageObject","inLanguage":"es","@id":"https:\/\/diarioprincipios.com\/wp-content\/litespeed\/avatar\/11ddfe5610ff3bd100522525b2571f48.jpg?ver=1777048341","url":"https:\/\/diarioprincipios.com\/wp-content\/litespeed\/avatar\/11ddfe5610ff3bd100522525b2571f48.jpg?ver=1777048341","contentUrl":"https:\/\/diarioprincipios.com\/wp-content\/litespeed\/avatar\/11ddfe5610ff3bd100522525b2571f48.jpg?ver=1777048341","caption":"Hern\u00e1n L\u00f3pez"},"url":"https:\/\/diarioprincipios.com\/index.php\/author\/hernan\/"}]}},"jetpack_featured_media_url":"https:\/\/diarioprincipios.com\/wp-content\/uploads\/2021\/01\/20210104_214709.jpg","_links":{"self":[{"href":"https:\/\/diarioprincipios.com\/index.php\/wp-json\/wp\/v2\/posts\/8037","targetHints":{"allow":["GET"]}}],"collection":[{"href":"https:\/\/diarioprincipios.com\/index.php\/wp-json\/wp\/v2\/posts"}],"about":[{"href":"https:\/\/diarioprincipios.com\/index.php\/wp-json\/wp\/v2\/types\/post"}],"author":[{"embeddable":true,"href":"https:\/\/diarioprincipios.com\/index.php\/wp-json\/wp\/v2\/users\/2"}],"replies":[{"embeddable":true,"href":"https:\/\/diarioprincipios.com\/index.php\/wp-json\/wp\/v2\/comments?post=8037"}],"version-history":[{"count":1,"href":"https:\/\/diarioprincipios.com\/index.php\/wp-json\/wp\/v2\/posts\/8037\/revisions"}],"predecessor-version":[{"id":8039,"href":"https:\/\/diarioprincipios.com\/index.php\/wp-json\/wp\/v2\/posts\/8037\/revisions\/8039"}],"wp:featuredmedia":[{"embeddable":true,"href":"https:\/\/diarioprincipios.com\/index.php\/wp-json\/wp\/v2\/media\/8038"}],"wp:attachment":[{"href":"https:\/\/diarioprincipios.com\/index.php\/wp-json\/wp\/v2\/media?parent=8037"}],"wp:term":[{"taxonomy":"category","embeddable":true,"href":"https:\/\/diarioprincipios.com\/index.php\/wp-json\/wp\/v2\/categories?post=8037"},{"taxonomy":"post_tag","embeddable":true,"href":"https:\/\/diarioprincipios.com\/index.php\/wp-json\/wp\/v2\/tags?post=8037"}],"curies":[{"name":"wp","href":"https:\/\/api.w.org\/{rel}","templated":true}]}}