{"id":8010,"date":"2021-01-02T21:55:16","date_gmt":"2021-01-03T00:55:16","guid":{"rendered":"http:\/\/diarioprincipios.com\/?p=8010"},"modified":"2021-01-02T21:55:18","modified_gmt":"2021-01-03T00:55:18","slug":"el-miercoles-reabre-tecnopolis-con-una-variada-programacion-que-se-extiende-hasta-el-16-de-febrero","status":"publish","type":"post","link":"https:\/\/diarioprincipios.com\/index.php\/2021\/01\/02\/el-miercoles-reabre-tecnopolis-con-una-variada-programacion-que-se-extiende-hasta-el-16-de-febrero\/","title":{"rendered":"El mi\u00e9rcoles reabre Tecn\u00f3polis con una variada programaci\u00f3n que se extiende hasta el 16 de febrero"},"content":{"rendered":"\n<p>Urraka, El Choque Urbano, Dar\u00edo Sztajnszrajber, La Arena Circo, Mariel Puyol, Milo Moya, Agustin Franzoni y Facundo Fack Nieto y el cierre musical de Bersuit Vergarabat, animar\u00e1n el mi\u00e9rcoles desde las 20 el lanzamiento de \u00abAtardeceres en Tecn\u00f3polis\u00bb que marcar\u00e1 la reapertura del Parque.<\/p>\n\n\n\n<p>Del acto con el que el predio volver\u00e1 a su actividad habitual tras haber sido sede del Parque Sanitario que permiti\u00f3 atender a personas con cuadros leves de Covid-19 de la provincia de Buenos Aires entre junio y diciembre, tomar\u00e1n parte el ministro de Cultura de la Naci\u00f3n, Trist\u00e1n Bauer; el subsecretario de Gesti\u00f3n de Espacios y Proyectos Especiales, Mart\u00edn Bonavetti; y la directora de Tecn\u00f3polis, Mar\u00eda Rosenfeldt.<\/p>\n\n\n\n<p>Un comunicado de prensa detall\u00f3 que \u00abdurante 27 jornadas, las y los visitantes podr\u00e1n disfrutar de propuestas al aire libre con capacidad limitada en cuatro espacios del Parque, dise\u00f1ados especialmente para garantizar el cumplimiento de todos los protocolos y recomendaciones sanitarias necesarias en el marco del Distanciamiento Social, Preventivo y Obligatorio que rige en nuestro pa\u00eds frente a la pandemia de la Covid-19\u00bb.<\/p>\n\n\n\n<p>A diferencia de las ediciones anteriores, el p\u00fablico deber\u00e1 reservar sus entradas previamente a trav\u00e9s de la p\u00e1gina web de Tecn\u00f3polis (www.tecnopolis.gob.ar) y acceder a la actividad escogida por los ingresos correspondientes.<\/p>\n\n\n\n<p>Para el ingreso se sugiere llegar una hora antes del comienzo de la actividad y llevar DNI, la entrada y la declaraci\u00f3n jurada de salud vigente (formulario online, App CuidAR o sistema equivalente), al margen de que se le tomar\u00e1 la temperatura a cada persona.<\/p>\n\n\n\n<p>Durante la actividad es obligatorio el uso del tapabocas, mantener una distancia de dos metros con el resto de las personas y lavarse las manos con frecuencia.<\/p>\n\n\n\n<p>A partir del jueves 7 y hasta el 16 de febrero habr\u00e1 un taller de paleoarte a cargo del Ministerio de Ciencia, Tecnolog\u00eda e Innovaci\u00f3n y un cierre musical en la Plaza de las Banderas, donde los fines de semana se presentar\u00e1n La Flauta M\u00e1gica, Laberinto Masticable, Koufequin, Anda Calabaza, Hacelo Sonar, Mariana Baggio, Bigolates de Chocote, D\u00fao Karma, Valor Vereda y Vuelta Canela, entre otras agrupaciones.<\/p>\n\n\n\n<p>Los viernes se ofrecer\u00e1 cine al aire libre, en un ciclo presentado en conjunto con el Instituto Nacional de Cine y Artes Audiovisuales y Canal Encuentro, donde se ver\u00e1n \u00abGauchito Gil\u00bb, de Fernando del Castillo; \u00abGilda\u00bb, de Lorena Mu\u00f1oz; \u00abLos a\u00f1os del tibur\u00f3n\u00bb, de Daniel Rosenfeld; y largometrajes de Pino Solanas restaurados por el Plan Recuperar de DAC y Gotika son algunos de los t\u00edtulos que integran la programaci\u00f3n.<\/p>\n\n\n\n<p>Mientras que los s\u00e1bados se presentar\u00e1 \u00abEl show de Zamba y Nina\u00bb, una propuesta audiovisual e interactiva y los domingos se ofrecer\u00e1 \u00abLa Linterna M\u00e1gica\u00bb, un club de cine para las infancias con un show art\u00edstico con m\u00fasica en vivo bajo las estrellas.<\/p>\n\n\n\n<p>En tanto en el escenario del Arco de jueves a domingo se propondr\u00e1 el Ciclo Tec Conversa con Dar\u00edo Sztajnsrajber junto a invitadas e invitados especiales, shows de stand up presentados por Diego Wainstein, encuentros de improvisaci\u00f3n y percusi\u00f3n, espect\u00e1culos infantiles y conciertos especiales de distintos g\u00e9neros a cargo de Chango Spasiuk, La Chicana, Bruno Arias, La Delio Valdez, La Bomba de Tiempo, Santiago V\u00e1zquez y El Choque Urbano, entre m\u00e1s.<\/p>\n\n\n\n<p>En el ingreso al Parque tambi\u00e9n se exhibir\u00e1 una muestra homenaje a Diego Maradona con fotograf\u00edas del archivo de la Agencia Nacional de Noticias T\u00e9lam y en la zona del Galp\u00f3n Joven de Tecn\u00f3polis se podr\u00e1 participar de talleres a cargo de representantes de la cultura juvenil (breaking, hip hop, house, locking, arte callejero, grafitti, stencil, impresi\u00f3n tipogr\u00e1fica, freestyle, beatbox y encuentros de percusi\u00f3n).<\/p>\n","protected":false},"excerpt":{"rendered":"<p>Urraka, El Choque Urbano, Dar\u00edo Sztajnszrajber, La Arena Circo, Mariel Puyol, Milo Moya, Agustin Franzoni y Facundo Fack Nieto y el cierre musical de Bersuit Vergarabat, animar\u00e1n el mi\u00e9rcoles desde las 20 el lanzamiento de \u00abAtardeceres en Tecn\u00f3polis\u00bb que marcar\u00e1 la reapertura del Parque. Del acto con el que el predio volver\u00e1 a su actividad&#8230;<\/p>\n","protected":false},"author":2,"featured_media":8011,"comment_status":"open","ping_status":"open","sticky":false,"template":"","format":"standard","meta":{"footnotes":""},"categories":[10],"tags":[],"class_list":["post-8010","post","type-post","status-publish","format-standard","has-post-thumbnail","hentry","category-nacion"],"featured_image_src":"https:\/\/diarioprincipios.com\/wp-content\/uploads\/2021\/01\/tecnopolis-reabre-con-el-ciclo___yA6SNugBe_1200x630__1-1024x538.jpg","blog_images":{"medium":"https:\/\/diarioprincipios.com\/wp-content\/uploads\/2021\/01\/tecnopolis-reabre-con-el-ciclo___yA6SNugBe_1200x630__1-300x158.jpg","large":"https:\/\/diarioprincipios.com\/wp-content\/uploads\/2021\/01\/tecnopolis-reabre-con-el-ciclo___yA6SNugBe_1200x630__1-1024x538.jpg"},"ams_acf":[],"yoast_head":"<!-- This site is optimized with the Yoast SEO plugin v27.3 - https:\/\/yoast.com\/product\/yoast-seo-wordpress\/ -->\n<title>El mi\u00e9rcoles reabre Tecn\u00f3polis con una variada programaci\u00f3n que se extiende hasta el 16 de febrero - Principios<\/title>\n<meta name=\"robots\" content=\"index, follow, max-snippet:-1, max-image-preview:large, max-video-preview:-1\" \/>\n<link rel=\"canonical\" href=\"https:\/\/diarioprincipios.com\/index.php\/2021\/01\/02\/el-miercoles-reabre-tecnopolis-con-una-variada-programacion-que-se-extiende-hasta-el-16-de-febrero\/\" \/>\n<meta property=\"og:locale\" content=\"es_ES\" \/>\n<meta property=\"og:type\" content=\"article\" \/>\n<meta property=\"og:title\" content=\"El mi\u00e9rcoles reabre Tecn\u00f3polis con una variada programaci\u00f3n que se extiende hasta el 16 de febrero - Principios\" \/>\n<meta property=\"og:description\" content=\"Urraka, El Choque Urbano, Dar\u00edo Sztajnszrajber, La Arena Circo, Mariel Puyol, Milo Moya, Agustin Franzoni y Facundo Fack Nieto y el cierre musical de Bersuit Vergarabat, animar\u00e1n el mi\u00e9rcoles desde las 20 el lanzamiento de \u00abAtardeceres en Tecn\u00f3polis\u00bb que marcar\u00e1 la reapertura del Parque. Del acto con el que el predio volver\u00e1 a su actividad...\" \/>\n<meta property=\"og:url\" content=\"https:\/\/diarioprincipios.com\/index.php\/2021\/01\/02\/el-miercoles-reabre-tecnopolis-con-una-variada-programacion-que-se-extiende-hasta-el-16-de-febrero\/\" \/>\n<meta property=\"og:site_name\" content=\"Principios\" \/>\n<meta property=\"article:published_time\" content=\"2021-01-03T00:55:16+00:00\" \/>\n<meta property=\"article:modified_time\" content=\"2021-01-03T00:55:18+00:00\" \/>\n<meta property=\"og:image\" content=\"https:\/\/diarioprincipios.com\/wp-content\/uploads\/2021\/01\/tecnopolis-reabre-con-el-ciclo___yA6SNugBe_1200x630__1.jpg\" \/>\n\t<meta property=\"og:image:width\" content=\"1200\" \/>\n\t<meta property=\"og:image:height\" content=\"630\" \/>\n\t<meta property=\"og:image:type\" content=\"image\/jpeg\" \/>\n<meta name=\"author\" content=\"Hern\u00e1n L\u00f3pez\" \/>\n<meta name=\"twitter:card\" content=\"summary_large_image\" \/>\n<meta name=\"twitter:label1\" content=\"Escrito por\" \/>\n\t<meta name=\"twitter:data1\" content=\"Hern\u00e1n L\u00f3pez\" \/>\n\t<meta name=\"twitter:label2\" content=\"Tiempo de lectura\" \/>\n\t<meta name=\"twitter:data2\" content=\"3 minutos\" \/>\n<script type=\"application\/ld+json\" class=\"yoast-schema-graph\">{\"@context\":\"https:\\\/\\\/schema.org\",\"@graph\":[{\"@type\":\"Article\",\"@id\":\"https:\\\/\\\/diarioprincipios.com\\\/index.php\\\/2021\\\/01\\\/02\\\/el-miercoles-reabre-tecnopolis-con-una-variada-programacion-que-se-extiende-hasta-el-16-de-febrero\\\/#article\",\"isPartOf\":{\"@id\":\"https:\\\/\\\/diarioprincipios.com\\\/index.php\\\/2021\\\/01\\\/02\\\/el-miercoles-reabre-tecnopolis-con-una-variada-programacion-que-se-extiende-hasta-el-16-de-febrero\\\/\"},\"author\":{\"name\":\"Hern\u00e1n L\u00f3pez\",\"@id\":\"https:\\\/\\\/diarioprincipios.com\\\/#\\\/schema\\\/person\\\/436d5a1fd41a5e250e23ff5a6a7cb080\"},\"headline\":\"El mi\u00e9rcoles reabre Tecn\u00f3polis con una variada programaci\u00f3n que se extiende hasta el 16 de febrero\",\"datePublished\":\"2021-01-03T00:55:16+00:00\",\"dateModified\":\"2021-01-03T00:55:18+00:00\",\"mainEntityOfPage\":{\"@id\":\"https:\\\/\\\/diarioprincipios.com\\\/index.php\\\/2021\\\/01\\\/02\\\/el-miercoles-reabre-tecnopolis-con-una-variada-programacion-que-se-extiende-hasta-el-16-de-febrero\\\/\"},\"wordCount\":659,\"commentCount\":0,\"publisher\":{\"@id\":\"https:\\\/\\\/diarioprincipios.com\\\/#organization\"},\"image\":{\"@id\":\"https:\\\/\\\/diarioprincipios.com\\\/index.php\\\/2021\\\/01\\\/02\\\/el-miercoles-reabre-tecnopolis-con-una-variada-programacion-que-se-extiende-hasta-el-16-de-febrero\\\/#primaryimage\"},\"thumbnailUrl\":\"https:\\\/\\\/diarioprincipios.com\\\/wp-content\\\/uploads\\\/2021\\\/01\\\/tecnopolis-reabre-con-el-ciclo___yA6SNugBe_1200x630__1.jpg\",\"articleSection\":[\"Naci\u00f3n\"],\"inLanguage\":\"es\",\"potentialAction\":[{\"@type\":\"CommentAction\",\"name\":\"Comment\",\"target\":[\"https:\\\/\\\/diarioprincipios.com\\\/index.php\\\/2021\\\/01\\\/02\\\/el-miercoles-reabre-tecnopolis-con-una-variada-programacion-que-se-extiende-hasta-el-16-de-febrero\\\/#respond\"]}]},{\"@type\":\"WebPage\",\"@id\":\"https:\\\/\\\/diarioprincipios.com\\\/index.php\\\/2021\\\/01\\\/02\\\/el-miercoles-reabre-tecnopolis-con-una-variada-programacion-que-se-extiende-hasta-el-16-de-febrero\\\/\",\"url\":\"https:\\\/\\\/diarioprincipios.com\\\/index.php\\\/2021\\\/01\\\/02\\\/el-miercoles-reabre-tecnopolis-con-una-variada-programacion-que-se-extiende-hasta-el-16-de-febrero\\\/\",\"name\":\"El mi\u00e9rcoles reabre Tecn\u00f3polis con una variada programaci\u00f3n que se extiende hasta el 16 de febrero - Principios\",\"isPartOf\":{\"@id\":\"https:\\\/\\\/diarioprincipios.com\\\/#website\"},\"primaryImageOfPage\":{\"@id\":\"https:\\\/\\\/diarioprincipios.com\\\/index.php\\\/2021\\\/01\\\/02\\\/el-miercoles-reabre-tecnopolis-con-una-variada-programacion-que-se-extiende-hasta-el-16-de-febrero\\\/#primaryimage\"},\"image\":{\"@id\":\"https:\\\/\\\/diarioprincipios.com\\\/index.php\\\/2021\\\/01\\\/02\\\/el-miercoles-reabre-tecnopolis-con-una-variada-programacion-que-se-extiende-hasta-el-16-de-febrero\\\/#primaryimage\"},\"thumbnailUrl\":\"https:\\\/\\\/diarioprincipios.com\\\/wp-content\\\/uploads\\\/2021\\\/01\\\/tecnopolis-reabre-con-el-ciclo___yA6SNugBe_1200x630__1.jpg\",\"datePublished\":\"2021-01-03T00:55:16+00:00\",\"dateModified\":\"2021-01-03T00:55:18+00:00\",\"breadcrumb\":{\"@id\":\"https:\\\/\\\/diarioprincipios.com\\\/index.php\\\/2021\\\/01\\\/02\\\/el-miercoles-reabre-tecnopolis-con-una-variada-programacion-que-se-extiende-hasta-el-16-de-febrero\\\/#breadcrumb\"},\"inLanguage\":\"es\",\"potentialAction\":[{\"@type\":\"ReadAction\",\"target\":[\"https:\\\/\\\/diarioprincipios.com\\\/index.php\\\/2021\\\/01\\\/02\\\/el-miercoles-reabre-tecnopolis-con-una-variada-programacion-que-se-extiende-hasta-el-16-de-febrero\\\/\"]}]},{\"@type\":\"ImageObject\",\"inLanguage\":\"es\",\"@id\":\"https:\\\/\\\/diarioprincipios.com\\\/index.php\\\/2021\\\/01\\\/02\\\/el-miercoles-reabre-tecnopolis-con-una-variada-programacion-que-se-extiende-hasta-el-16-de-febrero\\\/#primaryimage\",\"url\":\"https:\\\/\\\/diarioprincipios.com\\\/wp-content\\\/uploads\\\/2021\\\/01\\\/tecnopolis-reabre-con-el-ciclo___yA6SNugBe_1200x630__1.jpg\",\"contentUrl\":\"https:\\\/\\\/diarioprincipios.com\\\/wp-content\\\/uploads\\\/2021\\\/01\\\/tecnopolis-reabre-con-el-ciclo___yA6SNugBe_1200x630__1.jpg\",\"width\":1200,\"height\":630},{\"@type\":\"BreadcrumbList\",\"@id\":\"https:\\\/\\\/diarioprincipios.com\\\/index.php\\\/2021\\\/01\\\/02\\\/el-miercoles-reabre-tecnopolis-con-una-variada-programacion-que-se-extiende-hasta-el-16-de-febrero\\\/#breadcrumb\",\"itemListElement\":[{\"@type\":\"ListItem\",\"position\":1,\"name\":\"Portada\",\"item\":\"https:\\\/\\\/diarioprincipios.com\\\/\"},{\"@type\":\"ListItem\",\"position\":2,\"name\":\"El mi\u00e9rcoles reabre Tecn\u00f3polis con una variada programaci\u00f3n que se extiende hasta el 16 de febrero\"}]},{\"@type\":\"WebSite\",\"@id\":\"https:\\\/\\\/diarioprincipios.com\\\/#website\",\"url\":\"https:\\\/\\\/diarioprincipios.com\\\/\",\"name\":\"Principios\",\"description\":\"Principios Diario\",\"publisher\":{\"@id\":\"https:\\\/\\\/diarioprincipios.com\\\/#organization\"},\"potentialAction\":[{\"@type\":\"SearchAction\",\"target\":{\"@type\":\"EntryPoint\",\"urlTemplate\":\"https:\\\/\\\/diarioprincipios.com\\\/?s={search_term_string}\"},\"query-input\":{\"@type\":\"PropertyValueSpecification\",\"valueRequired\":true,\"valueName\":\"search_term_string\"}}],\"inLanguage\":\"es\"},{\"@type\":\"Organization\",\"@id\":\"https:\\\/\\\/diarioprincipios.com\\\/#organization\",\"name\":\"Principios\",\"url\":\"https:\\\/\\\/diarioprincipios.com\\\/\",\"logo\":{\"@type\":\"ImageObject\",\"inLanguage\":\"es\",\"@id\":\"https:\\\/\\\/diarioprincipios.com\\\/#\\\/schema\\\/logo\\\/image\\\/\",\"url\":\"https:\\\/\\\/diarioprincipios.com\\\/wp-content\\\/uploads\\\/2024\\\/04\\\/cropped-www.diarioprincipios.com_-1.png\",\"contentUrl\":\"https:\\\/\\\/diarioprincipios.com\\\/wp-content\\\/uploads\\\/2024\\\/04\\\/cropped-www.diarioprincipios.com_-1.png\",\"width\":5325,\"height\":1454,\"caption\":\"Principios\"},\"image\":{\"@id\":\"https:\\\/\\\/diarioprincipios.com\\\/#\\\/schema\\\/logo\\\/image\\\/\"}},{\"@type\":\"Person\",\"@id\":\"https:\\\/\\\/diarioprincipios.com\\\/#\\\/schema\\\/person\\\/436d5a1fd41a5e250e23ff5a6a7cb080\",\"name\":\"Hern\u00e1n L\u00f3pez\",\"image\":{\"@type\":\"ImageObject\",\"inLanguage\":\"es\",\"@id\":\"https:\\\/\\\/diarioprincipios.com\\\/wp-content\\\/litespeed\\\/avatar\\\/11ddfe5610ff3bd100522525b2571f48.jpg?ver=1777048341\",\"url\":\"https:\\\/\\\/diarioprincipios.com\\\/wp-content\\\/litespeed\\\/avatar\\\/11ddfe5610ff3bd100522525b2571f48.jpg?ver=1777048341\",\"contentUrl\":\"https:\\\/\\\/diarioprincipios.com\\\/wp-content\\\/litespeed\\\/avatar\\\/11ddfe5610ff3bd100522525b2571f48.jpg?ver=1777048341\",\"caption\":\"Hern\u00e1n L\u00f3pez\"},\"url\":\"https:\\\/\\\/diarioprincipios.com\\\/index.php\\\/author\\\/hernan\\\/\"}]}<\/script>\n<!-- \/ Yoast SEO plugin. -->","yoast_head_json":{"title":"El mi\u00e9rcoles reabre Tecn\u00f3polis con una variada programaci\u00f3n que se extiende hasta el 16 de febrero - Principios","robots":{"index":"index","follow":"follow","max-snippet":"max-snippet:-1","max-image-preview":"max-image-preview:large","max-video-preview":"max-video-preview:-1"},"canonical":"https:\/\/diarioprincipios.com\/index.php\/2021\/01\/02\/el-miercoles-reabre-tecnopolis-con-una-variada-programacion-que-se-extiende-hasta-el-16-de-febrero\/","og_locale":"es_ES","og_type":"article","og_title":"El mi\u00e9rcoles reabre Tecn\u00f3polis con una variada programaci\u00f3n que se extiende hasta el 16 de febrero - Principios","og_description":"Urraka, El Choque Urbano, Dar\u00edo Sztajnszrajber, La Arena Circo, Mariel Puyol, Milo Moya, Agustin Franzoni y Facundo Fack Nieto y el cierre musical de Bersuit Vergarabat, animar\u00e1n el mi\u00e9rcoles desde las 20 el lanzamiento de \u00abAtardeceres en Tecn\u00f3polis\u00bb que marcar\u00e1 la reapertura del Parque. Del acto con el que el predio volver\u00e1 a su actividad...","og_url":"https:\/\/diarioprincipios.com\/index.php\/2021\/01\/02\/el-miercoles-reabre-tecnopolis-con-una-variada-programacion-que-se-extiende-hasta-el-16-de-febrero\/","og_site_name":"Principios","article_published_time":"2021-01-03T00:55:16+00:00","article_modified_time":"2021-01-03T00:55:18+00:00","og_image":[{"width":1200,"height":630,"url":"https:\/\/diarioprincipios.com\/wp-content\/uploads\/2021\/01\/tecnopolis-reabre-con-el-ciclo___yA6SNugBe_1200x630__1.jpg","type":"image\/jpeg"}],"author":"Hern\u00e1n L\u00f3pez","twitter_card":"summary_large_image","twitter_misc":{"Escrito por":"Hern\u00e1n L\u00f3pez","Tiempo de lectura":"3 minutos"},"schema":{"@context":"https:\/\/schema.org","@graph":[{"@type":"Article","@id":"https:\/\/diarioprincipios.com\/index.php\/2021\/01\/02\/el-miercoles-reabre-tecnopolis-con-una-variada-programacion-que-se-extiende-hasta-el-16-de-febrero\/#article","isPartOf":{"@id":"https:\/\/diarioprincipios.com\/index.php\/2021\/01\/02\/el-miercoles-reabre-tecnopolis-con-una-variada-programacion-que-se-extiende-hasta-el-16-de-febrero\/"},"author":{"name":"Hern\u00e1n L\u00f3pez","@id":"https:\/\/diarioprincipios.com\/#\/schema\/person\/436d5a1fd41a5e250e23ff5a6a7cb080"},"headline":"El mi\u00e9rcoles reabre Tecn\u00f3polis con una variada programaci\u00f3n que se extiende hasta el 16 de febrero","datePublished":"2021-01-03T00:55:16+00:00","dateModified":"2021-01-03T00:55:18+00:00","mainEntityOfPage":{"@id":"https:\/\/diarioprincipios.com\/index.php\/2021\/01\/02\/el-miercoles-reabre-tecnopolis-con-una-variada-programacion-que-se-extiende-hasta-el-16-de-febrero\/"},"wordCount":659,"commentCount":0,"publisher":{"@id":"https:\/\/diarioprincipios.com\/#organization"},"image":{"@id":"https:\/\/diarioprincipios.com\/index.php\/2021\/01\/02\/el-miercoles-reabre-tecnopolis-con-una-variada-programacion-que-se-extiende-hasta-el-16-de-febrero\/#primaryimage"},"thumbnailUrl":"https:\/\/diarioprincipios.com\/wp-content\/uploads\/2021\/01\/tecnopolis-reabre-con-el-ciclo___yA6SNugBe_1200x630__1.jpg","articleSection":["Naci\u00f3n"],"inLanguage":"es","potentialAction":[{"@type":"CommentAction","name":"Comment","target":["https:\/\/diarioprincipios.com\/index.php\/2021\/01\/02\/el-miercoles-reabre-tecnopolis-con-una-variada-programacion-que-se-extiende-hasta-el-16-de-febrero\/#respond"]}]},{"@type":"WebPage","@id":"https:\/\/diarioprincipios.com\/index.php\/2021\/01\/02\/el-miercoles-reabre-tecnopolis-con-una-variada-programacion-que-se-extiende-hasta-el-16-de-febrero\/","url":"https:\/\/diarioprincipios.com\/index.php\/2021\/01\/02\/el-miercoles-reabre-tecnopolis-con-una-variada-programacion-que-se-extiende-hasta-el-16-de-febrero\/","name":"El mi\u00e9rcoles reabre Tecn\u00f3polis con una variada programaci\u00f3n que se extiende hasta el 16 de febrero - Principios","isPartOf":{"@id":"https:\/\/diarioprincipios.com\/#website"},"primaryImageOfPage":{"@id":"https:\/\/diarioprincipios.com\/index.php\/2021\/01\/02\/el-miercoles-reabre-tecnopolis-con-una-variada-programacion-que-se-extiende-hasta-el-16-de-febrero\/#primaryimage"},"image":{"@id":"https:\/\/diarioprincipios.com\/index.php\/2021\/01\/02\/el-miercoles-reabre-tecnopolis-con-una-variada-programacion-que-se-extiende-hasta-el-16-de-febrero\/#primaryimage"},"thumbnailUrl":"https:\/\/diarioprincipios.com\/wp-content\/uploads\/2021\/01\/tecnopolis-reabre-con-el-ciclo___yA6SNugBe_1200x630__1.jpg","datePublished":"2021-01-03T00:55:16+00:00","dateModified":"2021-01-03T00:55:18+00:00","breadcrumb":{"@id":"https:\/\/diarioprincipios.com\/index.php\/2021\/01\/02\/el-miercoles-reabre-tecnopolis-con-una-variada-programacion-que-se-extiende-hasta-el-16-de-febrero\/#breadcrumb"},"inLanguage":"es","potentialAction":[{"@type":"ReadAction","target":["https:\/\/diarioprincipios.com\/index.php\/2021\/01\/02\/el-miercoles-reabre-tecnopolis-con-una-variada-programacion-que-se-extiende-hasta-el-16-de-febrero\/"]}]},{"@type":"ImageObject","inLanguage":"es","@id":"https:\/\/diarioprincipios.com\/index.php\/2021\/01\/02\/el-miercoles-reabre-tecnopolis-con-una-variada-programacion-que-se-extiende-hasta-el-16-de-febrero\/#primaryimage","url":"https:\/\/diarioprincipios.com\/wp-content\/uploads\/2021\/01\/tecnopolis-reabre-con-el-ciclo___yA6SNugBe_1200x630__1.jpg","contentUrl":"https:\/\/diarioprincipios.com\/wp-content\/uploads\/2021\/01\/tecnopolis-reabre-con-el-ciclo___yA6SNugBe_1200x630__1.jpg","width":1200,"height":630},{"@type":"BreadcrumbList","@id":"https:\/\/diarioprincipios.com\/index.php\/2021\/01\/02\/el-miercoles-reabre-tecnopolis-con-una-variada-programacion-que-se-extiende-hasta-el-16-de-febrero\/#breadcrumb","itemListElement":[{"@type":"ListItem","position":1,"name":"Portada","item":"https:\/\/diarioprincipios.com\/"},{"@type":"ListItem","position":2,"name":"El mi\u00e9rcoles reabre Tecn\u00f3polis con una variada programaci\u00f3n que se extiende hasta el 16 de febrero"}]},{"@type":"WebSite","@id":"https:\/\/diarioprincipios.com\/#website","url":"https:\/\/diarioprincipios.com\/","name":"Principios","description":"Principios Diario","publisher":{"@id":"https:\/\/diarioprincipios.com\/#organization"},"potentialAction":[{"@type":"SearchAction","target":{"@type":"EntryPoint","urlTemplate":"https:\/\/diarioprincipios.com\/?s={search_term_string}"},"query-input":{"@type":"PropertyValueSpecification","valueRequired":true,"valueName":"search_term_string"}}],"inLanguage":"es"},{"@type":"Organization","@id":"https:\/\/diarioprincipios.com\/#organization","name":"Principios","url":"https:\/\/diarioprincipios.com\/","logo":{"@type":"ImageObject","inLanguage":"es","@id":"https:\/\/diarioprincipios.com\/#\/schema\/logo\/image\/","url":"https:\/\/diarioprincipios.com\/wp-content\/uploads\/2024\/04\/cropped-www.diarioprincipios.com_-1.png","contentUrl":"https:\/\/diarioprincipios.com\/wp-content\/uploads\/2024\/04\/cropped-www.diarioprincipios.com_-1.png","width":5325,"height":1454,"caption":"Principios"},"image":{"@id":"https:\/\/diarioprincipios.com\/#\/schema\/logo\/image\/"}},{"@type":"Person","@id":"https:\/\/diarioprincipios.com\/#\/schema\/person\/436d5a1fd41a5e250e23ff5a6a7cb080","name":"Hern\u00e1n L\u00f3pez","image":{"@type":"ImageObject","inLanguage":"es","@id":"https:\/\/diarioprincipios.com\/wp-content\/litespeed\/avatar\/11ddfe5610ff3bd100522525b2571f48.jpg?ver=1777048341","url":"https:\/\/diarioprincipios.com\/wp-content\/litespeed\/avatar\/11ddfe5610ff3bd100522525b2571f48.jpg?ver=1777048341","contentUrl":"https:\/\/diarioprincipios.com\/wp-content\/litespeed\/avatar\/11ddfe5610ff3bd100522525b2571f48.jpg?ver=1777048341","caption":"Hern\u00e1n L\u00f3pez"},"url":"https:\/\/diarioprincipios.com\/index.php\/author\/hernan\/"}]}},"jetpack_featured_media_url":"https:\/\/diarioprincipios.com\/wp-content\/uploads\/2021\/01\/tecnopolis-reabre-con-el-ciclo___yA6SNugBe_1200x630__1.jpg","_links":{"self":[{"href":"https:\/\/diarioprincipios.com\/index.php\/wp-json\/wp\/v2\/posts\/8010","targetHints":{"allow":["GET"]}}],"collection":[{"href":"https:\/\/diarioprincipios.com\/index.php\/wp-json\/wp\/v2\/posts"}],"about":[{"href":"https:\/\/diarioprincipios.com\/index.php\/wp-json\/wp\/v2\/types\/post"}],"author":[{"embeddable":true,"href":"https:\/\/diarioprincipios.com\/index.php\/wp-json\/wp\/v2\/users\/2"}],"replies":[{"embeddable":true,"href":"https:\/\/diarioprincipios.com\/index.php\/wp-json\/wp\/v2\/comments?post=8010"}],"version-history":[{"count":1,"href":"https:\/\/diarioprincipios.com\/index.php\/wp-json\/wp\/v2\/posts\/8010\/revisions"}],"predecessor-version":[{"id":8012,"href":"https:\/\/diarioprincipios.com\/index.php\/wp-json\/wp\/v2\/posts\/8010\/revisions\/8012"}],"wp:featuredmedia":[{"embeddable":true,"href":"https:\/\/diarioprincipios.com\/index.php\/wp-json\/wp\/v2\/media\/8011"}],"wp:attachment":[{"href":"https:\/\/diarioprincipios.com\/index.php\/wp-json\/wp\/v2\/media?parent=8010"}],"wp:term":[{"taxonomy":"category","embeddable":true,"href":"https:\/\/diarioprincipios.com\/index.php\/wp-json\/wp\/v2\/categories?post=8010"},{"taxonomy":"post_tag","embeddable":true,"href":"https:\/\/diarioprincipios.com\/index.php\/wp-json\/wp\/v2\/tags?post=8010"}],"curies":[{"name":"wp","href":"https:\/\/api.w.org\/{rel}","templated":true}]}}