{"id":8007,"date":"2021-01-01T15:32:09","date_gmt":"2021-01-01T18:32:09","guid":{"rendered":"http:\/\/diarioprincipios.com\/?p=8007"},"modified":"2021-01-01T15:32:13","modified_gmt":"2021-01-01T18:32:13","slug":"llega-a-berazategui-el-operativo-mi-registro-mi-barrio","status":"publish","type":"post","link":"https:\/\/diarioprincipios.com\/index.php\/2021\/01\/01\/llega-a-berazategui-el-operativo-mi-registro-mi-barrio\/","title":{"rendered":"Llega a Berazategui el Operativo \u00abMi Registro, Mi Barrio\u00bb"},"content":{"rendered":"\n<p><strong>El Gobierno de la provincia de Buenos Aires puso en marcha el Programa \u201cMi Registro, Mi Barrio\u201d para acercar a los vecinos y vecinas de todos los municipios la gesti\u00f3n de DNI, la solicitud y rectificaci\u00f3n de partidas, la realizaci\u00f3n de cambios de g\u00e9nero en la documentaci\u00f3n, certificaciones y reconocimientos.<\/strong><\/p>\n\n\n\n<p>En Berazategui, este lunes 4 y martes 5 de enero en Av. 14 y Av. Juan Manuel Fangio, as\u00ed como el mi\u00e9rcoles 6 y jueves 7, en calle 53 entre 133 y 134 (B\u00b0 Mar\u00edtimo), de 09.00 a 15.00, el operativo brindar\u00e1 atenci\u00f3n a las y los vecinos que se acerquen, respetando las medidas de seguridad e higiene para evitar la propagaci\u00f3n de Coronavirus (COVID-19).<\/p>\n\n\n\n<p>El objetivo de estas jornadas es facilitar y acercar los m\u00f3viles del Ministerio de Gobierno &#8211; Registro de las Personas de la Provincia de Buenos Aires para que los vecinos realicen los tr\u00e1mites cerca de sus hogares. Es as\u00ed que, en esta oportunidad podr\u00e1n gestionar el Documento Nacional de Identidad (DNI), solicitar la expedici\u00f3n y rectificaci\u00f3n de partidas de nacimiento, de certificados de domicilio y extrav\u00edo, \u00a0realizar tr\u00e1mites de cambios de g\u00e9nero en la documentaci\u00f3n, certificaciones y reconocimientos.<\/p>\n","protected":false},"excerpt":{"rendered":"<p>El Gobierno de la provincia de Buenos Aires puso en marcha el Programa \u201cMi Registro, Mi Barrio\u201d para acercar a los vecinos y vecinas de todos los municipios la gesti\u00f3n de DNI, la solicitud y rectificaci\u00f3n de partidas, la realizaci\u00f3n de cambios de g\u00e9nero en la documentaci\u00f3n, certificaciones y reconocimientos. En Berazategui, este lunes 4&#8230;<\/p>\n","protected":false},"author":2,"featured_media":8008,"comment_status":"open","ping_status":"open","sticky":false,"template":"","format":"standard","meta":{"footnotes":""},"categories":[3],"tags":[],"class_list":["post-8007","post","type-post","status-publish","format-standard","has-post-thumbnail","hentry","category-berazategui"],"featured_image_src":"https:\/\/diarioprincipios.com\/wp-content\/uploads\/2021\/01\/LLEGA-EL-OPERATIVO-MI-REGISTRO-MI-BARRIO-A-BERAZATEGUI-1024x512.jpg","blog_images":{"medium":"https:\/\/diarioprincipios.com\/wp-content\/uploads\/2021\/01\/LLEGA-EL-OPERATIVO-MI-REGISTRO-MI-BARRIO-A-BERAZATEGUI-300x150.jpg","large":"https:\/\/diarioprincipios.com\/wp-content\/uploads\/2021\/01\/LLEGA-EL-OPERATIVO-MI-REGISTRO-MI-BARRIO-A-BERAZATEGUI-1024x512.jpg"},"ams_acf":[],"yoast_head":"<!-- This site is optimized with the Yoast SEO plugin v27.3 - https:\/\/yoast.com\/product\/yoast-seo-wordpress\/ -->\n<title>Llega a Berazategui el Operativo &quot;Mi Registro, Mi Barrio&quot; - Principios<\/title>\n<meta name=\"robots\" content=\"index, follow, max-snippet:-1, max-image-preview:large, max-video-preview:-1\" \/>\n<link rel=\"canonical\" href=\"https:\/\/diarioprincipios.com\/index.php\/2021\/01\/01\/llega-a-berazategui-el-operativo-mi-registro-mi-barrio\/\" \/>\n<meta property=\"og:locale\" content=\"es_ES\" \/>\n<meta property=\"og:type\" content=\"article\" \/>\n<meta property=\"og:title\" content=\"Llega a Berazategui el Operativo &quot;Mi Registro, Mi Barrio&quot; - Principios\" \/>\n<meta property=\"og:description\" content=\"El Gobierno de la provincia de Buenos Aires puso en marcha el Programa \u201cMi Registro, Mi Barrio\u201d para acercar a los vecinos y vecinas de todos los municipios la gesti\u00f3n de DNI, la solicitud y rectificaci\u00f3n de partidas, la realizaci\u00f3n de cambios de g\u00e9nero en la documentaci\u00f3n, certificaciones y reconocimientos. En Berazategui, este lunes 4...\" \/>\n<meta property=\"og:url\" content=\"https:\/\/diarioprincipios.com\/index.php\/2021\/01\/01\/llega-a-berazategui-el-operativo-mi-registro-mi-barrio\/\" \/>\n<meta property=\"og:site_name\" content=\"Principios\" \/>\n<meta property=\"article:published_time\" content=\"2021-01-01T18:32:09+00:00\" \/>\n<meta property=\"article:modified_time\" content=\"2021-01-01T18:32:13+00:00\" \/>\n<meta property=\"og:image\" content=\"https:\/\/diarioprincipios.com\/wp-content\/uploads\/2021\/01\/LLEGA-EL-OPERATIVO-MI-REGISTRO-MI-BARRIO-A-BERAZATEGUI.jpg\" \/>\n\t<meta property=\"og:image:width\" content=\"1200\" \/>\n\t<meta property=\"og:image:height\" content=\"600\" \/>\n\t<meta property=\"og:image:type\" content=\"image\/jpeg\" \/>\n<meta name=\"author\" content=\"Hern\u00e1n L\u00f3pez\" \/>\n<meta name=\"twitter:card\" content=\"summary_large_image\" \/>\n<meta name=\"twitter:label1\" content=\"Escrito por\" \/>\n\t<meta name=\"twitter:data1\" content=\"Hern\u00e1n L\u00f3pez\" \/>\n\t<meta name=\"twitter:label2\" content=\"Tiempo de lectura\" \/>\n\t<meta name=\"twitter:data2\" content=\"1 minuto\" \/>\n<script type=\"application\/ld+json\" class=\"yoast-schema-graph\">{\"@context\":\"https:\\\/\\\/schema.org\",\"@graph\":[{\"@type\":\"Article\",\"@id\":\"https:\\\/\\\/diarioprincipios.com\\\/index.php\\\/2021\\\/01\\\/01\\\/llega-a-berazategui-el-operativo-mi-registro-mi-barrio\\\/#article\",\"isPartOf\":{\"@id\":\"https:\\\/\\\/diarioprincipios.com\\\/index.php\\\/2021\\\/01\\\/01\\\/llega-a-berazategui-el-operativo-mi-registro-mi-barrio\\\/\"},\"author\":{\"name\":\"Hern\u00e1n L\u00f3pez\",\"@id\":\"https:\\\/\\\/diarioprincipios.com\\\/#\\\/schema\\\/person\\\/436d5a1fd41a5e250e23ff5a6a7cb080\"},\"headline\":\"Llega a Berazategui el Operativo \u00abMi Registro, Mi Barrio\u00bb\",\"datePublished\":\"2021-01-01T18:32:09+00:00\",\"dateModified\":\"2021-01-01T18:32:13+00:00\",\"mainEntityOfPage\":{\"@id\":\"https:\\\/\\\/diarioprincipios.com\\\/index.php\\\/2021\\\/01\\\/01\\\/llega-a-berazategui-el-operativo-mi-registro-mi-barrio\\\/\"},\"wordCount\":210,\"commentCount\":0,\"publisher\":{\"@id\":\"https:\\\/\\\/diarioprincipios.com\\\/#organization\"},\"image\":{\"@id\":\"https:\\\/\\\/diarioprincipios.com\\\/index.php\\\/2021\\\/01\\\/01\\\/llega-a-berazategui-el-operativo-mi-registro-mi-barrio\\\/#primaryimage\"},\"thumbnailUrl\":\"https:\\\/\\\/diarioprincipios.com\\\/wp-content\\\/uploads\\\/2021\\\/01\\\/LLEGA-EL-OPERATIVO-MI-REGISTRO-MI-BARRIO-A-BERAZATEGUI.jpg\",\"articleSection\":[\"Berazategui\"],\"inLanguage\":\"es\",\"potentialAction\":[{\"@type\":\"CommentAction\",\"name\":\"Comment\",\"target\":[\"https:\\\/\\\/diarioprincipios.com\\\/index.php\\\/2021\\\/01\\\/01\\\/llega-a-berazategui-el-operativo-mi-registro-mi-barrio\\\/#respond\"]}]},{\"@type\":\"WebPage\",\"@id\":\"https:\\\/\\\/diarioprincipios.com\\\/index.php\\\/2021\\\/01\\\/01\\\/llega-a-berazategui-el-operativo-mi-registro-mi-barrio\\\/\",\"url\":\"https:\\\/\\\/diarioprincipios.com\\\/index.php\\\/2021\\\/01\\\/01\\\/llega-a-berazategui-el-operativo-mi-registro-mi-barrio\\\/\",\"name\":\"Llega a Berazategui el Operativo \\\"Mi Registro, Mi Barrio\\\" - Principios\",\"isPartOf\":{\"@id\":\"https:\\\/\\\/diarioprincipios.com\\\/#website\"},\"primaryImageOfPage\":{\"@id\":\"https:\\\/\\\/diarioprincipios.com\\\/index.php\\\/2021\\\/01\\\/01\\\/llega-a-berazategui-el-operativo-mi-registro-mi-barrio\\\/#primaryimage\"},\"image\":{\"@id\":\"https:\\\/\\\/diarioprincipios.com\\\/index.php\\\/2021\\\/01\\\/01\\\/llega-a-berazategui-el-operativo-mi-registro-mi-barrio\\\/#primaryimage\"},\"thumbnailUrl\":\"https:\\\/\\\/diarioprincipios.com\\\/wp-content\\\/uploads\\\/2021\\\/01\\\/LLEGA-EL-OPERATIVO-MI-REGISTRO-MI-BARRIO-A-BERAZATEGUI.jpg\",\"datePublished\":\"2021-01-01T18:32:09+00:00\",\"dateModified\":\"2021-01-01T18:32:13+00:00\",\"breadcrumb\":{\"@id\":\"https:\\\/\\\/diarioprincipios.com\\\/index.php\\\/2021\\\/01\\\/01\\\/llega-a-berazategui-el-operativo-mi-registro-mi-barrio\\\/#breadcrumb\"},\"inLanguage\":\"es\",\"potentialAction\":[{\"@type\":\"ReadAction\",\"target\":[\"https:\\\/\\\/diarioprincipios.com\\\/index.php\\\/2021\\\/01\\\/01\\\/llega-a-berazategui-el-operativo-mi-registro-mi-barrio\\\/\"]}]},{\"@type\":\"ImageObject\",\"inLanguage\":\"es\",\"@id\":\"https:\\\/\\\/diarioprincipios.com\\\/index.php\\\/2021\\\/01\\\/01\\\/llega-a-berazategui-el-operativo-mi-registro-mi-barrio\\\/#primaryimage\",\"url\":\"https:\\\/\\\/diarioprincipios.com\\\/wp-content\\\/uploads\\\/2021\\\/01\\\/LLEGA-EL-OPERATIVO-MI-REGISTRO-MI-BARRIO-A-BERAZATEGUI.jpg\",\"contentUrl\":\"https:\\\/\\\/diarioprincipios.com\\\/wp-content\\\/uploads\\\/2021\\\/01\\\/LLEGA-EL-OPERATIVO-MI-REGISTRO-MI-BARRIO-A-BERAZATEGUI.jpg\",\"width\":1200,\"height\":600},{\"@type\":\"BreadcrumbList\",\"@id\":\"https:\\\/\\\/diarioprincipios.com\\\/index.php\\\/2021\\\/01\\\/01\\\/llega-a-berazategui-el-operativo-mi-registro-mi-barrio\\\/#breadcrumb\",\"itemListElement\":[{\"@type\":\"ListItem\",\"position\":1,\"name\":\"Portada\",\"item\":\"https:\\\/\\\/diarioprincipios.com\\\/\"},{\"@type\":\"ListItem\",\"position\":2,\"name\":\"Llega a Berazategui el Operativo \u00abMi Registro, Mi Barrio\u00bb\"}]},{\"@type\":\"WebSite\",\"@id\":\"https:\\\/\\\/diarioprincipios.com\\\/#website\",\"url\":\"https:\\\/\\\/diarioprincipios.com\\\/\",\"name\":\"Principios\",\"description\":\"Principios Diario\",\"publisher\":{\"@id\":\"https:\\\/\\\/diarioprincipios.com\\\/#organization\"},\"potentialAction\":[{\"@type\":\"SearchAction\",\"target\":{\"@type\":\"EntryPoint\",\"urlTemplate\":\"https:\\\/\\\/diarioprincipios.com\\\/?s={search_term_string}\"},\"query-input\":{\"@type\":\"PropertyValueSpecification\",\"valueRequired\":true,\"valueName\":\"search_term_string\"}}],\"inLanguage\":\"es\"},{\"@type\":\"Organization\",\"@id\":\"https:\\\/\\\/diarioprincipios.com\\\/#organization\",\"name\":\"Principios\",\"url\":\"https:\\\/\\\/diarioprincipios.com\\\/\",\"logo\":{\"@type\":\"ImageObject\",\"inLanguage\":\"es\",\"@id\":\"https:\\\/\\\/diarioprincipios.com\\\/#\\\/schema\\\/logo\\\/image\\\/\",\"url\":\"https:\\\/\\\/diarioprincipios.com\\\/wp-content\\\/uploads\\\/2024\\\/04\\\/cropped-www.diarioprincipios.com_-1.png\",\"contentUrl\":\"https:\\\/\\\/diarioprincipios.com\\\/wp-content\\\/uploads\\\/2024\\\/04\\\/cropped-www.diarioprincipios.com_-1.png\",\"width\":5325,\"height\":1454,\"caption\":\"Principios\"},\"image\":{\"@id\":\"https:\\\/\\\/diarioprincipios.com\\\/#\\\/schema\\\/logo\\\/image\\\/\"}},{\"@type\":\"Person\",\"@id\":\"https:\\\/\\\/diarioprincipios.com\\\/#\\\/schema\\\/person\\\/436d5a1fd41a5e250e23ff5a6a7cb080\",\"name\":\"Hern\u00e1n L\u00f3pez\",\"image\":{\"@type\":\"ImageObject\",\"inLanguage\":\"es\",\"@id\":\"https:\\\/\\\/diarioprincipios.com\\\/wp-content\\\/litespeed\\\/avatar\\\/11ddfe5610ff3bd100522525b2571f48.jpg?ver=1777048341\",\"url\":\"https:\\\/\\\/diarioprincipios.com\\\/wp-content\\\/litespeed\\\/avatar\\\/11ddfe5610ff3bd100522525b2571f48.jpg?ver=1777048341\",\"contentUrl\":\"https:\\\/\\\/diarioprincipios.com\\\/wp-content\\\/litespeed\\\/avatar\\\/11ddfe5610ff3bd100522525b2571f48.jpg?ver=1777048341\",\"caption\":\"Hern\u00e1n L\u00f3pez\"},\"url\":\"https:\\\/\\\/diarioprincipios.com\\\/index.php\\\/author\\\/hernan\\\/\"}]}<\/script>\n<!-- \/ Yoast SEO plugin. -->","yoast_head_json":{"title":"Llega a Berazategui el Operativo \"Mi Registro, Mi Barrio\" - Principios","robots":{"index":"index","follow":"follow","max-snippet":"max-snippet:-1","max-image-preview":"max-image-preview:large","max-video-preview":"max-video-preview:-1"},"canonical":"https:\/\/diarioprincipios.com\/index.php\/2021\/01\/01\/llega-a-berazategui-el-operativo-mi-registro-mi-barrio\/","og_locale":"es_ES","og_type":"article","og_title":"Llega a Berazategui el Operativo \"Mi Registro, Mi Barrio\" - Principios","og_description":"El Gobierno de la provincia de Buenos Aires puso en marcha el Programa \u201cMi Registro, Mi Barrio\u201d para acercar a los vecinos y vecinas de todos los municipios la gesti\u00f3n de DNI, la solicitud y rectificaci\u00f3n de partidas, la realizaci\u00f3n de cambios de g\u00e9nero en la documentaci\u00f3n, certificaciones y reconocimientos. En Berazategui, este lunes 4...","og_url":"https:\/\/diarioprincipios.com\/index.php\/2021\/01\/01\/llega-a-berazategui-el-operativo-mi-registro-mi-barrio\/","og_site_name":"Principios","article_published_time":"2021-01-01T18:32:09+00:00","article_modified_time":"2021-01-01T18:32:13+00:00","og_image":[{"width":1200,"height":600,"url":"https:\/\/diarioprincipios.com\/wp-content\/uploads\/2021\/01\/LLEGA-EL-OPERATIVO-MI-REGISTRO-MI-BARRIO-A-BERAZATEGUI.jpg","type":"image\/jpeg"}],"author":"Hern\u00e1n L\u00f3pez","twitter_card":"summary_large_image","twitter_misc":{"Escrito por":"Hern\u00e1n L\u00f3pez","Tiempo de lectura":"1 minuto"},"schema":{"@context":"https:\/\/schema.org","@graph":[{"@type":"Article","@id":"https:\/\/diarioprincipios.com\/index.php\/2021\/01\/01\/llega-a-berazategui-el-operativo-mi-registro-mi-barrio\/#article","isPartOf":{"@id":"https:\/\/diarioprincipios.com\/index.php\/2021\/01\/01\/llega-a-berazategui-el-operativo-mi-registro-mi-barrio\/"},"author":{"name":"Hern\u00e1n L\u00f3pez","@id":"https:\/\/diarioprincipios.com\/#\/schema\/person\/436d5a1fd41a5e250e23ff5a6a7cb080"},"headline":"Llega a Berazategui el Operativo \u00abMi Registro, Mi Barrio\u00bb","datePublished":"2021-01-01T18:32:09+00:00","dateModified":"2021-01-01T18:32:13+00:00","mainEntityOfPage":{"@id":"https:\/\/diarioprincipios.com\/index.php\/2021\/01\/01\/llega-a-berazategui-el-operativo-mi-registro-mi-barrio\/"},"wordCount":210,"commentCount":0,"publisher":{"@id":"https:\/\/diarioprincipios.com\/#organization"},"image":{"@id":"https:\/\/diarioprincipios.com\/index.php\/2021\/01\/01\/llega-a-berazategui-el-operativo-mi-registro-mi-barrio\/#primaryimage"},"thumbnailUrl":"https:\/\/diarioprincipios.com\/wp-content\/uploads\/2021\/01\/LLEGA-EL-OPERATIVO-MI-REGISTRO-MI-BARRIO-A-BERAZATEGUI.jpg","articleSection":["Berazategui"],"inLanguage":"es","potentialAction":[{"@type":"CommentAction","name":"Comment","target":["https:\/\/diarioprincipios.com\/index.php\/2021\/01\/01\/llega-a-berazategui-el-operativo-mi-registro-mi-barrio\/#respond"]}]},{"@type":"WebPage","@id":"https:\/\/diarioprincipios.com\/index.php\/2021\/01\/01\/llega-a-berazategui-el-operativo-mi-registro-mi-barrio\/","url":"https:\/\/diarioprincipios.com\/index.php\/2021\/01\/01\/llega-a-berazategui-el-operativo-mi-registro-mi-barrio\/","name":"Llega a Berazategui el Operativo \"Mi Registro, Mi Barrio\" - Principios","isPartOf":{"@id":"https:\/\/diarioprincipios.com\/#website"},"primaryImageOfPage":{"@id":"https:\/\/diarioprincipios.com\/index.php\/2021\/01\/01\/llega-a-berazategui-el-operativo-mi-registro-mi-barrio\/#primaryimage"},"image":{"@id":"https:\/\/diarioprincipios.com\/index.php\/2021\/01\/01\/llega-a-berazategui-el-operativo-mi-registro-mi-barrio\/#primaryimage"},"thumbnailUrl":"https:\/\/diarioprincipios.com\/wp-content\/uploads\/2021\/01\/LLEGA-EL-OPERATIVO-MI-REGISTRO-MI-BARRIO-A-BERAZATEGUI.jpg","datePublished":"2021-01-01T18:32:09+00:00","dateModified":"2021-01-01T18:32:13+00:00","breadcrumb":{"@id":"https:\/\/diarioprincipios.com\/index.php\/2021\/01\/01\/llega-a-berazategui-el-operativo-mi-registro-mi-barrio\/#breadcrumb"},"inLanguage":"es","potentialAction":[{"@type":"ReadAction","target":["https:\/\/diarioprincipios.com\/index.php\/2021\/01\/01\/llega-a-berazategui-el-operativo-mi-registro-mi-barrio\/"]}]},{"@type":"ImageObject","inLanguage":"es","@id":"https:\/\/diarioprincipios.com\/index.php\/2021\/01\/01\/llega-a-berazategui-el-operativo-mi-registro-mi-barrio\/#primaryimage","url":"https:\/\/diarioprincipios.com\/wp-content\/uploads\/2021\/01\/LLEGA-EL-OPERATIVO-MI-REGISTRO-MI-BARRIO-A-BERAZATEGUI.jpg","contentUrl":"https:\/\/diarioprincipios.com\/wp-content\/uploads\/2021\/01\/LLEGA-EL-OPERATIVO-MI-REGISTRO-MI-BARRIO-A-BERAZATEGUI.jpg","width":1200,"height":600},{"@type":"BreadcrumbList","@id":"https:\/\/diarioprincipios.com\/index.php\/2021\/01\/01\/llega-a-berazategui-el-operativo-mi-registro-mi-barrio\/#breadcrumb","itemListElement":[{"@type":"ListItem","position":1,"name":"Portada","item":"https:\/\/diarioprincipios.com\/"},{"@type":"ListItem","position":2,"name":"Llega a Berazategui el Operativo \u00abMi Registro, Mi Barrio\u00bb"}]},{"@type":"WebSite","@id":"https:\/\/diarioprincipios.com\/#website","url":"https:\/\/diarioprincipios.com\/","name":"Principios","description":"Principios Diario","publisher":{"@id":"https:\/\/diarioprincipios.com\/#organization"},"potentialAction":[{"@type":"SearchAction","target":{"@type":"EntryPoint","urlTemplate":"https:\/\/diarioprincipios.com\/?s={search_term_string}"},"query-input":{"@type":"PropertyValueSpecification","valueRequired":true,"valueName":"search_term_string"}}],"inLanguage":"es"},{"@type":"Organization","@id":"https:\/\/diarioprincipios.com\/#organization","name":"Principios","url":"https:\/\/diarioprincipios.com\/","logo":{"@type":"ImageObject","inLanguage":"es","@id":"https:\/\/diarioprincipios.com\/#\/schema\/logo\/image\/","url":"https:\/\/diarioprincipios.com\/wp-content\/uploads\/2024\/04\/cropped-www.diarioprincipios.com_-1.png","contentUrl":"https:\/\/diarioprincipios.com\/wp-content\/uploads\/2024\/04\/cropped-www.diarioprincipios.com_-1.png","width":5325,"height":1454,"caption":"Principios"},"image":{"@id":"https:\/\/diarioprincipios.com\/#\/schema\/logo\/image\/"}},{"@type":"Person","@id":"https:\/\/diarioprincipios.com\/#\/schema\/person\/436d5a1fd41a5e250e23ff5a6a7cb080","name":"Hern\u00e1n L\u00f3pez","image":{"@type":"ImageObject","inLanguage":"es","@id":"https:\/\/diarioprincipios.com\/wp-content\/litespeed\/avatar\/11ddfe5610ff3bd100522525b2571f48.jpg?ver=1777048341","url":"https:\/\/diarioprincipios.com\/wp-content\/litespeed\/avatar\/11ddfe5610ff3bd100522525b2571f48.jpg?ver=1777048341","contentUrl":"https:\/\/diarioprincipios.com\/wp-content\/litespeed\/avatar\/11ddfe5610ff3bd100522525b2571f48.jpg?ver=1777048341","caption":"Hern\u00e1n L\u00f3pez"},"url":"https:\/\/diarioprincipios.com\/index.php\/author\/hernan\/"}]}},"jetpack_featured_media_url":"https:\/\/diarioprincipios.com\/wp-content\/uploads\/2021\/01\/LLEGA-EL-OPERATIVO-MI-REGISTRO-MI-BARRIO-A-BERAZATEGUI.jpg","_links":{"self":[{"href":"https:\/\/diarioprincipios.com\/index.php\/wp-json\/wp\/v2\/posts\/8007","targetHints":{"allow":["GET"]}}],"collection":[{"href":"https:\/\/diarioprincipios.com\/index.php\/wp-json\/wp\/v2\/posts"}],"about":[{"href":"https:\/\/diarioprincipios.com\/index.php\/wp-json\/wp\/v2\/types\/post"}],"author":[{"embeddable":true,"href":"https:\/\/diarioprincipios.com\/index.php\/wp-json\/wp\/v2\/users\/2"}],"replies":[{"embeddable":true,"href":"https:\/\/diarioprincipios.com\/index.php\/wp-json\/wp\/v2\/comments?post=8007"}],"version-history":[{"count":1,"href":"https:\/\/diarioprincipios.com\/index.php\/wp-json\/wp\/v2\/posts\/8007\/revisions"}],"predecessor-version":[{"id":8009,"href":"https:\/\/diarioprincipios.com\/index.php\/wp-json\/wp\/v2\/posts\/8007\/revisions\/8009"}],"wp:featuredmedia":[{"embeddable":true,"href":"https:\/\/diarioprincipios.com\/index.php\/wp-json\/wp\/v2\/media\/8008"}],"wp:attachment":[{"href":"https:\/\/diarioprincipios.com\/index.php\/wp-json\/wp\/v2\/media?parent=8007"}],"wp:term":[{"taxonomy":"category","embeddable":true,"href":"https:\/\/diarioprincipios.com\/index.php\/wp-json\/wp\/v2\/categories?post=8007"},{"taxonomy":"post_tag","embeddable":true,"href":"https:\/\/diarioprincipios.com\/index.php\/wp-json\/wp\/v2\/tags?post=8007"}],"curies":[{"name":"wp","href":"https:\/\/api.w.org\/{rel}","templated":true}]}}