{"id":8001,"date":"2021-01-01T15:15:15","date_gmt":"2021-01-01T18:15:15","guid":{"rendered":"http:\/\/diarioprincipios.com\/?p=8001"},"modified":"2021-01-01T15:15:17","modified_gmt":"2021-01-01T18:15:17","slug":"el-centro-de-gestion-sustentable-de-berazategui-recibe-residuos-voluminosos","status":"publish","type":"post","link":"https:\/\/diarioprincipios.com\/index.php\/2021\/01\/01\/el-centro-de-gestion-sustentable-de-berazategui-recibe-residuos-voluminosos\/","title":{"rendered":"El Centro de Gesti\u00f3n Sustentable de Berazategui recibe residuos voluminosos"},"content":{"rendered":"\n<p><strong>El espacio ubicado en Av. Padre Mugica (33) y 162, Pl\u00e1tanos Norte, recibe ramas, bolsas con pasto, tierra, escombros, aparatos electr\u00f3nicos, muebles, chatarra, entre otros residuos voluminosos. El objetivo del Centro de Gesti\u00f3n Sustentable es disminuir la cantidad de basura que se lleva a CEAMSE y, tambi\u00e9n, eliminar los puntos de arrojo que se generan en la Ciudad.<\/strong><\/p>\n\n\n\n<p>En este sentido, cabe recordar que los elementos mencionados no son residuos convencionales y est\u00e1 prohibido dejarlos en los cestos o en la v\u00eda p\u00fablica.<\/p>\n\n\n\n<p>De esta manera, los vecinos pueden acercar sus residuos voluminosos de lunes a s\u00e1bados de 8.00 a 16.00, y los domingos y feriados de 9.00 a 13.00.<\/p>\n","protected":false},"excerpt":{"rendered":"<p>El espacio ubicado en Av. Padre Mugica (33) y 162, Pl\u00e1tanos Norte, recibe ramas, bolsas con pasto, tierra, escombros, aparatos electr\u00f3nicos, muebles, chatarra, entre otros residuos voluminosos. El objetivo del Centro de Gesti\u00f3n Sustentable es disminuir la cantidad de basura que se lleva a CEAMSE y, tambi\u00e9n, eliminar los puntos de arrojo que se generan&#8230;<\/p>\n","protected":false},"author":2,"featured_media":8002,"comment_status":"open","ping_status":"open","sticky":false,"template":"","format":"standard","meta":{"footnotes":""},"categories":[3],"tags":[],"class_list":["post-8001","post","type-post","status-publish","format-standard","has-post-thumbnail","hentry","category-berazategui"],"featured_image_src":"https:\/\/diarioprincipios.com\/wp-content\/uploads\/2021\/01\/EL-CENTRO-DE-GESTION-SUSTENTABLE-DE-BERAZATEGUI-RECIBE-RESIDUOS-VOLUMINOSOS-1024x683.jpg","blog_images":{"medium":"https:\/\/diarioprincipios.com\/wp-content\/uploads\/2021\/01\/EL-CENTRO-DE-GESTION-SUSTENTABLE-DE-BERAZATEGUI-RECIBE-RESIDUOS-VOLUMINOSOS-300x200.jpg","large":"https:\/\/diarioprincipios.com\/wp-content\/uploads\/2021\/01\/EL-CENTRO-DE-GESTION-SUSTENTABLE-DE-BERAZATEGUI-RECIBE-RESIDUOS-VOLUMINOSOS-1024x683.jpg"},"ams_acf":[],"yoast_head":"<!-- This site is optimized with the Yoast SEO plugin v27.3 - https:\/\/yoast.com\/product\/yoast-seo-wordpress\/ -->\n<title>El Centro de Gesti\u00f3n Sustentable de Berazategui recibe residuos voluminosos - Principios<\/title>\n<meta name=\"robots\" content=\"index, follow, max-snippet:-1, max-image-preview:large, max-video-preview:-1\" \/>\n<link rel=\"canonical\" href=\"https:\/\/diarioprincipios.com\/index.php\/2021\/01\/01\/el-centro-de-gestion-sustentable-de-berazategui-recibe-residuos-voluminosos\/\" \/>\n<meta property=\"og:locale\" content=\"es_ES\" \/>\n<meta property=\"og:type\" content=\"article\" \/>\n<meta property=\"og:title\" content=\"El Centro de Gesti\u00f3n Sustentable de Berazategui recibe residuos voluminosos - Principios\" \/>\n<meta property=\"og:description\" content=\"El espacio ubicado en Av. Padre Mugica (33) y 162, Pl\u00e1tanos Norte, recibe ramas, bolsas con pasto, tierra, escombros, aparatos electr\u00f3nicos, muebles, chatarra, entre otros residuos voluminosos. El objetivo del Centro de Gesti\u00f3n Sustentable es disminuir la cantidad de basura que se lleva a CEAMSE y, tambi\u00e9n, eliminar los puntos de arrojo que se generan...\" \/>\n<meta property=\"og:url\" content=\"https:\/\/diarioprincipios.com\/index.php\/2021\/01\/01\/el-centro-de-gestion-sustentable-de-berazategui-recibe-residuos-voluminosos\/\" \/>\n<meta property=\"og:site_name\" content=\"Principios\" \/>\n<meta property=\"article:published_time\" content=\"2021-01-01T18:15:15+00:00\" \/>\n<meta property=\"article:modified_time\" content=\"2021-01-01T18:15:17+00:00\" \/>\n<meta property=\"og:image\" content=\"https:\/\/diarioprincipios.com\/wp-content\/uploads\/2021\/01\/EL-CENTRO-DE-GESTION-SUSTENTABLE-DE-BERAZATEGUI-RECIBE-RESIDUOS-VOLUMINOSOS.jpg\" \/>\n\t<meta property=\"og:image:width\" content=\"1920\" \/>\n\t<meta property=\"og:image:height\" content=\"1280\" \/>\n\t<meta property=\"og:image:type\" content=\"image\/jpeg\" \/>\n<meta name=\"author\" content=\"Hern\u00e1n L\u00f3pez\" \/>\n<meta name=\"twitter:card\" content=\"summary_large_image\" \/>\n<meta name=\"twitter:label1\" content=\"Escrito por\" \/>\n\t<meta name=\"twitter:data1\" content=\"Hern\u00e1n L\u00f3pez\" \/>\n\t<meta name=\"twitter:label2\" content=\"Tiempo de lectura\" \/>\n\t<meta name=\"twitter:data2\" content=\"1 minuto\" \/>\n<script type=\"application\/ld+json\" class=\"yoast-schema-graph\">{\"@context\":\"https:\\\/\\\/schema.org\",\"@graph\":[{\"@type\":\"Article\",\"@id\":\"https:\\\/\\\/diarioprincipios.com\\\/index.php\\\/2021\\\/01\\\/01\\\/el-centro-de-gestion-sustentable-de-berazategui-recibe-residuos-voluminosos\\\/#article\",\"isPartOf\":{\"@id\":\"https:\\\/\\\/diarioprincipios.com\\\/index.php\\\/2021\\\/01\\\/01\\\/el-centro-de-gestion-sustentable-de-berazategui-recibe-residuos-voluminosos\\\/\"},\"author\":{\"name\":\"Hern\u00e1n L\u00f3pez\",\"@id\":\"https:\\\/\\\/diarioprincipios.com\\\/#\\\/schema\\\/person\\\/436d5a1fd41a5e250e23ff5a6a7cb080\"},\"headline\":\"El Centro de Gesti\u00f3n Sustentable de Berazategui recibe residuos voluminosos\",\"datePublished\":\"2021-01-01T18:15:15+00:00\",\"dateModified\":\"2021-01-01T18:15:17+00:00\",\"mainEntityOfPage\":{\"@id\":\"https:\\\/\\\/diarioprincipios.com\\\/index.php\\\/2021\\\/01\\\/01\\\/el-centro-de-gestion-sustentable-de-berazategui-recibe-residuos-voluminosos\\\/\"},\"wordCount\":122,\"commentCount\":0,\"publisher\":{\"@id\":\"https:\\\/\\\/diarioprincipios.com\\\/#organization\"},\"image\":{\"@id\":\"https:\\\/\\\/diarioprincipios.com\\\/index.php\\\/2021\\\/01\\\/01\\\/el-centro-de-gestion-sustentable-de-berazategui-recibe-residuos-voluminosos\\\/#primaryimage\"},\"thumbnailUrl\":\"https:\\\/\\\/diarioprincipios.com\\\/wp-content\\\/uploads\\\/2021\\\/01\\\/EL-CENTRO-DE-GESTION-SUSTENTABLE-DE-BERAZATEGUI-RECIBE-RESIDUOS-VOLUMINOSOS.jpg\",\"articleSection\":[\"Berazategui\"],\"inLanguage\":\"es\",\"potentialAction\":[{\"@type\":\"CommentAction\",\"name\":\"Comment\",\"target\":[\"https:\\\/\\\/diarioprincipios.com\\\/index.php\\\/2021\\\/01\\\/01\\\/el-centro-de-gestion-sustentable-de-berazategui-recibe-residuos-voluminosos\\\/#respond\"]}]},{\"@type\":\"WebPage\",\"@id\":\"https:\\\/\\\/diarioprincipios.com\\\/index.php\\\/2021\\\/01\\\/01\\\/el-centro-de-gestion-sustentable-de-berazategui-recibe-residuos-voluminosos\\\/\",\"url\":\"https:\\\/\\\/diarioprincipios.com\\\/index.php\\\/2021\\\/01\\\/01\\\/el-centro-de-gestion-sustentable-de-berazategui-recibe-residuos-voluminosos\\\/\",\"name\":\"El Centro de Gesti\u00f3n Sustentable de Berazategui recibe residuos voluminosos - Principios\",\"isPartOf\":{\"@id\":\"https:\\\/\\\/diarioprincipios.com\\\/#website\"},\"primaryImageOfPage\":{\"@id\":\"https:\\\/\\\/diarioprincipios.com\\\/index.php\\\/2021\\\/01\\\/01\\\/el-centro-de-gestion-sustentable-de-berazategui-recibe-residuos-voluminosos\\\/#primaryimage\"},\"image\":{\"@id\":\"https:\\\/\\\/diarioprincipios.com\\\/index.php\\\/2021\\\/01\\\/01\\\/el-centro-de-gestion-sustentable-de-berazategui-recibe-residuos-voluminosos\\\/#primaryimage\"},\"thumbnailUrl\":\"https:\\\/\\\/diarioprincipios.com\\\/wp-content\\\/uploads\\\/2021\\\/01\\\/EL-CENTRO-DE-GESTION-SUSTENTABLE-DE-BERAZATEGUI-RECIBE-RESIDUOS-VOLUMINOSOS.jpg\",\"datePublished\":\"2021-01-01T18:15:15+00:00\",\"dateModified\":\"2021-01-01T18:15:17+00:00\",\"breadcrumb\":{\"@id\":\"https:\\\/\\\/diarioprincipios.com\\\/index.php\\\/2021\\\/01\\\/01\\\/el-centro-de-gestion-sustentable-de-berazategui-recibe-residuos-voluminosos\\\/#breadcrumb\"},\"inLanguage\":\"es\",\"potentialAction\":[{\"@type\":\"ReadAction\",\"target\":[\"https:\\\/\\\/diarioprincipios.com\\\/index.php\\\/2021\\\/01\\\/01\\\/el-centro-de-gestion-sustentable-de-berazategui-recibe-residuos-voluminosos\\\/\"]}]},{\"@type\":\"ImageObject\",\"inLanguage\":\"es\",\"@id\":\"https:\\\/\\\/diarioprincipios.com\\\/index.php\\\/2021\\\/01\\\/01\\\/el-centro-de-gestion-sustentable-de-berazategui-recibe-residuos-voluminosos\\\/#primaryimage\",\"url\":\"https:\\\/\\\/diarioprincipios.com\\\/wp-content\\\/uploads\\\/2021\\\/01\\\/EL-CENTRO-DE-GESTION-SUSTENTABLE-DE-BERAZATEGUI-RECIBE-RESIDUOS-VOLUMINOSOS.jpg\",\"contentUrl\":\"https:\\\/\\\/diarioprincipios.com\\\/wp-content\\\/uploads\\\/2021\\\/01\\\/EL-CENTRO-DE-GESTION-SUSTENTABLE-DE-BERAZATEGUI-RECIBE-RESIDUOS-VOLUMINOSOS.jpg\",\"width\":1920,\"height\":1280},{\"@type\":\"BreadcrumbList\",\"@id\":\"https:\\\/\\\/diarioprincipios.com\\\/index.php\\\/2021\\\/01\\\/01\\\/el-centro-de-gestion-sustentable-de-berazategui-recibe-residuos-voluminosos\\\/#breadcrumb\",\"itemListElement\":[{\"@type\":\"ListItem\",\"position\":1,\"name\":\"Portada\",\"item\":\"https:\\\/\\\/diarioprincipios.com\\\/\"},{\"@type\":\"ListItem\",\"position\":2,\"name\":\"El Centro de Gesti\u00f3n Sustentable de Berazategui recibe residuos voluminosos\"}]},{\"@type\":\"WebSite\",\"@id\":\"https:\\\/\\\/diarioprincipios.com\\\/#website\",\"url\":\"https:\\\/\\\/diarioprincipios.com\\\/\",\"name\":\"Principios\",\"description\":\"Principios Diario\",\"publisher\":{\"@id\":\"https:\\\/\\\/diarioprincipios.com\\\/#organization\"},\"potentialAction\":[{\"@type\":\"SearchAction\",\"target\":{\"@type\":\"EntryPoint\",\"urlTemplate\":\"https:\\\/\\\/diarioprincipios.com\\\/?s={search_term_string}\"},\"query-input\":{\"@type\":\"PropertyValueSpecification\",\"valueRequired\":true,\"valueName\":\"search_term_string\"}}],\"inLanguage\":\"es\"},{\"@type\":\"Organization\",\"@id\":\"https:\\\/\\\/diarioprincipios.com\\\/#organization\",\"name\":\"Principios\",\"url\":\"https:\\\/\\\/diarioprincipios.com\\\/\",\"logo\":{\"@type\":\"ImageObject\",\"inLanguage\":\"es\",\"@id\":\"https:\\\/\\\/diarioprincipios.com\\\/#\\\/schema\\\/logo\\\/image\\\/\",\"url\":\"https:\\\/\\\/diarioprincipios.com\\\/wp-content\\\/uploads\\\/2024\\\/04\\\/cropped-www.diarioprincipios.com_-1.png\",\"contentUrl\":\"https:\\\/\\\/diarioprincipios.com\\\/wp-content\\\/uploads\\\/2024\\\/04\\\/cropped-www.diarioprincipios.com_-1.png\",\"width\":5325,\"height\":1454,\"caption\":\"Principios\"},\"image\":{\"@id\":\"https:\\\/\\\/diarioprincipios.com\\\/#\\\/schema\\\/logo\\\/image\\\/\"}},{\"@type\":\"Person\",\"@id\":\"https:\\\/\\\/diarioprincipios.com\\\/#\\\/schema\\\/person\\\/436d5a1fd41a5e250e23ff5a6a7cb080\",\"name\":\"Hern\u00e1n L\u00f3pez\",\"image\":{\"@type\":\"ImageObject\",\"inLanguage\":\"es\",\"@id\":\"https:\\\/\\\/diarioprincipios.com\\\/wp-content\\\/litespeed\\\/avatar\\\/11ddfe5610ff3bd100522525b2571f48.jpg?ver=1777653193\",\"url\":\"https:\\\/\\\/diarioprincipios.com\\\/wp-content\\\/litespeed\\\/avatar\\\/11ddfe5610ff3bd100522525b2571f48.jpg?ver=1777653193\",\"contentUrl\":\"https:\\\/\\\/diarioprincipios.com\\\/wp-content\\\/litespeed\\\/avatar\\\/11ddfe5610ff3bd100522525b2571f48.jpg?ver=1777653193\",\"caption\":\"Hern\u00e1n L\u00f3pez\"},\"url\":\"https:\\\/\\\/diarioprincipios.com\\\/index.php\\\/author\\\/hernan\\\/\"}]}<\/script>\n<!-- \/ Yoast SEO plugin. -->","yoast_head_json":{"title":"El Centro de Gesti\u00f3n Sustentable de Berazategui recibe residuos voluminosos - Principios","robots":{"index":"index","follow":"follow","max-snippet":"max-snippet:-1","max-image-preview":"max-image-preview:large","max-video-preview":"max-video-preview:-1"},"canonical":"https:\/\/diarioprincipios.com\/index.php\/2021\/01\/01\/el-centro-de-gestion-sustentable-de-berazategui-recibe-residuos-voluminosos\/","og_locale":"es_ES","og_type":"article","og_title":"El Centro de Gesti\u00f3n Sustentable de Berazategui recibe residuos voluminosos - Principios","og_description":"El espacio ubicado en Av. Padre Mugica (33) y 162, Pl\u00e1tanos Norte, recibe ramas, bolsas con pasto, tierra, escombros, aparatos electr\u00f3nicos, muebles, chatarra, entre otros residuos voluminosos. El objetivo del Centro de Gesti\u00f3n Sustentable es disminuir la cantidad de basura que se lleva a CEAMSE y, tambi\u00e9n, eliminar los puntos de arrojo que se generan...","og_url":"https:\/\/diarioprincipios.com\/index.php\/2021\/01\/01\/el-centro-de-gestion-sustentable-de-berazategui-recibe-residuos-voluminosos\/","og_site_name":"Principios","article_published_time":"2021-01-01T18:15:15+00:00","article_modified_time":"2021-01-01T18:15:17+00:00","og_image":[{"width":1920,"height":1280,"url":"https:\/\/diarioprincipios.com\/wp-content\/uploads\/2021\/01\/EL-CENTRO-DE-GESTION-SUSTENTABLE-DE-BERAZATEGUI-RECIBE-RESIDUOS-VOLUMINOSOS.jpg","type":"image\/jpeg"}],"author":"Hern\u00e1n L\u00f3pez","twitter_card":"summary_large_image","twitter_misc":{"Escrito por":"Hern\u00e1n L\u00f3pez","Tiempo de lectura":"1 minuto"},"schema":{"@context":"https:\/\/schema.org","@graph":[{"@type":"Article","@id":"https:\/\/diarioprincipios.com\/index.php\/2021\/01\/01\/el-centro-de-gestion-sustentable-de-berazategui-recibe-residuos-voluminosos\/#article","isPartOf":{"@id":"https:\/\/diarioprincipios.com\/index.php\/2021\/01\/01\/el-centro-de-gestion-sustentable-de-berazategui-recibe-residuos-voluminosos\/"},"author":{"name":"Hern\u00e1n L\u00f3pez","@id":"https:\/\/diarioprincipios.com\/#\/schema\/person\/436d5a1fd41a5e250e23ff5a6a7cb080"},"headline":"El Centro de Gesti\u00f3n Sustentable de Berazategui recibe residuos voluminosos","datePublished":"2021-01-01T18:15:15+00:00","dateModified":"2021-01-01T18:15:17+00:00","mainEntityOfPage":{"@id":"https:\/\/diarioprincipios.com\/index.php\/2021\/01\/01\/el-centro-de-gestion-sustentable-de-berazategui-recibe-residuos-voluminosos\/"},"wordCount":122,"commentCount":0,"publisher":{"@id":"https:\/\/diarioprincipios.com\/#organization"},"image":{"@id":"https:\/\/diarioprincipios.com\/index.php\/2021\/01\/01\/el-centro-de-gestion-sustentable-de-berazategui-recibe-residuos-voluminosos\/#primaryimage"},"thumbnailUrl":"https:\/\/diarioprincipios.com\/wp-content\/uploads\/2021\/01\/EL-CENTRO-DE-GESTION-SUSTENTABLE-DE-BERAZATEGUI-RECIBE-RESIDUOS-VOLUMINOSOS.jpg","articleSection":["Berazategui"],"inLanguage":"es","potentialAction":[{"@type":"CommentAction","name":"Comment","target":["https:\/\/diarioprincipios.com\/index.php\/2021\/01\/01\/el-centro-de-gestion-sustentable-de-berazategui-recibe-residuos-voluminosos\/#respond"]}]},{"@type":"WebPage","@id":"https:\/\/diarioprincipios.com\/index.php\/2021\/01\/01\/el-centro-de-gestion-sustentable-de-berazategui-recibe-residuos-voluminosos\/","url":"https:\/\/diarioprincipios.com\/index.php\/2021\/01\/01\/el-centro-de-gestion-sustentable-de-berazategui-recibe-residuos-voluminosos\/","name":"El Centro de Gesti\u00f3n Sustentable de Berazategui recibe residuos voluminosos - Principios","isPartOf":{"@id":"https:\/\/diarioprincipios.com\/#website"},"primaryImageOfPage":{"@id":"https:\/\/diarioprincipios.com\/index.php\/2021\/01\/01\/el-centro-de-gestion-sustentable-de-berazategui-recibe-residuos-voluminosos\/#primaryimage"},"image":{"@id":"https:\/\/diarioprincipios.com\/index.php\/2021\/01\/01\/el-centro-de-gestion-sustentable-de-berazategui-recibe-residuos-voluminosos\/#primaryimage"},"thumbnailUrl":"https:\/\/diarioprincipios.com\/wp-content\/uploads\/2021\/01\/EL-CENTRO-DE-GESTION-SUSTENTABLE-DE-BERAZATEGUI-RECIBE-RESIDUOS-VOLUMINOSOS.jpg","datePublished":"2021-01-01T18:15:15+00:00","dateModified":"2021-01-01T18:15:17+00:00","breadcrumb":{"@id":"https:\/\/diarioprincipios.com\/index.php\/2021\/01\/01\/el-centro-de-gestion-sustentable-de-berazategui-recibe-residuos-voluminosos\/#breadcrumb"},"inLanguage":"es","potentialAction":[{"@type":"ReadAction","target":["https:\/\/diarioprincipios.com\/index.php\/2021\/01\/01\/el-centro-de-gestion-sustentable-de-berazategui-recibe-residuos-voluminosos\/"]}]},{"@type":"ImageObject","inLanguage":"es","@id":"https:\/\/diarioprincipios.com\/index.php\/2021\/01\/01\/el-centro-de-gestion-sustentable-de-berazategui-recibe-residuos-voluminosos\/#primaryimage","url":"https:\/\/diarioprincipios.com\/wp-content\/uploads\/2021\/01\/EL-CENTRO-DE-GESTION-SUSTENTABLE-DE-BERAZATEGUI-RECIBE-RESIDUOS-VOLUMINOSOS.jpg","contentUrl":"https:\/\/diarioprincipios.com\/wp-content\/uploads\/2021\/01\/EL-CENTRO-DE-GESTION-SUSTENTABLE-DE-BERAZATEGUI-RECIBE-RESIDUOS-VOLUMINOSOS.jpg","width":1920,"height":1280},{"@type":"BreadcrumbList","@id":"https:\/\/diarioprincipios.com\/index.php\/2021\/01\/01\/el-centro-de-gestion-sustentable-de-berazategui-recibe-residuos-voluminosos\/#breadcrumb","itemListElement":[{"@type":"ListItem","position":1,"name":"Portada","item":"https:\/\/diarioprincipios.com\/"},{"@type":"ListItem","position":2,"name":"El Centro de Gesti\u00f3n Sustentable de Berazategui recibe residuos voluminosos"}]},{"@type":"WebSite","@id":"https:\/\/diarioprincipios.com\/#website","url":"https:\/\/diarioprincipios.com\/","name":"Principios","description":"Principios Diario","publisher":{"@id":"https:\/\/diarioprincipios.com\/#organization"},"potentialAction":[{"@type":"SearchAction","target":{"@type":"EntryPoint","urlTemplate":"https:\/\/diarioprincipios.com\/?s={search_term_string}"},"query-input":{"@type":"PropertyValueSpecification","valueRequired":true,"valueName":"search_term_string"}}],"inLanguage":"es"},{"@type":"Organization","@id":"https:\/\/diarioprincipios.com\/#organization","name":"Principios","url":"https:\/\/diarioprincipios.com\/","logo":{"@type":"ImageObject","inLanguage":"es","@id":"https:\/\/diarioprincipios.com\/#\/schema\/logo\/image\/","url":"https:\/\/diarioprincipios.com\/wp-content\/uploads\/2024\/04\/cropped-www.diarioprincipios.com_-1.png","contentUrl":"https:\/\/diarioprincipios.com\/wp-content\/uploads\/2024\/04\/cropped-www.diarioprincipios.com_-1.png","width":5325,"height":1454,"caption":"Principios"},"image":{"@id":"https:\/\/diarioprincipios.com\/#\/schema\/logo\/image\/"}},{"@type":"Person","@id":"https:\/\/diarioprincipios.com\/#\/schema\/person\/436d5a1fd41a5e250e23ff5a6a7cb080","name":"Hern\u00e1n L\u00f3pez","image":{"@type":"ImageObject","inLanguage":"es","@id":"https:\/\/diarioprincipios.com\/wp-content\/litespeed\/avatar\/11ddfe5610ff3bd100522525b2571f48.jpg?ver=1777653193","url":"https:\/\/diarioprincipios.com\/wp-content\/litespeed\/avatar\/11ddfe5610ff3bd100522525b2571f48.jpg?ver=1777653193","contentUrl":"https:\/\/diarioprincipios.com\/wp-content\/litespeed\/avatar\/11ddfe5610ff3bd100522525b2571f48.jpg?ver=1777653193","caption":"Hern\u00e1n L\u00f3pez"},"url":"https:\/\/diarioprincipios.com\/index.php\/author\/hernan\/"}]}},"jetpack_featured_media_url":"https:\/\/diarioprincipios.com\/wp-content\/uploads\/2021\/01\/EL-CENTRO-DE-GESTION-SUSTENTABLE-DE-BERAZATEGUI-RECIBE-RESIDUOS-VOLUMINOSOS.jpg","_links":{"self":[{"href":"https:\/\/diarioprincipios.com\/index.php\/wp-json\/wp\/v2\/posts\/8001","targetHints":{"allow":["GET"]}}],"collection":[{"href":"https:\/\/diarioprincipios.com\/index.php\/wp-json\/wp\/v2\/posts"}],"about":[{"href":"https:\/\/diarioprincipios.com\/index.php\/wp-json\/wp\/v2\/types\/post"}],"author":[{"embeddable":true,"href":"https:\/\/diarioprincipios.com\/index.php\/wp-json\/wp\/v2\/users\/2"}],"replies":[{"embeddable":true,"href":"https:\/\/diarioprincipios.com\/index.php\/wp-json\/wp\/v2\/comments?post=8001"}],"version-history":[{"count":1,"href":"https:\/\/diarioprincipios.com\/index.php\/wp-json\/wp\/v2\/posts\/8001\/revisions"}],"predecessor-version":[{"id":8003,"href":"https:\/\/diarioprincipios.com\/index.php\/wp-json\/wp\/v2\/posts\/8001\/revisions\/8003"}],"wp:featuredmedia":[{"embeddable":true,"href":"https:\/\/diarioprincipios.com\/index.php\/wp-json\/wp\/v2\/media\/8002"}],"wp:attachment":[{"href":"https:\/\/diarioprincipios.com\/index.php\/wp-json\/wp\/v2\/media?parent=8001"}],"wp:term":[{"taxonomy":"category","embeddable":true,"href":"https:\/\/diarioprincipios.com\/index.php\/wp-json\/wp\/v2\/categories?post=8001"},{"taxonomy":"post_tag","embeddable":true,"href":"https:\/\/diarioprincipios.com\/index.php\/wp-json\/wp\/v2\/tags?post=8001"}],"curies":[{"name":"wp","href":"https:\/\/api.w.org\/{rel}","templated":true}]}}