{"id":800,"date":"2020-04-19T17:42:02","date_gmt":"2020-04-19T17:42:02","guid":{"rendered":"http:\/\/diarioprincipios.com\/?p=800"},"modified":"2020-04-19T17:42:04","modified_gmt":"2020-04-19T17:42:04","slug":"el-uso-de-barbijo-casero-sera-obligatorio-en-el-transporte-publico-de-jurisdiccion-nacional","status":"publish","type":"post","link":"https:\/\/diarioprincipios.com\/index.php\/2020\/04\/19\/el-uso-de-barbijo-casero-sera-obligatorio-en-el-transporte-publico-de-jurisdiccion-nacional\/","title":{"rendered":"El uso de barbijo casero ser\u00e1 obligatorio en el Transporte P\u00fablico de Jurisdicci\u00f3n Nacional"},"content":{"rendered":"\n<p><em>Con el principal objetivo de prevenir la propagaci\u00f3n del coronavirus, el Ministerio de Transporte de la Naci\u00f3n determin\u00f3 que ser\u00e1 de uso obligatorio los elementos de protecci\u00f3n que cubren la nariz, la boca y el ment\u00f3n para las personas que utilicen los servicios de transporte automotor y ferroviario de jurisdicci\u00f3n nacional. La medida entra en vigencia a partir del lunes 20 de abril y acompa\u00f1a las recomendaciones dispuestas por el Ministerio de Salud en el marco de la pandemia del Covid-19.<\/em><\/p>\n\n\n\n<p>El Ministerio de Transporte de la Naci\u00f3n dict\u00f3 una resoluci\u00f3n que obliga a los usuarios del transporte automotor y ferroviario en todo el pa\u00eds a que utilicen barbijos o elementos de protecci\u00f3n que cubran nariz, boca y ment\u00f3n. La medida tiene como finalidad el desarrollo de pol\u00edticas p\u00fablicas que ayuden a prevenir el contagio de la pandemia.<\/p>\n\n\n\n<p>En este sentido, se aconseja al resto de las jurisdicciones a adherirse a la medida que estar\u00e1 vigente hasta que duren las pol\u00edticas de prevenci\u00f3n relacionadas al distanciamiento social y que tiene como objetivo evitar que se propague la expansi\u00f3n del coronavirus en el transporte p\u00fablico.&nbsp;<\/p>\n\n\n\n<p>A su vez, desde el Gobierno Nacional, a trav\u00e9s del Ministerio que conduce Mario Meoni, se contin\u00faa con las recomendaciones para adoptar conductas responsables, remarcando la importancia de reducir al m\u00ednimo posible el uso del transporte p\u00fablico por parte de los usuarios, e implementando medidas que cuiden la salud de todos los argentinos.<\/p>\n","protected":false},"excerpt":{"rendered":"<p>Con el principal objetivo de prevenir la propagaci\u00f3n del coronavirus, el Ministerio de Transporte de la Naci\u00f3n determin\u00f3 que ser\u00e1 de uso obligatorio los elementos de protecci\u00f3n que cubren la nariz, la boca y el ment\u00f3n para las personas que utilicen los servicios de transporte automotor y ferroviario de jurisdicci\u00f3n nacional. La medida entra en&#8230;<\/p>\n","protected":false},"author":2,"featured_media":801,"comment_status":"open","ping_status":"open","sticky":false,"template":"","format":"standard","meta":{"footnotes":""},"categories":[10],"tags":[],"class_list":["post-800","post","type-post","status-publish","format-standard","has-post-thumbnail","hentry","category-nacion"],"featured_image_src":"https:\/\/diarioprincipios.com\/wp-content\/uploads\/2020\/04\/tren-1024x576.jpg","blog_images":{"medium":"https:\/\/diarioprincipios.com\/wp-content\/uploads\/2020\/04\/tren-300x169.jpg","large":"https:\/\/diarioprincipios.com\/wp-content\/uploads\/2020\/04\/tren-1024x576.jpg"},"ams_acf":[],"yoast_head":"<!-- This site is optimized with the Yoast SEO plugin v27.3 - https:\/\/yoast.com\/product\/yoast-seo-wordpress\/ -->\n<title>El uso de barbijo casero ser\u00e1 obligatorio en el Transporte P\u00fablico de Jurisdicci\u00f3n Nacional - Principios<\/title>\n<meta name=\"robots\" content=\"index, follow, max-snippet:-1, max-image-preview:large, max-video-preview:-1\" \/>\n<link rel=\"canonical\" href=\"https:\/\/diarioprincipios.com\/index.php\/2020\/04\/19\/el-uso-de-barbijo-casero-sera-obligatorio-en-el-transporte-publico-de-jurisdiccion-nacional\/\" \/>\n<meta property=\"og:locale\" content=\"es_ES\" \/>\n<meta property=\"og:type\" content=\"article\" \/>\n<meta property=\"og:title\" content=\"El uso de barbijo casero ser\u00e1 obligatorio en el Transporte P\u00fablico de Jurisdicci\u00f3n Nacional - Principios\" \/>\n<meta property=\"og:description\" content=\"Con el principal objetivo de prevenir la propagaci\u00f3n del coronavirus, el Ministerio de Transporte de la Naci\u00f3n determin\u00f3 que ser\u00e1 de uso obligatorio los elementos de protecci\u00f3n que cubren la nariz, la boca y el ment\u00f3n para las personas que utilicen los servicios de transporte automotor y ferroviario de jurisdicci\u00f3n nacional. La medida entra en...\" \/>\n<meta property=\"og:url\" content=\"https:\/\/diarioprincipios.com\/index.php\/2020\/04\/19\/el-uso-de-barbijo-casero-sera-obligatorio-en-el-transporte-publico-de-jurisdiccion-nacional\/\" \/>\n<meta property=\"og:site_name\" content=\"Principios\" \/>\n<meta property=\"article:published_time\" content=\"2020-04-19T17:42:02+00:00\" \/>\n<meta property=\"article:modified_time\" content=\"2020-04-19T17:42:04+00:00\" \/>\n<meta property=\"og:image\" content=\"https:\/\/diarioprincipios.com\/wp-content\/uploads\/2020\/04\/tren.jpg\" \/>\n\t<meta property=\"og:image:width\" content=\"1920\" \/>\n\t<meta property=\"og:image:height\" content=\"1080\" \/>\n\t<meta property=\"og:image:type\" content=\"image\/jpeg\" \/>\n<meta name=\"author\" content=\"Hern\u00e1n L\u00f3pez\" \/>\n<meta name=\"twitter:card\" content=\"summary_large_image\" \/>\n<meta name=\"twitter:label1\" content=\"Escrito por\" \/>\n\t<meta name=\"twitter:data1\" content=\"Hern\u00e1n L\u00f3pez\" \/>\n\t<meta name=\"twitter:label2\" content=\"Tiempo de lectura\" \/>\n\t<meta name=\"twitter:data2\" content=\"1 minuto\" \/>\n<script type=\"application\/ld+json\" class=\"yoast-schema-graph\">{\"@context\":\"https:\\\/\\\/schema.org\",\"@graph\":[{\"@type\":\"Article\",\"@id\":\"https:\\\/\\\/diarioprincipios.com\\\/index.php\\\/2020\\\/04\\\/19\\\/el-uso-de-barbijo-casero-sera-obligatorio-en-el-transporte-publico-de-jurisdiccion-nacional\\\/#article\",\"isPartOf\":{\"@id\":\"https:\\\/\\\/diarioprincipios.com\\\/index.php\\\/2020\\\/04\\\/19\\\/el-uso-de-barbijo-casero-sera-obligatorio-en-el-transporte-publico-de-jurisdiccion-nacional\\\/\"},\"author\":{\"name\":\"Hern\u00e1n L\u00f3pez\",\"@id\":\"https:\\\/\\\/diarioprincipios.com\\\/#\\\/schema\\\/person\\\/436d5a1fd41a5e250e23ff5a6a7cb080\"},\"headline\":\"El uso de barbijo casero ser\u00e1 obligatorio en el Transporte P\u00fablico de Jurisdicci\u00f3n Nacional\",\"datePublished\":\"2020-04-19T17:42:02+00:00\",\"dateModified\":\"2020-04-19T17:42:04+00:00\",\"mainEntityOfPage\":{\"@id\":\"https:\\\/\\\/diarioprincipios.com\\\/index.php\\\/2020\\\/04\\\/19\\\/el-uso-de-barbijo-casero-sera-obligatorio-en-el-transporte-publico-de-jurisdiccion-nacional\\\/\"},\"wordCount\":274,\"commentCount\":0,\"publisher\":{\"@id\":\"https:\\\/\\\/diarioprincipios.com\\\/#organization\"},\"image\":{\"@id\":\"https:\\\/\\\/diarioprincipios.com\\\/index.php\\\/2020\\\/04\\\/19\\\/el-uso-de-barbijo-casero-sera-obligatorio-en-el-transporte-publico-de-jurisdiccion-nacional\\\/#primaryimage\"},\"thumbnailUrl\":\"https:\\\/\\\/diarioprincipios.com\\\/wp-content\\\/uploads\\\/2020\\\/04\\\/tren.jpg\",\"articleSection\":[\"Naci\u00f3n\"],\"inLanguage\":\"es\",\"potentialAction\":[{\"@type\":\"CommentAction\",\"name\":\"Comment\",\"target\":[\"https:\\\/\\\/diarioprincipios.com\\\/index.php\\\/2020\\\/04\\\/19\\\/el-uso-de-barbijo-casero-sera-obligatorio-en-el-transporte-publico-de-jurisdiccion-nacional\\\/#respond\"]}]},{\"@type\":\"WebPage\",\"@id\":\"https:\\\/\\\/diarioprincipios.com\\\/index.php\\\/2020\\\/04\\\/19\\\/el-uso-de-barbijo-casero-sera-obligatorio-en-el-transporte-publico-de-jurisdiccion-nacional\\\/\",\"url\":\"https:\\\/\\\/diarioprincipios.com\\\/index.php\\\/2020\\\/04\\\/19\\\/el-uso-de-barbijo-casero-sera-obligatorio-en-el-transporte-publico-de-jurisdiccion-nacional\\\/\",\"name\":\"El uso de barbijo casero ser\u00e1 obligatorio en el Transporte P\u00fablico de Jurisdicci\u00f3n Nacional - Principios\",\"isPartOf\":{\"@id\":\"https:\\\/\\\/diarioprincipios.com\\\/#website\"},\"primaryImageOfPage\":{\"@id\":\"https:\\\/\\\/diarioprincipios.com\\\/index.php\\\/2020\\\/04\\\/19\\\/el-uso-de-barbijo-casero-sera-obligatorio-en-el-transporte-publico-de-jurisdiccion-nacional\\\/#primaryimage\"},\"image\":{\"@id\":\"https:\\\/\\\/diarioprincipios.com\\\/index.php\\\/2020\\\/04\\\/19\\\/el-uso-de-barbijo-casero-sera-obligatorio-en-el-transporte-publico-de-jurisdiccion-nacional\\\/#primaryimage\"},\"thumbnailUrl\":\"https:\\\/\\\/diarioprincipios.com\\\/wp-content\\\/uploads\\\/2020\\\/04\\\/tren.jpg\",\"datePublished\":\"2020-04-19T17:42:02+00:00\",\"dateModified\":\"2020-04-19T17:42:04+00:00\",\"breadcrumb\":{\"@id\":\"https:\\\/\\\/diarioprincipios.com\\\/index.php\\\/2020\\\/04\\\/19\\\/el-uso-de-barbijo-casero-sera-obligatorio-en-el-transporte-publico-de-jurisdiccion-nacional\\\/#breadcrumb\"},\"inLanguage\":\"es\",\"potentialAction\":[{\"@type\":\"ReadAction\",\"target\":[\"https:\\\/\\\/diarioprincipios.com\\\/index.php\\\/2020\\\/04\\\/19\\\/el-uso-de-barbijo-casero-sera-obligatorio-en-el-transporte-publico-de-jurisdiccion-nacional\\\/\"]}]},{\"@type\":\"ImageObject\",\"inLanguage\":\"es\",\"@id\":\"https:\\\/\\\/diarioprincipios.com\\\/index.php\\\/2020\\\/04\\\/19\\\/el-uso-de-barbijo-casero-sera-obligatorio-en-el-transporte-publico-de-jurisdiccion-nacional\\\/#primaryimage\",\"url\":\"https:\\\/\\\/diarioprincipios.com\\\/wp-content\\\/uploads\\\/2020\\\/04\\\/tren.jpg\",\"contentUrl\":\"https:\\\/\\\/diarioprincipios.com\\\/wp-content\\\/uploads\\\/2020\\\/04\\\/tren.jpg\",\"width\":1920,\"height\":1080},{\"@type\":\"BreadcrumbList\",\"@id\":\"https:\\\/\\\/diarioprincipios.com\\\/index.php\\\/2020\\\/04\\\/19\\\/el-uso-de-barbijo-casero-sera-obligatorio-en-el-transporte-publico-de-jurisdiccion-nacional\\\/#breadcrumb\",\"itemListElement\":[{\"@type\":\"ListItem\",\"position\":1,\"name\":\"Portada\",\"item\":\"https:\\\/\\\/diarioprincipios.com\\\/\"},{\"@type\":\"ListItem\",\"position\":2,\"name\":\"El uso de barbijo casero ser\u00e1 obligatorio en el Transporte P\u00fablico de Jurisdicci\u00f3n Nacional\"}]},{\"@type\":\"WebSite\",\"@id\":\"https:\\\/\\\/diarioprincipios.com\\\/#website\",\"url\":\"https:\\\/\\\/diarioprincipios.com\\\/\",\"name\":\"Principios\",\"description\":\"Principios Diario\",\"publisher\":{\"@id\":\"https:\\\/\\\/diarioprincipios.com\\\/#organization\"},\"potentialAction\":[{\"@type\":\"SearchAction\",\"target\":{\"@type\":\"EntryPoint\",\"urlTemplate\":\"https:\\\/\\\/diarioprincipios.com\\\/?s={search_term_string}\"},\"query-input\":{\"@type\":\"PropertyValueSpecification\",\"valueRequired\":true,\"valueName\":\"search_term_string\"}}],\"inLanguage\":\"es\"},{\"@type\":\"Organization\",\"@id\":\"https:\\\/\\\/diarioprincipios.com\\\/#organization\",\"name\":\"Principios\",\"url\":\"https:\\\/\\\/diarioprincipios.com\\\/\",\"logo\":{\"@type\":\"ImageObject\",\"inLanguage\":\"es\",\"@id\":\"https:\\\/\\\/diarioprincipios.com\\\/#\\\/schema\\\/logo\\\/image\\\/\",\"url\":\"https:\\\/\\\/diarioprincipios.com\\\/wp-content\\\/uploads\\\/2024\\\/04\\\/cropped-www.diarioprincipios.com_-1.png\",\"contentUrl\":\"https:\\\/\\\/diarioprincipios.com\\\/wp-content\\\/uploads\\\/2024\\\/04\\\/cropped-www.diarioprincipios.com_-1.png\",\"width\":5325,\"height\":1454,\"caption\":\"Principios\"},\"image\":{\"@id\":\"https:\\\/\\\/diarioprincipios.com\\\/#\\\/schema\\\/logo\\\/image\\\/\"}},{\"@type\":\"Person\",\"@id\":\"https:\\\/\\\/diarioprincipios.com\\\/#\\\/schema\\\/person\\\/436d5a1fd41a5e250e23ff5a6a7cb080\",\"name\":\"Hern\u00e1n L\u00f3pez\",\"image\":{\"@type\":\"ImageObject\",\"inLanguage\":\"es\",\"@id\":\"https:\\\/\\\/diarioprincipios.com\\\/wp-content\\\/litespeed\\\/avatar\\\/11ddfe5610ff3bd100522525b2571f48.jpg?ver=1777048341\",\"url\":\"https:\\\/\\\/diarioprincipios.com\\\/wp-content\\\/litespeed\\\/avatar\\\/11ddfe5610ff3bd100522525b2571f48.jpg?ver=1777048341\",\"contentUrl\":\"https:\\\/\\\/diarioprincipios.com\\\/wp-content\\\/litespeed\\\/avatar\\\/11ddfe5610ff3bd100522525b2571f48.jpg?ver=1777048341\",\"caption\":\"Hern\u00e1n L\u00f3pez\"},\"url\":\"https:\\\/\\\/diarioprincipios.com\\\/index.php\\\/author\\\/hernan\\\/\"}]}<\/script>\n<!-- \/ Yoast SEO plugin. -->","yoast_head_json":{"title":"El uso de barbijo casero ser\u00e1 obligatorio en el Transporte P\u00fablico de Jurisdicci\u00f3n Nacional - Principios","robots":{"index":"index","follow":"follow","max-snippet":"max-snippet:-1","max-image-preview":"max-image-preview:large","max-video-preview":"max-video-preview:-1"},"canonical":"https:\/\/diarioprincipios.com\/index.php\/2020\/04\/19\/el-uso-de-barbijo-casero-sera-obligatorio-en-el-transporte-publico-de-jurisdiccion-nacional\/","og_locale":"es_ES","og_type":"article","og_title":"El uso de barbijo casero ser\u00e1 obligatorio en el Transporte P\u00fablico de Jurisdicci\u00f3n Nacional - Principios","og_description":"Con el principal objetivo de prevenir la propagaci\u00f3n del coronavirus, el Ministerio de Transporte de la Naci\u00f3n determin\u00f3 que ser\u00e1 de uso obligatorio los elementos de protecci\u00f3n que cubren la nariz, la boca y el ment\u00f3n para las personas que utilicen los servicios de transporte automotor y ferroviario de jurisdicci\u00f3n nacional. La medida entra en...","og_url":"https:\/\/diarioprincipios.com\/index.php\/2020\/04\/19\/el-uso-de-barbijo-casero-sera-obligatorio-en-el-transporte-publico-de-jurisdiccion-nacional\/","og_site_name":"Principios","article_published_time":"2020-04-19T17:42:02+00:00","article_modified_time":"2020-04-19T17:42:04+00:00","og_image":[{"width":1920,"height":1080,"url":"https:\/\/diarioprincipios.com\/wp-content\/uploads\/2020\/04\/tren.jpg","type":"image\/jpeg"}],"author":"Hern\u00e1n L\u00f3pez","twitter_card":"summary_large_image","twitter_misc":{"Escrito por":"Hern\u00e1n L\u00f3pez","Tiempo de lectura":"1 minuto"},"schema":{"@context":"https:\/\/schema.org","@graph":[{"@type":"Article","@id":"https:\/\/diarioprincipios.com\/index.php\/2020\/04\/19\/el-uso-de-barbijo-casero-sera-obligatorio-en-el-transporte-publico-de-jurisdiccion-nacional\/#article","isPartOf":{"@id":"https:\/\/diarioprincipios.com\/index.php\/2020\/04\/19\/el-uso-de-barbijo-casero-sera-obligatorio-en-el-transporte-publico-de-jurisdiccion-nacional\/"},"author":{"name":"Hern\u00e1n L\u00f3pez","@id":"https:\/\/diarioprincipios.com\/#\/schema\/person\/436d5a1fd41a5e250e23ff5a6a7cb080"},"headline":"El uso de barbijo casero ser\u00e1 obligatorio en el Transporte P\u00fablico de Jurisdicci\u00f3n Nacional","datePublished":"2020-04-19T17:42:02+00:00","dateModified":"2020-04-19T17:42:04+00:00","mainEntityOfPage":{"@id":"https:\/\/diarioprincipios.com\/index.php\/2020\/04\/19\/el-uso-de-barbijo-casero-sera-obligatorio-en-el-transporte-publico-de-jurisdiccion-nacional\/"},"wordCount":274,"commentCount":0,"publisher":{"@id":"https:\/\/diarioprincipios.com\/#organization"},"image":{"@id":"https:\/\/diarioprincipios.com\/index.php\/2020\/04\/19\/el-uso-de-barbijo-casero-sera-obligatorio-en-el-transporte-publico-de-jurisdiccion-nacional\/#primaryimage"},"thumbnailUrl":"https:\/\/diarioprincipios.com\/wp-content\/uploads\/2020\/04\/tren.jpg","articleSection":["Naci\u00f3n"],"inLanguage":"es","potentialAction":[{"@type":"CommentAction","name":"Comment","target":["https:\/\/diarioprincipios.com\/index.php\/2020\/04\/19\/el-uso-de-barbijo-casero-sera-obligatorio-en-el-transporte-publico-de-jurisdiccion-nacional\/#respond"]}]},{"@type":"WebPage","@id":"https:\/\/diarioprincipios.com\/index.php\/2020\/04\/19\/el-uso-de-barbijo-casero-sera-obligatorio-en-el-transporte-publico-de-jurisdiccion-nacional\/","url":"https:\/\/diarioprincipios.com\/index.php\/2020\/04\/19\/el-uso-de-barbijo-casero-sera-obligatorio-en-el-transporte-publico-de-jurisdiccion-nacional\/","name":"El uso de barbijo casero ser\u00e1 obligatorio en el Transporte P\u00fablico de Jurisdicci\u00f3n Nacional - Principios","isPartOf":{"@id":"https:\/\/diarioprincipios.com\/#website"},"primaryImageOfPage":{"@id":"https:\/\/diarioprincipios.com\/index.php\/2020\/04\/19\/el-uso-de-barbijo-casero-sera-obligatorio-en-el-transporte-publico-de-jurisdiccion-nacional\/#primaryimage"},"image":{"@id":"https:\/\/diarioprincipios.com\/index.php\/2020\/04\/19\/el-uso-de-barbijo-casero-sera-obligatorio-en-el-transporte-publico-de-jurisdiccion-nacional\/#primaryimage"},"thumbnailUrl":"https:\/\/diarioprincipios.com\/wp-content\/uploads\/2020\/04\/tren.jpg","datePublished":"2020-04-19T17:42:02+00:00","dateModified":"2020-04-19T17:42:04+00:00","breadcrumb":{"@id":"https:\/\/diarioprincipios.com\/index.php\/2020\/04\/19\/el-uso-de-barbijo-casero-sera-obligatorio-en-el-transporte-publico-de-jurisdiccion-nacional\/#breadcrumb"},"inLanguage":"es","potentialAction":[{"@type":"ReadAction","target":["https:\/\/diarioprincipios.com\/index.php\/2020\/04\/19\/el-uso-de-barbijo-casero-sera-obligatorio-en-el-transporte-publico-de-jurisdiccion-nacional\/"]}]},{"@type":"ImageObject","inLanguage":"es","@id":"https:\/\/diarioprincipios.com\/index.php\/2020\/04\/19\/el-uso-de-barbijo-casero-sera-obligatorio-en-el-transporte-publico-de-jurisdiccion-nacional\/#primaryimage","url":"https:\/\/diarioprincipios.com\/wp-content\/uploads\/2020\/04\/tren.jpg","contentUrl":"https:\/\/diarioprincipios.com\/wp-content\/uploads\/2020\/04\/tren.jpg","width":1920,"height":1080},{"@type":"BreadcrumbList","@id":"https:\/\/diarioprincipios.com\/index.php\/2020\/04\/19\/el-uso-de-barbijo-casero-sera-obligatorio-en-el-transporte-publico-de-jurisdiccion-nacional\/#breadcrumb","itemListElement":[{"@type":"ListItem","position":1,"name":"Portada","item":"https:\/\/diarioprincipios.com\/"},{"@type":"ListItem","position":2,"name":"El uso de barbijo casero ser\u00e1 obligatorio en el Transporte P\u00fablico de Jurisdicci\u00f3n Nacional"}]},{"@type":"WebSite","@id":"https:\/\/diarioprincipios.com\/#website","url":"https:\/\/diarioprincipios.com\/","name":"Principios","description":"Principios Diario","publisher":{"@id":"https:\/\/diarioprincipios.com\/#organization"},"potentialAction":[{"@type":"SearchAction","target":{"@type":"EntryPoint","urlTemplate":"https:\/\/diarioprincipios.com\/?s={search_term_string}"},"query-input":{"@type":"PropertyValueSpecification","valueRequired":true,"valueName":"search_term_string"}}],"inLanguage":"es"},{"@type":"Organization","@id":"https:\/\/diarioprincipios.com\/#organization","name":"Principios","url":"https:\/\/diarioprincipios.com\/","logo":{"@type":"ImageObject","inLanguage":"es","@id":"https:\/\/diarioprincipios.com\/#\/schema\/logo\/image\/","url":"https:\/\/diarioprincipios.com\/wp-content\/uploads\/2024\/04\/cropped-www.diarioprincipios.com_-1.png","contentUrl":"https:\/\/diarioprincipios.com\/wp-content\/uploads\/2024\/04\/cropped-www.diarioprincipios.com_-1.png","width":5325,"height":1454,"caption":"Principios"},"image":{"@id":"https:\/\/diarioprincipios.com\/#\/schema\/logo\/image\/"}},{"@type":"Person","@id":"https:\/\/diarioprincipios.com\/#\/schema\/person\/436d5a1fd41a5e250e23ff5a6a7cb080","name":"Hern\u00e1n L\u00f3pez","image":{"@type":"ImageObject","inLanguage":"es","@id":"https:\/\/diarioprincipios.com\/wp-content\/litespeed\/avatar\/11ddfe5610ff3bd100522525b2571f48.jpg?ver=1777048341","url":"https:\/\/diarioprincipios.com\/wp-content\/litespeed\/avatar\/11ddfe5610ff3bd100522525b2571f48.jpg?ver=1777048341","contentUrl":"https:\/\/diarioprincipios.com\/wp-content\/litespeed\/avatar\/11ddfe5610ff3bd100522525b2571f48.jpg?ver=1777048341","caption":"Hern\u00e1n L\u00f3pez"},"url":"https:\/\/diarioprincipios.com\/index.php\/author\/hernan\/"}]}},"jetpack_featured_media_url":"https:\/\/diarioprincipios.com\/wp-content\/uploads\/2020\/04\/tren.jpg","_links":{"self":[{"href":"https:\/\/diarioprincipios.com\/index.php\/wp-json\/wp\/v2\/posts\/800","targetHints":{"allow":["GET"]}}],"collection":[{"href":"https:\/\/diarioprincipios.com\/index.php\/wp-json\/wp\/v2\/posts"}],"about":[{"href":"https:\/\/diarioprincipios.com\/index.php\/wp-json\/wp\/v2\/types\/post"}],"author":[{"embeddable":true,"href":"https:\/\/diarioprincipios.com\/index.php\/wp-json\/wp\/v2\/users\/2"}],"replies":[{"embeddable":true,"href":"https:\/\/diarioprincipios.com\/index.php\/wp-json\/wp\/v2\/comments?post=800"}],"version-history":[{"count":1,"href":"https:\/\/diarioprincipios.com\/index.php\/wp-json\/wp\/v2\/posts\/800\/revisions"}],"predecessor-version":[{"id":802,"href":"https:\/\/diarioprincipios.com\/index.php\/wp-json\/wp\/v2\/posts\/800\/revisions\/802"}],"wp:featuredmedia":[{"embeddable":true,"href":"https:\/\/diarioprincipios.com\/index.php\/wp-json\/wp\/v2\/media\/801"}],"wp:attachment":[{"href":"https:\/\/diarioprincipios.com\/index.php\/wp-json\/wp\/v2\/media?parent=800"}],"wp:term":[{"taxonomy":"category","embeddable":true,"href":"https:\/\/diarioprincipios.com\/index.php\/wp-json\/wp\/v2\/categories?post=800"},{"taxonomy":"post_tag","embeddable":true,"href":"https:\/\/diarioprincipios.com\/index.php\/wp-json\/wp\/v2\/tags?post=800"}],"curies":[{"name":"wp","href":"https:\/\/api.w.org\/{rel}","templated":true}]}}