{"id":7920,"date":"2020-12-28T18:43:35","date_gmt":"2020-12-28T21:43:35","guid":{"rendered":"http:\/\/diarioprincipios.com\/?p=7920"},"modified":"2020-12-28T18:43:40","modified_gmt":"2020-12-28T21:43:40","slug":"el-intendente-chornobroff-firmo-un-convenio-con-el-presidente-fernandez-para-la-construccion-de-300-viviendas","status":"publish","type":"post","link":"https:\/\/diarioprincipios.com\/index.php\/2020\/12\/28\/el-intendente-chornobroff-firmo-un-convenio-con-el-presidente-fernandez-para-la-construccion-de-300-viviendas\/","title":{"rendered":"El intendente Chornobroff firm\u00f3 un convenio con el Presidente Fern\u00e1ndez para la construcci\u00f3n de 300 viviendas"},"content":{"rendered":"\n<p>Es en el marco del Programa Federal \u00abCasa Propia\u00bb. El acto cont\u00f3 con la presencia del gobernador Kicillof y el ministro Ferraresi.<\/p>\n\n\n\n<p>El intendente de Avellaneda, Alejo Chornobroff, particip\u00f3 esta ma\u00f1ana de un acto en la Residencia Presidencial de Olivos encabezado por el presidente Alberto Fern\u00e1ndez quien anunci\u00f3 obras y firm\u00f3 convenios de adhesi\u00f3n al Programa\u00bbCasa Propia-Construir Futuro\u00bb del Ministerio de Desarrollo Territorial y H\u00e1bitat con los municipios de Avellaneda, Quilmes, Berazategui, y Florencio Varela.&nbsp;<\/p>\n\n\n\n<p>Acompa\u00f1ado por el jefe de Gabinete, Santiago Cafiero, el gobernador bonaerense Axel Kicillof, y el ministro de Desarrollo Territorial y H\u00e1bitat, Jorge Ferraresi, el Presidente expres\u00f3 que no quiere\u00bbm\u00e1s una Argentina dividida entre los que tienen y los que no tienen, sino una Argentina donde todos puedan desarrollarse y el Estado garantice que ocurra\u00bb.&nbsp;<\/p>\n\n\n\n<p>En ese sentido, Fern\u00e1ndez hizo hincapi\u00e9 en su inquietud por resolver la situaci\u00f3n del barrio Azul y comparti\u00f3: \u00abLo traje a Jorge \u2013Ferraresi- y le dije que su primer tarea era hacer lo que hizo en Avellaneda del lado de Quilmes, que nadie sienta que su vida es distinta solo porque hay una calle que separa dos municipios\u00bb.&nbsp;\u00abEl barrio Azul es una formidable inspiraci\u00f3n en mi gobierno. No quiero dividir la suerte de los argentinos seg\u00fan el gobernante que les toque\u00bb, asegur\u00f3.&nbsp;<\/p>\n\n\n\n<p>El programa \u00abCasa Propia- Construir Futuro\u00bb es una \u00abpol\u00edtica de desarrollo territorial y urbano de alcance federal y con una perspectiva integral que busca mejorar las condiciones de acceso al h\u00e1bitat mediante la construcci\u00f3n de 264.000 soluciones habitacionales en todo el territorio nacional\u00bb, entre 2021 y 2023.<\/p>\n\n\n\n<p>Los convenios suscriptos por los intendentes incluyen la construcci\u00f3n de 300 viviendas en Avellaneda, 1250 en Quilmes, 900 en Berazategui, y 600 en Florencio Varela.&nbsp;<\/p>\n\n\n\n<p>En el acto estuvieron presentes el ministro de Obras P\u00fablicas de la Naci\u00f3n, Gabriel Katopodis; el ministro de Desarrollo Social, Daniel Arroyo; la presidente de Agua y Saneamientos (AySA), Malena Galmarini; Gustavo Arrieta, administrador General de Vialidad Nacional; el ministro de Desarrollo bonaerense, Andr\u00e9s Larroque; la de Gobierno, Teresa Garc\u00eda; el de Seguridad, Sergio Berni y el Infraestructura, Agust\u00edn Simone; entre otros funcionarios.-<\/p>\n","protected":false},"excerpt":{"rendered":"<p>Es en el marco del Programa Federal \u00abCasa Propia\u00bb. El acto cont\u00f3 con la presencia del gobernador Kicillof y el ministro Ferraresi. El intendente de Avellaneda, Alejo Chornobroff, particip\u00f3 esta ma\u00f1ana de un acto en la Residencia Presidencial de Olivos encabezado por el presidente Alberto Fern\u00e1ndez quien anunci\u00f3 obras y firm\u00f3 convenios de adhesi\u00f3n al&#8230;<\/p>\n","protected":false},"author":2,"featured_media":7921,"comment_status":"open","ping_status":"open","sticky":false,"template":"","format":"standard","meta":{"footnotes":""},"categories":[5],"tags":[],"class_list":["post-7920","post","type-post","status-publish","format-standard","has-post-thumbnail","hentry","category-avellaneda"],"featured_image_src":"https:\/\/diarioprincipios.com\/wp-content\/uploads\/2020\/12\/20201228_184030-1024x571.jpg","blog_images":{"medium":"https:\/\/diarioprincipios.com\/wp-content\/uploads\/2020\/12\/20201228_184030-300x167.jpg","large":"https:\/\/diarioprincipios.com\/wp-content\/uploads\/2020\/12\/20201228_184030-1024x571.jpg"},"ams_acf":[],"yoast_head":"<!-- This site is optimized with the Yoast SEO plugin v27.3 - https:\/\/yoast.com\/product\/yoast-seo-wordpress\/ -->\n<title>El intendente Chornobroff firm\u00f3 un convenio con el Presidente Fern\u00e1ndez para la construcci\u00f3n de 300 viviendas - Principios<\/title>\n<meta name=\"robots\" content=\"index, follow, max-snippet:-1, max-image-preview:large, max-video-preview:-1\" \/>\n<link rel=\"canonical\" href=\"https:\/\/diarioprincipios.com\/index.php\/2020\/12\/28\/el-intendente-chornobroff-firmo-un-convenio-con-el-presidente-fernandez-para-la-construccion-de-300-viviendas\/\" \/>\n<meta property=\"og:locale\" content=\"es_ES\" \/>\n<meta property=\"og:type\" content=\"article\" \/>\n<meta property=\"og:title\" content=\"El intendente Chornobroff firm\u00f3 un convenio con el Presidente Fern\u00e1ndez para la construcci\u00f3n de 300 viviendas - Principios\" \/>\n<meta property=\"og:description\" content=\"Es en el marco del Programa Federal \u00abCasa Propia\u00bb. El acto cont\u00f3 con la presencia del gobernador Kicillof y el ministro Ferraresi. El intendente de Avellaneda, Alejo Chornobroff, particip\u00f3 esta ma\u00f1ana de un acto en la Residencia Presidencial de Olivos encabezado por el presidente Alberto Fern\u00e1ndez quien anunci\u00f3 obras y firm\u00f3 convenios de adhesi\u00f3n al...\" \/>\n<meta property=\"og:url\" content=\"https:\/\/diarioprincipios.com\/index.php\/2020\/12\/28\/el-intendente-chornobroff-firmo-un-convenio-con-el-presidente-fernandez-para-la-construccion-de-300-viviendas\/\" \/>\n<meta property=\"og:site_name\" content=\"Principios\" \/>\n<meta property=\"article:published_time\" content=\"2020-12-28T21:43:35+00:00\" \/>\n<meta property=\"article:modified_time\" content=\"2020-12-28T21:43:40+00:00\" \/>\n<meta property=\"og:image\" content=\"https:\/\/diarioprincipios.com\/wp-content\/uploads\/2020\/12\/20201228_184030.jpg\" \/>\n\t<meta property=\"og:image:width\" content=\"1276\" \/>\n\t<meta property=\"og:image:height\" content=\"711\" \/>\n\t<meta property=\"og:image:type\" content=\"image\/jpeg\" \/>\n<meta name=\"author\" content=\"Hern\u00e1n L\u00f3pez\" \/>\n<meta name=\"twitter:card\" content=\"summary_large_image\" \/>\n<meta name=\"twitter:label1\" content=\"Escrito por\" \/>\n\t<meta name=\"twitter:data1\" content=\"Hern\u00e1n L\u00f3pez\" \/>\n\t<meta name=\"twitter:label2\" content=\"Tiempo de lectura\" \/>\n\t<meta name=\"twitter:data2\" content=\"2 minutos\" \/>\n<script type=\"application\/ld+json\" class=\"yoast-schema-graph\">{\"@context\":\"https:\\\/\\\/schema.org\",\"@graph\":[{\"@type\":\"Article\",\"@id\":\"https:\\\/\\\/diarioprincipios.com\\\/index.php\\\/2020\\\/12\\\/28\\\/el-intendente-chornobroff-firmo-un-convenio-con-el-presidente-fernandez-para-la-construccion-de-300-viviendas\\\/#article\",\"isPartOf\":{\"@id\":\"https:\\\/\\\/diarioprincipios.com\\\/index.php\\\/2020\\\/12\\\/28\\\/el-intendente-chornobroff-firmo-un-convenio-con-el-presidente-fernandez-para-la-construccion-de-300-viviendas\\\/\"},\"author\":{\"name\":\"Hern\u00e1n L\u00f3pez\",\"@id\":\"https:\\\/\\\/diarioprincipios.com\\\/#\\\/schema\\\/person\\\/436d5a1fd41a5e250e23ff5a6a7cb080\"},\"headline\":\"El intendente Chornobroff firm\u00f3 un convenio con el Presidente Fern\u00e1ndez para la construcci\u00f3n de 300 viviendas\",\"datePublished\":\"2020-12-28T21:43:35+00:00\",\"dateModified\":\"2020-12-28T21:43:40+00:00\",\"mainEntityOfPage\":{\"@id\":\"https:\\\/\\\/diarioprincipios.com\\\/index.php\\\/2020\\\/12\\\/28\\\/el-intendente-chornobroff-firmo-un-convenio-con-el-presidente-fernandez-para-la-construccion-de-300-viviendas\\\/\"},\"wordCount\":384,\"commentCount\":0,\"publisher\":{\"@id\":\"https:\\\/\\\/diarioprincipios.com\\\/#organization\"},\"image\":{\"@id\":\"https:\\\/\\\/diarioprincipios.com\\\/index.php\\\/2020\\\/12\\\/28\\\/el-intendente-chornobroff-firmo-un-convenio-con-el-presidente-fernandez-para-la-construccion-de-300-viviendas\\\/#primaryimage\"},\"thumbnailUrl\":\"https:\\\/\\\/diarioprincipios.com\\\/wp-content\\\/uploads\\\/2020\\\/12\\\/20201228_184030.jpg\",\"articleSection\":[\"Avellaneda\"],\"inLanguage\":\"es\",\"potentialAction\":[{\"@type\":\"CommentAction\",\"name\":\"Comment\",\"target\":[\"https:\\\/\\\/diarioprincipios.com\\\/index.php\\\/2020\\\/12\\\/28\\\/el-intendente-chornobroff-firmo-un-convenio-con-el-presidente-fernandez-para-la-construccion-de-300-viviendas\\\/#respond\"]}]},{\"@type\":\"WebPage\",\"@id\":\"https:\\\/\\\/diarioprincipios.com\\\/index.php\\\/2020\\\/12\\\/28\\\/el-intendente-chornobroff-firmo-un-convenio-con-el-presidente-fernandez-para-la-construccion-de-300-viviendas\\\/\",\"url\":\"https:\\\/\\\/diarioprincipios.com\\\/index.php\\\/2020\\\/12\\\/28\\\/el-intendente-chornobroff-firmo-un-convenio-con-el-presidente-fernandez-para-la-construccion-de-300-viviendas\\\/\",\"name\":\"El intendente Chornobroff firm\u00f3 un convenio con el Presidente Fern\u00e1ndez para la construcci\u00f3n de 300 viviendas - Principios\",\"isPartOf\":{\"@id\":\"https:\\\/\\\/diarioprincipios.com\\\/#website\"},\"primaryImageOfPage\":{\"@id\":\"https:\\\/\\\/diarioprincipios.com\\\/index.php\\\/2020\\\/12\\\/28\\\/el-intendente-chornobroff-firmo-un-convenio-con-el-presidente-fernandez-para-la-construccion-de-300-viviendas\\\/#primaryimage\"},\"image\":{\"@id\":\"https:\\\/\\\/diarioprincipios.com\\\/index.php\\\/2020\\\/12\\\/28\\\/el-intendente-chornobroff-firmo-un-convenio-con-el-presidente-fernandez-para-la-construccion-de-300-viviendas\\\/#primaryimage\"},\"thumbnailUrl\":\"https:\\\/\\\/diarioprincipios.com\\\/wp-content\\\/uploads\\\/2020\\\/12\\\/20201228_184030.jpg\",\"datePublished\":\"2020-12-28T21:43:35+00:00\",\"dateModified\":\"2020-12-28T21:43:40+00:00\",\"breadcrumb\":{\"@id\":\"https:\\\/\\\/diarioprincipios.com\\\/index.php\\\/2020\\\/12\\\/28\\\/el-intendente-chornobroff-firmo-un-convenio-con-el-presidente-fernandez-para-la-construccion-de-300-viviendas\\\/#breadcrumb\"},\"inLanguage\":\"es\",\"potentialAction\":[{\"@type\":\"ReadAction\",\"target\":[\"https:\\\/\\\/diarioprincipios.com\\\/index.php\\\/2020\\\/12\\\/28\\\/el-intendente-chornobroff-firmo-un-convenio-con-el-presidente-fernandez-para-la-construccion-de-300-viviendas\\\/\"]}]},{\"@type\":\"ImageObject\",\"inLanguage\":\"es\",\"@id\":\"https:\\\/\\\/diarioprincipios.com\\\/index.php\\\/2020\\\/12\\\/28\\\/el-intendente-chornobroff-firmo-un-convenio-con-el-presidente-fernandez-para-la-construccion-de-300-viviendas\\\/#primaryimage\",\"url\":\"https:\\\/\\\/diarioprincipios.com\\\/wp-content\\\/uploads\\\/2020\\\/12\\\/20201228_184030.jpg\",\"contentUrl\":\"https:\\\/\\\/diarioprincipios.com\\\/wp-content\\\/uploads\\\/2020\\\/12\\\/20201228_184030.jpg\",\"width\":1276,\"height\":711},{\"@type\":\"BreadcrumbList\",\"@id\":\"https:\\\/\\\/diarioprincipios.com\\\/index.php\\\/2020\\\/12\\\/28\\\/el-intendente-chornobroff-firmo-un-convenio-con-el-presidente-fernandez-para-la-construccion-de-300-viviendas\\\/#breadcrumb\",\"itemListElement\":[{\"@type\":\"ListItem\",\"position\":1,\"name\":\"Portada\",\"item\":\"https:\\\/\\\/diarioprincipios.com\\\/\"},{\"@type\":\"ListItem\",\"position\":2,\"name\":\"El intendente Chornobroff firm\u00f3 un convenio con el Presidente Fern\u00e1ndez para la construcci\u00f3n de 300 viviendas\"}]},{\"@type\":\"WebSite\",\"@id\":\"https:\\\/\\\/diarioprincipios.com\\\/#website\",\"url\":\"https:\\\/\\\/diarioprincipios.com\\\/\",\"name\":\"Principios\",\"description\":\"Principios Diario\",\"publisher\":{\"@id\":\"https:\\\/\\\/diarioprincipios.com\\\/#organization\"},\"potentialAction\":[{\"@type\":\"SearchAction\",\"target\":{\"@type\":\"EntryPoint\",\"urlTemplate\":\"https:\\\/\\\/diarioprincipios.com\\\/?s={search_term_string}\"},\"query-input\":{\"@type\":\"PropertyValueSpecification\",\"valueRequired\":true,\"valueName\":\"search_term_string\"}}],\"inLanguage\":\"es\"},{\"@type\":\"Organization\",\"@id\":\"https:\\\/\\\/diarioprincipios.com\\\/#organization\",\"name\":\"Principios\",\"url\":\"https:\\\/\\\/diarioprincipios.com\\\/\",\"logo\":{\"@type\":\"ImageObject\",\"inLanguage\":\"es\",\"@id\":\"https:\\\/\\\/diarioprincipios.com\\\/#\\\/schema\\\/logo\\\/image\\\/\",\"url\":\"https:\\\/\\\/diarioprincipios.com\\\/wp-content\\\/uploads\\\/2024\\\/04\\\/cropped-www.diarioprincipios.com_-1.png\",\"contentUrl\":\"https:\\\/\\\/diarioprincipios.com\\\/wp-content\\\/uploads\\\/2024\\\/04\\\/cropped-www.diarioprincipios.com_-1.png\",\"width\":5325,\"height\":1454,\"caption\":\"Principios\"},\"image\":{\"@id\":\"https:\\\/\\\/diarioprincipios.com\\\/#\\\/schema\\\/logo\\\/image\\\/\"}},{\"@type\":\"Person\",\"@id\":\"https:\\\/\\\/diarioprincipios.com\\\/#\\\/schema\\\/person\\\/436d5a1fd41a5e250e23ff5a6a7cb080\",\"name\":\"Hern\u00e1n L\u00f3pez\",\"image\":{\"@type\":\"ImageObject\",\"inLanguage\":\"es\",\"@id\":\"https:\\\/\\\/diarioprincipios.com\\\/wp-content\\\/litespeed\\\/avatar\\\/11ddfe5610ff3bd100522525b2571f48.jpg?ver=1777048341\",\"url\":\"https:\\\/\\\/diarioprincipios.com\\\/wp-content\\\/litespeed\\\/avatar\\\/11ddfe5610ff3bd100522525b2571f48.jpg?ver=1777048341\",\"contentUrl\":\"https:\\\/\\\/diarioprincipios.com\\\/wp-content\\\/litespeed\\\/avatar\\\/11ddfe5610ff3bd100522525b2571f48.jpg?ver=1777048341\",\"caption\":\"Hern\u00e1n L\u00f3pez\"},\"url\":\"https:\\\/\\\/diarioprincipios.com\\\/index.php\\\/author\\\/hernan\\\/\"}]}<\/script>\n<!-- \/ Yoast SEO plugin. -->","yoast_head_json":{"title":"El intendente Chornobroff firm\u00f3 un convenio con el Presidente Fern\u00e1ndez para la construcci\u00f3n de 300 viviendas - Principios","robots":{"index":"index","follow":"follow","max-snippet":"max-snippet:-1","max-image-preview":"max-image-preview:large","max-video-preview":"max-video-preview:-1"},"canonical":"https:\/\/diarioprincipios.com\/index.php\/2020\/12\/28\/el-intendente-chornobroff-firmo-un-convenio-con-el-presidente-fernandez-para-la-construccion-de-300-viviendas\/","og_locale":"es_ES","og_type":"article","og_title":"El intendente Chornobroff firm\u00f3 un convenio con el Presidente Fern\u00e1ndez para la construcci\u00f3n de 300 viviendas - Principios","og_description":"Es en el marco del Programa Federal \u00abCasa Propia\u00bb. El acto cont\u00f3 con la presencia del gobernador Kicillof y el ministro Ferraresi. El intendente de Avellaneda, Alejo Chornobroff, particip\u00f3 esta ma\u00f1ana de un acto en la Residencia Presidencial de Olivos encabezado por el presidente Alberto Fern\u00e1ndez quien anunci\u00f3 obras y firm\u00f3 convenios de adhesi\u00f3n al...","og_url":"https:\/\/diarioprincipios.com\/index.php\/2020\/12\/28\/el-intendente-chornobroff-firmo-un-convenio-con-el-presidente-fernandez-para-la-construccion-de-300-viviendas\/","og_site_name":"Principios","article_published_time":"2020-12-28T21:43:35+00:00","article_modified_time":"2020-12-28T21:43:40+00:00","og_image":[{"width":1276,"height":711,"url":"https:\/\/diarioprincipios.com\/wp-content\/uploads\/2020\/12\/20201228_184030.jpg","type":"image\/jpeg"}],"author":"Hern\u00e1n L\u00f3pez","twitter_card":"summary_large_image","twitter_misc":{"Escrito por":"Hern\u00e1n L\u00f3pez","Tiempo de lectura":"2 minutos"},"schema":{"@context":"https:\/\/schema.org","@graph":[{"@type":"Article","@id":"https:\/\/diarioprincipios.com\/index.php\/2020\/12\/28\/el-intendente-chornobroff-firmo-un-convenio-con-el-presidente-fernandez-para-la-construccion-de-300-viviendas\/#article","isPartOf":{"@id":"https:\/\/diarioprincipios.com\/index.php\/2020\/12\/28\/el-intendente-chornobroff-firmo-un-convenio-con-el-presidente-fernandez-para-la-construccion-de-300-viviendas\/"},"author":{"name":"Hern\u00e1n L\u00f3pez","@id":"https:\/\/diarioprincipios.com\/#\/schema\/person\/436d5a1fd41a5e250e23ff5a6a7cb080"},"headline":"El intendente Chornobroff firm\u00f3 un convenio con el Presidente Fern\u00e1ndez para la construcci\u00f3n de 300 viviendas","datePublished":"2020-12-28T21:43:35+00:00","dateModified":"2020-12-28T21:43:40+00:00","mainEntityOfPage":{"@id":"https:\/\/diarioprincipios.com\/index.php\/2020\/12\/28\/el-intendente-chornobroff-firmo-un-convenio-con-el-presidente-fernandez-para-la-construccion-de-300-viviendas\/"},"wordCount":384,"commentCount":0,"publisher":{"@id":"https:\/\/diarioprincipios.com\/#organization"},"image":{"@id":"https:\/\/diarioprincipios.com\/index.php\/2020\/12\/28\/el-intendente-chornobroff-firmo-un-convenio-con-el-presidente-fernandez-para-la-construccion-de-300-viviendas\/#primaryimage"},"thumbnailUrl":"https:\/\/diarioprincipios.com\/wp-content\/uploads\/2020\/12\/20201228_184030.jpg","articleSection":["Avellaneda"],"inLanguage":"es","potentialAction":[{"@type":"CommentAction","name":"Comment","target":["https:\/\/diarioprincipios.com\/index.php\/2020\/12\/28\/el-intendente-chornobroff-firmo-un-convenio-con-el-presidente-fernandez-para-la-construccion-de-300-viviendas\/#respond"]}]},{"@type":"WebPage","@id":"https:\/\/diarioprincipios.com\/index.php\/2020\/12\/28\/el-intendente-chornobroff-firmo-un-convenio-con-el-presidente-fernandez-para-la-construccion-de-300-viviendas\/","url":"https:\/\/diarioprincipios.com\/index.php\/2020\/12\/28\/el-intendente-chornobroff-firmo-un-convenio-con-el-presidente-fernandez-para-la-construccion-de-300-viviendas\/","name":"El intendente Chornobroff firm\u00f3 un convenio con el Presidente Fern\u00e1ndez para la construcci\u00f3n de 300 viviendas - Principios","isPartOf":{"@id":"https:\/\/diarioprincipios.com\/#website"},"primaryImageOfPage":{"@id":"https:\/\/diarioprincipios.com\/index.php\/2020\/12\/28\/el-intendente-chornobroff-firmo-un-convenio-con-el-presidente-fernandez-para-la-construccion-de-300-viviendas\/#primaryimage"},"image":{"@id":"https:\/\/diarioprincipios.com\/index.php\/2020\/12\/28\/el-intendente-chornobroff-firmo-un-convenio-con-el-presidente-fernandez-para-la-construccion-de-300-viviendas\/#primaryimage"},"thumbnailUrl":"https:\/\/diarioprincipios.com\/wp-content\/uploads\/2020\/12\/20201228_184030.jpg","datePublished":"2020-12-28T21:43:35+00:00","dateModified":"2020-12-28T21:43:40+00:00","breadcrumb":{"@id":"https:\/\/diarioprincipios.com\/index.php\/2020\/12\/28\/el-intendente-chornobroff-firmo-un-convenio-con-el-presidente-fernandez-para-la-construccion-de-300-viviendas\/#breadcrumb"},"inLanguage":"es","potentialAction":[{"@type":"ReadAction","target":["https:\/\/diarioprincipios.com\/index.php\/2020\/12\/28\/el-intendente-chornobroff-firmo-un-convenio-con-el-presidente-fernandez-para-la-construccion-de-300-viviendas\/"]}]},{"@type":"ImageObject","inLanguage":"es","@id":"https:\/\/diarioprincipios.com\/index.php\/2020\/12\/28\/el-intendente-chornobroff-firmo-un-convenio-con-el-presidente-fernandez-para-la-construccion-de-300-viviendas\/#primaryimage","url":"https:\/\/diarioprincipios.com\/wp-content\/uploads\/2020\/12\/20201228_184030.jpg","contentUrl":"https:\/\/diarioprincipios.com\/wp-content\/uploads\/2020\/12\/20201228_184030.jpg","width":1276,"height":711},{"@type":"BreadcrumbList","@id":"https:\/\/diarioprincipios.com\/index.php\/2020\/12\/28\/el-intendente-chornobroff-firmo-un-convenio-con-el-presidente-fernandez-para-la-construccion-de-300-viviendas\/#breadcrumb","itemListElement":[{"@type":"ListItem","position":1,"name":"Portada","item":"https:\/\/diarioprincipios.com\/"},{"@type":"ListItem","position":2,"name":"El intendente Chornobroff firm\u00f3 un convenio con el Presidente Fern\u00e1ndez para la construcci\u00f3n de 300 viviendas"}]},{"@type":"WebSite","@id":"https:\/\/diarioprincipios.com\/#website","url":"https:\/\/diarioprincipios.com\/","name":"Principios","description":"Principios Diario","publisher":{"@id":"https:\/\/diarioprincipios.com\/#organization"},"potentialAction":[{"@type":"SearchAction","target":{"@type":"EntryPoint","urlTemplate":"https:\/\/diarioprincipios.com\/?s={search_term_string}"},"query-input":{"@type":"PropertyValueSpecification","valueRequired":true,"valueName":"search_term_string"}}],"inLanguage":"es"},{"@type":"Organization","@id":"https:\/\/diarioprincipios.com\/#organization","name":"Principios","url":"https:\/\/diarioprincipios.com\/","logo":{"@type":"ImageObject","inLanguage":"es","@id":"https:\/\/diarioprincipios.com\/#\/schema\/logo\/image\/","url":"https:\/\/diarioprincipios.com\/wp-content\/uploads\/2024\/04\/cropped-www.diarioprincipios.com_-1.png","contentUrl":"https:\/\/diarioprincipios.com\/wp-content\/uploads\/2024\/04\/cropped-www.diarioprincipios.com_-1.png","width":5325,"height":1454,"caption":"Principios"},"image":{"@id":"https:\/\/diarioprincipios.com\/#\/schema\/logo\/image\/"}},{"@type":"Person","@id":"https:\/\/diarioprincipios.com\/#\/schema\/person\/436d5a1fd41a5e250e23ff5a6a7cb080","name":"Hern\u00e1n L\u00f3pez","image":{"@type":"ImageObject","inLanguage":"es","@id":"https:\/\/diarioprincipios.com\/wp-content\/litespeed\/avatar\/11ddfe5610ff3bd100522525b2571f48.jpg?ver=1777048341","url":"https:\/\/diarioprincipios.com\/wp-content\/litespeed\/avatar\/11ddfe5610ff3bd100522525b2571f48.jpg?ver=1777048341","contentUrl":"https:\/\/diarioprincipios.com\/wp-content\/litespeed\/avatar\/11ddfe5610ff3bd100522525b2571f48.jpg?ver=1777048341","caption":"Hern\u00e1n L\u00f3pez"},"url":"https:\/\/diarioprincipios.com\/index.php\/author\/hernan\/"}]}},"jetpack_featured_media_url":"https:\/\/diarioprincipios.com\/wp-content\/uploads\/2020\/12\/20201228_184030.jpg","_links":{"self":[{"href":"https:\/\/diarioprincipios.com\/index.php\/wp-json\/wp\/v2\/posts\/7920","targetHints":{"allow":["GET"]}}],"collection":[{"href":"https:\/\/diarioprincipios.com\/index.php\/wp-json\/wp\/v2\/posts"}],"about":[{"href":"https:\/\/diarioprincipios.com\/index.php\/wp-json\/wp\/v2\/types\/post"}],"author":[{"embeddable":true,"href":"https:\/\/diarioprincipios.com\/index.php\/wp-json\/wp\/v2\/users\/2"}],"replies":[{"embeddable":true,"href":"https:\/\/diarioprincipios.com\/index.php\/wp-json\/wp\/v2\/comments?post=7920"}],"version-history":[{"count":1,"href":"https:\/\/diarioprincipios.com\/index.php\/wp-json\/wp\/v2\/posts\/7920\/revisions"}],"predecessor-version":[{"id":7922,"href":"https:\/\/diarioprincipios.com\/index.php\/wp-json\/wp\/v2\/posts\/7920\/revisions\/7922"}],"wp:featuredmedia":[{"embeddable":true,"href":"https:\/\/diarioprincipios.com\/index.php\/wp-json\/wp\/v2\/media\/7921"}],"wp:attachment":[{"href":"https:\/\/diarioprincipios.com\/index.php\/wp-json\/wp\/v2\/media?parent=7920"}],"wp:term":[{"taxonomy":"category","embeddable":true,"href":"https:\/\/diarioprincipios.com\/index.php\/wp-json\/wp\/v2\/categories?post=7920"},{"taxonomy":"post_tag","embeddable":true,"href":"https:\/\/diarioprincipios.com\/index.php\/wp-json\/wp\/v2\/tags?post=7920"}],"curies":[{"name":"wp","href":"https:\/\/api.w.org\/{rel}","templated":true}]}}