{"id":791,"date":"2020-04-19T17:06:02","date_gmt":"2020-04-19T17:06:02","guid":{"rendered":"http:\/\/diarioprincipios.com\/?p=791"},"modified":"2020-04-19T17:06:04","modified_gmt":"2020-04-19T17:06:04","slug":"lanzan-concurso-literario-para-jovenes-y-educadores-sobre-derechos-humanos-y-holocausto","status":"publish","type":"post","link":"https:\/\/diarioprincipios.com\/index.php\/2020\/04\/19\/lanzan-concurso-literario-para-jovenes-y-educadores-sobre-derechos-humanos-y-holocausto\/","title":{"rendered":"Lanzan concurso literario para j\u00f3venes y educadores sobre derechos humanos y holocausto"},"content":{"rendered":"\n<p>El Centro Ana Frank Argentina convoca a j\u00f3venes de entre 13 y 25 a\u00f1os y a docentes a escribir textos literarios vinculados a la vida de la c\u00e9lebre joven alemana, el nazismo, la dictadura militar en Argentina y los derechos humanos en la actualidad para participar del 12\u00b0 Concurso literario digital que organiza el espacio cultural y museo.<\/p>\n\n\n\n<p>Destinado a j\u00f3venes de 13 a 25 a\u00f1os y educadores de todos los niveles, en este caso se seleccionar\u00e1n 40 trabajos que participar\u00e1n de una segunda instancia, donde realizar\u00e1n un seminario intensivo de formaci\u00f3n para presentarse luego en el Concurso de Proyectos Educativos, que tiene como premio un viaje a Holanda, donde la joven alemana escribi\u00f3 su famoso diario mientras permanec\u00eda escondida de los nazis junto a su familia.<\/p>\n\n\n\n<p>Los textos ganadores del concurso ser\u00e1n publicados adem\u00e1s en el libro \u201cTextos y proyectos que construyen convivencia\u201d, que ser\u00e1 editado por el sello Eudeba.<\/p>\n\n\n\n<p>El concurso est\u00e1 dividido en cuatro categor\u00edas: j\u00f3venes de 13 a 15 a\u00f1os (cumplidos al 31 de diciembre de 2020), de 16 a 18 a\u00f1os, de 19 a 25 a\u00f1os y educadores de todos los niveles<\/p>\n\n\n\n<p>Los organizadores del certamen establecieron para la edici\u00f3n 2020 un cupo del 50% de ganadores para los participantes pertenecientes a la Ciudad y Gran Buenos Aires, y el otro 50% para los de todas las otras localidades del pa\u00eds con el fin de ampliar la representaci\u00f3n de<\/p>\n\n\n\n<p>participantes de las zonas m\u00e1s alejadas al museo.<\/p>\n\n\n\n<p>Las producciones podr\u00e1n ser realizadas en cualquiera de las siguientes formas de expresi\u00f3n escrita: cuento, ensayo, gui\u00f3n, diario \u00edntimo, carta, art\u00edculo period\u00edstico, entre otros, en tanto el plazo de inscripci\u00f3n vence el 19 de junio.<\/p>\n\n\n\n<p>Los cert\u00e1menes literarios son una oportunidad para el abordaje de diversas tem\u00e1ticas relacionadas con los derechos humanos, el holocausto, la vida de Ana Frank, la dictadura en la Argentina, la violencia, la discriminaci\u00f3n, la convivencia e inclusi\u00f3n; y, especialmente, para estimular a j\u00f3venes y adultos a convertirse en escritores, haciendo escuchar su voz y sus ideas.<\/p>\n\n\n\n<p>El Centro Ana Frank Argentina desde los inicios de su creaci\u00f3n ha tenido como objetivo generar experiencias que sean accesibles a todo el pa\u00eds. Es desde este enfoque como se crean las muestras itinerantes, que permiten exhibir en diferentes localidades muestras del museo y formar a j\u00f3venes como gu\u00edas, promoviendo la educaci\u00f3n de pares, al igual que otras actividades de participaci\u00f3n a distancia.<\/p>\n","protected":false},"excerpt":{"rendered":"<p>El Centro Ana Frank Argentina convoca a j\u00f3venes de entre 13 y 25 a\u00f1os y a docentes a escribir textos literarios vinculados a la vida de la c\u00e9lebre joven alemana, el nazismo, la dictadura militar en Argentina y los derechos humanos en la actualidad para participar del 12\u00b0 Concurso literario digital que organiza el espacio&#8230;<\/p>\n","protected":false},"author":2,"featured_media":792,"comment_status":"open","ping_status":"open","sticky":false,"template":"","format":"standard","meta":{"footnotes":""},"categories":[10],"tags":[],"class_list":["post-791","post","type-post","status-publish","format-standard","has-post-thumbnail","hentry","category-nacion"],"featured_image_src":"https:\/\/diarioprincipios.com\/wp-content\/uploads\/2020\/04\/ana.jpg","blog_images":{"medium":"https:\/\/diarioprincipios.com\/wp-content\/uploads\/2020\/04\/ana-300x159.jpg","large":"https:\/\/diarioprincipios.com\/wp-content\/uploads\/2020\/04\/ana.jpg"},"ams_acf":[],"yoast_head":"<!-- This site is optimized with the Yoast SEO plugin v27.3 - https:\/\/yoast.com\/product\/yoast-seo-wordpress\/ -->\n<title>Lanzan concurso literario para j\u00f3venes y educadores sobre derechos humanos y holocausto - Principios<\/title>\n<meta name=\"robots\" content=\"index, follow, max-snippet:-1, max-image-preview:large, max-video-preview:-1\" \/>\n<link rel=\"canonical\" href=\"https:\/\/diarioprincipios.com\/index.php\/2020\/04\/19\/lanzan-concurso-literario-para-jovenes-y-educadores-sobre-derechos-humanos-y-holocausto\/\" \/>\n<meta property=\"og:locale\" content=\"es_ES\" \/>\n<meta property=\"og:type\" content=\"article\" \/>\n<meta property=\"og:title\" content=\"Lanzan concurso literario para j\u00f3venes y educadores sobre derechos humanos y holocausto - Principios\" \/>\n<meta property=\"og:description\" content=\"El Centro Ana Frank Argentina convoca a j\u00f3venes de entre 13 y 25 a\u00f1os y a docentes a escribir textos literarios vinculados a la vida de la c\u00e9lebre joven alemana, el nazismo, la dictadura militar en Argentina y los derechos humanos en la actualidad para participar del 12\u00b0 Concurso literario digital que organiza el espacio...\" \/>\n<meta property=\"og:url\" content=\"https:\/\/diarioprincipios.com\/index.php\/2020\/04\/19\/lanzan-concurso-literario-para-jovenes-y-educadores-sobre-derechos-humanos-y-holocausto\/\" \/>\n<meta property=\"og:site_name\" content=\"Principios\" \/>\n<meta property=\"article:published_time\" content=\"2020-04-19T17:06:02+00:00\" \/>\n<meta property=\"article:modified_time\" content=\"2020-04-19T17:06:04+00:00\" \/>\n<meta property=\"og:image\" content=\"https:\/\/diarioprincipios.com\/wp-content\/uploads\/2020\/04\/ana.jpg\" \/>\n\t<meta property=\"og:image:width\" content=\"1000\" \/>\n\t<meta property=\"og:image:height\" content=\"530\" \/>\n\t<meta property=\"og:image:type\" content=\"image\/jpeg\" \/>\n<meta name=\"author\" content=\"Hern\u00e1n L\u00f3pez\" \/>\n<meta name=\"twitter:card\" content=\"summary_large_image\" \/>\n<meta name=\"twitter:label1\" content=\"Escrito por\" \/>\n\t<meta name=\"twitter:data1\" content=\"Hern\u00e1n L\u00f3pez\" \/>\n\t<meta name=\"twitter:label2\" content=\"Tiempo de lectura\" \/>\n\t<meta name=\"twitter:data2\" content=\"2 minutos\" \/>\n<script type=\"application\/ld+json\" class=\"yoast-schema-graph\">{\"@context\":\"https:\\\/\\\/schema.org\",\"@graph\":[{\"@type\":\"Article\",\"@id\":\"https:\\\/\\\/diarioprincipios.com\\\/index.php\\\/2020\\\/04\\\/19\\\/lanzan-concurso-literario-para-jovenes-y-educadores-sobre-derechos-humanos-y-holocausto\\\/#article\",\"isPartOf\":{\"@id\":\"https:\\\/\\\/diarioprincipios.com\\\/index.php\\\/2020\\\/04\\\/19\\\/lanzan-concurso-literario-para-jovenes-y-educadores-sobre-derechos-humanos-y-holocausto\\\/\"},\"author\":{\"name\":\"Hern\u00e1n L\u00f3pez\",\"@id\":\"https:\\\/\\\/diarioprincipios.com\\\/#\\\/schema\\\/person\\\/436d5a1fd41a5e250e23ff5a6a7cb080\"},\"headline\":\"Lanzan concurso literario para j\u00f3venes y educadores sobre derechos humanos y holocausto\",\"datePublished\":\"2020-04-19T17:06:02+00:00\",\"dateModified\":\"2020-04-19T17:06:04+00:00\",\"mainEntityOfPage\":{\"@id\":\"https:\\\/\\\/diarioprincipios.com\\\/index.php\\\/2020\\\/04\\\/19\\\/lanzan-concurso-literario-para-jovenes-y-educadores-sobre-derechos-humanos-y-holocausto\\\/\"},\"wordCount\":429,\"commentCount\":0,\"publisher\":{\"@id\":\"https:\\\/\\\/diarioprincipios.com\\\/#organization\"},\"image\":{\"@id\":\"https:\\\/\\\/diarioprincipios.com\\\/index.php\\\/2020\\\/04\\\/19\\\/lanzan-concurso-literario-para-jovenes-y-educadores-sobre-derechos-humanos-y-holocausto\\\/#primaryimage\"},\"thumbnailUrl\":\"https:\\\/\\\/diarioprincipios.com\\\/wp-content\\\/uploads\\\/2020\\\/04\\\/ana.jpg\",\"articleSection\":[\"Naci\u00f3n\"],\"inLanguage\":\"es\",\"potentialAction\":[{\"@type\":\"CommentAction\",\"name\":\"Comment\",\"target\":[\"https:\\\/\\\/diarioprincipios.com\\\/index.php\\\/2020\\\/04\\\/19\\\/lanzan-concurso-literario-para-jovenes-y-educadores-sobre-derechos-humanos-y-holocausto\\\/#respond\"]}]},{\"@type\":\"WebPage\",\"@id\":\"https:\\\/\\\/diarioprincipios.com\\\/index.php\\\/2020\\\/04\\\/19\\\/lanzan-concurso-literario-para-jovenes-y-educadores-sobre-derechos-humanos-y-holocausto\\\/\",\"url\":\"https:\\\/\\\/diarioprincipios.com\\\/index.php\\\/2020\\\/04\\\/19\\\/lanzan-concurso-literario-para-jovenes-y-educadores-sobre-derechos-humanos-y-holocausto\\\/\",\"name\":\"Lanzan concurso literario para j\u00f3venes y educadores sobre derechos humanos y holocausto - Principios\",\"isPartOf\":{\"@id\":\"https:\\\/\\\/diarioprincipios.com\\\/#website\"},\"primaryImageOfPage\":{\"@id\":\"https:\\\/\\\/diarioprincipios.com\\\/index.php\\\/2020\\\/04\\\/19\\\/lanzan-concurso-literario-para-jovenes-y-educadores-sobre-derechos-humanos-y-holocausto\\\/#primaryimage\"},\"image\":{\"@id\":\"https:\\\/\\\/diarioprincipios.com\\\/index.php\\\/2020\\\/04\\\/19\\\/lanzan-concurso-literario-para-jovenes-y-educadores-sobre-derechos-humanos-y-holocausto\\\/#primaryimage\"},\"thumbnailUrl\":\"https:\\\/\\\/diarioprincipios.com\\\/wp-content\\\/uploads\\\/2020\\\/04\\\/ana.jpg\",\"datePublished\":\"2020-04-19T17:06:02+00:00\",\"dateModified\":\"2020-04-19T17:06:04+00:00\",\"breadcrumb\":{\"@id\":\"https:\\\/\\\/diarioprincipios.com\\\/index.php\\\/2020\\\/04\\\/19\\\/lanzan-concurso-literario-para-jovenes-y-educadores-sobre-derechos-humanos-y-holocausto\\\/#breadcrumb\"},\"inLanguage\":\"es\",\"potentialAction\":[{\"@type\":\"ReadAction\",\"target\":[\"https:\\\/\\\/diarioprincipios.com\\\/index.php\\\/2020\\\/04\\\/19\\\/lanzan-concurso-literario-para-jovenes-y-educadores-sobre-derechos-humanos-y-holocausto\\\/\"]}]},{\"@type\":\"ImageObject\",\"inLanguage\":\"es\",\"@id\":\"https:\\\/\\\/diarioprincipios.com\\\/index.php\\\/2020\\\/04\\\/19\\\/lanzan-concurso-literario-para-jovenes-y-educadores-sobre-derechos-humanos-y-holocausto\\\/#primaryimage\",\"url\":\"https:\\\/\\\/diarioprincipios.com\\\/wp-content\\\/uploads\\\/2020\\\/04\\\/ana.jpg\",\"contentUrl\":\"https:\\\/\\\/diarioprincipios.com\\\/wp-content\\\/uploads\\\/2020\\\/04\\\/ana.jpg\",\"width\":1000,\"height\":530},{\"@type\":\"BreadcrumbList\",\"@id\":\"https:\\\/\\\/diarioprincipios.com\\\/index.php\\\/2020\\\/04\\\/19\\\/lanzan-concurso-literario-para-jovenes-y-educadores-sobre-derechos-humanos-y-holocausto\\\/#breadcrumb\",\"itemListElement\":[{\"@type\":\"ListItem\",\"position\":1,\"name\":\"Portada\",\"item\":\"https:\\\/\\\/diarioprincipios.com\\\/\"},{\"@type\":\"ListItem\",\"position\":2,\"name\":\"Lanzan concurso literario para j\u00f3venes y educadores sobre derechos humanos y holocausto\"}]},{\"@type\":\"WebSite\",\"@id\":\"https:\\\/\\\/diarioprincipios.com\\\/#website\",\"url\":\"https:\\\/\\\/diarioprincipios.com\\\/\",\"name\":\"Principios\",\"description\":\"Principios Diario\",\"publisher\":{\"@id\":\"https:\\\/\\\/diarioprincipios.com\\\/#organization\"},\"potentialAction\":[{\"@type\":\"SearchAction\",\"target\":{\"@type\":\"EntryPoint\",\"urlTemplate\":\"https:\\\/\\\/diarioprincipios.com\\\/?s={search_term_string}\"},\"query-input\":{\"@type\":\"PropertyValueSpecification\",\"valueRequired\":true,\"valueName\":\"search_term_string\"}}],\"inLanguage\":\"es\"},{\"@type\":\"Organization\",\"@id\":\"https:\\\/\\\/diarioprincipios.com\\\/#organization\",\"name\":\"Principios\",\"url\":\"https:\\\/\\\/diarioprincipios.com\\\/\",\"logo\":{\"@type\":\"ImageObject\",\"inLanguage\":\"es\",\"@id\":\"https:\\\/\\\/diarioprincipios.com\\\/#\\\/schema\\\/logo\\\/image\\\/\",\"url\":\"https:\\\/\\\/diarioprincipios.com\\\/wp-content\\\/uploads\\\/2024\\\/04\\\/cropped-www.diarioprincipios.com_-1.png\",\"contentUrl\":\"https:\\\/\\\/diarioprincipios.com\\\/wp-content\\\/uploads\\\/2024\\\/04\\\/cropped-www.diarioprincipios.com_-1.png\",\"width\":5325,\"height\":1454,\"caption\":\"Principios\"},\"image\":{\"@id\":\"https:\\\/\\\/diarioprincipios.com\\\/#\\\/schema\\\/logo\\\/image\\\/\"}},{\"@type\":\"Person\",\"@id\":\"https:\\\/\\\/diarioprincipios.com\\\/#\\\/schema\\\/person\\\/436d5a1fd41a5e250e23ff5a6a7cb080\",\"name\":\"Hern\u00e1n L\u00f3pez\",\"image\":{\"@type\":\"ImageObject\",\"inLanguage\":\"es\",\"@id\":\"https:\\\/\\\/diarioprincipios.com\\\/wp-content\\\/litespeed\\\/avatar\\\/11ddfe5610ff3bd100522525b2571f48.jpg?ver=1777048341\",\"url\":\"https:\\\/\\\/diarioprincipios.com\\\/wp-content\\\/litespeed\\\/avatar\\\/11ddfe5610ff3bd100522525b2571f48.jpg?ver=1777048341\",\"contentUrl\":\"https:\\\/\\\/diarioprincipios.com\\\/wp-content\\\/litespeed\\\/avatar\\\/11ddfe5610ff3bd100522525b2571f48.jpg?ver=1777048341\",\"caption\":\"Hern\u00e1n L\u00f3pez\"},\"url\":\"https:\\\/\\\/diarioprincipios.com\\\/index.php\\\/author\\\/hernan\\\/\"}]}<\/script>\n<!-- \/ Yoast SEO plugin. -->","yoast_head_json":{"title":"Lanzan concurso literario para j\u00f3venes y educadores sobre derechos humanos y holocausto - Principios","robots":{"index":"index","follow":"follow","max-snippet":"max-snippet:-1","max-image-preview":"max-image-preview:large","max-video-preview":"max-video-preview:-1"},"canonical":"https:\/\/diarioprincipios.com\/index.php\/2020\/04\/19\/lanzan-concurso-literario-para-jovenes-y-educadores-sobre-derechos-humanos-y-holocausto\/","og_locale":"es_ES","og_type":"article","og_title":"Lanzan concurso literario para j\u00f3venes y educadores sobre derechos humanos y holocausto - Principios","og_description":"El Centro Ana Frank Argentina convoca a j\u00f3venes de entre 13 y 25 a\u00f1os y a docentes a escribir textos literarios vinculados a la vida de la c\u00e9lebre joven alemana, el nazismo, la dictadura militar en Argentina y los derechos humanos en la actualidad para participar del 12\u00b0 Concurso literario digital que organiza el espacio...","og_url":"https:\/\/diarioprincipios.com\/index.php\/2020\/04\/19\/lanzan-concurso-literario-para-jovenes-y-educadores-sobre-derechos-humanos-y-holocausto\/","og_site_name":"Principios","article_published_time":"2020-04-19T17:06:02+00:00","article_modified_time":"2020-04-19T17:06:04+00:00","og_image":[{"width":1000,"height":530,"url":"https:\/\/diarioprincipios.com\/wp-content\/uploads\/2020\/04\/ana.jpg","type":"image\/jpeg"}],"author":"Hern\u00e1n L\u00f3pez","twitter_card":"summary_large_image","twitter_misc":{"Escrito por":"Hern\u00e1n L\u00f3pez","Tiempo de lectura":"2 minutos"},"schema":{"@context":"https:\/\/schema.org","@graph":[{"@type":"Article","@id":"https:\/\/diarioprincipios.com\/index.php\/2020\/04\/19\/lanzan-concurso-literario-para-jovenes-y-educadores-sobre-derechos-humanos-y-holocausto\/#article","isPartOf":{"@id":"https:\/\/diarioprincipios.com\/index.php\/2020\/04\/19\/lanzan-concurso-literario-para-jovenes-y-educadores-sobre-derechos-humanos-y-holocausto\/"},"author":{"name":"Hern\u00e1n L\u00f3pez","@id":"https:\/\/diarioprincipios.com\/#\/schema\/person\/436d5a1fd41a5e250e23ff5a6a7cb080"},"headline":"Lanzan concurso literario para j\u00f3venes y educadores sobre derechos humanos y holocausto","datePublished":"2020-04-19T17:06:02+00:00","dateModified":"2020-04-19T17:06:04+00:00","mainEntityOfPage":{"@id":"https:\/\/diarioprincipios.com\/index.php\/2020\/04\/19\/lanzan-concurso-literario-para-jovenes-y-educadores-sobre-derechos-humanos-y-holocausto\/"},"wordCount":429,"commentCount":0,"publisher":{"@id":"https:\/\/diarioprincipios.com\/#organization"},"image":{"@id":"https:\/\/diarioprincipios.com\/index.php\/2020\/04\/19\/lanzan-concurso-literario-para-jovenes-y-educadores-sobre-derechos-humanos-y-holocausto\/#primaryimage"},"thumbnailUrl":"https:\/\/diarioprincipios.com\/wp-content\/uploads\/2020\/04\/ana.jpg","articleSection":["Naci\u00f3n"],"inLanguage":"es","potentialAction":[{"@type":"CommentAction","name":"Comment","target":["https:\/\/diarioprincipios.com\/index.php\/2020\/04\/19\/lanzan-concurso-literario-para-jovenes-y-educadores-sobre-derechos-humanos-y-holocausto\/#respond"]}]},{"@type":"WebPage","@id":"https:\/\/diarioprincipios.com\/index.php\/2020\/04\/19\/lanzan-concurso-literario-para-jovenes-y-educadores-sobre-derechos-humanos-y-holocausto\/","url":"https:\/\/diarioprincipios.com\/index.php\/2020\/04\/19\/lanzan-concurso-literario-para-jovenes-y-educadores-sobre-derechos-humanos-y-holocausto\/","name":"Lanzan concurso literario para j\u00f3venes y educadores sobre derechos humanos y holocausto - Principios","isPartOf":{"@id":"https:\/\/diarioprincipios.com\/#website"},"primaryImageOfPage":{"@id":"https:\/\/diarioprincipios.com\/index.php\/2020\/04\/19\/lanzan-concurso-literario-para-jovenes-y-educadores-sobre-derechos-humanos-y-holocausto\/#primaryimage"},"image":{"@id":"https:\/\/diarioprincipios.com\/index.php\/2020\/04\/19\/lanzan-concurso-literario-para-jovenes-y-educadores-sobre-derechos-humanos-y-holocausto\/#primaryimage"},"thumbnailUrl":"https:\/\/diarioprincipios.com\/wp-content\/uploads\/2020\/04\/ana.jpg","datePublished":"2020-04-19T17:06:02+00:00","dateModified":"2020-04-19T17:06:04+00:00","breadcrumb":{"@id":"https:\/\/diarioprincipios.com\/index.php\/2020\/04\/19\/lanzan-concurso-literario-para-jovenes-y-educadores-sobre-derechos-humanos-y-holocausto\/#breadcrumb"},"inLanguage":"es","potentialAction":[{"@type":"ReadAction","target":["https:\/\/diarioprincipios.com\/index.php\/2020\/04\/19\/lanzan-concurso-literario-para-jovenes-y-educadores-sobre-derechos-humanos-y-holocausto\/"]}]},{"@type":"ImageObject","inLanguage":"es","@id":"https:\/\/diarioprincipios.com\/index.php\/2020\/04\/19\/lanzan-concurso-literario-para-jovenes-y-educadores-sobre-derechos-humanos-y-holocausto\/#primaryimage","url":"https:\/\/diarioprincipios.com\/wp-content\/uploads\/2020\/04\/ana.jpg","contentUrl":"https:\/\/diarioprincipios.com\/wp-content\/uploads\/2020\/04\/ana.jpg","width":1000,"height":530},{"@type":"BreadcrumbList","@id":"https:\/\/diarioprincipios.com\/index.php\/2020\/04\/19\/lanzan-concurso-literario-para-jovenes-y-educadores-sobre-derechos-humanos-y-holocausto\/#breadcrumb","itemListElement":[{"@type":"ListItem","position":1,"name":"Portada","item":"https:\/\/diarioprincipios.com\/"},{"@type":"ListItem","position":2,"name":"Lanzan concurso literario para j\u00f3venes y educadores sobre derechos humanos y holocausto"}]},{"@type":"WebSite","@id":"https:\/\/diarioprincipios.com\/#website","url":"https:\/\/diarioprincipios.com\/","name":"Principios","description":"Principios Diario","publisher":{"@id":"https:\/\/diarioprincipios.com\/#organization"},"potentialAction":[{"@type":"SearchAction","target":{"@type":"EntryPoint","urlTemplate":"https:\/\/diarioprincipios.com\/?s={search_term_string}"},"query-input":{"@type":"PropertyValueSpecification","valueRequired":true,"valueName":"search_term_string"}}],"inLanguage":"es"},{"@type":"Organization","@id":"https:\/\/diarioprincipios.com\/#organization","name":"Principios","url":"https:\/\/diarioprincipios.com\/","logo":{"@type":"ImageObject","inLanguage":"es","@id":"https:\/\/diarioprincipios.com\/#\/schema\/logo\/image\/","url":"https:\/\/diarioprincipios.com\/wp-content\/uploads\/2024\/04\/cropped-www.diarioprincipios.com_-1.png","contentUrl":"https:\/\/diarioprincipios.com\/wp-content\/uploads\/2024\/04\/cropped-www.diarioprincipios.com_-1.png","width":5325,"height":1454,"caption":"Principios"},"image":{"@id":"https:\/\/diarioprincipios.com\/#\/schema\/logo\/image\/"}},{"@type":"Person","@id":"https:\/\/diarioprincipios.com\/#\/schema\/person\/436d5a1fd41a5e250e23ff5a6a7cb080","name":"Hern\u00e1n L\u00f3pez","image":{"@type":"ImageObject","inLanguage":"es","@id":"https:\/\/diarioprincipios.com\/wp-content\/litespeed\/avatar\/11ddfe5610ff3bd100522525b2571f48.jpg?ver=1777048341","url":"https:\/\/diarioprincipios.com\/wp-content\/litespeed\/avatar\/11ddfe5610ff3bd100522525b2571f48.jpg?ver=1777048341","contentUrl":"https:\/\/diarioprincipios.com\/wp-content\/litespeed\/avatar\/11ddfe5610ff3bd100522525b2571f48.jpg?ver=1777048341","caption":"Hern\u00e1n L\u00f3pez"},"url":"https:\/\/diarioprincipios.com\/index.php\/author\/hernan\/"}]}},"jetpack_featured_media_url":"https:\/\/diarioprincipios.com\/wp-content\/uploads\/2020\/04\/ana.jpg","_links":{"self":[{"href":"https:\/\/diarioprincipios.com\/index.php\/wp-json\/wp\/v2\/posts\/791","targetHints":{"allow":["GET"]}}],"collection":[{"href":"https:\/\/diarioprincipios.com\/index.php\/wp-json\/wp\/v2\/posts"}],"about":[{"href":"https:\/\/diarioprincipios.com\/index.php\/wp-json\/wp\/v2\/types\/post"}],"author":[{"embeddable":true,"href":"https:\/\/diarioprincipios.com\/index.php\/wp-json\/wp\/v2\/users\/2"}],"replies":[{"embeddable":true,"href":"https:\/\/diarioprincipios.com\/index.php\/wp-json\/wp\/v2\/comments?post=791"}],"version-history":[{"count":1,"href":"https:\/\/diarioprincipios.com\/index.php\/wp-json\/wp\/v2\/posts\/791\/revisions"}],"predecessor-version":[{"id":793,"href":"https:\/\/diarioprincipios.com\/index.php\/wp-json\/wp\/v2\/posts\/791\/revisions\/793"}],"wp:featuredmedia":[{"embeddable":true,"href":"https:\/\/diarioprincipios.com\/index.php\/wp-json\/wp\/v2\/media\/792"}],"wp:attachment":[{"href":"https:\/\/diarioprincipios.com\/index.php\/wp-json\/wp\/v2\/media?parent=791"}],"wp:term":[{"taxonomy":"category","embeddable":true,"href":"https:\/\/diarioprincipios.com\/index.php\/wp-json\/wp\/v2\/categories?post=791"},{"taxonomy":"post_tag","embeddable":true,"href":"https:\/\/diarioprincipios.com\/index.php\/wp-json\/wp\/v2\/tags?post=791"}],"curies":[{"name":"wp","href":"https:\/\/api.w.org\/{rel}","templated":true}]}}