{"id":784,"date":"2020-04-19T16:38:54","date_gmt":"2020-04-19T16:38:54","guid":{"rendered":"http:\/\/diarioprincipios.com\/?p=784"},"modified":"2020-04-19T17:30:31","modified_gmt":"2020-04-19T17:30:31","slug":"desde-el-frente-renovador-destacaron-que-es-tiempo-de-sumar-no-de-criticar-sin-fundamento","status":"publish","type":"post","link":"https:\/\/diarioprincipios.com\/index.php\/2020\/04\/19\/desde-el-frente-renovador-destacaron-que-es-tiempo-de-sumar-no-de-criticar-sin-fundamento\/","title":{"rendered":"Desde el Frente Renovador destacaron que \u00abEs tiempo de sumar, no de criticar sin fundamento\u00bb"},"content":{"rendered":"\n<p>El dirigente y referente del&nbsp; Frente Renovador en Berazategui, el ex concejal Rub\u00e9n Dar\u00edo Comparato, sali\u00f3 al cruce de un comunicado emitido por la UCR  local en referencia al manejo de la crisis por el COVID 19 en el distrito.<\/p>\n\n\n\n<p>Comparato&nbsp; &nbsp;manifest\u00f3&nbsp; que \u00abes lamentable que los responsables de la destrucci\u00f3n del Sistema de Salud P\u00fablica y Gratuita durante los \u00faltimos cuatro a\u00f1os, donde por ejemplo&nbsp; convirtieron&nbsp; el Ministerio de Salud de la Naci\u00f3n en Secretaria, con las grav\u00edsimas&nbsp; consecuencias&nbsp; que tuvo&nbsp; para la poblaci\u00f3n, donde volvieron enfermedades que hab\u00edan desaparecido, hoy hagan pol\u00edtica aprovechando la pandemia\u00bb.&nbsp; <\/p>\n\n\n\n<p>Agreg\u00f3 que \u00abdeber\u00edan tener un poco de&nbsp; verg\u00fcenza dirigentes de un partido centenario que se dice popular&nbsp; avalando esas pol\u00edticas nefastas. Tendr\u00edan&nbsp; m\u00ednimamente que hacer una autocr\u00edtica o llamarse a silencio en vez de emitir un comunicado plagado de mentiras, desinformando a la ciudadania de Berazategui y que nada aportan ante la grave pandemia del COVID-19\u00bb<br><\/p>\n\n\n\n<p>Consultado por este medio que acci\u00f3n el Frente Renovador lleva adelante en el marco de la pandemia, Comparato respondi\u00f3 que \u00abvenimos desarrollando diferentes acciones desde el anonimato, espec\u00edficamente aportando en prevenci\u00f3n y suministro de insumos\u00bb.<\/p>\n\n\n\n<p>Finalmente, el dirigente dijo que \u00abcuando era concejal recuerdo que estos mismos sectores que hoy critican no votaron favorablemente la llegada del SAME a Berazategui\u00bb, cerrando con una felicitaci\u00f3n \u00abpara cada una de las instituciones, entidades y vecinos que dan el ejemplo colaborando en estos tiempos, y por supuesto para todo el personal de salud que est\u00e1 brindando lo mejor, dando todo de s\u00ed\u00bb y tambi\u00e9n para el gobierno nacional sosteniendo que \u00abes un ejemplo la forma en que se est\u00e1 trabajando a nivel nacional, todos juntos y con el liderazgo del presidente, quien fue claro al se\u00f1alar que el virus no viene a nosotros, nosotros lo salimos a buscar, por eso es importante quedarse en casa\u00bb., y el Congreso Nacional, \u00abque bajo la presidencia de Sergio Massa est\u00e1 a la altura de un momento como este\u00bb.<\/p>\n","protected":false},"excerpt":{"rendered":"<p>El dirigente y referente del&nbsp; Frente Renovador en Berazategui, el ex concejal Rub\u00e9n Dar\u00edo Comparato, sali\u00f3 al cruce de un comunicado emitido por la UCR local en referencia al manejo de la crisis por el COVID 19 en el distrito. Comparato&nbsp; &nbsp;manifest\u00f3&nbsp; que \u00abes lamentable que los responsables de la destrucci\u00f3n del Sistema de Salud&#8230;<\/p>\n","protected":false},"author":2,"featured_media":799,"comment_status":"open","ping_status":"open","sticky":false,"template":"","format":"standard","meta":{"footnotes":""},"categories":[3],"tags":[],"class_list":["post-784","post","type-post","status-publish","format-standard","has-post-thumbnail","hentry","category-berazategui"],"featured_image_src":"https:\/\/diarioprincipios.com\/wp-content\/uploads\/2020\/04\/IMG-20200419-WA0027-768x1024.jpg","blog_images":{"medium":"https:\/\/diarioprincipios.com\/wp-content\/uploads\/2020\/04\/IMG-20200419-WA0027-225x300.jpg","large":"https:\/\/diarioprincipios.com\/wp-content\/uploads\/2020\/04\/IMG-20200419-WA0027-768x1024.jpg"},"ams_acf":[],"yoast_head":"<!-- This site is optimized with the Yoast SEO plugin v27.3 - https:\/\/yoast.com\/product\/yoast-seo-wordpress\/ -->\n<title>Desde el Frente Renovador destacaron que &quot;Es tiempo de sumar, no de criticar sin fundamento&quot; - Principios<\/title>\n<meta name=\"robots\" content=\"index, follow, max-snippet:-1, max-image-preview:large, max-video-preview:-1\" \/>\n<link rel=\"canonical\" href=\"https:\/\/diarioprincipios.com\/index.php\/2020\/04\/19\/desde-el-frente-renovador-destacaron-que-es-tiempo-de-sumar-no-de-criticar-sin-fundamento\/\" \/>\n<meta property=\"og:locale\" content=\"es_ES\" \/>\n<meta property=\"og:type\" content=\"article\" \/>\n<meta property=\"og:title\" content=\"Desde el Frente Renovador destacaron que &quot;Es tiempo de sumar, no de criticar sin fundamento&quot; - Principios\" \/>\n<meta property=\"og:description\" content=\"El dirigente y referente del&nbsp; Frente Renovador en Berazategui, el ex concejal Rub\u00e9n Dar\u00edo Comparato, sali\u00f3 al cruce de un comunicado emitido por la UCR local en referencia al manejo de la crisis por el COVID 19 en el distrito. Comparato&nbsp; &nbsp;manifest\u00f3&nbsp; que \u00abes lamentable que los responsables de la destrucci\u00f3n del Sistema de Salud...\" \/>\n<meta property=\"og:url\" content=\"https:\/\/diarioprincipios.com\/index.php\/2020\/04\/19\/desde-el-frente-renovador-destacaron-que-es-tiempo-de-sumar-no-de-criticar-sin-fundamento\/\" \/>\n<meta property=\"og:site_name\" content=\"Principios\" \/>\n<meta property=\"article:published_time\" content=\"2020-04-19T16:38:54+00:00\" \/>\n<meta property=\"article:modified_time\" content=\"2020-04-19T17:30:31+00:00\" \/>\n<meta property=\"og:image\" content=\"https:\/\/diarioprincipios.com\/wp-content\/uploads\/2020\/04\/IMG-20200419-WA0027.jpg\" \/>\n\t<meta property=\"og:image:width\" content=\"960\" \/>\n\t<meta property=\"og:image:height\" content=\"1280\" \/>\n\t<meta property=\"og:image:type\" content=\"image\/jpeg\" \/>\n<meta name=\"author\" content=\"Hern\u00e1n L\u00f3pez\" \/>\n<meta name=\"twitter:card\" content=\"summary_large_image\" \/>\n<meta name=\"twitter:label1\" content=\"Escrito por\" \/>\n\t<meta name=\"twitter:data1\" content=\"Hern\u00e1n L\u00f3pez\" \/>\n\t<meta name=\"twitter:label2\" content=\"Tiempo de lectura\" \/>\n\t<meta name=\"twitter:data2\" content=\"2 minutos\" \/>\n<script type=\"application\/ld+json\" class=\"yoast-schema-graph\">{\"@context\":\"https:\\\/\\\/schema.org\",\"@graph\":[{\"@type\":\"Article\",\"@id\":\"https:\\\/\\\/diarioprincipios.com\\\/index.php\\\/2020\\\/04\\\/19\\\/desde-el-frente-renovador-destacaron-que-es-tiempo-de-sumar-no-de-criticar-sin-fundamento\\\/#article\",\"isPartOf\":{\"@id\":\"https:\\\/\\\/diarioprincipios.com\\\/index.php\\\/2020\\\/04\\\/19\\\/desde-el-frente-renovador-destacaron-que-es-tiempo-de-sumar-no-de-criticar-sin-fundamento\\\/\"},\"author\":{\"name\":\"Hern\u00e1n L\u00f3pez\",\"@id\":\"https:\\\/\\\/diarioprincipios.com\\\/#\\\/schema\\\/person\\\/436d5a1fd41a5e250e23ff5a6a7cb080\"},\"headline\":\"Desde el Frente Renovador destacaron que \u00abEs tiempo de sumar, no de criticar sin fundamento\u00bb\",\"datePublished\":\"2020-04-19T16:38:54+00:00\",\"dateModified\":\"2020-04-19T17:30:31+00:00\",\"mainEntityOfPage\":{\"@id\":\"https:\\\/\\\/diarioprincipios.com\\\/index.php\\\/2020\\\/04\\\/19\\\/desde-el-frente-renovador-destacaron-que-es-tiempo-de-sumar-no-de-criticar-sin-fundamento\\\/\"},\"wordCount\":374,\"commentCount\":0,\"publisher\":{\"@id\":\"https:\\\/\\\/diarioprincipios.com\\\/#organization\"},\"image\":{\"@id\":\"https:\\\/\\\/diarioprincipios.com\\\/index.php\\\/2020\\\/04\\\/19\\\/desde-el-frente-renovador-destacaron-que-es-tiempo-de-sumar-no-de-criticar-sin-fundamento\\\/#primaryimage\"},\"thumbnailUrl\":\"https:\\\/\\\/diarioprincipios.com\\\/wp-content\\\/uploads\\\/2020\\\/04\\\/IMG-20200419-WA0027.jpg\",\"articleSection\":[\"Berazategui\"],\"inLanguage\":\"es\",\"potentialAction\":[{\"@type\":\"CommentAction\",\"name\":\"Comment\",\"target\":[\"https:\\\/\\\/diarioprincipios.com\\\/index.php\\\/2020\\\/04\\\/19\\\/desde-el-frente-renovador-destacaron-que-es-tiempo-de-sumar-no-de-criticar-sin-fundamento\\\/#respond\"]}]},{\"@type\":\"WebPage\",\"@id\":\"https:\\\/\\\/diarioprincipios.com\\\/index.php\\\/2020\\\/04\\\/19\\\/desde-el-frente-renovador-destacaron-que-es-tiempo-de-sumar-no-de-criticar-sin-fundamento\\\/\",\"url\":\"https:\\\/\\\/diarioprincipios.com\\\/index.php\\\/2020\\\/04\\\/19\\\/desde-el-frente-renovador-destacaron-que-es-tiempo-de-sumar-no-de-criticar-sin-fundamento\\\/\",\"name\":\"Desde el Frente Renovador destacaron que \\\"Es tiempo de sumar, no de criticar sin fundamento\\\" - Principios\",\"isPartOf\":{\"@id\":\"https:\\\/\\\/diarioprincipios.com\\\/#website\"},\"primaryImageOfPage\":{\"@id\":\"https:\\\/\\\/diarioprincipios.com\\\/index.php\\\/2020\\\/04\\\/19\\\/desde-el-frente-renovador-destacaron-que-es-tiempo-de-sumar-no-de-criticar-sin-fundamento\\\/#primaryimage\"},\"image\":{\"@id\":\"https:\\\/\\\/diarioprincipios.com\\\/index.php\\\/2020\\\/04\\\/19\\\/desde-el-frente-renovador-destacaron-que-es-tiempo-de-sumar-no-de-criticar-sin-fundamento\\\/#primaryimage\"},\"thumbnailUrl\":\"https:\\\/\\\/diarioprincipios.com\\\/wp-content\\\/uploads\\\/2020\\\/04\\\/IMG-20200419-WA0027.jpg\",\"datePublished\":\"2020-04-19T16:38:54+00:00\",\"dateModified\":\"2020-04-19T17:30:31+00:00\",\"breadcrumb\":{\"@id\":\"https:\\\/\\\/diarioprincipios.com\\\/index.php\\\/2020\\\/04\\\/19\\\/desde-el-frente-renovador-destacaron-que-es-tiempo-de-sumar-no-de-criticar-sin-fundamento\\\/#breadcrumb\"},\"inLanguage\":\"es\",\"potentialAction\":[{\"@type\":\"ReadAction\",\"target\":[\"https:\\\/\\\/diarioprincipios.com\\\/index.php\\\/2020\\\/04\\\/19\\\/desde-el-frente-renovador-destacaron-que-es-tiempo-de-sumar-no-de-criticar-sin-fundamento\\\/\"]}]},{\"@type\":\"ImageObject\",\"inLanguage\":\"es\",\"@id\":\"https:\\\/\\\/diarioprincipios.com\\\/index.php\\\/2020\\\/04\\\/19\\\/desde-el-frente-renovador-destacaron-que-es-tiempo-de-sumar-no-de-criticar-sin-fundamento\\\/#primaryimage\",\"url\":\"https:\\\/\\\/diarioprincipios.com\\\/wp-content\\\/uploads\\\/2020\\\/04\\\/IMG-20200419-WA0027.jpg\",\"contentUrl\":\"https:\\\/\\\/diarioprincipios.com\\\/wp-content\\\/uploads\\\/2020\\\/04\\\/IMG-20200419-WA0027.jpg\",\"width\":960,\"height\":1280},{\"@type\":\"BreadcrumbList\",\"@id\":\"https:\\\/\\\/diarioprincipios.com\\\/index.php\\\/2020\\\/04\\\/19\\\/desde-el-frente-renovador-destacaron-que-es-tiempo-de-sumar-no-de-criticar-sin-fundamento\\\/#breadcrumb\",\"itemListElement\":[{\"@type\":\"ListItem\",\"position\":1,\"name\":\"Portada\",\"item\":\"https:\\\/\\\/diarioprincipios.com\\\/\"},{\"@type\":\"ListItem\",\"position\":2,\"name\":\"Desde el Frente Renovador destacaron que \u00abEs tiempo de sumar, no de criticar sin fundamento\u00bb\"}]},{\"@type\":\"WebSite\",\"@id\":\"https:\\\/\\\/diarioprincipios.com\\\/#website\",\"url\":\"https:\\\/\\\/diarioprincipios.com\\\/\",\"name\":\"Principios\",\"description\":\"Principios Diario\",\"publisher\":{\"@id\":\"https:\\\/\\\/diarioprincipios.com\\\/#organization\"},\"potentialAction\":[{\"@type\":\"SearchAction\",\"target\":{\"@type\":\"EntryPoint\",\"urlTemplate\":\"https:\\\/\\\/diarioprincipios.com\\\/?s={search_term_string}\"},\"query-input\":{\"@type\":\"PropertyValueSpecification\",\"valueRequired\":true,\"valueName\":\"search_term_string\"}}],\"inLanguage\":\"es\"},{\"@type\":\"Organization\",\"@id\":\"https:\\\/\\\/diarioprincipios.com\\\/#organization\",\"name\":\"Principios\",\"url\":\"https:\\\/\\\/diarioprincipios.com\\\/\",\"logo\":{\"@type\":\"ImageObject\",\"inLanguage\":\"es\",\"@id\":\"https:\\\/\\\/diarioprincipios.com\\\/#\\\/schema\\\/logo\\\/image\\\/\",\"url\":\"https:\\\/\\\/diarioprincipios.com\\\/wp-content\\\/uploads\\\/2024\\\/04\\\/cropped-www.diarioprincipios.com_-1.png\",\"contentUrl\":\"https:\\\/\\\/diarioprincipios.com\\\/wp-content\\\/uploads\\\/2024\\\/04\\\/cropped-www.diarioprincipios.com_-1.png\",\"width\":5325,\"height\":1454,\"caption\":\"Principios\"},\"image\":{\"@id\":\"https:\\\/\\\/diarioprincipios.com\\\/#\\\/schema\\\/logo\\\/image\\\/\"}},{\"@type\":\"Person\",\"@id\":\"https:\\\/\\\/diarioprincipios.com\\\/#\\\/schema\\\/person\\\/436d5a1fd41a5e250e23ff5a6a7cb080\",\"name\":\"Hern\u00e1n L\u00f3pez\",\"image\":{\"@type\":\"ImageObject\",\"inLanguage\":\"es\",\"@id\":\"https:\\\/\\\/diarioprincipios.com\\\/wp-content\\\/litespeed\\\/avatar\\\/11ddfe5610ff3bd100522525b2571f48.jpg?ver=1777048341\",\"url\":\"https:\\\/\\\/diarioprincipios.com\\\/wp-content\\\/litespeed\\\/avatar\\\/11ddfe5610ff3bd100522525b2571f48.jpg?ver=1777048341\",\"contentUrl\":\"https:\\\/\\\/diarioprincipios.com\\\/wp-content\\\/litespeed\\\/avatar\\\/11ddfe5610ff3bd100522525b2571f48.jpg?ver=1777048341\",\"caption\":\"Hern\u00e1n L\u00f3pez\"},\"url\":\"https:\\\/\\\/diarioprincipios.com\\\/index.php\\\/author\\\/hernan\\\/\"}]}<\/script>\n<!-- \/ Yoast SEO plugin. -->","yoast_head_json":{"title":"Desde el Frente Renovador destacaron que \"Es tiempo de sumar, no de criticar sin fundamento\" - Principios","robots":{"index":"index","follow":"follow","max-snippet":"max-snippet:-1","max-image-preview":"max-image-preview:large","max-video-preview":"max-video-preview:-1"},"canonical":"https:\/\/diarioprincipios.com\/index.php\/2020\/04\/19\/desde-el-frente-renovador-destacaron-que-es-tiempo-de-sumar-no-de-criticar-sin-fundamento\/","og_locale":"es_ES","og_type":"article","og_title":"Desde el Frente Renovador destacaron que \"Es tiempo de sumar, no de criticar sin fundamento\" - Principios","og_description":"El dirigente y referente del&nbsp; Frente Renovador en Berazategui, el ex concejal Rub\u00e9n Dar\u00edo Comparato, sali\u00f3 al cruce de un comunicado emitido por la UCR local en referencia al manejo de la crisis por el COVID 19 en el distrito. Comparato&nbsp; &nbsp;manifest\u00f3&nbsp; que \u00abes lamentable que los responsables de la destrucci\u00f3n del Sistema de Salud...","og_url":"https:\/\/diarioprincipios.com\/index.php\/2020\/04\/19\/desde-el-frente-renovador-destacaron-que-es-tiempo-de-sumar-no-de-criticar-sin-fundamento\/","og_site_name":"Principios","article_published_time":"2020-04-19T16:38:54+00:00","article_modified_time":"2020-04-19T17:30:31+00:00","og_image":[{"width":960,"height":1280,"url":"https:\/\/diarioprincipios.com\/wp-content\/uploads\/2020\/04\/IMG-20200419-WA0027.jpg","type":"image\/jpeg"}],"author":"Hern\u00e1n L\u00f3pez","twitter_card":"summary_large_image","twitter_misc":{"Escrito por":"Hern\u00e1n L\u00f3pez","Tiempo de lectura":"2 minutos"},"schema":{"@context":"https:\/\/schema.org","@graph":[{"@type":"Article","@id":"https:\/\/diarioprincipios.com\/index.php\/2020\/04\/19\/desde-el-frente-renovador-destacaron-que-es-tiempo-de-sumar-no-de-criticar-sin-fundamento\/#article","isPartOf":{"@id":"https:\/\/diarioprincipios.com\/index.php\/2020\/04\/19\/desde-el-frente-renovador-destacaron-que-es-tiempo-de-sumar-no-de-criticar-sin-fundamento\/"},"author":{"name":"Hern\u00e1n L\u00f3pez","@id":"https:\/\/diarioprincipios.com\/#\/schema\/person\/436d5a1fd41a5e250e23ff5a6a7cb080"},"headline":"Desde el Frente Renovador destacaron que \u00abEs tiempo de sumar, no de criticar sin fundamento\u00bb","datePublished":"2020-04-19T16:38:54+00:00","dateModified":"2020-04-19T17:30:31+00:00","mainEntityOfPage":{"@id":"https:\/\/diarioprincipios.com\/index.php\/2020\/04\/19\/desde-el-frente-renovador-destacaron-que-es-tiempo-de-sumar-no-de-criticar-sin-fundamento\/"},"wordCount":374,"commentCount":0,"publisher":{"@id":"https:\/\/diarioprincipios.com\/#organization"},"image":{"@id":"https:\/\/diarioprincipios.com\/index.php\/2020\/04\/19\/desde-el-frente-renovador-destacaron-que-es-tiempo-de-sumar-no-de-criticar-sin-fundamento\/#primaryimage"},"thumbnailUrl":"https:\/\/diarioprincipios.com\/wp-content\/uploads\/2020\/04\/IMG-20200419-WA0027.jpg","articleSection":["Berazategui"],"inLanguage":"es","potentialAction":[{"@type":"CommentAction","name":"Comment","target":["https:\/\/diarioprincipios.com\/index.php\/2020\/04\/19\/desde-el-frente-renovador-destacaron-que-es-tiempo-de-sumar-no-de-criticar-sin-fundamento\/#respond"]}]},{"@type":"WebPage","@id":"https:\/\/diarioprincipios.com\/index.php\/2020\/04\/19\/desde-el-frente-renovador-destacaron-que-es-tiempo-de-sumar-no-de-criticar-sin-fundamento\/","url":"https:\/\/diarioprincipios.com\/index.php\/2020\/04\/19\/desde-el-frente-renovador-destacaron-que-es-tiempo-de-sumar-no-de-criticar-sin-fundamento\/","name":"Desde el Frente Renovador destacaron que \"Es tiempo de sumar, no de criticar sin fundamento\" - Principios","isPartOf":{"@id":"https:\/\/diarioprincipios.com\/#website"},"primaryImageOfPage":{"@id":"https:\/\/diarioprincipios.com\/index.php\/2020\/04\/19\/desde-el-frente-renovador-destacaron-que-es-tiempo-de-sumar-no-de-criticar-sin-fundamento\/#primaryimage"},"image":{"@id":"https:\/\/diarioprincipios.com\/index.php\/2020\/04\/19\/desde-el-frente-renovador-destacaron-que-es-tiempo-de-sumar-no-de-criticar-sin-fundamento\/#primaryimage"},"thumbnailUrl":"https:\/\/diarioprincipios.com\/wp-content\/uploads\/2020\/04\/IMG-20200419-WA0027.jpg","datePublished":"2020-04-19T16:38:54+00:00","dateModified":"2020-04-19T17:30:31+00:00","breadcrumb":{"@id":"https:\/\/diarioprincipios.com\/index.php\/2020\/04\/19\/desde-el-frente-renovador-destacaron-que-es-tiempo-de-sumar-no-de-criticar-sin-fundamento\/#breadcrumb"},"inLanguage":"es","potentialAction":[{"@type":"ReadAction","target":["https:\/\/diarioprincipios.com\/index.php\/2020\/04\/19\/desde-el-frente-renovador-destacaron-que-es-tiempo-de-sumar-no-de-criticar-sin-fundamento\/"]}]},{"@type":"ImageObject","inLanguage":"es","@id":"https:\/\/diarioprincipios.com\/index.php\/2020\/04\/19\/desde-el-frente-renovador-destacaron-que-es-tiempo-de-sumar-no-de-criticar-sin-fundamento\/#primaryimage","url":"https:\/\/diarioprincipios.com\/wp-content\/uploads\/2020\/04\/IMG-20200419-WA0027.jpg","contentUrl":"https:\/\/diarioprincipios.com\/wp-content\/uploads\/2020\/04\/IMG-20200419-WA0027.jpg","width":960,"height":1280},{"@type":"BreadcrumbList","@id":"https:\/\/diarioprincipios.com\/index.php\/2020\/04\/19\/desde-el-frente-renovador-destacaron-que-es-tiempo-de-sumar-no-de-criticar-sin-fundamento\/#breadcrumb","itemListElement":[{"@type":"ListItem","position":1,"name":"Portada","item":"https:\/\/diarioprincipios.com\/"},{"@type":"ListItem","position":2,"name":"Desde el Frente Renovador destacaron que \u00abEs tiempo de sumar, no de criticar sin fundamento\u00bb"}]},{"@type":"WebSite","@id":"https:\/\/diarioprincipios.com\/#website","url":"https:\/\/diarioprincipios.com\/","name":"Principios","description":"Principios Diario","publisher":{"@id":"https:\/\/diarioprincipios.com\/#organization"},"potentialAction":[{"@type":"SearchAction","target":{"@type":"EntryPoint","urlTemplate":"https:\/\/diarioprincipios.com\/?s={search_term_string}"},"query-input":{"@type":"PropertyValueSpecification","valueRequired":true,"valueName":"search_term_string"}}],"inLanguage":"es"},{"@type":"Organization","@id":"https:\/\/diarioprincipios.com\/#organization","name":"Principios","url":"https:\/\/diarioprincipios.com\/","logo":{"@type":"ImageObject","inLanguage":"es","@id":"https:\/\/diarioprincipios.com\/#\/schema\/logo\/image\/","url":"https:\/\/diarioprincipios.com\/wp-content\/uploads\/2024\/04\/cropped-www.diarioprincipios.com_-1.png","contentUrl":"https:\/\/diarioprincipios.com\/wp-content\/uploads\/2024\/04\/cropped-www.diarioprincipios.com_-1.png","width":5325,"height":1454,"caption":"Principios"},"image":{"@id":"https:\/\/diarioprincipios.com\/#\/schema\/logo\/image\/"}},{"@type":"Person","@id":"https:\/\/diarioprincipios.com\/#\/schema\/person\/436d5a1fd41a5e250e23ff5a6a7cb080","name":"Hern\u00e1n L\u00f3pez","image":{"@type":"ImageObject","inLanguage":"es","@id":"https:\/\/diarioprincipios.com\/wp-content\/litespeed\/avatar\/11ddfe5610ff3bd100522525b2571f48.jpg?ver=1777048341","url":"https:\/\/diarioprincipios.com\/wp-content\/litespeed\/avatar\/11ddfe5610ff3bd100522525b2571f48.jpg?ver=1777048341","contentUrl":"https:\/\/diarioprincipios.com\/wp-content\/litespeed\/avatar\/11ddfe5610ff3bd100522525b2571f48.jpg?ver=1777048341","caption":"Hern\u00e1n L\u00f3pez"},"url":"https:\/\/diarioprincipios.com\/index.php\/author\/hernan\/"}]}},"jetpack_featured_media_url":"https:\/\/diarioprincipios.com\/wp-content\/uploads\/2020\/04\/IMG-20200419-WA0027.jpg","_links":{"self":[{"href":"https:\/\/diarioprincipios.com\/index.php\/wp-json\/wp\/v2\/posts\/784","targetHints":{"allow":["GET"]}}],"collection":[{"href":"https:\/\/diarioprincipios.com\/index.php\/wp-json\/wp\/v2\/posts"}],"about":[{"href":"https:\/\/diarioprincipios.com\/index.php\/wp-json\/wp\/v2\/types\/post"}],"author":[{"embeddable":true,"href":"https:\/\/diarioprincipios.com\/index.php\/wp-json\/wp\/v2\/users\/2"}],"replies":[{"embeddable":true,"href":"https:\/\/diarioprincipios.com\/index.php\/wp-json\/wp\/v2\/comments?post=784"}],"version-history":[{"count":2,"href":"https:\/\/diarioprincipios.com\/index.php\/wp-json\/wp\/v2\/posts\/784\/revisions"}],"predecessor-version":[{"id":790,"href":"https:\/\/diarioprincipios.com\/index.php\/wp-json\/wp\/v2\/posts\/784\/revisions\/790"}],"wp:featuredmedia":[{"embeddable":true,"href":"https:\/\/diarioprincipios.com\/index.php\/wp-json\/wp\/v2\/media\/799"}],"wp:attachment":[{"href":"https:\/\/diarioprincipios.com\/index.php\/wp-json\/wp\/v2\/media?parent=784"}],"wp:term":[{"taxonomy":"category","embeddable":true,"href":"https:\/\/diarioprincipios.com\/index.php\/wp-json\/wp\/v2\/categories?post=784"},{"taxonomy":"post_tag","embeddable":true,"href":"https:\/\/diarioprincipios.com\/index.php\/wp-json\/wp\/v2\/tags?post=784"}],"curies":[{"name":"wp","href":"https:\/\/api.w.org\/{rel}","templated":true}]}}