{"id":770,"date":"2020-04-17T19:09:14","date_gmt":"2020-04-17T19:09:14","guid":{"rendered":"http:\/\/diarioprincipios.com\/?p=770"},"modified":"2020-04-17T19:09:16","modified_gmt":"2020-04-17T19:09:16","slug":"en-los-ultimos-9-meses-se-confirmaron-en-el-pais-casi-15-000-casos-de-dengue","status":"publish","type":"post","link":"https:\/\/diarioprincipios.com\/index.php\/2020\/04\/17\/en-los-ultimos-9-meses-se-confirmaron-en-el-pais-casi-15-000-casos-de-dengue\/","title":{"rendered":"En los  \u00faltimos 9 meses se confirmaron en el pa\u00eds casi 15.000 casos de Dengue"},"content":{"rendered":"\n<p>El Ministerio de Salud de la Naci\u00f3n inform\u00f3 que\u00a0<strong>entre agosto de 2019 y la segunda semana de abril de 2020 fueron confirmados 14.237 casos de dengue.\u00a0<\/strong>\u00a0El sondeo revel\u00f3 que en el \u00faltimo mes las localidades m\u00e1s afectadas son Ciudad de Buenos Aires (CABA), provincia de Buenos Aires, Santa Fe, Salta, Jujuy y Chaco.<\/p>\n\n\n\n<p>De acuerdo al Bolet\u00edn Epidemiol\u00f3gico, en Argentina se reportaron 39.573 casos con sospecha de dengue u otros arbovirus, de los cuales 14.237 resultaron confirmados o probables para dengue.<\/p>\n\n\n\n<p>El n\u00famero acumulado de notificaciones hasta el momento para esa temporada 2019\/2020 \u201ces entre 7 y 8 veces superior a lo notificado en las temporadas 2018\/2019 y 2017\/2018 respectivamente, para el mismo per\u00edodo\u201d, remarc\u00f3 hoy el \u00faltimo Bolet\u00edn Epidemiol\u00f3gico publicado por el Ministerio de Salud.<\/p>\n\n\n\n<p>De los 14.237 casos confirmados, 11.297 no presentaron registro de antecedentes de viaje en 17 provincias, mientras que 2.945 casos hab\u00edan estado de viaje en zonas con circulaci\u00f3n viral fuera de la jurisdicci\u00f3n de residencia, se\u00f1al\u00f3 el Bolet\u00edn Epidemiol\u00f3gico.<\/p>\n\n\n\n<p>En las \u00faltimas tres semanas epidemiol\u00f3gicas, las jurisdicciones que reportaron el mayor n\u00famero de casos fueron CABA, con 3.449 y 37 casos en investigaci\u00f3n; las provincias de Buenos Aires, con 2.565 casos y 385 en investigaci\u00f3n; Santa Fe, 967 casos con 114 en investigaci\u00f3n; Salta, con 744 y 164 en investigaci\u00f3n; Jujuy con 713 casos y 100 en investigaci\u00f3n y Chaco con 761 y 19 en investigaci\u00f3n.<\/p>\n\n\n\n<p>El Bolet\u00edn indic\u00f3 que se vieron afectadas 319 localidades por brotes de dengue, n\u00famero que incluye a varias comunas porte\u00f1as.&nbsp;<strong>En la presente temporada se registraron 25 personas fallecidas con sospecha de dengue hasta el 4 de abril de 2020.<\/strong><\/p>\n\n\n\n<h2 class=\"wp-block-heading\">Recomendaciones y prevenci\u00f3n<\/h2>\n\n\n\n<ul class=\"wp-block-list\"><li>Eliminar todos los recipientes en desuso que puedan acumular agua (como latas, botellas, neum\u00e1ticos).<\/li><li>Dar vuelta los objetos que se encuentran en el exterior que puedan acumular agua cuando llueve (baldes, palanganas, tambores).<\/li><li>Cambiar el agua de bebederos de animales, colectores de desag\u00fces de aire acondicionado o lluvia, dentro y fuera de la casa, cada 3 d\u00edas. Record\u00e1 frotar las paredes de los recipientes con una esponja a fin de desprender los huevos de mosquito que puedan estar adheridos.<\/li><li>Rellenar los floreros y portamacetas con arena h\u00fameda.<\/li><li>Mantener los patios limpios y ordenados y los jardines desmalezados.<\/li><li>Limpiar canaletas y desag\u00fces de lluvia de los techos.<\/li><li>Tapar los tanques y recipientes que se usan para recolectar agua.<\/li><li>Usar siempre repelentes siguiendo cuidadosamente las recomendaciones del envase.<\/li><li>Utilizar ropa clara que cubra los brazos y las piernas, especialmente durante las actividades al aire libre.<\/li><li>Colocar mosquiteros en puertas y ventanas, y cuando sea posible usar ventiladores o aire acondicionado en la habitaciones.<\/li><li>Proteger cunas y cochecitos de beb\u00e9s con telas mosquiteras.<\/li><li>Utilizar repelentes ambientales como tabletas y espirales.(DIB) AR<\/li><\/ul>\n","protected":false},"excerpt":{"rendered":"<p>El Ministerio de Salud de la Naci\u00f3n inform\u00f3 que\u00a0entre agosto de 2019 y la segunda semana de abril de 2020 fueron confirmados 14.237 casos de dengue.\u00a0\u00a0El sondeo revel\u00f3 que en el \u00faltimo mes las localidades m\u00e1s afectadas son Ciudad de Buenos Aires (CABA), provincia de Buenos Aires, Santa Fe, Salta, Jujuy y Chaco. De acuerdo&#8230;<\/p>\n","protected":false},"author":2,"featured_media":771,"comment_status":"open","ping_status":"open","sticky":false,"template":"","format":"standard","meta":{"footnotes":""},"categories":[10],"tags":[],"class_list":["post-770","post","type-post","status-publish","format-standard","has-post-thumbnail","hentry","category-nacion"],"featured_image_src":"https:\/\/diarioprincipios.com\/wp-content\/uploads\/2020\/04\/dengue-1024x575.jpeg","blog_images":{"medium":"https:\/\/diarioprincipios.com\/wp-content\/uploads\/2020\/04\/dengue-300x169.jpeg","large":"https:\/\/diarioprincipios.com\/wp-content\/uploads\/2020\/04\/dengue-1024x575.jpeg"},"ams_acf":[],"yoast_head":"<!-- This site is optimized with the Yoast SEO plugin v27.3 - https:\/\/yoast.com\/product\/yoast-seo-wordpress\/ -->\n<title>En los \u00faltimos 9 meses se confirmaron en el pa\u00eds casi 15.000 casos de Dengue - Principios<\/title>\n<meta name=\"robots\" content=\"index, follow, max-snippet:-1, max-image-preview:large, max-video-preview:-1\" \/>\n<link rel=\"canonical\" href=\"https:\/\/diarioprincipios.com\/index.php\/2020\/04\/17\/en-los-ultimos-9-meses-se-confirmaron-en-el-pais-casi-15-000-casos-de-dengue\/\" \/>\n<meta property=\"og:locale\" content=\"es_ES\" \/>\n<meta property=\"og:type\" content=\"article\" \/>\n<meta property=\"og:title\" content=\"En los \u00faltimos 9 meses se confirmaron en el pa\u00eds casi 15.000 casos de Dengue - Principios\" \/>\n<meta property=\"og:description\" content=\"El Ministerio de Salud de la Naci\u00f3n inform\u00f3 que\u00a0entre agosto de 2019 y la segunda semana de abril de 2020 fueron confirmados 14.237 casos de dengue.\u00a0\u00a0El sondeo revel\u00f3 que en el \u00faltimo mes las localidades m\u00e1s afectadas son Ciudad de Buenos Aires (CABA), provincia de Buenos Aires, Santa Fe, Salta, Jujuy y Chaco. De acuerdo...\" \/>\n<meta property=\"og:url\" content=\"https:\/\/diarioprincipios.com\/index.php\/2020\/04\/17\/en-los-ultimos-9-meses-se-confirmaron-en-el-pais-casi-15-000-casos-de-dengue\/\" \/>\n<meta property=\"og:site_name\" content=\"Principios\" \/>\n<meta property=\"article:published_time\" content=\"2020-04-17T19:09:14+00:00\" \/>\n<meta property=\"article:modified_time\" content=\"2020-04-17T19:09:16+00:00\" \/>\n<meta property=\"og:image\" content=\"https:\/\/diarioprincipios.com\/wp-content\/uploads\/2020\/04\/dengue.jpeg\" \/>\n\t<meta property=\"og:image:width\" content=\"1050\" \/>\n\t<meta property=\"og:image:height\" content=\"590\" \/>\n\t<meta property=\"og:image:type\" content=\"image\/jpeg\" \/>\n<meta name=\"author\" content=\"Hern\u00e1n L\u00f3pez\" \/>\n<meta name=\"twitter:card\" content=\"summary_large_image\" \/>\n<meta name=\"twitter:label1\" content=\"Escrito por\" \/>\n\t<meta name=\"twitter:data1\" content=\"Hern\u00e1n L\u00f3pez\" \/>\n\t<meta name=\"twitter:label2\" content=\"Tiempo de lectura\" \/>\n\t<meta name=\"twitter:data2\" content=\"2 minutos\" \/>\n<script type=\"application\/ld+json\" class=\"yoast-schema-graph\">{\"@context\":\"https:\\\/\\\/schema.org\",\"@graph\":[{\"@type\":\"Article\",\"@id\":\"https:\\\/\\\/diarioprincipios.com\\\/index.php\\\/2020\\\/04\\\/17\\\/en-los-ultimos-9-meses-se-confirmaron-en-el-pais-casi-15-000-casos-de-dengue\\\/#article\",\"isPartOf\":{\"@id\":\"https:\\\/\\\/diarioprincipios.com\\\/index.php\\\/2020\\\/04\\\/17\\\/en-los-ultimos-9-meses-se-confirmaron-en-el-pais-casi-15-000-casos-de-dengue\\\/\"},\"author\":{\"name\":\"Hern\u00e1n L\u00f3pez\",\"@id\":\"https:\\\/\\\/diarioprincipios.com\\\/#\\\/schema\\\/person\\\/436d5a1fd41a5e250e23ff5a6a7cb080\"},\"headline\":\"En los \u00faltimos 9 meses se confirmaron en el pa\u00eds casi 15.000 casos de Dengue\",\"datePublished\":\"2020-04-17T19:09:14+00:00\",\"dateModified\":\"2020-04-17T19:09:16+00:00\",\"mainEntityOfPage\":{\"@id\":\"https:\\\/\\\/diarioprincipios.com\\\/index.php\\\/2020\\\/04\\\/17\\\/en-los-ultimos-9-meses-se-confirmaron-en-el-pais-casi-15-000-casos-de-dengue\\\/\"},\"wordCount\":472,\"commentCount\":0,\"publisher\":{\"@id\":\"https:\\\/\\\/diarioprincipios.com\\\/#organization\"},\"image\":{\"@id\":\"https:\\\/\\\/diarioprincipios.com\\\/index.php\\\/2020\\\/04\\\/17\\\/en-los-ultimos-9-meses-se-confirmaron-en-el-pais-casi-15-000-casos-de-dengue\\\/#primaryimage\"},\"thumbnailUrl\":\"https:\\\/\\\/diarioprincipios.com\\\/wp-content\\\/uploads\\\/2020\\\/04\\\/dengue.jpeg\",\"articleSection\":[\"Naci\u00f3n\"],\"inLanguage\":\"es\",\"potentialAction\":[{\"@type\":\"CommentAction\",\"name\":\"Comment\",\"target\":[\"https:\\\/\\\/diarioprincipios.com\\\/index.php\\\/2020\\\/04\\\/17\\\/en-los-ultimos-9-meses-se-confirmaron-en-el-pais-casi-15-000-casos-de-dengue\\\/#respond\"]}]},{\"@type\":\"WebPage\",\"@id\":\"https:\\\/\\\/diarioprincipios.com\\\/index.php\\\/2020\\\/04\\\/17\\\/en-los-ultimos-9-meses-se-confirmaron-en-el-pais-casi-15-000-casos-de-dengue\\\/\",\"url\":\"https:\\\/\\\/diarioprincipios.com\\\/index.php\\\/2020\\\/04\\\/17\\\/en-los-ultimos-9-meses-se-confirmaron-en-el-pais-casi-15-000-casos-de-dengue\\\/\",\"name\":\"En los \u00faltimos 9 meses se confirmaron en el pa\u00eds casi 15.000 casos de Dengue - Principios\",\"isPartOf\":{\"@id\":\"https:\\\/\\\/diarioprincipios.com\\\/#website\"},\"primaryImageOfPage\":{\"@id\":\"https:\\\/\\\/diarioprincipios.com\\\/index.php\\\/2020\\\/04\\\/17\\\/en-los-ultimos-9-meses-se-confirmaron-en-el-pais-casi-15-000-casos-de-dengue\\\/#primaryimage\"},\"image\":{\"@id\":\"https:\\\/\\\/diarioprincipios.com\\\/index.php\\\/2020\\\/04\\\/17\\\/en-los-ultimos-9-meses-se-confirmaron-en-el-pais-casi-15-000-casos-de-dengue\\\/#primaryimage\"},\"thumbnailUrl\":\"https:\\\/\\\/diarioprincipios.com\\\/wp-content\\\/uploads\\\/2020\\\/04\\\/dengue.jpeg\",\"datePublished\":\"2020-04-17T19:09:14+00:00\",\"dateModified\":\"2020-04-17T19:09:16+00:00\",\"breadcrumb\":{\"@id\":\"https:\\\/\\\/diarioprincipios.com\\\/index.php\\\/2020\\\/04\\\/17\\\/en-los-ultimos-9-meses-se-confirmaron-en-el-pais-casi-15-000-casos-de-dengue\\\/#breadcrumb\"},\"inLanguage\":\"es\",\"potentialAction\":[{\"@type\":\"ReadAction\",\"target\":[\"https:\\\/\\\/diarioprincipios.com\\\/index.php\\\/2020\\\/04\\\/17\\\/en-los-ultimos-9-meses-se-confirmaron-en-el-pais-casi-15-000-casos-de-dengue\\\/\"]}]},{\"@type\":\"ImageObject\",\"inLanguage\":\"es\",\"@id\":\"https:\\\/\\\/diarioprincipios.com\\\/index.php\\\/2020\\\/04\\\/17\\\/en-los-ultimos-9-meses-se-confirmaron-en-el-pais-casi-15-000-casos-de-dengue\\\/#primaryimage\",\"url\":\"https:\\\/\\\/diarioprincipios.com\\\/wp-content\\\/uploads\\\/2020\\\/04\\\/dengue.jpeg\",\"contentUrl\":\"https:\\\/\\\/diarioprincipios.com\\\/wp-content\\\/uploads\\\/2020\\\/04\\\/dengue.jpeg\",\"width\":1050,\"height\":590},{\"@type\":\"BreadcrumbList\",\"@id\":\"https:\\\/\\\/diarioprincipios.com\\\/index.php\\\/2020\\\/04\\\/17\\\/en-los-ultimos-9-meses-se-confirmaron-en-el-pais-casi-15-000-casos-de-dengue\\\/#breadcrumb\",\"itemListElement\":[{\"@type\":\"ListItem\",\"position\":1,\"name\":\"Portada\",\"item\":\"https:\\\/\\\/diarioprincipios.com\\\/\"},{\"@type\":\"ListItem\",\"position\":2,\"name\":\"En los \u00faltimos 9 meses se confirmaron en el pa\u00eds casi 15.000 casos de Dengue\"}]},{\"@type\":\"WebSite\",\"@id\":\"https:\\\/\\\/diarioprincipios.com\\\/#website\",\"url\":\"https:\\\/\\\/diarioprincipios.com\\\/\",\"name\":\"Principios\",\"description\":\"Principios Diario\",\"publisher\":{\"@id\":\"https:\\\/\\\/diarioprincipios.com\\\/#organization\"},\"potentialAction\":[{\"@type\":\"SearchAction\",\"target\":{\"@type\":\"EntryPoint\",\"urlTemplate\":\"https:\\\/\\\/diarioprincipios.com\\\/?s={search_term_string}\"},\"query-input\":{\"@type\":\"PropertyValueSpecification\",\"valueRequired\":true,\"valueName\":\"search_term_string\"}}],\"inLanguage\":\"es\"},{\"@type\":\"Organization\",\"@id\":\"https:\\\/\\\/diarioprincipios.com\\\/#organization\",\"name\":\"Principios\",\"url\":\"https:\\\/\\\/diarioprincipios.com\\\/\",\"logo\":{\"@type\":\"ImageObject\",\"inLanguage\":\"es\",\"@id\":\"https:\\\/\\\/diarioprincipios.com\\\/#\\\/schema\\\/logo\\\/image\\\/\",\"url\":\"https:\\\/\\\/diarioprincipios.com\\\/wp-content\\\/uploads\\\/2024\\\/04\\\/cropped-www.diarioprincipios.com_-1.png\",\"contentUrl\":\"https:\\\/\\\/diarioprincipios.com\\\/wp-content\\\/uploads\\\/2024\\\/04\\\/cropped-www.diarioprincipios.com_-1.png\",\"width\":5325,\"height\":1454,\"caption\":\"Principios\"},\"image\":{\"@id\":\"https:\\\/\\\/diarioprincipios.com\\\/#\\\/schema\\\/logo\\\/image\\\/\"}},{\"@type\":\"Person\",\"@id\":\"https:\\\/\\\/diarioprincipios.com\\\/#\\\/schema\\\/person\\\/436d5a1fd41a5e250e23ff5a6a7cb080\",\"name\":\"Hern\u00e1n L\u00f3pez\",\"image\":{\"@type\":\"ImageObject\",\"inLanguage\":\"es\",\"@id\":\"https:\\\/\\\/diarioprincipios.com\\\/wp-content\\\/litespeed\\\/avatar\\\/11ddfe5610ff3bd100522525b2571f48.jpg?ver=1777048341\",\"url\":\"https:\\\/\\\/diarioprincipios.com\\\/wp-content\\\/litespeed\\\/avatar\\\/11ddfe5610ff3bd100522525b2571f48.jpg?ver=1777048341\",\"contentUrl\":\"https:\\\/\\\/diarioprincipios.com\\\/wp-content\\\/litespeed\\\/avatar\\\/11ddfe5610ff3bd100522525b2571f48.jpg?ver=1777048341\",\"caption\":\"Hern\u00e1n L\u00f3pez\"},\"url\":\"https:\\\/\\\/diarioprincipios.com\\\/index.php\\\/author\\\/hernan\\\/\"}]}<\/script>\n<!-- \/ Yoast SEO plugin. -->","yoast_head_json":{"title":"En los \u00faltimos 9 meses se confirmaron en el pa\u00eds casi 15.000 casos de Dengue - Principios","robots":{"index":"index","follow":"follow","max-snippet":"max-snippet:-1","max-image-preview":"max-image-preview:large","max-video-preview":"max-video-preview:-1"},"canonical":"https:\/\/diarioprincipios.com\/index.php\/2020\/04\/17\/en-los-ultimos-9-meses-se-confirmaron-en-el-pais-casi-15-000-casos-de-dengue\/","og_locale":"es_ES","og_type":"article","og_title":"En los \u00faltimos 9 meses se confirmaron en el pa\u00eds casi 15.000 casos de Dengue - Principios","og_description":"El Ministerio de Salud de la Naci\u00f3n inform\u00f3 que\u00a0entre agosto de 2019 y la segunda semana de abril de 2020 fueron confirmados 14.237 casos de dengue.\u00a0\u00a0El sondeo revel\u00f3 que en el \u00faltimo mes las localidades m\u00e1s afectadas son Ciudad de Buenos Aires (CABA), provincia de Buenos Aires, Santa Fe, Salta, Jujuy y Chaco. De acuerdo...","og_url":"https:\/\/diarioprincipios.com\/index.php\/2020\/04\/17\/en-los-ultimos-9-meses-se-confirmaron-en-el-pais-casi-15-000-casos-de-dengue\/","og_site_name":"Principios","article_published_time":"2020-04-17T19:09:14+00:00","article_modified_time":"2020-04-17T19:09:16+00:00","og_image":[{"width":1050,"height":590,"url":"https:\/\/diarioprincipios.com\/wp-content\/uploads\/2020\/04\/dengue.jpeg","type":"image\/jpeg"}],"author":"Hern\u00e1n L\u00f3pez","twitter_card":"summary_large_image","twitter_misc":{"Escrito por":"Hern\u00e1n L\u00f3pez","Tiempo de lectura":"2 minutos"},"schema":{"@context":"https:\/\/schema.org","@graph":[{"@type":"Article","@id":"https:\/\/diarioprincipios.com\/index.php\/2020\/04\/17\/en-los-ultimos-9-meses-se-confirmaron-en-el-pais-casi-15-000-casos-de-dengue\/#article","isPartOf":{"@id":"https:\/\/diarioprincipios.com\/index.php\/2020\/04\/17\/en-los-ultimos-9-meses-se-confirmaron-en-el-pais-casi-15-000-casos-de-dengue\/"},"author":{"name":"Hern\u00e1n L\u00f3pez","@id":"https:\/\/diarioprincipios.com\/#\/schema\/person\/436d5a1fd41a5e250e23ff5a6a7cb080"},"headline":"En los \u00faltimos 9 meses se confirmaron en el pa\u00eds casi 15.000 casos de Dengue","datePublished":"2020-04-17T19:09:14+00:00","dateModified":"2020-04-17T19:09:16+00:00","mainEntityOfPage":{"@id":"https:\/\/diarioprincipios.com\/index.php\/2020\/04\/17\/en-los-ultimos-9-meses-se-confirmaron-en-el-pais-casi-15-000-casos-de-dengue\/"},"wordCount":472,"commentCount":0,"publisher":{"@id":"https:\/\/diarioprincipios.com\/#organization"},"image":{"@id":"https:\/\/diarioprincipios.com\/index.php\/2020\/04\/17\/en-los-ultimos-9-meses-se-confirmaron-en-el-pais-casi-15-000-casos-de-dengue\/#primaryimage"},"thumbnailUrl":"https:\/\/diarioprincipios.com\/wp-content\/uploads\/2020\/04\/dengue.jpeg","articleSection":["Naci\u00f3n"],"inLanguage":"es","potentialAction":[{"@type":"CommentAction","name":"Comment","target":["https:\/\/diarioprincipios.com\/index.php\/2020\/04\/17\/en-los-ultimos-9-meses-se-confirmaron-en-el-pais-casi-15-000-casos-de-dengue\/#respond"]}]},{"@type":"WebPage","@id":"https:\/\/diarioprincipios.com\/index.php\/2020\/04\/17\/en-los-ultimos-9-meses-se-confirmaron-en-el-pais-casi-15-000-casos-de-dengue\/","url":"https:\/\/diarioprincipios.com\/index.php\/2020\/04\/17\/en-los-ultimos-9-meses-se-confirmaron-en-el-pais-casi-15-000-casos-de-dengue\/","name":"En los \u00faltimos 9 meses se confirmaron en el pa\u00eds casi 15.000 casos de Dengue - Principios","isPartOf":{"@id":"https:\/\/diarioprincipios.com\/#website"},"primaryImageOfPage":{"@id":"https:\/\/diarioprincipios.com\/index.php\/2020\/04\/17\/en-los-ultimos-9-meses-se-confirmaron-en-el-pais-casi-15-000-casos-de-dengue\/#primaryimage"},"image":{"@id":"https:\/\/diarioprincipios.com\/index.php\/2020\/04\/17\/en-los-ultimos-9-meses-se-confirmaron-en-el-pais-casi-15-000-casos-de-dengue\/#primaryimage"},"thumbnailUrl":"https:\/\/diarioprincipios.com\/wp-content\/uploads\/2020\/04\/dengue.jpeg","datePublished":"2020-04-17T19:09:14+00:00","dateModified":"2020-04-17T19:09:16+00:00","breadcrumb":{"@id":"https:\/\/diarioprincipios.com\/index.php\/2020\/04\/17\/en-los-ultimos-9-meses-se-confirmaron-en-el-pais-casi-15-000-casos-de-dengue\/#breadcrumb"},"inLanguage":"es","potentialAction":[{"@type":"ReadAction","target":["https:\/\/diarioprincipios.com\/index.php\/2020\/04\/17\/en-los-ultimos-9-meses-se-confirmaron-en-el-pais-casi-15-000-casos-de-dengue\/"]}]},{"@type":"ImageObject","inLanguage":"es","@id":"https:\/\/diarioprincipios.com\/index.php\/2020\/04\/17\/en-los-ultimos-9-meses-se-confirmaron-en-el-pais-casi-15-000-casos-de-dengue\/#primaryimage","url":"https:\/\/diarioprincipios.com\/wp-content\/uploads\/2020\/04\/dengue.jpeg","contentUrl":"https:\/\/diarioprincipios.com\/wp-content\/uploads\/2020\/04\/dengue.jpeg","width":1050,"height":590},{"@type":"BreadcrumbList","@id":"https:\/\/diarioprincipios.com\/index.php\/2020\/04\/17\/en-los-ultimos-9-meses-se-confirmaron-en-el-pais-casi-15-000-casos-de-dengue\/#breadcrumb","itemListElement":[{"@type":"ListItem","position":1,"name":"Portada","item":"https:\/\/diarioprincipios.com\/"},{"@type":"ListItem","position":2,"name":"En los \u00faltimos 9 meses se confirmaron en el pa\u00eds casi 15.000 casos de Dengue"}]},{"@type":"WebSite","@id":"https:\/\/diarioprincipios.com\/#website","url":"https:\/\/diarioprincipios.com\/","name":"Principios","description":"Principios Diario","publisher":{"@id":"https:\/\/diarioprincipios.com\/#organization"},"potentialAction":[{"@type":"SearchAction","target":{"@type":"EntryPoint","urlTemplate":"https:\/\/diarioprincipios.com\/?s={search_term_string}"},"query-input":{"@type":"PropertyValueSpecification","valueRequired":true,"valueName":"search_term_string"}}],"inLanguage":"es"},{"@type":"Organization","@id":"https:\/\/diarioprincipios.com\/#organization","name":"Principios","url":"https:\/\/diarioprincipios.com\/","logo":{"@type":"ImageObject","inLanguage":"es","@id":"https:\/\/diarioprincipios.com\/#\/schema\/logo\/image\/","url":"https:\/\/diarioprincipios.com\/wp-content\/uploads\/2024\/04\/cropped-www.diarioprincipios.com_-1.png","contentUrl":"https:\/\/diarioprincipios.com\/wp-content\/uploads\/2024\/04\/cropped-www.diarioprincipios.com_-1.png","width":5325,"height":1454,"caption":"Principios"},"image":{"@id":"https:\/\/diarioprincipios.com\/#\/schema\/logo\/image\/"}},{"@type":"Person","@id":"https:\/\/diarioprincipios.com\/#\/schema\/person\/436d5a1fd41a5e250e23ff5a6a7cb080","name":"Hern\u00e1n L\u00f3pez","image":{"@type":"ImageObject","inLanguage":"es","@id":"https:\/\/diarioprincipios.com\/wp-content\/litespeed\/avatar\/11ddfe5610ff3bd100522525b2571f48.jpg?ver=1777048341","url":"https:\/\/diarioprincipios.com\/wp-content\/litespeed\/avatar\/11ddfe5610ff3bd100522525b2571f48.jpg?ver=1777048341","contentUrl":"https:\/\/diarioprincipios.com\/wp-content\/litespeed\/avatar\/11ddfe5610ff3bd100522525b2571f48.jpg?ver=1777048341","caption":"Hern\u00e1n L\u00f3pez"},"url":"https:\/\/diarioprincipios.com\/index.php\/author\/hernan\/"}]}},"jetpack_featured_media_url":"https:\/\/diarioprincipios.com\/wp-content\/uploads\/2020\/04\/dengue.jpeg","_links":{"self":[{"href":"https:\/\/diarioprincipios.com\/index.php\/wp-json\/wp\/v2\/posts\/770","targetHints":{"allow":["GET"]}}],"collection":[{"href":"https:\/\/diarioprincipios.com\/index.php\/wp-json\/wp\/v2\/posts"}],"about":[{"href":"https:\/\/diarioprincipios.com\/index.php\/wp-json\/wp\/v2\/types\/post"}],"author":[{"embeddable":true,"href":"https:\/\/diarioprincipios.com\/index.php\/wp-json\/wp\/v2\/users\/2"}],"replies":[{"embeddable":true,"href":"https:\/\/diarioprincipios.com\/index.php\/wp-json\/wp\/v2\/comments?post=770"}],"version-history":[{"count":1,"href":"https:\/\/diarioprincipios.com\/index.php\/wp-json\/wp\/v2\/posts\/770\/revisions"}],"predecessor-version":[{"id":772,"href":"https:\/\/diarioprincipios.com\/index.php\/wp-json\/wp\/v2\/posts\/770\/revisions\/772"}],"wp:featuredmedia":[{"embeddable":true,"href":"https:\/\/diarioprincipios.com\/index.php\/wp-json\/wp\/v2\/media\/771"}],"wp:attachment":[{"href":"https:\/\/diarioprincipios.com\/index.php\/wp-json\/wp\/v2\/media?parent=770"}],"wp:term":[{"taxonomy":"category","embeddable":true,"href":"https:\/\/diarioprincipios.com\/index.php\/wp-json\/wp\/v2\/categories?post=770"},{"taxonomy":"post_tag","embeddable":true,"href":"https:\/\/diarioprincipios.com\/index.php\/wp-json\/wp\/v2\/tags?post=770"}],"curies":[{"name":"wp","href":"https:\/\/api.w.org\/{rel}","templated":true}]}}