{"id":762,"date":"2020-04-16T22:12:01","date_gmt":"2020-04-16T22:12:01","guid":{"rendered":"http:\/\/diarioprincipios.com\/?p=762"},"modified":"2020-04-16T22:12:04","modified_gmt":"2020-04-16T22:12:04","slug":"lanzaron-el-programa-quilmes-compra-en-casa","status":"publish","type":"post","link":"https:\/\/diarioprincipios.com\/index.php\/2020\/04\/16\/lanzaron-el-programa-quilmes-compra-en-casa\/","title":{"rendered":"Lanzaron el Programa \u00abQuilmes Compra en Casa\u00bb"},"content":{"rendered":"\n<p>La intendenta de Quilmes destac\u00f3 hoy los resultados del programa \u201cQuilmes Compra en Casa\u201d, ya que \u201ca poco m\u00e1s de una semana de su lanzamiento se han inscripto m\u00e1s de 500 comerciantes\u201d y los vecinos y vecinas del distrito pueden continuar realizando sus compras habituales cumpliendo con el aislamiento social, preventivo y obligatorio dispuesto por el Gobierno Nacional.<\/p>\n\n\n\n<p>\u201cDesde el Municipio de Quilmes lanzamos el programa Quilmes Compra en Casa para poder garantizar que los comerciantes locales sigan vendiendo y que los vecinos y vecinas puedan comprar sin salir de su casa. Es una manera de cuidarnos entre todos y todas. Tenemos m\u00e1s de 500 comerciantes inscriptos, que van desde el rubro de alimentaci\u00f3n hasta art\u00edculos de limpieza, en poco m\u00e1s de una semana de funcionamiento. Y ya comenzamos a agregar nuevos rubros autorizados por el Gobierno Nacional\u201d, afirm\u00f3 Mayra Mendoza.<\/p>\n\n\n\n<p>\u201cAs\u00ed como estamos&nbsp;mejorando la infraestructura sanitaria, ampliando el UPA, acondicionando el Centro de Aislamiento de la UNQUI, estableciendo Puntos Solidarios para que cada vecino y vecina que lo necesite tenga asegurado un plato de comida diario, controlando los precios m\u00e1ximos en los comercios, tambi\u00e9n estamos pensando de qu\u00e9 manera podemos instrumentar herramientas que ayuden a pasar este momento y que los comercios sigan vendiendo y que la gente pueda adquirir los productos que necesita\u201d, expres\u00f3 la Intendenta.<\/p>\n\n\n\n<p>Los comerciantes del distrito manifestaron su satisfacci\u00f3n por el programa Quilmes Compra en Casa. \u201cTengo un emprendimiento de cosm\u00e9tica natural desde hace dos a\u00f1os. A trav\u00e9s de Quilmes Compra en Casa, ya recibimos varios pedidos: a la gente le gusta. Es m\u00e1s, no tiene que salir de su domicilio. Yo entrego personalmente, me inscrib\u00ed hace varias semanas y da buenos resultados\u201d, explic\u00f3 David Barrionuevo, de DyD Jabones Art.<\/p>\n\n\n\n<p>Federico Paniconi, de Casa Fet\u00e9n, un comercio de comidas para llevar de Quilmes Centro, dijo que ven\u00edan \u201ctrabajando con un takeaway, pero debido a todo esto del coronavirus, ahora solo nos manejamos con el delivery. Justamente, por medio de la C\u00e1mara de Gastron\u00f3micos nos lleg\u00f3 la propuesta de esta iniciativa de Quilmes Compra en Casa. Gracias a este programa, nos podemos acercar a los clientes. La verdad es que las experiencias que tuvimos por ahora con esto fueron bastante buenas\u201d.<\/p>\n\n\n\n<p>A su vez, Gisela Majul y Mario, de La Vall\u00e9e, Almac\u00e9n de Campo, de Bernal Centro, indicaron: \u201cHace un a\u00f1o aproximadamente que estamos ac\u00e1 en el centro de Bernal, y hace unos diez d\u00edas que estamos utilizando el programa Quilmes Compra en Casa. La experiencia es muy buena, recibimos bastantes pedidos e incrementaron las ventas a partir de estar en este programa, que nos permiti\u00f3 que se expandieran un poco m\u00e1s las zonas a d\u00f3nde llegaba el producto\u201d.<\/p>\n\n\n\n<p>Por \u00faltimo, Paula, de Mamucha, una casa de comidas de Quilmes Centro, se\u00f1al\u00f3 que \u201cllegamos a esta p\u00e1gina a trav\u00e9s de la C\u00e1mara de Gastron\u00f3micos de Quilmes. Ellos nos pasaron la oferta y enseguida nos enganchamos al proyecto. En este contexto que estamos viviendo, Quilmes Compra en Casa es un servicio que implica seguridad, para no exponerte. Tenemos de clientes a gran cantidad de gente grande que no puede salir y no tiene la posibilidad de que el hijo le est\u00e9 acercando la comida. Y la verdad es que para ellos, te dir\u00eda que es esencial. Es pr\u00e1cticamente la \u00fanica posibilidad\u201d.<\/p>\n\n\n\n<p><strong>Como acceder a Quilmes Compra en Casa<\/strong><\/p>\n\n\n\n<p>A trav\u00e9s de la p\u00e1gina web del Municipio (<a rel=\"noreferrer noopener\" target=\"_blank\" href=\"http:\/\/www.quilmes.gov.ar\/\">www.quilmes.gov.ar<\/a>) se puede ingresar a Quilmes Compra en Casa o drectamente por el link:<\/p>\n\n\n\n<figure class=\"wp-block-embed\"><div class=\"wp-block-embed__wrapper\">\nhttp:\/\/www.quilmes.gov.ar\/servicios\/compra_en_casa.php\n<\/div><\/figure>\n\n\n\n<p>Los vecinos encontrar\u00e1n un amplio listado con comercios de diferentes rubros (alimentos para mascotas, carnes y pescados, comidas elaboradas, diet\u00e9ticas, frutas y verduras -feriantes-, helados, panader\u00edas, pizzas y empanadas,&nbsp; productos de almac\u00e9n, productos de limpieza e higiene y sushi), todos ellos con delivery, para de esta manera, evitar salir de sus domicilios durante la cuarentena.<\/p>\n\n\n\n<p>Por su parte, los comerciantes hallar\u00e1n all\u00ed los requisitos que hacen falta para inscribirse en el programa y, tambi\u00e9n, el formulario de inscripci\u00f3n para poder sumarse a esta iniciativa que les permitir\u00e1 continuar activamente con su actividad comercial.<\/p>\n","protected":false},"excerpt":{"rendered":"<p>La intendenta de Quilmes destac\u00f3 hoy los resultados del programa \u201cQuilmes Compra en Casa\u201d, ya que \u201ca poco m\u00e1s de una semana de su lanzamiento se han inscripto m\u00e1s de 500 comerciantes\u201d y los vecinos y vecinas del distrito pueden continuar realizando sus compras habituales cumpliendo con el aislamiento social, preventivo y obligatorio dispuesto por&#8230;<\/p>\n","protected":false},"author":2,"featured_media":763,"comment_status":"open","ping_status":"open","sticky":false,"template":"","format":"standard","meta":{"footnotes":""},"categories":[4],"tags":[],"class_list":["post-762","post","type-post","status-publish","format-standard","has-post-thumbnail","hentry","category-quilmes"],"featured_image_src":"https:\/\/diarioprincipios.com\/wp-content\/uploads\/2020\/04\/QUILMES-COMPRA-EN-CASA-EL-PROGRAMA-LANZADO-POR-LA-MUNICIPALIDAD-YASUPER\u00d3-LOS-500-COMERCIOS-ADHERIDOS-2-1024x1024.jpeg","blog_images":{"medium":"https:\/\/diarioprincipios.com\/wp-content\/uploads\/2020\/04\/QUILMES-COMPRA-EN-CASA-EL-PROGRAMA-LANZADO-POR-LA-MUNICIPALIDAD-YASUPER\u00d3-LOS-500-COMERCIOS-ADHERIDOS-2-300x300.jpeg","large":"https:\/\/diarioprincipios.com\/wp-content\/uploads\/2020\/04\/QUILMES-COMPRA-EN-CASA-EL-PROGRAMA-LANZADO-POR-LA-MUNICIPALIDAD-YASUPER\u00d3-LOS-500-COMERCIOS-ADHERIDOS-2-1024x1024.jpeg"},"ams_acf":[],"yoast_head":"<!-- This site is optimized with the Yoast SEO plugin v27.3 - https:\/\/yoast.com\/product\/yoast-seo-wordpress\/ -->\n<title>Lanzaron el Programa &quot;Quilmes Compra en Casa&quot; - Principios<\/title>\n<meta name=\"robots\" content=\"index, follow, max-snippet:-1, max-image-preview:large, max-video-preview:-1\" \/>\n<link rel=\"canonical\" href=\"https:\/\/diarioprincipios.com\/index.php\/2020\/04\/16\/lanzaron-el-programa-quilmes-compra-en-casa\/\" \/>\n<meta property=\"og:locale\" content=\"es_ES\" \/>\n<meta property=\"og:type\" content=\"article\" \/>\n<meta property=\"og:title\" content=\"Lanzaron el Programa &quot;Quilmes Compra en Casa&quot; - Principios\" \/>\n<meta property=\"og:description\" content=\"La intendenta de Quilmes destac\u00f3 hoy los resultados del programa \u201cQuilmes Compra en Casa\u201d, ya que \u201ca poco m\u00e1s de una semana de su lanzamiento se han inscripto m\u00e1s de 500 comerciantes\u201d y los vecinos y vecinas del distrito pueden continuar realizando sus compras habituales cumpliendo con el aislamiento social, preventivo y obligatorio dispuesto por...\" \/>\n<meta property=\"og:url\" content=\"https:\/\/diarioprincipios.com\/index.php\/2020\/04\/16\/lanzaron-el-programa-quilmes-compra-en-casa\/\" \/>\n<meta property=\"og:site_name\" content=\"Principios\" \/>\n<meta property=\"article:published_time\" content=\"2020-04-16T22:12:01+00:00\" \/>\n<meta property=\"article:modified_time\" content=\"2020-04-16T22:12:04+00:00\" \/>\n<meta property=\"og:image\" content=\"https:\/\/diarioprincipios.com\/wp-content\/uploads\/2020\/04\/QUILMES-COMPRA-EN-CASA-EL-PROGRAMA-LANZADO-POR-LA-MUNICIPALIDAD-YASUPER\u00d3-LOS-500-COMERCIOS-ADHERIDOS-2.jpeg\" \/>\n\t<meta property=\"og:image:width\" content=\"1280\" \/>\n\t<meta property=\"og:image:height\" content=\"1280\" \/>\n\t<meta property=\"og:image:type\" content=\"image\/jpeg\" \/>\n<meta name=\"author\" content=\"Hern\u00e1n L\u00f3pez\" \/>\n<meta name=\"twitter:card\" content=\"summary_large_image\" \/>\n<meta name=\"twitter:label1\" content=\"Escrito por\" \/>\n\t<meta name=\"twitter:data1\" content=\"Hern\u00e1n L\u00f3pez\" \/>\n\t<meta name=\"twitter:label2\" content=\"Tiempo de lectura\" \/>\n\t<meta name=\"twitter:data2\" content=\"4 minutos\" \/>\n<script type=\"application\/ld+json\" class=\"yoast-schema-graph\">{\"@context\":\"https:\\\/\\\/schema.org\",\"@graph\":[{\"@type\":\"Article\",\"@id\":\"https:\\\/\\\/diarioprincipios.com\\\/index.php\\\/2020\\\/04\\\/16\\\/lanzaron-el-programa-quilmes-compra-en-casa\\\/#article\",\"isPartOf\":{\"@id\":\"https:\\\/\\\/diarioprincipios.com\\\/index.php\\\/2020\\\/04\\\/16\\\/lanzaron-el-programa-quilmes-compra-en-casa\\\/\"},\"author\":{\"name\":\"Hern\u00e1n L\u00f3pez\",\"@id\":\"https:\\\/\\\/diarioprincipios.com\\\/#\\\/schema\\\/person\\\/436d5a1fd41a5e250e23ff5a6a7cb080\"},\"headline\":\"Lanzaron el Programa \u00abQuilmes Compra en Casa\u00bb\",\"datePublished\":\"2020-04-16T22:12:01+00:00\",\"dateModified\":\"2020-04-16T22:12:04+00:00\",\"mainEntityOfPage\":{\"@id\":\"https:\\\/\\\/diarioprincipios.com\\\/index.php\\\/2020\\\/04\\\/16\\\/lanzaron-el-programa-quilmes-compra-en-casa\\\/\"},\"wordCount\":727,\"commentCount\":0,\"publisher\":{\"@id\":\"https:\\\/\\\/diarioprincipios.com\\\/#organization\"},\"image\":{\"@id\":\"https:\\\/\\\/diarioprincipios.com\\\/index.php\\\/2020\\\/04\\\/16\\\/lanzaron-el-programa-quilmes-compra-en-casa\\\/#primaryimage\"},\"thumbnailUrl\":\"https:\\\/\\\/diarioprincipios.com\\\/wp-content\\\/uploads\\\/2020\\\/04\\\/QUILMES-COMPRA-EN-CASA-EL-PROGRAMA-LANZADO-POR-LA-MUNICIPALIDAD-YASUPER\u00d3-LOS-500-COMERCIOS-ADHERIDOS-2.jpeg\",\"articleSection\":[\"Quilmes\"],\"inLanguage\":\"es\",\"potentialAction\":[{\"@type\":\"CommentAction\",\"name\":\"Comment\",\"target\":[\"https:\\\/\\\/diarioprincipios.com\\\/index.php\\\/2020\\\/04\\\/16\\\/lanzaron-el-programa-quilmes-compra-en-casa\\\/#respond\"]}]},{\"@type\":\"WebPage\",\"@id\":\"https:\\\/\\\/diarioprincipios.com\\\/index.php\\\/2020\\\/04\\\/16\\\/lanzaron-el-programa-quilmes-compra-en-casa\\\/\",\"url\":\"https:\\\/\\\/diarioprincipios.com\\\/index.php\\\/2020\\\/04\\\/16\\\/lanzaron-el-programa-quilmes-compra-en-casa\\\/\",\"name\":\"Lanzaron el Programa \\\"Quilmes Compra en Casa\\\" - Principios\",\"isPartOf\":{\"@id\":\"https:\\\/\\\/diarioprincipios.com\\\/#website\"},\"primaryImageOfPage\":{\"@id\":\"https:\\\/\\\/diarioprincipios.com\\\/index.php\\\/2020\\\/04\\\/16\\\/lanzaron-el-programa-quilmes-compra-en-casa\\\/#primaryimage\"},\"image\":{\"@id\":\"https:\\\/\\\/diarioprincipios.com\\\/index.php\\\/2020\\\/04\\\/16\\\/lanzaron-el-programa-quilmes-compra-en-casa\\\/#primaryimage\"},\"thumbnailUrl\":\"https:\\\/\\\/diarioprincipios.com\\\/wp-content\\\/uploads\\\/2020\\\/04\\\/QUILMES-COMPRA-EN-CASA-EL-PROGRAMA-LANZADO-POR-LA-MUNICIPALIDAD-YASUPER\u00d3-LOS-500-COMERCIOS-ADHERIDOS-2.jpeg\",\"datePublished\":\"2020-04-16T22:12:01+00:00\",\"dateModified\":\"2020-04-16T22:12:04+00:00\",\"breadcrumb\":{\"@id\":\"https:\\\/\\\/diarioprincipios.com\\\/index.php\\\/2020\\\/04\\\/16\\\/lanzaron-el-programa-quilmes-compra-en-casa\\\/#breadcrumb\"},\"inLanguage\":\"es\",\"potentialAction\":[{\"@type\":\"ReadAction\",\"target\":[\"https:\\\/\\\/diarioprincipios.com\\\/index.php\\\/2020\\\/04\\\/16\\\/lanzaron-el-programa-quilmes-compra-en-casa\\\/\"]}]},{\"@type\":\"ImageObject\",\"inLanguage\":\"es\",\"@id\":\"https:\\\/\\\/diarioprincipios.com\\\/index.php\\\/2020\\\/04\\\/16\\\/lanzaron-el-programa-quilmes-compra-en-casa\\\/#primaryimage\",\"url\":\"https:\\\/\\\/diarioprincipios.com\\\/wp-content\\\/uploads\\\/2020\\\/04\\\/QUILMES-COMPRA-EN-CASA-EL-PROGRAMA-LANZADO-POR-LA-MUNICIPALIDAD-YASUPER\u00d3-LOS-500-COMERCIOS-ADHERIDOS-2.jpeg\",\"contentUrl\":\"https:\\\/\\\/diarioprincipios.com\\\/wp-content\\\/uploads\\\/2020\\\/04\\\/QUILMES-COMPRA-EN-CASA-EL-PROGRAMA-LANZADO-POR-LA-MUNICIPALIDAD-YASUPER\u00d3-LOS-500-COMERCIOS-ADHERIDOS-2.jpeg\",\"width\":1280,\"height\":1280},{\"@type\":\"BreadcrumbList\",\"@id\":\"https:\\\/\\\/diarioprincipios.com\\\/index.php\\\/2020\\\/04\\\/16\\\/lanzaron-el-programa-quilmes-compra-en-casa\\\/#breadcrumb\",\"itemListElement\":[{\"@type\":\"ListItem\",\"position\":1,\"name\":\"Portada\",\"item\":\"https:\\\/\\\/diarioprincipios.com\\\/\"},{\"@type\":\"ListItem\",\"position\":2,\"name\":\"Lanzaron el Programa \u00abQuilmes Compra en Casa\u00bb\"}]},{\"@type\":\"WebSite\",\"@id\":\"https:\\\/\\\/diarioprincipios.com\\\/#website\",\"url\":\"https:\\\/\\\/diarioprincipios.com\\\/\",\"name\":\"Principios\",\"description\":\"Principios Diario\",\"publisher\":{\"@id\":\"https:\\\/\\\/diarioprincipios.com\\\/#organization\"},\"potentialAction\":[{\"@type\":\"SearchAction\",\"target\":{\"@type\":\"EntryPoint\",\"urlTemplate\":\"https:\\\/\\\/diarioprincipios.com\\\/?s={search_term_string}\"},\"query-input\":{\"@type\":\"PropertyValueSpecification\",\"valueRequired\":true,\"valueName\":\"search_term_string\"}}],\"inLanguage\":\"es\"},{\"@type\":\"Organization\",\"@id\":\"https:\\\/\\\/diarioprincipios.com\\\/#organization\",\"name\":\"Principios\",\"url\":\"https:\\\/\\\/diarioprincipios.com\\\/\",\"logo\":{\"@type\":\"ImageObject\",\"inLanguage\":\"es\",\"@id\":\"https:\\\/\\\/diarioprincipios.com\\\/#\\\/schema\\\/logo\\\/image\\\/\",\"url\":\"https:\\\/\\\/diarioprincipios.com\\\/wp-content\\\/uploads\\\/2024\\\/04\\\/cropped-www.diarioprincipios.com_-1.png\",\"contentUrl\":\"https:\\\/\\\/diarioprincipios.com\\\/wp-content\\\/uploads\\\/2024\\\/04\\\/cropped-www.diarioprincipios.com_-1.png\",\"width\":5325,\"height\":1454,\"caption\":\"Principios\"},\"image\":{\"@id\":\"https:\\\/\\\/diarioprincipios.com\\\/#\\\/schema\\\/logo\\\/image\\\/\"}},{\"@type\":\"Person\",\"@id\":\"https:\\\/\\\/diarioprincipios.com\\\/#\\\/schema\\\/person\\\/436d5a1fd41a5e250e23ff5a6a7cb080\",\"name\":\"Hern\u00e1n L\u00f3pez\",\"image\":{\"@type\":\"ImageObject\",\"inLanguage\":\"es\",\"@id\":\"https:\\\/\\\/diarioprincipios.com\\\/wp-content\\\/litespeed\\\/avatar\\\/11ddfe5610ff3bd100522525b2571f48.jpg?ver=1777048341\",\"url\":\"https:\\\/\\\/diarioprincipios.com\\\/wp-content\\\/litespeed\\\/avatar\\\/11ddfe5610ff3bd100522525b2571f48.jpg?ver=1777048341\",\"contentUrl\":\"https:\\\/\\\/diarioprincipios.com\\\/wp-content\\\/litespeed\\\/avatar\\\/11ddfe5610ff3bd100522525b2571f48.jpg?ver=1777048341\",\"caption\":\"Hern\u00e1n L\u00f3pez\"},\"url\":\"https:\\\/\\\/diarioprincipios.com\\\/index.php\\\/author\\\/hernan\\\/\"}]}<\/script>\n<!-- \/ Yoast SEO plugin. -->","yoast_head_json":{"title":"Lanzaron el Programa \"Quilmes Compra en Casa\" - Principios","robots":{"index":"index","follow":"follow","max-snippet":"max-snippet:-1","max-image-preview":"max-image-preview:large","max-video-preview":"max-video-preview:-1"},"canonical":"https:\/\/diarioprincipios.com\/index.php\/2020\/04\/16\/lanzaron-el-programa-quilmes-compra-en-casa\/","og_locale":"es_ES","og_type":"article","og_title":"Lanzaron el Programa \"Quilmes Compra en Casa\" - Principios","og_description":"La intendenta de Quilmes destac\u00f3 hoy los resultados del programa \u201cQuilmes Compra en Casa\u201d, ya que \u201ca poco m\u00e1s de una semana de su lanzamiento se han inscripto m\u00e1s de 500 comerciantes\u201d y los vecinos y vecinas del distrito pueden continuar realizando sus compras habituales cumpliendo con el aislamiento social, preventivo y obligatorio dispuesto por...","og_url":"https:\/\/diarioprincipios.com\/index.php\/2020\/04\/16\/lanzaron-el-programa-quilmes-compra-en-casa\/","og_site_name":"Principios","article_published_time":"2020-04-16T22:12:01+00:00","article_modified_time":"2020-04-16T22:12:04+00:00","og_image":[{"width":1280,"height":1280,"url":"https:\/\/diarioprincipios.com\/wp-content\/uploads\/2020\/04\/QUILMES-COMPRA-EN-CASA-EL-PROGRAMA-LANZADO-POR-LA-MUNICIPALIDAD-YASUPER\u00d3-LOS-500-COMERCIOS-ADHERIDOS-2.jpeg","type":"image\/jpeg"}],"author":"Hern\u00e1n L\u00f3pez","twitter_card":"summary_large_image","twitter_misc":{"Escrito por":"Hern\u00e1n L\u00f3pez","Tiempo de lectura":"4 minutos"},"schema":{"@context":"https:\/\/schema.org","@graph":[{"@type":"Article","@id":"https:\/\/diarioprincipios.com\/index.php\/2020\/04\/16\/lanzaron-el-programa-quilmes-compra-en-casa\/#article","isPartOf":{"@id":"https:\/\/diarioprincipios.com\/index.php\/2020\/04\/16\/lanzaron-el-programa-quilmes-compra-en-casa\/"},"author":{"name":"Hern\u00e1n L\u00f3pez","@id":"https:\/\/diarioprincipios.com\/#\/schema\/person\/436d5a1fd41a5e250e23ff5a6a7cb080"},"headline":"Lanzaron el Programa \u00abQuilmes Compra en Casa\u00bb","datePublished":"2020-04-16T22:12:01+00:00","dateModified":"2020-04-16T22:12:04+00:00","mainEntityOfPage":{"@id":"https:\/\/diarioprincipios.com\/index.php\/2020\/04\/16\/lanzaron-el-programa-quilmes-compra-en-casa\/"},"wordCount":727,"commentCount":0,"publisher":{"@id":"https:\/\/diarioprincipios.com\/#organization"},"image":{"@id":"https:\/\/diarioprincipios.com\/index.php\/2020\/04\/16\/lanzaron-el-programa-quilmes-compra-en-casa\/#primaryimage"},"thumbnailUrl":"https:\/\/diarioprincipios.com\/wp-content\/uploads\/2020\/04\/QUILMES-COMPRA-EN-CASA-EL-PROGRAMA-LANZADO-POR-LA-MUNICIPALIDAD-YASUPER\u00d3-LOS-500-COMERCIOS-ADHERIDOS-2.jpeg","articleSection":["Quilmes"],"inLanguage":"es","potentialAction":[{"@type":"CommentAction","name":"Comment","target":["https:\/\/diarioprincipios.com\/index.php\/2020\/04\/16\/lanzaron-el-programa-quilmes-compra-en-casa\/#respond"]}]},{"@type":"WebPage","@id":"https:\/\/diarioprincipios.com\/index.php\/2020\/04\/16\/lanzaron-el-programa-quilmes-compra-en-casa\/","url":"https:\/\/diarioprincipios.com\/index.php\/2020\/04\/16\/lanzaron-el-programa-quilmes-compra-en-casa\/","name":"Lanzaron el Programa \"Quilmes Compra en Casa\" - Principios","isPartOf":{"@id":"https:\/\/diarioprincipios.com\/#website"},"primaryImageOfPage":{"@id":"https:\/\/diarioprincipios.com\/index.php\/2020\/04\/16\/lanzaron-el-programa-quilmes-compra-en-casa\/#primaryimage"},"image":{"@id":"https:\/\/diarioprincipios.com\/index.php\/2020\/04\/16\/lanzaron-el-programa-quilmes-compra-en-casa\/#primaryimage"},"thumbnailUrl":"https:\/\/diarioprincipios.com\/wp-content\/uploads\/2020\/04\/QUILMES-COMPRA-EN-CASA-EL-PROGRAMA-LANZADO-POR-LA-MUNICIPALIDAD-YASUPER\u00d3-LOS-500-COMERCIOS-ADHERIDOS-2.jpeg","datePublished":"2020-04-16T22:12:01+00:00","dateModified":"2020-04-16T22:12:04+00:00","breadcrumb":{"@id":"https:\/\/diarioprincipios.com\/index.php\/2020\/04\/16\/lanzaron-el-programa-quilmes-compra-en-casa\/#breadcrumb"},"inLanguage":"es","potentialAction":[{"@type":"ReadAction","target":["https:\/\/diarioprincipios.com\/index.php\/2020\/04\/16\/lanzaron-el-programa-quilmes-compra-en-casa\/"]}]},{"@type":"ImageObject","inLanguage":"es","@id":"https:\/\/diarioprincipios.com\/index.php\/2020\/04\/16\/lanzaron-el-programa-quilmes-compra-en-casa\/#primaryimage","url":"https:\/\/diarioprincipios.com\/wp-content\/uploads\/2020\/04\/QUILMES-COMPRA-EN-CASA-EL-PROGRAMA-LANZADO-POR-LA-MUNICIPALIDAD-YASUPER\u00d3-LOS-500-COMERCIOS-ADHERIDOS-2.jpeg","contentUrl":"https:\/\/diarioprincipios.com\/wp-content\/uploads\/2020\/04\/QUILMES-COMPRA-EN-CASA-EL-PROGRAMA-LANZADO-POR-LA-MUNICIPALIDAD-YASUPER\u00d3-LOS-500-COMERCIOS-ADHERIDOS-2.jpeg","width":1280,"height":1280},{"@type":"BreadcrumbList","@id":"https:\/\/diarioprincipios.com\/index.php\/2020\/04\/16\/lanzaron-el-programa-quilmes-compra-en-casa\/#breadcrumb","itemListElement":[{"@type":"ListItem","position":1,"name":"Portada","item":"https:\/\/diarioprincipios.com\/"},{"@type":"ListItem","position":2,"name":"Lanzaron el Programa \u00abQuilmes Compra en Casa\u00bb"}]},{"@type":"WebSite","@id":"https:\/\/diarioprincipios.com\/#website","url":"https:\/\/diarioprincipios.com\/","name":"Principios","description":"Principios Diario","publisher":{"@id":"https:\/\/diarioprincipios.com\/#organization"},"potentialAction":[{"@type":"SearchAction","target":{"@type":"EntryPoint","urlTemplate":"https:\/\/diarioprincipios.com\/?s={search_term_string}"},"query-input":{"@type":"PropertyValueSpecification","valueRequired":true,"valueName":"search_term_string"}}],"inLanguage":"es"},{"@type":"Organization","@id":"https:\/\/diarioprincipios.com\/#organization","name":"Principios","url":"https:\/\/diarioprincipios.com\/","logo":{"@type":"ImageObject","inLanguage":"es","@id":"https:\/\/diarioprincipios.com\/#\/schema\/logo\/image\/","url":"https:\/\/diarioprincipios.com\/wp-content\/uploads\/2024\/04\/cropped-www.diarioprincipios.com_-1.png","contentUrl":"https:\/\/diarioprincipios.com\/wp-content\/uploads\/2024\/04\/cropped-www.diarioprincipios.com_-1.png","width":5325,"height":1454,"caption":"Principios"},"image":{"@id":"https:\/\/diarioprincipios.com\/#\/schema\/logo\/image\/"}},{"@type":"Person","@id":"https:\/\/diarioprincipios.com\/#\/schema\/person\/436d5a1fd41a5e250e23ff5a6a7cb080","name":"Hern\u00e1n L\u00f3pez","image":{"@type":"ImageObject","inLanguage":"es","@id":"https:\/\/diarioprincipios.com\/wp-content\/litespeed\/avatar\/11ddfe5610ff3bd100522525b2571f48.jpg?ver=1777048341","url":"https:\/\/diarioprincipios.com\/wp-content\/litespeed\/avatar\/11ddfe5610ff3bd100522525b2571f48.jpg?ver=1777048341","contentUrl":"https:\/\/diarioprincipios.com\/wp-content\/litespeed\/avatar\/11ddfe5610ff3bd100522525b2571f48.jpg?ver=1777048341","caption":"Hern\u00e1n L\u00f3pez"},"url":"https:\/\/diarioprincipios.com\/index.php\/author\/hernan\/"}]}},"jetpack_featured_media_url":"https:\/\/diarioprincipios.com\/wp-content\/uploads\/2020\/04\/QUILMES-COMPRA-EN-CASA-EL-PROGRAMA-LANZADO-POR-LA-MUNICIPALIDAD-YASUPER\u00d3-LOS-500-COMERCIOS-ADHERIDOS-2.jpeg","_links":{"self":[{"href":"https:\/\/diarioprincipios.com\/index.php\/wp-json\/wp\/v2\/posts\/762","targetHints":{"allow":["GET"]}}],"collection":[{"href":"https:\/\/diarioprincipios.com\/index.php\/wp-json\/wp\/v2\/posts"}],"about":[{"href":"https:\/\/diarioprincipios.com\/index.php\/wp-json\/wp\/v2\/types\/post"}],"author":[{"embeddable":true,"href":"https:\/\/diarioprincipios.com\/index.php\/wp-json\/wp\/v2\/users\/2"}],"replies":[{"embeddable":true,"href":"https:\/\/diarioprincipios.com\/index.php\/wp-json\/wp\/v2\/comments?post=762"}],"version-history":[{"count":1,"href":"https:\/\/diarioprincipios.com\/index.php\/wp-json\/wp\/v2\/posts\/762\/revisions"}],"predecessor-version":[{"id":765,"href":"https:\/\/diarioprincipios.com\/index.php\/wp-json\/wp\/v2\/posts\/762\/revisions\/765"}],"wp:featuredmedia":[{"embeddable":true,"href":"https:\/\/diarioprincipios.com\/index.php\/wp-json\/wp\/v2\/media\/763"}],"wp:attachment":[{"href":"https:\/\/diarioprincipios.com\/index.php\/wp-json\/wp\/v2\/media?parent=762"}],"wp:term":[{"taxonomy":"category","embeddable":true,"href":"https:\/\/diarioprincipios.com\/index.php\/wp-json\/wp\/v2\/categories?post=762"},{"taxonomy":"post_tag","embeddable":true,"href":"https:\/\/diarioprincipios.com\/index.php\/wp-json\/wp\/v2\/tags?post=762"}],"curies":[{"name":"wp","href":"https:\/\/api.w.org\/{rel}","templated":true}]}}