{"id":737,"date":"2020-04-15T21:13:31","date_gmt":"2020-04-15T21:13:31","guid":{"rendered":"http:\/\/diarioprincipios.com\/?p=737"},"modified":"2020-04-15T21:13:33","modified_gmt":"2020-04-15T21:13:33","slug":"sigue-el-programa-municipal-de-reciclado-en-berazategui","status":"publish","type":"post","link":"https:\/\/diarioprincipios.com\/index.php\/2020\/04\/15\/sigue-el-programa-municipal-de-reciclado-en-berazategui\/","title":{"rendered":"Sigue el Programa Municipal de Reciclado en Berazategui"},"content":{"rendered":"\n<p><strong>En sinton\u00eda con hacer de Berazategui una de las ciudades m\u00e1s lindas y limpias del pa\u00eds y, a su vez, fortalecer la conciencia ecol\u00f3gica de la comunidad, la gesti\u00f3n municipal contin\u00faa con su Programa municipal de separaci\u00f3n de residuos, donde los principales protagonistas son los vecinos. Se trata de \u201cBerazategui Recicla\u201d, que se puso en marcha en 2015 y ya cuenta con 40 Ecopuntos y 280 recicladores.<\/strong><\/p>\n\n\n\n<p>Entre los beneficios de esta original iniciativa, se destaca la reducci\u00f3n de la cantidad de residuos destinados a CEAMSE; la generaci\u00f3n de fuentes de empleo e inclusi\u00f3n social; la disminuci\u00f3n de la contaminaci\u00f3n del ambiente; y el incremento de la conciencia ambiental, al promover un comportamiento responsable entre los vecinos.<\/p>\n\n\n\n<p>Aquellos que deseen sumarse a esta campa\u00f1a de reciclado, pueden hacerlo de una manera muy sencilla. Simplemente, tienen que realizar en sus casas la separaci\u00f3n de sus residuos s\u00f3lidos, tales como vidrio, papel, cart\u00f3n, aluminio y pl\u00e1stico, preferentemente limpios y secos. Al reunir dos bolsas o m\u00e1s, deben llamar al 4356-9200 (Int. 1314\/1315) o enviar un mensaje por whatsapp al 11-2451-8176, y los recolectores de \u201cBerazategui Recicla\u201d -debidamente identificados con uniforme verde y credencial- pasar\u00e1n a retirarlas en una bicicleta especial, para llevarlas al Ecopunto m\u00e1s cercano.<\/p>\n\n\n\n<p>Actualmente, Berazategui cuenta con 40 de estos espacios, que se encuentran situados en diferentes entidades barriales, como clubes y sociedades de fomento, donde se desarrolla el acopio, la clasificaci\u00f3n y todo el proceso previo al tratamiento de los materiales recuperados. Estos Ecopuntos est\u00e1n abiertos de 8.00 a 12.00 y sus ubicaciones exactas pueden conocerse al ingresar a la Web municipal&nbsp;<a rel=\"noreferrer noopener\" target=\"_blank\" href=\"http:\/\/berazategui.gob.ar\/berarecicla\">Berazategui.gob.ar\/berarecicla<\/a>.<\/p>\n\n\n\n<p>Finalmente, todo lo reunido es transportado a empresas que se encargan de reciclar y reutilizar estos desechos, conformados fundamentalmente por pl\u00e1stico, vidrio, metal, cart\u00f3n, papel y artefactos electr\u00f3nicos, entre otros materiales. Entre algunos de los productos fabricados con estos residuos, la primera Plaza ecol\u00f3gica de Berazategui -\u00abEl Molino\u00bb (136 y 48)-, del barrio R\u00edo Encantado, por ejemplo, cuenta con bancos hechos con pl\u00e1stico molido, tapitas de botellas como decoraci\u00f3n de las veredas y juegos infantiles. Tambi\u00e9n, con el material reciclado, se producen escobillones y papel tis\u00fa e higi\u00e9nico, entre muchos otros elementos.<\/p>\n\n\n\n<p>Gracias a esta metodolog\u00eda, adem\u00e1s, el Municipio ha logrado un importante ahorro de recursos, correspondientes al traslado y tratamiento de sus residuos, que pudo ser reinvertido en obras y mejoras para la Ciudad.<\/p>\n\n\n\n<p>Por otra parte, este Programa municipal es autosustentable. Esto quiere decir que, con lo que se recauda de la venta de los materiales reciclables, los trabajadores cobran sus sueldos y, de esta manera, se financia el funcionamiento del sistema.<\/p>\n","protected":false},"excerpt":{"rendered":"<p>En sinton\u00eda con hacer de Berazategui una de las ciudades m\u00e1s lindas y limpias del pa\u00eds y, a su vez, fortalecer la conciencia ecol\u00f3gica de la comunidad, la gesti\u00f3n municipal contin\u00faa con su Programa municipal de separaci\u00f3n de residuos, donde los principales protagonistas son los vecinos. Se trata de \u201cBerazategui Recicla\u201d, que se puso en&#8230;<\/p>\n","protected":false},"author":2,"featured_media":738,"comment_status":"open","ping_status":"open","sticky":false,"template":"","format":"standard","meta":{"footnotes":""},"categories":[3],"tags":[],"class_list":["post-737","post","type-post","status-publish","format-standard","has-post-thumbnail","hentry","category-berazategui"],"featured_image_src":"https:\/\/diarioprincipios.com\/wp-content\/uploads\/2020\/04\/BERAZATEGUI-SIGUE-EL-PROGRAMA-MUNICIPAL-DE-RECICLADO-1-1024x683.jpg","blog_images":{"medium":"https:\/\/diarioprincipios.com\/wp-content\/uploads\/2020\/04\/BERAZATEGUI-SIGUE-EL-PROGRAMA-MUNICIPAL-DE-RECICLADO-1-300x200.jpg","large":"https:\/\/diarioprincipios.com\/wp-content\/uploads\/2020\/04\/BERAZATEGUI-SIGUE-EL-PROGRAMA-MUNICIPAL-DE-RECICLADO-1-1024x683.jpg"},"ams_acf":[],"yoast_head":"<!-- This site is optimized with the Yoast SEO plugin v27.3 - https:\/\/yoast.com\/product\/yoast-seo-wordpress\/ -->\n<title>Sigue el Programa Municipal de Reciclado en Berazategui - Principios<\/title>\n<meta name=\"robots\" content=\"index, follow, max-snippet:-1, max-image-preview:large, max-video-preview:-1\" \/>\n<link rel=\"canonical\" href=\"https:\/\/diarioprincipios.com\/index.php\/2020\/04\/15\/sigue-el-programa-municipal-de-reciclado-en-berazategui\/\" \/>\n<meta property=\"og:locale\" content=\"es_ES\" \/>\n<meta property=\"og:type\" content=\"article\" \/>\n<meta property=\"og:title\" content=\"Sigue el Programa Municipal de Reciclado en Berazategui - Principios\" \/>\n<meta property=\"og:description\" content=\"En sinton\u00eda con hacer de Berazategui una de las ciudades m\u00e1s lindas y limpias del pa\u00eds y, a su vez, fortalecer la conciencia ecol\u00f3gica de la comunidad, la gesti\u00f3n municipal contin\u00faa con su Programa municipal de separaci\u00f3n de residuos, donde los principales protagonistas son los vecinos. Se trata de \u201cBerazategui Recicla\u201d, que se puso en...\" \/>\n<meta property=\"og:url\" content=\"https:\/\/diarioprincipios.com\/index.php\/2020\/04\/15\/sigue-el-programa-municipal-de-reciclado-en-berazategui\/\" \/>\n<meta property=\"og:site_name\" content=\"Principios\" \/>\n<meta property=\"article:published_time\" content=\"2020-04-15T21:13:31+00:00\" \/>\n<meta property=\"article:modified_time\" content=\"2020-04-15T21:13:33+00:00\" \/>\n<meta property=\"og:image\" content=\"https:\/\/diarioprincipios.com\/wp-content\/uploads\/2020\/04\/BERAZATEGUI-SIGUE-EL-PROGRAMA-MUNICIPAL-DE-RECICLADO-1.jpg\" \/>\n\t<meta property=\"og:image:width\" content=\"1920\" \/>\n\t<meta property=\"og:image:height\" content=\"1280\" \/>\n\t<meta property=\"og:image:type\" content=\"image\/jpeg\" \/>\n<meta name=\"author\" content=\"Hern\u00e1n L\u00f3pez\" \/>\n<meta name=\"twitter:card\" content=\"summary_large_image\" \/>\n<meta name=\"twitter:label1\" content=\"Escrito por\" \/>\n\t<meta name=\"twitter:data1\" content=\"Hern\u00e1n L\u00f3pez\" \/>\n\t<meta name=\"twitter:label2\" content=\"Tiempo de lectura\" \/>\n\t<meta name=\"twitter:data2\" content=\"2 minutos\" \/>\n<script type=\"application\/ld+json\" class=\"yoast-schema-graph\">{\"@context\":\"https:\\\/\\\/schema.org\",\"@graph\":[{\"@type\":\"Article\",\"@id\":\"https:\\\/\\\/diarioprincipios.com\\\/index.php\\\/2020\\\/04\\\/15\\\/sigue-el-programa-municipal-de-reciclado-en-berazategui\\\/#article\",\"isPartOf\":{\"@id\":\"https:\\\/\\\/diarioprincipios.com\\\/index.php\\\/2020\\\/04\\\/15\\\/sigue-el-programa-municipal-de-reciclado-en-berazategui\\\/\"},\"author\":{\"name\":\"Hern\u00e1n L\u00f3pez\",\"@id\":\"https:\\\/\\\/diarioprincipios.com\\\/#\\\/schema\\\/person\\\/436d5a1fd41a5e250e23ff5a6a7cb080\"},\"headline\":\"Sigue el Programa Municipal de Reciclado en Berazategui\",\"datePublished\":\"2020-04-15T21:13:31+00:00\",\"dateModified\":\"2020-04-15T21:13:33+00:00\",\"mainEntityOfPage\":{\"@id\":\"https:\\\/\\\/diarioprincipios.com\\\/index.php\\\/2020\\\/04\\\/15\\\/sigue-el-programa-municipal-de-reciclado-en-berazategui\\\/\"},\"wordCount\":468,\"commentCount\":0,\"publisher\":{\"@id\":\"https:\\\/\\\/diarioprincipios.com\\\/#organization\"},\"image\":{\"@id\":\"https:\\\/\\\/diarioprincipios.com\\\/index.php\\\/2020\\\/04\\\/15\\\/sigue-el-programa-municipal-de-reciclado-en-berazategui\\\/#primaryimage\"},\"thumbnailUrl\":\"https:\\\/\\\/diarioprincipios.com\\\/wp-content\\\/uploads\\\/2020\\\/04\\\/BERAZATEGUI-SIGUE-EL-PROGRAMA-MUNICIPAL-DE-RECICLADO-1.jpg\",\"articleSection\":[\"Berazategui\"],\"inLanguage\":\"es\",\"potentialAction\":[{\"@type\":\"CommentAction\",\"name\":\"Comment\",\"target\":[\"https:\\\/\\\/diarioprincipios.com\\\/index.php\\\/2020\\\/04\\\/15\\\/sigue-el-programa-municipal-de-reciclado-en-berazategui\\\/#respond\"]}]},{\"@type\":\"WebPage\",\"@id\":\"https:\\\/\\\/diarioprincipios.com\\\/index.php\\\/2020\\\/04\\\/15\\\/sigue-el-programa-municipal-de-reciclado-en-berazategui\\\/\",\"url\":\"https:\\\/\\\/diarioprincipios.com\\\/index.php\\\/2020\\\/04\\\/15\\\/sigue-el-programa-municipal-de-reciclado-en-berazategui\\\/\",\"name\":\"Sigue el Programa Municipal de Reciclado en Berazategui - Principios\",\"isPartOf\":{\"@id\":\"https:\\\/\\\/diarioprincipios.com\\\/#website\"},\"primaryImageOfPage\":{\"@id\":\"https:\\\/\\\/diarioprincipios.com\\\/index.php\\\/2020\\\/04\\\/15\\\/sigue-el-programa-municipal-de-reciclado-en-berazategui\\\/#primaryimage\"},\"image\":{\"@id\":\"https:\\\/\\\/diarioprincipios.com\\\/index.php\\\/2020\\\/04\\\/15\\\/sigue-el-programa-municipal-de-reciclado-en-berazategui\\\/#primaryimage\"},\"thumbnailUrl\":\"https:\\\/\\\/diarioprincipios.com\\\/wp-content\\\/uploads\\\/2020\\\/04\\\/BERAZATEGUI-SIGUE-EL-PROGRAMA-MUNICIPAL-DE-RECICLADO-1.jpg\",\"datePublished\":\"2020-04-15T21:13:31+00:00\",\"dateModified\":\"2020-04-15T21:13:33+00:00\",\"breadcrumb\":{\"@id\":\"https:\\\/\\\/diarioprincipios.com\\\/index.php\\\/2020\\\/04\\\/15\\\/sigue-el-programa-municipal-de-reciclado-en-berazategui\\\/#breadcrumb\"},\"inLanguage\":\"es\",\"potentialAction\":[{\"@type\":\"ReadAction\",\"target\":[\"https:\\\/\\\/diarioprincipios.com\\\/index.php\\\/2020\\\/04\\\/15\\\/sigue-el-programa-municipal-de-reciclado-en-berazategui\\\/\"]}]},{\"@type\":\"ImageObject\",\"inLanguage\":\"es\",\"@id\":\"https:\\\/\\\/diarioprincipios.com\\\/index.php\\\/2020\\\/04\\\/15\\\/sigue-el-programa-municipal-de-reciclado-en-berazategui\\\/#primaryimage\",\"url\":\"https:\\\/\\\/diarioprincipios.com\\\/wp-content\\\/uploads\\\/2020\\\/04\\\/BERAZATEGUI-SIGUE-EL-PROGRAMA-MUNICIPAL-DE-RECICLADO-1.jpg\",\"contentUrl\":\"https:\\\/\\\/diarioprincipios.com\\\/wp-content\\\/uploads\\\/2020\\\/04\\\/BERAZATEGUI-SIGUE-EL-PROGRAMA-MUNICIPAL-DE-RECICLADO-1.jpg\",\"width\":1920,\"height\":1280},{\"@type\":\"BreadcrumbList\",\"@id\":\"https:\\\/\\\/diarioprincipios.com\\\/index.php\\\/2020\\\/04\\\/15\\\/sigue-el-programa-municipal-de-reciclado-en-berazategui\\\/#breadcrumb\",\"itemListElement\":[{\"@type\":\"ListItem\",\"position\":1,\"name\":\"Portada\",\"item\":\"https:\\\/\\\/diarioprincipios.com\\\/\"},{\"@type\":\"ListItem\",\"position\":2,\"name\":\"Sigue el Programa Municipal de Reciclado en Berazategui\"}]},{\"@type\":\"WebSite\",\"@id\":\"https:\\\/\\\/diarioprincipios.com\\\/#website\",\"url\":\"https:\\\/\\\/diarioprincipios.com\\\/\",\"name\":\"Principios\",\"description\":\"Principios Diario\",\"publisher\":{\"@id\":\"https:\\\/\\\/diarioprincipios.com\\\/#organization\"},\"potentialAction\":[{\"@type\":\"SearchAction\",\"target\":{\"@type\":\"EntryPoint\",\"urlTemplate\":\"https:\\\/\\\/diarioprincipios.com\\\/?s={search_term_string}\"},\"query-input\":{\"@type\":\"PropertyValueSpecification\",\"valueRequired\":true,\"valueName\":\"search_term_string\"}}],\"inLanguage\":\"es\"},{\"@type\":\"Organization\",\"@id\":\"https:\\\/\\\/diarioprincipios.com\\\/#organization\",\"name\":\"Principios\",\"url\":\"https:\\\/\\\/diarioprincipios.com\\\/\",\"logo\":{\"@type\":\"ImageObject\",\"inLanguage\":\"es\",\"@id\":\"https:\\\/\\\/diarioprincipios.com\\\/#\\\/schema\\\/logo\\\/image\\\/\",\"url\":\"https:\\\/\\\/diarioprincipios.com\\\/wp-content\\\/uploads\\\/2024\\\/04\\\/cropped-www.diarioprincipios.com_-1.png\",\"contentUrl\":\"https:\\\/\\\/diarioprincipios.com\\\/wp-content\\\/uploads\\\/2024\\\/04\\\/cropped-www.diarioprincipios.com_-1.png\",\"width\":5325,\"height\":1454,\"caption\":\"Principios\"},\"image\":{\"@id\":\"https:\\\/\\\/diarioprincipios.com\\\/#\\\/schema\\\/logo\\\/image\\\/\"}},{\"@type\":\"Person\",\"@id\":\"https:\\\/\\\/diarioprincipios.com\\\/#\\\/schema\\\/person\\\/436d5a1fd41a5e250e23ff5a6a7cb080\",\"name\":\"Hern\u00e1n L\u00f3pez\",\"image\":{\"@type\":\"ImageObject\",\"inLanguage\":\"es\",\"@id\":\"https:\\\/\\\/diarioprincipios.com\\\/wp-content\\\/litespeed\\\/avatar\\\/11ddfe5610ff3bd100522525b2571f48.jpg?ver=1777048341\",\"url\":\"https:\\\/\\\/diarioprincipios.com\\\/wp-content\\\/litespeed\\\/avatar\\\/11ddfe5610ff3bd100522525b2571f48.jpg?ver=1777048341\",\"contentUrl\":\"https:\\\/\\\/diarioprincipios.com\\\/wp-content\\\/litespeed\\\/avatar\\\/11ddfe5610ff3bd100522525b2571f48.jpg?ver=1777048341\",\"caption\":\"Hern\u00e1n L\u00f3pez\"},\"url\":\"https:\\\/\\\/diarioprincipios.com\\\/index.php\\\/author\\\/hernan\\\/\"}]}<\/script>\n<!-- \/ Yoast SEO plugin. -->","yoast_head_json":{"title":"Sigue el Programa Municipal de Reciclado en Berazategui - Principios","robots":{"index":"index","follow":"follow","max-snippet":"max-snippet:-1","max-image-preview":"max-image-preview:large","max-video-preview":"max-video-preview:-1"},"canonical":"https:\/\/diarioprincipios.com\/index.php\/2020\/04\/15\/sigue-el-programa-municipal-de-reciclado-en-berazategui\/","og_locale":"es_ES","og_type":"article","og_title":"Sigue el Programa Municipal de Reciclado en Berazategui - Principios","og_description":"En sinton\u00eda con hacer de Berazategui una de las ciudades m\u00e1s lindas y limpias del pa\u00eds y, a su vez, fortalecer la conciencia ecol\u00f3gica de la comunidad, la gesti\u00f3n municipal contin\u00faa con su Programa municipal de separaci\u00f3n de residuos, donde los principales protagonistas son los vecinos. Se trata de \u201cBerazategui Recicla\u201d, que se puso en...","og_url":"https:\/\/diarioprincipios.com\/index.php\/2020\/04\/15\/sigue-el-programa-municipal-de-reciclado-en-berazategui\/","og_site_name":"Principios","article_published_time":"2020-04-15T21:13:31+00:00","article_modified_time":"2020-04-15T21:13:33+00:00","og_image":[{"width":1920,"height":1280,"url":"https:\/\/diarioprincipios.com\/wp-content\/uploads\/2020\/04\/BERAZATEGUI-SIGUE-EL-PROGRAMA-MUNICIPAL-DE-RECICLADO-1.jpg","type":"image\/jpeg"}],"author":"Hern\u00e1n L\u00f3pez","twitter_card":"summary_large_image","twitter_misc":{"Escrito por":"Hern\u00e1n L\u00f3pez","Tiempo de lectura":"2 minutos"},"schema":{"@context":"https:\/\/schema.org","@graph":[{"@type":"Article","@id":"https:\/\/diarioprincipios.com\/index.php\/2020\/04\/15\/sigue-el-programa-municipal-de-reciclado-en-berazategui\/#article","isPartOf":{"@id":"https:\/\/diarioprincipios.com\/index.php\/2020\/04\/15\/sigue-el-programa-municipal-de-reciclado-en-berazategui\/"},"author":{"name":"Hern\u00e1n L\u00f3pez","@id":"https:\/\/diarioprincipios.com\/#\/schema\/person\/436d5a1fd41a5e250e23ff5a6a7cb080"},"headline":"Sigue el Programa Municipal de Reciclado en Berazategui","datePublished":"2020-04-15T21:13:31+00:00","dateModified":"2020-04-15T21:13:33+00:00","mainEntityOfPage":{"@id":"https:\/\/diarioprincipios.com\/index.php\/2020\/04\/15\/sigue-el-programa-municipal-de-reciclado-en-berazategui\/"},"wordCount":468,"commentCount":0,"publisher":{"@id":"https:\/\/diarioprincipios.com\/#organization"},"image":{"@id":"https:\/\/diarioprincipios.com\/index.php\/2020\/04\/15\/sigue-el-programa-municipal-de-reciclado-en-berazategui\/#primaryimage"},"thumbnailUrl":"https:\/\/diarioprincipios.com\/wp-content\/uploads\/2020\/04\/BERAZATEGUI-SIGUE-EL-PROGRAMA-MUNICIPAL-DE-RECICLADO-1.jpg","articleSection":["Berazategui"],"inLanguage":"es","potentialAction":[{"@type":"CommentAction","name":"Comment","target":["https:\/\/diarioprincipios.com\/index.php\/2020\/04\/15\/sigue-el-programa-municipal-de-reciclado-en-berazategui\/#respond"]}]},{"@type":"WebPage","@id":"https:\/\/diarioprincipios.com\/index.php\/2020\/04\/15\/sigue-el-programa-municipal-de-reciclado-en-berazategui\/","url":"https:\/\/diarioprincipios.com\/index.php\/2020\/04\/15\/sigue-el-programa-municipal-de-reciclado-en-berazategui\/","name":"Sigue el Programa Municipal de Reciclado en Berazategui - Principios","isPartOf":{"@id":"https:\/\/diarioprincipios.com\/#website"},"primaryImageOfPage":{"@id":"https:\/\/diarioprincipios.com\/index.php\/2020\/04\/15\/sigue-el-programa-municipal-de-reciclado-en-berazategui\/#primaryimage"},"image":{"@id":"https:\/\/diarioprincipios.com\/index.php\/2020\/04\/15\/sigue-el-programa-municipal-de-reciclado-en-berazategui\/#primaryimage"},"thumbnailUrl":"https:\/\/diarioprincipios.com\/wp-content\/uploads\/2020\/04\/BERAZATEGUI-SIGUE-EL-PROGRAMA-MUNICIPAL-DE-RECICLADO-1.jpg","datePublished":"2020-04-15T21:13:31+00:00","dateModified":"2020-04-15T21:13:33+00:00","breadcrumb":{"@id":"https:\/\/diarioprincipios.com\/index.php\/2020\/04\/15\/sigue-el-programa-municipal-de-reciclado-en-berazategui\/#breadcrumb"},"inLanguage":"es","potentialAction":[{"@type":"ReadAction","target":["https:\/\/diarioprincipios.com\/index.php\/2020\/04\/15\/sigue-el-programa-municipal-de-reciclado-en-berazategui\/"]}]},{"@type":"ImageObject","inLanguage":"es","@id":"https:\/\/diarioprincipios.com\/index.php\/2020\/04\/15\/sigue-el-programa-municipal-de-reciclado-en-berazategui\/#primaryimage","url":"https:\/\/diarioprincipios.com\/wp-content\/uploads\/2020\/04\/BERAZATEGUI-SIGUE-EL-PROGRAMA-MUNICIPAL-DE-RECICLADO-1.jpg","contentUrl":"https:\/\/diarioprincipios.com\/wp-content\/uploads\/2020\/04\/BERAZATEGUI-SIGUE-EL-PROGRAMA-MUNICIPAL-DE-RECICLADO-1.jpg","width":1920,"height":1280},{"@type":"BreadcrumbList","@id":"https:\/\/diarioprincipios.com\/index.php\/2020\/04\/15\/sigue-el-programa-municipal-de-reciclado-en-berazategui\/#breadcrumb","itemListElement":[{"@type":"ListItem","position":1,"name":"Portada","item":"https:\/\/diarioprincipios.com\/"},{"@type":"ListItem","position":2,"name":"Sigue el Programa Municipal de Reciclado en Berazategui"}]},{"@type":"WebSite","@id":"https:\/\/diarioprincipios.com\/#website","url":"https:\/\/diarioprincipios.com\/","name":"Principios","description":"Principios Diario","publisher":{"@id":"https:\/\/diarioprincipios.com\/#organization"},"potentialAction":[{"@type":"SearchAction","target":{"@type":"EntryPoint","urlTemplate":"https:\/\/diarioprincipios.com\/?s={search_term_string}"},"query-input":{"@type":"PropertyValueSpecification","valueRequired":true,"valueName":"search_term_string"}}],"inLanguage":"es"},{"@type":"Organization","@id":"https:\/\/diarioprincipios.com\/#organization","name":"Principios","url":"https:\/\/diarioprincipios.com\/","logo":{"@type":"ImageObject","inLanguage":"es","@id":"https:\/\/diarioprincipios.com\/#\/schema\/logo\/image\/","url":"https:\/\/diarioprincipios.com\/wp-content\/uploads\/2024\/04\/cropped-www.diarioprincipios.com_-1.png","contentUrl":"https:\/\/diarioprincipios.com\/wp-content\/uploads\/2024\/04\/cropped-www.diarioprincipios.com_-1.png","width":5325,"height":1454,"caption":"Principios"},"image":{"@id":"https:\/\/diarioprincipios.com\/#\/schema\/logo\/image\/"}},{"@type":"Person","@id":"https:\/\/diarioprincipios.com\/#\/schema\/person\/436d5a1fd41a5e250e23ff5a6a7cb080","name":"Hern\u00e1n L\u00f3pez","image":{"@type":"ImageObject","inLanguage":"es","@id":"https:\/\/diarioprincipios.com\/wp-content\/litespeed\/avatar\/11ddfe5610ff3bd100522525b2571f48.jpg?ver=1777048341","url":"https:\/\/diarioprincipios.com\/wp-content\/litespeed\/avatar\/11ddfe5610ff3bd100522525b2571f48.jpg?ver=1777048341","contentUrl":"https:\/\/diarioprincipios.com\/wp-content\/litespeed\/avatar\/11ddfe5610ff3bd100522525b2571f48.jpg?ver=1777048341","caption":"Hern\u00e1n L\u00f3pez"},"url":"https:\/\/diarioprincipios.com\/index.php\/author\/hernan\/"}]}},"jetpack_featured_media_url":"https:\/\/diarioprincipios.com\/wp-content\/uploads\/2020\/04\/BERAZATEGUI-SIGUE-EL-PROGRAMA-MUNICIPAL-DE-RECICLADO-1.jpg","_links":{"self":[{"href":"https:\/\/diarioprincipios.com\/index.php\/wp-json\/wp\/v2\/posts\/737","targetHints":{"allow":["GET"]}}],"collection":[{"href":"https:\/\/diarioprincipios.com\/index.php\/wp-json\/wp\/v2\/posts"}],"about":[{"href":"https:\/\/diarioprincipios.com\/index.php\/wp-json\/wp\/v2\/types\/post"}],"author":[{"embeddable":true,"href":"https:\/\/diarioprincipios.com\/index.php\/wp-json\/wp\/v2\/users\/2"}],"replies":[{"embeddable":true,"href":"https:\/\/diarioprincipios.com\/index.php\/wp-json\/wp\/v2\/comments?post=737"}],"version-history":[{"count":1,"href":"https:\/\/diarioprincipios.com\/index.php\/wp-json\/wp\/v2\/posts\/737\/revisions"}],"predecessor-version":[{"id":739,"href":"https:\/\/diarioprincipios.com\/index.php\/wp-json\/wp\/v2\/posts\/737\/revisions\/739"}],"wp:featuredmedia":[{"embeddable":true,"href":"https:\/\/diarioprincipios.com\/index.php\/wp-json\/wp\/v2\/media\/738"}],"wp:attachment":[{"href":"https:\/\/diarioprincipios.com\/index.php\/wp-json\/wp\/v2\/media?parent=737"}],"wp:term":[{"taxonomy":"category","embeddable":true,"href":"https:\/\/diarioprincipios.com\/index.php\/wp-json\/wp\/v2\/categories?post=737"},{"taxonomy":"post_tag","embeddable":true,"href":"https:\/\/diarioprincipios.com\/index.php\/wp-json\/wp\/v2\/tags?post=737"}],"curies":[{"name":"wp","href":"https:\/\/api.w.org\/{rel}","templated":true}]}}