{"id":7368,"date":"2020-11-30T17:24:28","date_gmt":"2020-11-30T20:24:28","guid":{"rendered":"http:\/\/diarioprincipios.com\/?p=7368"},"modified":"2020-11-30T17:24:33","modified_gmt":"2020-11-30T20:24:33","slug":"alberto-fernandez-dialogo-con-joe-biden-el-presidente-electo-de-los-estados-unidos","status":"publish","type":"post","link":"https:\/\/diarioprincipios.com\/index.php\/2020\/11\/30\/alberto-fernandez-dialogo-con-joe-biden-el-presidente-electo-de-los-estados-unidos\/","title":{"rendered":"Alberto Fern\u00e1ndez dialog\u00f3 con Joe Biden, el presidente electo de los Estados Unidos"},"content":{"rendered":"\n<p>El presidente Alberto Fern\u00e1ndez mantuvo esta tarde una conversaci\u00f3n telef\u00f3nica desde Casa Rosada con el mandatario electo de los Estados Unidos, Joe Biden.<\/p>\n\n\n\n<p>Del contacto, que dur\u00f3 unos 35 minutos, particip\u00f3 tambi\u00e9n el jefe de Gabinete, Santiago Cafiero, informaron a la Agencia T\u00e9lam fuentes oficiales.<\/p>\n","protected":false},"excerpt":{"rendered":"<p>El presidente Alberto Fern\u00e1ndez mantuvo esta tarde una conversaci\u00f3n telef\u00f3nica desde Casa Rosada con el mandatario electo de los Estados Unidos, Joe Biden. Del contacto, que dur\u00f3 unos 35 minutos, particip\u00f3 tambi\u00e9n el jefe de Gabinete, Santiago Cafiero, informaron a la Agencia T\u00e9lam fuentes oficiales.<\/p>\n","protected":false},"author":2,"featured_media":7369,"comment_status":"open","ping_status":"open","sticky":false,"template":"","format":"standard","meta":{"footnotes":""},"categories":[1],"tags":[],"class_list":["post-7368","post","type-post","status-publish","format-standard","has-post-thumbnail","hentry","category-uncategorized"],"featured_image_src":"https:\/\/diarioprincipios.com\/wp-content\/uploads\/2020\/11\/0000885031-1024x518.jpg","blog_images":{"medium":"https:\/\/diarioprincipios.com\/wp-content\/uploads\/2020\/11\/0000885031-300x152.jpg","large":"https:\/\/diarioprincipios.com\/wp-content\/uploads\/2020\/11\/0000885031-1024x518.jpg"},"ams_acf":[],"yoast_head":"<!-- This site is optimized with the Yoast SEO plugin v27.3 - https:\/\/yoast.com\/product\/yoast-seo-wordpress\/ -->\n<title>Alberto Fern\u00e1ndez dialog\u00f3 con Joe Biden, el presidente electo de los Estados Unidos - Principios<\/title>\n<meta name=\"robots\" content=\"index, follow, max-snippet:-1, max-image-preview:large, max-video-preview:-1\" \/>\n<link rel=\"canonical\" href=\"https:\/\/diarioprincipios.com\/index.php\/2020\/11\/30\/alberto-fernandez-dialogo-con-joe-biden-el-presidente-electo-de-los-estados-unidos\/\" \/>\n<meta property=\"og:locale\" content=\"es_ES\" \/>\n<meta property=\"og:type\" content=\"article\" \/>\n<meta property=\"og:title\" content=\"Alberto Fern\u00e1ndez dialog\u00f3 con Joe Biden, el presidente electo de los Estados Unidos - Principios\" \/>\n<meta property=\"og:description\" content=\"El presidente Alberto Fern\u00e1ndez mantuvo esta tarde una conversaci\u00f3n telef\u00f3nica desde Casa Rosada con el mandatario electo de los Estados Unidos, Joe Biden. Del contacto, que dur\u00f3 unos 35 minutos, particip\u00f3 tambi\u00e9n el jefe de Gabinete, Santiago Cafiero, informaron a la Agencia T\u00e9lam fuentes oficiales.\" \/>\n<meta property=\"og:url\" content=\"https:\/\/diarioprincipios.com\/index.php\/2020\/11\/30\/alberto-fernandez-dialogo-con-joe-biden-el-presidente-electo-de-los-estados-unidos\/\" \/>\n<meta property=\"og:site_name\" content=\"Principios\" \/>\n<meta property=\"article:published_time\" content=\"2020-11-30T20:24:28+00:00\" \/>\n<meta property=\"article:modified_time\" content=\"2020-11-30T20:24:33+00:00\" \/>\n<meta property=\"og:image\" content=\"https:\/\/diarioprincipios.com\/wp-content\/uploads\/2020\/11\/0000885031.jpg\" \/>\n\t<meta property=\"og:image:width\" content=\"1200\" \/>\n\t<meta property=\"og:image:height\" content=\"607\" \/>\n\t<meta property=\"og:image:type\" content=\"image\/jpeg\" \/>\n<meta name=\"author\" content=\"Hern\u00e1n L\u00f3pez\" \/>\n<meta name=\"twitter:card\" content=\"summary_large_image\" \/>\n<meta name=\"twitter:label1\" content=\"Escrito por\" \/>\n\t<meta name=\"twitter:data1\" content=\"Hern\u00e1n L\u00f3pez\" \/>\n<script type=\"application\/ld+json\" class=\"yoast-schema-graph\">{\"@context\":\"https:\\\/\\\/schema.org\",\"@graph\":[{\"@type\":\"Article\",\"@id\":\"https:\\\/\\\/diarioprincipios.com\\\/index.php\\\/2020\\\/11\\\/30\\\/alberto-fernandez-dialogo-con-joe-biden-el-presidente-electo-de-los-estados-unidos\\\/#article\",\"isPartOf\":{\"@id\":\"https:\\\/\\\/diarioprincipios.com\\\/index.php\\\/2020\\\/11\\\/30\\\/alberto-fernandez-dialogo-con-joe-biden-el-presidente-electo-de-los-estados-unidos\\\/\"},\"author\":{\"name\":\"Hern\u00e1n L\u00f3pez\",\"@id\":\"https:\\\/\\\/diarioprincipios.com\\\/#\\\/schema\\\/person\\\/436d5a1fd41a5e250e23ff5a6a7cb080\"},\"headline\":\"Alberto Fern\u00e1ndez dialog\u00f3 con Joe Biden, el presidente electo de los Estados Unidos\",\"datePublished\":\"2020-11-30T20:24:28+00:00\",\"dateModified\":\"2020-11-30T20:24:33+00:00\",\"mainEntityOfPage\":{\"@id\":\"https:\\\/\\\/diarioprincipios.com\\\/index.php\\\/2020\\\/11\\\/30\\\/alberto-fernandez-dialogo-con-joe-biden-el-presidente-electo-de-los-estados-unidos\\\/\"},\"wordCount\":63,\"commentCount\":0,\"publisher\":{\"@id\":\"https:\\\/\\\/diarioprincipios.com\\\/#organization\"},\"image\":{\"@id\":\"https:\\\/\\\/diarioprincipios.com\\\/index.php\\\/2020\\\/11\\\/30\\\/alberto-fernandez-dialogo-con-joe-biden-el-presidente-electo-de-los-estados-unidos\\\/#primaryimage\"},\"thumbnailUrl\":\"https:\\\/\\\/diarioprincipios.com\\\/wp-content\\\/uploads\\\/2020\\\/11\\\/0000885031.jpg\",\"articleSection\":[\"Uncategorized\"],\"inLanguage\":\"es\",\"potentialAction\":[{\"@type\":\"CommentAction\",\"name\":\"Comment\",\"target\":[\"https:\\\/\\\/diarioprincipios.com\\\/index.php\\\/2020\\\/11\\\/30\\\/alberto-fernandez-dialogo-con-joe-biden-el-presidente-electo-de-los-estados-unidos\\\/#respond\"]}]},{\"@type\":\"WebPage\",\"@id\":\"https:\\\/\\\/diarioprincipios.com\\\/index.php\\\/2020\\\/11\\\/30\\\/alberto-fernandez-dialogo-con-joe-biden-el-presidente-electo-de-los-estados-unidos\\\/\",\"url\":\"https:\\\/\\\/diarioprincipios.com\\\/index.php\\\/2020\\\/11\\\/30\\\/alberto-fernandez-dialogo-con-joe-biden-el-presidente-electo-de-los-estados-unidos\\\/\",\"name\":\"Alberto Fern\u00e1ndez dialog\u00f3 con Joe Biden, el presidente electo de los Estados Unidos - Principios\",\"isPartOf\":{\"@id\":\"https:\\\/\\\/diarioprincipios.com\\\/#website\"},\"primaryImageOfPage\":{\"@id\":\"https:\\\/\\\/diarioprincipios.com\\\/index.php\\\/2020\\\/11\\\/30\\\/alberto-fernandez-dialogo-con-joe-biden-el-presidente-electo-de-los-estados-unidos\\\/#primaryimage\"},\"image\":{\"@id\":\"https:\\\/\\\/diarioprincipios.com\\\/index.php\\\/2020\\\/11\\\/30\\\/alberto-fernandez-dialogo-con-joe-biden-el-presidente-electo-de-los-estados-unidos\\\/#primaryimage\"},\"thumbnailUrl\":\"https:\\\/\\\/diarioprincipios.com\\\/wp-content\\\/uploads\\\/2020\\\/11\\\/0000885031.jpg\",\"datePublished\":\"2020-11-30T20:24:28+00:00\",\"dateModified\":\"2020-11-30T20:24:33+00:00\",\"breadcrumb\":{\"@id\":\"https:\\\/\\\/diarioprincipios.com\\\/index.php\\\/2020\\\/11\\\/30\\\/alberto-fernandez-dialogo-con-joe-biden-el-presidente-electo-de-los-estados-unidos\\\/#breadcrumb\"},\"inLanguage\":\"es\",\"potentialAction\":[{\"@type\":\"ReadAction\",\"target\":[\"https:\\\/\\\/diarioprincipios.com\\\/index.php\\\/2020\\\/11\\\/30\\\/alberto-fernandez-dialogo-con-joe-biden-el-presidente-electo-de-los-estados-unidos\\\/\"]}]},{\"@type\":\"ImageObject\",\"inLanguage\":\"es\",\"@id\":\"https:\\\/\\\/diarioprincipios.com\\\/index.php\\\/2020\\\/11\\\/30\\\/alberto-fernandez-dialogo-con-joe-biden-el-presidente-electo-de-los-estados-unidos\\\/#primaryimage\",\"url\":\"https:\\\/\\\/diarioprincipios.com\\\/wp-content\\\/uploads\\\/2020\\\/11\\\/0000885031.jpg\",\"contentUrl\":\"https:\\\/\\\/diarioprincipios.com\\\/wp-content\\\/uploads\\\/2020\\\/11\\\/0000885031.jpg\",\"width\":1200,\"height\":607},{\"@type\":\"BreadcrumbList\",\"@id\":\"https:\\\/\\\/diarioprincipios.com\\\/index.php\\\/2020\\\/11\\\/30\\\/alberto-fernandez-dialogo-con-joe-biden-el-presidente-electo-de-los-estados-unidos\\\/#breadcrumb\",\"itemListElement\":[{\"@type\":\"ListItem\",\"position\":1,\"name\":\"Portada\",\"item\":\"https:\\\/\\\/diarioprincipios.com\\\/\"},{\"@type\":\"ListItem\",\"position\":2,\"name\":\"Alberto Fern\u00e1ndez dialog\u00f3 con Joe Biden, el presidente electo de los Estados Unidos\"}]},{\"@type\":\"WebSite\",\"@id\":\"https:\\\/\\\/diarioprincipios.com\\\/#website\",\"url\":\"https:\\\/\\\/diarioprincipios.com\\\/\",\"name\":\"Principios\",\"description\":\"Principios Diario\",\"publisher\":{\"@id\":\"https:\\\/\\\/diarioprincipios.com\\\/#organization\"},\"potentialAction\":[{\"@type\":\"SearchAction\",\"target\":{\"@type\":\"EntryPoint\",\"urlTemplate\":\"https:\\\/\\\/diarioprincipios.com\\\/?s={search_term_string}\"},\"query-input\":{\"@type\":\"PropertyValueSpecification\",\"valueRequired\":true,\"valueName\":\"search_term_string\"}}],\"inLanguage\":\"es\"},{\"@type\":\"Organization\",\"@id\":\"https:\\\/\\\/diarioprincipios.com\\\/#organization\",\"name\":\"Principios\",\"url\":\"https:\\\/\\\/diarioprincipios.com\\\/\",\"logo\":{\"@type\":\"ImageObject\",\"inLanguage\":\"es\",\"@id\":\"https:\\\/\\\/diarioprincipios.com\\\/#\\\/schema\\\/logo\\\/image\\\/\",\"url\":\"https:\\\/\\\/diarioprincipios.com\\\/wp-content\\\/uploads\\\/2024\\\/04\\\/cropped-www.diarioprincipios.com_-1.png\",\"contentUrl\":\"https:\\\/\\\/diarioprincipios.com\\\/wp-content\\\/uploads\\\/2024\\\/04\\\/cropped-www.diarioprincipios.com_-1.png\",\"width\":5325,\"height\":1454,\"caption\":\"Principios\"},\"image\":{\"@id\":\"https:\\\/\\\/diarioprincipios.com\\\/#\\\/schema\\\/logo\\\/image\\\/\"}},{\"@type\":\"Person\",\"@id\":\"https:\\\/\\\/diarioprincipios.com\\\/#\\\/schema\\\/person\\\/436d5a1fd41a5e250e23ff5a6a7cb080\",\"name\":\"Hern\u00e1n L\u00f3pez\",\"image\":{\"@type\":\"ImageObject\",\"inLanguage\":\"es\",\"@id\":\"https:\\\/\\\/diarioprincipios.com\\\/wp-content\\\/litespeed\\\/avatar\\\/11ddfe5610ff3bd100522525b2571f48.jpg?ver=1777048341\",\"url\":\"https:\\\/\\\/diarioprincipios.com\\\/wp-content\\\/litespeed\\\/avatar\\\/11ddfe5610ff3bd100522525b2571f48.jpg?ver=1777048341\",\"contentUrl\":\"https:\\\/\\\/diarioprincipios.com\\\/wp-content\\\/litespeed\\\/avatar\\\/11ddfe5610ff3bd100522525b2571f48.jpg?ver=1777048341\",\"caption\":\"Hern\u00e1n L\u00f3pez\"},\"url\":\"https:\\\/\\\/diarioprincipios.com\\\/index.php\\\/author\\\/hernan\\\/\"}]}<\/script>\n<!-- \/ Yoast SEO plugin. -->","yoast_head_json":{"title":"Alberto Fern\u00e1ndez dialog\u00f3 con Joe Biden, el presidente electo de los Estados Unidos - Principios","robots":{"index":"index","follow":"follow","max-snippet":"max-snippet:-1","max-image-preview":"max-image-preview:large","max-video-preview":"max-video-preview:-1"},"canonical":"https:\/\/diarioprincipios.com\/index.php\/2020\/11\/30\/alberto-fernandez-dialogo-con-joe-biden-el-presidente-electo-de-los-estados-unidos\/","og_locale":"es_ES","og_type":"article","og_title":"Alberto Fern\u00e1ndez dialog\u00f3 con Joe Biden, el presidente electo de los Estados Unidos - Principios","og_description":"El presidente Alberto Fern\u00e1ndez mantuvo esta tarde una conversaci\u00f3n telef\u00f3nica desde Casa Rosada con el mandatario electo de los Estados Unidos, Joe Biden. Del contacto, que dur\u00f3 unos 35 minutos, particip\u00f3 tambi\u00e9n el jefe de Gabinete, Santiago Cafiero, informaron a la Agencia T\u00e9lam fuentes oficiales.","og_url":"https:\/\/diarioprincipios.com\/index.php\/2020\/11\/30\/alberto-fernandez-dialogo-con-joe-biden-el-presidente-electo-de-los-estados-unidos\/","og_site_name":"Principios","article_published_time":"2020-11-30T20:24:28+00:00","article_modified_time":"2020-11-30T20:24:33+00:00","og_image":[{"width":1200,"height":607,"url":"https:\/\/diarioprincipios.com\/wp-content\/uploads\/2020\/11\/0000885031.jpg","type":"image\/jpeg"}],"author":"Hern\u00e1n L\u00f3pez","twitter_card":"summary_large_image","twitter_misc":{"Escrito por":"Hern\u00e1n L\u00f3pez"},"schema":{"@context":"https:\/\/schema.org","@graph":[{"@type":"Article","@id":"https:\/\/diarioprincipios.com\/index.php\/2020\/11\/30\/alberto-fernandez-dialogo-con-joe-biden-el-presidente-electo-de-los-estados-unidos\/#article","isPartOf":{"@id":"https:\/\/diarioprincipios.com\/index.php\/2020\/11\/30\/alberto-fernandez-dialogo-con-joe-biden-el-presidente-electo-de-los-estados-unidos\/"},"author":{"name":"Hern\u00e1n L\u00f3pez","@id":"https:\/\/diarioprincipios.com\/#\/schema\/person\/436d5a1fd41a5e250e23ff5a6a7cb080"},"headline":"Alberto Fern\u00e1ndez dialog\u00f3 con Joe Biden, el presidente electo de los Estados Unidos","datePublished":"2020-11-30T20:24:28+00:00","dateModified":"2020-11-30T20:24:33+00:00","mainEntityOfPage":{"@id":"https:\/\/diarioprincipios.com\/index.php\/2020\/11\/30\/alberto-fernandez-dialogo-con-joe-biden-el-presidente-electo-de-los-estados-unidos\/"},"wordCount":63,"commentCount":0,"publisher":{"@id":"https:\/\/diarioprincipios.com\/#organization"},"image":{"@id":"https:\/\/diarioprincipios.com\/index.php\/2020\/11\/30\/alberto-fernandez-dialogo-con-joe-biden-el-presidente-electo-de-los-estados-unidos\/#primaryimage"},"thumbnailUrl":"https:\/\/diarioprincipios.com\/wp-content\/uploads\/2020\/11\/0000885031.jpg","articleSection":["Uncategorized"],"inLanguage":"es","potentialAction":[{"@type":"CommentAction","name":"Comment","target":["https:\/\/diarioprincipios.com\/index.php\/2020\/11\/30\/alberto-fernandez-dialogo-con-joe-biden-el-presidente-electo-de-los-estados-unidos\/#respond"]}]},{"@type":"WebPage","@id":"https:\/\/diarioprincipios.com\/index.php\/2020\/11\/30\/alberto-fernandez-dialogo-con-joe-biden-el-presidente-electo-de-los-estados-unidos\/","url":"https:\/\/diarioprincipios.com\/index.php\/2020\/11\/30\/alberto-fernandez-dialogo-con-joe-biden-el-presidente-electo-de-los-estados-unidos\/","name":"Alberto Fern\u00e1ndez dialog\u00f3 con Joe Biden, el presidente electo de los Estados Unidos - Principios","isPartOf":{"@id":"https:\/\/diarioprincipios.com\/#website"},"primaryImageOfPage":{"@id":"https:\/\/diarioprincipios.com\/index.php\/2020\/11\/30\/alberto-fernandez-dialogo-con-joe-biden-el-presidente-electo-de-los-estados-unidos\/#primaryimage"},"image":{"@id":"https:\/\/diarioprincipios.com\/index.php\/2020\/11\/30\/alberto-fernandez-dialogo-con-joe-biden-el-presidente-electo-de-los-estados-unidos\/#primaryimage"},"thumbnailUrl":"https:\/\/diarioprincipios.com\/wp-content\/uploads\/2020\/11\/0000885031.jpg","datePublished":"2020-11-30T20:24:28+00:00","dateModified":"2020-11-30T20:24:33+00:00","breadcrumb":{"@id":"https:\/\/diarioprincipios.com\/index.php\/2020\/11\/30\/alberto-fernandez-dialogo-con-joe-biden-el-presidente-electo-de-los-estados-unidos\/#breadcrumb"},"inLanguage":"es","potentialAction":[{"@type":"ReadAction","target":["https:\/\/diarioprincipios.com\/index.php\/2020\/11\/30\/alberto-fernandez-dialogo-con-joe-biden-el-presidente-electo-de-los-estados-unidos\/"]}]},{"@type":"ImageObject","inLanguage":"es","@id":"https:\/\/diarioprincipios.com\/index.php\/2020\/11\/30\/alberto-fernandez-dialogo-con-joe-biden-el-presidente-electo-de-los-estados-unidos\/#primaryimage","url":"https:\/\/diarioprincipios.com\/wp-content\/uploads\/2020\/11\/0000885031.jpg","contentUrl":"https:\/\/diarioprincipios.com\/wp-content\/uploads\/2020\/11\/0000885031.jpg","width":1200,"height":607},{"@type":"BreadcrumbList","@id":"https:\/\/diarioprincipios.com\/index.php\/2020\/11\/30\/alberto-fernandez-dialogo-con-joe-biden-el-presidente-electo-de-los-estados-unidos\/#breadcrumb","itemListElement":[{"@type":"ListItem","position":1,"name":"Portada","item":"https:\/\/diarioprincipios.com\/"},{"@type":"ListItem","position":2,"name":"Alberto Fern\u00e1ndez dialog\u00f3 con Joe Biden, el presidente electo de los Estados Unidos"}]},{"@type":"WebSite","@id":"https:\/\/diarioprincipios.com\/#website","url":"https:\/\/diarioprincipios.com\/","name":"Principios","description":"Principios Diario","publisher":{"@id":"https:\/\/diarioprincipios.com\/#organization"},"potentialAction":[{"@type":"SearchAction","target":{"@type":"EntryPoint","urlTemplate":"https:\/\/diarioprincipios.com\/?s={search_term_string}"},"query-input":{"@type":"PropertyValueSpecification","valueRequired":true,"valueName":"search_term_string"}}],"inLanguage":"es"},{"@type":"Organization","@id":"https:\/\/diarioprincipios.com\/#organization","name":"Principios","url":"https:\/\/diarioprincipios.com\/","logo":{"@type":"ImageObject","inLanguage":"es","@id":"https:\/\/diarioprincipios.com\/#\/schema\/logo\/image\/","url":"https:\/\/diarioprincipios.com\/wp-content\/uploads\/2024\/04\/cropped-www.diarioprincipios.com_-1.png","contentUrl":"https:\/\/diarioprincipios.com\/wp-content\/uploads\/2024\/04\/cropped-www.diarioprincipios.com_-1.png","width":5325,"height":1454,"caption":"Principios"},"image":{"@id":"https:\/\/diarioprincipios.com\/#\/schema\/logo\/image\/"}},{"@type":"Person","@id":"https:\/\/diarioprincipios.com\/#\/schema\/person\/436d5a1fd41a5e250e23ff5a6a7cb080","name":"Hern\u00e1n L\u00f3pez","image":{"@type":"ImageObject","inLanguage":"es","@id":"https:\/\/diarioprincipios.com\/wp-content\/litespeed\/avatar\/11ddfe5610ff3bd100522525b2571f48.jpg?ver=1777048341","url":"https:\/\/diarioprincipios.com\/wp-content\/litespeed\/avatar\/11ddfe5610ff3bd100522525b2571f48.jpg?ver=1777048341","contentUrl":"https:\/\/diarioprincipios.com\/wp-content\/litespeed\/avatar\/11ddfe5610ff3bd100522525b2571f48.jpg?ver=1777048341","caption":"Hern\u00e1n L\u00f3pez"},"url":"https:\/\/diarioprincipios.com\/index.php\/author\/hernan\/"}]}},"jetpack_featured_media_url":"https:\/\/diarioprincipios.com\/wp-content\/uploads\/2020\/11\/0000885031.jpg","_links":{"self":[{"href":"https:\/\/diarioprincipios.com\/index.php\/wp-json\/wp\/v2\/posts\/7368","targetHints":{"allow":["GET"]}}],"collection":[{"href":"https:\/\/diarioprincipios.com\/index.php\/wp-json\/wp\/v2\/posts"}],"about":[{"href":"https:\/\/diarioprincipios.com\/index.php\/wp-json\/wp\/v2\/types\/post"}],"author":[{"embeddable":true,"href":"https:\/\/diarioprincipios.com\/index.php\/wp-json\/wp\/v2\/users\/2"}],"replies":[{"embeddable":true,"href":"https:\/\/diarioprincipios.com\/index.php\/wp-json\/wp\/v2\/comments?post=7368"}],"version-history":[{"count":1,"href":"https:\/\/diarioprincipios.com\/index.php\/wp-json\/wp\/v2\/posts\/7368\/revisions"}],"predecessor-version":[{"id":7370,"href":"https:\/\/diarioprincipios.com\/index.php\/wp-json\/wp\/v2\/posts\/7368\/revisions\/7370"}],"wp:featuredmedia":[{"embeddable":true,"href":"https:\/\/diarioprincipios.com\/index.php\/wp-json\/wp\/v2\/media\/7369"}],"wp:attachment":[{"href":"https:\/\/diarioprincipios.com\/index.php\/wp-json\/wp\/v2\/media?parent=7368"}],"wp:term":[{"taxonomy":"category","embeddable":true,"href":"https:\/\/diarioprincipios.com\/index.php\/wp-json\/wp\/v2\/categories?post=7368"},{"taxonomy":"post_tag","embeddable":true,"href":"https:\/\/diarioprincipios.com\/index.php\/wp-json\/wp\/v2\/tags?post=7368"}],"curies":[{"name":"wp","href":"https:\/\/api.w.org\/{rel}","templated":true}]}}