{"id":7151,"date":"2020-11-20T11:24:44","date_gmt":"2020-11-20T14:24:44","guid":{"rendered":"http:\/\/diarioprincipios.com\/?p=7151"},"modified":"2020-11-20T11:24:49","modified_gmt":"2020-11-20T14:24:49","slug":"el-programa-municipal-berazategui-recicla-sigue-creciendo","status":"publish","type":"post","link":"https:\/\/diarioprincipios.com\/index.php\/2020\/11\/20\/el-programa-municipal-berazategui-recicla-sigue-creciendo\/","title":{"rendered":"El Programa Municipal \u00abBerazategui Recicla\u00bb sigue creciendo"},"content":{"rendered":"\n<p><strong>Berazategui Recicla, el Programa de separaci\u00f3n de residuos y reciclado de la Municipalidad de Berazategui, sigue creciendo y generando conciencia ambiental. Es as\u00ed que se sum\u00f3 un nuevo Centro de Acopio en el barrio San Mauro (117 esquina 3), el segundo, que ya se encuentra funcionando plenamente. Ahora son 2 Centros de Acopio y 36 Ecopuntos en toda la ciudad.<\/strong><\/p>\n\n\n\n<p>\u201cTodo el material que recibimos es reutilizable, como botellas de pl\u00e1stico, de vidrio, papel de diario y revistas, cart\u00f3n y todo lo que sea reciclable. Adem\u00e1s, nuestros recicladores (cada Ecopunto tiene 6) salen a recorrer el barrio en busca de material por las casas\u201d, explic\u00f3 una de las coordinadoras del Programa y del Centro de Acopio N\u00ba 2.<\/p>\n\n\n\n<p>Asimismo, se\u00f1al\u00f3: \u201cEn este nuevo Centro de acopio hacemos la separaci\u00f3n del material reciclable para que, despu\u00e9s, empresas de Berazategui los reutilicen, fabricando nuevos objetos y poni\u00e9ndolos a la venta\u201d.<\/p>\n\n\n\n<figure class=\"wp-block-image size-large\"><img loading=\"lazy\" decoding=\"async\" width=\"1024\" height=\"768\" src=\"https:\/\/diarioprincipios.com\/wp-content\/uploads\/2020\/11\/EL-PROGRAMA-MUNICIPAL-BERAZATEGUI-RECICLA-SIGUE-CRECIENDO-1-1024x768.jpg\" alt=\"\" class=\"wp-image-7152\" srcset=\"https:\/\/diarioprincipios.com\/wp-content\/uploads\/2020\/11\/EL-PROGRAMA-MUNICIPAL-BERAZATEGUI-RECICLA-SIGUE-CRECIENDO-1-1024x768.jpg 1024w, https:\/\/diarioprincipios.com\/wp-content\/uploads\/2020\/11\/EL-PROGRAMA-MUNICIPAL-BERAZATEGUI-RECICLA-SIGUE-CRECIENDO-1-300x225.jpg 300w, https:\/\/diarioprincipios.com\/wp-content\/uploads\/2020\/11\/EL-PROGRAMA-MUNICIPAL-BERAZATEGUI-RECICLA-SIGUE-CRECIENDO-1-768x576.jpg 768w, https:\/\/diarioprincipios.com\/wp-content\/uploads\/2020\/11\/EL-PROGRAMA-MUNICIPAL-BERAZATEGUI-RECICLA-SIGUE-CRECIENDO-1-1536x1152.jpg 1536w, https:\/\/diarioprincipios.com\/wp-content\/uploads\/2020\/11\/EL-PROGRAMA-MUNICIPAL-BERAZATEGUI-RECICLA-SIGUE-CRECIENDO-1.jpg 1920w\" sizes=\"auto, (max-width: 1024px) 100vw, 1024px\" \/><\/figure>\n\n\n\n<p>Por \u00faltimo, G\u00f3mez expres\u00f3: \u201cEs una gran alegr\u00eda contar con este nuevo espacio porque se sumaron un mont\u00f3n de recicladores y en solo dos meses se sac\u00f3 de la v\u00eda p\u00fablica 75 mil kilos de material reciclable. Eso es important\u00edsimo porque es un aporte a que Berazategui sea una ciudad cada vez m\u00e1s linda y limpia\u201d.<\/p>\n\n\n\n<p><strong>Casa por casa<br><\/strong><br>\u201cBerazategui Recicla\u201d mantiene el sistema a domicilio, garantizando as\u00ed la continuidad de la separaci\u00f3n de los residuos a pesar del contexto de pandemia, ya que cuando los ciudadanos juntan en sus casas dos bolsas o m\u00e1s de materiales reciclables -vidrio, papel, cart\u00f3n, aluminio y pl\u00e1stico-, preferentemente limpios y secos; o aceite vegetal usado, residuos electr\u00f3nicos y pilas, llaman al 4356-9200 (Internos 1314\/15) o env\u00edan un mensaje por WhatsApp al 11-2451-8176. Seguidamente, los recolectores -debidamente identificados- pasan a retirarlas para llevar a los Ecopuntos.<\/p>\n\n\n\n<figure class=\"wp-block-image size-large\"><img loading=\"lazy\" decoding=\"async\" width=\"1024\" height=\"768\" src=\"https:\/\/diarioprincipios.com\/wp-content\/uploads\/2020\/11\/EL-PROGRAMA-MUNICIPAL-BERAZATEGUI-RECICLA-SIGUE-CRECIENDO-1-1024x768.jpeg\" alt=\"\" class=\"wp-image-7153\" srcset=\"https:\/\/diarioprincipios.com\/wp-content\/uploads\/2020\/11\/EL-PROGRAMA-MUNICIPAL-BERAZATEGUI-RECICLA-SIGUE-CRECIENDO-1-1024x768.jpeg 1024w, https:\/\/diarioprincipios.com\/wp-content\/uploads\/2020\/11\/EL-PROGRAMA-MUNICIPAL-BERAZATEGUI-RECICLA-SIGUE-CRECIENDO-1-300x225.jpeg 300w, https:\/\/diarioprincipios.com\/wp-content\/uploads\/2020\/11\/EL-PROGRAMA-MUNICIPAL-BERAZATEGUI-RECICLA-SIGUE-CRECIENDO-1-768x576.jpeg 768w, https:\/\/diarioprincipios.com\/wp-content\/uploads\/2020\/11\/EL-PROGRAMA-MUNICIPAL-BERAZATEGUI-RECICLA-SIGUE-CRECIENDO-1.jpeg 1280w\" sizes=\"auto, (max-width: 1024px) 100vw, 1024px\" \/><\/figure>\n\n\n\n<p><strong>Un programa con conciencia ambiental<br><\/strong><br>\u201cBerazategui Recicla\u201d tiene el objetivo de lograr una Ciudad con conciencia ambiental, para convertirse as\u00ed en una de las m\u00e1s lindas y limpias del pa\u00eds.<\/p>\n\n\n\n<p>Actualmente, el Programa -impulsado por el intendente municipal, Dr. Juan Jos\u00e9 Mussi, a trav\u00e9s de la Secretar\u00eda de Organizaciones No Gubernamentales (ONG)- consiste en fomentar la separaci\u00f3n de residuos reciclables desde el hogar. Una vez retirados, estos son llevados a los Ecopuntos (Centros de acopio que funcionan en entidades barriales, como clubes y Sociedades de fomento). All\u00ed, se realiza la clasificaci\u00f3n y todo el proceso previo al tratamiento de los materiales recuperados. Los Ecopuntos est\u00e1n abiertos de lunes a viernes, de 8.00 a 12.00. Sus ubicaciones exactas pueden conocerse al ingresar a la Web municipal\u00a0<a rel=\"noreferrer noopener\" target=\"_blank\" href=\"http:\/\/berazategui.gob.ar\/recicla\">berazategui.gob.ar\/recicla<\/a>.<\/p>\n","protected":false},"excerpt":{"rendered":"<p>Berazategui Recicla, el Programa de separaci\u00f3n de residuos y reciclado de la Municipalidad de Berazategui, sigue creciendo y generando conciencia ambiental. Es as\u00ed que se sum\u00f3 un nuevo Centro de Acopio en el barrio San Mauro (117 esquina 3), el segundo, que ya se encuentra funcionando plenamente. Ahora son 2 Centros de Acopio y 36&#8230;<\/p>\n","protected":false},"author":2,"featured_media":7154,"comment_status":"open","ping_status":"open","sticky":false,"template":"","format":"standard","meta":{"footnotes":""},"categories":[3],"tags":[],"class_list":["post-7151","post","type-post","status-publish","format-standard","has-post-thumbnail","hentry","category-berazategui"],"featured_image_src":"https:\/\/diarioprincipios.com\/wp-content\/uploads\/2020\/11\/20201120_112050-1024x581.jpg","blog_images":{"medium":"https:\/\/diarioprincipios.com\/wp-content\/uploads\/2020\/11\/20201120_112050-300x170.jpg","large":"https:\/\/diarioprincipios.com\/wp-content\/uploads\/2020\/11\/20201120_112050-1024x581.jpg"},"ams_acf":[],"yoast_head":"<!-- This site is optimized with the Yoast SEO plugin v27.3 - https:\/\/yoast.com\/product\/yoast-seo-wordpress\/ -->\n<title>El Programa Municipal &quot;Berazategui Recicla&quot; sigue creciendo - Principios<\/title>\n<meta name=\"robots\" content=\"index, follow, max-snippet:-1, max-image-preview:large, max-video-preview:-1\" \/>\n<link rel=\"canonical\" href=\"https:\/\/diarioprincipios.com\/index.php\/2020\/11\/20\/el-programa-municipal-berazategui-recicla-sigue-creciendo\/\" \/>\n<meta property=\"og:locale\" content=\"es_ES\" \/>\n<meta property=\"og:type\" content=\"article\" \/>\n<meta property=\"og:title\" content=\"El Programa Municipal &quot;Berazategui Recicla&quot; sigue creciendo - Principios\" \/>\n<meta property=\"og:description\" content=\"Berazategui Recicla, el Programa de separaci\u00f3n de residuos y reciclado de la Municipalidad de Berazategui, sigue creciendo y generando conciencia ambiental. Es as\u00ed que se sum\u00f3 un nuevo Centro de Acopio en el barrio San Mauro (117 esquina 3), el segundo, que ya se encuentra funcionando plenamente. Ahora son 2 Centros de Acopio y 36...\" \/>\n<meta property=\"og:url\" content=\"https:\/\/diarioprincipios.com\/index.php\/2020\/11\/20\/el-programa-municipal-berazategui-recicla-sigue-creciendo\/\" \/>\n<meta property=\"og:site_name\" content=\"Principios\" \/>\n<meta property=\"article:published_time\" content=\"2020-11-20T14:24:44+00:00\" \/>\n<meta property=\"article:modified_time\" content=\"2020-11-20T14:24:49+00:00\" \/>\n<meta property=\"og:image\" content=\"https:\/\/diarioprincipios.com\/wp-content\/uploads\/2020\/11\/20201120_112050.jpg\" \/>\n\t<meta property=\"og:image:width\" content=\"1080\" \/>\n\t<meta property=\"og:image:height\" content=\"613\" \/>\n\t<meta property=\"og:image:type\" content=\"image\/jpeg\" \/>\n<meta name=\"author\" content=\"Hern\u00e1n L\u00f3pez\" \/>\n<meta name=\"twitter:card\" content=\"summary_large_image\" \/>\n<meta name=\"twitter:label1\" content=\"Escrito por\" \/>\n\t<meta name=\"twitter:data1\" content=\"Hern\u00e1n L\u00f3pez\" \/>\n\t<meta name=\"twitter:label2\" content=\"Tiempo de lectura\" \/>\n\t<meta name=\"twitter:data2\" content=\"2 minutos\" \/>\n<script type=\"application\/ld+json\" class=\"yoast-schema-graph\">{\"@context\":\"https:\\\/\\\/schema.org\",\"@graph\":[{\"@type\":\"Article\",\"@id\":\"https:\\\/\\\/diarioprincipios.com\\\/index.php\\\/2020\\\/11\\\/20\\\/el-programa-municipal-berazategui-recicla-sigue-creciendo\\\/#article\",\"isPartOf\":{\"@id\":\"https:\\\/\\\/diarioprincipios.com\\\/index.php\\\/2020\\\/11\\\/20\\\/el-programa-municipal-berazategui-recicla-sigue-creciendo\\\/\"},\"author\":{\"name\":\"Hern\u00e1n L\u00f3pez\",\"@id\":\"https:\\\/\\\/diarioprincipios.com\\\/#\\\/schema\\\/person\\\/436d5a1fd41a5e250e23ff5a6a7cb080\"},\"headline\":\"El Programa Municipal \u00abBerazategui Recicla\u00bb sigue creciendo\",\"datePublished\":\"2020-11-20T14:24:44+00:00\",\"dateModified\":\"2020-11-20T14:24:49+00:00\",\"mainEntityOfPage\":{\"@id\":\"https:\\\/\\\/diarioprincipios.com\\\/index.php\\\/2020\\\/11\\\/20\\\/el-programa-municipal-berazategui-recicla-sigue-creciendo\\\/\"},\"wordCount\":446,\"commentCount\":0,\"publisher\":{\"@id\":\"https:\\\/\\\/diarioprincipios.com\\\/#organization\"},\"image\":{\"@id\":\"https:\\\/\\\/diarioprincipios.com\\\/index.php\\\/2020\\\/11\\\/20\\\/el-programa-municipal-berazategui-recicla-sigue-creciendo\\\/#primaryimage\"},\"thumbnailUrl\":\"https:\\\/\\\/diarioprincipios.com\\\/wp-content\\\/uploads\\\/2020\\\/11\\\/20201120_112050.jpg\",\"articleSection\":[\"Berazategui\"],\"inLanguage\":\"es\",\"potentialAction\":[{\"@type\":\"CommentAction\",\"name\":\"Comment\",\"target\":[\"https:\\\/\\\/diarioprincipios.com\\\/index.php\\\/2020\\\/11\\\/20\\\/el-programa-municipal-berazategui-recicla-sigue-creciendo\\\/#respond\"]}]},{\"@type\":\"WebPage\",\"@id\":\"https:\\\/\\\/diarioprincipios.com\\\/index.php\\\/2020\\\/11\\\/20\\\/el-programa-municipal-berazategui-recicla-sigue-creciendo\\\/\",\"url\":\"https:\\\/\\\/diarioprincipios.com\\\/index.php\\\/2020\\\/11\\\/20\\\/el-programa-municipal-berazategui-recicla-sigue-creciendo\\\/\",\"name\":\"El Programa Municipal \\\"Berazategui Recicla\\\" sigue creciendo - Principios\",\"isPartOf\":{\"@id\":\"https:\\\/\\\/diarioprincipios.com\\\/#website\"},\"primaryImageOfPage\":{\"@id\":\"https:\\\/\\\/diarioprincipios.com\\\/index.php\\\/2020\\\/11\\\/20\\\/el-programa-municipal-berazategui-recicla-sigue-creciendo\\\/#primaryimage\"},\"image\":{\"@id\":\"https:\\\/\\\/diarioprincipios.com\\\/index.php\\\/2020\\\/11\\\/20\\\/el-programa-municipal-berazategui-recicla-sigue-creciendo\\\/#primaryimage\"},\"thumbnailUrl\":\"https:\\\/\\\/diarioprincipios.com\\\/wp-content\\\/uploads\\\/2020\\\/11\\\/20201120_112050.jpg\",\"datePublished\":\"2020-11-20T14:24:44+00:00\",\"dateModified\":\"2020-11-20T14:24:49+00:00\",\"breadcrumb\":{\"@id\":\"https:\\\/\\\/diarioprincipios.com\\\/index.php\\\/2020\\\/11\\\/20\\\/el-programa-municipal-berazategui-recicla-sigue-creciendo\\\/#breadcrumb\"},\"inLanguage\":\"es\",\"potentialAction\":[{\"@type\":\"ReadAction\",\"target\":[\"https:\\\/\\\/diarioprincipios.com\\\/index.php\\\/2020\\\/11\\\/20\\\/el-programa-municipal-berazategui-recicla-sigue-creciendo\\\/\"]}]},{\"@type\":\"ImageObject\",\"inLanguage\":\"es\",\"@id\":\"https:\\\/\\\/diarioprincipios.com\\\/index.php\\\/2020\\\/11\\\/20\\\/el-programa-municipal-berazategui-recicla-sigue-creciendo\\\/#primaryimage\",\"url\":\"https:\\\/\\\/diarioprincipios.com\\\/wp-content\\\/uploads\\\/2020\\\/11\\\/20201120_112050.jpg\",\"contentUrl\":\"https:\\\/\\\/diarioprincipios.com\\\/wp-content\\\/uploads\\\/2020\\\/11\\\/20201120_112050.jpg\",\"width\":1080,\"height\":613},{\"@type\":\"BreadcrumbList\",\"@id\":\"https:\\\/\\\/diarioprincipios.com\\\/index.php\\\/2020\\\/11\\\/20\\\/el-programa-municipal-berazategui-recicla-sigue-creciendo\\\/#breadcrumb\",\"itemListElement\":[{\"@type\":\"ListItem\",\"position\":1,\"name\":\"Portada\",\"item\":\"https:\\\/\\\/diarioprincipios.com\\\/\"},{\"@type\":\"ListItem\",\"position\":2,\"name\":\"El Programa Municipal \u00abBerazategui Recicla\u00bb sigue creciendo\"}]},{\"@type\":\"WebSite\",\"@id\":\"https:\\\/\\\/diarioprincipios.com\\\/#website\",\"url\":\"https:\\\/\\\/diarioprincipios.com\\\/\",\"name\":\"Principios\",\"description\":\"Principios Diario\",\"publisher\":{\"@id\":\"https:\\\/\\\/diarioprincipios.com\\\/#organization\"},\"potentialAction\":[{\"@type\":\"SearchAction\",\"target\":{\"@type\":\"EntryPoint\",\"urlTemplate\":\"https:\\\/\\\/diarioprincipios.com\\\/?s={search_term_string}\"},\"query-input\":{\"@type\":\"PropertyValueSpecification\",\"valueRequired\":true,\"valueName\":\"search_term_string\"}}],\"inLanguage\":\"es\"},{\"@type\":\"Organization\",\"@id\":\"https:\\\/\\\/diarioprincipios.com\\\/#organization\",\"name\":\"Principios\",\"url\":\"https:\\\/\\\/diarioprincipios.com\\\/\",\"logo\":{\"@type\":\"ImageObject\",\"inLanguage\":\"es\",\"@id\":\"https:\\\/\\\/diarioprincipios.com\\\/#\\\/schema\\\/logo\\\/image\\\/\",\"url\":\"https:\\\/\\\/diarioprincipios.com\\\/wp-content\\\/uploads\\\/2024\\\/04\\\/cropped-www.diarioprincipios.com_-1.png\",\"contentUrl\":\"https:\\\/\\\/diarioprincipios.com\\\/wp-content\\\/uploads\\\/2024\\\/04\\\/cropped-www.diarioprincipios.com_-1.png\",\"width\":5325,\"height\":1454,\"caption\":\"Principios\"},\"image\":{\"@id\":\"https:\\\/\\\/diarioprincipios.com\\\/#\\\/schema\\\/logo\\\/image\\\/\"}},{\"@type\":\"Person\",\"@id\":\"https:\\\/\\\/diarioprincipios.com\\\/#\\\/schema\\\/person\\\/436d5a1fd41a5e250e23ff5a6a7cb080\",\"name\":\"Hern\u00e1n L\u00f3pez\",\"image\":{\"@type\":\"ImageObject\",\"inLanguage\":\"es\",\"@id\":\"https:\\\/\\\/diarioprincipios.com\\\/wp-content\\\/litespeed\\\/avatar\\\/11ddfe5610ff3bd100522525b2571f48.jpg?ver=1777653193\",\"url\":\"https:\\\/\\\/diarioprincipios.com\\\/wp-content\\\/litespeed\\\/avatar\\\/11ddfe5610ff3bd100522525b2571f48.jpg?ver=1777653193\",\"contentUrl\":\"https:\\\/\\\/diarioprincipios.com\\\/wp-content\\\/litespeed\\\/avatar\\\/11ddfe5610ff3bd100522525b2571f48.jpg?ver=1777653193\",\"caption\":\"Hern\u00e1n L\u00f3pez\"},\"url\":\"https:\\\/\\\/diarioprincipios.com\\\/index.php\\\/author\\\/hernan\\\/\"}]}<\/script>\n<!-- \/ Yoast SEO plugin. -->","yoast_head_json":{"title":"El Programa Municipal \"Berazategui Recicla\" sigue creciendo - Principios","robots":{"index":"index","follow":"follow","max-snippet":"max-snippet:-1","max-image-preview":"max-image-preview:large","max-video-preview":"max-video-preview:-1"},"canonical":"https:\/\/diarioprincipios.com\/index.php\/2020\/11\/20\/el-programa-municipal-berazategui-recicla-sigue-creciendo\/","og_locale":"es_ES","og_type":"article","og_title":"El Programa Municipal \"Berazategui Recicla\" sigue creciendo - Principios","og_description":"Berazategui Recicla, el Programa de separaci\u00f3n de residuos y reciclado de la Municipalidad de Berazategui, sigue creciendo y generando conciencia ambiental. Es as\u00ed que se sum\u00f3 un nuevo Centro de Acopio en el barrio San Mauro (117 esquina 3), el segundo, que ya se encuentra funcionando plenamente. Ahora son 2 Centros de Acopio y 36...","og_url":"https:\/\/diarioprincipios.com\/index.php\/2020\/11\/20\/el-programa-municipal-berazategui-recicla-sigue-creciendo\/","og_site_name":"Principios","article_published_time":"2020-11-20T14:24:44+00:00","article_modified_time":"2020-11-20T14:24:49+00:00","og_image":[{"width":1080,"height":613,"url":"https:\/\/diarioprincipios.com\/wp-content\/uploads\/2020\/11\/20201120_112050.jpg","type":"image\/jpeg"}],"author":"Hern\u00e1n L\u00f3pez","twitter_card":"summary_large_image","twitter_misc":{"Escrito por":"Hern\u00e1n L\u00f3pez","Tiempo de lectura":"2 minutos"},"schema":{"@context":"https:\/\/schema.org","@graph":[{"@type":"Article","@id":"https:\/\/diarioprincipios.com\/index.php\/2020\/11\/20\/el-programa-municipal-berazategui-recicla-sigue-creciendo\/#article","isPartOf":{"@id":"https:\/\/diarioprincipios.com\/index.php\/2020\/11\/20\/el-programa-municipal-berazategui-recicla-sigue-creciendo\/"},"author":{"name":"Hern\u00e1n L\u00f3pez","@id":"https:\/\/diarioprincipios.com\/#\/schema\/person\/436d5a1fd41a5e250e23ff5a6a7cb080"},"headline":"El Programa Municipal \u00abBerazategui Recicla\u00bb sigue creciendo","datePublished":"2020-11-20T14:24:44+00:00","dateModified":"2020-11-20T14:24:49+00:00","mainEntityOfPage":{"@id":"https:\/\/diarioprincipios.com\/index.php\/2020\/11\/20\/el-programa-municipal-berazategui-recicla-sigue-creciendo\/"},"wordCount":446,"commentCount":0,"publisher":{"@id":"https:\/\/diarioprincipios.com\/#organization"},"image":{"@id":"https:\/\/diarioprincipios.com\/index.php\/2020\/11\/20\/el-programa-municipal-berazategui-recicla-sigue-creciendo\/#primaryimage"},"thumbnailUrl":"https:\/\/diarioprincipios.com\/wp-content\/uploads\/2020\/11\/20201120_112050.jpg","articleSection":["Berazategui"],"inLanguage":"es","potentialAction":[{"@type":"CommentAction","name":"Comment","target":["https:\/\/diarioprincipios.com\/index.php\/2020\/11\/20\/el-programa-municipal-berazategui-recicla-sigue-creciendo\/#respond"]}]},{"@type":"WebPage","@id":"https:\/\/diarioprincipios.com\/index.php\/2020\/11\/20\/el-programa-municipal-berazategui-recicla-sigue-creciendo\/","url":"https:\/\/diarioprincipios.com\/index.php\/2020\/11\/20\/el-programa-municipal-berazategui-recicla-sigue-creciendo\/","name":"El Programa Municipal \"Berazategui Recicla\" sigue creciendo - Principios","isPartOf":{"@id":"https:\/\/diarioprincipios.com\/#website"},"primaryImageOfPage":{"@id":"https:\/\/diarioprincipios.com\/index.php\/2020\/11\/20\/el-programa-municipal-berazategui-recicla-sigue-creciendo\/#primaryimage"},"image":{"@id":"https:\/\/diarioprincipios.com\/index.php\/2020\/11\/20\/el-programa-municipal-berazategui-recicla-sigue-creciendo\/#primaryimage"},"thumbnailUrl":"https:\/\/diarioprincipios.com\/wp-content\/uploads\/2020\/11\/20201120_112050.jpg","datePublished":"2020-11-20T14:24:44+00:00","dateModified":"2020-11-20T14:24:49+00:00","breadcrumb":{"@id":"https:\/\/diarioprincipios.com\/index.php\/2020\/11\/20\/el-programa-municipal-berazategui-recicla-sigue-creciendo\/#breadcrumb"},"inLanguage":"es","potentialAction":[{"@type":"ReadAction","target":["https:\/\/diarioprincipios.com\/index.php\/2020\/11\/20\/el-programa-municipal-berazategui-recicla-sigue-creciendo\/"]}]},{"@type":"ImageObject","inLanguage":"es","@id":"https:\/\/diarioprincipios.com\/index.php\/2020\/11\/20\/el-programa-municipal-berazategui-recicla-sigue-creciendo\/#primaryimage","url":"https:\/\/diarioprincipios.com\/wp-content\/uploads\/2020\/11\/20201120_112050.jpg","contentUrl":"https:\/\/diarioprincipios.com\/wp-content\/uploads\/2020\/11\/20201120_112050.jpg","width":1080,"height":613},{"@type":"BreadcrumbList","@id":"https:\/\/diarioprincipios.com\/index.php\/2020\/11\/20\/el-programa-municipal-berazategui-recicla-sigue-creciendo\/#breadcrumb","itemListElement":[{"@type":"ListItem","position":1,"name":"Portada","item":"https:\/\/diarioprincipios.com\/"},{"@type":"ListItem","position":2,"name":"El Programa Municipal \u00abBerazategui Recicla\u00bb sigue creciendo"}]},{"@type":"WebSite","@id":"https:\/\/diarioprincipios.com\/#website","url":"https:\/\/diarioprincipios.com\/","name":"Principios","description":"Principios Diario","publisher":{"@id":"https:\/\/diarioprincipios.com\/#organization"},"potentialAction":[{"@type":"SearchAction","target":{"@type":"EntryPoint","urlTemplate":"https:\/\/diarioprincipios.com\/?s={search_term_string}"},"query-input":{"@type":"PropertyValueSpecification","valueRequired":true,"valueName":"search_term_string"}}],"inLanguage":"es"},{"@type":"Organization","@id":"https:\/\/diarioprincipios.com\/#organization","name":"Principios","url":"https:\/\/diarioprincipios.com\/","logo":{"@type":"ImageObject","inLanguage":"es","@id":"https:\/\/diarioprincipios.com\/#\/schema\/logo\/image\/","url":"https:\/\/diarioprincipios.com\/wp-content\/uploads\/2024\/04\/cropped-www.diarioprincipios.com_-1.png","contentUrl":"https:\/\/diarioprincipios.com\/wp-content\/uploads\/2024\/04\/cropped-www.diarioprincipios.com_-1.png","width":5325,"height":1454,"caption":"Principios"},"image":{"@id":"https:\/\/diarioprincipios.com\/#\/schema\/logo\/image\/"}},{"@type":"Person","@id":"https:\/\/diarioprincipios.com\/#\/schema\/person\/436d5a1fd41a5e250e23ff5a6a7cb080","name":"Hern\u00e1n L\u00f3pez","image":{"@type":"ImageObject","inLanguage":"es","@id":"https:\/\/diarioprincipios.com\/wp-content\/litespeed\/avatar\/11ddfe5610ff3bd100522525b2571f48.jpg?ver=1777653193","url":"https:\/\/diarioprincipios.com\/wp-content\/litespeed\/avatar\/11ddfe5610ff3bd100522525b2571f48.jpg?ver=1777653193","contentUrl":"https:\/\/diarioprincipios.com\/wp-content\/litespeed\/avatar\/11ddfe5610ff3bd100522525b2571f48.jpg?ver=1777653193","caption":"Hern\u00e1n L\u00f3pez"},"url":"https:\/\/diarioprincipios.com\/index.php\/author\/hernan\/"}]}},"jetpack_featured_media_url":"https:\/\/diarioprincipios.com\/wp-content\/uploads\/2020\/11\/20201120_112050.jpg","_links":{"self":[{"href":"https:\/\/diarioprincipios.com\/index.php\/wp-json\/wp\/v2\/posts\/7151","targetHints":{"allow":["GET"]}}],"collection":[{"href":"https:\/\/diarioprincipios.com\/index.php\/wp-json\/wp\/v2\/posts"}],"about":[{"href":"https:\/\/diarioprincipios.com\/index.php\/wp-json\/wp\/v2\/types\/post"}],"author":[{"embeddable":true,"href":"https:\/\/diarioprincipios.com\/index.php\/wp-json\/wp\/v2\/users\/2"}],"replies":[{"embeddable":true,"href":"https:\/\/diarioprincipios.com\/index.php\/wp-json\/wp\/v2\/comments?post=7151"}],"version-history":[{"count":1,"href":"https:\/\/diarioprincipios.com\/index.php\/wp-json\/wp\/v2\/posts\/7151\/revisions"}],"predecessor-version":[{"id":7155,"href":"https:\/\/diarioprincipios.com\/index.php\/wp-json\/wp\/v2\/posts\/7151\/revisions\/7155"}],"wp:featuredmedia":[{"embeddable":true,"href":"https:\/\/diarioprincipios.com\/index.php\/wp-json\/wp\/v2\/media\/7154"}],"wp:attachment":[{"href":"https:\/\/diarioprincipios.com\/index.php\/wp-json\/wp\/v2\/media?parent=7151"}],"wp:term":[{"taxonomy":"category","embeddable":true,"href":"https:\/\/diarioprincipios.com\/index.php\/wp-json\/wp\/v2\/categories?post=7151"},{"taxonomy":"post_tag","embeddable":true,"href":"https:\/\/diarioprincipios.com\/index.php\/wp-json\/wp\/v2\/tags?post=7151"}],"curies":[{"name":"wp","href":"https:\/\/api.w.org\/{rel}","templated":true}]}}