{"id":702,"date":"2020-04-13T20:41:55","date_gmt":"2020-04-13T20:41:55","guid":{"rendered":"http:\/\/diarioprincipios.com\/?p=702"},"modified":"2020-04-13T20:41:56","modified_gmt":"2020-04-13T20:41:56","slug":"juan-jose-mussi-sugiere-a-los-berazateguenses-usar-tapabocas-caseros","status":"publish","type":"post","link":"https:\/\/diarioprincipios.com\/index.php\/2020\/04\/13\/juan-jose-mussi-sugiere-a-los-berazateguenses-usar-tapabocas-caseros\/","title":{"rendered":"Juan Jos\u00e9 Mussi sugiere a los berazateguenses usar tapabocas caseros"},"content":{"rendered":"\n<p><strong>El intendente de Berazategui, Dr. Juan Jos\u00e9 Mussi, recomend\u00f3 \u00a0a los vecinos la utilizaci\u00f3n de tapabocas caseros ante el COVID-19. \u201cEs una alternativa m\u00e1s y una medida voluntaria que se suma a las establecidas para enfrentar esta crisis sanitaria que estamos viviendo\u201d, se\u00f1al\u00f3.<\/strong><br>Mussi explic\u00f3: \u201cDurante los \u00faltimos d\u00edas, habr\u00e1n escuchado que cubrirse la boca sirve, que no sirve. En fin, un mont\u00f3n de sugerencias y opiniones. Como esta es una enfermedad que vamos conociendo d\u00eda a d\u00eda, y es muy cambiante, yo les aconsejo el uso de tapabocas caseros, sobre todo cuando se hace dif\u00edcil mantener la distancia social establecida en lugares p\u00fablicos, como farmacias, supermercados o si viajan en transportes p\u00fablicos\u201d.<br>\u201cEstos tapabocas -agreg\u00f3- no necesariamente deben ser barbijos quir\u00fargicos. Los barbijos escasean y son prioritarios para los trabajadores de la Salud, as\u00ed que les pido que por favor no compren de esos y hagan uno en sus casas\u201d.<br>Por \u00faltimo, el Jefe comunal, explic\u00f3: \u201cEn los medios y en las redes sociales municipales se han mostrado tutoriales de c\u00f3mo podemos hacerlos nosotros mismos\u201d.\u00a0<\/p>\n","protected":false},"excerpt":{"rendered":"<p>El intendente de Berazategui, Dr. Juan Jos\u00e9 Mussi, recomend\u00f3 \u00a0a los vecinos la utilizaci\u00f3n de tapabocas caseros ante el COVID-19. \u201cEs una alternativa m\u00e1s y una medida voluntaria que se suma a las establecidas para enfrentar esta crisis sanitaria que estamos viviendo\u201d, se\u00f1al\u00f3.Mussi explic\u00f3: \u201cDurante los \u00faltimos d\u00edas, habr\u00e1n escuchado que cubrirse la boca sirve,&#8230;<\/p>\n","protected":false},"author":2,"featured_media":623,"comment_status":"open","ping_status":"open","sticky":false,"template":"","format":"standard","meta":{"footnotes":""},"categories":[3],"tags":[],"class_list":["post-702","post","type-post","status-publish","format-standard","has-post-thumbnail","hentry","category-berazategui"],"featured_image_src":"https:\/\/diarioprincipios.com\/wp-content\/uploads\/2020\/04\/surgical_mask_1.jpg_1359985867.jpg","blog_images":{"medium":"https:\/\/diarioprincipios.com\/wp-content\/uploads\/2020\/04\/surgical_mask_1.jpg_1359985867-300x300.jpg","large":"https:\/\/diarioprincipios.com\/wp-content\/uploads\/2020\/04\/surgical_mask_1.jpg_1359985867.jpg"},"ams_acf":[],"yoast_head":"<!-- This site is optimized with the Yoast SEO plugin v27.3 - https:\/\/yoast.com\/product\/yoast-seo-wordpress\/ -->\n<title>Juan Jos\u00e9 Mussi sugiere a los berazateguenses usar tapabocas caseros - Principios<\/title>\n<meta name=\"robots\" content=\"index, follow, max-snippet:-1, max-image-preview:large, max-video-preview:-1\" \/>\n<link rel=\"canonical\" href=\"https:\/\/diarioprincipios.com\/index.php\/2020\/04\/13\/juan-jose-mussi-sugiere-a-los-berazateguenses-usar-tapabocas-caseros\/\" \/>\n<meta property=\"og:locale\" content=\"es_ES\" \/>\n<meta property=\"og:type\" content=\"article\" \/>\n<meta property=\"og:title\" content=\"Juan Jos\u00e9 Mussi sugiere a los berazateguenses usar tapabocas caseros - Principios\" \/>\n<meta property=\"og:description\" content=\"El intendente de Berazategui, Dr. Juan Jos\u00e9 Mussi, recomend\u00f3 \u00a0a los vecinos la utilizaci\u00f3n de tapabocas caseros ante el COVID-19. \u201cEs una alternativa m\u00e1s y una medida voluntaria que se suma a las establecidas para enfrentar esta crisis sanitaria que estamos viviendo\u201d, se\u00f1al\u00f3.Mussi explic\u00f3: \u201cDurante los \u00faltimos d\u00edas, habr\u00e1n escuchado que cubrirse la boca sirve,...\" \/>\n<meta property=\"og:url\" content=\"https:\/\/diarioprincipios.com\/index.php\/2020\/04\/13\/juan-jose-mussi-sugiere-a-los-berazateguenses-usar-tapabocas-caseros\/\" \/>\n<meta property=\"og:site_name\" content=\"Principios\" \/>\n<meta property=\"article:published_time\" content=\"2020-04-13T20:41:55+00:00\" \/>\n<meta property=\"article:modified_time\" content=\"2020-04-13T20:41:56+00:00\" \/>\n<meta property=\"og:image\" content=\"https:\/\/diarioprincipios.com\/wp-content\/uploads\/2020\/04\/surgical_mask_1.jpg_1359985867.jpg\" \/>\n\t<meta property=\"og:image:width\" content=\"360\" \/>\n\t<meta property=\"og:image:height\" content=\"360\" \/>\n\t<meta property=\"og:image:type\" content=\"image\/jpeg\" \/>\n<meta name=\"author\" content=\"Hern\u00e1n L\u00f3pez\" \/>\n<meta name=\"twitter:card\" content=\"summary_large_image\" \/>\n<meta name=\"twitter:label1\" content=\"Escrito por\" \/>\n\t<meta name=\"twitter:data1\" content=\"Hern\u00e1n L\u00f3pez\" \/>\n\t<meta name=\"twitter:label2\" content=\"Tiempo de lectura\" \/>\n\t<meta name=\"twitter:data2\" content=\"1 minuto\" \/>\n<script type=\"application\/ld+json\" class=\"yoast-schema-graph\">{\"@context\":\"https:\\\/\\\/schema.org\",\"@graph\":[{\"@type\":\"Article\",\"@id\":\"https:\\\/\\\/diarioprincipios.com\\\/index.php\\\/2020\\\/04\\\/13\\\/juan-jose-mussi-sugiere-a-los-berazateguenses-usar-tapabocas-caseros\\\/#article\",\"isPartOf\":{\"@id\":\"https:\\\/\\\/diarioprincipios.com\\\/index.php\\\/2020\\\/04\\\/13\\\/juan-jose-mussi-sugiere-a-los-berazateguenses-usar-tapabocas-caseros\\\/\"},\"author\":{\"name\":\"Hern\u00e1n L\u00f3pez\",\"@id\":\"https:\\\/\\\/diarioprincipios.com\\\/#\\\/schema\\\/person\\\/436d5a1fd41a5e250e23ff5a6a7cb080\"},\"headline\":\"Juan Jos\u00e9 Mussi sugiere a los berazateguenses usar tapabocas caseros\",\"datePublished\":\"2020-04-13T20:41:55+00:00\",\"dateModified\":\"2020-04-13T20:41:56+00:00\",\"mainEntityOfPage\":{\"@id\":\"https:\\\/\\\/diarioprincipios.com\\\/index.php\\\/2020\\\/04\\\/13\\\/juan-jose-mussi-sugiere-a-los-berazateguenses-usar-tapabocas-caseros\\\/\"},\"wordCount\":200,\"commentCount\":0,\"publisher\":{\"@id\":\"https:\\\/\\\/diarioprincipios.com\\\/#organization\"},\"image\":{\"@id\":\"https:\\\/\\\/diarioprincipios.com\\\/index.php\\\/2020\\\/04\\\/13\\\/juan-jose-mussi-sugiere-a-los-berazateguenses-usar-tapabocas-caseros\\\/#primaryimage\"},\"thumbnailUrl\":\"https:\\\/\\\/diarioprincipios.com\\\/wp-content\\\/uploads\\\/2020\\\/04\\\/surgical_mask_1.jpg_1359985867.jpg\",\"articleSection\":[\"Berazategui\"],\"inLanguage\":\"es\",\"potentialAction\":[{\"@type\":\"CommentAction\",\"name\":\"Comment\",\"target\":[\"https:\\\/\\\/diarioprincipios.com\\\/index.php\\\/2020\\\/04\\\/13\\\/juan-jose-mussi-sugiere-a-los-berazateguenses-usar-tapabocas-caseros\\\/#respond\"]}]},{\"@type\":\"WebPage\",\"@id\":\"https:\\\/\\\/diarioprincipios.com\\\/index.php\\\/2020\\\/04\\\/13\\\/juan-jose-mussi-sugiere-a-los-berazateguenses-usar-tapabocas-caseros\\\/\",\"url\":\"https:\\\/\\\/diarioprincipios.com\\\/index.php\\\/2020\\\/04\\\/13\\\/juan-jose-mussi-sugiere-a-los-berazateguenses-usar-tapabocas-caseros\\\/\",\"name\":\"Juan Jos\u00e9 Mussi sugiere a los berazateguenses usar tapabocas caseros - Principios\",\"isPartOf\":{\"@id\":\"https:\\\/\\\/diarioprincipios.com\\\/#website\"},\"primaryImageOfPage\":{\"@id\":\"https:\\\/\\\/diarioprincipios.com\\\/index.php\\\/2020\\\/04\\\/13\\\/juan-jose-mussi-sugiere-a-los-berazateguenses-usar-tapabocas-caseros\\\/#primaryimage\"},\"image\":{\"@id\":\"https:\\\/\\\/diarioprincipios.com\\\/index.php\\\/2020\\\/04\\\/13\\\/juan-jose-mussi-sugiere-a-los-berazateguenses-usar-tapabocas-caseros\\\/#primaryimage\"},\"thumbnailUrl\":\"https:\\\/\\\/diarioprincipios.com\\\/wp-content\\\/uploads\\\/2020\\\/04\\\/surgical_mask_1.jpg_1359985867.jpg\",\"datePublished\":\"2020-04-13T20:41:55+00:00\",\"dateModified\":\"2020-04-13T20:41:56+00:00\",\"breadcrumb\":{\"@id\":\"https:\\\/\\\/diarioprincipios.com\\\/index.php\\\/2020\\\/04\\\/13\\\/juan-jose-mussi-sugiere-a-los-berazateguenses-usar-tapabocas-caseros\\\/#breadcrumb\"},\"inLanguage\":\"es\",\"potentialAction\":[{\"@type\":\"ReadAction\",\"target\":[\"https:\\\/\\\/diarioprincipios.com\\\/index.php\\\/2020\\\/04\\\/13\\\/juan-jose-mussi-sugiere-a-los-berazateguenses-usar-tapabocas-caseros\\\/\"]}]},{\"@type\":\"ImageObject\",\"inLanguage\":\"es\",\"@id\":\"https:\\\/\\\/diarioprincipios.com\\\/index.php\\\/2020\\\/04\\\/13\\\/juan-jose-mussi-sugiere-a-los-berazateguenses-usar-tapabocas-caseros\\\/#primaryimage\",\"url\":\"https:\\\/\\\/diarioprincipios.com\\\/wp-content\\\/uploads\\\/2020\\\/04\\\/surgical_mask_1.jpg_1359985867.jpg\",\"contentUrl\":\"https:\\\/\\\/diarioprincipios.com\\\/wp-content\\\/uploads\\\/2020\\\/04\\\/surgical_mask_1.jpg_1359985867.jpg\",\"width\":360,\"height\":360},{\"@type\":\"BreadcrumbList\",\"@id\":\"https:\\\/\\\/diarioprincipios.com\\\/index.php\\\/2020\\\/04\\\/13\\\/juan-jose-mussi-sugiere-a-los-berazateguenses-usar-tapabocas-caseros\\\/#breadcrumb\",\"itemListElement\":[{\"@type\":\"ListItem\",\"position\":1,\"name\":\"Portada\",\"item\":\"https:\\\/\\\/diarioprincipios.com\\\/\"},{\"@type\":\"ListItem\",\"position\":2,\"name\":\"Juan Jos\u00e9 Mussi sugiere a los berazateguenses usar tapabocas caseros\"}]},{\"@type\":\"WebSite\",\"@id\":\"https:\\\/\\\/diarioprincipios.com\\\/#website\",\"url\":\"https:\\\/\\\/diarioprincipios.com\\\/\",\"name\":\"Principios\",\"description\":\"Principios Diario\",\"publisher\":{\"@id\":\"https:\\\/\\\/diarioprincipios.com\\\/#organization\"},\"potentialAction\":[{\"@type\":\"SearchAction\",\"target\":{\"@type\":\"EntryPoint\",\"urlTemplate\":\"https:\\\/\\\/diarioprincipios.com\\\/?s={search_term_string}\"},\"query-input\":{\"@type\":\"PropertyValueSpecification\",\"valueRequired\":true,\"valueName\":\"search_term_string\"}}],\"inLanguage\":\"es\"},{\"@type\":\"Organization\",\"@id\":\"https:\\\/\\\/diarioprincipios.com\\\/#organization\",\"name\":\"Principios\",\"url\":\"https:\\\/\\\/diarioprincipios.com\\\/\",\"logo\":{\"@type\":\"ImageObject\",\"inLanguage\":\"es\",\"@id\":\"https:\\\/\\\/diarioprincipios.com\\\/#\\\/schema\\\/logo\\\/image\\\/\",\"url\":\"https:\\\/\\\/diarioprincipios.com\\\/wp-content\\\/uploads\\\/2024\\\/04\\\/cropped-www.diarioprincipios.com_-1.png\",\"contentUrl\":\"https:\\\/\\\/diarioprincipios.com\\\/wp-content\\\/uploads\\\/2024\\\/04\\\/cropped-www.diarioprincipios.com_-1.png\",\"width\":5325,\"height\":1454,\"caption\":\"Principios\"},\"image\":{\"@id\":\"https:\\\/\\\/diarioprincipios.com\\\/#\\\/schema\\\/logo\\\/image\\\/\"}},{\"@type\":\"Person\",\"@id\":\"https:\\\/\\\/diarioprincipios.com\\\/#\\\/schema\\\/person\\\/436d5a1fd41a5e250e23ff5a6a7cb080\",\"name\":\"Hern\u00e1n L\u00f3pez\",\"image\":{\"@type\":\"ImageObject\",\"inLanguage\":\"es\",\"@id\":\"https:\\\/\\\/diarioprincipios.com\\\/wp-content\\\/litespeed\\\/avatar\\\/11ddfe5610ff3bd100522525b2571f48.jpg?ver=1777048341\",\"url\":\"https:\\\/\\\/diarioprincipios.com\\\/wp-content\\\/litespeed\\\/avatar\\\/11ddfe5610ff3bd100522525b2571f48.jpg?ver=1777048341\",\"contentUrl\":\"https:\\\/\\\/diarioprincipios.com\\\/wp-content\\\/litespeed\\\/avatar\\\/11ddfe5610ff3bd100522525b2571f48.jpg?ver=1777048341\",\"caption\":\"Hern\u00e1n L\u00f3pez\"},\"url\":\"https:\\\/\\\/diarioprincipios.com\\\/index.php\\\/author\\\/hernan\\\/\"}]}<\/script>\n<!-- \/ Yoast SEO plugin. -->","yoast_head_json":{"title":"Juan Jos\u00e9 Mussi sugiere a los berazateguenses usar tapabocas caseros - Principios","robots":{"index":"index","follow":"follow","max-snippet":"max-snippet:-1","max-image-preview":"max-image-preview:large","max-video-preview":"max-video-preview:-1"},"canonical":"https:\/\/diarioprincipios.com\/index.php\/2020\/04\/13\/juan-jose-mussi-sugiere-a-los-berazateguenses-usar-tapabocas-caseros\/","og_locale":"es_ES","og_type":"article","og_title":"Juan Jos\u00e9 Mussi sugiere a los berazateguenses usar tapabocas caseros - Principios","og_description":"El intendente de Berazategui, Dr. Juan Jos\u00e9 Mussi, recomend\u00f3 \u00a0a los vecinos la utilizaci\u00f3n de tapabocas caseros ante el COVID-19. \u201cEs una alternativa m\u00e1s y una medida voluntaria que se suma a las establecidas para enfrentar esta crisis sanitaria que estamos viviendo\u201d, se\u00f1al\u00f3.Mussi explic\u00f3: \u201cDurante los \u00faltimos d\u00edas, habr\u00e1n escuchado que cubrirse la boca sirve,...","og_url":"https:\/\/diarioprincipios.com\/index.php\/2020\/04\/13\/juan-jose-mussi-sugiere-a-los-berazateguenses-usar-tapabocas-caseros\/","og_site_name":"Principios","article_published_time":"2020-04-13T20:41:55+00:00","article_modified_time":"2020-04-13T20:41:56+00:00","og_image":[{"width":360,"height":360,"url":"https:\/\/diarioprincipios.com\/wp-content\/uploads\/2020\/04\/surgical_mask_1.jpg_1359985867.jpg","type":"image\/jpeg"}],"author":"Hern\u00e1n L\u00f3pez","twitter_card":"summary_large_image","twitter_misc":{"Escrito por":"Hern\u00e1n L\u00f3pez","Tiempo de lectura":"1 minuto"},"schema":{"@context":"https:\/\/schema.org","@graph":[{"@type":"Article","@id":"https:\/\/diarioprincipios.com\/index.php\/2020\/04\/13\/juan-jose-mussi-sugiere-a-los-berazateguenses-usar-tapabocas-caseros\/#article","isPartOf":{"@id":"https:\/\/diarioprincipios.com\/index.php\/2020\/04\/13\/juan-jose-mussi-sugiere-a-los-berazateguenses-usar-tapabocas-caseros\/"},"author":{"name":"Hern\u00e1n L\u00f3pez","@id":"https:\/\/diarioprincipios.com\/#\/schema\/person\/436d5a1fd41a5e250e23ff5a6a7cb080"},"headline":"Juan Jos\u00e9 Mussi sugiere a los berazateguenses usar tapabocas caseros","datePublished":"2020-04-13T20:41:55+00:00","dateModified":"2020-04-13T20:41:56+00:00","mainEntityOfPage":{"@id":"https:\/\/diarioprincipios.com\/index.php\/2020\/04\/13\/juan-jose-mussi-sugiere-a-los-berazateguenses-usar-tapabocas-caseros\/"},"wordCount":200,"commentCount":0,"publisher":{"@id":"https:\/\/diarioprincipios.com\/#organization"},"image":{"@id":"https:\/\/diarioprincipios.com\/index.php\/2020\/04\/13\/juan-jose-mussi-sugiere-a-los-berazateguenses-usar-tapabocas-caseros\/#primaryimage"},"thumbnailUrl":"https:\/\/diarioprincipios.com\/wp-content\/uploads\/2020\/04\/surgical_mask_1.jpg_1359985867.jpg","articleSection":["Berazategui"],"inLanguage":"es","potentialAction":[{"@type":"CommentAction","name":"Comment","target":["https:\/\/diarioprincipios.com\/index.php\/2020\/04\/13\/juan-jose-mussi-sugiere-a-los-berazateguenses-usar-tapabocas-caseros\/#respond"]}]},{"@type":"WebPage","@id":"https:\/\/diarioprincipios.com\/index.php\/2020\/04\/13\/juan-jose-mussi-sugiere-a-los-berazateguenses-usar-tapabocas-caseros\/","url":"https:\/\/diarioprincipios.com\/index.php\/2020\/04\/13\/juan-jose-mussi-sugiere-a-los-berazateguenses-usar-tapabocas-caseros\/","name":"Juan Jos\u00e9 Mussi sugiere a los berazateguenses usar tapabocas caseros - Principios","isPartOf":{"@id":"https:\/\/diarioprincipios.com\/#website"},"primaryImageOfPage":{"@id":"https:\/\/diarioprincipios.com\/index.php\/2020\/04\/13\/juan-jose-mussi-sugiere-a-los-berazateguenses-usar-tapabocas-caseros\/#primaryimage"},"image":{"@id":"https:\/\/diarioprincipios.com\/index.php\/2020\/04\/13\/juan-jose-mussi-sugiere-a-los-berazateguenses-usar-tapabocas-caseros\/#primaryimage"},"thumbnailUrl":"https:\/\/diarioprincipios.com\/wp-content\/uploads\/2020\/04\/surgical_mask_1.jpg_1359985867.jpg","datePublished":"2020-04-13T20:41:55+00:00","dateModified":"2020-04-13T20:41:56+00:00","breadcrumb":{"@id":"https:\/\/diarioprincipios.com\/index.php\/2020\/04\/13\/juan-jose-mussi-sugiere-a-los-berazateguenses-usar-tapabocas-caseros\/#breadcrumb"},"inLanguage":"es","potentialAction":[{"@type":"ReadAction","target":["https:\/\/diarioprincipios.com\/index.php\/2020\/04\/13\/juan-jose-mussi-sugiere-a-los-berazateguenses-usar-tapabocas-caseros\/"]}]},{"@type":"ImageObject","inLanguage":"es","@id":"https:\/\/diarioprincipios.com\/index.php\/2020\/04\/13\/juan-jose-mussi-sugiere-a-los-berazateguenses-usar-tapabocas-caseros\/#primaryimage","url":"https:\/\/diarioprincipios.com\/wp-content\/uploads\/2020\/04\/surgical_mask_1.jpg_1359985867.jpg","contentUrl":"https:\/\/diarioprincipios.com\/wp-content\/uploads\/2020\/04\/surgical_mask_1.jpg_1359985867.jpg","width":360,"height":360},{"@type":"BreadcrumbList","@id":"https:\/\/diarioprincipios.com\/index.php\/2020\/04\/13\/juan-jose-mussi-sugiere-a-los-berazateguenses-usar-tapabocas-caseros\/#breadcrumb","itemListElement":[{"@type":"ListItem","position":1,"name":"Portada","item":"https:\/\/diarioprincipios.com\/"},{"@type":"ListItem","position":2,"name":"Juan Jos\u00e9 Mussi sugiere a los berazateguenses usar tapabocas caseros"}]},{"@type":"WebSite","@id":"https:\/\/diarioprincipios.com\/#website","url":"https:\/\/diarioprincipios.com\/","name":"Principios","description":"Principios Diario","publisher":{"@id":"https:\/\/diarioprincipios.com\/#organization"},"potentialAction":[{"@type":"SearchAction","target":{"@type":"EntryPoint","urlTemplate":"https:\/\/diarioprincipios.com\/?s={search_term_string}"},"query-input":{"@type":"PropertyValueSpecification","valueRequired":true,"valueName":"search_term_string"}}],"inLanguage":"es"},{"@type":"Organization","@id":"https:\/\/diarioprincipios.com\/#organization","name":"Principios","url":"https:\/\/diarioprincipios.com\/","logo":{"@type":"ImageObject","inLanguage":"es","@id":"https:\/\/diarioprincipios.com\/#\/schema\/logo\/image\/","url":"https:\/\/diarioprincipios.com\/wp-content\/uploads\/2024\/04\/cropped-www.diarioprincipios.com_-1.png","contentUrl":"https:\/\/diarioprincipios.com\/wp-content\/uploads\/2024\/04\/cropped-www.diarioprincipios.com_-1.png","width":5325,"height":1454,"caption":"Principios"},"image":{"@id":"https:\/\/diarioprincipios.com\/#\/schema\/logo\/image\/"}},{"@type":"Person","@id":"https:\/\/diarioprincipios.com\/#\/schema\/person\/436d5a1fd41a5e250e23ff5a6a7cb080","name":"Hern\u00e1n L\u00f3pez","image":{"@type":"ImageObject","inLanguage":"es","@id":"https:\/\/diarioprincipios.com\/wp-content\/litespeed\/avatar\/11ddfe5610ff3bd100522525b2571f48.jpg?ver=1777048341","url":"https:\/\/diarioprincipios.com\/wp-content\/litespeed\/avatar\/11ddfe5610ff3bd100522525b2571f48.jpg?ver=1777048341","contentUrl":"https:\/\/diarioprincipios.com\/wp-content\/litespeed\/avatar\/11ddfe5610ff3bd100522525b2571f48.jpg?ver=1777048341","caption":"Hern\u00e1n L\u00f3pez"},"url":"https:\/\/diarioprincipios.com\/index.php\/author\/hernan\/"}]}},"jetpack_featured_media_url":"https:\/\/diarioprincipios.com\/wp-content\/uploads\/2020\/04\/surgical_mask_1.jpg_1359985867.jpg","_links":{"self":[{"href":"https:\/\/diarioprincipios.com\/index.php\/wp-json\/wp\/v2\/posts\/702","targetHints":{"allow":["GET"]}}],"collection":[{"href":"https:\/\/diarioprincipios.com\/index.php\/wp-json\/wp\/v2\/posts"}],"about":[{"href":"https:\/\/diarioprincipios.com\/index.php\/wp-json\/wp\/v2\/types\/post"}],"author":[{"embeddable":true,"href":"https:\/\/diarioprincipios.com\/index.php\/wp-json\/wp\/v2\/users\/2"}],"replies":[{"embeddable":true,"href":"https:\/\/diarioprincipios.com\/index.php\/wp-json\/wp\/v2\/comments?post=702"}],"version-history":[{"count":1,"href":"https:\/\/diarioprincipios.com\/index.php\/wp-json\/wp\/v2\/posts\/702\/revisions"}],"predecessor-version":[{"id":703,"href":"https:\/\/diarioprincipios.com\/index.php\/wp-json\/wp\/v2\/posts\/702\/revisions\/703"}],"wp:featuredmedia":[{"embeddable":true,"href":"https:\/\/diarioprincipios.com\/index.php\/wp-json\/wp\/v2\/media\/623"}],"wp:attachment":[{"href":"https:\/\/diarioprincipios.com\/index.php\/wp-json\/wp\/v2\/media?parent=702"}],"wp:term":[{"taxonomy":"category","embeddable":true,"href":"https:\/\/diarioprincipios.com\/index.php\/wp-json\/wp\/v2\/categories?post=702"},{"taxonomy":"post_tag","embeddable":true,"href":"https:\/\/diarioprincipios.com\/index.php\/wp-json\/wp\/v2\/tags?post=702"}],"curies":[{"name":"wp","href":"https:\/\/api.w.org\/{rel}","templated":true}]}}