{"id":6569,"date":"2020-10-31T23:33:59","date_gmt":"2020-11-01T02:33:59","guid":{"rendered":"http:\/\/diarioprincipios.com\/?p=6569"},"modified":"2020-10-31T23:34:04","modified_gmt":"2020-11-01T02:34:04","slug":"comerciantes-protegen-sus-locales-en-washington-ante-el-temor-de-posibles-enfrentamientos","status":"publish","type":"post","link":"https:\/\/diarioprincipios.com\/index.php\/2020\/10\/31\/comerciantes-protegen-sus-locales-en-washington-ante-el-temor-de-posibles-enfrentamientos\/","title":{"rendered":"Comerciantes protegen sus locales en Washington ante el temor de posibles enfrentamientos"},"content":{"rendered":"\n<p>A tres d\u00edas de las elecciones presidenciales en Estados Unidos, numerosos negocios del centro de Washington proteg\u00edan hoy sus vitrinas con tablones de madera ante el temor de los comerciantes a posibles desmanes durante y despu\u00e9s de la jornada electoral.<\/p>\n\n\n\n<p>En pr\u00e1cticamente cada esquina del centro de la capital, obreros colocaban planchas de madera para evitar da\u00f1os en los inmuebles, como los ocurridos en la ciudad durante las protestas de mayo y junio pasado contra el racismo y la brutalidad policial.<\/p>\n\n\n\n<p>La tensi\u00f3n ha aumentado en el tramo final de la carrera a la Casa Blanca, que se disputan el presidente republicano Donald Trump y su rival dem\u00f3crata Joe Biden, y muchos temen que el r\u00e9cord de votos por correo, impulsado por la pandemia de coronavirus, retrase la publicaci\u00f3n de los resultados.<\/p>\n\n\n\n<p>En el peor de los casos, este suspenso podr\u00eda derivar en protestas y choques entre los partidarios de ambos candidatos.<\/p>\n\n\n\n<p>Un escenario alimentado por el propio Trump, quien busca su reelecci\u00f3n, al negarse repetidamente a dejar claro si, en caso de perder el 3 de noviembre, ceder\u00eda pac\u00edficamente el poder.<\/p>\n\n\n\n<p>\u00abOdio ver esto\u00bb, dijo delante de las grandes placas de madera Kosta Abatzis, due\u00f1o de un negocio de ropa pr\u00f3xima a la Casa Blanca, aunque luego agreg\u00f3 que \u00abes mejor que tener que pasar por todo el procedimiento de reemplazar una ventana a trav\u00e9s de la compa\u00f1\u00eda de seguros\u00bb.<\/p>\n\n\n\n<p>Alexandre Provenzano, propietario de una peluquer\u00eda cercana, tambi\u00e9n se quej\u00f3: \u00abDejamos puestas las tablas durante dos meses y ahora voy a tener esto hasta enero, para la toma de posesi\u00f3n (del presidente). As\u00ed es como voy a pasar las Fiestas\u00bb, dijo, citado por la agencia de noticias AFP.<\/p>\n\n\n\n<p>A pesar de todo, consider\u00f3 que \u00abm\u00e1s vale prevenir que lamentar\u00bb.<\/p>\n\n\n\n<p>Consultado por la agencia francesa, Sean Anger, gerente de obras para una empresa de la cercana ciudad de Maryland, dijo que estuvo ocupado construyendo barricadas en al menos 20 edificios en los \u00faltimos d\u00edas, pese a que el servicio que cuesta miles de d\u00f3lares.<\/p>\n\n\n\n<p>Ante el temor de incidentes, la polic\u00eda de Washington anunci\u00f3 el cierre de calles en una amplia zona alrededor de la Casa Blanca los pr\u00f3ximos 3 y 4 de noviembre.<\/p>\n\n\n\n<p>\u00abSabemos que a algunas personas les gustar\u00eda crear caos y confusi\u00f3n\u00bb, dijo la alcaldesa de Washington, Muriel Bowser, en una conferencia de prensa el pasado jueves.<\/p>\n\n\n\n<p>\u00abNo tenemos alguna informaci\u00f3n espec\u00edfica sobre el tema, pero estamos preparados para mantener la ciudad a salvo\u00bb, concluy\u00f3.<\/p>\n\n\n\n<p>Varias organizaciones ya tienen planeado realizar manifestaciones. Una de ellas, Shutdown DC, present\u00f3 un permiso para conglomerar hasta 10.000 personas en la rebautizada plaza Black Lives Matter (Las vidas de los negros importan), frente a la Casa Blanca, la noche del 3 de noviembre.<\/p>\n\n\n\n<p>Entre m\u00fasica y discursos, se prev\u00e9 para el evento una gran pantalla que muestre los resultados electorales en directo.<\/p>\n\n\n\n<p>Sin embargo, ante posibles enfrentamientos, la organizaci\u00f3n planific\u00f3 entrenamientos para sus miembros sobre interacciones con la polic\u00eda y otros grupos de manifestantes y t\u00e9cnicas de desescalada de violencia.<\/p>\n\n\n\n<p>\u00abDesafortunadamente, estamos dispuestos a correr riesgos porque sabemos lo importante que es este momento\u00bb, se\u00f1al\u00f3 Hope Neyer, jefa de prensa de Shutdown DC.<\/p>\n","protected":false},"excerpt":{"rendered":"<p>A tres d\u00edas de las elecciones presidenciales en Estados Unidos, numerosos negocios del centro de Washington proteg\u00edan hoy sus vitrinas con tablones de madera ante el temor de los comerciantes a posibles desmanes durante y despu\u00e9s de la jornada electoral. En pr\u00e1cticamente cada esquina del centro de la capital, obreros colocaban planchas de madera para&#8230;<\/p>\n","protected":false},"author":2,"featured_media":6570,"comment_status":"open","ping_status":"open","sticky":false,"template":"","format":"standard","meta":{"footnotes":""},"categories":[1],"tags":[],"class_list":["post-6569","post","type-post","status-publish","format-standard","has-post-thumbnail","hentry","category-uncategorized"],"featured_image_src":"https:\/\/diarioprincipios.com\/wp-content\/uploads\/2020\/10\/large_zWtHJizTmdzzbVhB-1024x576.jpg","blog_images":{"medium":"https:\/\/diarioprincipios.com\/wp-content\/uploads\/2020\/10\/large_zWtHJizTmdzzbVhB-300x169.jpg","large":"https:\/\/diarioprincipios.com\/wp-content\/uploads\/2020\/10\/large_zWtHJizTmdzzbVhB-1024x576.jpg"},"ams_acf":[],"yoast_head":"<!-- This site is optimized with the Yoast SEO plugin v27.3 - https:\/\/yoast.com\/product\/yoast-seo-wordpress\/ -->\n<title>Comerciantes protegen sus locales en Washington ante el temor de posibles enfrentamientos - Principios<\/title>\n<meta name=\"robots\" content=\"index, follow, max-snippet:-1, max-image-preview:large, max-video-preview:-1\" \/>\n<link rel=\"canonical\" href=\"https:\/\/diarioprincipios.com\/index.php\/2020\/10\/31\/comerciantes-protegen-sus-locales-en-washington-ante-el-temor-de-posibles-enfrentamientos\/\" \/>\n<meta property=\"og:locale\" content=\"es_ES\" \/>\n<meta property=\"og:type\" content=\"article\" \/>\n<meta property=\"og:title\" content=\"Comerciantes protegen sus locales en Washington ante el temor de posibles enfrentamientos - Principios\" \/>\n<meta property=\"og:description\" content=\"A tres d\u00edas de las elecciones presidenciales en Estados Unidos, numerosos negocios del centro de Washington proteg\u00edan hoy sus vitrinas con tablones de madera ante el temor de los comerciantes a posibles desmanes durante y despu\u00e9s de la jornada electoral. En pr\u00e1cticamente cada esquina del centro de la capital, obreros colocaban planchas de madera para...\" \/>\n<meta property=\"og:url\" content=\"https:\/\/diarioprincipios.com\/index.php\/2020\/10\/31\/comerciantes-protegen-sus-locales-en-washington-ante-el-temor-de-posibles-enfrentamientos\/\" \/>\n<meta property=\"og:site_name\" content=\"Principios\" \/>\n<meta property=\"article:published_time\" content=\"2020-11-01T02:33:59+00:00\" \/>\n<meta property=\"article:modified_time\" content=\"2020-11-01T02:34:04+00:00\" \/>\n<meta property=\"og:image\" content=\"https:\/\/diarioprincipios.com\/wp-content\/uploads\/2020\/10\/large_zWtHJizTmdzzbVhB.jpg\" \/>\n\t<meta property=\"og:image:width\" content=\"1182\" \/>\n\t<meta property=\"og:image:height\" content=\"665\" \/>\n\t<meta property=\"og:image:type\" content=\"image\/jpeg\" \/>\n<meta name=\"author\" content=\"Hern\u00e1n L\u00f3pez\" \/>\n<meta name=\"twitter:card\" content=\"summary_large_image\" \/>\n<meta name=\"twitter:label1\" content=\"Escrito por\" \/>\n\t<meta name=\"twitter:data1\" content=\"Hern\u00e1n L\u00f3pez\" \/>\n\t<meta name=\"twitter:label2\" content=\"Tiempo de lectura\" \/>\n\t<meta name=\"twitter:data2\" content=\"3 minutos\" \/>\n<script type=\"application\/ld+json\" class=\"yoast-schema-graph\">{\"@context\":\"https:\\\/\\\/schema.org\",\"@graph\":[{\"@type\":\"Article\",\"@id\":\"https:\\\/\\\/diarioprincipios.com\\\/index.php\\\/2020\\\/10\\\/31\\\/comerciantes-protegen-sus-locales-en-washington-ante-el-temor-de-posibles-enfrentamientos\\\/#article\",\"isPartOf\":{\"@id\":\"https:\\\/\\\/diarioprincipios.com\\\/index.php\\\/2020\\\/10\\\/31\\\/comerciantes-protegen-sus-locales-en-washington-ante-el-temor-de-posibles-enfrentamientos\\\/\"},\"author\":{\"name\":\"Hern\u00e1n L\u00f3pez\",\"@id\":\"https:\\\/\\\/diarioprincipios.com\\\/#\\\/schema\\\/person\\\/436d5a1fd41a5e250e23ff5a6a7cb080\"},\"headline\":\"Comerciantes protegen sus locales en Washington ante el temor de posibles enfrentamientos\",\"datePublished\":\"2020-11-01T02:33:59+00:00\",\"dateModified\":\"2020-11-01T02:34:04+00:00\",\"mainEntityOfPage\":{\"@id\":\"https:\\\/\\\/diarioprincipios.com\\\/index.php\\\/2020\\\/10\\\/31\\\/comerciantes-protegen-sus-locales-en-washington-ante-el-temor-de-posibles-enfrentamientos\\\/\"},\"wordCount\":562,\"commentCount\":0,\"publisher\":{\"@id\":\"https:\\\/\\\/diarioprincipios.com\\\/#organization\"},\"image\":{\"@id\":\"https:\\\/\\\/diarioprincipios.com\\\/index.php\\\/2020\\\/10\\\/31\\\/comerciantes-protegen-sus-locales-en-washington-ante-el-temor-de-posibles-enfrentamientos\\\/#primaryimage\"},\"thumbnailUrl\":\"https:\\\/\\\/diarioprincipios.com\\\/wp-content\\\/uploads\\\/2020\\\/10\\\/large_zWtHJizTmdzzbVhB.jpg\",\"articleSection\":[\"Uncategorized\"],\"inLanguage\":\"es\",\"potentialAction\":[{\"@type\":\"CommentAction\",\"name\":\"Comment\",\"target\":[\"https:\\\/\\\/diarioprincipios.com\\\/index.php\\\/2020\\\/10\\\/31\\\/comerciantes-protegen-sus-locales-en-washington-ante-el-temor-de-posibles-enfrentamientos\\\/#respond\"]}]},{\"@type\":\"WebPage\",\"@id\":\"https:\\\/\\\/diarioprincipios.com\\\/index.php\\\/2020\\\/10\\\/31\\\/comerciantes-protegen-sus-locales-en-washington-ante-el-temor-de-posibles-enfrentamientos\\\/\",\"url\":\"https:\\\/\\\/diarioprincipios.com\\\/index.php\\\/2020\\\/10\\\/31\\\/comerciantes-protegen-sus-locales-en-washington-ante-el-temor-de-posibles-enfrentamientos\\\/\",\"name\":\"Comerciantes protegen sus locales en Washington ante el temor de posibles enfrentamientos - Principios\",\"isPartOf\":{\"@id\":\"https:\\\/\\\/diarioprincipios.com\\\/#website\"},\"primaryImageOfPage\":{\"@id\":\"https:\\\/\\\/diarioprincipios.com\\\/index.php\\\/2020\\\/10\\\/31\\\/comerciantes-protegen-sus-locales-en-washington-ante-el-temor-de-posibles-enfrentamientos\\\/#primaryimage\"},\"image\":{\"@id\":\"https:\\\/\\\/diarioprincipios.com\\\/index.php\\\/2020\\\/10\\\/31\\\/comerciantes-protegen-sus-locales-en-washington-ante-el-temor-de-posibles-enfrentamientos\\\/#primaryimage\"},\"thumbnailUrl\":\"https:\\\/\\\/diarioprincipios.com\\\/wp-content\\\/uploads\\\/2020\\\/10\\\/large_zWtHJizTmdzzbVhB.jpg\",\"datePublished\":\"2020-11-01T02:33:59+00:00\",\"dateModified\":\"2020-11-01T02:34:04+00:00\",\"breadcrumb\":{\"@id\":\"https:\\\/\\\/diarioprincipios.com\\\/index.php\\\/2020\\\/10\\\/31\\\/comerciantes-protegen-sus-locales-en-washington-ante-el-temor-de-posibles-enfrentamientos\\\/#breadcrumb\"},\"inLanguage\":\"es\",\"potentialAction\":[{\"@type\":\"ReadAction\",\"target\":[\"https:\\\/\\\/diarioprincipios.com\\\/index.php\\\/2020\\\/10\\\/31\\\/comerciantes-protegen-sus-locales-en-washington-ante-el-temor-de-posibles-enfrentamientos\\\/\"]}]},{\"@type\":\"ImageObject\",\"inLanguage\":\"es\",\"@id\":\"https:\\\/\\\/diarioprincipios.com\\\/index.php\\\/2020\\\/10\\\/31\\\/comerciantes-protegen-sus-locales-en-washington-ante-el-temor-de-posibles-enfrentamientos\\\/#primaryimage\",\"url\":\"https:\\\/\\\/diarioprincipios.com\\\/wp-content\\\/uploads\\\/2020\\\/10\\\/large_zWtHJizTmdzzbVhB.jpg\",\"contentUrl\":\"https:\\\/\\\/diarioprincipios.com\\\/wp-content\\\/uploads\\\/2020\\\/10\\\/large_zWtHJizTmdzzbVhB.jpg\",\"width\":1182,\"height\":665},{\"@type\":\"BreadcrumbList\",\"@id\":\"https:\\\/\\\/diarioprincipios.com\\\/index.php\\\/2020\\\/10\\\/31\\\/comerciantes-protegen-sus-locales-en-washington-ante-el-temor-de-posibles-enfrentamientos\\\/#breadcrumb\",\"itemListElement\":[{\"@type\":\"ListItem\",\"position\":1,\"name\":\"Portada\",\"item\":\"https:\\\/\\\/diarioprincipios.com\\\/\"},{\"@type\":\"ListItem\",\"position\":2,\"name\":\"Comerciantes protegen sus locales en Washington ante el temor de posibles enfrentamientos\"}]},{\"@type\":\"WebSite\",\"@id\":\"https:\\\/\\\/diarioprincipios.com\\\/#website\",\"url\":\"https:\\\/\\\/diarioprincipios.com\\\/\",\"name\":\"Principios\",\"description\":\"Principios Diario\",\"publisher\":{\"@id\":\"https:\\\/\\\/diarioprincipios.com\\\/#organization\"},\"potentialAction\":[{\"@type\":\"SearchAction\",\"target\":{\"@type\":\"EntryPoint\",\"urlTemplate\":\"https:\\\/\\\/diarioprincipios.com\\\/?s={search_term_string}\"},\"query-input\":{\"@type\":\"PropertyValueSpecification\",\"valueRequired\":true,\"valueName\":\"search_term_string\"}}],\"inLanguage\":\"es\"},{\"@type\":\"Organization\",\"@id\":\"https:\\\/\\\/diarioprincipios.com\\\/#organization\",\"name\":\"Principios\",\"url\":\"https:\\\/\\\/diarioprincipios.com\\\/\",\"logo\":{\"@type\":\"ImageObject\",\"inLanguage\":\"es\",\"@id\":\"https:\\\/\\\/diarioprincipios.com\\\/#\\\/schema\\\/logo\\\/image\\\/\",\"url\":\"https:\\\/\\\/diarioprincipios.com\\\/wp-content\\\/uploads\\\/2024\\\/04\\\/cropped-www.diarioprincipios.com_-1.png\",\"contentUrl\":\"https:\\\/\\\/diarioprincipios.com\\\/wp-content\\\/uploads\\\/2024\\\/04\\\/cropped-www.diarioprincipios.com_-1.png\",\"width\":5325,\"height\":1454,\"caption\":\"Principios\"},\"image\":{\"@id\":\"https:\\\/\\\/diarioprincipios.com\\\/#\\\/schema\\\/logo\\\/image\\\/\"}},{\"@type\":\"Person\",\"@id\":\"https:\\\/\\\/diarioprincipios.com\\\/#\\\/schema\\\/person\\\/436d5a1fd41a5e250e23ff5a6a7cb080\",\"name\":\"Hern\u00e1n L\u00f3pez\",\"image\":{\"@type\":\"ImageObject\",\"inLanguage\":\"es\",\"@id\":\"https:\\\/\\\/diarioprincipios.com\\\/wp-content\\\/litespeed\\\/avatar\\\/11ddfe5610ff3bd100522525b2571f48.jpg?ver=1777048341\",\"url\":\"https:\\\/\\\/diarioprincipios.com\\\/wp-content\\\/litespeed\\\/avatar\\\/11ddfe5610ff3bd100522525b2571f48.jpg?ver=1777048341\",\"contentUrl\":\"https:\\\/\\\/diarioprincipios.com\\\/wp-content\\\/litespeed\\\/avatar\\\/11ddfe5610ff3bd100522525b2571f48.jpg?ver=1777048341\",\"caption\":\"Hern\u00e1n L\u00f3pez\"},\"url\":\"https:\\\/\\\/diarioprincipios.com\\\/index.php\\\/author\\\/hernan\\\/\"}]}<\/script>\n<!-- \/ Yoast SEO plugin. -->","yoast_head_json":{"title":"Comerciantes protegen sus locales en Washington ante el temor de posibles enfrentamientos - Principios","robots":{"index":"index","follow":"follow","max-snippet":"max-snippet:-1","max-image-preview":"max-image-preview:large","max-video-preview":"max-video-preview:-1"},"canonical":"https:\/\/diarioprincipios.com\/index.php\/2020\/10\/31\/comerciantes-protegen-sus-locales-en-washington-ante-el-temor-de-posibles-enfrentamientos\/","og_locale":"es_ES","og_type":"article","og_title":"Comerciantes protegen sus locales en Washington ante el temor de posibles enfrentamientos - Principios","og_description":"A tres d\u00edas de las elecciones presidenciales en Estados Unidos, numerosos negocios del centro de Washington proteg\u00edan hoy sus vitrinas con tablones de madera ante el temor de los comerciantes a posibles desmanes durante y despu\u00e9s de la jornada electoral. En pr\u00e1cticamente cada esquina del centro de la capital, obreros colocaban planchas de madera para...","og_url":"https:\/\/diarioprincipios.com\/index.php\/2020\/10\/31\/comerciantes-protegen-sus-locales-en-washington-ante-el-temor-de-posibles-enfrentamientos\/","og_site_name":"Principios","article_published_time":"2020-11-01T02:33:59+00:00","article_modified_time":"2020-11-01T02:34:04+00:00","og_image":[{"width":1182,"height":665,"url":"https:\/\/diarioprincipios.com\/wp-content\/uploads\/2020\/10\/large_zWtHJizTmdzzbVhB.jpg","type":"image\/jpeg"}],"author":"Hern\u00e1n L\u00f3pez","twitter_card":"summary_large_image","twitter_misc":{"Escrito por":"Hern\u00e1n L\u00f3pez","Tiempo de lectura":"3 minutos"},"schema":{"@context":"https:\/\/schema.org","@graph":[{"@type":"Article","@id":"https:\/\/diarioprincipios.com\/index.php\/2020\/10\/31\/comerciantes-protegen-sus-locales-en-washington-ante-el-temor-de-posibles-enfrentamientos\/#article","isPartOf":{"@id":"https:\/\/diarioprincipios.com\/index.php\/2020\/10\/31\/comerciantes-protegen-sus-locales-en-washington-ante-el-temor-de-posibles-enfrentamientos\/"},"author":{"name":"Hern\u00e1n L\u00f3pez","@id":"https:\/\/diarioprincipios.com\/#\/schema\/person\/436d5a1fd41a5e250e23ff5a6a7cb080"},"headline":"Comerciantes protegen sus locales en Washington ante el temor de posibles enfrentamientos","datePublished":"2020-11-01T02:33:59+00:00","dateModified":"2020-11-01T02:34:04+00:00","mainEntityOfPage":{"@id":"https:\/\/diarioprincipios.com\/index.php\/2020\/10\/31\/comerciantes-protegen-sus-locales-en-washington-ante-el-temor-de-posibles-enfrentamientos\/"},"wordCount":562,"commentCount":0,"publisher":{"@id":"https:\/\/diarioprincipios.com\/#organization"},"image":{"@id":"https:\/\/diarioprincipios.com\/index.php\/2020\/10\/31\/comerciantes-protegen-sus-locales-en-washington-ante-el-temor-de-posibles-enfrentamientos\/#primaryimage"},"thumbnailUrl":"https:\/\/diarioprincipios.com\/wp-content\/uploads\/2020\/10\/large_zWtHJizTmdzzbVhB.jpg","articleSection":["Uncategorized"],"inLanguage":"es","potentialAction":[{"@type":"CommentAction","name":"Comment","target":["https:\/\/diarioprincipios.com\/index.php\/2020\/10\/31\/comerciantes-protegen-sus-locales-en-washington-ante-el-temor-de-posibles-enfrentamientos\/#respond"]}]},{"@type":"WebPage","@id":"https:\/\/diarioprincipios.com\/index.php\/2020\/10\/31\/comerciantes-protegen-sus-locales-en-washington-ante-el-temor-de-posibles-enfrentamientos\/","url":"https:\/\/diarioprincipios.com\/index.php\/2020\/10\/31\/comerciantes-protegen-sus-locales-en-washington-ante-el-temor-de-posibles-enfrentamientos\/","name":"Comerciantes protegen sus locales en Washington ante el temor de posibles enfrentamientos - Principios","isPartOf":{"@id":"https:\/\/diarioprincipios.com\/#website"},"primaryImageOfPage":{"@id":"https:\/\/diarioprincipios.com\/index.php\/2020\/10\/31\/comerciantes-protegen-sus-locales-en-washington-ante-el-temor-de-posibles-enfrentamientos\/#primaryimage"},"image":{"@id":"https:\/\/diarioprincipios.com\/index.php\/2020\/10\/31\/comerciantes-protegen-sus-locales-en-washington-ante-el-temor-de-posibles-enfrentamientos\/#primaryimage"},"thumbnailUrl":"https:\/\/diarioprincipios.com\/wp-content\/uploads\/2020\/10\/large_zWtHJizTmdzzbVhB.jpg","datePublished":"2020-11-01T02:33:59+00:00","dateModified":"2020-11-01T02:34:04+00:00","breadcrumb":{"@id":"https:\/\/diarioprincipios.com\/index.php\/2020\/10\/31\/comerciantes-protegen-sus-locales-en-washington-ante-el-temor-de-posibles-enfrentamientos\/#breadcrumb"},"inLanguage":"es","potentialAction":[{"@type":"ReadAction","target":["https:\/\/diarioprincipios.com\/index.php\/2020\/10\/31\/comerciantes-protegen-sus-locales-en-washington-ante-el-temor-de-posibles-enfrentamientos\/"]}]},{"@type":"ImageObject","inLanguage":"es","@id":"https:\/\/diarioprincipios.com\/index.php\/2020\/10\/31\/comerciantes-protegen-sus-locales-en-washington-ante-el-temor-de-posibles-enfrentamientos\/#primaryimage","url":"https:\/\/diarioprincipios.com\/wp-content\/uploads\/2020\/10\/large_zWtHJizTmdzzbVhB.jpg","contentUrl":"https:\/\/diarioprincipios.com\/wp-content\/uploads\/2020\/10\/large_zWtHJizTmdzzbVhB.jpg","width":1182,"height":665},{"@type":"BreadcrumbList","@id":"https:\/\/diarioprincipios.com\/index.php\/2020\/10\/31\/comerciantes-protegen-sus-locales-en-washington-ante-el-temor-de-posibles-enfrentamientos\/#breadcrumb","itemListElement":[{"@type":"ListItem","position":1,"name":"Portada","item":"https:\/\/diarioprincipios.com\/"},{"@type":"ListItem","position":2,"name":"Comerciantes protegen sus locales en Washington ante el temor de posibles enfrentamientos"}]},{"@type":"WebSite","@id":"https:\/\/diarioprincipios.com\/#website","url":"https:\/\/diarioprincipios.com\/","name":"Principios","description":"Principios Diario","publisher":{"@id":"https:\/\/diarioprincipios.com\/#organization"},"potentialAction":[{"@type":"SearchAction","target":{"@type":"EntryPoint","urlTemplate":"https:\/\/diarioprincipios.com\/?s={search_term_string}"},"query-input":{"@type":"PropertyValueSpecification","valueRequired":true,"valueName":"search_term_string"}}],"inLanguage":"es"},{"@type":"Organization","@id":"https:\/\/diarioprincipios.com\/#organization","name":"Principios","url":"https:\/\/diarioprincipios.com\/","logo":{"@type":"ImageObject","inLanguage":"es","@id":"https:\/\/diarioprincipios.com\/#\/schema\/logo\/image\/","url":"https:\/\/diarioprincipios.com\/wp-content\/uploads\/2024\/04\/cropped-www.diarioprincipios.com_-1.png","contentUrl":"https:\/\/diarioprincipios.com\/wp-content\/uploads\/2024\/04\/cropped-www.diarioprincipios.com_-1.png","width":5325,"height":1454,"caption":"Principios"},"image":{"@id":"https:\/\/diarioprincipios.com\/#\/schema\/logo\/image\/"}},{"@type":"Person","@id":"https:\/\/diarioprincipios.com\/#\/schema\/person\/436d5a1fd41a5e250e23ff5a6a7cb080","name":"Hern\u00e1n L\u00f3pez","image":{"@type":"ImageObject","inLanguage":"es","@id":"https:\/\/diarioprincipios.com\/wp-content\/litespeed\/avatar\/11ddfe5610ff3bd100522525b2571f48.jpg?ver=1777048341","url":"https:\/\/diarioprincipios.com\/wp-content\/litespeed\/avatar\/11ddfe5610ff3bd100522525b2571f48.jpg?ver=1777048341","contentUrl":"https:\/\/diarioprincipios.com\/wp-content\/litespeed\/avatar\/11ddfe5610ff3bd100522525b2571f48.jpg?ver=1777048341","caption":"Hern\u00e1n L\u00f3pez"},"url":"https:\/\/diarioprincipios.com\/index.php\/author\/hernan\/"}]}},"jetpack_featured_media_url":"https:\/\/diarioprincipios.com\/wp-content\/uploads\/2020\/10\/large_zWtHJizTmdzzbVhB.jpg","_links":{"self":[{"href":"https:\/\/diarioprincipios.com\/index.php\/wp-json\/wp\/v2\/posts\/6569","targetHints":{"allow":["GET"]}}],"collection":[{"href":"https:\/\/diarioprincipios.com\/index.php\/wp-json\/wp\/v2\/posts"}],"about":[{"href":"https:\/\/diarioprincipios.com\/index.php\/wp-json\/wp\/v2\/types\/post"}],"author":[{"embeddable":true,"href":"https:\/\/diarioprincipios.com\/index.php\/wp-json\/wp\/v2\/users\/2"}],"replies":[{"embeddable":true,"href":"https:\/\/diarioprincipios.com\/index.php\/wp-json\/wp\/v2\/comments?post=6569"}],"version-history":[{"count":1,"href":"https:\/\/diarioprincipios.com\/index.php\/wp-json\/wp\/v2\/posts\/6569\/revisions"}],"predecessor-version":[{"id":6571,"href":"https:\/\/diarioprincipios.com\/index.php\/wp-json\/wp\/v2\/posts\/6569\/revisions\/6571"}],"wp:featuredmedia":[{"embeddable":true,"href":"https:\/\/diarioprincipios.com\/index.php\/wp-json\/wp\/v2\/media\/6570"}],"wp:attachment":[{"href":"https:\/\/diarioprincipios.com\/index.php\/wp-json\/wp\/v2\/media?parent=6569"}],"wp:term":[{"taxonomy":"category","embeddable":true,"href":"https:\/\/diarioprincipios.com\/index.php\/wp-json\/wp\/v2\/categories?post=6569"},{"taxonomy":"post_tag","embeddable":true,"href":"https:\/\/diarioprincipios.com\/index.php\/wp-json\/wp\/v2\/tags?post=6569"}],"curies":[{"name":"wp","href":"https:\/\/api.w.org\/{rel}","templated":true}]}}