{"id":652,"date":"2020-04-10T00:13:12","date_gmt":"2020-04-10T00:13:12","guid":{"rendered":"http:\/\/diarioprincipios.com\/?p=652"},"modified":"2020-04-10T00:13:14","modified_gmt":"2020-04-10T00:13:14","slug":"el-pj-de-quilmes-repudio-brutal-accion-policial-contra-trabajadores","status":"publish","type":"post","link":"https:\/\/diarioprincipios.com\/index.php\/2020\/04\/10\/el-pj-de-quilmes-repudio-brutal-accion-policial-contra-trabajadores\/","title":{"rendered":"El PJ de Quilmes repudi\u00f3 \u00abbrutal acci\u00f3n policial contra trabajadores\u00bb"},"content":{"rendered":"\n<p>A trav\u00e9s de un comunicado que lleva la firma de su Consejo Directivo, el Partido Justicialista de Quilmes expres\u00f3 hoy que \u00abRepudiamos la acci\u00f3n policial del d\u00eda de hoy hacia los y las compa\u00f1eros y compa\u00f1eras trabajadores y trabajadoras del Frigor\u00edfico Penta SA, no se puede entender esta brutal agresi\u00f3n hacia quienes defienden sus puestos de trabajo, que dignifican y lleva a la mesa el pan de cada d\u00eda a sus familias, mas aun cuando viene desde un empresario inescrupuloso, que solo persigue su propio beneficio en desmedro de los derechos de los y las trabajadores y trabajadoras.As\u00ed mismo exigimos se investigue quien dio la orden de reprimir y se castigue con todo el peso de la ley a los responsables\u00bb.<\/p>\n","protected":false},"excerpt":{"rendered":"<p>A trav\u00e9s de un comunicado que lleva la firma de su Consejo Directivo, el Partido Justicialista de Quilmes expres\u00f3 hoy que \u00abRepudiamos la acci\u00f3n policial del d\u00eda de hoy hacia los y las compa\u00f1eros y compa\u00f1eras trabajadores y trabajadoras del Frigor\u00edfico Penta SA, no se puede entender esta brutal agresi\u00f3n hacia quienes defienden sus puestos&#8230;<\/p>\n","protected":false},"author":2,"featured_media":653,"comment_status":"open","ping_status":"open","sticky":false,"template":"","format":"standard","meta":{"footnotes":""},"categories":[4],"tags":[],"class_list":["post-652","post","type-post","status-publish","format-standard","has-post-thumbnail","hentry","category-quilmes"],"featured_image_src":"https:\/\/diarioprincipios.com\/wp-content\/uploads\/2020\/04\/IMG-20200409-WA0026.jpg","blog_images":{"medium":"https:\/\/diarioprincipios.com\/wp-content\/uploads\/2020\/04\/IMG-20200409-WA0026-211x300.jpg","large":"https:\/\/diarioprincipios.com\/wp-content\/uploads\/2020\/04\/IMG-20200409-WA0026.jpg"},"ams_acf":[],"yoast_head":"<!-- This site is optimized with the Yoast SEO plugin v27.3 - https:\/\/yoast.com\/product\/yoast-seo-wordpress\/ -->\n<title>El PJ de Quilmes repudi\u00f3 &quot;brutal acci\u00f3n policial contra trabajadores&quot; - Principios<\/title>\n<meta name=\"robots\" content=\"index, follow, max-snippet:-1, max-image-preview:large, max-video-preview:-1\" \/>\n<link rel=\"canonical\" href=\"https:\/\/diarioprincipios.com\/index.php\/2020\/04\/10\/el-pj-de-quilmes-repudio-brutal-accion-policial-contra-trabajadores\/\" \/>\n<meta property=\"og:locale\" content=\"es_ES\" \/>\n<meta property=\"og:type\" content=\"article\" \/>\n<meta property=\"og:title\" content=\"El PJ de Quilmes repudi\u00f3 &quot;brutal acci\u00f3n policial contra trabajadores&quot; - Principios\" \/>\n<meta property=\"og:description\" content=\"A trav\u00e9s de un comunicado que lleva la firma de su Consejo Directivo, el Partido Justicialista de Quilmes expres\u00f3 hoy que \u00abRepudiamos la acci\u00f3n policial del d\u00eda de hoy hacia los y las compa\u00f1eros y compa\u00f1eras trabajadores y trabajadoras del Frigor\u00edfico Penta SA, no se puede entender esta brutal agresi\u00f3n hacia quienes defienden sus puestos...\" \/>\n<meta property=\"og:url\" content=\"https:\/\/diarioprincipios.com\/index.php\/2020\/04\/10\/el-pj-de-quilmes-repudio-brutal-accion-policial-contra-trabajadores\/\" \/>\n<meta property=\"og:site_name\" content=\"Principios\" \/>\n<meta property=\"article:published_time\" content=\"2020-04-10T00:13:12+00:00\" \/>\n<meta property=\"article:modified_time\" content=\"2020-04-10T00:13:14+00:00\" \/>\n<meta property=\"og:image\" content=\"https:\/\/diarioprincipios.com\/wp-content\/uploads\/2020\/04\/IMG-20200409-WA0026.jpg\" \/>\n\t<meta property=\"og:image:width\" content=\"281\" \/>\n\t<meta property=\"og:image:height\" content=\"400\" \/>\n\t<meta property=\"og:image:type\" content=\"image\/jpeg\" \/>\n<meta name=\"author\" content=\"Hern\u00e1n L\u00f3pez\" \/>\n<meta name=\"twitter:card\" content=\"summary_large_image\" \/>\n<meta name=\"twitter:label1\" content=\"Escrito por\" \/>\n\t<meta name=\"twitter:data1\" content=\"Hern\u00e1n L\u00f3pez\" \/>\n\t<meta name=\"twitter:label2\" content=\"Tiempo de lectura\" \/>\n\t<meta name=\"twitter:data2\" content=\"1 minuto\" \/>\n<script type=\"application\/ld+json\" class=\"yoast-schema-graph\">{\"@context\":\"https:\\\/\\\/schema.org\",\"@graph\":[{\"@type\":\"Article\",\"@id\":\"https:\\\/\\\/diarioprincipios.com\\\/index.php\\\/2020\\\/04\\\/10\\\/el-pj-de-quilmes-repudio-brutal-accion-policial-contra-trabajadores\\\/#article\",\"isPartOf\":{\"@id\":\"https:\\\/\\\/diarioprincipios.com\\\/index.php\\\/2020\\\/04\\\/10\\\/el-pj-de-quilmes-repudio-brutal-accion-policial-contra-trabajadores\\\/\"},\"author\":{\"name\":\"Hern\u00e1n L\u00f3pez\",\"@id\":\"https:\\\/\\\/diarioprincipios.com\\\/#\\\/schema\\\/person\\\/436d5a1fd41a5e250e23ff5a6a7cb080\"},\"headline\":\"El PJ de Quilmes repudi\u00f3 \u00abbrutal acci\u00f3n policial contra trabajadores\u00bb\",\"datePublished\":\"2020-04-10T00:13:12+00:00\",\"dateModified\":\"2020-04-10T00:13:14+00:00\",\"mainEntityOfPage\":{\"@id\":\"https:\\\/\\\/diarioprincipios.com\\\/index.php\\\/2020\\\/04\\\/10\\\/el-pj-de-quilmes-repudio-brutal-accion-policial-contra-trabajadores\\\/\"},\"wordCount\":141,\"commentCount\":0,\"publisher\":{\"@id\":\"https:\\\/\\\/diarioprincipios.com\\\/#organization\"},\"image\":{\"@id\":\"https:\\\/\\\/diarioprincipios.com\\\/index.php\\\/2020\\\/04\\\/10\\\/el-pj-de-quilmes-repudio-brutal-accion-policial-contra-trabajadores\\\/#primaryimage\"},\"thumbnailUrl\":\"https:\\\/\\\/diarioprincipios.com\\\/wp-content\\\/uploads\\\/2020\\\/04\\\/IMG-20200409-WA0026.jpg\",\"articleSection\":[\"Quilmes\"],\"inLanguage\":\"es\",\"potentialAction\":[{\"@type\":\"CommentAction\",\"name\":\"Comment\",\"target\":[\"https:\\\/\\\/diarioprincipios.com\\\/index.php\\\/2020\\\/04\\\/10\\\/el-pj-de-quilmes-repudio-brutal-accion-policial-contra-trabajadores\\\/#respond\"]}]},{\"@type\":\"WebPage\",\"@id\":\"https:\\\/\\\/diarioprincipios.com\\\/index.php\\\/2020\\\/04\\\/10\\\/el-pj-de-quilmes-repudio-brutal-accion-policial-contra-trabajadores\\\/\",\"url\":\"https:\\\/\\\/diarioprincipios.com\\\/index.php\\\/2020\\\/04\\\/10\\\/el-pj-de-quilmes-repudio-brutal-accion-policial-contra-trabajadores\\\/\",\"name\":\"El PJ de Quilmes repudi\u00f3 \\\"brutal acci\u00f3n policial contra trabajadores\\\" - Principios\",\"isPartOf\":{\"@id\":\"https:\\\/\\\/diarioprincipios.com\\\/#website\"},\"primaryImageOfPage\":{\"@id\":\"https:\\\/\\\/diarioprincipios.com\\\/index.php\\\/2020\\\/04\\\/10\\\/el-pj-de-quilmes-repudio-brutal-accion-policial-contra-trabajadores\\\/#primaryimage\"},\"image\":{\"@id\":\"https:\\\/\\\/diarioprincipios.com\\\/index.php\\\/2020\\\/04\\\/10\\\/el-pj-de-quilmes-repudio-brutal-accion-policial-contra-trabajadores\\\/#primaryimage\"},\"thumbnailUrl\":\"https:\\\/\\\/diarioprincipios.com\\\/wp-content\\\/uploads\\\/2020\\\/04\\\/IMG-20200409-WA0026.jpg\",\"datePublished\":\"2020-04-10T00:13:12+00:00\",\"dateModified\":\"2020-04-10T00:13:14+00:00\",\"breadcrumb\":{\"@id\":\"https:\\\/\\\/diarioprincipios.com\\\/index.php\\\/2020\\\/04\\\/10\\\/el-pj-de-quilmes-repudio-brutal-accion-policial-contra-trabajadores\\\/#breadcrumb\"},\"inLanguage\":\"es\",\"potentialAction\":[{\"@type\":\"ReadAction\",\"target\":[\"https:\\\/\\\/diarioprincipios.com\\\/index.php\\\/2020\\\/04\\\/10\\\/el-pj-de-quilmes-repudio-brutal-accion-policial-contra-trabajadores\\\/\"]}]},{\"@type\":\"ImageObject\",\"inLanguage\":\"es\",\"@id\":\"https:\\\/\\\/diarioprincipios.com\\\/index.php\\\/2020\\\/04\\\/10\\\/el-pj-de-quilmes-repudio-brutal-accion-policial-contra-trabajadores\\\/#primaryimage\",\"url\":\"https:\\\/\\\/diarioprincipios.com\\\/wp-content\\\/uploads\\\/2020\\\/04\\\/IMG-20200409-WA0026.jpg\",\"contentUrl\":\"https:\\\/\\\/diarioprincipios.com\\\/wp-content\\\/uploads\\\/2020\\\/04\\\/IMG-20200409-WA0026.jpg\",\"width\":281,\"height\":400},{\"@type\":\"BreadcrumbList\",\"@id\":\"https:\\\/\\\/diarioprincipios.com\\\/index.php\\\/2020\\\/04\\\/10\\\/el-pj-de-quilmes-repudio-brutal-accion-policial-contra-trabajadores\\\/#breadcrumb\",\"itemListElement\":[{\"@type\":\"ListItem\",\"position\":1,\"name\":\"Portada\",\"item\":\"https:\\\/\\\/diarioprincipios.com\\\/\"},{\"@type\":\"ListItem\",\"position\":2,\"name\":\"El PJ de Quilmes repudi\u00f3 \u00abbrutal acci\u00f3n policial contra trabajadores\u00bb\"}]},{\"@type\":\"WebSite\",\"@id\":\"https:\\\/\\\/diarioprincipios.com\\\/#website\",\"url\":\"https:\\\/\\\/diarioprincipios.com\\\/\",\"name\":\"Principios\",\"description\":\"Principios Diario\",\"publisher\":{\"@id\":\"https:\\\/\\\/diarioprincipios.com\\\/#organization\"},\"potentialAction\":[{\"@type\":\"SearchAction\",\"target\":{\"@type\":\"EntryPoint\",\"urlTemplate\":\"https:\\\/\\\/diarioprincipios.com\\\/?s={search_term_string}\"},\"query-input\":{\"@type\":\"PropertyValueSpecification\",\"valueRequired\":true,\"valueName\":\"search_term_string\"}}],\"inLanguage\":\"es\"},{\"@type\":\"Organization\",\"@id\":\"https:\\\/\\\/diarioprincipios.com\\\/#organization\",\"name\":\"Principios\",\"url\":\"https:\\\/\\\/diarioprincipios.com\\\/\",\"logo\":{\"@type\":\"ImageObject\",\"inLanguage\":\"es\",\"@id\":\"https:\\\/\\\/diarioprincipios.com\\\/#\\\/schema\\\/logo\\\/image\\\/\",\"url\":\"https:\\\/\\\/diarioprincipios.com\\\/wp-content\\\/uploads\\\/2024\\\/04\\\/cropped-www.diarioprincipios.com_-1.png\",\"contentUrl\":\"https:\\\/\\\/diarioprincipios.com\\\/wp-content\\\/uploads\\\/2024\\\/04\\\/cropped-www.diarioprincipios.com_-1.png\",\"width\":5325,\"height\":1454,\"caption\":\"Principios\"},\"image\":{\"@id\":\"https:\\\/\\\/diarioprincipios.com\\\/#\\\/schema\\\/logo\\\/image\\\/\"}},{\"@type\":\"Person\",\"@id\":\"https:\\\/\\\/diarioprincipios.com\\\/#\\\/schema\\\/person\\\/436d5a1fd41a5e250e23ff5a6a7cb080\",\"name\":\"Hern\u00e1n L\u00f3pez\",\"image\":{\"@type\":\"ImageObject\",\"inLanguage\":\"es\",\"@id\":\"https:\\\/\\\/diarioprincipios.com\\\/wp-content\\\/litespeed\\\/avatar\\\/11ddfe5610ff3bd100522525b2571f48.jpg?ver=1777048341\",\"url\":\"https:\\\/\\\/diarioprincipios.com\\\/wp-content\\\/litespeed\\\/avatar\\\/11ddfe5610ff3bd100522525b2571f48.jpg?ver=1777048341\",\"contentUrl\":\"https:\\\/\\\/diarioprincipios.com\\\/wp-content\\\/litespeed\\\/avatar\\\/11ddfe5610ff3bd100522525b2571f48.jpg?ver=1777048341\",\"caption\":\"Hern\u00e1n L\u00f3pez\"},\"url\":\"https:\\\/\\\/diarioprincipios.com\\\/index.php\\\/author\\\/hernan\\\/\"}]}<\/script>\n<!-- \/ Yoast SEO plugin. -->","yoast_head_json":{"title":"El PJ de Quilmes repudi\u00f3 \"brutal acci\u00f3n policial contra trabajadores\" - Principios","robots":{"index":"index","follow":"follow","max-snippet":"max-snippet:-1","max-image-preview":"max-image-preview:large","max-video-preview":"max-video-preview:-1"},"canonical":"https:\/\/diarioprincipios.com\/index.php\/2020\/04\/10\/el-pj-de-quilmes-repudio-brutal-accion-policial-contra-trabajadores\/","og_locale":"es_ES","og_type":"article","og_title":"El PJ de Quilmes repudi\u00f3 \"brutal acci\u00f3n policial contra trabajadores\" - Principios","og_description":"A trav\u00e9s de un comunicado que lleva la firma de su Consejo Directivo, el Partido Justicialista de Quilmes expres\u00f3 hoy que \u00abRepudiamos la acci\u00f3n policial del d\u00eda de hoy hacia los y las compa\u00f1eros y compa\u00f1eras trabajadores y trabajadoras del Frigor\u00edfico Penta SA, no se puede entender esta brutal agresi\u00f3n hacia quienes defienden sus puestos...","og_url":"https:\/\/diarioprincipios.com\/index.php\/2020\/04\/10\/el-pj-de-quilmes-repudio-brutal-accion-policial-contra-trabajadores\/","og_site_name":"Principios","article_published_time":"2020-04-10T00:13:12+00:00","article_modified_time":"2020-04-10T00:13:14+00:00","og_image":[{"width":281,"height":400,"url":"https:\/\/diarioprincipios.com\/wp-content\/uploads\/2020\/04\/IMG-20200409-WA0026.jpg","type":"image\/jpeg"}],"author":"Hern\u00e1n L\u00f3pez","twitter_card":"summary_large_image","twitter_misc":{"Escrito por":"Hern\u00e1n L\u00f3pez","Tiempo de lectura":"1 minuto"},"schema":{"@context":"https:\/\/schema.org","@graph":[{"@type":"Article","@id":"https:\/\/diarioprincipios.com\/index.php\/2020\/04\/10\/el-pj-de-quilmes-repudio-brutal-accion-policial-contra-trabajadores\/#article","isPartOf":{"@id":"https:\/\/diarioprincipios.com\/index.php\/2020\/04\/10\/el-pj-de-quilmes-repudio-brutal-accion-policial-contra-trabajadores\/"},"author":{"name":"Hern\u00e1n L\u00f3pez","@id":"https:\/\/diarioprincipios.com\/#\/schema\/person\/436d5a1fd41a5e250e23ff5a6a7cb080"},"headline":"El PJ de Quilmes repudi\u00f3 \u00abbrutal acci\u00f3n policial contra trabajadores\u00bb","datePublished":"2020-04-10T00:13:12+00:00","dateModified":"2020-04-10T00:13:14+00:00","mainEntityOfPage":{"@id":"https:\/\/diarioprincipios.com\/index.php\/2020\/04\/10\/el-pj-de-quilmes-repudio-brutal-accion-policial-contra-trabajadores\/"},"wordCount":141,"commentCount":0,"publisher":{"@id":"https:\/\/diarioprincipios.com\/#organization"},"image":{"@id":"https:\/\/diarioprincipios.com\/index.php\/2020\/04\/10\/el-pj-de-quilmes-repudio-brutal-accion-policial-contra-trabajadores\/#primaryimage"},"thumbnailUrl":"https:\/\/diarioprincipios.com\/wp-content\/uploads\/2020\/04\/IMG-20200409-WA0026.jpg","articleSection":["Quilmes"],"inLanguage":"es","potentialAction":[{"@type":"CommentAction","name":"Comment","target":["https:\/\/diarioprincipios.com\/index.php\/2020\/04\/10\/el-pj-de-quilmes-repudio-brutal-accion-policial-contra-trabajadores\/#respond"]}]},{"@type":"WebPage","@id":"https:\/\/diarioprincipios.com\/index.php\/2020\/04\/10\/el-pj-de-quilmes-repudio-brutal-accion-policial-contra-trabajadores\/","url":"https:\/\/diarioprincipios.com\/index.php\/2020\/04\/10\/el-pj-de-quilmes-repudio-brutal-accion-policial-contra-trabajadores\/","name":"El PJ de Quilmes repudi\u00f3 \"brutal acci\u00f3n policial contra trabajadores\" - Principios","isPartOf":{"@id":"https:\/\/diarioprincipios.com\/#website"},"primaryImageOfPage":{"@id":"https:\/\/diarioprincipios.com\/index.php\/2020\/04\/10\/el-pj-de-quilmes-repudio-brutal-accion-policial-contra-trabajadores\/#primaryimage"},"image":{"@id":"https:\/\/diarioprincipios.com\/index.php\/2020\/04\/10\/el-pj-de-quilmes-repudio-brutal-accion-policial-contra-trabajadores\/#primaryimage"},"thumbnailUrl":"https:\/\/diarioprincipios.com\/wp-content\/uploads\/2020\/04\/IMG-20200409-WA0026.jpg","datePublished":"2020-04-10T00:13:12+00:00","dateModified":"2020-04-10T00:13:14+00:00","breadcrumb":{"@id":"https:\/\/diarioprincipios.com\/index.php\/2020\/04\/10\/el-pj-de-quilmes-repudio-brutal-accion-policial-contra-trabajadores\/#breadcrumb"},"inLanguage":"es","potentialAction":[{"@type":"ReadAction","target":["https:\/\/diarioprincipios.com\/index.php\/2020\/04\/10\/el-pj-de-quilmes-repudio-brutal-accion-policial-contra-trabajadores\/"]}]},{"@type":"ImageObject","inLanguage":"es","@id":"https:\/\/diarioprincipios.com\/index.php\/2020\/04\/10\/el-pj-de-quilmes-repudio-brutal-accion-policial-contra-trabajadores\/#primaryimage","url":"https:\/\/diarioprincipios.com\/wp-content\/uploads\/2020\/04\/IMG-20200409-WA0026.jpg","contentUrl":"https:\/\/diarioprincipios.com\/wp-content\/uploads\/2020\/04\/IMG-20200409-WA0026.jpg","width":281,"height":400},{"@type":"BreadcrumbList","@id":"https:\/\/diarioprincipios.com\/index.php\/2020\/04\/10\/el-pj-de-quilmes-repudio-brutal-accion-policial-contra-trabajadores\/#breadcrumb","itemListElement":[{"@type":"ListItem","position":1,"name":"Portada","item":"https:\/\/diarioprincipios.com\/"},{"@type":"ListItem","position":2,"name":"El PJ de Quilmes repudi\u00f3 \u00abbrutal acci\u00f3n policial contra trabajadores\u00bb"}]},{"@type":"WebSite","@id":"https:\/\/diarioprincipios.com\/#website","url":"https:\/\/diarioprincipios.com\/","name":"Principios","description":"Principios Diario","publisher":{"@id":"https:\/\/diarioprincipios.com\/#organization"},"potentialAction":[{"@type":"SearchAction","target":{"@type":"EntryPoint","urlTemplate":"https:\/\/diarioprincipios.com\/?s={search_term_string}"},"query-input":{"@type":"PropertyValueSpecification","valueRequired":true,"valueName":"search_term_string"}}],"inLanguage":"es"},{"@type":"Organization","@id":"https:\/\/diarioprincipios.com\/#organization","name":"Principios","url":"https:\/\/diarioprincipios.com\/","logo":{"@type":"ImageObject","inLanguage":"es","@id":"https:\/\/diarioprincipios.com\/#\/schema\/logo\/image\/","url":"https:\/\/diarioprincipios.com\/wp-content\/uploads\/2024\/04\/cropped-www.diarioprincipios.com_-1.png","contentUrl":"https:\/\/diarioprincipios.com\/wp-content\/uploads\/2024\/04\/cropped-www.diarioprincipios.com_-1.png","width":5325,"height":1454,"caption":"Principios"},"image":{"@id":"https:\/\/diarioprincipios.com\/#\/schema\/logo\/image\/"}},{"@type":"Person","@id":"https:\/\/diarioprincipios.com\/#\/schema\/person\/436d5a1fd41a5e250e23ff5a6a7cb080","name":"Hern\u00e1n L\u00f3pez","image":{"@type":"ImageObject","inLanguage":"es","@id":"https:\/\/diarioprincipios.com\/wp-content\/litespeed\/avatar\/11ddfe5610ff3bd100522525b2571f48.jpg?ver=1777048341","url":"https:\/\/diarioprincipios.com\/wp-content\/litespeed\/avatar\/11ddfe5610ff3bd100522525b2571f48.jpg?ver=1777048341","contentUrl":"https:\/\/diarioprincipios.com\/wp-content\/litespeed\/avatar\/11ddfe5610ff3bd100522525b2571f48.jpg?ver=1777048341","caption":"Hern\u00e1n L\u00f3pez"},"url":"https:\/\/diarioprincipios.com\/index.php\/author\/hernan\/"}]}},"jetpack_featured_media_url":"https:\/\/diarioprincipios.com\/wp-content\/uploads\/2020\/04\/IMG-20200409-WA0026.jpg","_links":{"self":[{"href":"https:\/\/diarioprincipios.com\/index.php\/wp-json\/wp\/v2\/posts\/652","targetHints":{"allow":["GET"]}}],"collection":[{"href":"https:\/\/diarioprincipios.com\/index.php\/wp-json\/wp\/v2\/posts"}],"about":[{"href":"https:\/\/diarioprincipios.com\/index.php\/wp-json\/wp\/v2\/types\/post"}],"author":[{"embeddable":true,"href":"https:\/\/diarioprincipios.com\/index.php\/wp-json\/wp\/v2\/users\/2"}],"replies":[{"embeddable":true,"href":"https:\/\/diarioprincipios.com\/index.php\/wp-json\/wp\/v2\/comments?post=652"}],"version-history":[{"count":1,"href":"https:\/\/diarioprincipios.com\/index.php\/wp-json\/wp\/v2\/posts\/652\/revisions"}],"predecessor-version":[{"id":654,"href":"https:\/\/diarioprincipios.com\/index.php\/wp-json\/wp\/v2\/posts\/652\/revisions\/654"}],"wp:featuredmedia":[{"embeddable":true,"href":"https:\/\/diarioprincipios.com\/index.php\/wp-json\/wp\/v2\/media\/653"}],"wp:attachment":[{"href":"https:\/\/diarioprincipios.com\/index.php\/wp-json\/wp\/v2\/media?parent=652"}],"wp:term":[{"taxonomy":"category","embeddable":true,"href":"https:\/\/diarioprincipios.com\/index.php\/wp-json\/wp\/v2\/categories?post=652"},{"taxonomy":"post_tag","embeddable":true,"href":"https:\/\/diarioprincipios.com\/index.php\/wp-json\/wp\/v2\/tags?post=652"}],"curies":[{"name":"wp","href":"https:\/\/api.w.org\/{rel}","templated":true}]}}