{"id":6393,"date":"2020-10-23T08:59:07","date_gmt":"2020-10-23T11:59:07","guid":{"rendered":"http:\/\/diarioprincipios.com\/?p=6393"},"modified":"2020-10-23T08:59:11","modified_gmt":"2020-10-23T11:59:11","slug":"declaran-a-noviembre-2020-como-mes-del-bicentenario-de-la-toma-de-posesion-argentina-de-las-malvinas","status":"publish","type":"post","link":"https:\/\/diarioprincipios.com\/index.php\/2020\/10\/23\/declaran-a-noviembre-2020-como-mes-del-bicentenario-de-la-toma-de-posesion-argentina-de-las-malvinas\/","title":{"rendered":"Declaran a Noviembre 2020 como Mes del Bicentenario de la toma de posesi\u00f3n argentina de las Malvinas"},"content":{"rendered":"\n<p>El Gobierno Bonaerense promulg\u00f3 hoy una ley que declara a noviembre del a\u00f1o 2020 como \u00abMes del Bicentenario de la toma de posesi\u00f3n argentina de las Islas Malvinas\u201d, en conmemoraci\u00f3n a los 200 a\u00f1os de la posesi\u00f3n efectiva y el izamiento de la bandera en nombre de las Provincias Unidas del R\u00edo de La Plata.<\/p>\n\n\n\n<p>La norma, publicada hoy en el Bolet\u00edn Oficial del distrito, fue sancionada el 1\u00b0 de octubre por la Legislatura bonaerense.<\/p>\n\n\n\n<p>Seg\u00fan determina el texto, el Poder Ejecutivo realizar\u00e1 acciones \u00abtendientes a rememorar, destacar y reflexionar junto a la comunidad acad\u00e9mica y estudiantil de las instituciones educativas provinciales, respecto de la importancia de defender los derechos soberanos sobre todo el territorio nacional\u00bb.<\/p>\n\n\n\n<p>Asimismo detalla que se deber\u00e1 hacer \u00abespecial \u00e9nfasis en la historia de las Islas Malvinas, su importancia geopol\u00edtica y los conflictos diplom\u00e1ticos que represent\u00f3 su territorio; con el objeto de fortalecer la memoria social y colectiva sobre la cuesti\u00f3n Malvinas\u00bb.<\/p>\n","protected":false},"excerpt":{"rendered":"<p>El Gobierno Bonaerense promulg\u00f3 hoy una ley que declara a noviembre del a\u00f1o 2020 como \u00abMes del Bicentenario de la toma de posesi\u00f3n argentina de las Islas Malvinas\u201d, en conmemoraci\u00f3n a los 200 a\u00f1os de la posesi\u00f3n efectiva y el izamiento de la bandera en nombre de las Provincias Unidas del R\u00edo de La Plata&#8230;.<\/p>\n","protected":false},"author":2,"featured_media":6394,"comment_status":"open","ping_status":"open","sticky":false,"template":"","format":"standard","meta":{"footnotes":""},"categories":[1],"tags":[],"class_list":["post-6393","post","type-post","status-publish","format-standard","has-post-thumbnail","hentry","category-uncategorized"],"featured_image_src":"https:\/\/diarioprincipios.com\/wp-content\/uploads\/2020\/10\/515.jpg","blog_images":{"medium":"https:\/\/diarioprincipios.com\/wp-content\/uploads\/2020\/10\/515-300x170.jpg","large":"https:\/\/diarioprincipios.com\/wp-content\/uploads\/2020\/10\/515.jpg"},"ams_acf":[],"yoast_head":"<!-- This site is optimized with the Yoast SEO plugin v27.3 - https:\/\/yoast.com\/product\/yoast-seo-wordpress\/ -->\n<title>Declaran a Noviembre 2020 como Mes del Bicentenario de la toma de posesi\u00f3n argentina de las Malvinas - Principios<\/title>\n<meta name=\"robots\" content=\"index, follow, max-snippet:-1, max-image-preview:large, max-video-preview:-1\" \/>\n<link rel=\"canonical\" href=\"https:\/\/diarioprincipios.com\/index.php\/2020\/10\/23\/declaran-a-noviembre-2020-como-mes-del-bicentenario-de-la-toma-de-posesion-argentina-de-las-malvinas\/\" \/>\n<meta property=\"og:locale\" content=\"es_ES\" \/>\n<meta property=\"og:type\" content=\"article\" \/>\n<meta property=\"og:title\" content=\"Declaran a Noviembre 2020 como Mes del Bicentenario de la toma de posesi\u00f3n argentina de las Malvinas - Principios\" \/>\n<meta property=\"og:description\" content=\"El Gobierno Bonaerense promulg\u00f3 hoy una ley que declara a noviembre del a\u00f1o 2020 como \u00abMes del Bicentenario de la toma de posesi\u00f3n argentina de las Islas Malvinas\u201d, en conmemoraci\u00f3n a los 200 a\u00f1os de la posesi\u00f3n efectiva y el izamiento de la bandera en nombre de las Provincias Unidas del R\u00edo de La Plata....\" \/>\n<meta property=\"og:url\" content=\"https:\/\/diarioprincipios.com\/index.php\/2020\/10\/23\/declaran-a-noviembre-2020-como-mes-del-bicentenario-de-la-toma-de-posesion-argentina-de-las-malvinas\/\" \/>\n<meta property=\"og:site_name\" content=\"Principios\" \/>\n<meta property=\"article:published_time\" content=\"2020-10-23T11:59:07+00:00\" \/>\n<meta property=\"article:modified_time\" content=\"2020-10-23T11:59:11+00:00\" \/>\n<meta property=\"og:image\" content=\"https:\/\/diarioprincipios.com\/wp-content\/uploads\/2020\/10\/515.jpg\" \/>\n\t<meta property=\"og:image:width\" content=\"640\" \/>\n\t<meta property=\"og:image:height\" content=\"363\" \/>\n\t<meta property=\"og:image:type\" content=\"image\/jpeg\" \/>\n<meta name=\"author\" content=\"Hern\u00e1n L\u00f3pez\" \/>\n<meta name=\"twitter:card\" content=\"summary_large_image\" \/>\n<meta name=\"twitter:label1\" content=\"Escrito por\" \/>\n\t<meta name=\"twitter:data1\" content=\"Hern\u00e1n L\u00f3pez\" \/>\n\t<meta name=\"twitter:label2\" content=\"Tiempo de lectura\" \/>\n\t<meta name=\"twitter:data2\" content=\"1 minuto\" \/>\n<script type=\"application\/ld+json\" class=\"yoast-schema-graph\">{\"@context\":\"https:\\\/\\\/schema.org\",\"@graph\":[{\"@type\":\"Article\",\"@id\":\"https:\\\/\\\/diarioprincipios.com\\\/index.php\\\/2020\\\/10\\\/23\\\/declaran-a-noviembre-2020-como-mes-del-bicentenario-de-la-toma-de-posesion-argentina-de-las-malvinas\\\/#article\",\"isPartOf\":{\"@id\":\"https:\\\/\\\/diarioprincipios.com\\\/index.php\\\/2020\\\/10\\\/23\\\/declaran-a-noviembre-2020-como-mes-del-bicentenario-de-la-toma-de-posesion-argentina-de-las-malvinas\\\/\"},\"author\":{\"name\":\"Hern\u00e1n L\u00f3pez\",\"@id\":\"https:\\\/\\\/diarioprincipios.com\\\/#\\\/schema\\\/person\\\/436d5a1fd41a5e250e23ff5a6a7cb080\"},\"headline\":\"Declaran a Noviembre 2020 como Mes del Bicentenario de la toma de posesi\u00f3n argentina de las Malvinas\",\"datePublished\":\"2020-10-23T11:59:07+00:00\",\"dateModified\":\"2020-10-23T11:59:11+00:00\",\"mainEntityOfPage\":{\"@id\":\"https:\\\/\\\/diarioprincipios.com\\\/index.php\\\/2020\\\/10\\\/23\\\/declaran-a-noviembre-2020-como-mes-del-bicentenario-de-la-toma-de-posesion-argentina-de-las-malvinas\\\/\"},\"wordCount\":182,\"commentCount\":0,\"publisher\":{\"@id\":\"https:\\\/\\\/diarioprincipios.com\\\/#organization\"},\"image\":{\"@id\":\"https:\\\/\\\/diarioprincipios.com\\\/index.php\\\/2020\\\/10\\\/23\\\/declaran-a-noviembre-2020-como-mes-del-bicentenario-de-la-toma-de-posesion-argentina-de-las-malvinas\\\/#primaryimage\"},\"thumbnailUrl\":\"https:\\\/\\\/diarioprincipios.com\\\/wp-content\\\/uploads\\\/2020\\\/10\\\/515.jpg\",\"articleSection\":[\"Uncategorized\"],\"inLanguage\":\"es\",\"potentialAction\":[{\"@type\":\"CommentAction\",\"name\":\"Comment\",\"target\":[\"https:\\\/\\\/diarioprincipios.com\\\/index.php\\\/2020\\\/10\\\/23\\\/declaran-a-noviembre-2020-como-mes-del-bicentenario-de-la-toma-de-posesion-argentina-de-las-malvinas\\\/#respond\"]}]},{\"@type\":\"WebPage\",\"@id\":\"https:\\\/\\\/diarioprincipios.com\\\/index.php\\\/2020\\\/10\\\/23\\\/declaran-a-noviembre-2020-como-mes-del-bicentenario-de-la-toma-de-posesion-argentina-de-las-malvinas\\\/\",\"url\":\"https:\\\/\\\/diarioprincipios.com\\\/index.php\\\/2020\\\/10\\\/23\\\/declaran-a-noviembre-2020-como-mes-del-bicentenario-de-la-toma-de-posesion-argentina-de-las-malvinas\\\/\",\"name\":\"Declaran a Noviembre 2020 como Mes del Bicentenario de la toma de posesi\u00f3n argentina de las Malvinas - Principios\",\"isPartOf\":{\"@id\":\"https:\\\/\\\/diarioprincipios.com\\\/#website\"},\"primaryImageOfPage\":{\"@id\":\"https:\\\/\\\/diarioprincipios.com\\\/index.php\\\/2020\\\/10\\\/23\\\/declaran-a-noviembre-2020-como-mes-del-bicentenario-de-la-toma-de-posesion-argentina-de-las-malvinas\\\/#primaryimage\"},\"image\":{\"@id\":\"https:\\\/\\\/diarioprincipios.com\\\/index.php\\\/2020\\\/10\\\/23\\\/declaran-a-noviembre-2020-como-mes-del-bicentenario-de-la-toma-de-posesion-argentina-de-las-malvinas\\\/#primaryimage\"},\"thumbnailUrl\":\"https:\\\/\\\/diarioprincipios.com\\\/wp-content\\\/uploads\\\/2020\\\/10\\\/515.jpg\",\"datePublished\":\"2020-10-23T11:59:07+00:00\",\"dateModified\":\"2020-10-23T11:59:11+00:00\",\"breadcrumb\":{\"@id\":\"https:\\\/\\\/diarioprincipios.com\\\/index.php\\\/2020\\\/10\\\/23\\\/declaran-a-noviembre-2020-como-mes-del-bicentenario-de-la-toma-de-posesion-argentina-de-las-malvinas\\\/#breadcrumb\"},\"inLanguage\":\"es\",\"potentialAction\":[{\"@type\":\"ReadAction\",\"target\":[\"https:\\\/\\\/diarioprincipios.com\\\/index.php\\\/2020\\\/10\\\/23\\\/declaran-a-noviembre-2020-como-mes-del-bicentenario-de-la-toma-de-posesion-argentina-de-las-malvinas\\\/\"]}]},{\"@type\":\"ImageObject\",\"inLanguage\":\"es\",\"@id\":\"https:\\\/\\\/diarioprincipios.com\\\/index.php\\\/2020\\\/10\\\/23\\\/declaran-a-noviembre-2020-como-mes-del-bicentenario-de-la-toma-de-posesion-argentina-de-las-malvinas\\\/#primaryimage\",\"url\":\"https:\\\/\\\/diarioprincipios.com\\\/wp-content\\\/uploads\\\/2020\\\/10\\\/515.jpg\",\"contentUrl\":\"https:\\\/\\\/diarioprincipios.com\\\/wp-content\\\/uploads\\\/2020\\\/10\\\/515.jpg\",\"width\":640,\"height\":363},{\"@type\":\"BreadcrumbList\",\"@id\":\"https:\\\/\\\/diarioprincipios.com\\\/index.php\\\/2020\\\/10\\\/23\\\/declaran-a-noviembre-2020-como-mes-del-bicentenario-de-la-toma-de-posesion-argentina-de-las-malvinas\\\/#breadcrumb\",\"itemListElement\":[{\"@type\":\"ListItem\",\"position\":1,\"name\":\"Portada\",\"item\":\"https:\\\/\\\/diarioprincipios.com\\\/\"},{\"@type\":\"ListItem\",\"position\":2,\"name\":\"Declaran a Noviembre 2020 como Mes del Bicentenario de la toma de posesi\u00f3n argentina de las Malvinas\"}]},{\"@type\":\"WebSite\",\"@id\":\"https:\\\/\\\/diarioprincipios.com\\\/#website\",\"url\":\"https:\\\/\\\/diarioprincipios.com\\\/\",\"name\":\"Principios\",\"description\":\"Principios Diario\",\"publisher\":{\"@id\":\"https:\\\/\\\/diarioprincipios.com\\\/#organization\"},\"potentialAction\":[{\"@type\":\"SearchAction\",\"target\":{\"@type\":\"EntryPoint\",\"urlTemplate\":\"https:\\\/\\\/diarioprincipios.com\\\/?s={search_term_string}\"},\"query-input\":{\"@type\":\"PropertyValueSpecification\",\"valueRequired\":true,\"valueName\":\"search_term_string\"}}],\"inLanguage\":\"es\"},{\"@type\":\"Organization\",\"@id\":\"https:\\\/\\\/diarioprincipios.com\\\/#organization\",\"name\":\"Principios\",\"url\":\"https:\\\/\\\/diarioprincipios.com\\\/\",\"logo\":{\"@type\":\"ImageObject\",\"inLanguage\":\"es\",\"@id\":\"https:\\\/\\\/diarioprincipios.com\\\/#\\\/schema\\\/logo\\\/image\\\/\",\"url\":\"https:\\\/\\\/diarioprincipios.com\\\/wp-content\\\/uploads\\\/2024\\\/04\\\/cropped-www.diarioprincipios.com_-1.png\",\"contentUrl\":\"https:\\\/\\\/diarioprincipios.com\\\/wp-content\\\/uploads\\\/2024\\\/04\\\/cropped-www.diarioprincipios.com_-1.png\",\"width\":5325,\"height\":1454,\"caption\":\"Principios\"},\"image\":{\"@id\":\"https:\\\/\\\/diarioprincipios.com\\\/#\\\/schema\\\/logo\\\/image\\\/\"}},{\"@type\":\"Person\",\"@id\":\"https:\\\/\\\/diarioprincipios.com\\\/#\\\/schema\\\/person\\\/436d5a1fd41a5e250e23ff5a6a7cb080\",\"name\":\"Hern\u00e1n L\u00f3pez\",\"image\":{\"@type\":\"ImageObject\",\"inLanguage\":\"es\",\"@id\":\"https:\\\/\\\/diarioprincipios.com\\\/wp-content\\\/litespeed\\\/avatar\\\/11ddfe5610ff3bd100522525b2571f48.jpg?ver=1777048341\",\"url\":\"https:\\\/\\\/diarioprincipios.com\\\/wp-content\\\/litespeed\\\/avatar\\\/11ddfe5610ff3bd100522525b2571f48.jpg?ver=1777048341\",\"contentUrl\":\"https:\\\/\\\/diarioprincipios.com\\\/wp-content\\\/litespeed\\\/avatar\\\/11ddfe5610ff3bd100522525b2571f48.jpg?ver=1777048341\",\"caption\":\"Hern\u00e1n L\u00f3pez\"},\"url\":\"https:\\\/\\\/diarioprincipios.com\\\/index.php\\\/author\\\/hernan\\\/\"}]}<\/script>\n<!-- \/ Yoast SEO plugin. -->","yoast_head_json":{"title":"Declaran a Noviembre 2020 como Mes del Bicentenario de la toma de posesi\u00f3n argentina de las Malvinas - Principios","robots":{"index":"index","follow":"follow","max-snippet":"max-snippet:-1","max-image-preview":"max-image-preview:large","max-video-preview":"max-video-preview:-1"},"canonical":"https:\/\/diarioprincipios.com\/index.php\/2020\/10\/23\/declaran-a-noviembre-2020-como-mes-del-bicentenario-de-la-toma-de-posesion-argentina-de-las-malvinas\/","og_locale":"es_ES","og_type":"article","og_title":"Declaran a Noviembre 2020 como Mes del Bicentenario de la toma de posesi\u00f3n argentina de las Malvinas - Principios","og_description":"El Gobierno Bonaerense promulg\u00f3 hoy una ley que declara a noviembre del a\u00f1o 2020 como \u00abMes del Bicentenario de la toma de posesi\u00f3n argentina de las Islas Malvinas\u201d, en conmemoraci\u00f3n a los 200 a\u00f1os de la posesi\u00f3n efectiva y el izamiento de la bandera en nombre de las Provincias Unidas del R\u00edo de La Plata....","og_url":"https:\/\/diarioprincipios.com\/index.php\/2020\/10\/23\/declaran-a-noviembre-2020-como-mes-del-bicentenario-de-la-toma-de-posesion-argentina-de-las-malvinas\/","og_site_name":"Principios","article_published_time":"2020-10-23T11:59:07+00:00","article_modified_time":"2020-10-23T11:59:11+00:00","og_image":[{"width":640,"height":363,"url":"https:\/\/diarioprincipios.com\/wp-content\/uploads\/2020\/10\/515.jpg","type":"image\/jpeg"}],"author":"Hern\u00e1n L\u00f3pez","twitter_card":"summary_large_image","twitter_misc":{"Escrito por":"Hern\u00e1n L\u00f3pez","Tiempo de lectura":"1 minuto"},"schema":{"@context":"https:\/\/schema.org","@graph":[{"@type":"Article","@id":"https:\/\/diarioprincipios.com\/index.php\/2020\/10\/23\/declaran-a-noviembre-2020-como-mes-del-bicentenario-de-la-toma-de-posesion-argentina-de-las-malvinas\/#article","isPartOf":{"@id":"https:\/\/diarioprincipios.com\/index.php\/2020\/10\/23\/declaran-a-noviembre-2020-como-mes-del-bicentenario-de-la-toma-de-posesion-argentina-de-las-malvinas\/"},"author":{"name":"Hern\u00e1n L\u00f3pez","@id":"https:\/\/diarioprincipios.com\/#\/schema\/person\/436d5a1fd41a5e250e23ff5a6a7cb080"},"headline":"Declaran a Noviembre 2020 como Mes del Bicentenario de la toma de posesi\u00f3n argentina de las Malvinas","datePublished":"2020-10-23T11:59:07+00:00","dateModified":"2020-10-23T11:59:11+00:00","mainEntityOfPage":{"@id":"https:\/\/diarioprincipios.com\/index.php\/2020\/10\/23\/declaran-a-noviembre-2020-como-mes-del-bicentenario-de-la-toma-de-posesion-argentina-de-las-malvinas\/"},"wordCount":182,"commentCount":0,"publisher":{"@id":"https:\/\/diarioprincipios.com\/#organization"},"image":{"@id":"https:\/\/diarioprincipios.com\/index.php\/2020\/10\/23\/declaran-a-noviembre-2020-como-mes-del-bicentenario-de-la-toma-de-posesion-argentina-de-las-malvinas\/#primaryimage"},"thumbnailUrl":"https:\/\/diarioprincipios.com\/wp-content\/uploads\/2020\/10\/515.jpg","articleSection":["Uncategorized"],"inLanguage":"es","potentialAction":[{"@type":"CommentAction","name":"Comment","target":["https:\/\/diarioprincipios.com\/index.php\/2020\/10\/23\/declaran-a-noviembre-2020-como-mes-del-bicentenario-de-la-toma-de-posesion-argentina-de-las-malvinas\/#respond"]}]},{"@type":"WebPage","@id":"https:\/\/diarioprincipios.com\/index.php\/2020\/10\/23\/declaran-a-noviembre-2020-como-mes-del-bicentenario-de-la-toma-de-posesion-argentina-de-las-malvinas\/","url":"https:\/\/diarioprincipios.com\/index.php\/2020\/10\/23\/declaran-a-noviembre-2020-como-mes-del-bicentenario-de-la-toma-de-posesion-argentina-de-las-malvinas\/","name":"Declaran a Noviembre 2020 como Mes del Bicentenario de la toma de posesi\u00f3n argentina de las Malvinas - Principios","isPartOf":{"@id":"https:\/\/diarioprincipios.com\/#website"},"primaryImageOfPage":{"@id":"https:\/\/diarioprincipios.com\/index.php\/2020\/10\/23\/declaran-a-noviembre-2020-como-mes-del-bicentenario-de-la-toma-de-posesion-argentina-de-las-malvinas\/#primaryimage"},"image":{"@id":"https:\/\/diarioprincipios.com\/index.php\/2020\/10\/23\/declaran-a-noviembre-2020-como-mes-del-bicentenario-de-la-toma-de-posesion-argentina-de-las-malvinas\/#primaryimage"},"thumbnailUrl":"https:\/\/diarioprincipios.com\/wp-content\/uploads\/2020\/10\/515.jpg","datePublished":"2020-10-23T11:59:07+00:00","dateModified":"2020-10-23T11:59:11+00:00","breadcrumb":{"@id":"https:\/\/diarioprincipios.com\/index.php\/2020\/10\/23\/declaran-a-noviembre-2020-como-mes-del-bicentenario-de-la-toma-de-posesion-argentina-de-las-malvinas\/#breadcrumb"},"inLanguage":"es","potentialAction":[{"@type":"ReadAction","target":["https:\/\/diarioprincipios.com\/index.php\/2020\/10\/23\/declaran-a-noviembre-2020-como-mes-del-bicentenario-de-la-toma-de-posesion-argentina-de-las-malvinas\/"]}]},{"@type":"ImageObject","inLanguage":"es","@id":"https:\/\/diarioprincipios.com\/index.php\/2020\/10\/23\/declaran-a-noviembre-2020-como-mes-del-bicentenario-de-la-toma-de-posesion-argentina-de-las-malvinas\/#primaryimage","url":"https:\/\/diarioprincipios.com\/wp-content\/uploads\/2020\/10\/515.jpg","contentUrl":"https:\/\/diarioprincipios.com\/wp-content\/uploads\/2020\/10\/515.jpg","width":640,"height":363},{"@type":"BreadcrumbList","@id":"https:\/\/diarioprincipios.com\/index.php\/2020\/10\/23\/declaran-a-noviembre-2020-como-mes-del-bicentenario-de-la-toma-de-posesion-argentina-de-las-malvinas\/#breadcrumb","itemListElement":[{"@type":"ListItem","position":1,"name":"Portada","item":"https:\/\/diarioprincipios.com\/"},{"@type":"ListItem","position":2,"name":"Declaran a Noviembre 2020 como Mes del Bicentenario de la toma de posesi\u00f3n argentina de las Malvinas"}]},{"@type":"WebSite","@id":"https:\/\/diarioprincipios.com\/#website","url":"https:\/\/diarioprincipios.com\/","name":"Principios","description":"Principios Diario","publisher":{"@id":"https:\/\/diarioprincipios.com\/#organization"},"potentialAction":[{"@type":"SearchAction","target":{"@type":"EntryPoint","urlTemplate":"https:\/\/diarioprincipios.com\/?s={search_term_string}"},"query-input":{"@type":"PropertyValueSpecification","valueRequired":true,"valueName":"search_term_string"}}],"inLanguage":"es"},{"@type":"Organization","@id":"https:\/\/diarioprincipios.com\/#organization","name":"Principios","url":"https:\/\/diarioprincipios.com\/","logo":{"@type":"ImageObject","inLanguage":"es","@id":"https:\/\/diarioprincipios.com\/#\/schema\/logo\/image\/","url":"https:\/\/diarioprincipios.com\/wp-content\/uploads\/2024\/04\/cropped-www.diarioprincipios.com_-1.png","contentUrl":"https:\/\/diarioprincipios.com\/wp-content\/uploads\/2024\/04\/cropped-www.diarioprincipios.com_-1.png","width":5325,"height":1454,"caption":"Principios"},"image":{"@id":"https:\/\/diarioprincipios.com\/#\/schema\/logo\/image\/"}},{"@type":"Person","@id":"https:\/\/diarioprincipios.com\/#\/schema\/person\/436d5a1fd41a5e250e23ff5a6a7cb080","name":"Hern\u00e1n L\u00f3pez","image":{"@type":"ImageObject","inLanguage":"es","@id":"https:\/\/diarioprincipios.com\/wp-content\/litespeed\/avatar\/11ddfe5610ff3bd100522525b2571f48.jpg?ver=1777048341","url":"https:\/\/diarioprincipios.com\/wp-content\/litespeed\/avatar\/11ddfe5610ff3bd100522525b2571f48.jpg?ver=1777048341","contentUrl":"https:\/\/diarioprincipios.com\/wp-content\/litespeed\/avatar\/11ddfe5610ff3bd100522525b2571f48.jpg?ver=1777048341","caption":"Hern\u00e1n L\u00f3pez"},"url":"https:\/\/diarioprincipios.com\/index.php\/author\/hernan\/"}]}},"jetpack_featured_media_url":"https:\/\/diarioprincipios.com\/wp-content\/uploads\/2020\/10\/515.jpg","_links":{"self":[{"href":"https:\/\/diarioprincipios.com\/index.php\/wp-json\/wp\/v2\/posts\/6393","targetHints":{"allow":["GET"]}}],"collection":[{"href":"https:\/\/diarioprincipios.com\/index.php\/wp-json\/wp\/v2\/posts"}],"about":[{"href":"https:\/\/diarioprincipios.com\/index.php\/wp-json\/wp\/v2\/types\/post"}],"author":[{"embeddable":true,"href":"https:\/\/diarioprincipios.com\/index.php\/wp-json\/wp\/v2\/users\/2"}],"replies":[{"embeddable":true,"href":"https:\/\/diarioprincipios.com\/index.php\/wp-json\/wp\/v2\/comments?post=6393"}],"version-history":[{"count":1,"href":"https:\/\/diarioprincipios.com\/index.php\/wp-json\/wp\/v2\/posts\/6393\/revisions"}],"predecessor-version":[{"id":6395,"href":"https:\/\/diarioprincipios.com\/index.php\/wp-json\/wp\/v2\/posts\/6393\/revisions\/6395"}],"wp:featuredmedia":[{"embeddable":true,"href":"https:\/\/diarioprincipios.com\/index.php\/wp-json\/wp\/v2\/media\/6394"}],"wp:attachment":[{"href":"https:\/\/diarioprincipios.com\/index.php\/wp-json\/wp\/v2\/media?parent=6393"}],"wp:term":[{"taxonomy":"category","embeddable":true,"href":"https:\/\/diarioprincipios.com\/index.php\/wp-json\/wp\/v2\/categories?post=6393"},{"taxonomy":"post_tag","embeddable":true,"href":"https:\/\/diarioprincipios.com\/index.php\/wp-json\/wp\/v2\/tags?post=6393"}],"curies":[{"name":"wp","href":"https:\/\/api.w.org\/{rel}","templated":true}]}}