{"id":6388,"date":"2020-10-22T22:59:07","date_gmt":"2020-10-23T01:59:07","guid":{"rendered":"http:\/\/diarioprincipios.com\/?p=6388"},"modified":"2020-10-22T23:00:00","modified_gmt":"2020-10-23T02:00:00","slug":"intendentes-del-gran-buenos-aires-se-reunieron-hoy-en-berazategui","status":"publish","type":"post","link":"https:\/\/diarioprincipios.com\/index.php\/2020\/10\/22\/intendentes-del-gran-buenos-aires-se-reunieron-hoy-en-berazategui\/","title":{"rendered":"Intendentes de la Primera y Tercera Secci\u00f3n se reunieron hoy en Berazategui"},"content":{"rendered":"\n<p>Los intendentes e intendentas del Frente de Todos de la primera y tercera secci\u00f3n electoral realizaron hoy por la tarde una reuni\u00f3n de trabajo para pensar la continuidad y el cuidado en la pandemia, poniendo en valor todas las medidas del gobierno nacional y provincial que tuvieron un impacto muy importante en cada uno de los distritos.<\/p>\n\n\n\n<p>En este sentido se\u00f1alaron que \u201cdebemos seguir trabajando en pos del cuidado de lo conseguido en materia sanitaria. Mientras esperamos la vacuna debemos seguir trabajando unidos para salir adelante\u201d.<\/p>\n\n\n\n<p>\u201cLa agenda de los intendentes e intendentas es la agenda de la gente. Tenemos en claro que tanto el gobierno nacional y provincial est\u00e1n llevando adelante muchas medidas importantes y es fundamental que tambi\u00e9n la gente conozca el impacto que tienen en la econom\u00eda local\u201d, aseguraron.<\/p>\n\n\n\n<p>En este marco, resaltaron la importancia que tuvo para los vecinos y vecinas de los municipios la IFE como \u201cun instrumento de ayuda para amortiguar el impacto de la pandemia, al igual que el ATP para las empresas. El estado estuvo presente desde un primer momento con distintos instrumentos y creemos que de cara a fin de a\u00f1o est\u00e1 medida debe mantenerse y reforzarse\u201d. Y se\u00f1alaron que desde los distintos gobiernos municipales se est\u00e1n coordinando distintas acciones para apoyar las reactivaci\u00f3n econ\u00f3mica en el conurbano bonaerense, una acci\u00f3n muy importante para esto son las obras de \u201cArgentina Hace\u201d que comenzaron en todos los municipios.<\/p>\n\n\n\n<figure class=\"wp-block-image size-large\"><img loading=\"lazy\" decoding=\"async\" width=\"1024\" height=\"554\" src=\"https:\/\/diarioprincipios.com\/wp-content\/uploads\/2020\/10\/IMG-20201022-WA0069-1024x554.jpg\" alt=\"\" class=\"wp-image-6390\" srcset=\"https:\/\/diarioprincipios.com\/wp-content\/uploads\/2020\/10\/IMG-20201022-WA0069-1024x554.jpg 1024w, https:\/\/diarioprincipios.com\/wp-content\/uploads\/2020\/10\/IMG-20201022-WA0069-300x162.jpg 300w, https:\/\/diarioprincipios.com\/wp-content\/uploads\/2020\/10\/IMG-20201022-WA0069-768x416.jpg 768w, https:\/\/diarioprincipios.com\/wp-content\/uploads\/2020\/10\/IMG-20201022-WA0069.jpg 1280w\" sizes=\"auto, (max-width: 1024px) 100vw, 1024px\" \/><\/figure>\n\n\n\n<p>En este sentido, destacaron la importancia de la sanci\u00f3n del aporte extraordinario y la ayuda que recibir\u00e1n las pymes con ese fondo.<\/p>\n\n\n\n<p>Por otro lado, volvieron a exigir que la empresa Edesur brinde un buen servicio en cada territorio \u201cinvirtiendo lo que corresponde y en base a las ganancias extraordinarias que tuvieron durante los \u00faltimos cuatro a\u00f1os. Hoy brindan un servicio que no corresponde con los aumentos que tuvieron y que impactaron negativamente en los bolsillos de la gente\u201d.<\/p>\n\n\n\n<p>Por \u00faltimo, manifestaron que los anuncios en materia de seguridad nacional y provincial fueron muy importantes de cara al presente y futuro de cada territorio y que es necesario trabajar articuladamente para que \u201cse vea reflejado en los municipios, con presencia policial, nuevos m\u00f3viles y herramientas que permiten prevenir el delito. Es un reclamo de los vecinos y vecinas que es prioritario para cada uno de los intendentes\u201d.<\/p>\n","protected":false},"excerpt":{"rendered":"<p>Los intendentes e intendentas del Frente de Todos de la primera y tercera secci\u00f3n electoral realizaron hoy por la tarde una reuni\u00f3n de trabajo para pensar la continuidad y el cuidado en la pandemia, poniendo en valor todas las medidas del gobierno nacional y provincial que tuvieron un impacto muy importante en cada uno de&#8230;<\/p>\n","protected":false},"author":2,"featured_media":6389,"comment_status":"open","ping_status":"open","sticky":false,"template":"","format":"standard","meta":{"footnotes":""},"categories":[3],"tags":[],"class_list":["post-6388","post","type-post","status-publish","format-standard","has-post-thumbnail","hentry","category-berazategui"],"featured_image_src":"https:\/\/diarioprincipios.com\/wp-content\/uploads\/2020\/10\/IMG-20201022-WA0068-1024x662.jpg","blog_images":{"medium":"https:\/\/diarioprincipios.com\/wp-content\/uploads\/2020\/10\/IMG-20201022-WA0068-300x194.jpg","large":"https:\/\/diarioprincipios.com\/wp-content\/uploads\/2020\/10\/IMG-20201022-WA0068-1024x662.jpg"},"ams_acf":[],"yoast_head":"<!-- This site is optimized with the Yoast SEO plugin v27.3 - https:\/\/yoast.com\/product\/yoast-seo-wordpress\/ -->\n<title>Intendentes de la Primera y Tercera Secci\u00f3n se reunieron hoy en Berazategui - Principios<\/title>\n<meta name=\"robots\" content=\"index, follow, max-snippet:-1, max-image-preview:large, max-video-preview:-1\" \/>\n<link rel=\"canonical\" href=\"https:\/\/diarioprincipios.com\/index.php\/2020\/10\/22\/intendentes-del-gran-buenos-aires-se-reunieron-hoy-en-berazategui\/\" \/>\n<meta property=\"og:locale\" content=\"es_ES\" \/>\n<meta property=\"og:type\" content=\"article\" \/>\n<meta property=\"og:title\" content=\"Intendentes de la Primera y Tercera Secci\u00f3n se reunieron hoy en Berazategui - Principios\" \/>\n<meta property=\"og:description\" content=\"Los intendentes e intendentas del Frente de Todos de la primera y tercera secci\u00f3n electoral realizaron hoy por la tarde una reuni\u00f3n de trabajo para pensar la continuidad y el cuidado en la pandemia, poniendo en valor todas las medidas del gobierno nacional y provincial que tuvieron un impacto muy importante en cada uno de...\" \/>\n<meta property=\"og:url\" content=\"https:\/\/diarioprincipios.com\/index.php\/2020\/10\/22\/intendentes-del-gran-buenos-aires-se-reunieron-hoy-en-berazategui\/\" \/>\n<meta property=\"og:site_name\" content=\"Principios\" \/>\n<meta property=\"article:published_time\" content=\"2020-10-23T01:59:07+00:00\" \/>\n<meta property=\"article:modified_time\" content=\"2020-10-23T02:00:00+00:00\" \/>\n<meta property=\"og:image\" content=\"https:\/\/diarioprincipios.com\/wp-content\/uploads\/2020\/10\/IMG-20201022-WA0068.jpg\" \/>\n\t<meta property=\"og:image:width\" content=\"1280\" \/>\n\t<meta property=\"og:image:height\" content=\"828\" \/>\n\t<meta property=\"og:image:type\" content=\"image\/jpeg\" \/>\n<meta name=\"author\" content=\"Hern\u00e1n L\u00f3pez\" \/>\n<meta name=\"twitter:card\" content=\"summary_large_image\" \/>\n<meta name=\"twitter:label1\" content=\"Escrito por\" \/>\n\t<meta name=\"twitter:data1\" content=\"Hern\u00e1n L\u00f3pez\" \/>\n\t<meta name=\"twitter:label2\" content=\"Tiempo de lectura\" \/>\n\t<meta name=\"twitter:data2\" content=\"2 minutos\" \/>\n<script type=\"application\/ld+json\" class=\"yoast-schema-graph\">{\"@context\":\"https:\\\/\\\/schema.org\",\"@graph\":[{\"@type\":\"Article\",\"@id\":\"https:\\\/\\\/diarioprincipios.com\\\/index.php\\\/2020\\\/10\\\/22\\\/intendentes-del-gran-buenos-aires-se-reunieron-hoy-en-berazategui\\\/#article\",\"isPartOf\":{\"@id\":\"https:\\\/\\\/diarioprincipios.com\\\/index.php\\\/2020\\\/10\\\/22\\\/intendentes-del-gran-buenos-aires-se-reunieron-hoy-en-berazategui\\\/\"},\"author\":{\"name\":\"Hern\u00e1n L\u00f3pez\",\"@id\":\"https:\\\/\\\/diarioprincipios.com\\\/#\\\/schema\\\/person\\\/436d5a1fd41a5e250e23ff5a6a7cb080\"},\"headline\":\"Intendentes de la Primera y Tercera Secci\u00f3n se reunieron hoy en Berazategui\",\"datePublished\":\"2020-10-23T01:59:07+00:00\",\"dateModified\":\"2020-10-23T02:00:00+00:00\",\"mainEntityOfPage\":{\"@id\":\"https:\\\/\\\/diarioprincipios.com\\\/index.php\\\/2020\\\/10\\\/22\\\/intendentes-del-gran-buenos-aires-se-reunieron-hoy-en-berazategui\\\/\"},\"wordCount\":412,\"commentCount\":0,\"publisher\":{\"@id\":\"https:\\\/\\\/diarioprincipios.com\\\/#organization\"},\"image\":{\"@id\":\"https:\\\/\\\/diarioprincipios.com\\\/index.php\\\/2020\\\/10\\\/22\\\/intendentes-del-gran-buenos-aires-se-reunieron-hoy-en-berazategui\\\/#primaryimage\"},\"thumbnailUrl\":\"https:\\\/\\\/diarioprincipios.com\\\/wp-content\\\/uploads\\\/2020\\\/10\\\/IMG-20201022-WA0068.jpg\",\"articleSection\":[\"Berazategui\"],\"inLanguage\":\"es\",\"potentialAction\":[{\"@type\":\"CommentAction\",\"name\":\"Comment\",\"target\":[\"https:\\\/\\\/diarioprincipios.com\\\/index.php\\\/2020\\\/10\\\/22\\\/intendentes-del-gran-buenos-aires-se-reunieron-hoy-en-berazategui\\\/#respond\"]}]},{\"@type\":\"WebPage\",\"@id\":\"https:\\\/\\\/diarioprincipios.com\\\/index.php\\\/2020\\\/10\\\/22\\\/intendentes-del-gran-buenos-aires-se-reunieron-hoy-en-berazategui\\\/\",\"url\":\"https:\\\/\\\/diarioprincipios.com\\\/index.php\\\/2020\\\/10\\\/22\\\/intendentes-del-gran-buenos-aires-se-reunieron-hoy-en-berazategui\\\/\",\"name\":\"Intendentes de la Primera y Tercera Secci\u00f3n se reunieron hoy en Berazategui - Principios\",\"isPartOf\":{\"@id\":\"https:\\\/\\\/diarioprincipios.com\\\/#website\"},\"primaryImageOfPage\":{\"@id\":\"https:\\\/\\\/diarioprincipios.com\\\/index.php\\\/2020\\\/10\\\/22\\\/intendentes-del-gran-buenos-aires-se-reunieron-hoy-en-berazategui\\\/#primaryimage\"},\"image\":{\"@id\":\"https:\\\/\\\/diarioprincipios.com\\\/index.php\\\/2020\\\/10\\\/22\\\/intendentes-del-gran-buenos-aires-se-reunieron-hoy-en-berazategui\\\/#primaryimage\"},\"thumbnailUrl\":\"https:\\\/\\\/diarioprincipios.com\\\/wp-content\\\/uploads\\\/2020\\\/10\\\/IMG-20201022-WA0068.jpg\",\"datePublished\":\"2020-10-23T01:59:07+00:00\",\"dateModified\":\"2020-10-23T02:00:00+00:00\",\"breadcrumb\":{\"@id\":\"https:\\\/\\\/diarioprincipios.com\\\/index.php\\\/2020\\\/10\\\/22\\\/intendentes-del-gran-buenos-aires-se-reunieron-hoy-en-berazategui\\\/#breadcrumb\"},\"inLanguage\":\"es\",\"potentialAction\":[{\"@type\":\"ReadAction\",\"target\":[\"https:\\\/\\\/diarioprincipios.com\\\/index.php\\\/2020\\\/10\\\/22\\\/intendentes-del-gran-buenos-aires-se-reunieron-hoy-en-berazategui\\\/\"]}]},{\"@type\":\"ImageObject\",\"inLanguage\":\"es\",\"@id\":\"https:\\\/\\\/diarioprincipios.com\\\/index.php\\\/2020\\\/10\\\/22\\\/intendentes-del-gran-buenos-aires-se-reunieron-hoy-en-berazategui\\\/#primaryimage\",\"url\":\"https:\\\/\\\/diarioprincipios.com\\\/wp-content\\\/uploads\\\/2020\\\/10\\\/IMG-20201022-WA0068.jpg\",\"contentUrl\":\"https:\\\/\\\/diarioprincipios.com\\\/wp-content\\\/uploads\\\/2020\\\/10\\\/IMG-20201022-WA0068.jpg\",\"width\":1280,\"height\":828},{\"@type\":\"BreadcrumbList\",\"@id\":\"https:\\\/\\\/diarioprincipios.com\\\/index.php\\\/2020\\\/10\\\/22\\\/intendentes-del-gran-buenos-aires-se-reunieron-hoy-en-berazategui\\\/#breadcrumb\",\"itemListElement\":[{\"@type\":\"ListItem\",\"position\":1,\"name\":\"Portada\",\"item\":\"https:\\\/\\\/diarioprincipios.com\\\/\"},{\"@type\":\"ListItem\",\"position\":2,\"name\":\"Intendentes de la Primera y Tercera Secci\u00f3n se reunieron hoy en Berazategui\"}]},{\"@type\":\"WebSite\",\"@id\":\"https:\\\/\\\/diarioprincipios.com\\\/#website\",\"url\":\"https:\\\/\\\/diarioprincipios.com\\\/\",\"name\":\"Principios\",\"description\":\"Principios Diario\",\"publisher\":{\"@id\":\"https:\\\/\\\/diarioprincipios.com\\\/#organization\"},\"potentialAction\":[{\"@type\":\"SearchAction\",\"target\":{\"@type\":\"EntryPoint\",\"urlTemplate\":\"https:\\\/\\\/diarioprincipios.com\\\/?s={search_term_string}\"},\"query-input\":{\"@type\":\"PropertyValueSpecification\",\"valueRequired\":true,\"valueName\":\"search_term_string\"}}],\"inLanguage\":\"es\"},{\"@type\":\"Organization\",\"@id\":\"https:\\\/\\\/diarioprincipios.com\\\/#organization\",\"name\":\"Principios\",\"url\":\"https:\\\/\\\/diarioprincipios.com\\\/\",\"logo\":{\"@type\":\"ImageObject\",\"inLanguage\":\"es\",\"@id\":\"https:\\\/\\\/diarioprincipios.com\\\/#\\\/schema\\\/logo\\\/image\\\/\",\"url\":\"https:\\\/\\\/diarioprincipios.com\\\/wp-content\\\/uploads\\\/2024\\\/04\\\/cropped-www.diarioprincipios.com_-1.png\",\"contentUrl\":\"https:\\\/\\\/diarioprincipios.com\\\/wp-content\\\/uploads\\\/2024\\\/04\\\/cropped-www.diarioprincipios.com_-1.png\",\"width\":5325,\"height\":1454,\"caption\":\"Principios\"},\"image\":{\"@id\":\"https:\\\/\\\/diarioprincipios.com\\\/#\\\/schema\\\/logo\\\/image\\\/\"}},{\"@type\":\"Person\",\"@id\":\"https:\\\/\\\/diarioprincipios.com\\\/#\\\/schema\\\/person\\\/436d5a1fd41a5e250e23ff5a6a7cb080\",\"name\":\"Hern\u00e1n L\u00f3pez\",\"image\":{\"@type\":\"ImageObject\",\"inLanguage\":\"es\",\"@id\":\"https:\\\/\\\/diarioprincipios.com\\\/wp-content\\\/litespeed\\\/avatar\\\/11ddfe5610ff3bd100522525b2571f48.jpg?ver=1777048341\",\"url\":\"https:\\\/\\\/diarioprincipios.com\\\/wp-content\\\/litespeed\\\/avatar\\\/11ddfe5610ff3bd100522525b2571f48.jpg?ver=1777048341\",\"contentUrl\":\"https:\\\/\\\/diarioprincipios.com\\\/wp-content\\\/litespeed\\\/avatar\\\/11ddfe5610ff3bd100522525b2571f48.jpg?ver=1777048341\",\"caption\":\"Hern\u00e1n L\u00f3pez\"},\"url\":\"https:\\\/\\\/diarioprincipios.com\\\/index.php\\\/author\\\/hernan\\\/\"}]}<\/script>\n<!-- \/ Yoast SEO plugin. -->","yoast_head_json":{"title":"Intendentes de la Primera y Tercera Secci\u00f3n se reunieron hoy en Berazategui - Principios","robots":{"index":"index","follow":"follow","max-snippet":"max-snippet:-1","max-image-preview":"max-image-preview:large","max-video-preview":"max-video-preview:-1"},"canonical":"https:\/\/diarioprincipios.com\/index.php\/2020\/10\/22\/intendentes-del-gran-buenos-aires-se-reunieron-hoy-en-berazategui\/","og_locale":"es_ES","og_type":"article","og_title":"Intendentes de la Primera y Tercera Secci\u00f3n se reunieron hoy en Berazategui - Principios","og_description":"Los intendentes e intendentas del Frente de Todos de la primera y tercera secci\u00f3n electoral realizaron hoy por la tarde una reuni\u00f3n de trabajo para pensar la continuidad y el cuidado en la pandemia, poniendo en valor todas las medidas del gobierno nacional y provincial que tuvieron un impacto muy importante en cada uno de...","og_url":"https:\/\/diarioprincipios.com\/index.php\/2020\/10\/22\/intendentes-del-gran-buenos-aires-se-reunieron-hoy-en-berazategui\/","og_site_name":"Principios","article_published_time":"2020-10-23T01:59:07+00:00","article_modified_time":"2020-10-23T02:00:00+00:00","og_image":[{"width":1280,"height":828,"url":"https:\/\/diarioprincipios.com\/wp-content\/uploads\/2020\/10\/IMG-20201022-WA0068.jpg","type":"image\/jpeg"}],"author":"Hern\u00e1n L\u00f3pez","twitter_card":"summary_large_image","twitter_misc":{"Escrito por":"Hern\u00e1n L\u00f3pez","Tiempo de lectura":"2 minutos"},"schema":{"@context":"https:\/\/schema.org","@graph":[{"@type":"Article","@id":"https:\/\/diarioprincipios.com\/index.php\/2020\/10\/22\/intendentes-del-gran-buenos-aires-se-reunieron-hoy-en-berazategui\/#article","isPartOf":{"@id":"https:\/\/diarioprincipios.com\/index.php\/2020\/10\/22\/intendentes-del-gran-buenos-aires-se-reunieron-hoy-en-berazategui\/"},"author":{"name":"Hern\u00e1n L\u00f3pez","@id":"https:\/\/diarioprincipios.com\/#\/schema\/person\/436d5a1fd41a5e250e23ff5a6a7cb080"},"headline":"Intendentes de la Primera y Tercera Secci\u00f3n se reunieron hoy en Berazategui","datePublished":"2020-10-23T01:59:07+00:00","dateModified":"2020-10-23T02:00:00+00:00","mainEntityOfPage":{"@id":"https:\/\/diarioprincipios.com\/index.php\/2020\/10\/22\/intendentes-del-gran-buenos-aires-se-reunieron-hoy-en-berazategui\/"},"wordCount":412,"commentCount":0,"publisher":{"@id":"https:\/\/diarioprincipios.com\/#organization"},"image":{"@id":"https:\/\/diarioprincipios.com\/index.php\/2020\/10\/22\/intendentes-del-gran-buenos-aires-se-reunieron-hoy-en-berazategui\/#primaryimage"},"thumbnailUrl":"https:\/\/diarioprincipios.com\/wp-content\/uploads\/2020\/10\/IMG-20201022-WA0068.jpg","articleSection":["Berazategui"],"inLanguage":"es","potentialAction":[{"@type":"CommentAction","name":"Comment","target":["https:\/\/diarioprincipios.com\/index.php\/2020\/10\/22\/intendentes-del-gran-buenos-aires-se-reunieron-hoy-en-berazategui\/#respond"]}]},{"@type":"WebPage","@id":"https:\/\/diarioprincipios.com\/index.php\/2020\/10\/22\/intendentes-del-gran-buenos-aires-se-reunieron-hoy-en-berazategui\/","url":"https:\/\/diarioprincipios.com\/index.php\/2020\/10\/22\/intendentes-del-gran-buenos-aires-se-reunieron-hoy-en-berazategui\/","name":"Intendentes de la Primera y Tercera Secci\u00f3n se reunieron hoy en Berazategui - Principios","isPartOf":{"@id":"https:\/\/diarioprincipios.com\/#website"},"primaryImageOfPage":{"@id":"https:\/\/diarioprincipios.com\/index.php\/2020\/10\/22\/intendentes-del-gran-buenos-aires-se-reunieron-hoy-en-berazategui\/#primaryimage"},"image":{"@id":"https:\/\/diarioprincipios.com\/index.php\/2020\/10\/22\/intendentes-del-gran-buenos-aires-se-reunieron-hoy-en-berazategui\/#primaryimage"},"thumbnailUrl":"https:\/\/diarioprincipios.com\/wp-content\/uploads\/2020\/10\/IMG-20201022-WA0068.jpg","datePublished":"2020-10-23T01:59:07+00:00","dateModified":"2020-10-23T02:00:00+00:00","breadcrumb":{"@id":"https:\/\/diarioprincipios.com\/index.php\/2020\/10\/22\/intendentes-del-gran-buenos-aires-se-reunieron-hoy-en-berazategui\/#breadcrumb"},"inLanguage":"es","potentialAction":[{"@type":"ReadAction","target":["https:\/\/diarioprincipios.com\/index.php\/2020\/10\/22\/intendentes-del-gran-buenos-aires-se-reunieron-hoy-en-berazategui\/"]}]},{"@type":"ImageObject","inLanguage":"es","@id":"https:\/\/diarioprincipios.com\/index.php\/2020\/10\/22\/intendentes-del-gran-buenos-aires-se-reunieron-hoy-en-berazategui\/#primaryimage","url":"https:\/\/diarioprincipios.com\/wp-content\/uploads\/2020\/10\/IMG-20201022-WA0068.jpg","contentUrl":"https:\/\/diarioprincipios.com\/wp-content\/uploads\/2020\/10\/IMG-20201022-WA0068.jpg","width":1280,"height":828},{"@type":"BreadcrumbList","@id":"https:\/\/diarioprincipios.com\/index.php\/2020\/10\/22\/intendentes-del-gran-buenos-aires-se-reunieron-hoy-en-berazategui\/#breadcrumb","itemListElement":[{"@type":"ListItem","position":1,"name":"Portada","item":"https:\/\/diarioprincipios.com\/"},{"@type":"ListItem","position":2,"name":"Intendentes de la Primera y Tercera Secci\u00f3n se reunieron hoy en Berazategui"}]},{"@type":"WebSite","@id":"https:\/\/diarioprincipios.com\/#website","url":"https:\/\/diarioprincipios.com\/","name":"Principios","description":"Principios Diario","publisher":{"@id":"https:\/\/diarioprincipios.com\/#organization"},"potentialAction":[{"@type":"SearchAction","target":{"@type":"EntryPoint","urlTemplate":"https:\/\/diarioprincipios.com\/?s={search_term_string}"},"query-input":{"@type":"PropertyValueSpecification","valueRequired":true,"valueName":"search_term_string"}}],"inLanguage":"es"},{"@type":"Organization","@id":"https:\/\/diarioprincipios.com\/#organization","name":"Principios","url":"https:\/\/diarioprincipios.com\/","logo":{"@type":"ImageObject","inLanguage":"es","@id":"https:\/\/diarioprincipios.com\/#\/schema\/logo\/image\/","url":"https:\/\/diarioprincipios.com\/wp-content\/uploads\/2024\/04\/cropped-www.diarioprincipios.com_-1.png","contentUrl":"https:\/\/diarioprincipios.com\/wp-content\/uploads\/2024\/04\/cropped-www.diarioprincipios.com_-1.png","width":5325,"height":1454,"caption":"Principios"},"image":{"@id":"https:\/\/diarioprincipios.com\/#\/schema\/logo\/image\/"}},{"@type":"Person","@id":"https:\/\/diarioprincipios.com\/#\/schema\/person\/436d5a1fd41a5e250e23ff5a6a7cb080","name":"Hern\u00e1n L\u00f3pez","image":{"@type":"ImageObject","inLanguage":"es","@id":"https:\/\/diarioprincipios.com\/wp-content\/litespeed\/avatar\/11ddfe5610ff3bd100522525b2571f48.jpg?ver=1777048341","url":"https:\/\/diarioprincipios.com\/wp-content\/litespeed\/avatar\/11ddfe5610ff3bd100522525b2571f48.jpg?ver=1777048341","contentUrl":"https:\/\/diarioprincipios.com\/wp-content\/litespeed\/avatar\/11ddfe5610ff3bd100522525b2571f48.jpg?ver=1777048341","caption":"Hern\u00e1n L\u00f3pez"},"url":"https:\/\/diarioprincipios.com\/index.php\/author\/hernan\/"}]}},"jetpack_featured_media_url":"https:\/\/diarioprincipios.com\/wp-content\/uploads\/2020\/10\/IMG-20201022-WA0068.jpg","_links":{"self":[{"href":"https:\/\/diarioprincipios.com\/index.php\/wp-json\/wp\/v2\/posts\/6388","targetHints":{"allow":["GET"]}}],"collection":[{"href":"https:\/\/diarioprincipios.com\/index.php\/wp-json\/wp\/v2\/posts"}],"about":[{"href":"https:\/\/diarioprincipios.com\/index.php\/wp-json\/wp\/v2\/types\/post"}],"author":[{"embeddable":true,"href":"https:\/\/diarioprincipios.com\/index.php\/wp-json\/wp\/v2\/users\/2"}],"replies":[{"embeddable":true,"href":"https:\/\/diarioprincipios.com\/index.php\/wp-json\/wp\/v2\/comments?post=6388"}],"version-history":[{"count":2,"href":"https:\/\/diarioprincipios.com\/index.php\/wp-json\/wp\/v2\/posts\/6388\/revisions"}],"predecessor-version":[{"id":6392,"href":"https:\/\/diarioprincipios.com\/index.php\/wp-json\/wp\/v2\/posts\/6388\/revisions\/6392"}],"wp:featuredmedia":[{"embeddable":true,"href":"https:\/\/diarioprincipios.com\/index.php\/wp-json\/wp\/v2\/media\/6389"}],"wp:attachment":[{"href":"https:\/\/diarioprincipios.com\/index.php\/wp-json\/wp\/v2\/media?parent=6388"}],"wp:term":[{"taxonomy":"category","embeddable":true,"href":"https:\/\/diarioprincipios.com\/index.php\/wp-json\/wp\/v2\/categories?post=6388"},{"taxonomy":"post_tag","embeddable":true,"href":"https:\/\/diarioprincipios.com\/index.php\/wp-json\/wp\/v2\/tags?post=6388"}],"curies":[{"name":"wp","href":"https:\/\/api.w.org\/{rel}","templated":true}]}}