{"id":6381,"date":"2020-10-22T18:54:54","date_gmt":"2020-10-22T21:54:54","guid":{"rendered":"http:\/\/diarioprincipios.com\/?p=6381"},"modified":"2020-10-22T18:54:59","modified_gmt":"2020-10-22T21:54:59","slug":"detienen-a-dos-jovenes-acusados-de-haber-participado-en-el-crimen-de-la-beba-de-dock-sud","status":"publish","type":"post","link":"https:\/\/diarioprincipios.com\/index.php\/2020\/10\/22\/detienen-a-dos-jovenes-acusados-de-haber-participado-en-el-crimen-de-la-beba-de-dock-sud\/","title":{"rendered":"Detienen a dos j\u00f3venes acusados de haber participado en el crimen de la beba de Dock Sud"},"content":{"rendered":"\n<p>Dos j\u00f3venes fueron detenidos esta tarde como acusados de haber participado del crimen de una beba de cinco meses de un balazo en la cabeza durante una pelea entre bandas, en la localidad bonaerense de Dock Sud, informaron fuentes judiciales.<\/p>\n\n\n\n<p>Las detenciones se registraron pasadas las 17.30 tras un allanamiento en la Torre 3 de la mencionada localidad del partido de Avellaneda, donde la Polic\u00eda tambi\u00e9n secuestr\u00f3 una pistola calibre 9 mil\u00edmetros, compatible con el proyectil que qued\u00f3 alojado en el cr\u00e1neo de la v\u00edctima.<\/p>\n","protected":false},"excerpt":{"rendered":"<p>Dos j\u00f3venes fueron detenidos esta tarde como acusados de haber participado del crimen de una beba de cinco meses de un balazo en la cabeza durante una pelea entre bandas, en la localidad bonaerense de Dock Sud, informaron fuentes judiciales. Las detenciones se registraron pasadas las 17.30 tras un allanamiento en la Torre 3 de&#8230;<\/p>\n","protected":false},"author":2,"featured_media":6382,"comment_status":"open","ping_status":"open","sticky":false,"template":"","format":"standard","meta":{"footnotes":""},"categories":[5],"tags":[],"class_list":["post-6381","post","type-post","status-publish","format-standard","has-post-thumbnail","hentry","category-avellaneda"],"featured_image_src":"https:\/\/diarioprincipios.com\/wp-content\/uploads\/2020\/10\/Screenshot_20201022-185239_Chrome-1024x598.jpg","blog_images":{"medium":"https:\/\/diarioprincipios.com\/wp-content\/uploads\/2020\/10\/Screenshot_20201022-185239_Chrome-300x175.jpg","large":"https:\/\/diarioprincipios.com\/wp-content\/uploads\/2020\/10\/Screenshot_20201022-185239_Chrome-1024x598.jpg"},"ams_acf":[],"yoast_head":"<!-- This site is optimized with the Yoast SEO plugin v27.3 - https:\/\/yoast.com\/product\/yoast-seo-wordpress\/ -->\n<title>Detienen a dos j\u00f3venes acusados de haber participado en el crimen de la beba de Dock Sud - Principios<\/title>\n<meta name=\"robots\" content=\"index, follow, max-snippet:-1, max-image-preview:large, max-video-preview:-1\" \/>\n<link rel=\"canonical\" href=\"https:\/\/diarioprincipios.com\/index.php\/2020\/10\/22\/detienen-a-dos-jovenes-acusados-de-haber-participado-en-el-crimen-de-la-beba-de-dock-sud\/\" \/>\n<meta property=\"og:locale\" content=\"es_ES\" \/>\n<meta property=\"og:type\" content=\"article\" \/>\n<meta property=\"og:title\" content=\"Detienen a dos j\u00f3venes acusados de haber participado en el crimen de la beba de Dock Sud - Principios\" \/>\n<meta property=\"og:description\" content=\"Dos j\u00f3venes fueron detenidos esta tarde como acusados de haber participado del crimen de una beba de cinco meses de un balazo en la cabeza durante una pelea entre bandas, en la localidad bonaerense de Dock Sud, informaron fuentes judiciales. Las detenciones se registraron pasadas las 17.30 tras un allanamiento en la Torre 3 de...\" \/>\n<meta property=\"og:url\" content=\"https:\/\/diarioprincipios.com\/index.php\/2020\/10\/22\/detienen-a-dos-jovenes-acusados-de-haber-participado-en-el-crimen-de-la-beba-de-dock-sud\/\" \/>\n<meta property=\"og:site_name\" content=\"Principios\" \/>\n<meta property=\"article:published_time\" content=\"2020-10-22T21:54:54+00:00\" \/>\n<meta property=\"article:modified_time\" content=\"2020-10-22T21:54:59+00:00\" \/>\n<meta property=\"og:image\" content=\"https:\/\/diarioprincipios.com\/wp-content\/uploads\/2020\/10\/Screenshot_20201022-185239_Chrome.jpg\" \/>\n\t<meta property=\"og:image:width\" content=\"1080\" \/>\n\t<meta property=\"og:image:height\" content=\"631\" \/>\n\t<meta property=\"og:image:type\" content=\"image\/jpeg\" \/>\n<meta name=\"author\" content=\"Hern\u00e1n L\u00f3pez\" \/>\n<meta name=\"twitter:card\" content=\"summary_large_image\" \/>\n<meta name=\"twitter:label1\" content=\"Escrito por\" \/>\n\t<meta name=\"twitter:data1\" content=\"Hern\u00e1n L\u00f3pez\" \/>\n<script type=\"application\/ld+json\" class=\"yoast-schema-graph\">{\"@context\":\"https:\\\/\\\/schema.org\",\"@graph\":[{\"@type\":\"Article\",\"@id\":\"https:\\\/\\\/diarioprincipios.com\\\/index.php\\\/2020\\\/10\\\/22\\\/detienen-a-dos-jovenes-acusados-de-haber-participado-en-el-crimen-de-la-beba-de-dock-sud\\\/#article\",\"isPartOf\":{\"@id\":\"https:\\\/\\\/diarioprincipios.com\\\/index.php\\\/2020\\\/10\\\/22\\\/detienen-a-dos-jovenes-acusados-de-haber-participado-en-el-crimen-de-la-beba-de-dock-sud\\\/\"},\"author\":{\"name\":\"Hern\u00e1n L\u00f3pez\",\"@id\":\"https:\\\/\\\/diarioprincipios.com\\\/#\\\/schema\\\/person\\\/436d5a1fd41a5e250e23ff5a6a7cb080\"},\"headline\":\"Detienen a dos j\u00f3venes acusados de haber participado en el crimen de la beba de Dock Sud\",\"datePublished\":\"2020-10-22T21:54:54+00:00\",\"dateModified\":\"2020-10-22T21:54:59+00:00\",\"mainEntityOfPage\":{\"@id\":\"https:\\\/\\\/diarioprincipios.com\\\/index.php\\\/2020\\\/10\\\/22\\\/detienen-a-dos-jovenes-acusados-de-haber-participado-en-el-crimen-de-la-beba-de-dock-sud\\\/\"},\"wordCount\":106,\"commentCount\":0,\"publisher\":{\"@id\":\"https:\\\/\\\/diarioprincipios.com\\\/#organization\"},\"image\":{\"@id\":\"https:\\\/\\\/diarioprincipios.com\\\/index.php\\\/2020\\\/10\\\/22\\\/detienen-a-dos-jovenes-acusados-de-haber-participado-en-el-crimen-de-la-beba-de-dock-sud\\\/#primaryimage\"},\"thumbnailUrl\":\"https:\\\/\\\/diarioprincipios.com\\\/wp-content\\\/uploads\\\/2020\\\/10\\\/Screenshot_20201022-185239_Chrome.jpg\",\"articleSection\":[\"Avellaneda\"],\"inLanguage\":\"es\",\"potentialAction\":[{\"@type\":\"CommentAction\",\"name\":\"Comment\",\"target\":[\"https:\\\/\\\/diarioprincipios.com\\\/index.php\\\/2020\\\/10\\\/22\\\/detienen-a-dos-jovenes-acusados-de-haber-participado-en-el-crimen-de-la-beba-de-dock-sud\\\/#respond\"]}]},{\"@type\":\"WebPage\",\"@id\":\"https:\\\/\\\/diarioprincipios.com\\\/index.php\\\/2020\\\/10\\\/22\\\/detienen-a-dos-jovenes-acusados-de-haber-participado-en-el-crimen-de-la-beba-de-dock-sud\\\/\",\"url\":\"https:\\\/\\\/diarioprincipios.com\\\/index.php\\\/2020\\\/10\\\/22\\\/detienen-a-dos-jovenes-acusados-de-haber-participado-en-el-crimen-de-la-beba-de-dock-sud\\\/\",\"name\":\"Detienen a dos j\u00f3venes acusados de haber participado en el crimen de la beba de Dock Sud - Principios\",\"isPartOf\":{\"@id\":\"https:\\\/\\\/diarioprincipios.com\\\/#website\"},\"primaryImageOfPage\":{\"@id\":\"https:\\\/\\\/diarioprincipios.com\\\/index.php\\\/2020\\\/10\\\/22\\\/detienen-a-dos-jovenes-acusados-de-haber-participado-en-el-crimen-de-la-beba-de-dock-sud\\\/#primaryimage\"},\"image\":{\"@id\":\"https:\\\/\\\/diarioprincipios.com\\\/index.php\\\/2020\\\/10\\\/22\\\/detienen-a-dos-jovenes-acusados-de-haber-participado-en-el-crimen-de-la-beba-de-dock-sud\\\/#primaryimage\"},\"thumbnailUrl\":\"https:\\\/\\\/diarioprincipios.com\\\/wp-content\\\/uploads\\\/2020\\\/10\\\/Screenshot_20201022-185239_Chrome.jpg\",\"datePublished\":\"2020-10-22T21:54:54+00:00\",\"dateModified\":\"2020-10-22T21:54:59+00:00\",\"breadcrumb\":{\"@id\":\"https:\\\/\\\/diarioprincipios.com\\\/index.php\\\/2020\\\/10\\\/22\\\/detienen-a-dos-jovenes-acusados-de-haber-participado-en-el-crimen-de-la-beba-de-dock-sud\\\/#breadcrumb\"},\"inLanguage\":\"es\",\"potentialAction\":[{\"@type\":\"ReadAction\",\"target\":[\"https:\\\/\\\/diarioprincipios.com\\\/index.php\\\/2020\\\/10\\\/22\\\/detienen-a-dos-jovenes-acusados-de-haber-participado-en-el-crimen-de-la-beba-de-dock-sud\\\/\"]}]},{\"@type\":\"ImageObject\",\"inLanguage\":\"es\",\"@id\":\"https:\\\/\\\/diarioprincipios.com\\\/index.php\\\/2020\\\/10\\\/22\\\/detienen-a-dos-jovenes-acusados-de-haber-participado-en-el-crimen-de-la-beba-de-dock-sud\\\/#primaryimage\",\"url\":\"https:\\\/\\\/diarioprincipios.com\\\/wp-content\\\/uploads\\\/2020\\\/10\\\/Screenshot_20201022-185239_Chrome.jpg\",\"contentUrl\":\"https:\\\/\\\/diarioprincipios.com\\\/wp-content\\\/uploads\\\/2020\\\/10\\\/Screenshot_20201022-185239_Chrome.jpg\",\"width\":1080,\"height\":631},{\"@type\":\"BreadcrumbList\",\"@id\":\"https:\\\/\\\/diarioprincipios.com\\\/index.php\\\/2020\\\/10\\\/22\\\/detienen-a-dos-jovenes-acusados-de-haber-participado-en-el-crimen-de-la-beba-de-dock-sud\\\/#breadcrumb\",\"itemListElement\":[{\"@type\":\"ListItem\",\"position\":1,\"name\":\"Portada\",\"item\":\"https:\\\/\\\/diarioprincipios.com\\\/\"},{\"@type\":\"ListItem\",\"position\":2,\"name\":\"Detienen a dos j\u00f3venes acusados de haber participado en el crimen de la beba de Dock Sud\"}]},{\"@type\":\"WebSite\",\"@id\":\"https:\\\/\\\/diarioprincipios.com\\\/#website\",\"url\":\"https:\\\/\\\/diarioprincipios.com\\\/\",\"name\":\"Principios\",\"description\":\"Principios Diario\",\"publisher\":{\"@id\":\"https:\\\/\\\/diarioprincipios.com\\\/#organization\"},\"potentialAction\":[{\"@type\":\"SearchAction\",\"target\":{\"@type\":\"EntryPoint\",\"urlTemplate\":\"https:\\\/\\\/diarioprincipios.com\\\/?s={search_term_string}\"},\"query-input\":{\"@type\":\"PropertyValueSpecification\",\"valueRequired\":true,\"valueName\":\"search_term_string\"}}],\"inLanguage\":\"es\"},{\"@type\":\"Organization\",\"@id\":\"https:\\\/\\\/diarioprincipios.com\\\/#organization\",\"name\":\"Principios\",\"url\":\"https:\\\/\\\/diarioprincipios.com\\\/\",\"logo\":{\"@type\":\"ImageObject\",\"inLanguage\":\"es\",\"@id\":\"https:\\\/\\\/diarioprincipios.com\\\/#\\\/schema\\\/logo\\\/image\\\/\",\"url\":\"https:\\\/\\\/diarioprincipios.com\\\/wp-content\\\/uploads\\\/2024\\\/04\\\/cropped-www.diarioprincipios.com_-1.png\",\"contentUrl\":\"https:\\\/\\\/diarioprincipios.com\\\/wp-content\\\/uploads\\\/2024\\\/04\\\/cropped-www.diarioprincipios.com_-1.png\",\"width\":5325,\"height\":1454,\"caption\":\"Principios\"},\"image\":{\"@id\":\"https:\\\/\\\/diarioprincipios.com\\\/#\\\/schema\\\/logo\\\/image\\\/\"}},{\"@type\":\"Person\",\"@id\":\"https:\\\/\\\/diarioprincipios.com\\\/#\\\/schema\\\/person\\\/436d5a1fd41a5e250e23ff5a6a7cb080\",\"name\":\"Hern\u00e1n L\u00f3pez\",\"image\":{\"@type\":\"ImageObject\",\"inLanguage\":\"es\",\"@id\":\"https:\\\/\\\/diarioprincipios.com\\\/wp-content\\\/litespeed\\\/avatar\\\/11ddfe5610ff3bd100522525b2571f48.jpg?ver=1777653193\",\"url\":\"https:\\\/\\\/diarioprincipios.com\\\/wp-content\\\/litespeed\\\/avatar\\\/11ddfe5610ff3bd100522525b2571f48.jpg?ver=1777653193\",\"contentUrl\":\"https:\\\/\\\/diarioprincipios.com\\\/wp-content\\\/litespeed\\\/avatar\\\/11ddfe5610ff3bd100522525b2571f48.jpg?ver=1777653193\",\"caption\":\"Hern\u00e1n L\u00f3pez\"},\"url\":\"https:\\\/\\\/diarioprincipios.com\\\/index.php\\\/author\\\/hernan\\\/\"}]}<\/script>\n<!-- \/ Yoast SEO plugin. -->","yoast_head_json":{"title":"Detienen a dos j\u00f3venes acusados de haber participado en el crimen de la beba de Dock Sud - Principios","robots":{"index":"index","follow":"follow","max-snippet":"max-snippet:-1","max-image-preview":"max-image-preview:large","max-video-preview":"max-video-preview:-1"},"canonical":"https:\/\/diarioprincipios.com\/index.php\/2020\/10\/22\/detienen-a-dos-jovenes-acusados-de-haber-participado-en-el-crimen-de-la-beba-de-dock-sud\/","og_locale":"es_ES","og_type":"article","og_title":"Detienen a dos j\u00f3venes acusados de haber participado en el crimen de la beba de Dock Sud - Principios","og_description":"Dos j\u00f3venes fueron detenidos esta tarde como acusados de haber participado del crimen de una beba de cinco meses de un balazo en la cabeza durante una pelea entre bandas, en la localidad bonaerense de Dock Sud, informaron fuentes judiciales. Las detenciones se registraron pasadas las 17.30 tras un allanamiento en la Torre 3 de...","og_url":"https:\/\/diarioprincipios.com\/index.php\/2020\/10\/22\/detienen-a-dos-jovenes-acusados-de-haber-participado-en-el-crimen-de-la-beba-de-dock-sud\/","og_site_name":"Principios","article_published_time":"2020-10-22T21:54:54+00:00","article_modified_time":"2020-10-22T21:54:59+00:00","og_image":[{"width":1080,"height":631,"url":"https:\/\/diarioprincipios.com\/wp-content\/uploads\/2020\/10\/Screenshot_20201022-185239_Chrome.jpg","type":"image\/jpeg"}],"author":"Hern\u00e1n L\u00f3pez","twitter_card":"summary_large_image","twitter_misc":{"Escrito por":"Hern\u00e1n L\u00f3pez"},"schema":{"@context":"https:\/\/schema.org","@graph":[{"@type":"Article","@id":"https:\/\/diarioprincipios.com\/index.php\/2020\/10\/22\/detienen-a-dos-jovenes-acusados-de-haber-participado-en-el-crimen-de-la-beba-de-dock-sud\/#article","isPartOf":{"@id":"https:\/\/diarioprincipios.com\/index.php\/2020\/10\/22\/detienen-a-dos-jovenes-acusados-de-haber-participado-en-el-crimen-de-la-beba-de-dock-sud\/"},"author":{"name":"Hern\u00e1n L\u00f3pez","@id":"https:\/\/diarioprincipios.com\/#\/schema\/person\/436d5a1fd41a5e250e23ff5a6a7cb080"},"headline":"Detienen a dos j\u00f3venes acusados de haber participado en el crimen de la beba de Dock Sud","datePublished":"2020-10-22T21:54:54+00:00","dateModified":"2020-10-22T21:54:59+00:00","mainEntityOfPage":{"@id":"https:\/\/diarioprincipios.com\/index.php\/2020\/10\/22\/detienen-a-dos-jovenes-acusados-de-haber-participado-en-el-crimen-de-la-beba-de-dock-sud\/"},"wordCount":106,"commentCount":0,"publisher":{"@id":"https:\/\/diarioprincipios.com\/#organization"},"image":{"@id":"https:\/\/diarioprincipios.com\/index.php\/2020\/10\/22\/detienen-a-dos-jovenes-acusados-de-haber-participado-en-el-crimen-de-la-beba-de-dock-sud\/#primaryimage"},"thumbnailUrl":"https:\/\/diarioprincipios.com\/wp-content\/uploads\/2020\/10\/Screenshot_20201022-185239_Chrome.jpg","articleSection":["Avellaneda"],"inLanguage":"es","potentialAction":[{"@type":"CommentAction","name":"Comment","target":["https:\/\/diarioprincipios.com\/index.php\/2020\/10\/22\/detienen-a-dos-jovenes-acusados-de-haber-participado-en-el-crimen-de-la-beba-de-dock-sud\/#respond"]}]},{"@type":"WebPage","@id":"https:\/\/diarioprincipios.com\/index.php\/2020\/10\/22\/detienen-a-dos-jovenes-acusados-de-haber-participado-en-el-crimen-de-la-beba-de-dock-sud\/","url":"https:\/\/diarioprincipios.com\/index.php\/2020\/10\/22\/detienen-a-dos-jovenes-acusados-de-haber-participado-en-el-crimen-de-la-beba-de-dock-sud\/","name":"Detienen a dos j\u00f3venes acusados de haber participado en el crimen de la beba de Dock Sud - Principios","isPartOf":{"@id":"https:\/\/diarioprincipios.com\/#website"},"primaryImageOfPage":{"@id":"https:\/\/diarioprincipios.com\/index.php\/2020\/10\/22\/detienen-a-dos-jovenes-acusados-de-haber-participado-en-el-crimen-de-la-beba-de-dock-sud\/#primaryimage"},"image":{"@id":"https:\/\/diarioprincipios.com\/index.php\/2020\/10\/22\/detienen-a-dos-jovenes-acusados-de-haber-participado-en-el-crimen-de-la-beba-de-dock-sud\/#primaryimage"},"thumbnailUrl":"https:\/\/diarioprincipios.com\/wp-content\/uploads\/2020\/10\/Screenshot_20201022-185239_Chrome.jpg","datePublished":"2020-10-22T21:54:54+00:00","dateModified":"2020-10-22T21:54:59+00:00","breadcrumb":{"@id":"https:\/\/diarioprincipios.com\/index.php\/2020\/10\/22\/detienen-a-dos-jovenes-acusados-de-haber-participado-en-el-crimen-de-la-beba-de-dock-sud\/#breadcrumb"},"inLanguage":"es","potentialAction":[{"@type":"ReadAction","target":["https:\/\/diarioprincipios.com\/index.php\/2020\/10\/22\/detienen-a-dos-jovenes-acusados-de-haber-participado-en-el-crimen-de-la-beba-de-dock-sud\/"]}]},{"@type":"ImageObject","inLanguage":"es","@id":"https:\/\/diarioprincipios.com\/index.php\/2020\/10\/22\/detienen-a-dos-jovenes-acusados-de-haber-participado-en-el-crimen-de-la-beba-de-dock-sud\/#primaryimage","url":"https:\/\/diarioprincipios.com\/wp-content\/uploads\/2020\/10\/Screenshot_20201022-185239_Chrome.jpg","contentUrl":"https:\/\/diarioprincipios.com\/wp-content\/uploads\/2020\/10\/Screenshot_20201022-185239_Chrome.jpg","width":1080,"height":631},{"@type":"BreadcrumbList","@id":"https:\/\/diarioprincipios.com\/index.php\/2020\/10\/22\/detienen-a-dos-jovenes-acusados-de-haber-participado-en-el-crimen-de-la-beba-de-dock-sud\/#breadcrumb","itemListElement":[{"@type":"ListItem","position":1,"name":"Portada","item":"https:\/\/diarioprincipios.com\/"},{"@type":"ListItem","position":2,"name":"Detienen a dos j\u00f3venes acusados de haber participado en el crimen de la beba de Dock Sud"}]},{"@type":"WebSite","@id":"https:\/\/diarioprincipios.com\/#website","url":"https:\/\/diarioprincipios.com\/","name":"Principios","description":"Principios Diario","publisher":{"@id":"https:\/\/diarioprincipios.com\/#organization"},"potentialAction":[{"@type":"SearchAction","target":{"@type":"EntryPoint","urlTemplate":"https:\/\/diarioprincipios.com\/?s={search_term_string}"},"query-input":{"@type":"PropertyValueSpecification","valueRequired":true,"valueName":"search_term_string"}}],"inLanguage":"es"},{"@type":"Organization","@id":"https:\/\/diarioprincipios.com\/#organization","name":"Principios","url":"https:\/\/diarioprincipios.com\/","logo":{"@type":"ImageObject","inLanguage":"es","@id":"https:\/\/diarioprincipios.com\/#\/schema\/logo\/image\/","url":"https:\/\/diarioprincipios.com\/wp-content\/uploads\/2024\/04\/cropped-www.diarioprincipios.com_-1.png","contentUrl":"https:\/\/diarioprincipios.com\/wp-content\/uploads\/2024\/04\/cropped-www.diarioprincipios.com_-1.png","width":5325,"height":1454,"caption":"Principios"},"image":{"@id":"https:\/\/diarioprincipios.com\/#\/schema\/logo\/image\/"}},{"@type":"Person","@id":"https:\/\/diarioprincipios.com\/#\/schema\/person\/436d5a1fd41a5e250e23ff5a6a7cb080","name":"Hern\u00e1n L\u00f3pez","image":{"@type":"ImageObject","inLanguage":"es","@id":"https:\/\/diarioprincipios.com\/wp-content\/litespeed\/avatar\/11ddfe5610ff3bd100522525b2571f48.jpg?ver=1777653193","url":"https:\/\/diarioprincipios.com\/wp-content\/litespeed\/avatar\/11ddfe5610ff3bd100522525b2571f48.jpg?ver=1777653193","contentUrl":"https:\/\/diarioprincipios.com\/wp-content\/litespeed\/avatar\/11ddfe5610ff3bd100522525b2571f48.jpg?ver=1777653193","caption":"Hern\u00e1n L\u00f3pez"},"url":"https:\/\/diarioprincipios.com\/index.php\/author\/hernan\/"}]}},"jetpack_featured_media_url":"https:\/\/diarioprincipios.com\/wp-content\/uploads\/2020\/10\/Screenshot_20201022-185239_Chrome.jpg","_links":{"self":[{"href":"https:\/\/diarioprincipios.com\/index.php\/wp-json\/wp\/v2\/posts\/6381","targetHints":{"allow":["GET"]}}],"collection":[{"href":"https:\/\/diarioprincipios.com\/index.php\/wp-json\/wp\/v2\/posts"}],"about":[{"href":"https:\/\/diarioprincipios.com\/index.php\/wp-json\/wp\/v2\/types\/post"}],"author":[{"embeddable":true,"href":"https:\/\/diarioprincipios.com\/index.php\/wp-json\/wp\/v2\/users\/2"}],"replies":[{"embeddable":true,"href":"https:\/\/diarioprincipios.com\/index.php\/wp-json\/wp\/v2\/comments?post=6381"}],"version-history":[{"count":1,"href":"https:\/\/diarioprincipios.com\/index.php\/wp-json\/wp\/v2\/posts\/6381\/revisions"}],"predecessor-version":[{"id":6383,"href":"https:\/\/diarioprincipios.com\/index.php\/wp-json\/wp\/v2\/posts\/6381\/revisions\/6383"}],"wp:featuredmedia":[{"embeddable":true,"href":"https:\/\/diarioprincipios.com\/index.php\/wp-json\/wp\/v2\/media\/6382"}],"wp:attachment":[{"href":"https:\/\/diarioprincipios.com\/index.php\/wp-json\/wp\/v2\/media?parent=6381"}],"wp:term":[{"taxonomy":"category","embeddable":true,"href":"https:\/\/diarioprincipios.com\/index.php\/wp-json\/wp\/v2\/categories?post=6381"},{"taxonomy":"post_tag","embeddable":true,"href":"https:\/\/diarioprincipios.com\/index.php\/wp-json\/wp\/v2\/tags?post=6381"}],"curies":[{"name":"wp","href":"https:\/\/api.w.org\/{rel}","templated":true}]}}