{"id":6370,"date":"2020-10-22T16:54:41","date_gmt":"2020-10-22T19:54:41","guid":{"rendered":"http:\/\/diarioprincipios.com\/?p=6370"},"modified":"2020-10-22T16:54:43","modified_gmt":"2020-10-22T19:54:43","slug":"kicillof-destaco-que-el-amba-lleva-siete-semanas-de-caida-en-contagios-de-coronavirus","status":"publish","type":"post","link":"https:\/\/diarioprincipios.com\/index.php\/2020\/10\/22\/kicillof-destaco-que-el-amba-lleva-siete-semanas-de-caida-en-contagios-de-coronavirus\/","title":{"rendered":"Kicillof destac\u00f3 que el AMBA lleva siete semanas de ca\u00edda en contagios de coronavirus"},"content":{"rendered":"\n<p>El gobernador bonaerense Axel Kicillof ratific\u00f3 hoy que continuar\u00e1 la apertura gradual de actividades en la zona metropolitana del AMBA mientras sigan en descenso los casos de coronavirus y destac\u00f3 que los contagios \u00abllevan siete semanas consecutivas de ca\u00edda\u00bb.<\/p>\n\n\n\n<p>\u00abLlevamos siete semanas seguidas de ca\u00edda de los casos de contagio en el Gran Buenos Aires gracias a las conductas sociales y el cumplimiento de las decisiones gubernamentales\u00bb, sostuvo.<\/p>\n\n\n\n<p>Agreg\u00f3 que si se pudo \u00abevitar una situaci\u00f3n mucho m\u00e1s grave fue porque una gran parte de la sociedad se est\u00e1 cuidando mucho y las medidas y los protocolos fueron exitosos\u00bb.<\/p>\n\n\n\n<p>\u00abSeguimos trabajando de forma coordinada con el Gobierno nacional y la Ciudad de Buenos Aires para sostener la apertura gradual de actividades en tanto bajen los casos\u00bb, consign\u00f3, pero asegur\u00f3 que la ciudadan\u00eda tambi\u00e9n debe estar preparada para \u00abretroceder\u00bb, si volvieran a aumentar los contagios, inform\u00f3 la Gobernaci\u00f3n.<\/p>\n\n\n\n<p>Kicillof mantuvo hoy una reuni\u00f3n con el Comit\u00e9 de Expertos y con los intendentes de toda la provincia de Buenos Aires para analizar la situaci\u00f3n epidemiol\u00f3gica en los municipios, de cara a una nueva etapa del aislamiento social, preventivo y obligatorio que se inicia el lunes pr\u00f3ximo.<\/p>\n\n\n\n<p>Kicillof escuch\u00f3 los diagn\u00f3sticos de los especialistas junto al jefe de Gabinete, Carlos Bianco; la vicegobernadora, Ver\u00f3nica Magario; los ministros de Salud, Daniel Gollan, de Producci\u00f3n, Ciencia e Innovaci\u00f3n Tecnol\u00f3gica, Augusto Costa, y de Gobierno, Teresa Garc\u00eda; la directora general de Cultura y Educaci\u00f3n, Agustina Vila; y el viceministro de Salud, Nicol\u00e1s Kreplak.<\/p>\n\n\n\n<p>Gollan detall\u00f3 que se est\u00e1n \u00abprocesando miles de llamados por semana en los centros de telemedicina\u00bb, algo que permite \u00abcontar con datos que dan cuenta de un descenso sostenido en el tiempo en el primer y segundo cord\u00f3n del conurbano\u201d.<\/p>\n\n\n\n<p>\u00abHay que ser muy cautos y esperar que los casos tambi\u00e9n se vayan estabilizando en las ciudades del interior\u00bb, advirti\u00f3.<\/p>\n\n\n\n<p>En tanto, los expertos plantearon distintos escenarios de cara a la temporada de verano y la necesidad de controlar los protocolos, especialmente en el \u00e1rea de transporte.<\/p>\n\n\n\n<p>Durante el encuentro con intendentes, Costa expuso sobre las medidas establecidas para la pr\u00f3xima temporada tur\u00edstica.<\/p>\n\n\n\n<p>\u00abLa conducta de quienes puedan viajar y el respeto de los protocolos ser\u00e1n fundamentales porque la temporada estar\u00e1 sujeta a la situaci\u00f3n epidemiol\u00f3gica\u00bb, precis\u00f3.<\/p>\n\n\n\n<p>Adem\u00e1s, inform\u00f3 que en las reuniones que mantuvo en las \u00faltimas horas con representantes de la actividad teatral se acord\u00f3 \u00abtrabajar en una mesa t\u00e9cnica para que las salas grandes se puedan habilitar si se adecuan los sistemas de ventilaci\u00f3n y se respetan normas de aforo\u00bb.<\/p>\n\n\n\n<p>\u00abTambi\u00e9n trabajaremos para que las obras independientes puedan contar con instalaciones, ya sea en espacios p\u00fablicos o privados, donde llevar adelante sus expresiones art\u00edsticas\u00bb, indic\u00f3 el ministro.<\/p>\n\n\n\n<p>Por su parte, Vila respondi\u00f3 inquietudes de los jefes municipales respecto al regreso progresivo de algunos estudiantes a las escuelas en los municipios donde la situaci\u00f3n lo permite y aclar\u00f3 que \u00aben un primer momento, solo involucrar\u00e1 a chicos y chicas con problemas en sus trayectorias educativas\u00bb.<\/p>\n","protected":false},"excerpt":{"rendered":"<p>El gobernador bonaerense Axel Kicillof ratific\u00f3 hoy que continuar\u00e1 la apertura gradual de actividades en la zona metropolitana del AMBA mientras sigan en descenso los casos de coronavirus y destac\u00f3 que los contagios \u00abllevan siete semanas consecutivas de ca\u00edda\u00bb. \u00abLlevamos siete semanas seguidas de ca\u00edda de los casos de contagio en el Gran Buenos Aires&#8230;<\/p>\n","protected":false},"author":2,"featured_media":6371,"comment_status":"open","ping_status":"open","sticky":false,"template":"","format":"standard","meta":{"footnotes":""},"categories":[7],"tags":[],"class_list":["post-6370","post","type-post","status-publish","format-standard","has-post-thumbnail","hentry","category-provincia"],"featured_image_src":"https:\/\/diarioprincipios.com\/wp-content\/uploads\/2020\/10\/5ef3689749dc2_1004x565.jpg","blog_images":{"medium":"https:\/\/diarioprincipios.com\/wp-content\/uploads\/2020\/10\/5ef3689749dc2_1004x565-300x169.jpg","large":"https:\/\/diarioprincipios.com\/wp-content\/uploads\/2020\/10\/5ef3689749dc2_1004x565.jpg"},"ams_acf":[],"yoast_head":"<!-- This site is optimized with the Yoast SEO plugin v27.3 - https:\/\/yoast.com\/product\/yoast-seo-wordpress\/ -->\n<title>Kicillof destac\u00f3 que el AMBA lleva siete semanas de ca\u00edda en contagios de coronavirus - Principios<\/title>\n<meta name=\"robots\" content=\"index, follow, max-snippet:-1, max-image-preview:large, max-video-preview:-1\" \/>\n<link rel=\"canonical\" href=\"https:\/\/diarioprincipios.com\/index.php\/2020\/10\/22\/kicillof-destaco-que-el-amba-lleva-siete-semanas-de-caida-en-contagios-de-coronavirus\/\" \/>\n<meta property=\"og:locale\" content=\"es_ES\" \/>\n<meta property=\"og:type\" content=\"article\" \/>\n<meta property=\"og:title\" content=\"Kicillof destac\u00f3 que el AMBA lleva siete semanas de ca\u00edda en contagios de coronavirus - Principios\" \/>\n<meta property=\"og:description\" content=\"El gobernador bonaerense Axel Kicillof ratific\u00f3 hoy que continuar\u00e1 la apertura gradual de actividades en la zona metropolitana del AMBA mientras sigan en descenso los casos de coronavirus y destac\u00f3 que los contagios \u00abllevan siete semanas consecutivas de ca\u00edda\u00bb. \u00abLlevamos siete semanas seguidas de ca\u00edda de los casos de contagio en el Gran Buenos Aires...\" \/>\n<meta property=\"og:url\" content=\"https:\/\/diarioprincipios.com\/index.php\/2020\/10\/22\/kicillof-destaco-que-el-amba-lleva-siete-semanas-de-caida-en-contagios-de-coronavirus\/\" \/>\n<meta property=\"og:site_name\" content=\"Principios\" \/>\n<meta property=\"article:published_time\" content=\"2020-10-22T19:54:41+00:00\" \/>\n<meta property=\"article:modified_time\" content=\"2020-10-22T19:54:43+00:00\" \/>\n<meta property=\"og:image\" content=\"https:\/\/diarioprincipios.com\/wp-content\/uploads\/2020\/10\/5ef3689749dc2_1004x565.jpg\" \/>\n\t<meta property=\"og:image:width\" content=\"1004\" \/>\n\t<meta property=\"og:image:height\" content=\"565\" \/>\n\t<meta property=\"og:image:type\" content=\"image\/jpeg\" \/>\n<meta name=\"author\" content=\"Hern\u00e1n L\u00f3pez\" \/>\n<meta name=\"twitter:card\" content=\"summary_large_image\" \/>\n<meta name=\"twitter:label1\" content=\"Escrito por\" \/>\n\t<meta name=\"twitter:data1\" content=\"Hern\u00e1n L\u00f3pez\" \/>\n\t<meta name=\"twitter:label2\" content=\"Tiempo de lectura\" \/>\n\t<meta name=\"twitter:data2\" content=\"3 minutos\" \/>\n<script type=\"application\/ld+json\" class=\"yoast-schema-graph\">{\"@context\":\"https:\\\/\\\/schema.org\",\"@graph\":[{\"@type\":\"Article\",\"@id\":\"https:\\\/\\\/diarioprincipios.com\\\/index.php\\\/2020\\\/10\\\/22\\\/kicillof-destaco-que-el-amba-lleva-siete-semanas-de-caida-en-contagios-de-coronavirus\\\/#article\",\"isPartOf\":{\"@id\":\"https:\\\/\\\/diarioprincipios.com\\\/index.php\\\/2020\\\/10\\\/22\\\/kicillof-destaco-que-el-amba-lleva-siete-semanas-de-caida-en-contagios-de-coronavirus\\\/\"},\"author\":{\"name\":\"Hern\u00e1n L\u00f3pez\",\"@id\":\"https:\\\/\\\/diarioprincipios.com\\\/#\\\/schema\\\/person\\\/436d5a1fd41a5e250e23ff5a6a7cb080\"},\"headline\":\"Kicillof destac\u00f3 que el AMBA lleva siete semanas de ca\u00edda en contagios de coronavirus\",\"datePublished\":\"2020-10-22T19:54:41+00:00\",\"dateModified\":\"2020-10-22T19:54:43+00:00\",\"mainEntityOfPage\":{\"@id\":\"https:\\\/\\\/diarioprincipios.com\\\/index.php\\\/2020\\\/10\\\/22\\\/kicillof-destaco-que-el-amba-lleva-siete-semanas-de-caida-en-contagios-de-coronavirus\\\/\"},\"wordCount\":543,\"commentCount\":0,\"publisher\":{\"@id\":\"https:\\\/\\\/diarioprincipios.com\\\/#organization\"},\"image\":{\"@id\":\"https:\\\/\\\/diarioprincipios.com\\\/index.php\\\/2020\\\/10\\\/22\\\/kicillof-destaco-que-el-amba-lleva-siete-semanas-de-caida-en-contagios-de-coronavirus\\\/#primaryimage\"},\"thumbnailUrl\":\"https:\\\/\\\/diarioprincipios.com\\\/wp-content\\\/uploads\\\/2020\\\/10\\\/5ef3689749dc2_1004x565.jpg\",\"articleSection\":[\"Provincia\"],\"inLanguage\":\"es\",\"potentialAction\":[{\"@type\":\"CommentAction\",\"name\":\"Comment\",\"target\":[\"https:\\\/\\\/diarioprincipios.com\\\/index.php\\\/2020\\\/10\\\/22\\\/kicillof-destaco-que-el-amba-lleva-siete-semanas-de-caida-en-contagios-de-coronavirus\\\/#respond\"]}]},{\"@type\":\"WebPage\",\"@id\":\"https:\\\/\\\/diarioprincipios.com\\\/index.php\\\/2020\\\/10\\\/22\\\/kicillof-destaco-que-el-amba-lleva-siete-semanas-de-caida-en-contagios-de-coronavirus\\\/\",\"url\":\"https:\\\/\\\/diarioprincipios.com\\\/index.php\\\/2020\\\/10\\\/22\\\/kicillof-destaco-que-el-amba-lleva-siete-semanas-de-caida-en-contagios-de-coronavirus\\\/\",\"name\":\"Kicillof destac\u00f3 que el AMBA lleva siete semanas de ca\u00edda en contagios de coronavirus - Principios\",\"isPartOf\":{\"@id\":\"https:\\\/\\\/diarioprincipios.com\\\/#website\"},\"primaryImageOfPage\":{\"@id\":\"https:\\\/\\\/diarioprincipios.com\\\/index.php\\\/2020\\\/10\\\/22\\\/kicillof-destaco-que-el-amba-lleva-siete-semanas-de-caida-en-contagios-de-coronavirus\\\/#primaryimage\"},\"image\":{\"@id\":\"https:\\\/\\\/diarioprincipios.com\\\/index.php\\\/2020\\\/10\\\/22\\\/kicillof-destaco-que-el-amba-lleva-siete-semanas-de-caida-en-contagios-de-coronavirus\\\/#primaryimage\"},\"thumbnailUrl\":\"https:\\\/\\\/diarioprincipios.com\\\/wp-content\\\/uploads\\\/2020\\\/10\\\/5ef3689749dc2_1004x565.jpg\",\"datePublished\":\"2020-10-22T19:54:41+00:00\",\"dateModified\":\"2020-10-22T19:54:43+00:00\",\"breadcrumb\":{\"@id\":\"https:\\\/\\\/diarioprincipios.com\\\/index.php\\\/2020\\\/10\\\/22\\\/kicillof-destaco-que-el-amba-lleva-siete-semanas-de-caida-en-contagios-de-coronavirus\\\/#breadcrumb\"},\"inLanguage\":\"es\",\"potentialAction\":[{\"@type\":\"ReadAction\",\"target\":[\"https:\\\/\\\/diarioprincipios.com\\\/index.php\\\/2020\\\/10\\\/22\\\/kicillof-destaco-que-el-amba-lleva-siete-semanas-de-caida-en-contagios-de-coronavirus\\\/\"]}]},{\"@type\":\"ImageObject\",\"inLanguage\":\"es\",\"@id\":\"https:\\\/\\\/diarioprincipios.com\\\/index.php\\\/2020\\\/10\\\/22\\\/kicillof-destaco-que-el-amba-lleva-siete-semanas-de-caida-en-contagios-de-coronavirus\\\/#primaryimage\",\"url\":\"https:\\\/\\\/diarioprincipios.com\\\/wp-content\\\/uploads\\\/2020\\\/10\\\/5ef3689749dc2_1004x565.jpg\",\"contentUrl\":\"https:\\\/\\\/diarioprincipios.com\\\/wp-content\\\/uploads\\\/2020\\\/10\\\/5ef3689749dc2_1004x565.jpg\",\"width\":1004,\"height\":565},{\"@type\":\"BreadcrumbList\",\"@id\":\"https:\\\/\\\/diarioprincipios.com\\\/index.php\\\/2020\\\/10\\\/22\\\/kicillof-destaco-que-el-amba-lleva-siete-semanas-de-caida-en-contagios-de-coronavirus\\\/#breadcrumb\",\"itemListElement\":[{\"@type\":\"ListItem\",\"position\":1,\"name\":\"Portada\",\"item\":\"https:\\\/\\\/diarioprincipios.com\\\/\"},{\"@type\":\"ListItem\",\"position\":2,\"name\":\"Kicillof destac\u00f3 que el AMBA lleva siete semanas de ca\u00edda en contagios de coronavirus\"}]},{\"@type\":\"WebSite\",\"@id\":\"https:\\\/\\\/diarioprincipios.com\\\/#website\",\"url\":\"https:\\\/\\\/diarioprincipios.com\\\/\",\"name\":\"Principios\",\"description\":\"Principios Diario\",\"publisher\":{\"@id\":\"https:\\\/\\\/diarioprincipios.com\\\/#organization\"},\"potentialAction\":[{\"@type\":\"SearchAction\",\"target\":{\"@type\":\"EntryPoint\",\"urlTemplate\":\"https:\\\/\\\/diarioprincipios.com\\\/?s={search_term_string}\"},\"query-input\":{\"@type\":\"PropertyValueSpecification\",\"valueRequired\":true,\"valueName\":\"search_term_string\"}}],\"inLanguage\":\"es\"},{\"@type\":\"Organization\",\"@id\":\"https:\\\/\\\/diarioprincipios.com\\\/#organization\",\"name\":\"Principios\",\"url\":\"https:\\\/\\\/diarioprincipios.com\\\/\",\"logo\":{\"@type\":\"ImageObject\",\"inLanguage\":\"es\",\"@id\":\"https:\\\/\\\/diarioprincipios.com\\\/#\\\/schema\\\/logo\\\/image\\\/\",\"url\":\"https:\\\/\\\/diarioprincipios.com\\\/wp-content\\\/uploads\\\/2024\\\/04\\\/cropped-www.diarioprincipios.com_-1.png\",\"contentUrl\":\"https:\\\/\\\/diarioprincipios.com\\\/wp-content\\\/uploads\\\/2024\\\/04\\\/cropped-www.diarioprincipios.com_-1.png\",\"width\":5325,\"height\":1454,\"caption\":\"Principios\"},\"image\":{\"@id\":\"https:\\\/\\\/diarioprincipios.com\\\/#\\\/schema\\\/logo\\\/image\\\/\"}},{\"@type\":\"Person\",\"@id\":\"https:\\\/\\\/diarioprincipios.com\\\/#\\\/schema\\\/person\\\/436d5a1fd41a5e250e23ff5a6a7cb080\",\"name\":\"Hern\u00e1n L\u00f3pez\",\"image\":{\"@type\":\"ImageObject\",\"inLanguage\":\"es\",\"@id\":\"https:\\\/\\\/diarioprincipios.com\\\/wp-content\\\/litespeed\\\/avatar\\\/11ddfe5610ff3bd100522525b2571f48.jpg?ver=1777653193\",\"url\":\"https:\\\/\\\/diarioprincipios.com\\\/wp-content\\\/litespeed\\\/avatar\\\/11ddfe5610ff3bd100522525b2571f48.jpg?ver=1777653193\",\"contentUrl\":\"https:\\\/\\\/diarioprincipios.com\\\/wp-content\\\/litespeed\\\/avatar\\\/11ddfe5610ff3bd100522525b2571f48.jpg?ver=1777653193\",\"caption\":\"Hern\u00e1n L\u00f3pez\"},\"url\":\"https:\\\/\\\/diarioprincipios.com\\\/index.php\\\/author\\\/hernan\\\/\"}]}<\/script>\n<!-- \/ Yoast SEO plugin. -->","yoast_head_json":{"title":"Kicillof destac\u00f3 que el AMBA lleva siete semanas de ca\u00edda en contagios de coronavirus - Principios","robots":{"index":"index","follow":"follow","max-snippet":"max-snippet:-1","max-image-preview":"max-image-preview:large","max-video-preview":"max-video-preview:-1"},"canonical":"https:\/\/diarioprincipios.com\/index.php\/2020\/10\/22\/kicillof-destaco-que-el-amba-lleva-siete-semanas-de-caida-en-contagios-de-coronavirus\/","og_locale":"es_ES","og_type":"article","og_title":"Kicillof destac\u00f3 que el AMBA lleva siete semanas de ca\u00edda en contagios de coronavirus - Principios","og_description":"El gobernador bonaerense Axel Kicillof ratific\u00f3 hoy que continuar\u00e1 la apertura gradual de actividades en la zona metropolitana del AMBA mientras sigan en descenso los casos de coronavirus y destac\u00f3 que los contagios \u00abllevan siete semanas consecutivas de ca\u00edda\u00bb. \u00abLlevamos siete semanas seguidas de ca\u00edda de los casos de contagio en el Gran Buenos Aires...","og_url":"https:\/\/diarioprincipios.com\/index.php\/2020\/10\/22\/kicillof-destaco-que-el-amba-lleva-siete-semanas-de-caida-en-contagios-de-coronavirus\/","og_site_name":"Principios","article_published_time":"2020-10-22T19:54:41+00:00","article_modified_time":"2020-10-22T19:54:43+00:00","og_image":[{"width":1004,"height":565,"url":"https:\/\/diarioprincipios.com\/wp-content\/uploads\/2020\/10\/5ef3689749dc2_1004x565.jpg","type":"image\/jpeg"}],"author":"Hern\u00e1n L\u00f3pez","twitter_card":"summary_large_image","twitter_misc":{"Escrito por":"Hern\u00e1n L\u00f3pez","Tiempo de lectura":"3 minutos"},"schema":{"@context":"https:\/\/schema.org","@graph":[{"@type":"Article","@id":"https:\/\/diarioprincipios.com\/index.php\/2020\/10\/22\/kicillof-destaco-que-el-amba-lleva-siete-semanas-de-caida-en-contagios-de-coronavirus\/#article","isPartOf":{"@id":"https:\/\/diarioprincipios.com\/index.php\/2020\/10\/22\/kicillof-destaco-que-el-amba-lleva-siete-semanas-de-caida-en-contagios-de-coronavirus\/"},"author":{"name":"Hern\u00e1n L\u00f3pez","@id":"https:\/\/diarioprincipios.com\/#\/schema\/person\/436d5a1fd41a5e250e23ff5a6a7cb080"},"headline":"Kicillof destac\u00f3 que el AMBA lleva siete semanas de ca\u00edda en contagios de coronavirus","datePublished":"2020-10-22T19:54:41+00:00","dateModified":"2020-10-22T19:54:43+00:00","mainEntityOfPage":{"@id":"https:\/\/diarioprincipios.com\/index.php\/2020\/10\/22\/kicillof-destaco-que-el-amba-lleva-siete-semanas-de-caida-en-contagios-de-coronavirus\/"},"wordCount":543,"commentCount":0,"publisher":{"@id":"https:\/\/diarioprincipios.com\/#organization"},"image":{"@id":"https:\/\/diarioprincipios.com\/index.php\/2020\/10\/22\/kicillof-destaco-que-el-amba-lleva-siete-semanas-de-caida-en-contagios-de-coronavirus\/#primaryimage"},"thumbnailUrl":"https:\/\/diarioprincipios.com\/wp-content\/uploads\/2020\/10\/5ef3689749dc2_1004x565.jpg","articleSection":["Provincia"],"inLanguage":"es","potentialAction":[{"@type":"CommentAction","name":"Comment","target":["https:\/\/diarioprincipios.com\/index.php\/2020\/10\/22\/kicillof-destaco-que-el-amba-lleva-siete-semanas-de-caida-en-contagios-de-coronavirus\/#respond"]}]},{"@type":"WebPage","@id":"https:\/\/diarioprincipios.com\/index.php\/2020\/10\/22\/kicillof-destaco-que-el-amba-lleva-siete-semanas-de-caida-en-contagios-de-coronavirus\/","url":"https:\/\/diarioprincipios.com\/index.php\/2020\/10\/22\/kicillof-destaco-que-el-amba-lleva-siete-semanas-de-caida-en-contagios-de-coronavirus\/","name":"Kicillof destac\u00f3 que el AMBA lleva siete semanas de ca\u00edda en contagios de coronavirus - Principios","isPartOf":{"@id":"https:\/\/diarioprincipios.com\/#website"},"primaryImageOfPage":{"@id":"https:\/\/diarioprincipios.com\/index.php\/2020\/10\/22\/kicillof-destaco-que-el-amba-lleva-siete-semanas-de-caida-en-contagios-de-coronavirus\/#primaryimage"},"image":{"@id":"https:\/\/diarioprincipios.com\/index.php\/2020\/10\/22\/kicillof-destaco-que-el-amba-lleva-siete-semanas-de-caida-en-contagios-de-coronavirus\/#primaryimage"},"thumbnailUrl":"https:\/\/diarioprincipios.com\/wp-content\/uploads\/2020\/10\/5ef3689749dc2_1004x565.jpg","datePublished":"2020-10-22T19:54:41+00:00","dateModified":"2020-10-22T19:54:43+00:00","breadcrumb":{"@id":"https:\/\/diarioprincipios.com\/index.php\/2020\/10\/22\/kicillof-destaco-que-el-amba-lleva-siete-semanas-de-caida-en-contagios-de-coronavirus\/#breadcrumb"},"inLanguage":"es","potentialAction":[{"@type":"ReadAction","target":["https:\/\/diarioprincipios.com\/index.php\/2020\/10\/22\/kicillof-destaco-que-el-amba-lleva-siete-semanas-de-caida-en-contagios-de-coronavirus\/"]}]},{"@type":"ImageObject","inLanguage":"es","@id":"https:\/\/diarioprincipios.com\/index.php\/2020\/10\/22\/kicillof-destaco-que-el-amba-lleva-siete-semanas-de-caida-en-contagios-de-coronavirus\/#primaryimage","url":"https:\/\/diarioprincipios.com\/wp-content\/uploads\/2020\/10\/5ef3689749dc2_1004x565.jpg","contentUrl":"https:\/\/diarioprincipios.com\/wp-content\/uploads\/2020\/10\/5ef3689749dc2_1004x565.jpg","width":1004,"height":565},{"@type":"BreadcrumbList","@id":"https:\/\/diarioprincipios.com\/index.php\/2020\/10\/22\/kicillof-destaco-que-el-amba-lleva-siete-semanas-de-caida-en-contagios-de-coronavirus\/#breadcrumb","itemListElement":[{"@type":"ListItem","position":1,"name":"Portada","item":"https:\/\/diarioprincipios.com\/"},{"@type":"ListItem","position":2,"name":"Kicillof destac\u00f3 que el AMBA lleva siete semanas de ca\u00edda en contagios de coronavirus"}]},{"@type":"WebSite","@id":"https:\/\/diarioprincipios.com\/#website","url":"https:\/\/diarioprincipios.com\/","name":"Principios","description":"Principios Diario","publisher":{"@id":"https:\/\/diarioprincipios.com\/#organization"},"potentialAction":[{"@type":"SearchAction","target":{"@type":"EntryPoint","urlTemplate":"https:\/\/diarioprincipios.com\/?s={search_term_string}"},"query-input":{"@type":"PropertyValueSpecification","valueRequired":true,"valueName":"search_term_string"}}],"inLanguage":"es"},{"@type":"Organization","@id":"https:\/\/diarioprincipios.com\/#organization","name":"Principios","url":"https:\/\/diarioprincipios.com\/","logo":{"@type":"ImageObject","inLanguage":"es","@id":"https:\/\/diarioprincipios.com\/#\/schema\/logo\/image\/","url":"https:\/\/diarioprincipios.com\/wp-content\/uploads\/2024\/04\/cropped-www.diarioprincipios.com_-1.png","contentUrl":"https:\/\/diarioprincipios.com\/wp-content\/uploads\/2024\/04\/cropped-www.diarioprincipios.com_-1.png","width":5325,"height":1454,"caption":"Principios"},"image":{"@id":"https:\/\/diarioprincipios.com\/#\/schema\/logo\/image\/"}},{"@type":"Person","@id":"https:\/\/diarioprincipios.com\/#\/schema\/person\/436d5a1fd41a5e250e23ff5a6a7cb080","name":"Hern\u00e1n L\u00f3pez","image":{"@type":"ImageObject","inLanguage":"es","@id":"https:\/\/diarioprincipios.com\/wp-content\/litespeed\/avatar\/11ddfe5610ff3bd100522525b2571f48.jpg?ver=1777653193","url":"https:\/\/diarioprincipios.com\/wp-content\/litespeed\/avatar\/11ddfe5610ff3bd100522525b2571f48.jpg?ver=1777653193","contentUrl":"https:\/\/diarioprincipios.com\/wp-content\/litespeed\/avatar\/11ddfe5610ff3bd100522525b2571f48.jpg?ver=1777653193","caption":"Hern\u00e1n L\u00f3pez"},"url":"https:\/\/diarioprincipios.com\/index.php\/author\/hernan\/"}]}},"jetpack_featured_media_url":"https:\/\/diarioprincipios.com\/wp-content\/uploads\/2020\/10\/5ef3689749dc2_1004x565.jpg","_links":{"self":[{"href":"https:\/\/diarioprincipios.com\/index.php\/wp-json\/wp\/v2\/posts\/6370","targetHints":{"allow":["GET"]}}],"collection":[{"href":"https:\/\/diarioprincipios.com\/index.php\/wp-json\/wp\/v2\/posts"}],"about":[{"href":"https:\/\/diarioprincipios.com\/index.php\/wp-json\/wp\/v2\/types\/post"}],"author":[{"embeddable":true,"href":"https:\/\/diarioprincipios.com\/index.php\/wp-json\/wp\/v2\/users\/2"}],"replies":[{"embeddable":true,"href":"https:\/\/diarioprincipios.com\/index.php\/wp-json\/wp\/v2\/comments?post=6370"}],"version-history":[{"count":1,"href":"https:\/\/diarioprincipios.com\/index.php\/wp-json\/wp\/v2\/posts\/6370\/revisions"}],"predecessor-version":[{"id":6372,"href":"https:\/\/diarioprincipios.com\/index.php\/wp-json\/wp\/v2\/posts\/6370\/revisions\/6372"}],"wp:featuredmedia":[{"embeddable":true,"href":"https:\/\/diarioprincipios.com\/index.php\/wp-json\/wp\/v2\/media\/6371"}],"wp:attachment":[{"href":"https:\/\/diarioprincipios.com\/index.php\/wp-json\/wp\/v2\/media?parent=6370"}],"wp:term":[{"taxonomy":"category","embeddable":true,"href":"https:\/\/diarioprincipios.com\/index.php\/wp-json\/wp\/v2\/categories?post=6370"},{"taxonomy":"post_tag","embeddable":true,"href":"https:\/\/diarioprincipios.com\/index.php\/wp-json\/wp\/v2\/tags?post=6370"}],"curies":[{"name":"wp","href":"https:\/\/api.w.org\/{rel}","templated":true}]}}