{"id":6280,"date":"2020-10-19T10:34:40","date_gmt":"2020-10-19T13:34:40","guid":{"rendered":"http:\/\/diarioprincipios.com\/?p=6280"},"modified":"2020-10-19T10:37:05","modified_gmt":"2020-10-19T13:37:05","slug":"el-gobierno-bonaerense-se-reune-hoy-con-medicos-de-cicop-por-paritarias-del-sector-de-la-salud","status":"publish","type":"post","link":"https:\/\/diarioprincipios.com\/index.php\/2020\/10\/19\/el-gobierno-bonaerense-se-reune-hoy-con-medicos-de-cicop-por-paritarias-del-sector-de-la-salud\/","title":{"rendered":"El Gobierno Bonaerense se re\u00fane hoy con m\u00e9dicos de Cicop por paritarias del sector de la salud"},"content":{"rendered":"\n<p>El Gobierno bonaerense se reunir\u00e1 hoy en paritarias con los m\u00e9dicos nucleados en la Asociaci\u00f3n Sindical de Trabajadores de la Salud de la provincia de Buenos Aires (Cicop), para intentar alcanzar un acuerdo de aumento salarial.<\/p>\n\n\n\n<p>En un comunicado, el sindicato manifest\u00f3 que tomar\u00e1n como referencia para el salario inicial \u00abel valor de la canasta b\u00e1sica publicada por la Junta Interna de ATE\/Indec\u00bb, es decir \u00abunos 72.000 pesos\u00bb.<\/p>\n\n\n\n<p>\u00abLa propuesta debe considerar una recomposici\u00f3n largamente postergada, que haga que tanto los profesionales ingresantes como aquellos que llevan a\u00f1os en el Sistema P\u00fablico de Salud bonaerense, perciban sueldos que se condigan con la responsabilidad y la jerarqu\u00eda de la tarea que llevan adelante\u00bb, sostuvo en un comunicado el gremio.<\/p>\n\n\n\n<p>Agreg\u00f3 que el reclamo de Cicop \u00abadquiere en el contexto de la pandemia un car\u00e1cter a\u00fan m\u00e1s acuciante, que debe ser atendido prioritariamente en la propuesta paritaria\u00bb.<\/p>\n\n\n\n<p>Entre los puntos que plantear\u00e1n hoy al Ejecutivo en el marco de la reuni\u00f3n convocada para las 14, pedir\u00e1n una recomposici\u00f3n salarial y \u00abrespuestas acordes\u00bb a la situaci\u00f3n.<\/p>\n\n\n\n<p>\u00abNo alcanza con un aumento salarial acorde con la inflaci\u00f3n; necesitamos una verdadera recomposici\u00f3n salarial\u00bb, advirtieron.<\/p>\n\n\n\n<p>Por otro lado, indicaron que esta semana se pondr\u00e1 en discusi\u00f3n en asambleas no s\u00f3lo la propuesta paritaria que haga el Gobierno sino tambi\u00e9n las medidas que se adoptar\u00e1n en caso de que esa oferta no sea aceptada.<\/p>\n\n\n\n<p>\u00abLos mandatos surgidos de esas asambleas ser\u00e1n puestos en com\u00fan en el congreso de delegados del pr\u00f3ximo viernes, donde tambi\u00e9n tendremos que volver a evaluar el proceso y cronograma electoral, seg\u00fan lo resuelto en el congreso anterior\u00bb, subrayaron desde el gremio.<\/p>\n","protected":false},"excerpt":{"rendered":"<p>El Gobierno bonaerense se reunir\u00e1 hoy en paritarias con los m\u00e9dicos nucleados en la Asociaci\u00f3n Sindical de Trabajadores de la Salud de la provincia de Buenos Aires (Cicop), para intentar alcanzar un acuerdo de aumento salarial. En un comunicado, el sindicato manifest\u00f3 que tomar\u00e1n como referencia para el salario inicial \u00abel valor de la canasta&#8230;<\/p>\n","protected":false},"author":2,"featured_media":6284,"comment_status":"open","ping_status":"open","sticky":false,"template":"","format":"standard","meta":{"footnotes":""},"categories":[7],"tags":[],"class_list":["post-6280","post","type-post","status-publish","format-standard","has-post-thumbnail","hentry","category-provincia"],"featured_image_src":"https:\/\/diarioprincipios.com\/wp-content\/uploads\/2020\/10\/20201019_103603.jpg","blog_images":{"medium":"https:\/\/diarioprincipios.com\/wp-content\/uploads\/2020\/10\/20201019_103603-300x167.jpg","large":"https:\/\/diarioprincipios.com\/wp-content\/uploads\/2020\/10\/20201019_103603.jpg"},"ams_acf":[],"yoast_head":"<!-- This site is optimized with the Yoast SEO plugin v27.3 - https:\/\/yoast.com\/product\/yoast-seo-wordpress\/ -->\n<title>El Gobierno Bonaerense se re\u00fane hoy con m\u00e9dicos de Cicop por paritarias del sector de la salud - Principios<\/title>\n<meta name=\"robots\" content=\"index, follow, max-snippet:-1, max-image-preview:large, max-video-preview:-1\" \/>\n<link rel=\"canonical\" href=\"https:\/\/diarioprincipios.com\/index.php\/2020\/10\/19\/el-gobierno-bonaerense-se-reune-hoy-con-medicos-de-cicop-por-paritarias-del-sector-de-la-salud\/\" \/>\n<meta property=\"og:locale\" content=\"es_ES\" \/>\n<meta property=\"og:type\" content=\"article\" \/>\n<meta property=\"og:title\" content=\"El Gobierno Bonaerense se re\u00fane hoy con m\u00e9dicos de Cicop por paritarias del sector de la salud - Principios\" \/>\n<meta property=\"og:description\" content=\"El Gobierno bonaerense se reunir\u00e1 hoy en paritarias con los m\u00e9dicos nucleados en la Asociaci\u00f3n Sindical de Trabajadores de la Salud de la provincia de Buenos Aires (Cicop), para intentar alcanzar un acuerdo de aumento salarial. En un comunicado, el sindicato manifest\u00f3 que tomar\u00e1n como referencia para el salario inicial \u00abel valor de la canasta...\" \/>\n<meta property=\"og:url\" content=\"https:\/\/diarioprincipios.com\/index.php\/2020\/10\/19\/el-gobierno-bonaerense-se-reune-hoy-con-medicos-de-cicop-por-paritarias-del-sector-de-la-salud\/\" \/>\n<meta property=\"og:site_name\" content=\"Principios\" \/>\n<meta property=\"article:published_time\" content=\"2020-10-19T13:34:40+00:00\" \/>\n<meta property=\"article:modified_time\" content=\"2020-10-19T13:37:05+00:00\" \/>\n<meta property=\"og:image\" content=\"https:\/\/diarioprincipios.com\/wp-content\/uploads\/2020\/10\/20201019_103603.jpg\" \/>\n\t<meta property=\"og:image:width\" content=\"400\" \/>\n\t<meta property=\"og:image:height\" content=\"223\" \/>\n\t<meta property=\"og:image:type\" content=\"image\/jpeg\" \/>\n<meta name=\"author\" content=\"Hern\u00e1n L\u00f3pez\" \/>\n<meta name=\"twitter:card\" content=\"summary_large_image\" \/>\n<meta name=\"twitter:label1\" content=\"Escrito por\" \/>\n\t<meta name=\"twitter:data1\" content=\"Hern\u00e1n L\u00f3pez\" \/>\n\t<meta name=\"twitter:label2\" content=\"Tiempo de lectura\" \/>\n\t<meta name=\"twitter:data2\" content=\"1 minuto\" \/>\n<script type=\"application\/ld+json\" class=\"yoast-schema-graph\">{\"@context\":\"https:\\\/\\\/schema.org\",\"@graph\":[{\"@type\":\"Article\",\"@id\":\"https:\\\/\\\/diarioprincipios.com\\\/index.php\\\/2020\\\/10\\\/19\\\/el-gobierno-bonaerense-se-reune-hoy-con-medicos-de-cicop-por-paritarias-del-sector-de-la-salud\\\/#article\",\"isPartOf\":{\"@id\":\"https:\\\/\\\/diarioprincipios.com\\\/index.php\\\/2020\\\/10\\\/19\\\/el-gobierno-bonaerense-se-reune-hoy-con-medicos-de-cicop-por-paritarias-del-sector-de-la-salud\\\/\"},\"author\":{\"name\":\"Hern\u00e1n L\u00f3pez\",\"@id\":\"https:\\\/\\\/diarioprincipios.com\\\/#\\\/schema\\\/person\\\/436d5a1fd41a5e250e23ff5a6a7cb080\"},\"headline\":\"El Gobierno Bonaerense se re\u00fane hoy con m\u00e9dicos de Cicop por paritarias del sector de la salud\",\"datePublished\":\"2020-10-19T13:34:40+00:00\",\"dateModified\":\"2020-10-19T13:37:05+00:00\",\"mainEntityOfPage\":{\"@id\":\"https:\\\/\\\/diarioprincipios.com\\\/index.php\\\/2020\\\/10\\\/19\\\/el-gobierno-bonaerense-se-reune-hoy-con-medicos-de-cicop-por-paritarias-del-sector-de-la-salud\\\/\"},\"wordCount\":313,\"commentCount\":0,\"publisher\":{\"@id\":\"https:\\\/\\\/diarioprincipios.com\\\/#organization\"},\"image\":{\"@id\":\"https:\\\/\\\/diarioprincipios.com\\\/index.php\\\/2020\\\/10\\\/19\\\/el-gobierno-bonaerense-se-reune-hoy-con-medicos-de-cicop-por-paritarias-del-sector-de-la-salud\\\/#primaryimage\"},\"thumbnailUrl\":\"https:\\\/\\\/diarioprincipios.com\\\/wp-content\\\/uploads\\\/2020\\\/10\\\/20201019_103603.jpg\",\"articleSection\":[\"Provincia\"],\"inLanguage\":\"es\",\"potentialAction\":[{\"@type\":\"CommentAction\",\"name\":\"Comment\",\"target\":[\"https:\\\/\\\/diarioprincipios.com\\\/index.php\\\/2020\\\/10\\\/19\\\/el-gobierno-bonaerense-se-reune-hoy-con-medicos-de-cicop-por-paritarias-del-sector-de-la-salud\\\/#respond\"]}]},{\"@type\":\"WebPage\",\"@id\":\"https:\\\/\\\/diarioprincipios.com\\\/index.php\\\/2020\\\/10\\\/19\\\/el-gobierno-bonaerense-se-reune-hoy-con-medicos-de-cicop-por-paritarias-del-sector-de-la-salud\\\/\",\"url\":\"https:\\\/\\\/diarioprincipios.com\\\/index.php\\\/2020\\\/10\\\/19\\\/el-gobierno-bonaerense-se-reune-hoy-con-medicos-de-cicop-por-paritarias-del-sector-de-la-salud\\\/\",\"name\":\"El Gobierno Bonaerense se re\u00fane hoy con m\u00e9dicos de Cicop por paritarias del sector de la salud - Principios\",\"isPartOf\":{\"@id\":\"https:\\\/\\\/diarioprincipios.com\\\/#website\"},\"primaryImageOfPage\":{\"@id\":\"https:\\\/\\\/diarioprincipios.com\\\/index.php\\\/2020\\\/10\\\/19\\\/el-gobierno-bonaerense-se-reune-hoy-con-medicos-de-cicop-por-paritarias-del-sector-de-la-salud\\\/#primaryimage\"},\"image\":{\"@id\":\"https:\\\/\\\/diarioprincipios.com\\\/index.php\\\/2020\\\/10\\\/19\\\/el-gobierno-bonaerense-se-reune-hoy-con-medicos-de-cicop-por-paritarias-del-sector-de-la-salud\\\/#primaryimage\"},\"thumbnailUrl\":\"https:\\\/\\\/diarioprincipios.com\\\/wp-content\\\/uploads\\\/2020\\\/10\\\/20201019_103603.jpg\",\"datePublished\":\"2020-10-19T13:34:40+00:00\",\"dateModified\":\"2020-10-19T13:37:05+00:00\",\"breadcrumb\":{\"@id\":\"https:\\\/\\\/diarioprincipios.com\\\/index.php\\\/2020\\\/10\\\/19\\\/el-gobierno-bonaerense-se-reune-hoy-con-medicos-de-cicop-por-paritarias-del-sector-de-la-salud\\\/#breadcrumb\"},\"inLanguage\":\"es\",\"potentialAction\":[{\"@type\":\"ReadAction\",\"target\":[\"https:\\\/\\\/diarioprincipios.com\\\/index.php\\\/2020\\\/10\\\/19\\\/el-gobierno-bonaerense-se-reune-hoy-con-medicos-de-cicop-por-paritarias-del-sector-de-la-salud\\\/\"]}]},{\"@type\":\"ImageObject\",\"inLanguage\":\"es\",\"@id\":\"https:\\\/\\\/diarioprincipios.com\\\/index.php\\\/2020\\\/10\\\/19\\\/el-gobierno-bonaerense-se-reune-hoy-con-medicos-de-cicop-por-paritarias-del-sector-de-la-salud\\\/#primaryimage\",\"url\":\"https:\\\/\\\/diarioprincipios.com\\\/wp-content\\\/uploads\\\/2020\\\/10\\\/20201019_103603.jpg\",\"contentUrl\":\"https:\\\/\\\/diarioprincipios.com\\\/wp-content\\\/uploads\\\/2020\\\/10\\\/20201019_103603.jpg\",\"width\":400,\"height\":223},{\"@type\":\"BreadcrumbList\",\"@id\":\"https:\\\/\\\/diarioprincipios.com\\\/index.php\\\/2020\\\/10\\\/19\\\/el-gobierno-bonaerense-se-reune-hoy-con-medicos-de-cicop-por-paritarias-del-sector-de-la-salud\\\/#breadcrumb\",\"itemListElement\":[{\"@type\":\"ListItem\",\"position\":1,\"name\":\"Portada\",\"item\":\"https:\\\/\\\/diarioprincipios.com\\\/\"},{\"@type\":\"ListItem\",\"position\":2,\"name\":\"El Gobierno Bonaerense se re\u00fane hoy con m\u00e9dicos de Cicop por paritarias del sector de la salud\"}]},{\"@type\":\"WebSite\",\"@id\":\"https:\\\/\\\/diarioprincipios.com\\\/#website\",\"url\":\"https:\\\/\\\/diarioprincipios.com\\\/\",\"name\":\"Principios\",\"description\":\"Principios Diario\",\"publisher\":{\"@id\":\"https:\\\/\\\/diarioprincipios.com\\\/#organization\"},\"potentialAction\":[{\"@type\":\"SearchAction\",\"target\":{\"@type\":\"EntryPoint\",\"urlTemplate\":\"https:\\\/\\\/diarioprincipios.com\\\/?s={search_term_string}\"},\"query-input\":{\"@type\":\"PropertyValueSpecification\",\"valueRequired\":true,\"valueName\":\"search_term_string\"}}],\"inLanguage\":\"es\"},{\"@type\":\"Organization\",\"@id\":\"https:\\\/\\\/diarioprincipios.com\\\/#organization\",\"name\":\"Principios\",\"url\":\"https:\\\/\\\/diarioprincipios.com\\\/\",\"logo\":{\"@type\":\"ImageObject\",\"inLanguage\":\"es\",\"@id\":\"https:\\\/\\\/diarioprincipios.com\\\/#\\\/schema\\\/logo\\\/image\\\/\",\"url\":\"https:\\\/\\\/diarioprincipios.com\\\/wp-content\\\/uploads\\\/2024\\\/04\\\/cropped-www.diarioprincipios.com_-1.png\",\"contentUrl\":\"https:\\\/\\\/diarioprincipios.com\\\/wp-content\\\/uploads\\\/2024\\\/04\\\/cropped-www.diarioprincipios.com_-1.png\",\"width\":5325,\"height\":1454,\"caption\":\"Principios\"},\"image\":{\"@id\":\"https:\\\/\\\/diarioprincipios.com\\\/#\\\/schema\\\/logo\\\/image\\\/\"}},{\"@type\":\"Person\",\"@id\":\"https:\\\/\\\/diarioprincipios.com\\\/#\\\/schema\\\/person\\\/436d5a1fd41a5e250e23ff5a6a7cb080\",\"name\":\"Hern\u00e1n L\u00f3pez\",\"image\":{\"@type\":\"ImageObject\",\"inLanguage\":\"es\",\"@id\":\"https:\\\/\\\/diarioprincipios.com\\\/wp-content\\\/litespeed\\\/avatar\\\/11ddfe5610ff3bd100522525b2571f48.jpg?ver=1777048341\",\"url\":\"https:\\\/\\\/diarioprincipios.com\\\/wp-content\\\/litespeed\\\/avatar\\\/11ddfe5610ff3bd100522525b2571f48.jpg?ver=1777048341\",\"contentUrl\":\"https:\\\/\\\/diarioprincipios.com\\\/wp-content\\\/litespeed\\\/avatar\\\/11ddfe5610ff3bd100522525b2571f48.jpg?ver=1777048341\",\"caption\":\"Hern\u00e1n L\u00f3pez\"},\"url\":\"https:\\\/\\\/diarioprincipios.com\\\/index.php\\\/author\\\/hernan\\\/\"}]}<\/script>\n<!-- \/ Yoast SEO plugin. -->","yoast_head_json":{"title":"El Gobierno Bonaerense se re\u00fane hoy con m\u00e9dicos de Cicop por paritarias del sector de la salud - Principios","robots":{"index":"index","follow":"follow","max-snippet":"max-snippet:-1","max-image-preview":"max-image-preview:large","max-video-preview":"max-video-preview:-1"},"canonical":"https:\/\/diarioprincipios.com\/index.php\/2020\/10\/19\/el-gobierno-bonaerense-se-reune-hoy-con-medicos-de-cicop-por-paritarias-del-sector-de-la-salud\/","og_locale":"es_ES","og_type":"article","og_title":"El Gobierno Bonaerense se re\u00fane hoy con m\u00e9dicos de Cicop por paritarias del sector de la salud - Principios","og_description":"El Gobierno bonaerense se reunir\u00e1 hoy en paritarias con los m\u00e9dicos nucleados en la Asociaci\u00f3n Sindical de Trabajadores de la Salud de la provincia de Buenos Aires (Cicop), para intentar alcanzar un acuerdo de aumento salarial. En un comunicado, el sindicato manifest\u00f3 que tomar\u00e1n como referencia para el salario inicial \u00abel valor de la canasta...","og_url":"https:\/\/diarioprincipios.com\/index.php\/2020\/10\/19\/el-gobierno-bonaerense-se-reune-hoy-con-medicos-de-cicop-por-paritarias-del-sector-de-la-salud\/","og_site_name":"Principios","article_published_time":"2020-10-19T13:34:40+00:00","article_modified_time":"2020-10-19T13:37:05+00:00","og_image":[{"width":400,"height":223,"url":"https:\/\/diarioprincipios.com\/wp-content\/uploads\/2020\/10\/20201019_103603.jpg","type":"image\/jpeg"}],"author":"Hern\u00e1n L\u00f3pez","twitter_card":"summary_large_image","twitter_misc":{"Escrito por":"Hern\u00e1n L\u00f3pez","Tiempo de lectura":"1 minuto"},"schema":{"@context":"https:\/\/schema.org","@graph":[{"@type":"Article","@id":"https:\/\/diarioprincipios.com\/index.php\/2020\/10\/19\/el-gobierno-bonaerense-se-reune-hoy-con-medicos-de-cicop-por-paritarias-del-sector-de-la-salud\/#article","isPartOf":{"@id":"https:\/\/diarioprincipios.com\/index.php\/2020\/10\/19\/el-gobierno-bonaerense-se-reune-hoy-con-medicos-de-cicop-por-paritarias-del-sector-de-la-salud\/"},"author":{"name":"Hern\u00e1n L\u00f3pez","@id":"https:\/\/diarioprincipios.com\/#\/schema\/person\/436d5a1fd41a5e250e23ff5a6a7cb080"},"headline":"El Gobierno Bonaerense se re\u00fane hoy con m\u00e9dicos de Cicop por paritarias del sector de la salud","datePublished":"2020-10-19T13:34:40+00:00","dateModified":"2020-10-19T13:37:05+00:00","mainEntityOfPage":{"@id":"https:\/\/diarioprincipios.com\/index.php\/2020\/10\/19\/el-gobierno-bonaerense-se-reune-hoy-con-medicos-de-cicop-por-paritarias-del-sector-de-la-salud\/"},"wordCount":313,"commentCount":0,"publisher":{"@id":"https:\/\/diarioprincipios.com\/#organization"},"image":{"@id":"https:\/\/diarioprincipios.com\/index.php\/2020\/10\/19\/el-gobierno-bonaerense-se-reune-hoy-con-medicos-de-cicop-por-paritarias-del-sector-de-la-salud\/#primaryimage"},"thumbnailUrl":"https:\/\/diarioprincipios.com\/wp-content\/uploads\/2020\/10\/20201019_103603.jpg","articleSection":["Provincia"],"inLanguage":"es","potentialAction":[{"@type":"CommentAction","name":"Comment","target":["https:\/\/diarioprincipios.com\/index.php\/2020\/10\/19\/el-gobierno-bonaerense-se-reune-hoy-con-medicos-de-cicop-por-paritarias-del-sector-de-la-salud\/#respond"]}]},{"@type":"WebPage","@id":"https:\/\/diarioprincipios.com\/index.php\/2020\/10\/19\/el-gobierno-bonaerense-se-reune-hoy-con-medicos-de-cicop-por-paritarias-del-sector-de-la-salud\/","url":"https:\/\/diarioprincipios.com\/index.php\/2020\/10\/19\/el-gobierno-bonaerense-se-reune-hoy-con-medicos-de-cicop-por-paritarias-del-sector-de-la-salud\/","name":"El Gobierno Bonaerense se re\u00fane hoy con m\u00e9dicos de Cicop por paritarias del sector de la salud - Principios","isPartOf":{"@id":"https:\/\/diarioprincipios.com\/#website"},"primaryImageOfPage":{"@id":"https:\/\/diarioprincipios.com\/index.php\/2020\/10\/19\/el-gobierno-bonaerense-se-reune-hoy-con-medicos-de-cicop-por-paritarias-del-sector-de-la-salud\/#primaryimage"},"image":{"@id":"https:\/\/diarioprincipios.com\/index.php\/2020\/10\/19\/el-gobierno-bonaerense-se-reune-hoy-con-medicos-de-cicop-por-paritarias-del-sector-de-la-salud\/#primaryimage"},"thumbnailUrl":"https:\/\/diarioprincipios.com\/wp-content\/uploads\/2020\/10\/20201019_103603.jpg","datePublished":"2020-10-19T13:34:40+00:00","dateModified":"2020-10-19T13:37:05+00:00","breadcrumb":{"@id":"https:\/\/diarioprincipios.com\/index.php\/2020\/10\/19\/el-gobierno-bonaerense-se-reune-hoy-con-medicos-de-cicop-por-paritarias-del-sector-de-la-salud\/#breadcrumb"},"inLanguage":"es","potentialAction":[{"@type":"ReadAction","target":["https:\/\/diarioprincipios.com\/index.php\/2020\/10\/19\/el-gobierno-bonaerense-se-reune-hoy-con-medicos-de-cicop-por-paritarias-del-sector-de-la-salud\/"]}]},{"@type":"ImageObject","inLanguage":"es","@id":"https:\/\/diarioprincipios.com\/index.php\/2020\/10\/19\/el-gobierno-bonaerense-se-reune-hoy-con-medicos-de-cicop-por-paritarias-del-sector-de-la-salud\/#primaryimage","url":"https:\/\/diarioprincipios.com\/wp-content\/uploads\/2020\/10\/20201019_103603.jpg","contentUrl":"https:\/\/diarioprincipios.com\/wp-content\/uploads\/2020\/10\/20201019_103603.jpg","width":400,"height":223},{"@type":"BreadcrumbList","@id":"https:\/\/diarioprincipios.com\/index.php\/2020\/10\/19\/el-gobierno-bonaerense-se-reune-hoy-con-medicos-de-cicop-por-paritarias-del-sector-de-la-salud\/#breadcrumb","itemListElement":[{"@type":"ListItem","position":1,"name":"Portada","item":"https:\/\/diarioprincipios.com\/"},{"@type":"ListItem","position":2,"name":"El Gobierno Bonaerense se re\u00fane hoy con m\u00e9dicos de Cicop por paritarias del sector de la salud"}]},{"@type":"WebSite","@id":"https:\/\/diarioprincipios.com\/#website","url":"https:\/\/diarioprincipios.com\/","name":"Principios","description":"Principios Diario","publisher":{"@id":"https:\/\/diarioprincipios.com\/#organization"},"potentialAction":[{"@type":"SearchAction","target":{"@type":"EntryPoint","urlTemplate":"https:\/\/diarioprincipios.com\/?s={search_term_string}"},"query-input":{"@type":"PropertyValueSpecification","valueRequired":true,"valueName":"search_term_string"}}],"inLanguage":"es"},{"@type":"Organization","@id":"https:\/\/diarioprincipios.com\/#organization","name":"Principios","url":"https:\/\/diarioprincipios.com\/","logo":{"@type":"ImageObject","inLanguage":"es","@id":"https:\/\/diarioprincipios.com\/#\/schema\/logo\/image\/","url":"https:\/\/diarioprincipios.com\/wp-content\/uploads\/2024\/04\/cropped-www.diarioprincipios.com_-1.png","contentUrl":"https:\/\/diarioprincipios.com\/wp-content\/uploads\/2024\/04\/cropped-www.diarioprincipios.com_-1.png","width":5325,"height":1454,"caption":"Principios"},"image":{"@id":"https:\/\/diarioprincipios.com\/#\/schema\/logo\/image\/"}},{"@type":"Person","@id":"https:\/\/diarioprincipios.com\/#\/schema\/person\/436d5a1fd41a5e250e23ff5a6a7cb080","name":"Hern\u00e1n L\u00f3pez","image":{"@type":"ImageObject","inLanguage":"es","@id":"https:\/\/diarioprincipios.com\/wp-content\/litespeed\/avatar\/11ddfe5610ff3bd100522525b2571f48.jpg?ver=1777048341","url":"https:\/\/diarioprincipios.com\/wp-content\/litespeed\/avatar\/11ddfe5610ff3bd100522525b2571f48.jpg?ver=1777048341","contentUrl":"https:\/\/diarioprincipios.com\/wp-content\/litespeed\/avatar\/11ddfe5610ff3bd100522525b2571f48.jpg?ver=1777048341","caption":"Hern\u00e1n L\u00f3pez"},"url":"https:\/\/diarioprincipios.com\/index.php\/author\/hernan\/"}]}},"jetpack_featured_media_url":"https:\/\/diarioprincipios.com\/wp-content\/uploads\/2020\/10\/20201019_103603.jpg","_links":{"self":[{"href":"https:\/\/diarioprincipios.com\/index.php\/wp-json\/wp\/v2\/posts\/6280","targetHints":{"allow":["GET"]}}],"collection":[{"href":"https:\/\/diarioprincipios.com\/index.php\/wp-json\/wp\/v2\/posts"}],"about":[{"href":"https:\/\/diarioprincipios.com\/index.php\/wp-json\/wp\/v2\/types\/post"}],"author":[{"embeddable":true,"href":"https:\/\/diarioprincipios.com\/index.php\/wp-json\/wp\/v2\/users\/2"}],"replies":[{"embeddable":true,"href":"https:\/\/diarioprincipios.com\/index.php\/wp-json\/wp\/v2\/comments?post=6280"}],"version-history":[{"count":2,"href":"https:\/\/diarioprincipios.com\/index.php\/wp-json\/wp\/v2\/posts\/6280\/revisions"}],"predecessor-version":[{"id":6285,"href":"https:\/\/diarioprincipios.com\/index.php\/wp-json\/wp\/v2\/posts\/6280\/revisions\/6285"}],"wp:featuredmedia":[{"embeddable":true,"href":"https:\/\/diarioprincipios.com\/index.php\/wp-json\/wp\/v2\/media\/6284"}],"wp:attachment":[{"href":"https:\/\/diarioprincipios.com\/index.php\/wp-json\/wp\/v2\/media?parent=6280"}],"wp:term":[{"taxonomy":"category","embeddable":true,"href":"https:\/\/diarioprincipios.com\/index.php\/wp-json\/wp\/v2\/categories?post=6280"},{"taxonomy":"post_tag","embeddable":true,"href":"https:\/\/diarioprincipios.com\/index.php\/wp-json\/wp\/v2\/tags?post=6280"}],"curies":[{"name":"wp","href":"https:\/\/api.w.org\/{rel}","templated":true}]}}